{"id":31043,"date":"2023-02-24T12:46:50","date_gmt":"2023-02-24T10:46:50","guid":{"rendered":"http:\/\/just-now.news\/de\/deutschland\/mexikos-praesident-lopez-obrador-verstaatlicht-die-lithium-vorkommen-seines-landes\/"},"modified":"2023-02-24T12:46:50","modified_gmt":"2023-02-24T10:46:50","slug":"mexikos-praesident-lopez-obrador-verstaatlicht-die-lithium-vorkommen-seines-landes","status":"publish","type":"post","link":"https:\/\/now-news.de\/de\/deutschland\/mexikos-praesident-lopez-obrador-verstaatlicht-die-lithium-vorkommen-seines-landes\/","title":{"rendered":"Mexikos Pr\u00e4sident L\u00f3pez Obrador verstaatlicht die Lithium-Vorkommen seines Landes"},"content":{"rendered":"<p><img decoding=\"async\" src=\"http:\/\/just-now.news\/de\/wp-content\/uploads\/sites\/3\/2023\/02\/63f8948f48fbef4bc648deea.jpg\" \/><\/p>\n<div class=\"Text-root Text-type_1 \">\n                L\u00f3pez Obrador setzt die Politik der Verstaatlichung der mexikanischen Energie-Ressourcen fort. Damit verfolgt er weiterhin eines der wichtigsten politischen Ziele seiner Regierung: Die Verf\u00fcgungsgewalt \u00fcber die Bodensch\u00e4tze soll dem mexikanischen Staat und seiner Bev\u00f6lkerung geh\u00f6ren.\n            <\/div>\n<p><\/p>\n<div class=\"Text-root Text-type_5 ArticleView-text ViewText-root \">\n<p><strong><\/strong><em>Von Maria M\u00fcller<\/em><\/p>\n<p>In seiner Rede\u00a0zum Regierungserlass vom 18. Februar sagte der mexikanische Pr\u00e4sident, Andr\u00e9s Manuel L\u00f3pez Obrador (auch bekannt als AMLO):<\/p>\n<blockquote>\n<p><em>&#8220;<a rel=\"nofollow noopener\" target=\"_blank\" href=\"https:\/\/www.rumbominero.com\/mexico\/amlo-nacionaliza-el-litio\/\">Erd\u00f6l und Lithium<\/a> geh\u00f6ren der Nation, sie geh\u00f6ren den Menschen Mexikos, sie geh\u00f6ren allen, die in der Region Sonora leben.&#8221;<\/em><\/p>\n<\/blockquote>\n<p>Der Pr\u00e4sident deklarierte zudem 234.855 Hektar im n\u00f6rdlichen Bundesstaat Sonora, nahe der Grenze zu den Vereinigten Staaten, zur Lithium-Reservezone.<\/p>\n<p>Mexiko besitzt ein gro\u00dfes Lithiumvorkommen. Das Material ist f\u00fcr die Herstellung von Batterien\u00a0f\u00fcr\u00a0Elektrofahrzeuge und zahlreiche Technologien unentbehrlich.\u00a0Laut Informationen der Regierung des Bundesstaates Sonora k\u00f6nnen dort 1,166 Millionen Tonnen metallisches Lithium aus 8,83 Millionen Tonnen Lithium-Karbonat\u00a0hergestellt werden. Der gesch\u00e4tzte Wert des Vorkommens soll sich auf 600 Milliarden US-Dollar betragen\u00a0\u2013 fast die H\u00e4lfte des j\u00e4hrlichen Brutto-Inlands-Produktes Mexikos.<\/p>\n<h4><strong><\/strong>Eine staatliche Lithium-Firma<\/h4>\n<p>Eine eigens zu diesem Zweck geschaffene staatliche Lithium-Firma namens <em>LitioMx <\/em>hat die Aufgabe, die geologischen Untersuchungen sowie das Gewinnen und Verarbeiten des Minerals zu kontrollieren und dabei den gr\u00f6\u00dftm\u00f6glichen Nutzen f\u00fcr die B\u00fcrger sicherzustellen. Auch das mexikanische Sekretariat f\u00fcr Energiewirtschaft ist f\u00fcr die umfassenden Reserven mitverantwortlich.<\/p>\n<p>Grunds\u00e4tzlich werden in der Lithium-Frage die gleichen Kriterien angewendet wie beim mexikanischen Erd\u00f6l: Der Staat hat die Aktienmehrheit und versucht, die Rohprodukte durch eine industrielle Verarbeitung in wertvollere Exportg\u00fcter zu verwandeln. Im Falle des Roh\u00f6ls und nun des Lithiums soll der Staat mindestens 54 Prozent der Gesch\u00e4ftsanteile besitzen, w\u00e4hrend ausl\u00e4ndische Konzerne mit h\u00f6chstens 46 Prozent auf Platz zwei verwiesen werden.<\/p>\n<p>Allerdings versicherte der Pr\u00e4sident, dass Privatfirmen durchaus ihre Rolle spielen werden, da die <a rel=\"nofollow noopener\" target=\"_blank\" href=\"https:\/\/www.bnamericas.com\/es\/reportajes\/litio-una-oportunidad-de-us600000mn-para-mexico\">Staatsfirma <em>LitioMx<\/em><\/a> sich mit privaten Partnern zusammenschlie\u00dfen kann, um den komplexen Anforderungen gerecht zu werden. Bis zu welchem Punkt ausl\u00e4ndisches Kapital und Technologien ben\u00f6tigt werden und das geplante Schema sprengen k\u00f6nnten, wird sich erst in der Entwicklung zeigen.<\/p>\n<h4>Modell gegen die Ausbeutung<\/h4>\n<p>Mit diesem Modell wendet sich L\u00f3pez Obrador gegen die Ausbeutung der mexikanischen Bodensch\u00e4tze durch ausl\u00e4ndische Konzerne, die dem Land seit langem ihre Interessen aufgezwungen haben.<\/p>\n<p>\u00c4hnliche Strategien werden seit Jahrzehnten in Lateinamerika diskutiert, und mit mehr oder weniger Erfolg auch praktiziert. Vor allem die progressiven Regierungen bem\u00fchen sich seit langem, dem reinen &#8220;Extractivismo&#8221; der Bodensch\u00e4tze ein eigenes, auf den \u00f6rtlichen Ressourcen aufbauendes Industrialisierungsmodell entgegenzusetzen.<\/p>\n<p>Bereits im April 2022 hatte das mexikanische Parlament den Weg f\u00fcr eine entsprechende \u00c4nderung des Gesetzes zur F\u00f6rderung von Bodensch\u00e4tzen freigegeben. Damals erkl\u00e4rte der Staatschef:<\/p>\n<blockquote>\n<p><em>&#8220;Lithium wird als gemeinn\u00fctzig deklariert, daher werden diesbez\u00fcglich keine Konzessionen, Lizenzen, Vertr\u00e4ge oder Genehmigungen erteilt. Diejenigen Gebiete, in denen es Lithiumvorkommen gibt, werden als Bergbaureservegebiete betrachtet.&#8221;<\/em><\/p>\n<\/blockquote>\n<p><a rel=\"nofollow noopener\" target=\"_blank\" href=\"https:\/\/test.rtde.tech\/amerika\/136361-mexiko-referendum-fuer-lopez-obrador\/\"><\/a>AMLO f\u00f6rdert Pl\u00e4ne zur Errichtung eines Industriezentrums f\u00fcr erneuerbare Energien im Bundesstaat Sonora, mit dem Ziel, die Produktion von Elektrofahrzeugen in Mexiko anzukurbeln. Man will die Solarenergie aus dem Projekt &#8220;Puerto Pe\u00f1asco&#8221; und das im Bundesstaat produzierte Lithium zusammen\u00a0nutzen, um sich im Bereich der umweltschonenden Technologien eine gute Position zu sichern.<\/p>\n<h4><strong><\/strong>Solarstrom f\u00fcr die Produktion von Lithium<\/h4>\n<p>Die riesige Anlage f\u00fcr Solarzellen in Puerto Pe\u00f1asco\/ Sonora erstreckt sich in einer w\u00fcstenartigen Ebene \u00fcber 2.000 Hektar. Das staatliche Elektrizit\u00e4tsunternehmen CFE begann vor einem Jahr mit dem Bau des <a rel=\"nofollow noopener\" target=\"_blank\" href=\"https:\/\/www.forbes.com.mx\/politica-amlo-energias-limpias-planta-solar-puerto-penasco-durazo\/\">Photovoltaik-Kraftwerks<\/a> Phase I, mit einer installierten Leistung von 420 MW Wechselstrom. In einer ersten Phase sollen 120 MW geliefert werden und in der zweiten 300 MW. Ende 2023 soll die Anlage dann vollst\u00e4ndig arbeiten und eine drei\u00dfigj\u00e4hrige Laufzeit haben.<\/p>\n<p>Etwa ein Dutzend ausl\u00e4ndischer Unternehmen verf\u00fcgen heute in Mexiko \u00fcber aktive Bergbaukonzessionen, um potenzielle Lithiumvorkommen zu erschlie\u00dfen. Nun besteht der Pr\u00e4sident darauf, alle Vertr\u00e4ge juristisch zu \u00fcberpr\u00fcfen, wobei bereits bestehende Abkommen respektiert werden sollen.<\/p>\n<p>Zus\u00e4tzlich zu diesen Konzessionen in privater Hand laufen derzeit vier Bergbauauftr\u00e4ge unter der Verantwortung des Mexikanischen Geologischen Dienstes (SGM) zur Durchf\u00fchrung von Explorationsarbeiten als Teil der Strategie der mexikanischen Regierung, die Kontrolle \u00fcber diese Lagerst\u00e4tten zu behalten.<\/p>\n<h4><strong><\/strong>Chinesisches\u00a0Unternehmen gr\u00f6\u00dfter Lithium-Produzent<\/h4>\n<p>Allerdings sind erst drei Firmen bei der Lithiumf\u00f6rderung vorangekommen. Allen voran der chinesische Konzern <em><a rel=\"nofollow noopener\" target=\"_blank\" href=\"https:\/\/expansion.mx\/empresas\/2022\/04\/18\/yacimientos-litio-mexico-concesiones-empresas\">Ganfeng Lithium<\/a><\/em>, der weltweit die gr\u00f6\u00dfte Menge an Lithium produziert und vertreibt, und viel\u00a0technische Erfahrung in das Projekt einbringen kann. Die anderen beiden Lithium-Vorreiter sind die kanadischen Firmen One World Lithium und Organimax Nutrient Corp.<\/p>\n<p>Die Vereinigten Staaten sind heute v\u00f6llig abh\u00e4ngig von ausl\u00e4ndischen M\u00e4rkten f\u00fcr Lithiumcarbonat und industrialisiertes Lithium. Obwohl bis vor der Pandemie 90 Prozent ihrer Lithiumimporte aus Argentinien und Chile stammten, k\u00f6nnte Mexiko heute aufgrund seiner geografischen N\u00e4he zu einem unmittelbaren Lieferanten der USA werden.<\/p>\n<p>Dar\u00fcber hinaus weist das neue Handelsabkommen (T-MEC) zwischen den Regierungen von Mexiko, den Vereinigten Staaten und Kanada darauf hin, dass Lithiumbatterien eine &#8220;wesentliche&#8221; Komponente f\u00fcr die regionale Automobilindustrie sind.<\/p>\n<h4>Elektroautos sind nur bedingt umweltfreundlich<\/h4>\n<p>Es darf nicht unerw\u00e4hnt bleiben, dass Elektrofahrzeuge mit Lithiumbatterien nur dann umweltfreundlich sind, wenn in einem Land nat\u00fcrliche Energiequellen (Wind, Wasser, Solarbestrahlung, Erdw\u00e4rme, Gas usw.) ausreichend vorhanden sind, um damit den Elektrizit\u00e4tsbedarf der Bev\u00f6lkerung insgesamt zu decken. Gro\u00dfformatige Lithiumbatterien sollen die Unbest\u00e4ndigkeit von Wind- und Sonnenenergie durch ihre Lagerkapazit\u00e4ten ausgleichen k\u00f6nnen und w\u00e4ren vielleicht ein notwendiges Zusatzelement in solchen Systemen. Doch auch die Lithiumf\u00f6rderung selbst erzeugt unter bestimmten geologischen Bedingungen durch die Abbauverfahren Umweltsch\u00e4den, vor allem aufgrund eines extrem hohen Wasserverbrauchs.<\/p>\n<p><strong>Mehr zum Thema<\/strong>\u00a0&#8211;\u00a0<a rel=\"nofollow noopener\" target=\"_blank\" href=\"https:\/\/test.rtde.live\/amerika\/134465-mexikos-prasident-erinnert-usa-an-migrationskrise-in-mittelamerika\/\">Mexikos Pr\u00e4sident weist mit Blick auf US-Hilfe f\u00fcr Ukraine auf Fl\u00fcchtlingskrise in Mittelamerika hin<\/a><\/p>\n<\/p>\n<\/div>\n<p><br \/>\n<br \/><a href=\"https:\/\/de.rt.com\/amerika\/163767-mexikos-praesident-lopez-obrador-verstaatlicht\/\">Source link <\/a><\/p>\n","protected":false},"excerpt":{"rendered":"<p>L\u00f3pez Obrador setzt die Politik der Verstaatlichung der mexikanischen Energie-Ressourcen fort. Damit verfolgt er weiterhin eines der wichtigsten politischen Ziele seiner Regierung: Die Verf\u00fcgungsgewalt \u00fcber die Bodensch\u00e4tze soll dem mexikanischen Staat und seiner Bev\u00f6lkerung geh\u00f6ren. Von Maria M\u00fcller In seiner Rede\u00a0zum Regierungserlass vom 18. Februar sagte der mexikanische Pr\u00e4sident, Andr\u00e9s Manuel L\u00f3pez Obrador (auch bekannt [&hellip;]<\/p>\n","protected":false},"author":3,"featured_media":31044,"comment_status":"open","ping_status":"open","sticky":false,"template":"","format":"standard","meta":{"_yoast_indexnow_last_ping":["1677235675"],"wp_automatic_camp":["217"],"95c083ee9c0b707f53d38709bb9f9dbc":["Mexikos Pr\u00e4sident L\u00f3pez Obrador verstaatlicht die Lithium-Vorkommen seines Landes"],"original_link":["https:\/\/de.rt.com\/amerika\/163767-mexikos-praesident-lopez-obrador-verstaatlicht\/"],"_thumbnail_id":["31044"],"_wptgpro_p2tg_sent2tg":["a:1:{i:23737;s:19:\"2023-02-24 12:49:07\";}"],"jnews_social_counter_last_update":["1777594711"]},"categories":[19,23],"tags":[45,1725,41210,545,19721,546,3464,841,20397],"yoast_head":"<!-- This site is optimized with the Yoast SEO Premium plugin v22.7 (Yoast SEO v22.7) - https:\/\/yoast.com\/wordpress\/plugins\/seo\/ -->\n<title>Mexikos Pr\u00e4sident L\u00f3pez Obrador verstaatlicht die Lithium-Vorkommen seines Landes - just-now.NEWS Deutschland<\/title>\n<meta name=\"robots\" content=\"index, follow, max-snippet:-1, max-image-preview:large, max-video-preview:-1\" \/>\n<link rel=\"canonical\" href=\"https:\/\/now-news.de\/de\/deutschland\/mexikos-praesident-lopez-obrador-verstaatlicht-die-lithium-vorkommen-seines-landes\/\" \/>\n<meta property=\"og:locale\" content=\"de_DE\" \/>\n<meta property=\"og:type\" content=\"article\" \/>\n<meta property=\"og:title\" content=\"Mexikos Pr\u00e4sident L\u00f3pez Obrador verstaatlicht die Lithium-Vorkommen seines Landes\" \/>\n<meta property=\"og:description\" content=\"L\u00f3pez Obrador setzt die Politik der Verstaatlichung der mexikanischen Energie-Ressourcen fort. Damit verfolgt er weiterhin eines der wichtigsten politischen Ziele seiner Regierung: Die Verf\u00fcgungsgewalt \u00fcber die Bodensch\u00e4tze soll dem mexikanischen Staat und seiner Bev\u00f6lkerung geh\u00f6ren. Von Maria M\u00fcller In seiner Rede\u00a0zum Regierungserlass vom 18. Februar sagte der mexikanische Pr\u00e4sident, Andr\u00e9s Manuel L\u00f3pez Obrador (auch bekannt [&hellip;]\" \/>\n<meta property=\"og:url\" content=\"https:\/\/now-news.de\/de\/deutschland\/mexikos-praesident-lopez-obrador-verstaatlicht-die-lithium-vorkommen-seines-landes\/\" \/>\n<meta property=\"og:site_name\" content=\"just-now.NEWS Deutschland\" \/>\n<meta property=\"article:publisher\" content=\"https:\/\/www.facebook.com\/wirmachenauf\" \/>\n<meta property=\"article:published_time\" content=\"2023-02-24T10:46:50+00:00\" \/>\n<meta property=\"og:image\" content=\"https:\/\/now-news.de\/de\/wp-content\/uploads\/sites\/3\/2023\/02\/Mexikos-Praesident-Lopez-Obrador-verstaatlicht-die-Lithium-Vorkommen-seines-Landes.jpg\" \/>\n\t<meta property=\"og:image:width\" content=\"460\" \/>\n\t<meta property=\"og:image:height\" content=\"259\" \/>\n\t<meta property=\"og:image:type\" content=\"image\/jpeg\" \/>\n<meta name=\"author\" content=\"rtnews\" \/>\n<meta name=\"twitter:card\" content=\"summary_large_image\" \/>\n<meta name=\"twitter:creator\" content=\"@WirMachenAuf_de\" \/>\n<meta name=\"twitter:site\" content=\"@WirMachenAuf_de\" \/>\n<meta name=\"twitter:label1\" content=\"Verfasst von\" \/>\n\t<meta name=\"twitter:data1\" content=\"rtnews\" \/>\n\t<meta name=\"twitter:label2\" content=\"Gesch\u00e4tzte Lesezeit\" \/>\n\t<meta name=\"twitter:data2\" content=\"5\u00a0Minuten\" \/>\n<script type=\"application\/ld+json\" class=\"yoast-schema-graph\">{\"@context\":\"https:\/\/schema.org\",\"@graph\":[{\"@type\":\"Article\",\"@id\":\"https:\/\/now-news.de\/de\/deutschland\/mexikos-praesident-lopez-obrador-verstaatlicht-die-lithium-vorkommen-seines-landes\/#article\",\"isPartOf\":{\"@id\":\"https:\/\/now-news.de\/de\/deutschland\/mexikos-praesident-lopez-obrador-verstaatlicht-die-lithium-vorkommen-seines-landes\/\"},\"author\":{\"name\":\"rtnews\",\"@id\":\"https:\/\/now-news.de\/de\/#\/schema\/person\/fb534a4e865501d8b3285208df34a9b5\"},\"headline\":\"Mexikos Pr\u00e4sident L\u00f3pez Obrador verstaatlicht die Lithium-Vorkommen seines Landes\",\"datePublished\":\"2023-02-24T10:46:50+00:00\",\"dateModified\":\"2023-02-24T10:46:50+00:00\",\"mainEntityOfPage\":{\"@id\":\"https:\/\/now-news.de\/de\/deutschland\/mexikos-praesident-lopez-obrador-verstaatlicht-die-lithium-vorkommen-seines-landes\/\"},\"wordCount\":965,\"commentCount\":0,\"publisher\":{\"@id\":\"https:\/\/now-news.de\/de\/#organization\"},\"image\":{\"@id\":\"https:\/\/now-news.de\/de\/deutschland\/mexikos-praesident-lopez-obrador-verstaatlicht-die-lithium-vorkommen-seines-landes\/#primaryimage\"},\"thumbnailUrl\":\"https:\/\/now-news.de\/de\/wp-content\/uploads\/sites\/3\/2023\/02\/Mexikos-Praesident-Lopez-Obrador-verstaatlicht-die-Lithium-Vorkommen-seines-Landes.jpg\",\"keywords\":[\"die\",\"Landes\",\"LithiumVorkommen\",\"L\u00f3pez\",\"Mexikos\",\"Obrador\",\"Pr\u00e4sident\",\"seines\",\"verstaatlicht\"],\"articleSection\":[\"Deutschland\",\"Russland\"],\"inLanguage\":\"de\",\"potentialAction\":[{\"@type\":\"CommentAction\",\"name\":\"Comment\",\"target\":[\"https:\/\/now-news.de\/de\/deutschland\/mexikos-praesident-lopez-obrador-verstaatlicht-die-lithium-vorkommen-seines-landes\/#respond\"]}]},{\"@type\":\"WebPage\",\"@id\":\"https:\/\/now-news.de\/de\/deutschland\/mexikos-praesident-lopez-obrador-verstaatlicht-die-lithium-vorkommen-seines-landes\/\",\"url\":\"https:\/\/now-news.de\/de\/deutschland\/mexikos-praesident-lopez-obrador-verstaatlicht-die-lithium-vorkommen-seines-landes\/\",\"name\":\"Mexikos Pr\u00e4sident L\u00f3pez Obrador verstaatlicht die Lithium-Vorkommen seines Landes - just-now.NEWS Deutschland\",\"isPartOf\":{\"@id\":\"https:\/\/now-news.de\/de\/#website\"},\"primaryImageOfPage\":{\"@id\":\"https:\/\/now-news.de\/de\/deutschland\/mexikos-praesident-lopez-obrador-verstaatlicht-die-lithium-vorkommen-seines-landes\/#primaryimage\"},\"image\":{\"@id\":\"https:\/\/now-news.de\/de\/deutschland\/mexikos-praesident-lopez-obrador-verstaatlicht-die-lithium-vorkommen-seines-landes\/#primaryimage\"},\"thumbnailUrl\":\"https:\/\/now-news.de\/de\/wp-content\/uploads\/sites\/3\/2023\/02\/Mexikos-Praesident-Lopez-Obrador-verstaatlicht-die-Lithium-Vorkommen-seines-Landes.jpg\",\"datePublished\":\"2023-02-24T10:46:50+00:00\",\"dateModified\":\"2023-02-24T10:46:50+00:00\",\"breadcrumb\":{\"@id\":\"https:\/\/now-news.de\/de\/deutschland\/mexikos-praesident-lopez-obrador-verstaatlicht-die-lithium-vorkommen-seines-landes\/#breadcrumb\"},\"inLanguage\":\"de\",\"potentialAction\":[{\"@type\":\"ReadAction\",\"target\":[\"https:\/\/now-news.de\/de\/deutschland\/mexikos-praesident-lopez-obrador-verstaatlicht-die-lithium-vorkommen-seines-landes\/\"]}]},{\"@type\":\"ImageObject\",\"inLanguage\":\"de\",\"@id\":\"https:\/\/now-news.de\/de\/deutschland\/mexikos-praesident-lopez-obrador-verstaatlicht-die-lithium-vorkommen-seines-landes\/#primaryimage\",\"url\":\"https:\/\/now-news.de\/de\/wp-content\/uploads\/sites\/3\/2023\/02\/Mexikos-Praesident-Lopez-Obrador-verstaatlicht-die-Lithium-Vorkommen-seines-Landes.jpg\",\"contentUrl\":\"https:\/\/now-news.de\/de\/wp-content\/uploads\/sites\/3\/2023\/02\/Mexikos-Praesident-Lopez-Obrador-verstaatlicht-die-Lithium-Vorkommen-seines-Landes.jpg\",\"width\":460,\"height\":259,\"caption\":\"Mexikos Pr\u00e4sident L\u00f3pez Obrador verstaatlicht die Lithium-Vorkommen seines Landes\"},{\"@type\":\"BreadcrumbList\",\"@id\":\"https:\/\/now-news.de\/de\/deutschland\/mexikos-praesident-lopez-obrador-verstaatlicht-die-lithium-vorkommen-seines-landes\/#breadcrumb\",\"itemListElement\":[{\"@type\":\"ListItem\",\"position\":1,\"name\":\"Home\",\"item\":\"https:\/\/now-news.de\/de\/\"},{\"@type\":\"ListItem\",\"position\":2,\"name\":\"Mexikos Pr\u00e4sident L\u00f3pez Obrador verstaatlicht die Lithium-Vorkommen seines Landes\"}]},{\"@type\":\"WebSite\",\"@id\":\"https:\/\/now-news.de\/de\/#website\",\"url\":\"https:\/\/now-news.de\/de\/\",\"name\":\"just-now.NEWS Deutschland\",\"description\":\"Das Portal f\u00fcr unzensierte Nachrichten aus der Welt\",\"publisher\":{\"@id\":\"https:\/\/now-news.de\/de\/#organization\"},\"potentialAction\":[{\"@type\":\"SearchAction\",\"target\":{\"@type\":\"EntryPoint\",\"urlTemplate\":\"https:\/\/now-news.de\/de\/?s={search_term_string}\"},\"query-input\":\"required name=search_term_string\"}],\"inLanguage\":\"de\"},{\"@type\":\"Organization\",\"@id\":\"https:\/\/now-news.de\/de\/#organization\",\"name\":\"Just Now News\",\"url\":\"https:\/\/now-news.de\/de\/\",\"logo\":{\"@type\":\"ImageObject\",\"inLanguage\":\"de\",\"@id\":\"https:\/\/now-news.de\/de\/#\/schema\/logo\/image\/\",\"url\":\"http:\/\/just-now.news\/de\/wp-content\/uploads\/sites\/3\/2022\/04\/logo500x500.jpg\",\"contentUrl\":\"http:\/\/just-now.news\/de\/wp-content\/uploads\/sites\/3\/2022\/04\/logo500x500.jpg\",\"width\":500,\"height\":500,\"caption\":\"Just Now News\"},\"image\":{\"@id\":\"https:\/\/now-news.de\/de\/#\/schema\/logo\/image\/\"},\"sameAs\":[\"https:\/\/www.facebook.com\/wirmachenauf\",\"https:\/\/x.com\/WirMachenAuf_de\"]},{\"@type\":\"Person\",\"@id\":\"https:\/\/now-news.de\/de\/#\/schema\/person\/fb534a4e865501d8b3285208df34a9b5\",\"name\":\"rtnews\",\"image\":{\"@type\":\"ImageObject\",\"inLanguage\":\"de\",\"@id\":\"https:\/\/now-news.de\/de\/#\/schema\/person\/image\/\",\"url\":\"https:\/\/secure.gravatar.com\/avatar\/82aafea7d8127119dd649515f56e2117?s=96&d=mm&r=g\",\"contentUrl\":\"https:\/\/secure.gravatar.com\/avatar\/82aafea7d8127119dd649515f56e2117?s=96&d=mm&r=g\",\"caption\":\"rtnews\"},\"url\":\"https:\/\/now-news.de\/de\/author\/rnews\/\"}]}<\/script>\n<!-- \/ Yoast SEO Premium plugin. -->","yoast_head_json":{"title":"Mexikos Pr\u00e4sident L\u00f3pez Obrador verstaatlicht die Lithium-Vorkommen seines Landes - just-now.NEWS Deutschland","robots":{"index":"index","follow":"follow","max-snippet":"max-snippet:-1","max-image-preview":"max-image-preview:large","max-video-preview":"max-video-preview:-1"},"canonical":"https:\/\/now-news.de\/de\/deutschland\/mexikos-praesident-lopez-obrador-verstaatlicht-die-lithium-vorkommen-seines-landes\/","og_locale":"de_DE","og_type":"article","og_title":"Mexikos Pr\u00e4sident L\u00f3pez Obrador verstaatlicht die Lithium-Vorkommen seines Landes","og_description":"L\u00f3pez Obrador setzt die Politik der Verstaatlichung der mexikanischen Energie-Ressourcen fort. Damit verfolgt er weiterhin eines der wichtigsten politischen Ziele seiner Regierung: Die Verf\u00fcgungsgewalt \u00fcber die Bodensch\u00e4tze soll dem mexikanischen Staat und seiner Bev\u00f6lkerung geh\u00f6ren. Von Maria M\u00fcller In seiner Rede\u00a0zum Regierungserlass vom 18. Februar sagte der mexikanische Pr\u00e4sident, Andr\u00e9s Manuel L\u00f3pez Obrador (auch bekannt [&hellip;]","og_url":"https:\/\/now-news.de\/de\/deutschland\/mexikos-praesident-lopez-obrador-verstaatlicht-die-lithium-vorkommen-seines-landes\/","og_site_name":"just-now.NEWS Deutschland","article_publisher":"https:\/\/www.facebook.com\/wirmachenauf","article_published_time":"2023-02-24T10:46:50+00:00","og_image":[{"width":460,"height":259,"url":"https:\/\/now-news.de\/de\/wp-content\/uploads\/sites\/3\/2023\/02\/Mexikos-Praesident-Lopez-Obrador-verstaatlicht-die-Lithium-Vorkommen-seines-Landes.jpg","type":"image\/jpeg"}],"author":"rtnews","twitter_card":"summary_large_image","twitter_creator":"@WirMachenAuf_de","twitter_site":"@WirMachenAuf_de","twitter_misc":{"Verfasst von":"rtnews","Gesch\u00e4tzte Lesezeit":"5\u00a0Minuten"},"schema":{"@context":"https:\/\/schema.org","@graph":[{"@type":"Article","@id":"https:\/\/now-news.de\/de\/deutschland\/mexikos-praesident-lopez-obrador-verstaatlicht-die-lithium-vorkommen-seines-landes\/#article","isPartOf":{"@id":"https:\/\/now-news.de\/de\/deutschland\/mexikos-praesident-lopez-obrador-verstaatlicht-die-lithium-vorkommen-seines-landes\/"},"author":{"name":"rtnews","@id":"https:\/\/now-news.de\/de\/#\/schema\/person\/fb534a4e865501d8b3285208df34a9b5"},"headline":"Mexikos Pr\u00e4sident L\u00f3pez Obrador verstaatlicht die Lithium-Vorkommen seines Landes","datePublished":"2023-02-24T10:46:50+00:00","dateModified":"2023-02-24T10:46:50+00:00","mainEntityOfPage":{"@id":"https:\/\/now-news.de\/de\/deutschland\/mexikos-praesident-lopez-obrador-verstaatlicht-die-lithium-vorkommen-seines-landes\/"},"wordCount":965,"commentCount":0,"publisher":{"@id":"https:\/\/now-news.de\/de\/#organization"},"image":{"@id":"https:\/\/now-news.de\/de\/deutschland\/mexikos-praesident-lopez-obrador-verstaatlicht-die-lithium-vorkommen-seines-landes\/#primaryimage"},"thumbnailUrl":"https:\/\/now-news.de\/de\/wp-content\/uploads\/sites\/3\/2023\/02\/Mexikos-Praesident-Lopez-Obrador-verstaatlicht-die-Lithium-Vorkommen-seines-Landes.jpg","keywords":["die","Landes","LithiumVorkommen","L\u00f3pez","Mexikos","Obrador","Pr\u00e4sident","seines","verstaatlicht"],"articleSection":["Deutschland","Russland"],"inLanguage":"de","potentialAction":[{"@type":"CommentAction","name":"Comment","target":["https:\/\/now-news.de\/de\/deutschland\/mexikos-praesident-lopez-obrador-verstaatlicht-die-lithium-vorkommen-seines-landes\/#respond"]}]},{"@type":"WebPage","@id":"https:\/\/now-news.de\/de\/deutschland\/mexikos-praesident-lopez-obrador-verstaatlicht-die-lithium-vorkommen-seines-landes\/","url":"https:\/\/now-news.de\/de\/deutschland\/mexikos-praesident-lopez-obrador-verstaatlicht-die-lithium-vorkommen-seines-landes\/","name":"Mexikos Pr\u00e4sident L\u00f3pez Obrador verstaatlicht die Lithium-Vorkommen seines Landes - just-now.NEWS Deutschland","isPartOf":{"@id":"https:\/\/now-news.de\/de\/#website"},"primaryImageOfPage":{"@id":"https:\/\/now-news.de\/de\/deutschland\/mexikos-praesident-lopez-obrador-verstaatlicht-die-lithium-vorkommen-seines-landes\/#primaryimage"},"image":{"@id":"https:\/\/now-news.de\/de\/deutschland\/mexikos-praesident-lopez-obrador-verstaatlicht-die-lithium-vorkommen-seines-landes\/#primaryimage"},"thumbnailUrl":"https:\/\/now-news.de\/de\/wp-content\/uploads\/sites\/3\/2023\/02\/Mexikos-Praesident-Lopez-Obrador-verstaatlicht-die-Lithium-Vorkommen-seines-Landes.jpg","datePublished":"2023-02-24T10:46:50+00:00","dateModified":"2023-02-24T10:46:50+00:00","breadcrumb":{"@id":"https:\/\/now-news.de\/de\/deutschland\/mexikos-praesident-lopez-obrador-verstaatlicht-die-lithium-vorkommen-seines-landes\/#breadcrumb"},"inLanguage":"de","potentialAction":[{"@type":"ReadAction","target":["https:\/\/now-news.de\/de\/deutschland\/mexikos-praesident-lopez-obrador-verstaatlicht-die-lithium-vorkommen-seines-landes\/"]}]},{"@type":"ImageObject","inLanguage":"de","@id":"https:\/\/now-news.de\/de\/deutschland\/mexikos-praesident-lopez-obrador-verstaatlicht-die-lithium-vorkommen-seines-landes\/#primaryimage","url":"https:\/\/now-news.de\/de\/wp-content\/uploads\/sites\/3\/2023\/02\/Mexikos-Praesident-Lopez-Obrador-verstaatlicht-die-Lithium-Vorkommen-seines-Landes.jpg","contentUrl":"https:\/\/now-news.de\/de\/wp-content\/uploads\/sites\/3\/2023\/02\/Mexikos-Praesident-Lopez-Obrador-verstaatlicht-die-Lithium-Vorkommen-seines-Landes.jpg","width":460,"height":259,"caption":"Mexikos Pr\u00e4sident L\u00f3pez Obrador verstaatlicht die Lithium-Vorkommen seines Landes"},{"@type":"BreadcrumbList","@id":"https:\/\/now-news.de\/de\/deutschland\/mexikos-praesident-lopez-obrador-verstaatlicht-die-lithium-vorkommen-seines-landes\/#breadcrumb","itemListElement":[{"@type":"ListItem","position":1,"name":"Home","item":"https:\/\/now-news.de\/de\/"},{"@type":"ListItem","position":2,"name":"Mexikos Pr\u00e4sident L\u00f3pez Obrador verstaatlicht die Lithium-Vorkommen seines Landes"}]},{"@type":"WebSite","@id":"https:\/\/now-news.de\/de\/#website","url":"https:\/\/now-news.de\/de\/","name":"just-now.NEWS Deutschland","description":"Das Portal f\u00fcr unzensierte Nachrichten aus der Welt","publisher":{"@id":"https:\/\/now-news.de\/de\/#organization"},"potentialAction":[{"@type":"SearchAction","target":{"@type":"EntryPoint","urlTemplate":"https:\/\/now-news.de\/de\/?s={search_term_string}"},"query-input":"required name=search_term_string"}],"inLanguage":"de"},{"@type":"Organization","@id":"https:\/\/now-news.de\/de\/#organization","name":"Just Now News","url":"https:\/\/now-news.de\/de\/","logo":{"@type":"ImageObject","inLanguage":"de","@id":"https:\/\/now-news.de\/de\/#\/schema\/logo\/image\/","url":"http:\/\/just-now.news\/de\/wp-content\/uploads\/sites\/3\/2022\/04\/logo500x500.jpg","contentUrl":"http:\/\/just-now.news\/de\/wp-content\/uploads\/sites\/3\/2022\/04\/logo500x500.jpg","width":500,"height":500,"caption":"Just Now News"},"image":{"@id":"https:\/\/now-news.de\/de\/#\/schema\/logo\/image\/"},"sameAs":["https:\/\/www.facebook.com\/wirmachenauf","https:\/\/x.com\/WirMachenAuf_de"]},{"@type":"Person","@id":"https:\/\/now-news.de\/de\/#\/schema\/person\/fb534a4e865501d8b3285208df34a9b5","name":"rtnews","image":{"@type":"ImageObject","inLanguage":"de","@id":"https:\/\/now-news.de\/de\/#\/schema\/person\/image\/","url":"https:\/\/secure.gravatar.com\/avatar\/82aafea7d8127119dd649515f56e2117?s=96&d=mm&r=g","contentUrl":"https:\/\/secure.gravatar.com\/avatar\/82aafea7d8127119dd649515f56e2117?s=96&d=mm&r=g","caption":"rtnews"},"url":"https:\/\/now-news.de\/de\/author\/rnews\/"}]}},"_links":{"self":[{"href":"https:\/\/now-news.de\/de\/wp-json\/wp\/v2\/posts\/31043"}],"collection":[{"href":"https:\/\/now-news.de\/de\/wp-json\/wp\/v2\/posts"}],"about":[{"href":"https:\/\/now-news.de\/de\/wp-json\/wp\/v2\/types\/post"}],"author":[{"embeddable":true,"href":"https:\/\/now-news.de\/de\/wp-json\/wp\/v2\/users\/3"}],"replies":[{"embeddable":true,"href":"https:\/\/now-news.de\/de\/wp-json\/wp\/v2\/comments?post=31043"}],"version-history":[{"count":0,"href":"https:\/\/now-news.de\/de\/wp-json\/wp\/v2\/posts\/31043\/revisions"}],"wp:featuredmedia":[{"embeddable":true,"href":"https:\/\/now-news.de\/de\/wp-json\/wp\/v2\/media\/31044"}],"wp:attachment":[{"href":"https:\/\/now-news.de\/de\/wp-json\/wp\/v2\/media?parent=31043"}],"wp:term":[{"taxonomy":"category","embeddable":true,"href":"https:\/\/now-news.de\/de\/wp-json\/wp\/v2\/categories?post=31043"},{"taxonomy":"post_tag","embeddable":true,"href":"https:\/\/now-news.de\/de\/wp-json\/wp\/v2\/tags?post=31043"}],"curies":[{"name":"wp","href":"https:\/\/api.w.org\/{rel}","templated":true}]}}