{"id":31024,"date":"2023-02-24T07:15:00","date_gmt":"2023-02-24T05:15:00","guid":{"rendered":"http:\/\/just-now.news\/de\/deutschland\/ungarn-macht-usa-fuer-den-niedergang-europas-verantwortlich\/"},"modified":"2023-02-24T07:15:00","modified_gmt":"2023-02-24T05:15:00","slug":"ungarn-macht-usa-fuer-den-niedergang-europas-verantwortlich","status":"publish","type":"post","link":"https:\/\/now-news.de\/de\/deutschland\/ungarn-macht-usa-fuer-den-niedergang-europas-verantwortlich\/","title":{"rendered":"Ungarn macht USA f\u00fcr den Niedergang Europas verantwortlich"},"content":{"rendered":"<p><img decoding=\"async\" src=\"http:\/\/just-now.news\/de\/wp-content\/uploads\/sites\/3\/2023\/02\/63f7c45548fbef1f294517fe.jpg\" \/><\/p>\n<div class=\"Text-root Text-type_1 \">\n                Viktor Orb\u00e1n kritisiert die Politik der Biden-Regierung im Ukraine-Konflikt als Schl\u00fcsselfaktor f\u00fcr Europas Niedergang und fordert Ungarn auf, seine eigenen Interessen zu sch\u00fctzen, indem es sich gegen Washington und Br\u00fcssel positioniert,\n            <\/div>\n<p><\/p>\n<div class=\"Text-root Text-type_5 ArticleView-text ViewText-root \">\n<p>Der ungarische Ministerpr\u00e4sident Viktor Orb\u00e1n hat laut lokalen Medien erkl\u00e4rt, dass die Politik der Regierung von US-Pr\u00e4sident Joe Biden im Ukraine-Konflikt zu einem Schl\u00fcsselfaktor f\u00fcr den Niedergang Europas geworden sei.<\/p>\n<p>Nach Angaben der Zeitung <em>Magyar Nemzet<\/em> \u00e4u\u00dferte sich Orb\u00e1n am Mittwoch in einer geschlossenen Sitzung mit Mitgliedern der regierenden rechten Fidesz-KDNP-Koalition. In der Sitzung identifizierte er Berichten zufolge die Hauptgegner des B\u00fcndnisses, zu denen &#8220;kriegsbef\u00fcrwortende internationale Interessengruppen, die aus der Biden-Administration, kriegsbef\u00fcrwortenden Br\u00fcsseler B\u00fcrokraten und kriegsbef\u00fcrwortenden Politikern bestehen&#8221;.<\/p>\n<p>In dem Bericht hei\u00dft es, Orb\u00e1n habe behauptet, dass &#8220;Europa im vergangenen Jahr geschw\u00e4cht wurde, weil die Biden-Regierung ihre Interessen in Br\u00fcssel ohne Einschr\u00e4nkungen auf Kosten der europ\u00e4ischen Interessen durchsetzt&#8221;.<\/p>\n<p>Der ungarische Ministerpr\u00e4sident soll hinzugef\u00fcgt haben, dass die Reaktion auf den Ukraine-Konflikt und &#8220;der Tsunami von Sanktionen&#8221; Europas Wirtschaft belastet haben, w\u00e4hrend die USA, die \u00fcber gen\u00fcgend billige Energie verf\u00fcgen, sich von diesen Herausforderungen ferngehalten haben.<\/p>\n<p>Orb\u00e1n fuhr fort, dass Europa in nur einem Jahr seine Unabh\u00e4ngigkeit sowie seine wirtschaftliche und milit\u00e4rische Macht verloren habe und betonte, dass Ungarn seine eigenen Interessen sch\u00fctzen m\u00fcsse, um den Sturm zu \u00fcberstehen, wie die Zeitung zitiert.<\/p>\n<p>Um dies zu erreichen, m\u00fcsse Budapest &#8220;die Pro-Friedens-Position gegen die Biden-Administration und Br\u00fcssel verteidigen&#8221;, die ungarische Wirtschaft durch die Bek\u00e4mpfung der Inflation sch\u00fctzen und sein Milit\u00e4r st\u00e4rken, unterstrich er angeblich.<\/p>\n<p>Der Premierminister soll auch erkl\u00e4rt haben, dass Budapest im Ukraine-Konflikt niemanden unterst\u00fctzt, weil es &#8220;in diesem Krieg keinen Gewinner geben kann&#8221;. Moskau k\u00f6nne aufgrund der Unterst\u00fctzung des Westens f\u00fcr Kiew nicht gewinnen, w\u00e4hrend Russland eine Atommacht sei und &#8220;eine Atommacht nicht in die Enge getrieben werden kann&#8221;, betonte er den Berichten zufolge.<\/p>\n<p>Ungarn hatte Russland und die Ukraine bei zahlreichen Gelegenheiten aufgefordert, unverz\u00fcglich einem Waffenstillstand zuzustimmen, und sich gleichzeitig wiederholt gegen die Sanktionen ausgesprochen, die der Westen gegen Moskau verh\u00e4ngt hatte. Am Sonntag behauptete Orb\u00e1n, dass die Restriktionen nicht zur Beendigung der Feindseligkeiten beigetragen, sondern stattdessen der europ\u00e4ischen Wirtschaft geschadet h\u00e4tten.<\/p>\n<p><strong>Mehr zum Thema<\/strong> \u2013\u00a0<a rel=\"nofollow noopener\" target=\"_blank\" href=\"https:\/\/de.rt.com\/meinung\/163474-karin-kneissl-verlogene-diplomatie-erreichte\/\">Karin Kneissl: Verlogene Diplomatie erreichte das Gegenteil von Vermittlung<\/a><\/p>\n<\/div>\n<p><br \/>\n<br \/><a href=\"https:\/\/de.rt.com\/europa\/163740-ungarn-macht-usa-fuer-europaeischen-niedergang-verantwortlich\/\">Source link <\/a><\/p>\n","protected":false},"excerpt":{"rendered":"<p>Viktor Orb\u00e1n kritisiert die Politik der Biden-Regierung im Ukraine-Konflikt als Schl\u00fcsselfaktor f\u00fcr Europas Niedergang und fordert Ungarn auf, seine eigenen Interessen zu sch\u00fctzen, indem es sich gegen Washington und Br\u00fcssel positioniert, Der ungarische Ministerpr\u00e4sident Viktor Orb\u00e1n hat laut lokalen Medien erkl\u00e4rt, dass die Politik der Regierung von US-Pr\u00e4sident Joe Biden im Ukraine-Konflikt zu einem Schl\u00fcsselfaktor [&hellip;]<\/p>\n","protected":false},"author":3,"featured_media":31025,"comment_status":"open","ping_status":"open","sticky":false,"template":"","format":"standard","meta":{"_yoast_indexnow_last_ping":["1677216487"],"wp_automatic_camp":["217"],"6f515b5bdcd0aef6d1fe254938885875":["Ungarn macht USA f\u00fcr den Niedergang Europas verantwortlich"],"original_link":["https:\/\/de.rt.com\/europa\/163740-ungarn-macht-usa-fuer-europaeischen-niedergang-verantwortlich\/"],"_thumbnail_id":["31025"],"_wptgpro_p2tg_sent2tg":["a:1:{i:23737;s:19:\"2023-02-24 07:29:08\";}"],"jnews_social_counter_last_update":["1777574561"]},"categories":[19,23],"tags":[48,1293,221,4847,25288,11664,193,20199],"yoast_head":"<!-- This site is optimized with the Yoast SEO Premium plugin v22.7 (Yoast SEO v22.7) - https:\/\/yoast.com\/wordpress\/plugins\/seo\/ -->\n<title>Ungarn macht USA f\u00fcr den Niedergang Europas verantwortlich - just-now.NEWS Deutschland<\/title>\n<meta name=\"robots\" content=\"index, follow, max-snippet:-1, max-image-preview:large, max-video-preview:-1\" \/>\n<link rel=\"canonical\" href=\"https:\/\/now-news.de\/de\/deutschland\/ungarn-macht-usa-fuer-den-niedergang-europas-verantwortlich\/\" \/>\n<meta property=\"og:locale\" content=\"de_DE\" \/>\n<meta property=\"og:type\" content=\"article\" \/>\n<meta property=\"og:title\" content=\"Ungarn macht USA f\u00fcr den Niedergang Europas verantwortlich\" \/>\n<meta property=\"og:description\" content=\"Viktor Orb\u00e1n kritisiert die Politik der Biden-Regierung im Ukraine-Konflikt als Schl\u00fcsselfaktor f\u00fcr Europas Niedergang und fordert Ungarn auf, seine eigenen Interessen zu sch\u00fctzen, indem es sich gegen Washington und Br\u00fcssel positioniert, Der ungarische Ministerpr\u00e4sident Viktor Orb\u00e1n hat laut lokalen Medien erkl\u00e4rt, dass die Politik der Regierung von US-Pr\u00e4sident Joe Biden im Ukraine-Konflikt zu einem Schl\u00fcsselfaktor [&hellip;]\" \/>\n<meta property=\"og:url\" content=\"https:\/\/now-news.de\/de\/deutschland\/ungarn-macht-usa-fuer-den-niedergang-europas-verantwortlich\/\" \/>\n<meta property=\"og:site_name\" content=\"just-now.NEWS Deutschland\" \/>\n<meta property=\"article:publisher\" content=\"https:\/\/www.facebook.com\/wirmachenauf\" \/>\n<meta property=\"article:published_time\" content=\"2023-02-24T05:15:00+00:00\" \/>\n<meta property=\"og:image\" content=\"https:\/\/now-news.de\/de\/wp-content\/uploads\/sites\/3\/2023\/02\/Ungarn-macht-USA-fuer-den-Niedergang-Europas-verantwortlich.jpg\" \/>\n\t<meta property=\"og:image:width\" content=\"460\" \/>\n\t<meta property=\"og:image:height\" content=\"259\" \/>\n\t<meta property=\"og:image:type\" content=\"image\/jpeg\" \/>\n<meta name=\"author\" content=\"rtnews\" \/>\n<meta name=\"twitter:card\" content=\"summary_large_image\" \/>\n<meta name=\"twitter:creator\" content=\"@WirMachenAuf_de\" \/>\n<meta name=\"twitter:site\" content=\"@WirMachenAuf_de\" \/>\n<meta name=\"twitter:label1\" content=\"Verfasst von\" \/>\n\t<meta name=\"twitter:data1\" content=\"rtnews\" \/>\n\t<meta name=\"twitter:label2\" content=\"Gesch\u00e4tzte Lesezeit\" \/>\n\t<meta name=\"twitter:data2\" content=\"2\u00a0Minuten\" \/>\n<script type=\"application\/ld+json\" class=\"yoast-schema-graph\">{\"@context\":\"https:\/\/schema.org\",\"@graph\":[{\"@type\":\"Article\",\"@id\":\"https:\/\/now-news.de\/de\/deutschland\/ungarn-macht-usa-fuer-den-niedergang-europas-verantwortlich\/#article\",\"isPartOf\":{\"@id\":\"https:\/\/now-news.de\/de\/deutschland\/ungarn-macht-usa-fuer-den-niedergang-europas-verantwortlich\/\"},\"author\":{\"name\":\"rtnews\",\"@id\":\"https:\/\/now-news.de\/de\/#\/schema\/person\/fb534a4e865501d8b3285208df34a9b5\"},\"headline\":\"Ungarn macht USA f\u00fcr den Niedergang Europas verantwortlich\",\"datePublished\":\"2023-02-24T05:15:00+00:00\",\"dateModified\":\"2023-02-24T05:15:00+00:00\",\"mainEntityOfPage\":{\"@id\":\"https:\/\/now-news.de\/de\/deutschland\/ungarn-macht-usa-fuer-den-niedergang-europas-verantwortlich\/\"},\"wordCount\":419,\"commentCount\":0,\"publisher\":{\"@id\":\"https:\/\/now-news.de\/de\/#organization\"},\"image\":{\"@id\":\"https:\/\/now-news.de\/de\/deutschland\/ungarn-macht-usa-fuer-den-niedergang-europas-verantwortlich\/#primaryimage\"},\"thumbnailUrl\":\"https:\/\/now-news.de\/de\/wp-content\/uploads\/sites\/3\/2023\/02\/Ungarn-macht-USA-fuer-den-Niedergang-Europas-verantwortlich.jpg\",\"keywords\":[\"den\",\"Europas\",\"f\u00fcr\",\"Macht\",\"Niedergang\",\"Ungarn\",\"USA\",\"verantwortlich\"],\"articleSection\":[\"Deutschland\",\"Russland\"],\"inLanguage\":\"de\",\"potentialAction\":[{\"@type\":\"CommentAction\",\"name\":\"Comment\",\"target\":[\"https:\/\/now-news.de\/de\/deutschland\/ungarn-macht-usa-fuer-den-niedergang-europas-verantwortlich\/#respond\"]}]},{\"@type\":\"WebPage\",\"@id\":\"https:\/\/now-news.de\/de\/deutschland\/ungarn-macht-usa-fuer-den-niedergang-europas-verantwortlich\/\",\"url\":\"https:\/\/now-news.de\/de\/deutschland\/ungarn-macht-usa-fuer-den-niedergang-europas-verantwortlich\/\",\"name\":\"Ungarn macht USA f\u00fcr den Niedergang Europas verantwortlich - just-now.NEWS Deutschland\",\"isPartOf\":{\"@id\":\"https:\/\/now-news.de\/de\/#website\"},\"primaryImageOfPage\":{\"@id\":\"https:\/\/now-news.de\/de\/deutschland\/ungarn-macht-usa-fuer-den-niedergang-europas-verantwortlich\/#primaryimage\"},\"image\":{\"@id\":\"https:\/\/now-news.de\/de\/deutschland\/ungarn-macht-usa-fuer-den-niedergang-europas-verantwortlich\/#primaryimage\"},\"thumbnailUrl\":\"https:\/\/now-news.de\/de\/wp-content\/uploads\/sites\/3\/2023\/02\/Ungarn-macht-USA-fuer-den-Niedergang-Europas-verantwortlich.jpg\",\"datePublished\":\"2023-02-24T05:15:00+00:00\",\"dateModified\":\"2023-02-24T05:15:00+00:00\",\"breadcrumb\":{\"@id\":\"https:\/\/now-news.de\/de\/deutschland\/ungarn-macht-usa-fuer-den-niedergang-europas-verantwortlich\/#breadcrumb\"},\"inLanguage\":\"de\",\"potentialAction\":[{\"@type\":\"ReadAction\",\"target\":[\"https:\/\/now-news.de\/de\/deutschland\/ungarn-macht-usa-fuer-den-niedergang-europas-verantwortlich\/\"]}]},{\"@type\":\"ImageObject\",\"inLanguage\":\"de\",\"@id\":\"https:\/\/now-news.de\/de\/deutschland\/ungarn-macht-usa-fuer-den-niedergang-europas-verantwortlich\/#primaryimage\",\"url\":\"https:\/\/now-news.de\/de\/wp-content\/uploads\/sites\/3\/2023\/02\/Ungarn-macht-USA-fuer-den-Niedergang-Europas-verantwortlich.jpg\",\"contentUrl\":\"https:\/\/now-news.de\/de\/wp-content\/uploads\/sites\/3\/2023\/02\/Ungarn-macht-USA-fuer-den-Niedergang-Europas-verantwortlich.jpg\",\"width\":460,\"height\":259,\"caption\":\"Ungarn macht USA f\u00fcr den Niedergang Europas verantwortlich\"},{\"@type\":\"BreadcrumbList\",\"@id\":\"https:\/\/now-news.de\/de\/deutschland\/ungarn-macht-usa-fuer-den-niedergang-europas-verantwortlich\/#breadcrumb\",\"itemListElement\":[{\"@type\":\"ListItem\",\"position\":1,\"name\":\"Home\",\"item\":\"https:\/\/now-news.de\/de\/\"},{\"@type\":\"ListItem\",\"position\":2,\"name\":\"Ungarn macht USA f\u00fcr den Niedergang Europas verantwortlich\"}]},{\"@type\":\"WebSite\",\"@id\":\"https:\/\/now-news.de\/de\/#website\",\"url\":\"https:\/\/now-news.de\/de\/\",\"name\":\"just-now.NEWS Deutschland\",\"description\":\"Das Portal f\u00fcr unzensierte Nachrichten aus der Welt\",\"publisher\":{\"@id\":\"https:\/\/now-news.de\/de\/#organization\"},\"potentialAction\":[{\"@type\":\"SearchAction\",\"target\":{\"@type\":\"EntryPoint\",\"urlTemplate\":\"https:\/\/now-news.de\/de\/?s={search_term_string}\"},\"query-input\":\"required name=search_term_string\"}],\"inLanguage\":\"de\"},{\"@type\":\"Organization\",\"@id\":\"https:\/\/now-news.de\/de\/#organization\",\"name\":\"Just Now News\",\"url\":\"https:\/\/now-news.de\/de\/\",\"logo\":{\"@type\":\"ImageObject\",\"inLanguage\":\"de\",\"@id\":\"https:\/\/now-news.de\/de\/#\/schema\/logo\/image\/\",\"url\":\"http:\/\/just-now.news\/de\/wp-content\/uploads\/sites\/3\/2022\/04\/logo500x500.jpg\",\"contentUrl\":\"http:\/\/just-now.news\/de\/wp-content\/uploads\/sites\/3\/2022\/04\/logo500x500.jpg\",\"width\":500,\"height\":500,\"caption\":\"Just Now News\"},\"image\":{\"@id\":\"https:\/\/now-news.de\/de\/#\/schema\/logo\/image\/\"},\"sameAs\":[\"https:\/\/www.facebook.com\/wirmachenauf\",\"https:\/\/x.com\/WirMachenAuf_de\"]},{\"@type\":\"Person\",\"@id\":\"https:\/\/now-news.de\/de\/#\/schema\/person\/fb534a4e865501d8b3285208df34a9b5\",\"name\":\"rtnews\",\"image\":{\"@type\":\"ImageObject\",\"inLanguage\":\"de\",\"@id\":\"https:\/\/now-news.de\/de\/#\/schema\/person\/image\/\",\"url\":\"https:\/\/secure.gravatar.com\/avatar\/82aafea7d8127119dd649515f56e2117?s=96&d=mm&r=g\",\"contentUrl\":\"https:\/\/secure.gravatar.com\/avatar\/82aafea7d8127119dd649515f56e2117?s=96&d=mm&r=g\",\"caption\":\"rtnews\"},\"url\":\"https:\/\/now-news.de\/de\/author\/rnews\/\"}]}<\/script>\n<!-- \/ Yoast SEO Premium plugin. -->","yoast_head_json":{"title":"Ungarn macht USA f\u00fcr den Niedergang Europas verantwortlich - just-now.NEWS Deutschland","robots":{"index":"index","follow":"follow","max-snippet":"max-snippet:-1","max-image-preview":"max-image-preview:large","max-video-preview":"max-video-preview:-1"},"canonical":"https:\/\/now-news.de\/de\/deutschland\/ungarn-macht-usa-fuer-den-niedergang-europas-verantwortlich\/","og_locale":"de_DE","og_type":"article","og_title":"Ungarn macht USA f\u00fcr den Niedergang Europas verantwortlich","og_description":"Viktor Orb\u00e1n kritisiert die Politik der Biden-Regierung im Ukraine-Konflikt als Schl\u00fcsselfaktor f\u00fcr Europas Niedergang und fordert Ungarn auf, seine eigenen Interessen zu sch\u00fctzen, indem es sich gegen Washington und Br\u00fcssel positioniert, Der ungarische Ministerpr\u00e4sident Viktor Orb\u00e1n hat laut lokalen Medien erkl\u00e4rt, dass die Politik der Regierung von US-Pr\u00e4sident Joe Biden im Ukraine-Konflikt zu einem Schl\u00fcsselfaktor [&hellip;]","og_url":"https:\/\/now-news.de\/de\/deutschland\/ungarn-macht-usa-fuer-den-niedergang-europas-verantwortlich\/","og_site_name":"just-now.NEWS Deutschland","article_publisher":"https:\/\/www.facebook.com\/wirmachenauf","article_published_time":"2023-02-24T05:15:00+00:00","og_image":[{"width":460,"height":259,"url":"https:\/\/now-news.de\/de\/wp-content\/uploads\/sites\/3\/2023\/02\/Ungarn-macht-USA-fuer-den-Niedergang-Europas-verantwortlich.jpg","type":"image\/jpeg"}],"author":"rtnews","twitter_card":"summary_large_image","twitter_creator":"@WirMachenAuf_de","twitter_site":"@WirMachenAuf_de","twitter_misc":{"Verfasst von":"rtnews","Gesch\u00e4tzte Lesezeit":"2\u00a0Minuten"},"schema":{"@context":"https:\/\/schema.org","@graph":[{"@type":"Article","@id":"https:\/\/now-news.de\/de\/deutschland\/ungarn-macht-usa-fuer-den-niedergang-europas-verantwortlich\/#article","isPartOf":{"@id":"https:\/\/now-news.de\/de\/deutschland\/ungarn-macht-usa-fuer-den-niedergang-europas-verantwortlich\/"},"author":{"name":"rtnews","@id":"https:\/\/now-news.de\/de\/#\/schema\/person\/fb534a4e865501d8b3285208df34a9b5"},"headline":"Ungarn macht USA f\u00fcr den Niedergang Europas verantwortlich","datePublished":"2023-02-24T05:15:00+00:00","dateModified":"2023-02-24T05:15:00+00:00","mainEntityOfPage":{"@id":"https:\/\/now-news.de\/de\/deutschland\/ungarn-macht-usa-fuer-den-niedergang-europas-verantwortlich\/"},"wordCount":419,"commentCount":0,"publisher":{"@id":"https:\/\/now-news.de\/de\/#organization"},"image":{"@id":"https:\/\/now-news.de\/de\/deutschland\/ungarn-macht-usa-fuer-den-niedergang-europas-verantwortlich\/#primaryimage"},"thumbnailUrl":"https:\/\/now-news.de\/de\/wp-content\/uploads\/sites\/3\/2023\/02\/Ungarn-macht-USA-fuer-den-Niedergang-Europas-verantwortlich.jpg","keywords":["den","Europas","f\u00fcr","Macht","Niedergang","Ungarn","USA","verantwortlich"],"articleSection":["Deutschland","Russland"],"inLanguage":"de","potentialAction":[{"@type":"CommentAction","name":"Comment","target":["https:\/\/now-news.de\/de\/deutschland\/ungarn-macht-usa-fuer-den-niedergang-europas-verantwortlich\/#respond"]}]},{"@type":"WebPage","@id":"https:\/\/now-news.de\/de\/deutschland\/ungarn-macht-usa-fuer-den-niedergang-europas-verantwortlich\/","url":"https:\/\/now-news.de\/de\/deutschland\/ungarn-macht-usa-fuer-den-niedergang-europas-verantwortlich\/","name":"Ungarn macht USA f\u00fcr den Niedergang Europas verantwortlich - just-now.NEWS Deutschland","isPartOf":{"@id":"https:\/\/now-news.de\/de\/#website"},"primaryImageOfPage":{"@id":"https:\/\/now-news.de\/de\/deutschland\/ungarn-macht-usa-fuer-den-niedergang-europas-verantwortlich\/#primaryimage"},"image":{"@id":"https:\/\/now-news.de\/de\/deutschland\/ungarn-macht-usa-fuer-den-niedergang-europas-verantwortlich\/#primaryimage"},"thumbnailUrl":"https:\/\/now-news.de\/de\/wp-content\/uploads\/sites\/3\/2023\/02\/Ungarn-macht-USA-fuer-den-Niedergang-Europas-verantwortlich.jpg","datePublished":"2023-02-24T05:15:00+00:00","dateModified":"2023-02-24T05:15:00+00:00","breadcrumb":{"@id":"https:\/\/now-news.de\/de\/deutschland\/ungarn-macht-usa-fuer-den-niedergang-europas-verantwortlich\/#breadcrumb"},"inLanguage":"de","potentialAction":[{"@type":"ReadAction","target":["https:\/\/now-news.de\/de\/deutschland\/ungarn-macht-usa-fuer-den-niedergang-europas-verantwortlich\/"]}]},{"@type":"ImageObject","inLanguage":"de","@id":"https:\/\/now-news.de\/de\/deutschland\/ungarn-macht-usa-fuer-den-niedergang-europas-verantwortlich\/#primaryimage","url":"https:\/\/now-news.de\/de\/wp-content\/uploads\/sites\/3\/2023\/02\/Ungarn-macht-USA-fuer-den-Niedergang-Europas-verantwortlich.jpg","contentUrl":"https:\/\/now-news.de\/de\/wp-content\/uploads\/sites\/3\/2023\/02\/Ungarn-macht-USA-fuer-den-Niedergang-Europas-verantwortlich.jpg","width":460,"height":259,"caption":"Ungarn macht USA f\u00fcr den Niedergang Europas verantwortlich"},{"@type":"BreadcrumbList","@id":"https:\/\/now-news.de\/de\/deutschland\/ungarn-macht-usa-fuer-den-niedergang-europas-verantwortlich\/#breadcrumb","itemListElement":[{"@type":"ListItem","position":1,"name":"Home","item":"https:\/\/now-news.de\/de\/"},{"@type":"ListItem","position":2,"name":"Ungarn macht USA f\u00fcr den Niedergang Europas verantwortlich"}]},{"@type":"WebSite","@id":"https:\/\/now-news.de\/de\/#website","url":"https:\/\/now-news.de\/de\/","name":"just-now.NEWS Deutschland","description":"Das Portal f\u00fcr unzensierte Nachrichten aus der Welt","publisher":{"@id":"https:\/\/now-news.de\/de\/#organization"},"potentialAction":[{"@type":"SearchAction","target":{"@type":"EntryPoint","urlTemplate":"https:\/\/now-news.de\/de\/?s={search_term_string}"},"query-input":"required name=search_term_string"}],"inLanguage":"de"},{"@type":"Organization","@id":"https:\/\/now-news.de\/de\/#organization","name":"Just Now News","url":"https:\/\/now-news.de\/de\/","logo":{"@type":"ImageObject","inLanguage":"de","@id":"https:\/\/now-news.de\/de\/#\/schema\/logo\/image\/","url":"http:\/\/just-now.news\/de\/wp-content\/uploads\/sites\/3\/2022\/04\/logo500x500.jpg","contentUrl":"http:\/\/just-now.news\/de\/wp-content\/uploads\/sites\/3\/2022\/04\/logo500x500.jpg","width":500,"height":500,"caption":"Just Now News"},"image":{"@id":"https:\/\/now-news.de\/de\/#\/schema\/logo\/image\/"},"sameAs":["https:\/\/www.facebook.com\/wirmachenauf","https:\/\/x.com\/WirMachenAuf_de"]},{"@type":"Person","@id":"https:\/\/now-news.de\/de\/#\/schema\/person\/fb534a4e865501d8b3285208df34a9b5","name":"rtnews","image":{"@type":"ImageObject","inLanguage":"de","@id":"https:\/\/now-news.de\/de\/#\/schema\/person\/image\/","url":"https:\/\/secure.gravatar.com\/avatar\/82aafea7d8127119dd649515f56e2117?s=96&d=mm&r=g","contentUrl":"https:\/\/secure.gravatar.com\/avatar\/82aafea7d8127119dd649515f56e2117?s=96&d=mm&r=g","caption":"rtnews"},"url":"https:\/\/now-news.de\/de\/author\/rnews\/"}]}},"_links":{"self":[{"href":"https:\/\/now-news.de\/de\/wp-json\/wp\/v2\/posts\/31024"}],"collection":[{"href":"https:\/\/now-news.de\/de\/wp-json\/wp\/v2\/posts"}],"about":[{"href":"https:\/\/now-news.de\/de\/wp-json\/wp\/v2\/types\/post"}],"author":[{"embeddable":true,"href":"https:\/\/now-news.de\/de\/wp-json\/wp\/v2\/users\/3"}],"replies":[{"embeddable":true,"href":"https:\/\/now-news.de\/de\/wp-json\/wp\/v2\/comments?post=31024"}],"version-history":[{"count":0,"href":"https:\/\/now-news.de\/de\/wp-json\/wp\/v2\/posts\/31024\/revisions"}],"wp:featuredmedia":[{"embeddable":true,"href":"https:\/\/now-news.de\/de\/wp-json\/wp\/v2\/media\/31025"}],"wp:attachment":[{"href":"https:\/\/now-news.de\/de\/wp-json\/wp\/v2\/media?parent=31024"}],"wp:term":[{"taxonomy":"category","embeddable":true,"href":"https:\/\/now-news.de\/de\/wp-json\/wp\/v2\/categories?post=31024"},{"taxonomy":"post_tag","embeddable":true,"href":"https:\/\/now-news.de\/de\/wp-json\/wp\/v2\/tags?post=31024"}],"curies":[{"name":"wp","href":"https:\/\/api.w.org\/{rel}","templated":true}]}}