{"id":30992,"date":"2023-02-23T18:35:58","date_gmt":"2023-02-23T16:35:58","guid":{"rendered":"https:\/\/just-now.news\/de\/deutschland\/zerstoerte-krim-bruecke-einen-monat-frueher-als-geplant-wieder-voll-befahrbar\/"},"modified":"2023-02-23T18:35:58","modified_gmt":"2023-02-23T16:35:58","slug":"zerstoerte-krim-bruecke-einen-monat-frueher-als-geplant-wieder-voll-befahrbar","status":"publish","type":"post","link":"https:\/\/now-news.de\/de\/deutschland\/zerstoerte-krim-bruecke-einen-monat-frueher-als-geplant-wieder-voll-befahrbar\/","title":{"rendered":"Zerst\u00f6rte Krim-Br\u00fccke: Einen Monat fr\u00fcher als geplant wieder voll befahrbar"},"content":{"rendered":"<p><img decoding=\"async\" src=\"http:\/\/just-now.news\/de\/wp-content\/uploads\/sites\/3\/2023\/02\/63f76c4cb480cc37d519807e.jpg\" \/><\/p>\n<div class=\"Text-root Text-type_1 \">\n                Am Donnerstag konnte der Verkehr auf der Krim-Br\u00fccke nach der Zerst\u00f6rung durch den Terroranschlag im Oktober bereits vollst\u00e4ndig wiederaufgenommen werden. \u00dcblicherweise dauern solche Arbeiten ein Jahr, sie konnten aber in viereinhalb Monaten abgeschlossen werden.\n            <\/div>\n<p><\/p>\n<div class=\"Text-root Text-type_5 ArticleView-text ViewText-root \">\n<p>Mehr als einen Monat vor dem geplanten Datum ist die Krim-Br\u00fccke f\u00fcr den Fahrzeugverkehr freigegeben worden. Dies gab der stellvertretende russische Ministerpr\u00e4sident Marat Chusnullin am Donnerstag bekannt.<\/p>\n<p>&#8220;Die Krim-Br\u00fccke ist 39 Tage fr\u00fcher als geplant auf allen Fahrspuren vollst\u00e4ndig f\u00fcr den Verkehr freigegeben&#8221;, wurde der stellvertretende Ministerpr\u00e4sident von seinem Pressedienst zitiert.<\/p>\n<p>Nach Angaben Chusnullins waren die Tests zur Tragf\u00e4higkeit der Br\u00fcckenpfeiler erfolgreich ausgefallen. W\u00e4hrend es normalerweise etwa ein Jahr dauert, solche Projekte zu realisieren, konnte hier dank der gut koordinierten Arbeit der Zentrale die gesamte Palette der Ma\u00dfnahmen innerhalb von viereinhalb Monaten durchgef\u00fchrt werden.<\/p>\n<p>Die Bauarbeiter mussten vier St\u00fctzpfeiler auf beiden Seiten der Br\u00fccke ersetzen, zwei Schichten Asphaltbelag aufbringen und Beleuchtungsmasten installieren. Daf\u00fcr wurden 2.442 Tonnen Stahlkonstruktionen in Rekordzeit hergestellt und aus Tjumen, Woronesch und Kurgan angeliefert. Laut dem Verkehrsministerium wurden zw\u00f6lf Ma\u00dfnahmen durchgef\u00fchrt, die den Transport und das Aufschieben der neuen \u00dcberbauten auf die St\u00fctzen sowie den Abtransport der demontierten und besch\u00e4digten \u00dcberbauten umfassten.<\/p>\n<p>Auch w\u00e4hrend der Reparaturarbeiten sei der Verkehr gleichzeitig weitergeflossen und parallel mehr als 700.000 Fahrzeuge \u00fcber die Br\u00fccke gefahren, wie der russische Verkehrsminister Witali Saweljew bei der Einweihung erkl\u00e4rte. Saweljew betonte:<\/p>\n<blockquote>\n<p><em>&#8220;Nach dem Terroranschlag auf die Krim-Br\u00fccke am 8. Oktober war die erste Priorit\u00e4t die Organisation einer reibungslosen Logistik zwischen der Republik Krim und der Region Krasnodar. Diese Aufgabe wurde umgehend erledigt.\u00a0 Innerhalb weniger Stunden war der unbesch\u00e4digte Teil der Br\u00fccke f\u00fcr den Pkw-Verkehr freigegeben. In dieser Zeit fuhren mehr als 700.000 Fahrzeuge \u00fcber die Krim-Br\u00fccke. Die Br\u00fccke wurde nach der Stachanow-Methode (schnell und energisch, Anm. der Redaktion) restauriert.&#8221;<\/em><\/p>\n<\/blockquote>\n<p>Der besch\u00e4digte Eisenbahnteil der Br\u00fccke soll laut Chusnullin bis Juli dieses Jahres wieder aufgebaut werden. Zuvor hatte die Regierung die Anweisung erteilt, die Reparaturarbeiten an der Bahnstrecke bis Dezember 2023 abzuschlie\u00dfen.<\/p>\n<p>Die Arbeiten zur Wiederherstellung der begleitenden Infrastruktur der Krim-Br\u00fccke laufen derweil weiter, was den Verkehr aber nicht beeintr\u00e4chtigen werde, so Chusnullin. Sie sollen ebenfalls bis zum 1. Juli dieses Jahres abgeschlossen sein.<\/p>\n<p>Am 8. Oktober 2022 war es auf der Krimbr\u00fccke zu einer <a rel=\"nofollow noopener\" target=\"_blank\" href=\"https:\/\/fromrussiawithlove.rtde.world\/russland\/150983-brand-auf-krim-bruecke\/\">Explosion<\/a> gekommen, bei der zwei Fahrbahnen eingest\u00fcrzt und vier Menschen ums Leben gekommen waren. Der FSB hatte den Vorfall als einen Terroranschlag bezeichnet.<\/p>\n<p><strong>Mehr zum Thema<\/strong>\u00a0&#8211; <a rel=\"nofollow noopener\" target=\"_blank\" href=\"https:\/\/fromrussiawithlove.rtde.world\/russland\/150989-putin-schafft-regierungskommission-zur-ermittlung-der-explosion-auf-krim-bruecke\/\">Nach Explosion auf Krim-Br\u00fccke: Pr\u00e4sident Putin schafft Regierungskommission zur Ermittlung<\/a><\/p>\n<div class=\"EmbedBlock-root EmbedBlock-externalVideo EmbedBlock-vk\">\n<div class=\"VkEmbed\"><iframe class=\"lazyload\" data-src=\"https:\/\/vk.com\/video_ext.php?oid=-134310637&amp;id=456260488&amp;hash=a224832f971c7d78\" frameborder=\"0\" width=\"853\" height=\"480\" allowfullscreen><\/iframe><\/div>\n<\/div>\n<\/div>\n<p><br \/>\n<br \/><a href=\"https:\/\/de.rt.com\/russland\/163698-zerstoerte-krim-bruecke-mehr-als-einen-monat-frueher-fertig\/\">Source link <\/a><\/p>\n","protected":false},"excerpt":{"rendered":"<p>Am Donnerstag konnte der Verkehr auf der Krim-Br\u00fccke nach der Zerst\u00f6rung durch den Terroranschlag im Oktober bereits vollst\u00e4ndig wiederaufgenommen werden. \u00dcblicherweise dauern solche Arbeiten ein Jahr, sie konnten aber in viereinhalb Monaten abgeschlossen werden. Mehr als einen Monat vor dem geplanten Datum ist die Krim-Br\u00fccke f\u00fcr den Fahrzeugverkehr freigegeben worden. Dies gab der stellvertretende russische [&hellip;]<\/p>\n","protected":false},"author":3,"featured_media":30993,"comment_status":"open","ping_status":"open","sticky":false,"template":"","format":"standard","meta":{"_yoast_indexnow_last_ping":["1677171068"],"wp_automatic_camp":["217"],"87021272f585280c202af7058e03510c":["Zerst\u00f6rte Krim-Br\u00fccke: Einen Monat fr\u00fcher als geplant wieder voll befahrbar"],"original_link":["https:\/\/de.rt.com\/russland\/163698-zerstoerte-krim-bruecke-mehr-als-einen-monat-frueher-fertig\/"],"_thumbnail_id":["30993"],"_wptgpro_p2tg_sent2tg":["a:1:{i:23737;s:19:\"2023-02-23 18:52:27\";}"],"jnews_social_counter_last_update":["1776885967"]},"categories":[19,23],"tags":[273,41181,768,36553,1312,6316,4870,23214,904,19894],"yoast_head":"<!-- This site is optimized with the Yoast SEO Premium plugin v22.7 (Yoast SEO v22.7) - https:\/\/yoast.com\/wordpress\/plugins\/seo\/ -->\n<title>Zerst\u00f6rte Krim-Br\u00fccke: Einen Monat fr\u00fcher als geplant wieder voll befahrbar - just-now.NEWS Deutschland<\/title>\n<meta name=\"robots\" content=\"index, follow, max-snippet:-1, max-image-preview:large, max-video-preview:-1\" \/>\n<link rel=\"canonical\" href=\"https:\/\/now-news.de\/de\/deutschland\/zerstoerte-krim-bruecke-einen-monat-frueher-als-geplant-wieder-voll-befahrbar\/\" \/>\n<meta property=\"og:locale\" content=\"de_DE\" \/>\n<meta property=\"og:type\" content=\"article\" \/>\n<meta property=\"og:title\" content=\"Zerst\u00f6rte Krim-Br\u00fccke: Einen Monat fr\u00fcher als geplant wieder voll befahrbar\" \/>\n<meta property=\"og:description\" content=\"Am Donnerstag konnte der Verkehr auf der Krim-Br\u00fccke nach der Zerst\u00f6rung durch den Terroranschlag im Oktober bereits vollst\u00e4ndig wiederaufgenommen werden. \u00dcblicherweise dauern solche Arbeiten ein Jahr, sie konnten aber in viereinhalb Monaten abgeschlossen werden. Mehr als einen Monat vor dem geplanten Datum ist die Krim-Br\u00fccke f\u00fcr den Fahrzeugverkehr freigegeben worden. Dies gab der stellvertretende russische [&hellip;]\" \/>\n<meta property=\"og:url\" content=\"https:\/\/now-news.de\/de\/deutschland\/zerstoerte-krim-bruecke-einen-monat-frueher-als-geplant-wieder-voll-befahrbar\/\" \/>\n<meta property=\"og:site_name\" content=\"just-now.NEWS Deutschland\" \/>\n<meta property=\"article:publisher\" content=\"https:\/\/www.facebook.com\/wirmachenauf\" \/>\n<meta property=\"article:published_time\" content=\"2023-02-23T16:35:58+00:00\" \/>\n<meta property=\"og:image\" content=\"https:\/\/now-news.de\/de\/wp-content\/uploads\/sites\/3\/2023\/02\/Zerstoerte-Krim-Bruecke-Einen-Monat-frueher-als-geplant-wieder-voll-befahrbar.jpg\" \/>\n\t<meta property=\"og:image:width\" content=\"460\" \/>\n\t<meta property=\"og:image:height\" content=\"259\" \/>\n\t<meta property=\"og:image:type\" content=\"image\/jpeg\" \/>\n<meta name=\"author\" content=\"rtnews\" \/>\n<meta name=\"twitter:card\" content=\"summary_large_image\" \/>\n<meta name=\"twitter:creator\" content=\"@WirMachenAuf_de\" \/>\n<meta name=\"twitter:site\" content=\"@WirMachenAuf_de\" \/>\n<meta name=\"twitter:label1\" content=\"Verfasst von\" \/>\n\t<meta name=\"twitter:data1\" content=\"rtnews\" \/>\n\t<meta name=\"twitter:label2\" content=\"Gesch\u00e4tzte Lesezeit\" \/>\n\t<meta name=\"twitter:data2\" content=\"2\u00a0Minuten\" \/>\n<script type=\"application\/ld+json\" class=\"yoast-schema-graph\">{\"@context\":\"https:\/\/schema.org\",\"@graph\":[{\"@type\":\"Article\",\"@id\":\"https:\/\/now-news.de\/de\/deutschland\/zerstoerte-krim-bruecke-einen-monat-frueher-als-geplant-wieder-voll-befahrbar\/#article\",\"isPartOf\":{\"@id\":\"https:\/\/now-news.de\/de\/deutschland\/zerstoerte-krim-bruecke-einen-monat-frueher-als-geplant-wieder-voll-befahrbar\/\"},\"author\":{\"name\":\"rtnews\",\"@id\":\"https:\/\/now-news.de\/de\/#\/schema\/person\/fb534a4e865501d8b3285208df34a9b5\"},\"headline\":\"Zerst\u00f6rte Krim-Br\u00fccke: Einen Monat fr\u00fcher als geplant wieder voll befahrbar\",\"datePublished\":\"2023-02-23T16:35:58+00:00\",\"dateModified\":\"2023-02-23T16:35:58+00:00\",\"mainEntityOfPage\":{\"@id\":\"https:\/\/now-news.de\/de\/deutschland\/zerstoerte-krim-bruecke-einen-monat-frueher-als-geplant-wieder-voll-befahrbar\/\"},\"wordCount\":449,\"commentCount\":0,\"publisher\":{\"@id\":\"https:\/\/now-news.de\/de\/#organization\"},\"image\":{\"@id\":\"https:\/\/now-news.de\/de\/deutschland\/zerstoerte-krim-bruecke-einen-monat-frueher-als-geplant-wieder-voll-befahrbar\/#primaryimage\"},\"thumbnailUrl\":\"https:\/\/now-news.de\/de\/wp-content\/uploads\/sites\/3\/2023\/02\/Zerstoerte-Krim-Bruecke-Einen-Monat-frueher-als-geplant-wieder-voll-befahrbar.jpg\",\"keywords\":[\"als\",\"befahrbar\",\"einen\",\"fr\u00fcher\",\"geplant\",\"KrimBr\u00fccke\",\"Monat\",\"voll\",\"wieder\",\"zerst\u00f6rte\"],\"articleSection\":[\"Deutschland\",\"Russland\"],\"inLanguage\":\"de\",\"potentialAction\":[{\"@type\":\"CommentAction\",\"name\":\"Comment\",\"target\":[\"https:\/\/now-news.de\/de\/deutschland\/zerstoerte-krim-bruecke-einen-monat-frueher-als-geplant-wieder-voll-befahrbar\/#respond\"]}]},{\"@type\":\"WebPage\",\"@id\":\"https:\/\/now-news.de\/de\/deutschland\/zerstoerte-krim-bruecke-einen-monat-frueher-als-geplant-wieder-voll-befahrbar\/\",\"url\":\"https:\/\/now-news.de\/de\/deutschland\/zerstoerte-krim-bruecke-einen-monat-frueher-als-geplant-wieder-voll-befahrbar\/\",\"name\":\"Zerst\u00f6rte Krim-Br\u00fccke: Einen Monat fr\u00fcher als geplant wieder voll befahrbar - just-now.NEWS Deutschland\",\"isPartOf\":{\"@id\":\"https:\/\/now-news.de\/de\/#website\"},\"primaryImageOfPage\":{\"@id\":\"https:\/\/now-news.de\/de\/deutschland\/zerstoerte-krim-bruecke-einen-monat-frueher-als-geplant-wieder-voll-befahrbar\/#primaryimage\"},\"image\":{\"@id\":\"https:\/\/now-news.de\/de\/deutschland\/zerstoerte-krim-bruecke-einen-monat-frueher-als-geplant-wieder-voll-befahrbar\/#primaryimage\"},\"thumbnailUrl\":\"https:\/\/now-news.de\/de\/wp-content\/uploads\/sites\/3\/2023\/02\/Zerstoerte-Krim-Bruecke-Einen-Monat-frueher-als-geplant-wieder-voll-befahrbar.jpg\",\"datePublished\":\"2023-02-23T16:35:58+00:00\",\"dateModified\":\"2023-02-23T16:35:58+00:00\",\"breadcrumb\":{\"@id\":\"https:\/\/now-news.de\/de\/deutschland\/zerstoerte-krim-bruecke-einen-monat-frueher-als-geplant-wieder-voll-befahrbar\/#breadcrumb\"},\"inLanguage\":\"de\",\"potentialAction\":[{\"@type\":\"ReadAction\",\"target\":[\"https:\/\/now-news.de\/de\/deutschland\/zerstoerte-krim-bruecke-einen-monat-frueher-als-geplant-wieder-voll-befahrbar\/\"]}]},{\"@type\":\"ImageObject\",\"inLanguage\":\"de\",\"@id\":\"https:\/\/now-news.de\/de\/deutschland\/zerstoerte-krim-bruecke-einen-monat-frueher-als-geplant-wieder-voll-befahrbar\/#primaryimage\",\"url\":\"https:\/\/now-news.de\/de\/wp-content\/uploads\/sites\/3\/2023\/02\/Zerstoerte-Krim-Bruecke-Einen-Monat-frueher-als-geplant-wieder-voll-befahrbar.jpg\",\"contentUrl\":\"https:\/\/now-news.de\/de\/wp-content\/uploads\/sites\/3\/2023\/02\/Zerstoerte-Krim-Bruecke-Einen-Monat-frueher-als-geplant-wieder-voll-befahrbar.jpg\",\"width\":460,\"height\":259,\"caption\":\"Zerst\u00f6rte Krim-Br\u00fccke: Einen Monat fr\u00fcher als geplant wieder voll befahrbar\"},{\"@type\":\"BreadcrumbList\",\"@id\":\"https:\/\/now-news.de\/de\/deutschland\/zerstoerte-krim-bruecke-einen-monat-frueher-als-geplant-wieder-voll-befahrbar\/#breadcrumb\",\"itemListElement\":[{\"@type\":\"ListItem\",\"position\":1,\"name\":\"Home\",\"item\":\"https:\/\/now-news.de\/de\/\"},{\"@type\":\"ListItem\",\"position\":2,\"name\":\"Zerst\u00f6rte Krim-Br\u00fccke: Einen Monat fr\u00fcher als geplant wieder voll befahrbar\"}]},{\"@type\":\"WebSite\",\"@id\":\"https:\/\/now-news.de\/de\/#website\",\"url\":\"https:\/\/now-news.de\/de\/\",\"name\":\"just-now.NEWS Deutschland\",\"description\":\"Das Portal f\u00fcr unzensierte Nachrichten aus der Welt\",\"publisher\":{\"@id\":\"https:\/\/now-news.de\/de\/#organization\"},\"potentialAction\":[{\"@type\":\"SearchAction\",\"target\":{\"@type\":\"EntryPoint\",\"urlTemplate\":\"https:\/\/now-news.de\/de\/?s={search_term_string}\"},\"query-input\":\"required name=search_term_string\"}],\"inLanguage\":\"de\"},{\"@type\":\"Organization\",\"@id\":\"https:\/\/now-news.de\/de\/#organization\",\"name\":\"Just Now News\",\"url\":\"https:\/\/now-news.de\/de\/\",\"logo\":{\"@type\":\"ImageObject\",\"inLanguage\":\"de\",\"@id\":\"https:\/\/now-news.de\/de\/#\/schema\/logo\/image\/\",\"url\":\"http:\/\/just-now.news\/de\/wp-content\/uploads\/sites\/3\/2022\/04\/logo500x500.jpg\",\"contentUrl\":\"http:\/\/just-now.news\/de\/wp-content\/uploads\/sites\/3\/2022\/04\/logo500x500.jpg\",\"width\":500,\"height\":500,\"caption\":\"Just Now News\"},\"image\":{\"@id\":\"https:\/\/now-news.de\/de\/#\/schema\/logo\/image\/\"},\"sameAs\":[\"https:\/\/www.facebook.com\/wirmachenauf\",\"https:\/\/x.com\/WirMachenAuf_de\"]},{\"@type\":\"Person\",\"@id\":\"https:\/\/now-news.de\/de\/#\/schema\/person\/fb534a4e865501d8b3285208df34a9b5\",\"name\":\"rtnews\",\"image\":{\"@type\":\"ImageObject\",\"inLanguage\":\"de\",\"@id\":\"https:\/\/now-news.de\/de\/#\/schema\/person\/image\/\",\"url\":\"https:\/\/secure.gravatar.com\/avatar\/82aafea7d8127119dd649515f56e2117?s=96&d=mm&r=g\",\"contentUrl\":\"https:\/\/secure.gravatar.com\/avatar\/82aafea7d8127119dd649515f56e2117?s=96&d=mm&r=g\",\"caption\":\"rtnews\"},\"url\":\"https:\/\/now-news.de\/de\/author\/rnews\/\"}]}<\/script>\n<!-- \/ Yoast SEO Premium plugin. -->","yoast_head_json":{"title":"Zerst\u00f6rte Krim-Br\u00fccke: Einen Monat fr\u00fcher als geplant wieder voll befahrbar - just-now.NEWS Deutschland","robots":{"index":"index","follow":"follow","max-snippet":"max-snippet:-1","max-image-preview":"max-image-preview:large","max-video-preview":"max-video-preview:-1"},"canonical":"https:\/\/now-news.de\/de\/deutschland\/zerstoerte-krim-bruecke-einen-monat-frueher-als-geplant-wieder-voll-befahrbar\/","og_locale":"de_DE","og_type":"article","og_title":"Zerst\u00f6rte Krim-Br\u00fccke: Einen Monat fr\u00fcher als geplant wieder voll befahrbar","og_description":"Am Donnerstag konnte der Verkehr auf der Krim-Br\u00fccke nach der Zerst\u00f6rung durch den Terroranschlag im Oktober bereits vollst\u00e4ndig wiederaufgenommen werden. \u00dcblicherweise dauern solche Arbeiten ein Jahr, sie konnten aber in viereinhalb Monaten abgeschlossen werden. Mehr als einen Monat vor dem geplanten Datum ist die Krim-Br\u00fccke f\u00fcr den Fahrzeugverkehr freigegeben worden. Dies gab der stellvertretende russische [&hellip;]","og_url":"https:\/\/now-news.de\/de\/deutschland\/zerstoerte-krim-bruecke-einen-monat-frueher-als-geplant-wieder-voll-befahrbar\/","og_site_name":"just-now.NEWS Deutschland","article_publisher":"https:\/\/www.facebook.com\/wirmachenauf","article_published_time":"2023-02-23T16:35:58+00:00","og_image":[{"width":460,"height":259,"url":"https:\/\/now-news.de\/de\/wp-content\/uploads\/sites\/3\/2023\/02\/Zerstoerte-Krim-Bruecke-Einen-Monat-frueher-als-geplant-wieder-voll-befahrbar.jpg","type":"image\/jpeg"}],"author":"rtnews","twitter_card":"summary_large_image","twitter_creator":"@WirMachenAuf_de","twitter_site":"@WirMachenAuf_de","twitter_misc":{"Verfasst von":"rtnews","Gesch\u00e4tzte Lesezeit":"2\u00a0Minuten"},"schema":{"@context":"https:\/\/schema.org","@graph":[{"@type":"Article","@id":"https:\/\/now-news.de\/de\/deutschland\/zerstoerte-krim-bruecke-einen-monat-frueher-als-geplant-wieder-voll-befahrbar\/#article","isPartOf":{"@id":"https:\/\/now-news.de\/de\/deutschland\/zerstoerte-krim-bruecke-einen-monat-frueher-als-geplant-wieder-voll-befahrbar\/"},"author":{"name":"rtnews","@id":"https:\/\/now-news.de\/de\/#\/schema\/person\/fb534a4e865501d8b3285208df34a9b5"},"headline":"Zerst\u00f6rte Krim-Br\u00fccke: Einen Monat fr\u00fcher als geplant wieder voll befahrbar","datePublished":"2023-02-23T16:35:58+00:00","dateModified":"2023-02-23T16:35:58+00:00","mainEntityOfPage":{"@id":"https:\/\/now-news.de\/de\/deutschland\/zerstoerte-krim-bruecke-einen-monat-frueher-als-geplant-wieder-voll-befahrbar\/"},"wordCount":449,"commentCount":0,"publisher":{"@id":"https:\/\/now-news.de\/de\/#organization"},"image":{"@id":"https:\/\/now-news.de\/de\/deutschland\/zerstoerte-krim-bruecke-einen-monat-frueher-als-geplant-wieder-voll-befahrbar\/#primaryimage"},"thumbnailUrl":"https:\/\/now-news.de\/de\/wp-content\/uploads\/sites\/3\/2023\/02\/Zerstoerte-Krim-Bruecke-Einen-Monat-frueher-als-geplant-wieder-voll-befahrbar.jpg","keywords":["als","befahrbar","einen","fr\u00fcher","geplant","KrimBr\u00fccke","Monat","voll","wieder","zerst\u00f6rte"],"articleSection":["Deutschland","Russland"],"inLanguage":"de","potentialAction":[{"@type":"CommentAction","name":"Comment","target":["https:\/\/now-news.de\/de\/deutschland\/zerstoerte-krim-bruecke-einen-monat-frueher-als-geplant-wieder-voll-befahrbar\/#respond"]}]},{"@type":"WebPage","@id":"https:\/\/now-news.de\/de\/deutschland\/zerstoerte-krim-bruecke-einen-monat-frueher-als-geplant-wieder-voll-befahrbar\/","url":"https:\/\/now-news.de\/de\/deutschland\/zerstoerte-krim-bruecke-einen-monat-frueher-als-geplant-wieder-voll-befahrbar\/","name":"Zerst\u00f6rte Krim-Br\u00fccke: Einen Monat fr\u00fcher als geplant wieder voll befahrbar - just-now.NEWS Deutschland","isPartOf":{"@id":"https:\/\/now-news.de\/de\/#website"},"primaryImageOfPage":{"@id":"https:\/\/now-news.de\/de\/deutschland\/zerstoerte-krim-bruecke-einen-monat-frueher-als-geplant-wieder-voll-befahrbar\/#primaryimage"},"image":{"@id":"https:\/\/now-news.de\/de\/deutschland\/zerstoerte-krim-bruecke-einen-monat-frueher-als-geplant-wieder-voll-befahrbar\/#primaryimage"},"thumbnailUrl":"https:\/\/now-news.de\/de\/wp-content\/uploads\/sites\/3\/2023\/02\/Zerstoerte-Krim-Bruecke-Einen-Monat-frueher-als-geplant-wieder-voll-befahrbar.jpg","datePublished":"2023-02-23T16:35:58+00:00","dateModified":"2023-02-23T16:35:58+00:00","breadcrumb":{"@id":"https:\/\/now-news.de\/de\/deutschland\/zerstoerte-krim-bruecke-einen-monat-frueher-als-geplant-wieder-voll-befahrbar\/#breadcrumb"},"inLanguage":"de","potentialAction":[{"@type":"ReadAction","target":["https:\/\/now-news.de\/de\/deutschland\/zerstoerte-krim-bruecke-einen-monat-frueher-als-geplant-wieder-voll-befahrbar\/"]}]},{"@type":"ImageObject","inLanguage":"de","@id":"https:\/\/now-news.de\/de\/deutschland\/zerstoerte-krim-bruecke-einen-monat-frueher-als-geplant-wieder-voll-befahrbar\/#primaryimage","url":"https:\/\/now-news.de\/de\/wp-content\/uploads\/sites\/3\/2023\/02\/Zerstoerte-Krim-Bruecke-Einen-Monat-frueher-als-geplant-wieder-voll-befahrbar.jpg","contentUrl":"https:\/\/now-news.de\/de\/wp-content\/uploads\/sites\/3\/2023\/02\/Zerstoerte-Krim-Bruecke-Einen-Monat-frueher-als-geplant-wieder-voll-befahrbar.jpg","width":460,"height":259,"caption":"Zerst\u00f6rte Krim-Br\u00fccke: Einen Monat fr\u00fcher als geplant wieder voll befahrbar"},{"@type":"BreadcrumbList","@id":"https:\/\/now-news.de\/de\/deutschland\/zerstoerte-krim-bruecke-einen-monat-frueher-als-geplant-wieder-voll-befahrbar\/#breadcrumb","itemListElement":[{"@type":"ListItem","position":1,"name":"Home","item":"https:\/\/now-news.de\/de\/"},{"@type":"ListItem","position":2,"name":"Zerst\u00f6rte Krim-Br\u00fccke: Einen Monat fr\u00fcher als geplant wieder voll befahrbar"}]},{"@type":"WebSite","@id":"https:\/\/now-news.de\/de\/#website","url":"https:\/\/now-news.de\/de\/","name":"just-now.NEWS Deutschland","description":"Das Portal f\u00fcr unzensierte Nachrichten aus der Welt","publisher":{"@id":"https:\/\/now-news.de\/de\/#organization"},"potentialAction":[{"@type":"SearchAction","target":{"@type":"EntryPoint","urlTemplate":"https:\/\/now-news.de\/de\/?s={search_term_string}"},"query-input":"required name=search_term_string"}],"inLanguage":"de"},{"@type":"Organization","@id":"https:\/\/now-news.de\/de\/#organization","name":"Just Now News","url":"https:\/\/now-news.de\/de\/","logo":{"@type":"ImageObject","inLanguage":"de","@id":"https:\/\/now-news.de\/de\/#\/schema\/logo\/image\/","url":"http:\/\/just-now.news\/de\/wp-content\/uploads\/sites\/3\/2022\/04\/logo500x500.jpg","contentUrl":"http:\/\/just-now.news\/de\/wp-content\/uploads\/sites\/3\/2022\/04\/logo500x500.jpg","width":500,"height":500,"caption":"Just Now News"},"image":{"@id":"https:\/\/now-news.de\/de\/#\/schema\/logo\/image\/"},"sameAs":["https:\/\/www.facebook.com\/wirmachenauf","https:\/\/x.com\/WirMachenAuf_de"]},{"@type":"Person","@id":"https:\/\/now-news.de\/de\/#\/schema\/person\/fb534a4e865501d8b3285208df34a9b5","name":"rtnews","image":{"@type":"ImageObject","inLanguage":"de","@id":"https:\/\/now-news.de\/de\/#\/schema\/person\/image\/","url":"https:\/\/secure.gravatar.com\/avatar\/82aafea7d8127119dd649515f56e2117?s=96&d=mm&r=g","contentUrl":"https:\/\/secure.gravatar.com\/avatar\/82aafea7d8127119dd649515f56e2117?s=96&d=mm&r=g","caption":"rtnews"},"url":"https:\/\/now-news.de\/de\/author\/rnews\/"}]}},"_links":{"self":[{"href":"https:\/\/now-news.de\/de\/wp-json\/wp\/v2\/posts\/30992"}],"collection":[{"href":"https:\/\/now-news.de\/de\/wp-json\/wp\/v2\/posts"}],"about":[{"href":"https:\/\/now-news.de\/de\/wp-json\/wp\/v2\/types\/post"}],"author":[{"embeddable":true,"href":"https:\/\/now-news.de\/de\/wp-json\/wp\/v2\/users\/3"}],"replies":[{"embeddable":true,"href":"https:\/\/now-news.de\/de\/wp-json\/wp\/v2\/comments?post=30992"}],"version-history":[{"count":0,"href":"https:\/\/now-news.de\/de\/wp-json\/wp\/v2\/posts\/30992\/revisions"}],"wp:featuredmedia":[{"embeddable":true,"href":"https:\/\/now-news.de\/de\/wp-json\/wp\/v2\/media\/30993"}],"wp:attachment":[{"href":"https:\/\/now-news.de\/de\/wp-json\/wp\/v2\/media?parent=30992"}],"wp:term":[{"taxonomy":"category","embeddable":true,"href":"https:\/\/now-news.de\/de\/wp-json\/wp\/v2\/categories?post=30992"},{"taxonomy":"post_tag","embeddable":true,"href":"https:\/\/now-news.de\/de\/wp-json\/wp\/v2\/tags?post=30992"}],"curies":[{"name":"wp","href":"https:\/\/api.w.org\/{rel}","templated":true}]}}