{"id":30982,"date":"2023-02-23T16:06:52","date_gmt":"2023-02-23T14:06:52","guid":{"rendered":"http:\/\/just-now.news\/de\/deutschland\/studie-zum-ukraine-konflikt-zeigt-westen-in-der-welt-isoliert\/"},"modified":"2023-02-23T16:06:52","modified_gmt":"2023-02-23T14:06:52","slug":"studie-zum-ukraine-konflikt-zeigt-westen-in-der-welt-isoliert","status":"publish","type":"post","link":"https:\/\/now-news.de\/de\/deutschland\/studie-zum-ukraine-konflikt-zeigt-westen-in-der-welt-isoliert\/","title":{"rendered":"Studie zum Ukraine-Konflikt zeigt: Westen in der Welt isoliert"},"content":{"rendered":"<p><img decoding=\"async\" src=\"http:\/\/just-now.news\/de\/wp-content\/uploads\/sites\/3\/2023\/02\/63f755dab480cc164d5551ba.jpg\" \/><\/p>\n<div class=\"Text-root Text-type_1 \">\n                Eine Studie zeigt die Auswirkungen des Ukraine-Konflikts. Der Westen wurde einerseits geeint, andererseits hat er sich durch seine Haltung zur Ukraine isoliert. Auch der Glaube, die westlichen L\u00e4nder repr\u00e4sentierten lebendige Demokratien, wird au\u00dferhalb des Westens nicht geteilt.\n            <\/div>\n<p><\/p>\n<div class=\"Text-root Text-type_5 ArticleView-text ViewText-root \">\n<p>In einer <a rel=\"nofollow noopener\" target=\"_blank\" href=\"https:\/\/ecfr.eu\/publication\/united-west-divided-from-the-rest-global-public-opinion-one-year-into-russias-war-on-ukraine\/#fragmentation-v-polarisation-what-will-define-the-next-world-order\">Studie<\/a> im Auftrag des European Council on Foreign Relations, einem Think-Tank mit Sitz in Berlin, werden die Verschiebungen im weltpolitischen Gef\u00fcge deutlich.<\/p>\n<p>Die Studie st\u00fctzt sich auf Umfragen, die sowohl in westlichen L\u00e4ndern als auch in vier L\u00e4ndern durchgef\u00fchrt wurden, die au\u00dferhalb des Westens liegen. Den westlichen Block repr\u00e4sentieren neun L\u00e4nder der EU, die USA und Gro\u00dfbritannien. Weiterhin befragt wurden B\u00fcrger Chinas, Indiens, Russlands und der T\u00fcrkei.\u00a0<\/p>\n<p>Deutlich wurde, dass der Ukraine-Krieg eine tats\u00e4chliche Zeitenwende eingeleitet hat, wenn auch anders als im Westen erwartet.\u00a0<\/p>\n<p>Auf der einen Seite wurde der Westen geeint. Die Wahrnehmung des Konflikts ist in den westlichen L\u00e4ndern weitgehend \u00e4hnlich, die Bereitschaft zur Unterst\u00fctzung der Ukraine hoch. Russland wird als Aggressor wahrgenommen. Ziel der Unterst\u00fctzung m\u00fcsse sein, der Ukraine zum Sieg zu verhelfen, hei\u00dft es.\u00a0 Die Befragten sehen die R\u00fcckkehr einer Welt mit zwei Machtpolen: den Westen auf der einen und Russland als Gegenpart auf der anderen Seite. Die Studie geht nicht darauf ein, aber es ist evident, dass diese einheitlichen Ergebnisse auf einer weitgehend gleich lautenden Berichterstattung der westlichen Medien basieren.<\/p>\n<p>Anders sieht es jedoch in den L\u00e4ndern au\u00dferhalb des Westens aus. Die Befragten w\u00fcnschen sich vor allem ein schnelles Ende des Konflikts, auch wenn die Ukraine daf\u00fcr Teile ihres Territoriums an Russland abtreten muss. Auch\u00a0der Wahrnehmung, der Westen unterst\u00fctze die Ukraine bei der Selbstverteidigung, wird\u00a0in den nicht westlichen L\u00e4ndern\u00a0wenig Glauben geschenkt. Vielmehr nimmt ein gro\u00dfer Teil der in China und Russland Befragten an, dem Westen gehe es bei seiner Unterst\u00fctzung vor allem um den Erhalt der eigenen Dominanz.\u00a0<\/p>\n<p>Die These, dass es sich bei den Staaten des Westens um lupenreine Demokratien handelt, wird au\u00dferhalb des Westens nicht geteilt. So sieht mit 77 Prozent ein hoher Anteil der befragten Chinesen die Demokratie am besten in China verwirklicht. Selbst in Russland, wo die gr\u00f6\u00dfte Gruppe von \u00fcber drei\u00dfig Prozent der Befragten die Demokratie nirgendwo gut\u00a0umgesetzt sieht, glauben mit zwanzig Prozent mehr Menschen, die Demokratie sei in Russland n\u00e4her am Idealzustand als in den USA, wo ledliglich 18 Prozent der Befragten die Demokratie perfekt umgesetzt sehen.\u00a0<\/p>\n<p>Weiterhin glauben die Menschen au\u00dferhalb des Westens, die Welt werde k\u00fcnftig \u00fcber mehrere Machtzentren verf\u00fcgen. In dieser multipolaren Welt ist der Westen lediglich ein Machtpol, der aber keine hegemoniale Stellung innehat. Der Westen wird an Einfluss verlieren, ist man sich au\u00dferhalb der westlichen Hemisph\u00e4re sicher.<\/p>\n<p>Dar\u00fcber hinaus sieht man au\u00dferhalb des Westens Russland durch den Ukraine-Konflikt deutlich gest\u00e4rkt, w\u00e4hrend im Westen eine Mehrheit glaubt, Russland w\u00fcrde durch den Konflikt geschw\u00e4cht.\u00a0Die Umfrage ergab, dass drei Viertel der Befragten in China (76 Prozent), Indien (77 Prozent) und der T\u00fcrkei (73 Prozent) Russland heute als st\u00e4rker oder \u00e4hnlich stark wie vor einem Jahr einsch\u00e4tzen. Dagegen\u00a0 sehen 42 Prozent der befragten US-B\u00fcrger und 49 Prozent der Briten Russland geschw\u00e4cht. Au\u00dferhalb des Westens nimmt man Russland als Alliierten oder strategischen Partner war, im Westen dagegen als Rivalen oder Gegner.\u00a0<\/p>\n<p>Folglich\u00a0macht die Studie deutlich, dass der Westen in seiner Haltung zum Ukraine-Konflikt isoliert ist. Das spiegelt sich auch in der mangelnden Unterst\u00fctzung der westlichen Sanktionspolitik durch die Staaten au\u00dferhalb des kollektiven Westens wider.\u00a0<\/p>\n<p><strong>Mehr zum Thema\u00a0\u2013 <\/strong><a rel=\"nofollow noopener\" target=\"_blank\" href=\"https:\/\/fromrussiawithlove.rtde.live\/international\/163681-baerbock-wirbt-fuer-un-resolution\/\">Baerbock wirbt f\u00fcr UN-Resolution gegen Russland<\/a><\/p>\n<\/p>\n<\/div>\n<p><br \/>\n<br \/><a href=\"https:\/\/de.rt.com\/international\/163697-studie-zeigt-westen-im-ukraine\/\">Source link <\/a><\/p>\n","protected":false},"excerpt":{"rendered":"<p>Eine Studie zeigt die Auswirkungen des Ukraine-Konflikts. Der Westen wurde einerseits geeint, andererseits hat er sich durch seine Haltung zur Ukraine isoliert. Auch der Glaube, die westlichen L\u00e4nder repr\u00e4sentierten lebendige Demokratien, wird au\u00dferhalb des Westens nicht geteilt. In einer Studie im Auftrag des European Council on Foreign Relations, einem Think-Tank mit Sitz in Berlin, werden [&hellip;]<\/p>\n","protected":false},"author":3,"featured_media":30983,"comment_status":"open","ping_status":"open","sticky":false,"template":"","format":"standard","meta":{"_yoast_indexnow_last_ping":["1677161412"],"wp_automatic_camp":["217"],"da08a0f1bbc148890ae170b18cfa626a":["Studie zum Ukraine-Konflikt zeigt: Westen in der Welt isoliert"],"original_link":["https:\/\/de.rt.com\/international\/163697-studie-zeigt-westen-im-ukraine\/"],"_thumbnail_id":["30983"],"_wptgpro_p2tg_sent2tg":["a:1:{i:23737;s:19:\"2023-02-23 16:11:24\";}"],"jnews_social_counter_last_update":["1777170543"]},"categories":[19,23],"tags":[82,8349,10038,1173,778,378,5315,565],"yoast_head":"<!-- This site is optimized with the Yoast SEO Premium plugin v22.7 (Yoast SEO v22.7) - https:\/\/yoast.com\/wordpress\/plugins\/seo\/ -->\n<title>Studie zum Ukraine-Konflikt zeigt: Westen in der Welt isoliert - just-now.NEWS Deutschland<\/title>\n<meta name=\"robots\" content=\"index, follow, max-snippet:-1, max-image-preview:large, max-video-preview:-1\" \/>\n<link rel=\"canonical\" href=\"https:\/\/now-news.de\/de\/deutschland\/studie-zum-ukraine-konflikt-zeigt-westen-in-der-welt-isoliert\/\" \/>\n<meta property=\"og:locale\" content=\"de_DE\" \/>\n<meta property=\"og:type\" content=\"article\" \/>\n<meta property=\"og:title\" content=\"Studie zum Ukraine-Konflikt zeigt: Westen in der Welt isoliert\" \/>\n<meta property=\"og:description\" content=\"Eine Studie zeigt die Auswirkungen des Ukraine-Konflikts. Der Westen wurde einerseits geeint, andererseits hat er sich durch seine Haltung zur Ukraine isoliert. Auch der Glaube, die westlichen L\u00e4nder repr\u00e4sentierten lebendige Demokratien, wird au\u00dferhalb des Westens nicht geteilt. In einer Studie im Auftrag des European Council on Foreign Relations, einem Think-Tank mit Sitz in Berlin, werden [&hellip;]\" \/>\n<meta property=\"og:url\" content=\"https:\/\/now-news.de\/de\/deutschland\/studie-zum-ukraine-konflikt-zeigt-westen-in-der-welt-isoliert\/\" \/>\n<meta property=\"og:site_name\" content=\"just-now.NEWS Deutschland\" \/>\n<meta property=\"article:publisher\" content=\"https:\/\/www.facebook.com\/wirmachenauf\" \/>\n<meta property=\"article:published_time\" content=\"2023-02-23T14:06:52+00:00\" \/>\n<meta property=\"og:image\" content=\"https:\/\/now-news.de\/de\/wp-content\/uploads\/sites\/3\/2023\/02\/Studie-zum-Ukraine-Konflikt-zeigt-Westen-in-der-Welt-isoliert.jpg\" \/>\n\t<meta property=\"og:image:width\" content=\"460\" \/>\n\t<meta property=\"og:image:height\" content=\"259\" \/>\n\t<meta property=\"og:image:type\" content=\"image\/jpeg\" \/>\n<meta name=\"author\" content=\"rtnews\" \/>\n<meta name=\"twitter:card\" content=\"summary_large_image\" \/>\n<meta name=\"twitter:creator\" content=\"@WirMachenAuf_de\" \/>\n<meta name=\"twitter:site\" content=\"@WirMachenAuf_de\" \/>\n<meta name=\"twitter:label1\" content=\"Verfasst von\" \/>\n\t<meta name=\"twitter:data1\" content=\"rtnews\" \/>\n\t<meta name=\"twitter:label2\" content=\"Gesch\u00e4tzte Lesezeit\" \/>\n\t<meta name=\"twitter:data2\" content=\"3\u00a0Minuten\" \/>\n<script type=\"application\/ld+json\" class=\"yoast-schema-graph\">{\"@context\":\"https:\/\/schema.org\",\"@graph\":[{\"@type\":\"Article\",\"@id\":\"https:\/\/now-news.de\/de\/deutschland\/studie-zum-ukraine-konflikt-zeigt-westen-in-der-welt-isoliert\/#article\",\"isPartOf\":{\"@id\":\"https:\/\/now-news.de\/de\/deutschland\/studie-zum-ukraine-konflikt-zeigt-westen-in-der-welt-isoliert\/\"},\"author\":{\"name\":\"rtnews\",\"@id\":\"https:\/\/now-news.de\/de\/#\/schema\/person\/fb534a4e865501d8b3285208df34a9b5\"},\"headline\":\"Studie zum Ukraine-Konflikt zeigt: Westen in der Welt isoliert\",\"datePublished\":\"2023-02-23T14:06:52+00:00\",\"dateModified\":\"2023-02-23T14:06:52+00:00\",\"mainEntityOfPage\":{\"@id\":\"https:\/\/now-news.de\/de\/deutschland\/studie-zum-ukraine-konflikt-zeigt-westen-in-der-welt-isoliert\/\"},\"wordCount\":617,\"commentCount\":0,\"publisher\":{\"@id\":\"https:\/\/now-news.de\/de\/#organization\"},\"image\":{\"@id\":\"https:\/\/now-news.de\/de\/deutschland\/studie-zum-ukraine-konflikt-zeigt-westen-in-der-welt-isoliert\/#primaryimage\"},\"thumbnailUrl\":\"https:\/\/now-news.de\/de\/wp-content\/uploads\/sites\/3\/2023\/02\/Studie-zum-Ukraine-Konflikt-zeigt-Westen-in-der-Welt-isoliert.jpg\",\"keywords\":[\"der\",\"isoliert\",\"STUDIE\",\"UkraineKonflikt\",\"Welt\",\"Westen\",\"zeigt\",\"zum\"],\"articleSection\":[\"Deutschland\",\"Russland\"],\"inLanguage\":\"de\",\"potentialAction\":[{\"@type\":\"CommentAction\",\"name\":\"Comment\",\"target\":[\"https:\/\/now-news.de\/de\/deutschland\/studie-zum-ukraine-konflikt-zeigt-westen-in-der-welt-isoliert\/#respond\"]}]},{\"@type\":\"WebPage\",\"@id\":\"https:\/\/now-news.de\/de\/deutschland\/studie-zum-ukraine-konflikt-zeigt-westen-in-der-welt-isoliert\/\",\"url\":\"https:\/\/now-news.de\/de\/deutschland\/studie-zum-ukraine-konflikt-zeigt-westen-in-der-welt-isoliert\/\",\"name\":\"Studie zum Ukraine-Konflikt zeigt: Westen in der Welt isoliert - just-now.NEWS Deutschland\",\"isPartOf\":{\"@id\":\"https:\/\/now-news.de\/de\/#website\"},\"primaryImageOfPage\":{\"@id\":\"https:\/\/now-news.de\/de\/deutschland\/studie-zum-ukraine-konflikt-zeigt-westen-in-der-welt-isoliert\/#primaryimage\"},\"image\":{\"@id\":\"https:\/\/now-news.de\/de\/deutschland\/studie-zum-ukraine-konflikt-zeigt-westen-in-der-welt-isoliert\/#primaryimage\"},\"thumbnailUrl\":\"https:\/\/now-news.de\/de\/wp-content\/uploads\/sites\/3\/2023\/02\/Studie-zum-Ukraine-Konflikt-zeigt-Westen-in-der-Welt-isoliert.jpg\",\"datePublished\":\"2023-02-23T14:06:52+00:00\",\"dateModified\":\"2023-02-23T14:06:52+00:00\",\"breadcrumb\":{\"@id\":\"https:\/\/now-news.de\/de\/deutschland\/studie-zum-ukraine-konflikt-zeigt-westen-in-der-welt-isoliert\/#breadcrumb\"},\"inLanguage\":\"de\",\"potentialAction\":[{\"@type\":\"ReadAction\",\"target\":[\"https:\/\/now-news.de\/de\/deutschland\/studie-zum-ukraine-konflikt-zeigt-westen-in-der-welt-isoliert\/\"]}]},{\"@type\":\"ImageObject\",\"inLanguage\":\"de\",\"@id\":\"https:\/\/now-news.de\/de\/deutschland\/studie-zum-ukraine-konflikt-zeigt-westen-in-der-welt-isoliert\/#primaryimage\",\"url\":\"https:\/\/now-news.de\/de\/wp-content\/uploads\/sites\/3\/2023\/02\/Studie-zum-Ukraine-Konflikt-zeigt-Westen-in-der-Welt-isoliert.jpg\",\"contentUrl\":\"https:\/\/now-news.de\/de\/wp-content\/uploads\/sites\/3\/2023\/02\/Studie-zum-Ukraine-Konflikt-zeigt-Westen-in-der-Welt-isoliert.jpg\",\"width\":460,\"height\":259,\"caption\":\"Studie zum Ukraine-Konflikt zeigt: Westen in der Welt isoliert\"},{\"@type\":\"BreadcrumbList\",\"@id\":\"https:\/\/now-news.de\/de\/deutschland\/studie-zum-ukraine-konflikt-zeigt-westen-in-der-welt-isoliert\/#breadcrumb\",\"itemListElement\":[{\"@type\":\"ListItem\",\"position\":1,\"name\":\"Home\",\"item\":\"https:\/\/now-news.de\/de\/\"},{\"@type\":\"ListItem\",\"position\":2,\"name\":\"Studie zum Ukraine-Konflikt zeigt: Westen in der Welt isoliert\"}]},{\"@type\":\"WebSite\",\"@id\":\"https:\/\/now-news.de\/de\/#website\",\"url\":\"https:\/\/now-news.de\/de\/\",\"name\":\"just-now.NEWS Deutschland\",\"description\":\"Das Portal f\u00fcr unzensierte Nachrichten aus der Welt\",\"publisher\":{\"@id\":\"https:\/\/now-news.de\/de\/#organization\"},\"potentialAction\":[{\"@type\":\"SearchAction\",\"target\":{\"@type\":\"EntryPoint\",\"urlTemplate\":\"https:\/\/now-news.de\/de\/?s={search_term_string}\"},\"query-input\":\"required name=search_term_string\"}],\"inLanguage\":\"de\"},{\"@type\":\"Organization\",\"@id\":\"https:\/\/now-news.de\/de\/#organization\",\"name\":\"Just Now News\",\"url\":\"https:\/\/now-news.de\/de\/\",\"logo\":{\"@type\":\"ImageObject\",\"inLanguage\":\"de\",\"@id\":\"https:\/\/now-news.de\/de\/#\/schema\/logo\/image\/\",\"url\":\"http:\/\/just-now.news\/de\/wp-content\/uploads\/sites\/3\/2022\/04\/logo500x500.jpg\",\"contentUrl\":\"http:\/\/just-now.news\/de\/wp-content\/uploads\/sites\/3\/2022\/04\/logo500x500.jpg\",\"width\":500,\"height\":500,\"caption\":\"Just Now News\"},\"image\":{\"@id\":\"https:\/\/now-news.de\/de\/#\/schema\/logo\/image\/\"},\"sameAs\":[\"https:\/\/www.facebook.com\/wirmachenauf\",\"https:\/\/x.com\/WirMachenAuf_de\"]},{\"@type\":\"Person\",\"@id\":\"https:\/\/now-news.de\/de\/#\/schema\/person\/fb534a4e865501d8b3285208df34a9b5\",\"name\":\"rtnews\",\"image\":{\"@type\":\"ImageObject\",\"inLanguage\":\"de\",\"@id\":\"https:\/\/now-news.de\/de\/#\/schema\/person\/image\/\",\"url\":\"https:\/\/secure.gravatar.com\/avatar\/82aafea7d8127119dd649515f56e2117?s=96&d=mm&r=g\",\"contentUrl\":\"https:\/\/secure.gravatar.com\/avatar\/82aafea7d8127119dd649515f56e2117?s=96&d=mm&r=g\",\"caption\":\"rtnews\"},\"url\":\"https:\/\/now-news.de\/de\/author\/rnews\/\"}]}<\/script>\n<!-- \/ Yoast SEO Premium plugin. -->","yoast_head_json":{"title":"Studie zum Ukraine-Konflikt zeigt: Westen in der Welt isoliert - just-now.NEWS Deutschland","robots":{"index":"index","follow":"follow","max-snippet":"max-snippet:-1","max-image-preview":"max-image-preview:large","max-video-preview":"max-video-preview:-1"},"canonical":"https:\/\/now-news.de\/de\/deutschland\/studie-zum-ukraine-konflikt-zeigt-westen-in-der-welt-isoliert\/","og_locale":"de_DE","og_type":"article","og_title":"Studie zum Ukraine-Konflikt zeigt: Westen in der Welt isoliert","og_description":"Eine Studie zeigt die Auswirkungen des Ukraine-Konflikts. Der Westen wurde einerseits geeint, andererseits hat er sich durch seine Haltung zur Ukraine isoliert. Auch der Glaube, die westlichen L\u00e4nder repr\u00e4sentierten lebendige Demokratien, wird au\u00dferhalb des Westens nicht geteilt. In einer Studie im Auftrag des European Council on Foreign Relations, einem Think-Tank mit Sitz in Berlin, werden [&hellip;]","og_url":"https:\/\/now-news.de\/de\/deutschland\/studie-zum-ukraine-konflikt-zeigt-westen-in-der-welt-isoliert\/","og_site_name":"just-now.NEWS Deutschland","article_publisher":"https:\/\/www.facebook.com\/wirmachenauf","article_published_time":"2023-02-23T14:06:52+00:00","og_image":[{"width":460,"height":259,"url":"https:\/\/now-news.de\/de\/wp-content\/uploads\/sites\/3\/2023\/02\/Studie-zum-Ukraine-Konflikt-zeigt-Westen-in-der-Welt-isoliert.jpg","type":"image\/jpeg"}],"author":"rtnews","twitter_card":"summary_large_image","twitter_creator":"@WirMachenAuf_de","twitter_site":"@WirMachenAuf_de","twitter_misc":{"Verfasst von":"rtnews","Gesch\u00e4tzte Lesezeit":"3\u00a0Minuten"},"schema":{"@context":"https:\/\/schema.org","@graph":[{"@type":"Article","@id":"https:\/\/now-news.de\/de\/deutschland\/studie-zum-ukraine-konflikt-zeigt-westen-in-der-welt-isoliert\/#article","isPartOf":{"@id":"https:\/\/now-news.de\/de\/deutschland\/studie-zum-ukraine-konflikt-zeigt-westen-in-der-welt-isoliert\/"},"author":{"name":"rtnews","@id":"https:\/\/now-news.de\/de\/#\/schema\/person\/fb534a4e865501d8b3285208df34a9b5"},"headline":"Studie zum Ukraine-Konflikt zeigt: Westen in der Welt isoliert","datePublished":"2023-02-23T14:06:52+00:00","dateModified":"2023-02-23T14:06:52+00:00","mainEntityOfPage":{"@id":"https:\/\/now-news.de\/de\/deutschland\/studie-zum-ukraine-konflikt-zeigt-westen-in-der-welt-isoliert\/"},"wordCount":617,"commentCount":0,"publisher":{"@id":"https:\/\/now-news.de\/de\/#organization"},"image":{"@id":"https:\/\/now-news.de\/de\/deutschland\/studie-zum-ukraine-konflikt-zeigt-westen-in-der-welt-isoliert\/#primaryimage"},"thumbnailUrl":"https:\/\/now-news.de\/de\/wp-content\/uploads\/sites\/3\/2023\/02\/Studie-zum-Ukraine-Konflikt-zeigt-Westen-in-der-Welt-isoliert.jpg","keywords":["der","isoliert","STUDIE","UkraineKonflikt","Welt","Westen","zeigt","zum"],"articleSection":["Deutschland","Russland"],"inLanguage":"de","potentialAction":[{"@type":"CommentAction","name":"Comment","target":["https:\/\/now-news.de\/de\/deutschland\/studie-zum-ukraine-konflikt-zeigt-westen-in-der-welt-isoliert\/#respond"]}]},{"@type":"WebPage","@id":"https:\/\/now-news.de\/de\/deutschland\/studie-zum-ukraine-konflikt-zeigt-westen-in-der-welt-isoliert\/","url":"https:\/\/now-news.de\/de\/deutschland\/studie-zum-ukraine-konflikt-zeigt-westen-in-der-welt-isoliert\/","name":"Studie zum Ukraine-Konflikt zeigt: Westen in der Welt isoliert - just-now.NEWS Deutschland","isPartOf":{"@id":"https:\/\/now-news.de\/de\/#website"},"primaryImageOfPage":{"@id":"https:\/\/now-news.de\/de\/deutschland\/studie-zum-ukraine-konflikt-zeigt-westen-in-der-welt-isoliert\/#primaryimage"},"image":{"@id":"https:\/\/now-news.de\/de\/deutschland\/studie-zum-ukraine-konflikt-zeigt-westen-in-der-welt-isoliert\/#primaryimage"},"thumbnailUrl":"https:\/\/now-news.de\/de\/wp-content\/uploads\/sites\/3\/2023\/02\/Studie-zum-Ukraine-Konflikt-zeigt-Westen-in-der-Welt-isoliert.jpg","datePublished":"2023-02-23T14:06:52+00:00","dateModified":"2023-02-23T14:06:52+00:00","breadcrumb":{"@id":"https:\/\/now-news.de\/de\/deutschland\/studie-zum-ukraine-konflikt-zeigt-westen-in-der-welt-isoliert\/#breadcrumb"},"inLanguage":"de","potentialAction":[{"@type":"ReadAction","target":["https:\/\/now-news.de\/de\/deutschland\/studie-zum-ukraine-konflikt-zeigt-westen-in-der-welt-isoliert\/"]}]},{"@type":"ImageObject","inLanguage":"de","@id":"https:\/\/now-news.de\/de\/deutschland\/studie-zum-ukraine-konflikt-zeigt-westen-in-der-welt-isoliert\/#primaryimage","url":"https:\/\/now-news.de\/de\/wp-content\/uploads\/sites\/3\/2023\/02\/Studie-zum-Ukraine-Konflikt-zeigt-Westen-in-der-Welt-isoliert.jpg","contentUrl":"https:\/\/now-news.de\/de\/wp-content\/uploads\/sites\/3\/2023\/02\/Studie-zum-Ukraine-Konflikt-zeigt-Westen-in-der-Welt-isoliert.jpg","width":460,"height":259,"caption":"Studie zum Ukraine-Konflikt zeigt: Westen in der Welt isoliert"},{"@type":"BreadcrumbList","@id":"https:\/\/now-news.de\/de\/deutschland\/studie-zum-ukraine-konflikt-zeigt-westen-in-der-welt-isoliert\/#breadcrumb","itemListElement":[{"@type":"ListItem","position":1,"name":"Home","item":"https:\/\/now-news.de\/de\/"},{"@type":"ListItem","position":2,"name":"Studie zum Ukraine-Konflikt zeigt: Westen in der Welt isoliert"}]},{"@type":"WebSite","@id":"https:\/\/now-news.de\/de\/#website","url":"https:\/\/now-news.de\/de\/","name":"just-now.NEWS Deutschland","description":"Das Portal f\u00fcr unzensierte Nachrichten aus der Welt","publisher":{"@id":"https:\/\/now-news.de\/de\/#organization"},"potentialAction":[{"@type":"SearchAction","target":{"@type":"EntryPoint","urlTemplate":"https:\/\/now-news.de\/de\/?s={search_term_string}"},"query-input":"required name=search_term_string"}],"inLanguage":"de"},{"@type":"Organization","@id":"https:\/\/now-news.de\/de\/#organization","name":"Just Now News","url":"https:\/\/now-news.de\/de\/","logo":{"@type":"ImageObject","inLanguage":"de","@id":"https:\/\/now-news.de\/de\/#\/schema\/logo\/image\/","url":"http:\/\/just-now.news\/de\/wp-content\/uploads\/sites\/3\/2022\/04\/logo500x500.jpg","contentUrl":"http:\/\/just-now.news\/de\/wp-content\/uploads\/sites\/3\/2022\/04\/logo500x500.jpg","width":500,"height":500,"caption":"Just Now News"},"image":{"@id":"https:\/\/now-news.de\/de\/#\/schema\/logo\/image\/"},"sameAs":["https:\/\/www.facebook.com\/wirmachenauf","https:\/\/x.com\/WirMachenAuf_de"]},{"@type":"Person","@id":"https:\/\/now-news.de\/de\/#\/schema\/person\/fb534a4e865501d8b3285208df34a9b5","name":"rtnews","image":{"@type":"ImageObject","inLanguage":"de","@id":"https:\/\/now-news.de\/de\/#\/schema\/person\/image\/","url":"https:\/\/secure.gravatar.com\/avatar\/82aafea7d8127119dd649515f56e2117?s=96&d=mm&r=g","contentUrl":"https:\/\/secure.gravatar.com\/avatar\/82aafea7d8127119dd649515f56e2117?s=96&d=mm&r=g","caption":"rtnews"},"url":"https:\/\/now-news.de\/de\/author\/rnews\/"}]}},"_links":{"self":[{"href":"https:\/\/now-news.de\/de\/wp-json\/wp\/v2\/posts\/30982"}],"collection":[{"href":"https:\/\/now-news.de\/de\/wp-json\/wp\/v2\/posts"}],"about":[{"href":"https:\/\/now-news.de\/de\/wp-json\/wp\/v2\/types\/post"}],"author":[{"embeddable":true,"href":"https:\/\/now-news.de\/de\/wp-json\/wp\/v2\/users\/3"}],"replies":[{"embeddable":true,"href":"https:\/\/now-news.de\/de\/wp-json\/wp\/v2\/comments?post=30982"}],"version-history":[{"count":0,"href":"https:\/\/now-news.de\/de\/wp-json\/wp\/v2\/posts\/30982\/revisions"}],"wp:featuredmedia":[{"embeddable":true,"href":"https:\/\/now-news.de\/de\/wp-json\/wp\/v2\/media\/30983"}],"wp:attachment":[{"href":"https:\/\/now-news.de\/de\/wp-json\/wp\/v2\/media?parent=30982"}],"wp:term":[{"taxonomy":"category","embeddable":true,"href":"https:\/\/now-news.de\/de\/wp-json\/wp\/v2\/categories?post=30982"},{"taxonomy":"post_tag","embeddable":true,"href":"https:\/\/now-news.de\/de\/wp-json\/wp\/v2\/tags?post=30982"}],"curies":[{"name":"wp","href":"https:\/\/api.w.org\/{rel}","templated":true}]}}