{"id":30908,"date":"2023-02-22T18:24:36","date_gmt":"2023-02-22T16:24:36","guid":{"rendered":"https:\/\/just-now.news\/de\/deutschland\/aus-kritikern-mach-nazis-die-oeffentlich-rechtlichen-verschwoerungsmythen-des-wdr\/"},"modified":"2023-02-22T18:24:36","modified_gmt":"2023-02-22T16:24:36","slug":"aus-kritikern-mach-nazis-die-oeffentlich-rechtlichen-verschwoerungsmythen-des-wdr","status":"publish","type":"post","link":"https:\/\/now-news.de\/de\/deutschland\/aus-kritikern-mach-nazis-die-oeffentlich-rechtlichen-verschwoerungsmythen-des-wdr\/","title":{"rendered":"Aus Kritikern mach Nazis: Die &quot;\u00f6ffentlich-rechtlichen&quot; Verschw\u00f6rungsmythen des WDR"},"content":{"rendered":"<p><img decoding=\"async\" src=\"http:\/\/just-now.news\/de\/wp-content\/uploads\/sites\/3\/2023\/02\/63f6312548fbef4d4804516d.jpg\" \/><\/p>\n<div class=\"Text-root Text-type_1 \">\n                Ungepr\u00fcfte Verleumdungen, Manipulation und Geschichtsverf\u00e4lschung: Wie der WDR die Grunds\u00e4tze des Journalismus gegen fragw\u00fcrdige politische Propaganda eintauscht, zeigt ein Beitrag \u00fcber den Schweizer Historiker Daniele Ganser.\n            <\/div>\n<p><\/p>\n<div class=\"Text-root Text-type_5 ArticleView-text ViewText-root \">\n<p><em>Von Susan Bonath<\/em><\/p>\n<p>Der \u00f6ffentlich-rechtliche Rundfunk in Deutschland ist zu journalistischer Sorgfalt verpflichtet. Er muss sein Programm nicht nur auf gr\u00f6\u00dftm\u00f6gliche Objektivit\u00e4t, sondern auch den Inhalt aufgestellter Behauptungen auf Wahrheit pr\u00fcfen. Daf\u00fcr zahlt jeder Haushalt eine monatliche Pflichtgeb\u00fchr. So steht es im Medienstaatsvertrag. Doch <em>ARD<\/em>, <em>ZDF<\/em> und ihre Regionalsender halten sich immer weniger daran. Als ein Beispiel von vielen steht hierf\u00fcr ein <em>WDR-Beitrag<\/em> \u00fcber ein geplantes Auftrittsverbot des Historikers Daniele Ganser: Das Machwerk wimmelt von ungepr\u00fcften Behauptungen und Diskreditierungen.<a rel=\"nofollow noopener\" target=\"_blank\" href=\"https:\/\/www1.wdr.de\/nachrichten\/ruhrgebiet\/aerger-auftritt-daniele-ganser-dortmund-100.html\"><\/a> Nicht einmal journalistische Minimalstandards wurden eingehalten.<\/p>\n<p>Der Bericht \u00fcber Ganser ist kein Einzelfall. Aber er soll dazu dienen, das Ausma\u00df der Verst\u00f6\u00dfe gegen s\u00e4mtliche journalistische Grunds\u00e4tze und Regeln zu verdeutlichen. Offensichtlich haben die \u00f6ffentlich-rechtlichen Medien\u00a0die von Geb\u00fchrenzahlern zu Recht erwartete Qualit\u00e4t zugunsten ihrer eigenen politischen Agenda vollst\u00e4ndig geopfert. Die Interessen der mehrheitlich lohnabh\u00e4ngigen Bev\u00f6lkerung vertreten sie mit ihrer Agenda garantiert nicht. Man nennt es auch Propaganda.<\/p>\n<p><strong>Diskreditieren mit Totschlagkeulen<\/strong><\/p>\n<p>Es geht um ganz Grunds\u00e4tzliches, das noch vor dem Gebot gr\u00f6\u00dftm\u00f6glicher Objektivit\u00e4t, Unparteilichkeit und der Wahrung von Meinungsvielfalt steht. Schon aus Gr\u00fcnden der Berufsehre sollte sich jeder Journalist daranhalten. So hei\u00dft es im Paragrafen 19 des Medienstaatsvertrags:<\/p>\n<p><strong><em>&#8220;Nachrichten sind vom Anbieter vor ihrer Verbreitung mit der nach den Umst\u00e4nden gebotenen Sorgfalt auf Inhalt, Herkunft und Wahrheit zu pr\u00fcfen.&#8221;<\/em><\/strong><\/p>\n<p>In seinem <a rel=\"nofollow noopener\" target=\"_blank\" href=\"https:\/\/www1.wdr.de\/nachrichten\/ruhrgebiet\/aerger-auftritt-daniele-ganser-dortmund-100.html\">Beitrag<\/a> vom 6. Februar &#8220;berichtete&#8221; der <em>WDR<\/em> \u00fcber ein medial und politisch erwirktes Auftrittsverbot des Schweizer Historikers Daniele Ganser in den Dortmunder Westfalenhallen. Allerdings weichen die Autoren Christof Voigt und Till Krause schon in der \u00dcberschrift von journalistischen Grundprinzipien ab und diskreditieren Ganser pers\u00f6nlich, ohne nachfolgend einen Beleg anzuf\u00fchren. Sie titeln:<\/p>\n<p><strong>&#8220;Verschw\u00f6rungserz\u00e4hler Ganser: Auftritt in Dortmund abgesagt.&#8221;<\/strong><\/p>\n<p>Seit Jahren diskreditieren politische Meinungsf\u00fchrer ihre Gegner mit der &#8220;Totschlagkeule&#8221;, sie w\u00fcrden Verschw\u00f6rungstheorien oder -erz\u00e4hlungen verbreiten. Darunter subsumieren sie in der Regel nicht nur Verbreiter von Fantasiegeschichten, etwa \u00fcber eine flache Erde (wobei auch das erlaubt sein muss), sondern wirklich alles, was den Verlautbarungen der Regierenden widerspricht. So auch hier: Die vermeintlichen &#8220;Verschw\u00f6rungserz\u00e4hlungen&#8221; verbreitete der Historiker zu &#8220;9\/11 und Corona&#8221;, hei\u00dft es weiter unten.<\/p>\n<p>Nun strotzt die j\u00fcngere Geschichte nur so von bewiesenen L\u00fcgen der Herrschenden. Man ben\u00f6tigt kein Abitur, um zu erahnen, dass auch die regierungsoffiziellen Erz\u00e4hlungen \u00fcber die Anschl\u00e4ge am 11. September 2001 in den USA sowie \u00fcber die Corona-Pandemie zahlreiche logische L\u00fccken aufweisen. Doch wer nur an der offiziellen Version zu zweifeln wagt, wird mit der Totschlagkeule &#8220;Verschw\u00f6rungserz\u00e4hler&#8221; ins Reich der &#8220;nicht ganz Zurechnungsf\u00e4higen&#8221;, der &#8220;Unber\u00fchrbaren&#8221; verbannt.<\/p>\n<p><strong>Paranoide Zirkelschl\u00fcsse und verf\u00e4lschte Geschichte<\/strong><\/p>\n<p>Es folgt die bekannte Kette paranoiden Zirkelschluss-Denkens: Wer an Regierungsgeschichten zweifelt, also &#8220;Verschw\u00f6rungstheorien verbreitet&#8221;, sei nicht nur &#8220;nicht ganz dicht&#8221;, sondern automatisch rechtsextrem, Antisemit, Rassist und demnach ausgesprochen gef\u00e4hrlich. Dazu passt auch die neben den Dortmunder Stadtr\u00e4ten Ingrid Reuter (Gr\u00fcne) und Uwe Wa\u00dfmann (CDU) einzige Referenzquelle des <em>WDR<\/em>: Ein &#8220;Dortmunder Netzwerk zur Bek\u00e4mpfung von Antisemitismus&#8221;.<\/p>\n<p>Dieses Netzwerk gr\u00fcndete sich 2019 als &#8220;Kind&#8221; der st\u00e4dtischen Politik, wie aus dessen\u00a0<a rel=\"nofollow noopener\" target=\"_blank\" href=\"https:\/\/www.dortmund.de\/media\/p\/vielfalt\/downloads_wahlen\/Grundsatzerklaerung_zur_Bekaempfung_von_Antisemitismus_Dortmund.pdf\">Grundsatzerkl\u00e4rung<\/a>\u00a0hervorgeht. Was genau &#8220;antisemitische Ressentiments&#8221; sein sollen, definiert es demzufolge nach den Vorgaben der Bundesregierung. Auch &#8220;Antiimperialismus&#8221; z\u00e4hlt es dazu. Dies gr\u00fcndet auf der Fehldeutung, die NSDAP unter Hitler sei eine antiimperialistische Partei gewesen, weil sie j\u00fcdische Kleinkapitalisten enteignete. Tats\u00e4chlich kl\u00fcngelte Nazideutschland sehr wohl mit Teilen des westlichen Gro\u00dfkapitals. Dies endete im Zweiten Weltkrieg, in dem es um imperialistische Machtanspr\u00fcche ging.<\/p>\n<p>Die Gleichsetzung von Antiimperialismus und Antisemitismus ist somit geschichtsverf\u00e4lschender Unsinn oder eine &#8220;krude Verschw\u00f6rungserz\u00e4hlung&#8221;, um es mit dem Wortschatz der <em>WDR<\/em>-Autoren Voigt und Krause auszudr\u00fccken. Doch offenbar hapert es bei den Verfassern und Absegnern solcher Beitr\u00e4ge an Selbstreflektion: Man projiziert die eigenen Hirngespinste einfach auf den politischen Gegner \u2013 und spinnt damit ganz eigene &#8220;Verschw\u00f6rungsmythen&#8221;.<\/p>\n<p><strong>Vom Kritiker zum &#8220;Nazi&#8221;<\/strong><\/p>\n<p>So reiht sich Zirkelschluss an Zirkelschluss: Der <em>WDR<\/em> l\u00e4sst einen gewissen Micha Neumann, Mitglied des Dortmunder Netzwerks, frei von der Leber weg fabulieren, ohne auch nur einmal nachzuhaken oder selbst zu recherchieren, ob dessen Behauptungen denn stimmen. Neumann nannte Ganser etwa einen &#8220;Star der verschw\u00f6rungsideologischen Szene&#8221; (Wie definiert sich diese angebliche &#8220;Szene&#8221;?). Als solcher\u00a0setzte er, laut\u00a0den Autoren,\u00a0in einem niederl\u00e4ndischen Dokumentarfilm &#8220;die von ihm wahrgenommene &#8216;Spaltung zwischen geimpft und ungeimpft&#8217; mit der Verfolgung von J\u00fcdinnen und Juden im Dritten Reich gleich&#8221;.<\/p>\n<p>Die Behauptung ist f\u00fcr den Leser oder H\u00f6rer nicht nachpr\u00fcfbar, denn den Film mit der angeblichen Gleichsetzung hat der <em>WDR<\/em> nicht verlinkt. Vermutlich verwechseln die Autoren hier aber (absichtlich?) den gravierenden Unterschied zwischen einem Vergleich und einer Gleichsetzung. Vergleichen kann man alles M\u00f6gliche, auch zum Beispiel die mediale Hatz auf Ungeimpfte mit Anf\u00e4ngen des Hitlerregimes kurz nach dessen Macht\u00fcbernahme. Es kommt auf die Schlussfolgerung an \u2013 doch dar\u00fcber ist kein Wort zu lesen.<\/p>\n<p>Die <em>WDR<\/em>-Autoren lassen es bei dieser vagen Andeutung und bauen weiter darauf auf: Ganser, so zitieren sie Neumann genauso ungepr\u00fcft, relativiere damit (womit genau?) &#8220;den m\u00f6rderischen Antisemitismus des NS-Regimes und verharmlost die Shoah&#8221;. Dies sei &#8220;eine Ausdrucksform des Antisemitismus&#8221;. Bereits zu Beginn des Textes haben die Autoren den Leser auf solche Aussagen vorbereitet. Da hei\u00dft es: &#8220;Kritiker werfen ihm [Ganser, d. Red.] die Verbreitung von Verschw\u00f6rungsmythen und Rassismus vor.&#8221;<\/p>\n<p>Kurz gesagt: Weil Ganser die offizielle Regierungspropaganda zu 9\/11 und Corona nicht eins zu eins teilt, ihr also widerspricht, verbreite er nicht nur &#8220;Verschw\u00f6rungsmythen&#8221;, sondern auch &#8220;Rassismus&#8221; und &#8220;Antisemitismus&#8221;. Kritiker sind demnach automatisch Nazis mit allen dazugeh\u00f6renden schlechten Eigenschaften. Das ist ein Paradebeispiel f\u00fcr absichtlich diskreditierende Propaganda gegen politische Gegner ganz im Sinne der Herrschenden.<\/p>\n<p><strong>Plumpe Propaganda statt Journalismus<\/strong><\/p>\n<p>Das Problem bei der ganzen Sache f\u00e4ngt schon damit an, dass der <em>WDR<\/em> einen derartigen Erguss nicht als &#8220;Meinungsbeitrag&#8221; explizit kennzeichnet, was er ist, sondern als ganz normale &#8220;Berichterstattung&#8221; pr\u00e4sentiert. Doch selbst Meinungsbeitr\u00e4ge m\u00fcssen auf wahren Tatsachen fu\u00dfen. Also ein behauptetes Geschehen, zu dem ein Kommentator seine Meinung sagt, muss tats\u00e4chlich stattgefunden haben.<\/p>\n<p>Die oberste Regel im Journalismus hei\u00dft: Tatsachenbehauptungen sind zuvor genau auf ihren Wahrheitsgehalt zu \u00fcberpr\u00fcfen. Das gilt auch f\u00fcr Zitate von Dritten. Hierzu m\u00fcsste der Sender erst einmal erl\u00e4utern, warum man seiner Ansicht nach nicht \u00fcber mutma\u00dfliche &#8220;Verschw\u00f6rungen&#8221; spekulieren d\u00fcrfe. Da er Ganser damit als unglaubw\u00fcrdig hinstellt, m\u00fcsste der <em>WDR<\/em> ihm mindestens eine konkrete L\u00fcge nachweisen und diese nachvollziehbar widerlegen.<\/p>\n<p>Genauso geh\u00f6rt es eigentlich zum journalistischen Grundhandwerk, Vorw\u00fcrfe des Antisemitismus und Rassismus in der Sache zu beweisen. Der Sender m\u00fcsste nicht nur die vortragenden &#8220;Kritiker&#8221; nach dem genauen Grund fragen, sondern selbst recherchieren \u2013 und sein Ergebnis nat\u00fcrlich vermitteln.<\/p>\n<p>Mit anderen Worten: Journalisten sollen die Meinungen irgendwelcher politischer Akteure wiedergeben, das geh\u00f6rt zur Meinungsvielfalt. Sie m\u00fcssen deren Beschuldigungen gegen\u00fcber Dritten aber selbst auf ihren Wahrheitsgehalt untersuchen. Andernfalls bleiben, wie hier im <em>WDR<\/em>-Beitrag, diskreditierende und wahrscheinlich falsche Anschuldigungen unkommentiert stehen und viele Leser werden sie f\u00fcr wahr halten. Die Autoren haben hier s\u00e4mtliche Standards verletzt, an die sich die Presse halten muss.<\/p>\n<p>Das wiegt besonders schwer, weil der <em>WDR<\/em> Ganser sogar strafbares Verhalten unterstellt, n\u00e4mlich, dass er den Holocaust der Nazis verharmlose. Das Strafma\u00df hierf\u00fcr betr\u00e4gt immerhin bis zu drei Jahre Gef\u00e4ngnis. Vorbestraft ist Ganser aber nicht. Auch bringen die Autoren keinen sachlichen Beleg. Es d\u00fcrfte sich also um b\u00f6swillige Verleumdung, mindestens \u00fcble Nachrede handeln. Auch dies ist ein Straftatbestand. Und der Beitrag ist nichts weiter als plumpe Propaganda.<\/p>\n<p><strong>WDR schweigt<\/strong><\/p>\n<p>Die Autorin wollte nun vom <em>WDR<\/em> wissen, wie es zu einer derartigen medialen Entgleisung kommen konnte. Sie fragte nach konkreten Beweisen: Wann hat Ganser welche L\u00fcgen zu politischen Ereignissen verbreitet und wie wurde die Wahrheitswidrigkeit bewiesen? Wann, wo und wie hat sich Ganser rassistisch oder antisemitisch ge\u00e4u\u00dfert und von wem wurde dies warum so eingestuft? Wann, wo und in welchem Wortlaut hat der Schweizer Historiker Ungeimpfte mit verfolgten Juden im Nazireich gleichgesetzt?<\/p>\n<p>Doch die Antworten stehen bis heute aus. Die gesetzte mehrt\u00e4gige Frist hat der \u00f6ffentlich-rechtliche Sender trotz einer ersten Ank\u00fcndigung, auf die Fragen eingehen zu wollen, lange \u00fcberschritten. Offenbar wei\u00df der <em>WDR<\/em>, dass ihm wenig passieren kann, steht er doch (Achtung: Verschw\u00f6rungstheorie!) unterm Schutzh\u00e4ubchen der Politik und ihrer Apparate.<\/p>\n<p>Zur\u00fcck bleibt die fade Gewissheit: Die von uns allen zwangsweise eingetriebenen Rundfunkgeb\u00fchren flie\u00dfen in einen riesigen Medienapparat mit f\u00fcrstlich bezahlten Verantwortlichen, der nicht zuletzt dazu dient, uns selbst mit Propaganda zu manipulieren. Denn Journalismus ginge anders.<\/p>\n<p><strong>Mehr zum Thema &#8211;<\/strong>\u00a0<a rel=\"nofollow noopener\" target=\"_blank\" href=\"https:\/\/test.rtde.tech\/meinung\/162552-nicht-auf-nato-linie-historiker\/\">Nicht auf NATO-Linie: Historiker Ganser wehrt sich juristisch gegen politische Zensur<\/a><\/p>\n<\/p>\n<\/div>\n<p><br \/>\n<br \/><a href=\"https:\/\/de.rt.com\/meinung\/163621-aus-kritikern-mach-nazis-oeffentlich\/\">Source link <\/a><\/p>\n","protected":false},"excerpt":{"rendered":"<p>Ungepr\u00fcfte Verleumdungen, Manipulation und Geschichtsverf\u00e4lschung: Wie der WDR die Grunds\u00e4tze des Journalismus gegen fragw\u00fcrdige politische Propaganda eintauscht, zeigt ein Beitrag \u00fcber den Schweizer Historiker Daniele Ganser. Von Susan Bonath Der \u00f6ffentlich-rechtliche Rundfunk in Deutschland ist zu journalistischer Sorgfalt verpflichtet. Er muss sein Programm nicht nur auf gr\u00f6\u00dftm\u00f6gliche Objektivit\u00e4t, sondern auch den Inhalt aufgestellter Behauptungen auf [&hellip;]<\/p>\n","protected":false},"author":3,"featured_media":30909,"comment_status":"open","ping_status":"open","sticky":false,"template":"","format":"standard","meta":{"_yoast_indexnow_last_ping":["1677083312"],"wp_automatic_camp":["217"],"461dc73bfb543acc1b2cb9ba66d00fe3":["Aus Kritikern mach Nazis: Die &quot;\u00f6ffentlich-rechtlichen&quot; Verschw\u00f6rungsmythen des WDR"],"original_link":["https:\/\/de.rt.com\/meinung\/163621-aus-kritikern-mach-nazis-oeffentlich\/"],"_thumbnail_id":["30909"],"_wptgpro_p2tg_sent2tg":["a:1:{i:23737;s:19:\"2023-02-22 18:31:46\";}"],"jnews_social_counter_last_update":["1777265169"]},"categories":[19,23],"tags":[679,583,45,39342,41087,13411,41123,35253,12424],"yoast_head":"<!-- This site is optimized with the Yoast SEO Premium plugin v22.7 (Yoast SEO v22.7) - https:\/\/yoast.com\/wordpress\/plugins\/seo\/ -->\n<title>Aus Kritikern mach Nazis: Die &quot;\u00f6ffentlich-rechtlichen&quot; Verschw\u00f6rungsmythen des WDR - just-now.NEWS Deutschland<\/title>\n<meta name=\"robots\" content=\"index, follow, max-snippet:-1, max-image-preview:large, max-video-preview:-1\" \/>\n<link rel=\"canonical\" href=\"https:\/\/now-news.de\/de\/deutschland\/aus-kritikern-mach-nazis-die-oeffentlich-rechtlichen-verschwoerungsmythen-des-wdr\/\" \/>\n<meta property=\"og:locale\" content=\"de_DE\" \/>\n<meta property=\"og:type\" content=\"article\" \/>\n<meta property=\"og:title\" content=\"Aus Kritikern mach Nazis: Die &quot;\u00f6ffentlich-rechtlichen&quot; Verschw\u00f6rungsmythen des WDR\" \/>\n<meta property=\"og:description\" content=\"Ungepr\u00fcfte Verleumdungen, Manipulation und Geschichtsverf\u00e4lschung: Wie der WDR die Grunds\u00e4tze des Journalismus gegen fragw\u00fcrdige politische Propaganda eintauscht, zeigt ein Beitrag \u00fcber den Schweizer Historiker Daniele Ganser. Von Susan Bonath Der \u00f6ffentlich-rechtliche Rundfunk in Deutschland ist zu journalistischer Sorgfalt verpflichtet. Er muss sein Programm nicht nur auf gr\u00f6\u00dftm\u00f6gliche Objektivit\u00e4t, sondern auch den Inhalt aufgestellter Behauptungen auf [&hellip;]\" \/>\n<meta property=\"og:url\" content=\"https:\/\/now-news.de\/de\/deutschland\/aus-kritikern-mach-nazis-die-oeffentlich-rechtlichen-verschwoerungsmythen-des-wdr\/\" \/>\n<meta property=\"og:site_name\" content=\"just-now.NEWS Deutschland\" \/>\n<meta property=\"article:publisher\" content=\"https:\/\/www.facebook.com\/wirmachenauf\" \/>\n<meta property=\"article:published_time\" content=\"2023-02-22T16:24:36+00:00\" \/>\n<meta property=\"og:image\" content=\"https:\/\/now-news.de\/de\/wp-content\/uploads\/sites\/3\/2023\/02\/Aus-Kritikern-mach-Nazis-Die-quotoeffentlich-rechtlichenquot-Verschwoerungsmythen-des-WDR.jpg\" \/>\n\t<meta property=\"og:image:width\" content=\"460\" \/>\n\t<meta property=\"og:image:height\" content=\"259\" \/>\n\t<meta property=\"og:image:type\" content=\"image\/jpeg\" \/>\n<meta name=\"author\" content=\"rtnews\" \/>\n<meta name=\"twitter:card\" content=\"summary_large_image\" \/>\n<meta name=\"twitter:creator\" content=\"@WirMachenAuf_de\" \/>\n<meta name=\"twitter:site\" content=\"@WirMachenAuf_de\" \/>\n<meta name=\"twitter:label1\" content=\"Verfasst von\" \/>\n\t<meta name=\"twitter:data1\" content=\"rtnews\" \/>\n\t<meta name=\"twitter:label2\" content=\"Gesch\u00e4tzte Lesezeit\" \/>\n\t<meta name=\"twitter:data2\" content=\"7\u00a0Minuten\" \/>\n<script type=\"application\/ld+json\" class=\"yoast-schema-graph\">{\"@context\":\"https:\/\/schema.org\",\"@graph\":[{\"@type\":\"Article\",\"@id\":\"https:\/\/now-news.de\/de\/deutschland\/aus-kritikern-mach-nazis-die-oeffentlich-rechtlichen-verschwoerungsmythen-des-wdr\/#article\",\"isPartOf\":{\"@id\":\"https:\/\/now-news.de\/de\/deutschland\/aus-kritikern-mach-nazis-die-oeffentlich-rechtlichen-verschwoerungsmythen-des-wdr\/\"},\"author\":{\"name\":\"rtnews\",\"@id\":\"https:\/\/now-news.de\/de\/#\/schema\/person\/fb534a4e865501d8b3285208df34a9b5\"},\"headline\":\"Aus Kritikern mach Nazis: Die &quot;\u00f6ffentlich-rechtlichen&quot; Verschw\u00f6rungsmythen des WDR\",\"datePublished\":\"2023-02-22T16:24:36+00:00\",\"dateModified\":\"2023-02-22T16:24:36+00:00\",\"mainEntityOfPage\":{\"@id\":\"https:\/\/now-news.de\/de\/deutschland\/aus-kritikern-mach-nazis-die-oeffentlich-rechtlichen-verschwoerungsmythen-des-wdr\/\"},\"wordCount\":1493,\"commentCount\":0,\"publisher\":{\"@id\":\"https:\/\/now-news.de\/de\/#organization\"},\"image\":{\"@id\":\"https:\/\/now-news.de\/de\/deutschland\/aus-kritikern-mach-nazis-die-oeffentlich-rechtlichen-verschwoerungsmythen-des-wdr\/#primaryimage\"},\"thumbnailUrl\":\"https:\/\/now-news.de\/de\/wp-content\/uploads\/sites\/3\/2023\/02\/Aus-Kritikern-mach-Nazis-Die-quotoeffentlich-rechtlichenquot-Verschwoerungsmythen-des-WDR.jpg\",\"keywords\":[\"aus\",\"des\",\"die\",\"Kritikern\",\"mach\",\"Nazis\",\"quot\u00f6ffentlichrechtlichenquot\",\"Verschw\u00f6rungsmythen\",\"WDR\"],\"articleSection\":[\"Deutschland\",\"Russland\"],\"inLanguage\":\"de\",\"potentialAction\":[{\"@type\":\"CommentAction\",\"name\":\"Comment\",\"target\":[\"https:\/\/now-news.de\/de\/deutschland\/aus-kritikern-mach-nazis-die-oeffentlich-rechtlichen-verschwoerungsmythen-des-wdr\/#respond\"]}]},{\"@type\":\"WebPage\",\"@id\":\"https:\/\/now-news.de\/de\/deutschland\/aus-kritikern-mach-nazis-die-oeffentlich-rechtlichen-verschwoerungsmythen-des-wdr\/\",\"url\":\"https:\/\/now-news.de\/de\/deutschland\/aus-kritikern-mach-nazis-die-oeffentlich-rechtlichen-verschwoerungsmythen-des-wdr\/\",\"name\":\"Aus Kritikern mach Nazis: Die &quot;\u00f6ffentlich-rechtlichen&quot; Verschw\u00f6rungsmythen des WDR - just-now.NEWS Deutschland\",\"isPartOf\":{\"@id\":\"https:\/\/now-news.de\/de\/#website\"},\"primaryImageOfPage\":{\"@id\":\"https:\/\/now-news.de\/de\/deutschland\/aus-kritikern-mach-nazis-die-oeffentlich-rechtlichen-verschwoerungsmythen-des-wdr\/#primaryimage\"},\"image\":{\"@id\":\"https:\/\/now-news.de\/de\/deutschland\/aus-kritikern-mach-nazis-die-oeffentlich-rechtlichen-verschwoerungsmythen-des-wdr\/#primaryimage\"},\"thumbnailUrl\":\"https:\/\/now-news.de\/de\/wp-content\/uploads\/sites\/3\/2023\/02\/Aus-Kritikern-mach-Nazis-Die-quotoeffentlich-rechtlichenquot-Verschwoerungsmythen-des-WDR.jpg\",\"datePublished\":\"2023-02-22T16:24:36+00:00\",\"dateModified\":\"2023-02-22T16:24:36+00:00\",\"breadcrumb\":{\"@id\":\"https:\/\/now-news.de\/de\/deutschland\/aus-kritikern-mach-nazis-die-oeffentlich-rechtlichen-verschwoerungsmythen-des-wdr\/#breadcrumb\"},\"inLanguage\":\"de\",\"potentialAction\":[{\"@type\":\"ReadAction\",\"target\":[\"https:\/\/now-news.de\/de\/deutschland\/aus-kritikern-mach-nazis-die-oeffentlich-rechtlichen-verschwoerungsmythen-des-wdr\/\"]}]},{\"@type\":\"ImageObject\",\"inLanguage\":\"de\",\"@id\":\"https:\/\/now-news.de\/de\/deutschland\/aus-kritikern-mach-nazis-die-oeffentlich-rechtlichen-verschwoerungsmythen-des-wdr\/#primaryimage\",\"url\":\"https:\/\/now-news.de\/de\/wp-content\/uploads\/sites\/3\/2023\/02\/Aus-Kritikern-mach-Nazis-Die-quotoeffentlich-rechtlichenquot-Verschwoerungsmythen-des-WDR.jpg\",\"contentUrl\":\"https:\/\/now-news.de\/de\/wp-content\/uploads\/sites\/3\/2023\/02\/Aus-Kritikern-mach-Nazis-Die-quotoeffentlich-rechtlichenquot-Verschwoerungsmythen-des-WDR.jpg\",\"width\":460,\"height\":259,\"caption\":\"Aus Kritikern mach Nazis: Die &quot;\u00f6ffentlich-rechtlichen&quot; Verschw\u00f6rungsmythen des WDR\"},{\"@type\":\"BreadcrumbList\",\"@id\":\"https:\/\/now-news.de\/de\/deutschland\/aus-kritikern-mach-nazis-die-oeffentlich-rechtlichen-verschwoerungsmythen-des-wdr\/#breadcrumb\",\"itemListElement\":[{\"@type\":\"ListItem\",\"position\":1,\"name\":\"Home\",\"item\":\"https:\/\/now-news.de\/de\/\"},{\"@type\":\"ListItem\",\"position\":2,\"name\":\"Aus Kritikern mach Nazis: Die &quot;\u00f6ffentlich-rechtlichen&quot; Verschw\u00f6rungsmythen des WDR\"}]},{\"@type\":\"WebSite\",\"@id\":\"https:\/\/now-news.de\/de\/#website\",\"url\":\"https:\/\/now-news.de\/de\/\",\"name\":\"just-now.NEWS Deutschland\",\"description\":\"Das Portal f\u00fcr unzensierte Nachrichten aus der Welt\",\"publisher\":{\"@id\":\"https:\/\/now-news.de\/de\/#organization\"},\"potentialAction\":[{\"@type\":\"SearchAction\",\"target\":{\"@type\":\"EntryPoint\",\"urlTemplate\":\"https:\/\/now-news.de\/de\/?s={search_term_string}\"},\"query-input\":\"required name=search_term_string\"}],\"inLanguage\":\"de\"},{\"@type\":\"Organization\",\"@id\":\"https:\/\/now-news.de\/de\/#organization\",\"name\":\"Just Now News\",\"url\":\"https:\/\/now-news.de\/de\/\",\"logo\":{\"@type\":\"ImageObject\",\"inLanguage\":\"de\",\"@id\":\"https:\/\/now-news.de\/de\/#\/schema\/logo\/image\/\",\"url\":\"http:\/\/just-now.news\/de\/wp-content\/uploads\/sites\/3\/2022\/04\/logo500x500.jpg\",\"contentUrl\":\"http:\/\/just-now.news\/de\/wp-content\/uploads\/sites\/3\/2022\/04\/logo500x500.jpg\",\"width\":500,\"height\":500,\"caption\":\"Just Now News\"},\"image\":{\"@id\":\"https:\/\/now-news.de\/de\/#\/schema\/logo\/image\/\"},\"sameAs\":[\"https:\/\/www.facebook.com\/wirmachenauf\",\"https:\/\/x.com\/WirMachenAuf_de\"]},{\"@type\":\"Person\",\"@id\":\"https:\/\/now-news.de\/de\/#\/schema\/person\/fb534a4e865501d8b3285208df34a9b5\",\"name\":\"rtnews\",\"image\":{\"@type\":\"ImageObject\",\"inLanguage\":\"de\",\"@id\":\"https:\/\/now-news.de\/de\/#\/schema\/person\/image\/\",\"url\":\"https:\/\/secure.gravatar.com\/avatar\/82aafea7d8127119dd649515f56e2117?s=96&d=mm&r=g\",\"contentUrl\":\"https:\/\/secure.gravatar.com\/avatar\/82aafea7d8127119dd649515f56e2117?s=96&d=mm&r=g\",\"caption\":\"rtnews\"},\"url\":\"https:\/\/now-news.de\/de\/author\/rnews\/\"}]}<\/script>\n<!-- \/ Yoast SEO Premium plugin. -->","yoast_head_json":{"title":"Aus Kritikern mach Nazis: Die &quot;\u00f6ffentlich-rechtlichen&quot; Verschw\u00f6rungsmythen des WDR - just-now.NEWS Deutschland","robots":{"index":"index","follow":"follow","max-snippet":"max-snippet:-1","max-image-preview":"max-image-preview:large","max-video-preview":"max-video-preview:-1"},"canonical":"https:\/\/now-news.de\/de\/deutschland\/aus-kritikern-mach-nazis-die-oeffentlich-rechtlichen-verschwoerungsmythen-des-wdr\/","og_locale":"de_DE","og_type":"article","og_title":"Aus Kritikern mach Nazis: Die &quot;\u00f6ffentlich-rechtlichen&quot; Verschw\u00f6rungsmythen des WDR","og_description":"Ungepr\u00fcfte Verleumdungen, Manipulation und Geschichtsverf\u00e4lschung: Wie der WDR die Grunds\u00e4tze des Journalismus gegen fragw\u00fcrdige politische Propaganda eintauscht, zeigt ein Beitrag \u00fcber den Schweizer Historiker Daniele Ganser. Von Susan Bonath Der \u00f6ffentlich-rechtliche Rundfunk in Deutschland ist zu journalistischer Sorgfalt verpflichtet. Er muss sein Programm nicht nur auf gr\u00f6\u00dftm\u00f6gliche Objektivit\u00e4t, sondern auch den Inhalt aufgestellter Behauptungen auf [&hellip;]","og_url":"https:\/\/now-news.de\/de\/deutschland\/aus-kritikern-mach-nazis-die-oeffentlich-rechtlichen-verschwoerungsmythen-des-wdr\/","og_site_name":"just-now.NEWS Deutschland","article_publisher":"https:\/\/www.facebook.com\/wirmachenauf","article_published_time":"2023-02-22T16:24:36+00:00","og_image":[{"width":460,"height":259,"url":"https:\/\/now-news.de\/de\/wp-content\/uploads\/sites\/3\/2023\/02\/Aus-Kritikern-mach-Nazis-Die-quotoeffentlich-rechtlichenquot-Verschwoerungsmythen-des-WDR.jpg","type":"image\/jpeg"}],"author":"rtnews","twitter_card":"summary_large_image","twitter_creator":"@WirMachenAuf_de","twitter_site":"@WirMachenAuf_de","twitter_misc":{"Verfasst von":"rtnews","Gesch\u00e4tzte Lesezeit":"7\u00a0Minuten"},"schema":{"@context":"https:\/\/schema.org","@graph":[{"@type":"Article","@id":"https:\/\/now-news.de\/de\/deutschland\/aus-kritikern-mach-nazis-die-oeffentlich-rechtlichen-verschwoerungsmythen-des-wdr\/#article","isPartOf":{"@id":"https:\/\/now-news.de\/de\/deutschland\/aus-kritikern-mach-nazis-die-oeffentlich-rechtlichen-verschwoerungsmythen-des-wdr\/"},"author":{"name":"rtnews","@id":"https:\/\/now-news.de\/de\/#\/schema\/person\/fb534a4e865501d8b3285208df34a9b5"},"headline":"Aus Kritikern mach Nazis: Die &quot;\u00f6ffentlich-rechtlichen&quot; Verschw\u00f6rungsmythen des WDR","datePublished":"2023-02-22T16:24:36+00:00","dateModified":"2023-02-22T16:24:36+00:00","mainEntityOfPage":{"@id":"https:\/\/now-news.de\/de\/deutschland\/aus-kritikern-mach-nazis-die-oeffentlich-rechtlichen-verschwoerungsmythen-des-wdr\/"},"wordCount":1493,"commentCount":0,"publisher":{"@id":"https:\/\/now-news.de\/de\/#organization"},"image":{"@id":"https:\/\/now-news.de\/de\/deutschland\/aus-kritikern-mach-nazis-die-oeffentlich-rechtlichen-verschwoerungsmythen-des-wdr\/#primaryimage"},"thumbnailUrl":"https:\/\/now-news.de\/de\/wp-content\/uploads\/sites\/3\/2023\/02\/Aus-Kritikern-mach-Nazis-Die-quotoeffentlich-rechtlichenquot-Verschwoerungsmythen-des-WDR.jpg","keywords":["aus","des","die","Kritikern","mach","Nazis","quot\u00f6ffentlichrechtlichenquot","Verschw\u00f6rungsmythen","WDR"],"articleSection":["Deutschland","Russland"],"inLanguage":"de","potentialAction":[{"@type":"CommentAction","name":"Comment","target":["https:\/\/now-news.de\/de\/deutschland\/aus-kritikern-mach-nazis-die-oeffentlich-rechtlichen-verschwoerungsmythen-des-wdr\/#respond"]}]},{"@type":"WebPage","@id":"https:\/\/now-news.de\/de\/deutschland\/aus-kritikern-mach-nazis-die-oeffentlich-rechtlichen-verschwoerungsmythen-des-wdr\/","url":"https:\/\/now-news.de\/de\/deutschland\/aus-kritikern-mach-nazis-die-oeffentlich-rechtlichen-verschwoerungsmythen-des-wdr\/","name":"Aus Kritikern mach Nazis: Die &quot;\u00f6ffentlich-rechtlichen&quot; Verschw\u00f6rungsmythen des WDR - just-now.NEWS Deutschland","isPartOf":{"@id":"https:\/\/now-news.de\/de\/#website"},"primaryImageOfPage":{"@id":"https:\/\/now-news.de\/de\/deutschland\/aus-kritikern-mach-nazis-die-oeffentlich-rechtlichen-verschwoerungsmythen-des-wdr\/#primaryimage"},"image":{"@id":"https:\/\/now-news.de\/de\/deutschland\/aus-kritikern-mach-nazis-die-oeffentlich-rechtlichen-verschwoerungsmythen-des-wdr\/#primaryimage"},"thumbnailUrl":"https:\/\/now-news.de\/de\/wp-content\/uploads\/sites\/3\/2023\/02\/Aus-Kritikern-mach-Nazis-Die-quotoeffentlich-rechtlichenquot-Verschwoerungsmythen-des-WDR.jpg","datePublished":"2023-02-22T16:24:36+00:00","dateModified":"2023-02-22T16:24:36+00:00","breadcrumb":{"@id":"https:\/\/now-news.de\/de\/deutschland\/aus-kritikern-mach-nazis-die-oeffentlich-rechtlichen-verschwoerungsmythen-des-wdr\/#breadcrumb"},"inLanguage":"de","potentialAction":[{"@type":"ReadAction","target":["https:\/\/now-news.de\/de\/deutschland\/aus-kritikern-mach-nazis-die-oeffentlich-rechtlichen-verschwoerungsmythen-des-wdr\/"]}]},{"@type":"ImageObject","inLanguage":"de","@id":"https:\/\/now-news.de\/de\/deutschland\/aus-kritikern-mach-nazis-die-oeffentlich-rechtlichen-verschwoerungsmythen-des-wdr\/#primaryimage","url":"https:\/\/now-news.de\/de\/wp-content\/uploads\/sites\/3\/2023\/02\/Aus-Kritikern-mach-Nazis-Die-quotoeffentlich-rechtlichenquot-Verschwoerungsmythen-des-WDR.jpg","contentUrl":"https:\/\/now-news.de\/de\/wp-content\/uploads\/sites\/3\/2023\/02\/Aus-Kritikern-mach-Nazis-Die-quotoeffentlich-rechtlichenquot-Verschwoerungsmythen-des-WDR.jpg","width":460,"height":259,"caption":"Aus Kritikern mach Nazis: Die &quot;\u00f6ffentlich-rechtlichen&quot; Verschw\u00f6rungsmythen des WDR"},{"@type":"BreadcrumbList","@id":"https:\/\/now-news.de\/de\/deutschland\/aus-kritikern-mach-nazis-die-oeffentlich-rechtlichen-verschwoerungsmythen-des-wdr\/#breadcrumb","itemListElement":[{"@type":"ListItem","position":1,"name":"Home","item":"https:\/\/now-news.de\/de\/"},{"@type":"ListItem","position":2,"name":"Aus Kritikern mach Nazis: Die &quot;\u00f6ffentlich-rechtlichen&quot; Verschw\u00f6rungsmythen des WDR"}]},{"@type":"WebSite","@id":"https:\/\/now-news.de\/de\/#website","url":"https:\/\/now-news.de\/de\/","name":"just-now.NEWS Deutschland","description":"Das Portal f\u00fcr unzensierte Nachrichten aus der Welt","publisher":{"@id":"https:\/\/now-news.de\/de\/#organization"},"potentialAction":[{"@type":"SearchAction","target":{"@type":"EntryPoint","urlTemplate":"https:\/\/now-news.de\/de\/?s={search_term_string}"},"query-input":"required name=search_term_string"}],"inLanguage":"de"},{"@type":"Organization","@id":"https:\/\/now-news.de\/de\/#organization","name":"Just Now News","url":"https:\/\/now-news.de\/de\/","logo":{"@type":"ImageObject","inLanguage":"de","@id":"https:\/\/now-news.de\/de\/#\/schema\/logo\/image\/","url":"http:\/\/just-now.news\/de\/wp-content\/uploads\/sites\/3\/2022\/04\/logo500x500.jpg","contentUrl":"http:\/\/just-now.news\/de\/wp-content\/uploads\/sites\/3\/2022\/04\/logo500x500.jpg","width":500,"height":500,"caption":"Just Now News"},"image":{"@id":"https:\/\/now-news.de\/de\/#\/schema\/logo\/image\/"},"sameAs":["https:\/\/www.facebook.com\/wirmachenauf","https:\/\/x.com\/WirMachenAuf_de"]},{"@type":"Person","@id":"https:\/\/now-news.de\/de\/#\/schema\/person\/fb534a4e865501d8b3285208df34a9b5","name":"rtnews","image":{"@type":"ImageObject","inLanguage":"de","@id":"https:\/\/now-news.de\/de\/#\/schema\/person\/image\/","url":"https:\/\/secure.gravatar.com\/avatar\/82aafea7d8127119dd649515f56e2117?s=96&d=mm&r=g","contentUrl":"https:\/\/secure.gravatar.com\/avatar\/82aafea7d8127119dd649515f56e2117?s=96&d=mm&r=g","caption":"rtnews"},"url":"https:\/\/now-news.de\/de\/author\/rnews\/"}]}},"_links":{"self":[{"href":"https:\/\/now-news.de\/de\/wp-json\/wp\/v2\/posts\/30908"}],"collection":[{"href":"https:\/\/now-news.de\/de\/wp-json\/wp\/v2\/posts"}],"about":[{"href":"https:\/\/now-news.de\/de\/wp-json\/wp\/v2\/types\/post"}],"author":[{"embeddable":true,"href":"https:\/\/now-news.de\/de\/wp-json\/wp\/v2\/users\/3"}],"replies":[{"embeddable":true,"href":"https:\/\/now-news.de\/de\/wp-json\/wp\/v2\/comments?post=30908"}],"version-history":[{"count":0,"href":"https:\/\/now-news.de\/de\/wp-json\/wp\/v2\/posts\/30908\/revisions"}],"wp:featuredmedia":[{"embeddable":true,"href":"https:\/\/now-news.de\/de\/wp-json\/wp\/v2\/media\/30909"}],"wp:attachment":[{"href":"https:\/\/now-news.de\/de\/wp-json\/wp\/v2\/media?parent=30908"}],"wp:term":[{"taxonomy":"category","embeddable":true,"href":"https:\/\/now-news.de\/de\/wp-json\/wp\/v2\/categories?post=30908"},{"taxonomy":"post_tag","embeddable":true,"href":"https:\/\/now-news.de\/de\/wp-json\/wp\/v2\/tags?post=30908"}],"curies":[{"name":"wp","href":"https:\/\/api.w.org\/{rel}","templated":true}]}}