{"id":30904,"date":"2023-02-22T17:14:21","date_gmt":"2023-02-22T15:14:21","guid":{"rendered":"https:\/\/just-now.news\/de\/deutschland\/argentinien-brasilien-chile-mexiko-gegen-ausweitung-der-israelischen-kolonialisierung-palaestinas\/"},"modified":"2023-02-22T17:14:21","modified_gmt":"2023-02-22T15:14:21","slug":"argentinien-brasilien-chile-mexiko-gegen-ausweitung-der-israelischen-kolonialisierung-palaestinas","status":"publish","type":"post","link":"https:\/\/now-news.de\/de\/deutschland\/argentinien-brasilien-chile-mexiko-gegen-ausweitung-der-israelischen-kolonialisierung-palaestinas\/","title":{"rendered":"Argentinien, Brasilien, Chile, Mexiko gegen Ausweitung der israelischen Kolonialisierung Pal\u00e4stinas"},"content":{"rendered":"<p><img decoding=\"async\" src=\"http:\/\/just-now.news\/de\/wp-content\/uploads\/sites\/3\/2023\/02\/63f5f8dd48fbef6e0d5dda7a.jpg\" \/><\/p>\n<div class=\"Text-root Text-type_1 \">\n                Vier lateinamerikanische Staatsoberh\u00e4upter formulieren in einer gemeinsamen Erkl\u00e4rung ihre Bedenken, bezugnehmend der j\u00fcngsten Pl\u00e4ne der israelischen Regierung, neun Au\u00dfenposten zu legalisieren und 10.000 neue Wohneinheiten in bestehenden Siedlungen im Westjordanland errichten zu wollen.\n            <\/div>\n<p><\/p>\n<div class=\"Text-root Text-type_5 ArticleView-text ViewText-root \">\n<p><em>Von Maria M\u00fcller<\/em><\/p>\n<p>Vier lateinamerikanische Regierungen kritisierten am vergangenen Freitag in einer <a rel=\"nofollow noopener\" target=\"_blank\" href=\"https:\/\/www.gob.mx\/sre\/prensa\/joint-statement-by-the-governments-of-argentina-brazil-chile-and-mexico?idiom=en\">gemeinsamen Erkl\u00e4rung<\/a> die Politik Israels, durch eine immer weitere Besiedlung pal\u00e4stinensischer Gebiete die Landesgrenzen Israels de facto auszuweiten. Israel nennt das &#8220;die nat\u00fcrliche Ausdehnung&#8221; ihrer als Kolonien bezeichneten Siedlungen in besetzten Territorien.<\/p>\n<p>Obwohl zahlreiche Bebauungen selbst gegen israelisches Recht versto\u00dfen \u2013, ganz zu schweigen vom UNO-V\u00f6lkerrecht \u2013, wird die schrittweise Besatzung\u00a0mit staatlicher Duldung unaufhaltsam fortgesetzt. Gesch\u00fctzt von schwer bewaffneten Milit\u00e4rs nehmen sich die Siedler das Land, das ihnen nicht geh\u00f6rt \u2013 die legitimen Besitzer hingegen werden immer weiter enteignet und in die Enge getrieben.<br \/><strong><\/strong><\/p>\n<p><strong>Die Zwei-Staaten-L\u00f6sung<\/strong><\/p>\n<p>Dagegen richten sich die Mahnungen der vier Pr\u00e4sidenten Alberto Fernandez, Lula da Silva, Andr\u00e9s L\u00f3pez (AMLO) und Gabriel Boric. Mit tiefer Besorgnis verurteile man das Vorgehen der neuen israelischen Regierung unter Ministerpr\u00e4sident Benjamin Netanjahu. Die &#8220;Zwei-Staaten-L\u00f6sung&#8221; werde dadurch immer weiter erschwert. Gemeint ist damit die Schaffung eines eigenen Pal\u00e4stinenserstaates neben Israel. Laut Netanjahu sollen nun wieder Tausende neuer H\u00e4user in &#8220;Kolonien&#8221; im Westjordanland gebaut und neun erbaute Siedlungen in den pal\u00e4stinensischen Gebieten unter milit\u00e4rischer Besatzung &#8220;legalisiert&#8221; werden.<\/p>\n<p>Die lateinamerikanischen Pr\u00e4sidenten verurteilen Israels Pl\u00e4ne. Sie seien\u00a0<\/p>\n<blockquote>\n<p><em>&#8220;einseitige Ma\u00dfnahmen, die schwerwiegende Verst\u00f6\u00dfe gegen das V\u00f6lkerrecht und die Resolutionen des Sicherheitsrates der Vereinten Nationen, insbesondere Nummer 2334 (Dezember 2016), darstellen und zus\u00e4tzlich zur Eskalation der derzeitigen Spannungen beitragen&#8221;.<\/em><\/p>\n<\/blockquote>\n<p>Und weiter:<\/p>\n<blockquote>\n<p><em>&#8220;Unsere Regierungen lehnen jede Ma\u00dfnahme ab, die die Lebensf\u00e4higkeit der\u00a0Zwei-Staaten-L\u00f6sung\u00a0gef\u00e4hrdet, in der Israel und Pal\u00e4stina sichere und international anerkannte Grenzen teilen k\u00f6nnen, w\u00e4hrend sie die legitimen Bestrebungen beider V\u00f6lker respektieren, in Frieden zu leben&#8221;.<\/em><\/p>\n<\/blockquote>\n<p>Die Regierungen von Argentinien, Brasilien, Chile und Mexiko rufen des weiteren Israelis und Pal\u00e4stinenser dazu auf, Handlungen und Provokationen, die eine weitere Eskalation der Gewalt f\u00f6rdern k\u00f6nnten, zu unterlassen. Sie fordern, die Verhandlungen wieder aufzunehmen, um eine friedliche L\u00f6sung des Konflikts zu erreichen.<\/p>\n<p><strong>Bev\u00f6lkerungswachstum in den Siedlungen<\/strong><br \/><strong><\/strong><\/p>\n<p>Die Zahl der israelischen Siedler, die in den im Westjordanland errichteten Siedlungen leben, hat nach eigenen Angaben erstmals eine halbe Million \u00fcberschritten. Noch im Jahr 2008 betrug die Zahl der israelischen Siedler im Westjordanland unter 290.000. Schon damals wies die israelische Organisation Peace Now (Frieden jetzt) darauf hin, dass das Bev\u00f6lkerungswachstum der Siedler im pal\u00e4stinensischen Westjordanland in den Vorjahren 5 Prozent ausmachte, w\u00e4hrend es innerhalb der international anerkannten Grenzen Israels lediglich 1,8 Prozent waren.<\/p>\n<p>Die neun Siedlungen, die Israel nun &#8220;legalisieren&#8221; will, waren nach israelischem Recht illegal, weil sie ohne Genehmigung der Regierung errichtet wurden. Die UNO bezeichnet jede israelische Siedlung im Westjordanland nach internationalem Recht als illegal.<\/p>\n<p><strong>Eine faktische Annexion pal\u00e4stinensischer Gebiete<\/strong><br \/><strong><\/strong><\/p>\n<p>Die Legalisierungen durch die neue Regierung bedeuten eine faktische Annexion aller bisher gewaltsam besetzten Gebiete Pal\u00e4stinas durch Israel. Es ist eine in Besitznahme fremder Territorien unter Anwendung von Waffengewalt\u00a0\u2026,\u00a0denn diese Gebiete wurden von der internationalen V\u00f6lkergemeinschaft als Teil des k\u00fcnftigen pal\u00e4stinensischen Staates anerkannt. Wobei das pal\u00e4stinensische Volk \u00fcber eine staatliche Verwaltung und eine eigene Regierung verf\u00fcgt \u2013 sowie \u00fcber international anerkannte und per UNO-Recht definierte Grenzlinien seines Landes Pal\u00e4stina.<\/p>\n<p>Die Doppelmoral westlicher Staaten zeigt sich auch in diesem Fall, da die Annexionen nur dann zu einem Aufschrei der Emp\u00f6rung f\u00fchren, wenn sie angeblich von Russland vorgenommen werden.\u00a0Doch im Gegensatz zur Krim und dem Osten der Ukraine, wo Volksabstimmungen mit \u00fcberw\u00e4ltigenden Ergebnissen stattfanden, gab es solche Abstimmungen an keinem Punkt der israelisch-pal\u00e4stinensischen Geschichte.<\/p>\n<p>Immer wieder fanden milit\u00e4rische Angriffe von beiden Seiten der Grenze statt, wobei Israel mit seinem weit \u00fcberlegenen Waffenarsenal in den vergangenen Jahren pal\u00e4stinensische St\u00e4dte schonungslos bombardierte. Das Leiden der pal\u00e4stinensischen Zivilbev\u00f6lkerung aufgrund der t\u00f6dlichen Zerst\u00f6rungen von Wohnh\u00e4usern, Schulen und Hospit\u00e4lern besonders im Gazastreifen ist unvergesslich \u2013 auch in Lateinamerika.<br \/><strong><\/strong><\/p>\n<p><strong>Sanktionen wegen eines diplomatischen Erfolges<\/strong><\/p>\n<p>Die Politik Israels verliert auf der internationalen B\u00fchne immer mehr an R\u00fcckhalt. Ein H\u00f6hepunkt seiner Aggressionen gegen Pal\u00e4stina erfolgte als Reaktion auf eine UNO-Abstimmung zugunsten Pal\u00e4stinas.<\/p>\n<p>Im Dezember vergangenen Jahres verabschiedete die UN-Generalversammlung\u00a0auf Vorschlag der Regierung der Pal\u00e4stinensischen Autonomiebeh\u00f6rde\u00a0eine Resolution,\u00a0(mit 87 Ja-Stimmen angenommen, 26 Nein-Stimmen und 53 Enthaltungen). Damit wurde\u00a0das h\u00f6chste Gericht der Vereinten Nationen aufgefordert, den Konflikt in \u00dcbereinstimmung mit dem V\u00f6lkerrecht und der UN-Charta zu entscheiden.<\/p>\n<p>Das Gericht sollte auch israelische Ma\u00dfnahmen untersuchen, deren Ziel es ist, die demografische Zusammensetzung der Bewohner Jerusalems und den Status der Hauptstadt zu ver\u00e4ndern. Dazu geh\u00f6rt die Vertreibung von pal\u00e4stinensischen Bewohnern aus ihren H\u00e4usern in Ost-Jerusalem. Israel versucht, die geteilte Stadt ausschlie\u00dflich unter die eigene Kontrolle zu bringen, w\u00e4hrend Pal\u00e4stina zumindest den Ostteil f\u00fcr sich als Hauptstadt beansprucht.<\/p>\n<p>W\u00e4hrend die pal\u00e4stinensische Seite die Annahme ihrer Resolution als gro\u00dfen diplomatischen Sieg feierte, lehnte Israel die Entscheidung frontal ab und beschloss, die Pal\u00e4stinenser sollten &#8220;daf\u00fcr bezahlen&#8221;. Umgehend ergriff man Sanktionen, darunter das &#8220;Einfrieren&#8221; von Bankkonten in Millionenh\u00f6he \u2013, das Geld des pal\u00e4stinensischen Volkes.<\/p>\n<p>In der Folge verst\u00e4rkte sich die Auseinandersetzung in der UN-Vollversammlung. Im Januar stimmten 40 Mitgliedstaaten gegen die Repression Israels aufgrund einer UN-Abstimmung.<\/p>\n<blockquote>\n<p><em>&#8220;Unabh\u00e4ngig von der Position jedes Landes zu der Resolution (Pal\u00e4stinas) lehnen wir Strafma\u00dfnahmen als Reaktion auf ein Ersuchen um ein Gutachten des Internationalen Gerichtshofs und allgemeiner als Reaktion auf eine Resolution der Generalversammlung ab und fordern ihre sofortige R\u00fccknahme&#8221;,<\/em><\/p>\n<\/blockquote>\n<p>so der Resolutionstext dieser Verurteilung Israels.<\/p>\n<p><strong>Mehr zum Thema <\/strong>&#8211;<a rel=\"nofollow noopener\" target=\"_blank\" href=\"https:\/\/de.rt.com\/kurzclips\/video\/163448-palaestinenser-rufen-generalstreik-aus-jerusalem\/\">\u00a0Pal\u00e4stinenser rufen Generalstreik aus: &#8220;Jerusalem steht am Rande des Abgrunds&#8221;<\/a><\/p>\n<\/div>\n<p><br \/>\n<br \/><a href=\"https:\/\/de.rt.com\/meinung\/163571-argentinien-brasilien-chile-mexiko-gegen\/\">Source link <\/a><\/p>\n","protected":false},"excerpt":{"rendered":"<p>Vier lateinamerikanische Staatsoberh\u00e4upter formulieren in einer gemeinsamen Erkl\u00e4rung ihre Bedenken, bezugnehmend der j\u00fcngsten Pl\u00e4ne der israelischen Regierung, neun Au\u00dfenposten zu legalisieren und 10.000 neue Wohneinheiten in bestehenden Siedlungen im Westjordanland errichten zu wollen. Von Maria M\u00fcller Vier lateinamerikanische Regierungen kritisierten am vergangenen Freitag in einer gemeinsamen Erkl\u00e4rung die Politik Israels, durch eine immer weitere Besiedlung [&hellip;]<\/p>\n","protected":false},"author":3,"featured_media":30905,"comment_status":"open","ping_status":"open","sticky":false,"template":"","format":"standard","meta":{"_yoast_indexnow_last_ping":["1677079407"],"wp_automatic_camp":["217"],"5d9dbb61ca736dcd557145421d5ea13d":["Argentinien, Brasilien, Chile, Mexiko gegen Ausweitung der israelischen Kolonialisierung Pal\u00e4stinas"],"original_link":["https:\/\/de.rt.com\/meinung\/163571-argentinien-brasilien-chile-mexiko-gegen\/"],"_thumbnail_id":["30905"],"_wptgpro_p2tg_sent2tg":["a:1:{i:23737;s:19:\"2023-02-22 17:24:45\";}"],"jnews_social_counter_last_update":["1777373095"]},"categories":[19,23],"tags":[21891,19013,10646,17666,82,278,4991,38904,543,41122],"yoast_head":"<!-- This site is optimized with the Yoast SEO Premium plugin v22.7 (Yoast SEO v22.7) - https:\/\/yoast.com\/wordpress\/plugins\/seo\/ -->\n<title>Argentinien, Brasilien, Chile, Mexiko gegen Ausweitung der israelischen Kolonialisierung Pal\u00e4stinas - just-now.NEWS Deutschland<\/title>\n<meta name=\"robots\" content=\"index, follow, max-snippet:-1, max-image-preview:large, max-video-preview:-1\" \/>\n<link rel=\"canonical\" href=\"https:\/\/now-news.de\/de\/deutschland\/argentinien-brasilien-chile-mexiko-gegen-ausweitung-der-israelischen-kolonialisierung-palaestinas\/\" \/>\n<meta property=\"og:locale\" content=\"de_DE\" \/>\n<meta property=\"og:type\" content=\"article\" \/>\n<meta property=\"og:title\" content=\"Argentinien, Brasilien, Chile, Mexiko gegen Ausweitung der israelischen Kolonialisierung Pal\u00e4stinas\" \/>\n<meta property=\"og:description\" content=\"Vier lateinamerikanische Staatsoberh\u00e4upter formulieren in einer gemeinsamen Erkl\u00e4rung ihre Bedenken, bezugnehmend der j\u00fcngsten Pl\u00e4ne der israelischen Regierung, neun Au\u00dfenposten zu legalisieren und 10.000 neue Wohneinheiten in bestehenden Siedlungen im Westjordanland errichten zu wollen. Von Maria M\u00fcller Vier lateinamerikanische Regierungen kritisierten am vergangenen Freitag in einer gemeinsamen Erkl\u00e4rung die Politik Israels, durch eine immer weitere Besiedlung [&hellip;]\" \/>\n<meta property=\"og:url\" content=\"https:\/\/now-news.de\/de\/deutschland\/argentinien-brasilien-chile-mexiko-gegen-ausweitung-der-israelischen-kolonialisierung-palaestinas\/\" \/>\n<meta property=\"og:site_name\" content=\"just-now.NEWS Deutschland\" \/>\n<meta property=\"article:publisher\" content=\"https:\/\/www.facebook.com\/wirmachenauf\" \/>\n<meta property=\"article:published_time\" content=\"2023-02-22T15:14:21+00:00\" \/>\n<meta property=\"og:image\" content=\"https:\/\/now-news.de\/de\/wp-content\/uploads\/sites\/3\/2023\/02\/Argentinien-Brasilien-Chile-Mexiko-gegen-Ausweitung-der-israelischen-Kolonialisierung-Palaestinas.jpg\" \/>\n\t<meta property=\"og:image:width\" content=\"460\" \/>\n\t<meta property=\"og:image:height\" content=\"259\" \/>\n\t<meta property=\"og:image:type\" content=\"image\/jpeg\" \/>\n<meta name=\"author\" content=\"rtnews\" \/>\n<meta name=\"twitter:card\" content=\"summary_large_image\" \/>\n<meta name=\"twitter:creator\" content=\"@WirMachenAuf_de\" \/>\n<meta name=\"twitter:site\" content=\"@WirMachenAuf_de\" \/>\n<meta name=\"twitter:label1\" content=\"Verfasst von\" \/>\n\t<meta name=\"twitter:data1\" content=\"rtnews\" \/>\n\t<meta name=\"twitter:label2\" content=\"Gesch\u00e4tzte Lesezeit\" \/>\n\t<meta name=\"twitter:data2\" content=\"5\u00a0Minuten\" \/>\n<script type=\"application\/ld+json\" class=\"yoast-schema-graph\">{\"@context\":\"https:\/\/schema.org\",\"@graph\":[{\"@type\":\"Article\",\"@id\":\"https:\/\/now-news.de\/de\/deutschland\/argentinien-brasilien-chile-mexiko-gegen-ausweitung-der-israelischen-kolonialisierung-palaestinas\/#article\",\"isPartOf\":{\"@id\":\"https:\/\/now-news.de\/de\/deutschland\/argentinien-brasilien-chile-mexiko-gegen-ausweitung-der-israelischen-kolonialisierung-palaestinas\/\"},\"author\":{\"name\":\"rtnews\",\"@id\":\"https:\/\/now-news.de\/de\/#\/schema\/person\/fb534a4e865501d8b3285208df34a9b5\"},\"headline\":\"Argentinien, Brasilien, Chile, Mexiko gegen Ausweitung der israelischen Kolonialisierung Pal\u00e4stinas\",\"datePublished\":\"2023-02-22T15:14:21+00:00\",\"dateModified\":\"2023-02-22T15:14:21+00:00\",\"mainEntityOfPage\":{\"@id\":\"https:\/\/now-news.de\/de\/deutschland\/argentinien-brasilien-chile-mexiko-gegen-ausweitung-der-israelischen-kolonialisierung-palaestinas\/\"},\"wordCount\":972,\"commentCount\":0,\"publisher\":{\"@id\":\"https:\/\/now-news.de\/de\/#organization\"},\"image\":{\"@id\":\"https:\/\/now-news.de\/de\/deutschland\/argentinien-brasilien-chile-mexiko-gegen-ausweitung-der-israelischen-kolonialisierung-palaestinas\/#primaryimage\"},\"thumbnailUrl\":\"https:\/\/now-news.de\/de\/wp-content\/uploads\/sites\/3\/2023\/02\/Argentinien-Brasilien-Chile-Mexiko-gegen-Ausweitung-der-israelischen-Kolonialisierung-Palaestinas.jpg\",\"keywords\":[\"Argentinien\",\"Ausweitung\",\"Brasilien\",\"chile\",\"der\",\"gegen\",\"israelischen\",\"Kolonialisierung\",\"Mexiko\",\"Pal\u00e4stinas\"],\"articleSection\":[\"Deutschland\",\"Russland\"],\"inLanguage\":\"de\",\"potentialAction\":[{\"@type\":\"CommentAction\",\"name\":\"Comment\",\"target\":[\"https:\/\/now-news.de\/de\/deutschland\/argentinien-brasilien-chile-mexiko-gegen-ausweitung-der-israelischen-kolonialisierung-palaestinas\/#respond\"]}]},{\"@type\":\"WebPage\",\"@id\":\"https:\/\/now-news.de\/de\/deutschland\/argentinien-brasilien-chile-mexiko-gegen-ausweitung-der-israelischen-kolonialisierung-palaestinas\/\",\"url\":\"https:\/\/now-news.de\/de\/deutschland\/argentinien-brasilien-chile-mexiko-gegen-ausweitung-der-israelischen-kolonialisierung-palaestinas\/\",\"name\":\"Argentinien, Brasilien, Chile, Mexiko gegen Ausweitung der israelischen Kolonialisierung Pal\u00e4stinas - just-now.NEWS Deutschland\",\"isPartOf\":{\"@id\":\"https:\/\/now-news.de\/de\/#website\"},\"primaryImageOfPage\":{\"@id\":\"https:\/\/now-news.de\/de\/deutschland\/argentinien-brasilien-chile-mexiko-gegen-ausweitung-der-israelischen-kolonialisierung-palaestinas\/#primaryimage\"},\"image\":{\"@id\":\"https:\/\/now-news.de\/de\/deutschland\/argentinien-brasilien-chile-mexiko-gegen-ausweitung-der-israelischen-kolonialisierung-palaestinas\/#primaryimage\"},\"thumbnailUrl\":\"https:\/\/now-news.de\/de\/wp-content\/uploads\/sites\/3\/2023\/02\/Argentinien-Brasilien-Chile-Mexiko-gegen-Ausweitung-der-israelischen-Kolonialisierung-Palaestinas.jpg\",\"datePublished\":\"2023-02-22T15:14:21+00:00\",\"dateModified\":\"2023-02-22T15:14:21+00:00\",\"breadcrumb\":{\"@id\":\"https:\/\/now-news.de\/de\/deutschland\/argentinien-brasilien-chile-mexiko-gegen-ausweitung-der-israelischen-kolonialisierung-palaestinas\/#breadcrumb\"},\"inLanguage\":\"de\",\"potentialAction\":[{\"@type\":\"ReadAction\",\"target\":[\"https:\/\/now-news.de\/de\/deutschland\/argentinien-brasilien-chile-mexiko-gegen-ausweitung-der-israelischen-kolonialisierung-palaestinas\/\"]}]},{\"@type\":\"ImageObject\",\"inLanguage\":\"de\",\"@id\":\"https:\/\/now-news.de\/de\/deutschland\/argentinien-brasilien-chile-mexiko-gegen-ausweitung-der-israelischen-kolonialisierung-palaestinas\/#primaryimage\",\"url\":\"https:\/\/now-news.de\/de\/wp-content\/uploads\/sites\/3\/2023\/02\/Argentinien-Brasilien-Chile-Mexiko-gegen-Ausweitung-der-israelischen-Kolonialisierung-Palaestinas.jpg\",\"contentUrl\":\"https:\/\/now-news.de\/de\/wp-content\/uploads\/sites\/3\/2023\/02\/Argentinien-Brasilien-Chile-Mexiko-gegen-Ausweitung-der-israelischen-Kolonialisierung-Palaestinas.jpg\",\"width\":460,\"height\":259,\"caption\":\"Argentinien, Brasilien, Chile, Mexiko gegen Ausweitung der israelischen Kolonialisierung Pal\u00e4stinas\"},{\"@type\":\"BreadcrumbList\",\"@id\":\"https:\/\/now-news.de\/de\/deutschland\/argentinien-brasilien-chile-mexiko-gegen-ausweitung-der-israelischen-kolonialisierung-palaestinas\/#breadcrumb\",\"itemListElement\":[{\"@type\":\"ListItem\",\"position\":1,\"name\":\"Home\",\"item\":\"https:\/\/now-news.de\/de\/\"},{\"@type\":\"ListItem\",\"position\":2,\"name\":\"Argentinien, Brasilien, Chile, Mexiko gegen Ausweitung der israelischen Kolonialisierung Pal\u00e4stinas\"}]},{\"@type\":\"WebSite\",\"@id\":\"https:\/\/now-news.de\/de\/#website\",\"url\":\"https:\/\/now-news.de\/de\/\",\"name\":\"just-now.NEWS Deutschland\",\"description\":\"Das Portal f\u00fcr unzensierte Nachrichten aus der Welt\",\"publisher\":{\"@id\":\"https:\/\/now-news.de\/de\/#organization\"},\"potentialAction\":[{\"@type\":\"SearchAction\",\"target\":{\"@type\":\"EntryPoint\",\"urlTemplate\":\"https:\/\/now-news.de\/de\/?s={search_term_string}\"},\"query-input\":\"required name=search_term_string\"}],\"inLanguage\":\"de\"},{\"@type\":\"Organization\",\"@id\":\"https:\/\/now-news.de\/de\/#organization\",\"name\":\"Just Now News\",\"url\":\"https:\/\/now-news.de\/de\/\",\"logo\":{\"@type\":\"ImageObject\",\"inLanguage\":\"de\",\"@id\":\"https:\/\/now-news.de\/de\/#\/schema\/logo\/image\/\",\"url\":\"http:\/\/just-now.news\/de\/wp-content\/uploads\/sites\/3\/2022\/04\/logo500x500.jpg\",\"contentUrl\":\"http:\/\/just-now.news\/de\/wp-content\/uploads\/sites\/3\/2022\/04\/logo500x500.jpg\",\"width\":500,\"height\":500,\"caption\":\"Just Now News\"},\"image\":{\"@id\":\"https:\/\/now-news.de\/de\/#\/schema\/logo\/image\/\"},\"sameAs\":[\"https:\/\/www.facebook.com\/wirmachenauf\",\"https:\/\/x.com\/WirMachenAuf_de\"]},{\"@type\":\"Person\",\"@id\":\"https:\/\/now-news.de\/de\/#\/schema\/person\/fb534a4e865501d8b3285208df34a9b5\",\"name\":\"rtnews\",\"image\":{\"@type\":\"ImageObject\",\"inLanguage\":\"de\",\"@id\":\"https:\/\/now-news.de\/de\/#\/schema\/person\/image\/\",\"url\":\"https:\/\/secure.gravatar.com\/avatar\/82aafea7d8127119dd649515f56e2117?s=96&d=mm&r=g\",\"contentUrl\":\"https:\/\/secure.gravatar.com\/avatar\/82aafea7d8127119dd649515f56e2117?s=96&d=mm&r=g\",\"caption\":\"rtnews\"},\"url\":\"https:\/\/now-news.de\/de\/author\/rnews\/\"}]}<\/script>\n<!-- \/ Yoast SEO Premium plugin. -->","yoast_head_json":{"title":"Argentinien, Brasilien, Chile, Mexiko gegen Ausweitung der israelischen Kolonialisierung Pal\u00e4stinas - just-now.NEWS Deutschland","robots":{"index":"index","follow":"follow","max-snippet":"max-snippet:-1","max-image-preview":"max-image-preview:large","max-video-preview":"max-video-preview:-1"},"canonical":"https:\/\/now-news.de\/de\/deutschland\/argentinien-brasilien-chile-mexiko-gegen-ausweitung-der-israelischen-kolonialisierung-palaestinas\/","og_locale":"de_DE","og_type":"article","og_title":"Argentinien, Brasilien, Chile, Mexiko gegen Ausweitung der israelischen Kolonialisierung Pal\u00e4stinas","og_description":"Vier lateinamerikanische Staatsoberh\u00e4upter formulieren in einer gemeinsamen Erkl\u00e4rung ihre Bedenken, bezugnehmend der j\u00fcngsten Pl\u00e4ne der israelischen Regierung, neun Au\u00dfenposten zu legalisieren und 10.000 neue Wohneinheiten in bestehenden Siedlungen im Westjordanland errichten zu wollen. Von Maria M\u00fcller Vier lateinamerikanische Regierungen kritisierten am vergangenen Freitag in einer gemeinsamen Erkl\u00e4rung die Politik Israels, durch eine immer weitere Besiedlung [&hellip;]","og_url":"https:\/\/now-news.de\/de\/deutschland\/argentinien-brasilien-chile-mexiko-gegen-ausweitung-der-israelischen-kolonialisierung-palaestinas\/","og_site_name":"just-now.NEWS Deutschland","article_publisher":"https:\/\/www.facebook.com\/wirmachenauf","article_published_time":"2023-02-22T15:14:21+00:00","og_image":[{"width":460,"height":259,"url":"https:\/\/now-news.de\/de\/wp-content\/uploads\/sites\/3\/2023\/02\/Argentinien-Brasilien-Chile-Mexiko-gegen-Ausweitung-der-israelischen-Kolonialisierung-Palaestinas.jpg","type":"image\/jpeg"}],"author":"rtnews","twitter_card":"summary_large_image","twitter_creator":"@WirMachenAuf_de","twitter_site":"@WirMachenAuf_de","twitter_misc":{"Verfasst von":"rtnews","Gesch\u00e4tzte Lesezeit":"5\u00a0Minuten"},"schema":{"@context":"https:\/\/schema.org","@graph":[{"@type":"Article","@id":"https:\/\/now-news.de\/de\/deutschland\/argentinien-brasilien-chile-mexiko-gegen-ausweitung-der-israelischen-kolonialisierung-palaestinas\/#article","isPartOf":{"@id":"https:\/\/now-news.de\/de\/deutschland\/argentinien-brasilien-chile-mexiko-gegen-ausweitung-der-israelischen-kolonialisierung-palaestinas\/"},"author":{"name":"rtnews","@id":"https:\/\/now-news.de\/de\/#\/schema\/person\/fb534a4e865501d8b3285208df34a9b5"},"headline":"Argentinien, Brasilien, Chile, Mexiko gegen Ausweitung der israelischen Kolonialisierung Pal\u00e4stinas","datePublished":"2023-02-22T15:14:21+00:00","dateModified":"2023-02-22T15:14:21+00:00","mainEntityOfPage":{"@id":"https:\/\/now-news.de\/de\/deutschland\/argentinien-brasilien-chile-mexiko-gegen-ausweitung-der-israelischen-kolonialisierung-palaestinas\/"},"wordCount":972,"commentCount":0,"publisher":{"@id":"https:\/\/now-news.de\/de\/#organization"},"image":{"@id":"https:\/\/now-news.de\/de\/deutschland\/argentinien-brasilien-chile-mexiko-gegen-ausweitung-der-israelischen-kolonialisierung-palaestinas\/#primaryimage"},"thumbnailUrl":"https:\/\/now-news.de\/de\/wp-content\/uploads\/sites\/3\/2023\/02\/Argentinien-Brasilien-Chile-Mexiko-gegen-Ausweitung-der-israelischen-Kolonialisierung-Palaestinas.jpg","keywords":["Argentinien","Ausweitung","Brasilien","chile","der","gegen","israelischen","Kolonialisierung","Mexiko","Pal\u00e4stinas"],"articleSection":["Deutschland","Russland"],"inLanguage":"de","potentialAction":[{"@type":"CommentAction","name":"Comment","target":["https:\/\/now-news.de\/de\/deutschland\/argentinien-brasilien-chile-mexiko-gegen-ausweitung-der-israelischen-kolonialisierung-palaestinas\/#respond"]}]},{"@type":"WebPage","@id":"https:\/\/now-news.de\/de\/deutschland\/argentinien-brasilien-chile-mexiko-gegen-ausweitung-der-israelischen-kolonialisierung-palaestinas\/","url":"https:\/\/now-news.de\/de\/deutschland\/argentinien-brasilien-chile-mexiko-gegen-ausweitung-der-israelischen-kolonialisierung-palaestinas\/","name":"Argentinien, Brasilien, Chile, Mexiko gegen Ausweitung der israelischen Kolonialisierung Pal\u00e4stinas - just-now.NEWS Deutschland","isPartOf":{"@id":"https:\/\/now-news.de\/de\/#website"},"primaryImageOfPage":{"@id":"https:\/\/now-news.de\/de\/deutschland\/argentinien-brasilien-chile-mexiko-gegen-ausweitung-der-israelischen-kolonialisierung-palaestinas\/#primaryimage"},"image":{"@id":"https:\/\/now-news.de\/de\/deutschland\/argentinien-brasilien-chile-mexiko-gegen-ausweitung-der-israelischen-kolonialisierung-palaestinas\/#primaryimage"},"thumbnailUrl":"https:\/\/now-news.de\/de\/wp-content\/uploads\/sites\/3\/2023\/02\/Argentinien-Brasilien-Chile-Mexiko-gegen-Ausweitung-der-israelischen-Kolonialisierung-Palaestinas.jpg","datePublished":"2023-02-22T15:14:21+00:00","dateModified":"2023-02-22T15:14:21+00:00","breadcrumb":{"@id":"https:\/\/now-news.de\/de\/deutschland\/argentinien-brasilien-chile-mexiko-gegen-ausweitung-der-israelischen-kolonialisierung-palaestinas\/#breadcrumb"},"inLanguage":"de","potentialAction":[{"@type":"ReadAction","target":["https:\/\/now-news.de\/de\/deutschland\/argentinien-brasilien-chile-mexiko-gegen-ausweitung-der-israelischen-kolonialisierung-palaestinas\/"]}]},{"@type":"ImageObject","inLanguage":"de","@id":"https:\/\/now-news.de\/de\/deutschland\/argentinien-brasilien-chile-mexiko-gegen-ausweitung-der-israelischen-kolonialisierung-palaestinas\/#primaryimage","url":"https:\/\/now-news.de\/de\/wp-content\/uploads\/sites\/3\/2023\/02\/Argentinien-Brasilien-Chile-Mexiko-gegen-Ausweitung-der-israelischen-Kolonialisierung-Palaestinas.jpg","contentUrl":"https:\/\/now-news.de\/de\/wp-content\/uploads\/sites\/3\/2023\/02\/Argentinien-Brasilien-Chile-Mexiko-gegen-Ausweitung-der-israelischen-Kolonialisierung-Palaestinas.jpg","width":460,"height":259,"caption":"Argentinien, Brasilien, Chile, Mexiko gegen Ausweitung der israelischen Kolonialisierung Pal\u00e4stinas"},{"@type":"BreadcrumbList","@id":"https:\/\/now-news.de\/de\/deutschland\/argentinien-brasilien-chile-mexiko-gegen-ausweitung-der-israelischen-kolonialisierung-palaestinas\/#breadcrumb","itemListElement":[{"@type":"ListItem","position":1,"name":"Home","item":"https:\/\/now-news.de\/de\/"},{"@type":"ListItem","position":2,"name":"Argentinien, Brasilien, Chile, Mexiko gegen Ausweitung der israelischen Kolonialisierung Pal\u00e4stinas"}]},{"@type":"WebSite","@id":"https:\/\/now-news.de\/de\/#website","url":"https:\/\/now-news.de\/de\/","name":"just-now.NEWS Deutschland","description":"Das Portal f\u00fcr unzensierte Nachrichten aus der Welt","publisher":{"@id":"https:\/\/now-news.de\/de\/#organization"},"potentialAction":[{"@type":"SearchAction","target":{"@type":"EntryPoint","urlTemplate":"https:\/\/now-news.de\/de\/?s={search_term_string}"},"query-input":"required name=search_term_string"}],"inLanguage":"de"},{"@type":"Organization","@id":"https:\/\/now-news.de\/de\/#organization","name":"Just Now News","url":"https:\/\/now-news.de\/de\/","logo":{"@type":"ImageObject","inLanguage":"de","@id":"https:\/\/now-news.de\/de\/#\/schema\/logo\/image\/","url":"http:\/\/just-now.news\/de\/wp-content\/uploads\/sites\/3\/2022\/04\/logo500x500.jpg","contentUrl":"http:\/\/just-now.news\/de\/wp-content\/uploads\/sites\/3\/2022\/04\/logo500x500.jpg","width":500,"height":500,"caption":"Just Now News"},"image":{"@id":"https:\/\/now-news.de\/de\/#\/schema\/logo\/image\/"},"sameAs":["https:\/\/www.facebook.com\/wirmachenauf","https:\/\/x.com\/WirMachenAuf_de"]},{"@type":"Person","@id":"https:\/\/now-news.de\/de\/#\/schema\/person\/fb534a4e865501d8b3285208df34a9b5","name":"rtnews","image":{"@type":"ImageObject","inLanguage":"de","@id":"https:\/\/now-news.de\/de\/#\/schema\/person\/image\/","url":"https:\/\/secure.gravatar.com\/avatar\/82aafea7d8127119dd649515f56e2117?s=96&d=mm&r=g","contentUrl":"https:\/\/secure.gravatar.com\/avatar\/82aafea7d8127119dd649515f56e2117?s=96&d=mm&r=g","caption":"rtnews"},"url":"https:\/\/now-news.de\/de\/author\/rnews\/"}]}},"_links":{"self":[{"href":"https:\/\/now-news.de\/de\/wp-json\/wp\/v2\/posts\/30904"}],"collection":[{"href":"https:\/\/now-news.de\/de\/wp-json\/wp\/v2\/posts"}],"about":[{"href":"https:\/\/now-news.de\/de\/wp-json\/wp\/v2\/types\/post"}],"author":[{"embeddable":true,"href":"https:\/\/now-news.de\/de\/wp-json\/wp\/v2\/users\/3"}],"replies":[{"embeddable":true,"href":"https:\/\/now-news.de\/de\/wp-json\/wp\/v2\/comments?post=30904"}],"version-history":[{"count":0,"href":"https:\/\/now-news.de\/de\/wp-json\/wp\/v2\/posts\/30904\/revisions"}],"wp:featuredmedia":[{"embeddable":true,"href":"https:\/\/now-news.de\/de\/wp-json\/wp\/v2\/media\/30905"}],"wp:attachment":[{"href":"https:\/\/now-news.de\/de\/wp-json\/wp\/v2\/media?parent=30904"}],"wp:term":[{"taxonomy":"category","embeddable":true,"href":"https:\/\/now-news.de\/de\/wp-json\/wp\/v2\/categories?post=30904"},{"taxonomy":"post_tag","embeddable":true,"href":"https:\/\/now-news.de\/de\/wp-json\/wp\/v2\/tags?post=30904"}],"curies":[{"name":"wp","href":"https:\/\/api.w.org\/{rel}","templated":true}]}}