{"id":30900,"date":"2023-02-22T15:32:24","date_gmt":"2023-02-22T13:32:24","guid":{"rendered":"https:\/\/just-now.news\/de\/deutschland\/berlin-weist-zwei-iranische-diplomaten-aus-iran-verhaengt-sanktionen-gegen-bundestagsabgeordnete\/"},"modified":"2023-02-22T15:32:24","modified_gmt":"2023-02-22T13:32:24","slug":"berlin-weist-zwei-iranische-diplomaten-aus-iran-verhaengt-sanktionen-gegen-bundestagsabgeordnete","status":"publish","type":"post","link":"https:\/\/now-news.de\/de\/deutschland\/berlin-weist-zwei-iranische-diplomaten-aus-iran-verhaengt-sanktionen-gegen-bundestagsabgeordnete\/","title":{"rendered":"Berlin weist zwei iranische Diplomaten aus \u2013 Iran verh\u00e4ngt Sanktionen gegen Bundestagsabgeordnete"},"content":{"rendered":"<p><img decoding=\"async\" src=\"http:\/\/just-now.news\/de\/wp-content\/uploads\/sites\/3\/2023\/02\/63f5f641b480cc3b120e1098.jpg\" \/><\/p>\n<div class=\"Text-root Text-type_1 \">\n                Ein Terrorverd\u00e4chtiger, der auch die deutsche Staatsangeh\u00f6rigkeit besitzt, wurde in Iran zum Tode verurteilt. Als Reaktion hierauf hat das Ausw\u00e4rtige Amt zwei iranische Diplomaten zu unerw\u00fcnschten Personen erkl\u00e4rt. Der Iraner soll im Jahr 2008 in ein Attentat involviert gewesen sein.\n            <\/div>\n<p><\/p>\n<div class=\"Text-root Text-type_5 ArticleView-text ViewText-root \">\n<p>Als Reaktion auf das Todesurteil gegen den Iraner Jamshid Sharmahd, der neben der iranischen auch die deutsche Staatsangeh\u00f6rigkeit besitzt, hat das Ausw\u00e4rtige Amt zwei iranische Botschaftsangeh\u00f6rige zu unerw\u00fcnschten Personen erkl\u00e4rt. Sie seien &#8220;mit kurzer Frist aufgefordert&#8221; worden, Deutschland zu verlassen, teilte Bundesau\u00dfenministerin Annalena Baerbock mit.\u00a0Iranische\u00a0Beh\u00f6rden\u00a0erkennen keine\u00a0doppelte Staatsangeh\u00f6rigkeit an,\u00a0sondern behandeln iranische Doppelstaater so, als w\u00e4ren sie ausschlie\u00dflich iranische Staatsangeh\u00f6rige.<\/p>\n<p>Iran hatte Sharmahds Festnahme im August 2020 bekannt gegeben. Nach Angaben seiner Familie wurde der Iraner, der zuletzt in den USA lebte, bei einem Zwischenstopp in Dubai vom iranischen Geheimdienst entf\u00fchrt und\u00a0in sein Geburtsland verschleppt. Im Februar 2022 begann sein Prozess. Ihm wurde vorgeworfen, vom Ausland aus Terroranschl\u00e4ge\u00a0in Iran geplant zu haben.\u00a0Konkret legten ihm die Richter in Teheran die Planung und Anleitung von 23 terroristischen Anschl\u00e4gen zur Last, von denen f\u00fcnf zur Ausf\u00fchrung gelangt seien. Der Schwerwiegendste\u00a0von ihnen\u00a0sei ein Bombenattentat auf eine Moschee in der Stadt Schiras im April 2008 gewesen, bei dem 14 Menschen get\u00f6tet wurden.\u00a0CDU-Chef Friedrich Merz hatte Anfang Januar angek\u00fcndigt, die politische Patenschaft des Terrorverd\u00e4chtigen zu \u00fcbernehmen. Derweil dr\u00e4ngt\u00a0Merz auf die Ausweisung des iranischen Botschafters in Berlin.<\/p>\n<p>Einen Tag nach der Versch\u00e4rfung der EU-Sanktionen gegen\u00a0Iran\u00a0hat Teheran\u00a0am Mittwoch\u00a0seinerseits Strafma\u00dfnahmen gegen mehr als 30 Unternehmen und Personen aus der Europ\u00e4ischen Union verh\u00e4ngt. Betroffen von den Sanktionen sind laut einer vom iranischen Au\u00dfenministerium am Dienstag auf seiner Internetseite ver\u00f6ffentlichten Liste unter anderem die Bundestagsabgeordneten Roderich Kiesewetter (CDU), Renata Alt (FDP) und Michael Roth (SPD).\u00a0<\/p>\n<p>Den von den Sanktionen Betroffenen wird laut der Erkl\u00e4rung des iranischen Au\u00dfenministeriums &#8220;Unterst\u00fctzung von Terrorismus, Einmischung in die inneren Angelegenheiten des Landes und Anstachelung zur Gewalt und zu Unruhen in Iran&#8221; vorgeworfen. Auf der Sanktionsliste stehen auch mehrere R\u00fcstungsbetriebe sowie Abgeordnete des EU-Parlaments und nationaler Parlamente. Sie alle wurden mit Verm\u00f6gens- und Einreisesperren belegt. Insgesamt stehen 23 Personen und 13 Organisationen auf der Sanktionsliste.\u00a0Bei\u00a0den j\u00fcngsten Unruhen in Iran\u00a0hatte Berlin die F\u00fchrungsrolle f\u00fcr die Isolierung Teherans auf internationaler Ebene \u00fcbernommen.\u00a0<\/p>\n<p><strong>Mehr zum Thema<\/strong> &#8211; <a rel=\"nofollow noopener\" target=\"_blank\" href=\"https:\/\/de.rt.com\/der-nahe-osten\/159503-grausamer-mord-an-sicherheitskraefte-hinrichtungen\/\">Hinrichtungen in Iran: Nicht friedliche Demonstranten, sondern Mord an Sicherheitskr\u00e4ften<\/a><\/p>\n<div class=\"EmbedBlock-root EmbedBlock-externalVideo EmbedBlock-vk\">\n<div class=\"VkEmbed\"><iframe class=\"lazyload\" data-src=\"https:\/\/vk.com\/video_ext.php?oid=-134310637&amp;id=456262339&amp;hash=085bf344592ac607\" frameborder=\"0\" width=\"853\" height=\"480\" allowfullscreen><\/iframe><\/div>\n<\/div>\n<\/div>\n<p><br \/>\n<br \/><a href=\"https:\/\/de.rt.com\/inland\/163593-berlin-weist-zwei-iranische-diplomaten\/\">Source link <\/a><\/p>\n","protected":false},"excerpt":{"rendered":"<p>Ein Terrorverd\u00e4chtiger, der auch die deutsche Staatsangeh\u00f6rigkeit besitzt, wurde in Iran zum Tode verurteilt. Als Reaktion hierauf hat das Ausw\u00e4rtige Amt zwei iranische Diplomaten zu unerw\u00fcnschten Personen erkl\u00e4rt. Der Iraner soll im Jahr 2008 in ein Attentat involviert gewesen sein. Als Reaktion auf das Todesurteil gegen den Iraner Jamshid Sharmahd, der neben der iranischen auch [&hellip;]<\/p>\n","protected":false},"author":3,"featured_media":30901,"comment_status":"open","ping_status":"open","sticky":false,"template":"","format":"standard","meta":{"_yoast_indexnow_last_ping":["1677073495"],"wp_automatic_camp":["217"],"f55dccd22aad029b9862b47212006f5d":["Berlin weist zwei iranische Diplomaten aus \u2013 Iran verh\u00e4ngt Sanktionen gegen Bundestagsabgeordnete"],"original_link":["https:\/\/de.rt.com\/inland\/163593-berlin-weist-zwei-iranische-diplomaten\/"],"_thumbnail_id":["30901"],"_wptgpro_p2tg_sent2tg":["a:1:{i:23737;s:19:\"2023-02-22 15:46:39\";}"],"jnews_social_counter_last_update":["1777659149"]},"categories":[19,23],"tags":[679,943,18049,9831,278,1786,21348,713,10528,3334,1003],"yoast_head":"<!-- This site is optimized with the Yoast SEO Premium plugin v22.7 (Yoast SEO v22.7) - https:\/\/yoast.com\/wordpress\/plugins\/seo\/ -->\n<title>Berlin weist zwei iranische Diplomaten aus \u2013 Iran verh\u00e4ngt Sanktionen gegen Bundestagsabgeordnete - just-now.NEWS Deutschland<\/title>\n<meta name=\"robots\" content=\"index, follow, max-snippet:-1, max-image-preview:large, max-video-preview:-1\" \/>\n<link rel=\"canonical\" href=\"https:\/\/now-news.de\/de\/deutschland\/berlin-weist-zwei-iranische-diplomaten-aus-iran-verhaengt-sanktionen-gegen-bundestagsabgeordnete\/\" \/>\n<meta property=\"og:locale\" content=\"de_DE\" \/>\n<meta property=\"og:type\" content=\"article\" \/>\n<meta property=\"og:title\" content=\"Berlin weist zwei iranische Diplomaten aus \u2013 Iran verh\u00e4ngt Sanktionen gegen Bundestagsabgeordnete\" \/>\n<meta property=\"og:description\" content=\"Ein Terrorverd\u00e4chtiger, der auch die deutsche Staatsangeh\u00f6rigkeit besitzt, wurde in Iran zum Tode verurteilt. Als Reaktion hierauf hat das Ausw\u00e4rtige Amt zwei iranische Diplomaten zu unerw\u00fcnschten Personen erkl\u00e4rt. Der Iraner soll im Jahr 2008 in ein Attentat involviert gewesen sein. Als Reaktion auf das Todesurteil gegen den Iraner Jamshid Sharmahd, der neben der iranischen auch [&hellip;]\" \/>\n<meta property=\"og:url\" content=\"https:\/\/now-news.de\/de\/deutschland\/berlin-weist-zwei-iranische-diplomaten-aus-iran-verhaengt-sanktionen-gegen-bundestagsabgeordnete\/\" \/>\n<meta property=\"og:site_name\" content=\"just-now.NEWS Deutschland\" \/>\n<meta property=\"article:publisher\" content=\"https:\/\/www.facebook.com\/wirmachenauf\" \/>\n<meta property=\"article:published_time\" content=\"2023-02-22T13:32:24+00:00\" \/>\n<meta property=\"og:image\" content=\"https:\/\/now-news.de\/de\/wp-content\/uploads\/sites\/3\/2023\/02\/Berlin-weist-zwei-iranische-Diplomaten-aus-\u2013-Iran-verhaengt-Sanktionen.jpg\" \/>\n\t<meta property=\"og:image:width\" content=\"460\" \/>\n\t<meta property=\"og:image:height\" content=\"259\" \/>\n\t<meta property=\"og:image:type\" content=\"image\/jpeg\" \/>\n<meta name=\"author\" content=\"rtnews\" \/>\n<meta name=\"twitter:card\" content=\"summary_large_image\" \/>\n<meta name=\"twitter:creator\" content=\"@WirMachenAuf_de\" \/>\n<meta name=\"twitter:site\" content=\"@WirMachenAuf_de\" \/>\n<meta name=\"twitter:label1\" content=\"Verfasst von\" \/>\n\t<meta name=\"twitter:data1\" content=\"rtnews\" \/>\n\t<meta name=\"twitter:label2\" content=\"Gesch\u00e4tzte Lesezeit\" \/>\n\t<meta name=\"twitter:data2\" content=\"2\u00a0Minuten\" \/>\n<script type=\"application\/ld+json\" class=\"yoast-schema-graph\">{\"@context\":\"https:\/\/schema.org\",\"@graph\":[{\"@type\":\"Article\",\"@id\":\"https:\/\/now-news.de\/de\/deutschland\/berlin-weist-zwei-iranische-diplomaten-aus-iran-verhaengt-sanktionen-gegen-bundestagsabgeordnete\/#article\",\"isPartOf\":{\"@id\":\"https:\/\/now-news.de\/de\/deutschland\/berlin-weist-zwei-iranische-diplomaten-aus-iran-verhaengt-sanktionen-gegen-bundestagsabgeordnete\/\"},\"author\":{\"name\":\"rtnews\",\"@id\":\"https:\/\/now-news.de\/de\/#\/schema\/person\/fb534a4e865501d8b3285208df34a9b5\"},\"headline\":\"Berlin weist zwei iranische Diplomaten aus \u2013 Iran verh\u00e4ngt Sanktionen gegen Bundestagsabgeordnete\",\"datePublished\":\"2023-02-22T13:32:24+00:00\",\"dateModified\":\"2023-02-22T13:32:24+00:00\",\"mainEntityOfPage\":{\"@id\":\"https:\/\/now-news.de\/de\/deutschland\/berlin-weist-zwei-iranische-diplomaten-aus-iran-verhaengt-sanktionen-gegen-bundestagsabgeordnete\/\"},\"wordCount\":430,\"commentCount\":0,\"publisher\":{\"@id\":\"https:\/\/now-news.de\/de\/#organization\"},\"image\":{\"@id\":\"https:\/\/now-news.de\/de\/deutschland\/berlin-weist-zwei-iranische-diplomaten-aus-iran-verhaengt-sanktionen-gegen-bundestagsabgeordnete\/#primaryimage\"},\"thumbnailUrl\":\"https:\/\/now-news.de\/de\/wp-content\/uploads\/sites\/3\/2023\/02\/Berlin-weist-zwei-iranische-Diplomaten-aus-\u2013-Iran-verhaengt-Sanktionen.jpg\",\"keywords\":[\"aus\",\"Berlin\",\"Bundestagsabgeordnete\",\"Diplomaten\",\"gegen\",\"Iran\",\"Iranische\",\"Sanktionen\",\"verh\u00e4ngt\",\"weist\",\"zwei\"],\"articleSection\":[\"Deutschland\",\"Russland\"],\"inLanguage\":\"de\",\"potentialAction\":[{\"@type\":\"CommentAction\",\"name\":\"Comment\",\"target\":[\"https:\/\/now-news.de\/de\/deutschland\/berlin-weist-zwei-iranische-diplomaten-aus-iran-verhaengt-sanktionen-gegen-bundestagsabgeordnete\/#respond\"]}]},{\"@type\":\"WebPage\",\"@id\":\"https:\/\/now-news.de\/de\/deutschland\/berlin-weist-zwei-iranische-diplomaten-aus-iran-verhaengt-sanktionen-gegen-bundestagsabgeordnete\/\",\"url\":\"https:\/\/now-news.de\/de\/deutschland\/berlin-weist-zwei-iranische-diplomaten-aus-iran-verhaengt-sanktionen-gegen-bundestagsabgeordnete\/\",\"name\":\"Berlin weist zwei iranische Diplomaten aus \u2013 Iran verh\u00e4ngt Sanktionen gegen Bundestagsabgeordnete - just-now.NEWS Deutschland\",\"isPartOf\":{\"@id\":\"https:\/\/now-news.de\/de\/#website\"},\"primaryImageOfPage\":{\"@id\":\"https:\/\/now-news.de\/de\/deutschland\/berlin-weist-zwei-iranische-diplomaten-aus-iran-verhaengt-sanktionen-gegen-bundestagsabgeordnete\/#primaryimage\"},\"image\":{\"@id\":\"https:\/\/now-news.de\/de\/deutschland\/berlin-weist-zwei-iranische-diplomaten-aus-iran-verhaengt-sanktionen-gegen-bundestagsabgeordnete\/#primaryimage\"},\"thumbnailUrl\":\"https:\/\/now-news.de\/de\/wp-content\/uploads\/sites\/3\/2023\/02\/Berlin-weist-zwei-iranische-Diplomaten-aus-\u2013-Iran-verhaengt-Sanktionen.jpg\",\"datePublished\":\"2023-02-22T13:32:24+00:00\",\"dateModified\":\"2023-02-22T13:32:24+00:00\",\"breadcrumb\":{\"@id\":\"https:\/\/now-news.de\/de\/deutschland\/berlin-weist-zwei-iranische-diplomaten-aus-iran-verhaengt-sanktionen-gegen-bundestagsabgeordnete\/#breadcrumb\"},\"inLanguage\":\"de\",\"potentialAction\":[{\"@type\":\"ReadAction\",\"target\":[\"https:\/\/now-news.de\/de\/deutschland\/berlin-weist-zwei-iranische-diplomaten-aus-iran-verhaengt-sanktionen-gegen-bundestagsabgeordnete\/\"]}]},{\"@type\":\"ImageObject\",\"inLanguage\":\"de\",\"@id\":\"https:\/\/now-news.de\/de\/deutschland\/berlin-weist-zwei-iranische-diplomaten-aus-iran-verhaengt-sanktionen-gegen-bundestagsabgeordnete\/#primaryimage\",\"url\":\"https:\/\/now-news.de\/de\/wp-content\/uploads\/sites\/3\/2023\/02\/Berlin-weist-zwei-iranische-Diplomaten-aus-\u2013-Iran-verhaengt-Sanktionen.jpg\",\"contentUrl\":\"https:\/\/now-news.de\/de\/wp-content\/uploads\/sites\/3\/2023\/02\/Berlin-weist-zwei-iranische-Diplomaten-aus-\u2013-Iran-verhaengt-Sanktionen.jpg\",\"width\":460,\"height\":259,\"caption\":\"Berlin weist zwei iranische Diplomaten aus \u2013 Iran verh\u00e4ngt Sanktionen gegen Bundestagsabgeordnete\"},{\"@type\":\"BreadcrumbList\",\"@id\":\"https:\/\/now-news.de\/de\/deutschland\/berlin-weist-zwei-iranische-diplomaten-aus-iran-verhaengt-sanktionen-gegen-bundestagsabgeordnete\/#breadcrumb\",\"itemListElement\":[{\"@type\":\"ListItem\",\"position\":1,\"name\":\"Home\",\"item\":\"https:\/\/now-news.de\/de\/\"},{\"@type\":\"ListItem\",\"position\":2,\"name\":\"Berlin weist zwei iranische Diplomaten aus \u2013 Iran verh\u00e4ngt Sanktionen gegen Bundestagsabgeordnete\"}]},{\"@type\":\"WebSite\",\"@id\":\"https:\/\/now-news.de\/de\/#website\",\"url\":\"https:\/\/now-news.de\/de\/\",\"name\":\"just-now.NEWS Deutschland\",\"description\":\"Das Portal f\u00fcr unzensierte Nachrichten aus der Welt\",\"publisher\":{\"@id\":\"https:\/\/now-news.de\/de\/#organization\"},\"potentialAction\":[{\"@type\":\"SearchAction\",\"target\":{\"@type\":\"EntryPoint\",\"urlTemplate\":\"https:\/\/now-news.de\/de\/?s={search_term_string}\"},\"query-input\":\"required name=search_term_string\"}],\"inLanguage\":\"de\"},{\"@type\":\"Organization\",\"@id\":\"https:\/\/now-news.de\/de\/#organization\",\"name\":\"Just Now News\",\"url\":\"https:\/\/now-news.de\/de\/\",\"logo\":{\"@type\":\"ImageObject\",\"inLanguage\":\"de\",\"@id\":\"https:\/\/now-news.de\/de\/#\/schema\/logo\/image\/\",\"url\":\"http:\/\/just-now.news\/de\/wp-content\/uploads\/sites\/3\/2022\/04\/logo500x500.jpg\",\"contentUrl\":\"http:\/\/just-now.news\/de\/wp-content\/uploads\/sites\/3\/2022\/04\/logo500x500.jpg\",\"width\":500,\"height\":500,\"caption\":\"Just Now News\"},\"image\":{\"@id\":\"https:\/\/now-news.de\/de\/#\/schema\/logo\/image\/\"},\"sameAs\":[\"https:\/\/www.facebook.com\/wirmachenauf\",\"https:\/\/x.com\/WirMachenAuf_de\"]},{\"@type\":\"Person\",\"@id\":\"https:\/\/now-news.de\/de\/#\/schema\/person\/fb534a4e865501d8b3285208df34a9b5\",\"name\":\"rtnews\",\"image\":{\"@type\":\"ImageObject\",\"inLanguage\":\"de\",\"@id\":\"https:\/\/now-news.de\/de\/#\/schema\/person\/image\/\",\"url\":\"https:\/\/secure.gravatar.com\/avatar\/82aafea7d8127119dd649515f56e2117?s=96&d=mm&r=g\",\"contentUrl\":\"https:\/\/secure.gravatar.com\/avatar\/82aafea7d8127119dd649515f56e2117?s=96&d=mm&r=g\",\"caption\":\"rtnews\"},\"url\":\"https:\/\/now-news.de\/de\/author\/rnews\/\"}]}<\/script>\n<!-- \/ Yoast SEO Premium plugin. -->","yoast_head_json":{"title":"Berlin weist zwei iranische Diplomaten aus \u2013 Iran verh\u00e4ngt Sanktionen gegen Bundestagsabgeordnete - just-now.NEWS Deutschland","robots":{"index":"index","follow":"follow","max-snippet":"max-snippet:-1","max-image-preview":"max-image-preview:large","max-video-preview":"max-video-preview:-1"},"canonical":"https:\/\/now-news.de\/de\/deutschland\/berlin-weist-zwei-iranische-diplomaten-aus-iran-verhaengt-sanktionen-gegen-bundestagsabgeordnete\/","og_locale":"de_DE","og_type":"article","og_title":"Berlin weist zwei iranische Diplomaten aus \u2013 Iran verh\u00e4ngt Sanktionen gegen Bundestagsabgeordnete","og_description":"Ein Terrorverd\u00e4chtiger, der auch die deutsche Staatsangeh\u00f6rigkeit besitzt, wurde in Iran zum Tode verurteilt. Als Reaktion hierauf hat das Ausw\u00e4rtige Amt zwei iranische Diplomaten zu unerw\u00fcnschten Personen erkl\u00e4rt. Der Iraner soll im Jahr 2008 in ein Attentat involviert gewesen sein. Als Reaktion auf das Todesurteil gegen den Iraner Jamshid Sharmahd, der neben der iranischen auch [&hellip;]","og_url":"https:\/\/now-news.de\/de\/deutschland\/berlin-weist-zwei-iranische-diplomaten-aus-iran-verhaengt-sanktionen-gegen-bundestagsabgeordnete\/","og_site_name":"just-now.NEWS Deutschland","article_publisher":"https:\/\/www.facebook.com\/wirmachenauf","article_published_time":"2023-02-22T13:32:24+00:00","og_image":[{"width":460,"height":259,"url":"https:\/\/now-news.de\/de\/wp-content\/uploads\/sites\/3\/2023\/02\/Berlin-weist-zwei-iranische-Diplomaten-aus-\u2013-Iran-verhaengt-Sanktionen.jpg","type":"image\/jpeg"}],"author":"rtnews","twitter_card":"summary_large_image","twitter_creator":"@WirMachenAuf_de","twitter_site":"@WirMachenAuf_de","twitter_misc":{"Verfasst von":"rtnews","Gesch\u00e4tzte Lesezeit":"2\u00a0Minuten"},"schema":{"@context":"https:\/\/schema.org","@graph":[{"@type":"Article","@id":"https:\/\/now-news.de\/de\/deutschland\/berlin-weist-zwei-iranische-diplomaten-aus-iran-verhaengt-sanktionen-gegen-bundestagsabgeordnete\/#article","isPartOf":{"@id":"https:\/\/now-news.de\/de\/deutschland\/berlin-weist-zwei-iranische-diplomaten-aus-iran-verhaengt-sanktionen-gegen-bundestagsabgeordnete\/"},"author":{"name":"rtnews","@id":"https:\/\/now-news.de\/de\/#\/schema\/person\/fb534a4e865501d8b3285208df34a9b5"},"headline":"Berlin weist zwei iranische Diplomaten aus \u2013 Iran verh\u00e4ngt Sanktionen gegen Bundestagsabgeordnete","datePublished":"2023-02-22T13:32:24+00:00","dateModified":"2023-02-22T13:32:24+00:00","mainEntityOfPage":{"@id":"https:\/\/now-news.de\/de\/deutschland\/berlin-weist-zwei-iranische-diplomaten-aus-iran-verhaengt-sanktionen-gegen-bundestagsabgeordnete\/"},"wordCount":430,"commentCount":0,"publisher":{"@id":"https:\/\/now-news.de\/de\/#organization"},"image":{"@id":"https:\/\/now-news.de\/de\/deutschland\/berlin-weist-zwei-iranische-diplomaten-aus-iran-verhaengt-sanktionen-gegen-bundestagsabgeordnete\/#primaryimage"},"thumbnailUrl":"https:\/\/now-news.de\/de\/wp-content\/uploads\/sites\/3\/2023\/02\/Berlin-weist-zwei-iranische-Diplomaten-aus-\u2013-Iran-verhaengt-Sanktionen.jpg","keywords":["aus","Berlin","Bundestagsabgeordnete","Diplomaten","gegen","Iran","Iranische","Sanktionen","verh\u00e4ngt","weist","zwei"],"articleSection":["Deutschland","Russland"],"inLanguage":"de","potentialAction":[{"@type":"CommentAction","name":"Comment","target":["https:\/\/now-news.de\/de\/deutschland\/berlin-weist-zwei-iranische-diplomaten-aus-iran-verhaengt-sanktionen-gegen-bundestagsabgeordnete\/#respond"]}]},{"@type":"WebPage","@id":"https:\/\/now-news.de\/de\/deutschland\/berlin-weist-zwei-iranische-diplomaten-aus-iran-verhaengt-sanktionen-gegen-bundestagsabgeordnete\/","url":"https:\/\/now-news.de\/de\/deutschland\/berlin-weist-zwei-iranische-diplomaten-aus-iran-verhaengt-sanktionen-gegen-bundestagsabgeordnete\/","name":"Berlin weist zwei iranische Diplomaten aus \u2013 Iran verh\u00e4ngt Sanktionen gegen Bundestagsabgeordnete - just-now.NEWS Deutschland","isPartOf":{"@id":"https:\/\/now-news.de\/de\/#website"},"primaryImageOfPage":{"@id":"https:\/\/now-news.de\/de\/deutschland\/berlin-weist-zwei-iranische-diplomaten-aus-iran-verhaengt-sanktionen-gegen-bundestagsabgeordnete\/#primaryimage"},"image":{"@id":"https:\/\/now-news.de\/de\/deutschland\/berlin-weist-zwei-iranische-diplomaten-aus-iran-verhaengt-sanktionen-gegen-bundestagsabgeordnete\/#primaryimage"},"thumbnailUrl":"https:\/\/now-news.de\/de\/wp-content\/uploads\/sites\/3\/2023\/02\/Berlin-weist-zwei-iranische-Diplomaten-aus-\u2013-Iran-verhaengt-Sanktionen.jpg","datePublished":"2023-02-22T13:32:24+00:00","dateModified":"2023-02-22T13:32:24+00:00","breadcrumb":{"@id":"https:\/\/now-news.de\/de\/deutschland\/berlin-weist-zwei-iranische-diplomaten-aus-iran-verhaengt-sanktionen-gegen-bundestagsabgeordnete\/#breadcrumb"},"inLanguage":"de","potentialAction":[{"@type":"ReadAction","target":["https:\/\/now-news.de\/de\/deutschland\/berlin-weist-zwei-iranische-diplomaten-aus-iran-verhaengt-sanktionen-gegen-bundestagsabgeordnete\/"]}]},{"@type":"ImageObject","inLanguage":"de","@id":"https:\/\/now-news.de\/de\/deutschland\/berlin-weist-zwei-iranische-diplomaten-aus-iran-verhaengt-sanktionen-gegen-bundestagsabgeordnete\/#primaryimage","url":"https:\/\/now-news.de\/de\/wp-content\/uploads\/sites\/3\/2023\/02\/Berlin-weist-zwei-iranische-Diplomaten-aus-\u2013-Iran-verhaengt-Sanktionen.jpg","contentUrl":"https:\/\/now-news.de\/de\/wp-content\/uploads\/sites\/3\/2023\/02\/Berlin-weist-zwei-iranische-Diplomaten-aus-\u2013-Iran-verhaengt-Sanktionen.jpg","width":460,"height":259,"caption":"Berlin weist zwei iranische Diplomaten aus \u2013 Iran verh\u00e4ngt Sanktionen gegen Bundestagsabgeordnete"},{"@type":"BreadcrumbList","@id":"https:\/\/now-news.de\/de\/deutschland\/berlin-weist-zwei-iranische-diplomaten-aus-iran-verhaengt-sanktionen-gegen-bundestagsabgeordnete\/#breadcrumb","itemListElement":[{"@type":"ListItem","position":1,"name":"Home","item":"https:\/\/now-news.de\/de\/"},{"@type":"ListItem","position":2,"name":"Berlin weist zwei iranische Diplomaten aus \u2013 Iran verh\u00e4ngt Sanktionen gegen Bundestagsabgeordnete"}]},{"@type":"WebSite","@id":"https:\/\/now-news.de\/de\/#website","url":"https:\/\/now-news.de\/de\/","name":"just-now.NEWS Deutschland","description":"Das Portal f\u00fcr unzensierte Nachrichten aus der Welt","publisher":{"@id":"https:\/\/now-news.de\/de\/#organization"},"potentialAction":[{"@type":"SearchAction","target":{"@type":"EntryPoint","urlTemplate":"https:\/\/now-news.de\/de\/?s={search_term_string}"},"query-input":"required name=search_term_string"}],"inLanguage":"de"},{"@type":"Organization","@id":"https:\/\/now-news.de\/de\/#organization","name":"Just Now News","url":"https:\/\/now-news.de\/de\/","logo":{"@type":"ImageObject","inLanguage":"de","@id":"https:\/\/now-news.de\/de\/#\/schema\/logo\/image\/","url":"http:\/\/just-now.news\/de\/wp-content\/uploads\/sites\/3\/2022\/04\/logo500x500.jpg","contentUrl":"http:\/\/just-now.news\/de\/wp-content\/uploads\/sites\/3\/2022\/04\/logo500x500.jpg","width":500,"height":500,"caption":"Just Now News"},"image":{"@id":"https:\/\/now-news.de\/de\/#\/schema\/logo\/image\/"},"sameAs":["https:\/\/www.facebook.com\/wirmachenauf","https:\/\/x.com\/WirMachenAuf_de"]},{"@type":"Person","@id":"https:\/\/now-news.de\/de\/#\/schema\/person\/fb534a4e865501d8b3285208df34a9b5","name":"rtnews","image":{"@type":"ImageObject","inLanguage":"de","@id":"https:\/\/now-news.de\/de\/#\/schema\/person\/image\/","url":"https:\/\/secure.gravatar.com\/avatar\/82aafea7d8127119dd649515f56e2117?s=96&d=mm&r=g","contentUrl":"https:\/\/secure.gravatar.com\/avatar\/82aafea7d8127119dd649515f56e2117?s=96&d=mm&r=g","caption":"rtnews"},"url":"https:\/\/now-news.de\/de\/author\/rnews\/"}]}},"_links":{"self":[{"href":"https:\/\/now-news.de\/de\/wp-json\/wp\/v2\/posts\/30900"}],"collection":[{"href":"https:\/\/now-news.de\/de\/wp-json\/wp\/v2\/posts"}],"about":[{"href":"https:\/\/now-news.de\/de\/wp-json\/wp\/v2\/types\/post"}],"author":[{"embeddable":true,"href":"https:\/\/now-news.de\/de\/wp-json\/wp\/v2\/users\/3"}],"replies":[{"embeddable":true,"href":"https:\/\/now-news.de\/de\/wp-json\/wp\/v2\/comments?post=30900"}],"version-history":[{"count":0,"href":"https:\/\/now-news.de\/de\/wp-json\/wp\/v2\/posts\/30900\/revisions"}],"wp:featuredmedia":[{"embeddable":true,"href":"https:\/\/now-news.de\/de\/wp-json\/wp\/v2\/media\/30901"}],"wp:attachment":[{"href":"https:\/\/now-news.de\/de\/wp-json\/wp\/v2\/media?parent=30900"}],"wp:term":[{"taxonomy":"category","embeddable":true,"href":"https:\/\/now-news.de\/de\/wp-json\/wp\/v2\/categories?post=30900"},{"taxonomy":"post_tag","embeddable":true,"href":"https:\/\/now-news.de\/de\/wp-json\/wp\/v2\/tags?post=30900"}],"curies":[{"name":"wp","href":"https:\/\/api.w.org\/{rel}","templated":true}]}}