{"id":30758,"date":"2023-02-20T14:30:01","date_gmt":"2023-02-20T12:30:01","guid":{"rendered":"http:\/\/just-now.news\/de\/deutschland\/beim-beschuss-durch-ukrainisches-militaer-12-jaehrige-im-russischen-gebiet-belgorod-getoetet\/"},"modified":"2023-02-20T14:30:01","modified_gmt":"2023-02-20T12:30:01","slug":"beim-beschuss-durch-ukrainisches-militaer-12-jaehrige-im-russischen-gebiet-belgorod-getoetet","status":"publish","type":"post","link":"https:\/\/now-news.de\/de\/deutschland\/beim-beschuss-durch-ukrainisches-militaer-12-jaehrige-im-russischen-gebiet-belgorod-getoetet\/","title":{"rendered":"Beim Beschuss durch ukrainisches Milit\u00e4r: 12-J\u00e4hrige im russischen Gebiet Belgorod get\u00f6tet"},"content":{"rendered":"<p><img decoding=\"async\" src=\"http:\/\/just-now.news\/de\/wp-content\/uploads\/sites\/3\/2023\/02\/63f33c5db480cc714c32feae.jpg\" \/><\/p>\n<div class=\"Text-root Text-type_1 \">\n                Am Sonntag ist ein 12-j\u00e4hriges\u00a0M\u00e4dchen in einem Dorf im russischen Gebiet Belgorod beim Beschuss durch ukrainische Streitkr\u00e4fte get\u00f6tet worden, teilen die \u00f6rtlichen Beh\u00f6rden mit. Zu einem Angriff ukrainischer Soldaten mit einem Todesopfer kam es auch am Montag.\u00a0\n            <\/div>\n<p><\/p>\n<div class=\"Text-root Text-type_5 ArticleView-text ViewText-root \">\n<p>Die 12-j\u00e4hrige Wassilisa ist beim Beschuss des Dorfes Nowaja Tawolschanka im russischen Gebiet Belgorod durch das ukrainische Milit\u00e4r get\u00f6tet worden, teilte der Gouverneur Wjatscheslaw Gladkow auf seinem Telegram-Kanal mit. Zum Zeitpunkt des Artillerieangriffs telefonierte sie mit ihrem Vater. Das Geschoss explodierte demnach hinter ihr in unmittelbarer N\u00e4he. Wassilisa sei ein Einzelkind gewesen, hie\u00df es. Niemand werde jemals ihre Mutter und ihren Vater tr\u00f6sten k\u00f6nnen, so der Gouverneur.\u00a0 \u00a0<\/p>\n<p>Zudem teilte Gladkow mit, dass neun Artilleriegeschosse drei Privath\u00e4user, ein Nebengeb\u00e4ude und ein Auto in der Ortschaft besch\u00e4digt h\u00e4tten. Er f\u00fcgte hinzu:<\/p>\n<blockquote>\n<p><em>&#8220;Gew\u00f6hnliche Wohngeb\u00e4ude in einem gew\u00f6hnlichen friedlichen Dorf! Und ein kleines M\u00e4dchen.&#8221;<\/em><\/p>\n<\/blockquote>\n<p>Am Montag meldeten regionale Beh\u00f6rden weitere Opfer nach Artilleriebeschuss des Dorfes Nowaja Tawolschanka durch ukrainisches Milit\u00e4r. Eine Frau sei durch Splitter schwer verletzt worden und in einem Krankenwagen gestorben. Ein Mann sei ebenfalls mit Splitterverletzungen an den unteren Extremit\u00e4ten in ein Krankenhaus eingeliefert worden, hie\u00df es weiter. Bei dem Angriff seien haupts\u00e4chlich ein Parkplatz und das Wirtschaftsgeb\u00e4ude einer Gefl\u00fcgelfarm getroffen worden, wo sich die Mitarbeiter auf ihre Schicht vorbereitet h\u00e4tten.<\/p>\n<p>Ukrainische Streitkr\u00e4fte nehmen die an der Grenze zur Ukraine liegende Region Belgorod wiederholt unter Beschuss. Dabei sind nach Angaben der \u00f6rtlichen Beh\u00f6rden vom Ende Januar insgesamt 25 Menschen get\u00f6tet worden. Weitere 96 Personen wurden verletzt.\u00a0\u00a0\u00a0<\/p>\n<p><strong>Mehr zum Thema<\/strong> &#8211; <a rel=\"nofollow noopener\" target=\"_blank\" href=\"https:\/\/de.rt.com\/kurzclips\/video\/157533-ukraine-beschiesst-russische-region-belgorod\/\">Ukraine beschie\u00dft russische Region Belgorod und Kindergarten-Gel\u00e4nde in Donezk<\/a><\/p>\n<div class=\"EmbedBlock-root EmbedBlock-externalVideo EmbedBlock-vk\">\n<div class=\"VkEmbed\"><iframe class=\"lazyload\" data-src=\"https:\/\/vk.com\/video_ext.php?oid=-134310637&amp;id=456263968&amp;hash=a600c13abe971493\" frameborder=\"0\" width=\"853\" height=\"480\" allowfullscreen><\/iframe><\/div>\n<\/div>\n<\/div>\n<p><br \/>\n<br \/><a href=\"https:\/\/de.rt.com\/russland\/163382-beim-beschuss-durch-ukrainisches-militaer\/\">Source link <\/a><\/p>\n","protected":false},"excerpt":{"rendered":"<p>Am Sonntag ist ein 12-j\u00e4hriges\u00a0M\u00e4dchen in einem Dorf im russischen Gebiet Belgorod beim Beschuss durch ukrainische Streitkr\u00e4fte get\u00f6tet worden, teilen die \u00f6rtlichen Beh\u00f6rden mit. Zu einem Angriff ukrainischer Soldaten mit einem Todesopfer kam es auch am Montag.\u00a0 Die 12-j\u00e4hrige Wassilisa ist beim Beschuss des Dorfes Nowaja Tawolschanka im russischen Gebiet Belgorod durch das ukrainische Milit\u00e4r [&hellip;]<\/p>\n","protected":false},"author":3,"featured_media":30759,"comment_status":"open","ping_status":"open","sticky":false,"template":"","format":"standard","meta":{"_yoast_indexnow_last_ping":["1676897035"],"wp_automatic_camp":["217"],"df01a2580291d604b96e3d3f753ef9b1":["Beim Beschuss durch ukrainisches Milit\u00e4r: 12-J\u00e4hrige im russischen Gebiet Belgorod get\u00f6tet"],"original_link":["https:\/\/de.rt.com\/russland\/163382-beim-beschuss-durch-ukrainisches-militaer\/"],"_thumbnail_id":["30759"],"_wptgpro_p2tg_sent2tg":["a:1:{i:23737;s:19:\"2023-02-20 14:44:58\";}"],"jnews_social_counter_last_update":["1777660198"]},"categories":[19,23],"tags":[16095,1814,11473,1815,1024,23009,367,4029,973,4028],"yoast_head":"<!-- This site is optimized with the Yoast SEO Premium plugin v22.7 (Yoast SEO v22.7) - https:\/\/yoast.com\/wordpress\/plugins\/seo\/ -->\n<title>Beim Beschuss durch ukrainisches Milit\u00e4r: 12-J\u00e4hrige im russischen Gebiet Belgorod get\u00f6tet - just-now.NEWS Deutschland<\/title>\n<meta name=\"robots\" content=\"index, follow, max-snippet:-1, max-image-preview:large, max-video-preview:-1\" \/>\n<link rel=\"canonical\" href=\"https:\/\/now-news.de\/de\/deutschland\/beim-beschuss-durch-ukrainisches-militaer-12-jaehrige-im-russischen-gebiet-belgorod-getoetet\/\" \/>\n<meta property=\"og:locale\" content=\"de_DE\" \/>\n<meta property=\"og:type\" content=\"article\" \/>\n<meta property=\"og:title\" content=\"Beim Beschuss durch ukrainisches Milit\u00e4r: 12-J\u00e4hrige im russischen Gebiet Belgorod get\u00f6tet\" \/>\n<meta property=\"og:description\" content=\"Am Sonntag ist ein 12-j\u00e4hriges\u00a0M\u00e4dchen in einem Dorf im russischen Gebiet Belgorod beim Beschuss durch ukrainische Streitkr\u00e4fte get\u00f6tet worden, teilen die \u00f6rtlichen Beh\u00f6rden mit. Zu einem Angriff ukrainischer Soldaten mit einem Todesopfer kam es auch am Montag.\u00a0 Die 12-j\u00e4hrige Wassilisa ist beim Beschuss des Dorfes Nowaja Tawolschanka im russischen Gebiet Belgorod durch das ukrainische Milit\u00e4r [&hellip;]\" \/>\n<meta property=\"og:url\" content=\"https:\/\/now-news.de\/de\/deutschland\/beim-beschuss-durch-ukrainisches-militaer-12-jaehrige-im-russischen-gebiet-belgorod-getoetet\/\" \/>\n<meta property=\"og:site_name\" content=\"just-now.NEWS Deutschland\" \/>\n<meta property=\"article:publisher\" content=\"https:\/\/www.facebook.com\/wirmachenauf\" \/>\n<meta property=\"article:published_time\" content=\"2023-02-20T12:30:01+00:00\" \/>\n<meta property=\"og:image\" content=\"https:\/\/now-news.de\/de\/wp-content\/uploads\/sites\/3\/2023\/02\/Beim-Beschuss-durch-ukrainisches-Militaer-12-Jaehrige-im-russischen-Gebiet-Belgorod.jpg\" \/>\n\t<meta property=\"og:image:width\" content=\"460\" \/>\n\t<meta property=\"og:image:height\" content=\"259\" \/>\n\t<meta property=\"og:image:type\" content=\"image\/jpeg\" \/>\n<meta name=\"author\" content=\"rtnews\" \/>\n<meta name=\"twitter:card\" content=\"summary_large_image\" \/>\n<meta name=\"twitter:creator\" content=\"@WirMachenAuf_de\" \/>\n<meta name=\"twitter:site\" content=\"@WirMachenAuf_de\" \/>\n<meta name=\"twitter:label1\" content=\"Verfasst von\" \/>\n\t<meta name=\"twitter:data1\" content=\"rtnews\" \/>\n\t<meta name=\"twitter:label2\" content=\"Gesch\u00e4tzte Lesezeit\" \/>\n\t<meta name=\"twitter:data2\" content=\"1\u00a0Minute\" \/>\n<script type=\"application\/ld+json\" class=\"yoast-schema-graph\">{\"@context\":\"https:\/\/schema.org\",\"@graph\":[{\"@type\":\"Article\",\"@id\":\"https:\/\/now-news.de\/de\/deutschland\/beim-beschuss-durch-ukrainisches-militaer-12-jaehrige-im-russischen-gebiet-belgorod-getoetet\/#article\",\"isPartOf\":{\"@id\":\"https:\/\/now-news.de\/de\/deutschland\/beim-beschuss-durch-ukrainisches-militaer-12-jaehrige-im-russischen-gebiet-belgorod-getoetet\/\"},\"author\":{\"name\":\"rtnews\",\"@id\":\"https:\/\/now-news.de\/de\/#\/schema\/person\/fb534a4e865501d8b3285208df34a9b5\"},\"headline\":\"Beim Beschuss durch ukrainisches Milit\u00e4r: 12-J\u00e4hrige im russischen Gebiet Belgorod get\u00f6tet\",\"datePublished\":\"2023-02-20T12:30:01+00:00\",\"dateModified\":\"2023-02-20T12:30:01+00:00\",\"mainEntityOfPage\":{\"@id\":\"https:\/\/now-news.de\/de\/deutschland\/beim-beschuss-durch-ukrainisches-militaer-12-jaehrige-im-russischen-gebiet-belgorod-getoetet\/\"},\"wordCount\":303,\"commentCount\":0,\"publisher\":{\"@id\":\"https:\/\/now-news.de\/de\/#organization\"},\"image\":{\"@id\":\"https:\/\/now-news.de\/de\/deutschland\/beim-beschuss-durch-ukrainisches-militaer-12-jaehrige-im-russischen-gebiet-belgorod-getoetet\/#primaryimage\"},\"thumbnailUrl\":\"https:\/\/now-news.de\/de\/wp-content\/uploads\/sites\/3\/2023\/02\/Beim-Beschuss-durch-ukrainisches-Militaer-12-Jaehrige-im-russischen-Gebiet-Belgorod.jpg\",\"keywords\":[\"12j\u00e4hrige\",\"beim\",\"Belgorod\",\"Beschuss\",\"durch\",\"Gebiet\",\"get\u00f6tet\",\"Milit\u00e4r\",\"russischen\",\"Ukrainisches\"],\"articleSection\":[\"Deutschland\",\"Russland\"],\"inLanguage\":\"de\",\"potentialAction\":[{\"@type\":\"CommentAction\",\"name\":\"Comment\",\"target\":[\"https:\/\/now-news.de\/de\/deutschland\/beim-beschuss-durch-ukrainisches-militaer-12-jaehrige-im-russischen-gebiet-belgorod-getoetet\/#respond\"]}]},{\"@type\":\"WebPage\",\"@id\":\"https:\/\/now-news.de\/de\/deutschland\/beim-beschuss-durch-ukrainisches-militaer-12-jaehrige-im-russischen-gebiet-belgorod-getoetet\/\",\"url\":\"https:\/\/now-news.de\/de\/deutschland\/beim-beschuss-durch-ukrainisches-militaer-12-jaehrige-im-russischen-gebiet-belgorod-getoetet\/\",\"name\":\"Beim Beschuss durch ukrainisches Milit\u00e4r: 12-J\u00e4hrige im russischen Gebiet Belgorod get\u00f6tet - just-now.NEWS Deutschland\",\"isPartOf\":{\"@id\":\"https:\/\/now-news.de\/de\/#website\"},\"primaryImageOfPage\":{\"@id\":\"https:\/\/now-news.de\/de\/deutschland\/beim-beschuss-durch-ukrainisches-militaer-12-jaehrige-im-russischen-gebiet-belgorod-getoetet\/#primaryimage\"},\"image\":{\"@id\":\"https:\/\/now-news.de\/de\/deutschland\/beim-beschuss-durch-ukrainisches-militaer-12-jaehrige-im-russischen-gebiet-belgorod-getoetet\/#primaryimage\"},\"thumbnailUrl\":\"https:\/\/now-news.de\/de\/wp-content\/uploads\/sites\/3\/2023\/02\/Beim-Beschuss-durch-ukrainisches-Militaer-12-Jaehrige-im-russischen-Gebiet-Belgorod.jpg\",\"datePublished\":\"2023-02-20T12:30:01+00:00\",\"dateModified\":\"2023-02-20T12:30:01+00:00\",\"breadcrumb\":{\"@id\":\"https:\/\/now-news.de\/de\/deutschland\/beim-beschuss-durch-ukrainisches-militaer-12-jaehrige-im-russischen-gebiet-belgorod-getoetet\/#breadcrumb\"},\"inLanguage\":\"de\",\"potentialAction\":[{\"@type\":\"ReadAction\",\"target\":[\"https:\/\/now-news.de\/de\/deutschland\/beim-beschuss-durch-ukrainisches-militaer-12-jaehrige-im-russischen-gebiet-belgorod-getoetet\/\"]}]},{\"@type\":\"ImageObject\",\"inLanguage\":\"de\",\"@id\":\"https:\/\/now-news.de\/de\/deutschland\/beim-beschuss-durch-ukrainisches-militaer-12-jaehrige-im-russischen-gebiet-belgorod-getoetet\/#primaryimage\",\"url\":\"https:\/\/now-news.de\/de\/wp-content\/uploads\/sites\/3\/2023\/02\/Beim-Beschuss-durch-ukrainisches-Militaer-12-Jaehrige-im-russischen-Gebiet-Belgorod.jpg\",\"contentUrl\":\"https:\/\/now-news.de\/de\/wp-content\/uploads\/sites\/3\/2023\/02\/Beim-Beschuss-durch-ukrainisches-Militaer-12-Jaehrige-im-russischen-Gebiet-Belgorod.jpg\",\"width\":460,\"height\":259,\"caption\":\"Beim Beschuss durch ukrainisches Milit\u00e4r: 12-J\u00e4hrige im russischen Gebiet Belgorod get\u00f6tet\"},{\"@type\":\"BreadcrumbList\",\"@id\":\"https:\/\/now-news.de\/de\/deutschland\/beim-beschuss-durch-ukrainisches-militaer-12-jaehrige-im-russischen-gebiet-belgorod-getoetet\/#breadcrumb\",\"itemListElement\":[{\"@type\":\"ListItem\",\"position\":1,\"name\":\"Home\",\"item\":\"https:\/\/now-news.de\/de\/\"},{\"@type\":\"ListItem\",\"position\":2,\"name\":\"Beim Beschuss durch ukrainisches Milit\u00e4r: 12-J\u00e4hrige im russischen Gebiet Belgorod get\u00f6tet\"}]},{\"@type\":\"WebSite\",\"@id\":\"https:\/\/now-news.de\/de\/#website\",\"url\":\"https:\/\/now-news.de\/de\/\",\"name\":\"just-now.NEWS Deutschland\",\"description\":\"Das Portal f\u00fcr unzensierte Nachrichten aus der Welt\",\"publisher\":{\"@id\":\"https:\/\/now-news.de\/de\/#organization\"},\"potentialAction\":[{\"@type\":\"SearchAction\",\"target\":{\"@type\":\"EntryPoint\",\"urlTemplate\":\"https:\/\/now-news.de\/de\/?s={search_term_string}\"},\"query-input\":\"required name=search_term_string\"}],\"inLanguage\":\"de\"},{\"@type\":\"Organization\",\"@id\":\"https:\/\/now-news.de\/de\/#organization\",\"name\":\"Just Now News\",\"url\":\"https:\/\/now-news.de\/de\/\",\"logo\":{\"@type\":\"ImageObject\",\"inLanguage\":\"de\",\"@id\":\"https:\/\/now-news.de\/de\/#\/schema\/logo\/image\/\",\"url\":\"http:\/\/just-now.news\/de\/wp-content\/uploads\/sites\/3\/2022\/04\/logo500x500.jpg\",\"contentUrl\":\"http:\/\/just-now.news\/de\/wp-content\/uploads\/sites\/3\/2022\/04\/logo500x500.jpg\",\"width\":500,\"height\":500,\"caption\":\"Just Now News\"},\"image\":{\"@id\":\"https:\/\/now-news.de\/de\/#\/schema\/logo\/image\/\"},\"sameAs\":[\"https:\/\/www.facebook.com\/wirmachenauf\",\"https:\/\/x.com\/WirMachenAuf_de\"]},{\"@type\":\"Person\",\"@id\":\"https:\/\/now-news.de\/de\/#\/schema\/person\/fb534a4e865501d8b3285208df34a9b5\",\"name\":\"rtnews\",\"image\":{\"@type\":\"ImageObject\",\"inLanguage\":\"de\",\"@id\":\"https:\/\/now-news.de\/de\/#\/schema\/person\/image\/\",\"url\":\"https:\/\/secure.gravatar.com\/avatar\/82aafea7d8127119dd649515f56e2117?s=96&d=mm&r=g\",\"contentUrl\":\"https:\/\/secure.gravatar.com\/avatar\/82aafea7d8127119dd649515f56e2117?s=96&d=mm&r=g\",\"caption\":\"rtnews\"},\"url\":\"https:\/\/now-news.de\/de\/author\/rnews\/\"}]}<\/script>\n<!-- \/ Yoast SEO Premium plugin. -->","yoast_head_json":{"title":"Beim Beschuss durch ukrainisches Milit\u00e4r: 12-J\u00e4hrige im russischen Gebiet Belgorod get\u00f6tet - just-now.NEWS Deutschland","robots":{"index":"index","follow":"follow","max-snippet":"max-snippet:-1","max-image-preview":"max-image-preview:large","max-video-preview":"max-video-preview:-1"},"canonical":"https:\/\/now-news.de\/de\/deutschland\/beim-beschuss-durch-ukrainisches-militaer-12-jaehrige-im-russischen-gebiet-belgorod-getoetet\/","og_locale":"de_DE","og_type":"article","og_title":"Beim Beschuss durch ukrainisches Milit\u00e4r: 12-J\u00e4hrige im russischen Gebiet Belgorod get\u00f6tet","og_description":"Am Sonntag ist ein 12-j\u00e4hriges\u00a0M\u00e4dchen in einem Dorf im russischen Gebiet Belgorod beim Beschuss durch ukrainische Streitkr\u00e4fte get\u00f6tet worden, teilen die \u00f6rtlichen Beh\u00f6rden mit. Zu einem Angriff ukrainischer Soldaten mit einem Todesopfer kam es auch am Montag.\u00a0 Die 12-j\u00e4hrige Wassilisa ist beim Beschuss des Dorfes Nowaja Tawolschanka im russischen Gebiet Belgorod durch das ukrainische Milit\u00e4r [&hellip;]","og_url":"https:\/\/now-news.de\/de\/deutschland\/beim-beschuss-durch-ukrainisches-militaer-12-jaehrige-im-russischen-gebiet-belgorod-getoetet\/","og_site_name":"just-now.NEWS Deutschland","article_publisher":"https:\/\/www.facebook.com\/wirmachenauf","article_published_time":"2023-02-20T12:30:01+00:00","og_image":[{"width":460,"height":259,"url":"https:\/\/now-news.de\/de\/wp-content\/uploads\/sites\/3\/2023\/02\/Beim-Beschuss-durch-ukrainisches-Militaer-12-Jaehrige-im-russischen-Gebiet-Belgorod.jpg","type":"image\/jpeg"}],"author":"rtnews","twitter_card":"summary_large_image","twitter_creator":"@WirMachenAuf_de","twitter_site":"@WirMachenAuf_de","twitter_misc":{"Verfasst von":"rtnews","Gesch\u00e4tzte Lesezeit":"1\u00a0Minute"},"schema":{"@context":"https:\/\/schema.org","@graph":[{"@type":"Article","@id":"https:\/\/now-news.de\/de\/deutschland\/beim-beschuss-durch-ukrainisches-militaer-12-jaehrige-im-russischen-gebiet-belgorod-getoetet\/#article","isPartOf":{"@id":"https:\/\/now-news.de\/de\/deutschland\/beim-beschuss-durch-ukrainisches-militaer-12-jaehrige-im-russischen-gebiet-belgorod-getoetet\/"},"author":{"name":"rtnews","@id":"https:\/\/now-news.de\/de\/#\/schema\/person\/fb534a4e865501d8b3285208df34a9b5"},"headline":"Beim Beschuss durch ukrainisches Milit\u00e4r: 12-J\u00e4hrige im russischen Gebiet Belgorod get\u00f6tet","datePublished":"2023-02-20T12:30:01+00:00","dateModified":"2023-02-20T12:30:01+00:00","mainEntityOfPage":{"@id":"https:\/\/now-news.de\/de\/deutschland\/beim-beschuss-durch-ukrainisches-militaer-12-jaehrige-im-russischen-gebiet-belgorod-getoetet\/"},"wordCount":303,"commentCount":0,"publisher":{"@id":"https:\/\/now-news.de\/de\/#organization"},"image":{"@id":"https:\/\/now-news.de\/de\/deutschland\/beim-beschuss-durch-ukrainisches-militaer-12-jaehrige-im-russischen-gebiet-belgorod-getoetet\/#primaryimage"},"thumbnailUrl":"https:\/\/now-news.de\/de\/wp-content\/uploads\/sites\/3\/2023\/02\/Beim-Beschuss-durch-ukrainisches-Militaer-12-Jaehrige-im-russischen-Gebiet-Belgorod.jpg","keywords":["12j\u00e4hrige","beim","Belgorod","Beschuss","durch","Gebiet","get\u00f6tet","Milit\u00e4r","russischen","Ukrainisches"],"articleSection":["Deutschland","Russland"],"inLanguage":"de","potentialAction":[{"@type":"CommentAction","name":"Comment","target":["https:\/\/now-news.de\/de\/deutschland\/beim-beschuss-durch-ukrainisches-militaer-12-jaehrige-im-russischen-gebiet-belgorod-getoetet\/#respond"]}]},{"@type":"WebPage","@id":"https:\/\/now-news.de\/de\/deutschland\/beim-beschuss-durch-ukrainisches-militaer-12-jaehrige-im-russischen-gebiet-belgorod-getoetet\/","url":"https:\/\/now-news.de\/de\/deutschland\/beim-beschuss-durch-ukrainisches-militaer-12-jaehrige-im-russischen-gebiet-belgorod-getoetet\/","name":"Beim Beschuss durch ukrainisches Milit\u00e4r: 12-J\u00e4hrige im russischen Gebiet Belgorod get\u00f6tet - just-now.NEWS Deutschland","isPartOf":{"@id":"https:\/\/now-news.de\/de\/#website"},"primaryImageOfPage":{"@id":"https:\/\/now-news.de\/de\/deutschland\/beim-beschuss-durch-ukrainisches-militaer-12-jaehrige-im-russischen-gebiet-belgorod-getoetet\/#primaryimage"},"image":{"@id":"https:\/\/now-news.de\/de\/deutschland\/beim-beschuss-durch-ukrainisches-militaer-12-jaehrige-im-russischen-gebiet-belgorod-getoetet\/#primaryimage"},"thumbnailUrl":"https:\/\/now-news.de\/de\/wp-content\/uploads\/sites\/3\/2023\/02\/Beim-Beschuss-durch-ukrainisches-Militaer-12-Jaehrige-im-russischen-Gebiet-Belgorod.jpg","datePublished":"2023-02-20T12:30:01+00:00","dateModified":"2023-02-20T12:30:01+00:00","breadcrumb":{"@id":"https:\/\/now-news.de\/de\/deutschland\/beim-beschuss-durch-ukrainisches-militaer-12-jaehrige-im-russischen-gebiet-belgorod-getoetet\/#breadcrumb"},"inLanguage":"de","potentialAction":[{"@type":"ReadAction","target":["https:\/\/now-news.de\/de\/deutschland\/beim-beschuss-durch-ukrainisches-militaer-12-jaehrige-im-russischen-gebiet-belgorod-getoetet\/"]}]},{"@type":"ImageObject","inLanguage":"de","@id":"https:\/\/now-news.de\/de\/deutschland\/beim-beschuss-durch-ukrainisches-militaer-12-jaehrige-im-russischen-gebiet-belgorod-getoetet\/#primaryimage","url":"https:\/\/now-news.de\/de\/wp-content\/uploads\/sites\/3\/2023\/02\/Beim-Beschuss-durch-ukrainisches-Militaer-12-Jaehrige-im-russischen-Gebiet-Belgorod.jpg","contentUrl":"https:\/\/now-news.de\/de\/wp-content\/uploads\/sites\/3\/2023\/02\/Beim-Beschuss-durch-ukrainisches-Militaer-12-Jaehrige-im-russischen-Gebiet-Belgorod.jpg","width":460,"height":259,"caption":"Beim Beschuss durch ukrainisches Milit\u00e4r: 12-J\u00e4hrige im russischen Gebiet Belgorod get\u00f6tet"},{"@type":"BreadcrumbList","@id":"https:\/\/now-news.de\/de\/deutschland\/beim-beschuss-durch-ukrainisches-militaer-12-jaehrige-im-russischen-gebiet-belgorod-getoetet\/#breadcrumb","itemListElement":[{"@type":"ListItem","position":1,"name":"Home","item":"https:\/\/now-news.de\/de\/"},{"@type":"ListItem","position":2,"name":"Beim Beschuss durch ukrainisches Milit\u00e4r: 12-J\u00e4hrige im russischen Gebiet Belgorod get\u00f6tet"}]},{"@type":"WebSite","@id":"https:\/\/now-news.de\/de\/#website","url":"https:\/\/now-news.de\/de\/","name":"just-now.NEWS Deutschland","description":"Das Portal f\u00fcr unzensierte Nachrichten aus der Welt","publisher":{"@id":"https:\/\/now-news.de\/de\/#organization"},"potentialAction":[{"@type":"SearchAction","target":{"@type":"EntryPoint","urlTemplate":"https:\/\/now-news.de\/de\/?s={search_term_string}"},"query-input":"required name=search_term_string"}],"inLanguage":"de"},{"@type":"Organization","@id":"https:\/\/now-news.de\/de\/#organization","name":"Just Now News","url":"https:\/\/now-news.de\/de\/","logo":{"@type":"ImageObject","inLanguage":"de","@id":"https:\/\/now-news.de\/de\/#\/schema\/logo\/image\/","url":"http:\/\/just-now.news\/de\/wp-content\/uploads\/sites\/3\/2022\/04\/logo500x500.jpg","contentUrl":"http:\/\/just-now.news\/de\/wp-content\/uploads\/sites\/3\/2022\/04\/logo500x500.jpg","width":500,"height":500,"caption":"Just Now News"},"image":{"@id":"https:\/\/now-news.de\/de\/#\/schema\/logo\/image\/"},"sameAs":["https:\/\/www.facebook.com\/wirmachenauf","https:\/\/x.com\/WirMachenAuf_de"]},{"@type":"Person","@id":"https:\/\/now-news.de\/de\/#\/schema\/person\/fb534a4e865501d8b3285208df34a9b5","name":"rtnews","image":{"@type":"ImageObject","inLanguage":"de","@id":"https:\/\/now-news.de\/de\/#\/schema\/person\/image\/","url":"https:\/\/secure.gravatar.com\/avatar\/82aafea7d8127119dd649515f56e2117?s=96&d=mm&r=g","contentUrl":"https:\/\/secure.gravatar.com\/avatar\/82aafea7d8127119dd649515f56e2117?s=96&d=mm&r=g","caption":"rtnews"},"url":"https:\/\/now-news.de\/de\/author\/rnews\/"}]}},"_links":{"self":[{"href":"https:\/\/now-news.de\/de\/wp-json\/wp\/v2\/posts\/30758"}],"collection":[{"href":"https:\/\/now-news.de\/de\/wp-json\/wp\/v2\/posts"}],"about":[{"href":"https:\/\/now-news.de\/de\/wp-json\/wp\/v2\/types\/post"}],"author":[{"embeddable":true,"href":"https:\/\/now-news.de\/de\/wp-json\/wp\/v2\/users\/3"}],"replies":[{"embeddable":true,"href":"https:\/\/now-news.de\/de\/wp-json\/wp\/v2\/comments?post=30758"}],"version-history":[{"count":0,"href":"https:\/\/now-news.de\/de\/wp-json\/wp\/v2\/posts\/30758\/revisions"}],"wp:featuredmedia":[{"embeddable":true,"href":"https:\/\/now-news.de\/de\/wp-json\/wp\/v2\/media\/30759"}],"wp:attachment":[{"href":"https:\/\/now-news.de\/de\/wp-json\/wp\/v2\/media?parent=30758"}],"wp:term":[{"taxonomy":"category","embeddable":true,"href":"https:\/\/now-news.de\/de\/wp-json\/wp\/v2\/categories?post=30758"},{"taxonomy":"post_tag","embeddable":true,"href":"https:\/\/now-news.de\/de\/wp-json\/wp\/v2\/tags?post=30758"}],"curies":[{"name":"wp","href":"https:\/\/api.w.org\/{rel}","templated":true}]}}