{"id":30597,"date":"2023-02-17T14:38:25","date_gmt":"2023-02-17T12:38:25","guid":{"rendered":"https:\/\/just-now.news\/de\/deutschland\/kleine-klarstellung-reden-wir-ueber-taktische-atomwaffen-reden-wir-auch-ueber-ramstein-und-buechel\/"},"modified":"2023-02-17T14:38:25","modified_gmt":"2023-02-17T12:38:25","slug":"kleine-klarstellung-reden-wir-ueber-taktische-atomwaffen-reden-wir-auch-ueber-ramstein-und-buechel","status":"publish","type":"post","link":"https:\/\/now-news.de\/de\/deutschland\/kleine-klarstellung-reden-wir-ueber-taktische-atomwaffen-reden-wir-auch-ueber-ramstein-und-buechel\/","title":{"rendered":"Kleine Klarstellung: Reden wir \u00fcber taktische Atomwaffen, reden wir auch \u00fcber Ramstein und B\u00fcchel"},"content":{"rendered":"<p><img decoding=\"async\" src=\"http:\/\/just-now.news\/de\/wp-content\/uploads\/sites\/3\/2023\/02\/63ef748d48fbef59f74fbf7b.jpg\" \/><\/p>\n<div class=\"Text-root Text-type_1 \">\n                Russlands Schiffe und U-Boote w\u00fcrden neuerdings mit taktischen Nuklearwaffen Patrouillen fahren, will man im Westen wissen.  Das bedeutet, Russland k\u00f6nnte sich irgendwann zu einem begrenzten Atomschlag gezwungen sehen. Es ist an der Zeit, sich ernsthaft Gedanken dar\u00fcber zu machen.\n            <\/div>\n<p><\/p>\n<div class=\"Text-root Text-type_5 ArticleView-text ViewText-root \">\n<p><em>Von Joe Bessemer<\/em><\/p>\n<p>Einige Schiffe der Nordflotte der russischen Marine laufen erstmals seit dem Zusammenbruch der Sowjetunion wieder mit taktischen Nuklearwaffen zu Bereitschaftspatrouillen aus. Eine Meldung mit diesem Inhalt <a rel=\"nofollow noopener\" target=\"_blank\" href=\"https:\/\/www.rbc.ru\/politics\/14\/02\/2023\/63eabbf69a794755c5674815\">ver\u00f6ffentlichte<\/a> die russische Nachrichtenagentur <em>RBK<\/em> und verwies dabei auf eine <a rel=\"nofollow noopener\" target=\"_blank\" href=\"https:\/\/www.etterretningstjenesten.no\/publikasjoner\/fokus\/fokus-norsk\/Fokus2023%20-%20NO%20-%20Weboppslag.pdf\/_\/attachment\/inline\/16bb7650-5d01-47d9-9f46-16ddf96a6312:db85da46f08a95c6bc9eeb34472facffe5de2664\/Fokus2023%20-%20NO%20-%20Weboppslag.pdf\">Jahresprognose des norwegischen Auslands-Nachrichtendienstes<\/a> f\u00fcr das Jahr 2023.<\/p>\n<p>Vorweg als Entwarnung: Im Bericht des Norsk Etterretningstjenesten (deutsch: Norwegens Nachrichtendienst; auch bekannt unter E-Tjenesten oder Norwegian Intelligence Service; NIS) lie\u00df sich zum Redaktionsschluss dieses Artikels keine Passage finden, mit der auf eine angebliche Unterbrechung der beschriebenen (wie es hei\u00dft: noch aus Zeiten der Sowjetunion hergebrachten) Praxis f\u00fcr mittlerweile drei Jahrzehnte hingewiesen worden w\u00e4re. Es mag sein, dass der norwegische Geheimdienst seine erste Fassung des Original-Berichts kurz nach dem Aufgreifen durch die <em>RBK-<\/em>Redaktion durch eine entsprechend gek\u00fcrzte Version ersetzte. Auch in russischen Quellen l\u00e4sst sich wenig Informatives diesbez\u00fcglich finden. Dennoch kann man von der Richtigkeit dieses Aspekts der Meldung ausgehen, sofern diese \u00fcberhaupt als Ganzes wahr ist.<\/p>\n<p>Nach der Perestroika, dem wirtschaftlichen Zusammenbruch erst der Sowjetunion, dann Russlands in den 1990er Jahren und wegen des damit einhergehenden Einbruchs der Milit\u00e4rfinanzierung in Russland w\u00e4re das plausibel. Es ist zu vermuten, dass sich der E-Tjenesten diesbez\u00fcglich seiner Sache \u00fcberhaupt nicht sicher ist. Die Munitionierung von \u00dcber- wie Unterwasserfahrzeugen der russischen Nordflotte mit nuklearbest\u00fcckten Raketen k\u00fcrzerer Reichweite, sofern \u00fcberhaupt der Fall, k\u00f6nnte auch bereits fr\u00fcher eingef\u00fchrt worden sein \u2013 und passiert ist bisher ja nichts, Gott sei Dank.\u00a0<\/p>\n<p>Doch Fakt bleibt, die Norweger geben ihre angebliche \u00dcberzeugung vor, dass \u00dcber- wie Unterwasserfahrzeuge der russischen Nordflotte nunmehr mit taktischen Nuklearwaffen munitioniert auf Bereitschaftspatrouille seien. Und sie zeigen sich dar\u00fcber \u00e4u\u00dferst besorgt:<\/p>\n<blockquote>\n<p><em>&#8220;In Operationsszenarien mit Teilnahme der NATO stellen diese Nuklearwaffen eine besonders ernstzunehmende Bedrohung dar.&#8221;<\/em><\/p>\n<\/blockquote>\n<p><strong>Taktische Nuklearwaffen: Nicht nur zur Abschreckung da<\/strong><\/p>\n<p>Diese Tendenz w\u00fcrde n\u00e4mlich eine sp\u00fcrbare Steigerung des Eskalationspotenzials im Konflikt des kollektiven Wertewestens mit Russland darstellen, wenn sie denn wahr w\u00e4re. Denn\u00a0diese Waffen \u2013 in der russischen wie der US-amerikanischen Praxis \u2013 in den meisten F\u00e4llen auch eine im Vergleich zu atomar best\u00fcckten ballistischen Interkontinentalraketen (ICBM) eine unvergleichlich geringere Sprengkraft. Und Milit\u00e4ranalysten wie etwa Scott Ritter <a rel=\"nofollow noopener\" target=\"_blank\" href=\"https:\/\/de.rt.com\/meinung\/97729-taktische-atomsprengkoepfe-auf-us-u-booten-schritt-nuklearen-apokalypse-statt-abschreckung\/\">wiesen<\/a> im westlichen Kontext, n\u00e4mlich bezogen auf die Umr\u00fcstung von US-amerikanischen U-Booten auf ICBM-Raketen mit deutlich schw\u00e4cheren, &#8220;taktischen&#8221; Nuklearsprengk\u00f6pfen variabel justierbarer Sprengkraft, bereits auf die dortige Hoffnung der Beherrschbarkeit des Risikos hin: Eine Kernwaffe mit geminderter Zerst\u00f6rungskraft k\u00f6nnte bei ihrem Besitzer den <a rel=\"nofollow noopener\" target=\"_blank\" href=\"https:\/\/de.rt.com\/nordamerika\/86569-nukleare-erstschlagoption-usa-als-vertrauensbildende-massnahme-gegenueber-verbuendeten\/\">Eindruck<\/a> erwecken oder verst\u00e4rken, man k\u00f6nne einen territorial eingeschr\u00e4nkten <em>nuklearen<\/em> Konflikt beginnen, austragen und beenden, <em>ohne<\/em> dass dieser zum Dritten Weltkrieg eskaliert und die ganze Erde in ein nukleares Krematorium verwandelt.<\/p>\n<p>Dabei redet Ritter ausdr\u00fccklich sogar von U-Boot-gest\u00fctzten ballistischen <em>Interkontinental<\/em>raketen der Trident-Serie, die wegen ihrer Reichweite selbst mit einem &#8220;taktischen&#8221; Sprengkopf mit wenigen Kilotonnen Sprengleistung eher als <em>strategische<\/em> Waffen angesehen werden m\u00fcssen, insbesondere im Kontext ihres jederzeit m\u00f6glichen verdeckten Einsatzes anstelle von Bereitschaftspatrouillen der Tr\u00e4ger-U-Boote zur Abschreckung. Doch ansonsten hat Ritter absolut recht. Denn ganz gleich, wie man es dreht und wendet: Gerade die Absicht, solche Nuklearwaffen unter bestimmten Bedingungen auch wirklich einzusetzen, war ja der einzige Grund f\u00fcr den Entschluss einer entsprechenden Umr\u00fcstung der Trident-Raketen.<\/p>\n<p>Dieser Gedanke l\u00e4sst sich nahezu eins zu eins auf die russische Nukleardoktrin <a rel=\"nofollow noopener\" target=\"_blank\" href=\"https:\/\/de.rt.com\/meinung\/119821-echte-gerassimow-doktrin-russland-hat\/\">\u00fcbertragen<\/a>: Nehmen wir an, Russland habe tats\u00e4chlich die lange Zeit nicht gepflegte Praxis wiederbelebt, Schiffe auch mit taktischen (statt nur mit strategischen) Nuklearwaffen auf Patrouillenfahrten zu schicken. Das hei\u00dft,\u00a0die russische Milit\u00e4rf\u00fchrung rechnet vermutlich mit einer h\u00f6heren Wahrscheinlichkeit als fr\u00fcher angenommen, selbst <a rel=\"nofollow noopener\" target=\"_blank\" href=\"https:\/\/de.rt.com\/meinung\/161033-nukleare-abschreckung-in-russland-sucht-wege\/\">nukleare Waffen einsetzen zu <em>m\u00fcssen<\/em><\/a>. Dann aber sollte wohl auch die Entscheidung, in einem solchen Fall taktische Nuklearwaffen einzusetzen, mehreren Vor\u00fcberlegungen geschuldet sein:<\/p>\n<p>Erstens soll\u00a0damit die Anzahl der verf\u00fcgbaren Tr\u00e4gerplattformen f\u00fcr Nuklearwaffen aufgrund hinreichender \u00dcberlebenschancen bei einer Eskalation noch <em>vor<\/em> dem Start von Atomraketen erh\u00f6ht werden. Denn nicht jedes Schiff oder U-Boot kann \u00fcberhaupt Interkontinentalraketen laden und starten, und je mehr Nuklearwaffen <em>aller<\/em> Klassen eine solche Eskalation \u00fcberleben k\u00f6nnen, desto h\u00f6her ihre Verf\u00fcgbarkeit danach.<\/p>\n<p>Zweitens w\u00fcrde dies bedeuten, dass auch Russlands Nukleardoktrin durchaus eine begrenzte nukleare Eskalation vorsieht \u2013 analog zur geltenden Doktrin der USA. Letzteres l\u00e4sst sich aus der von Scott Ritter thematisierten Umr\u00fcstung eines Teils der Trident-Raketen durch die US-Kriegsmarine zweifelsfrei ablesen. Im Klartext scheint also Russlands Milit\u00e4rf\u00fchrung ihre Bedenken gegen einen Ersteinsatz von taktischen Nuklearwaffen zumindest im absoluten Notfall zu verlieren.<\/p>\n<p><strong>Zielscheibe Europa, Zielscheibe Deutschland<\/strong><\/p>\n<p>Drittens schlie\u00dflich lie\u00dfe eine solche Wahl der Waffen vor allem die Annahme zu, dass die Ziele solcher taktischen Sprengk\u00f6pfe nicht jenseits vom &#8220;gro\u00dfen Teich&#8221; liegen werden, sondern deutlich n\u00e4her, denn &#8220;strategische&#8221; ICBM-Raketen mit &#8220;taktischer&#8221; Sprengkopfleistung hat Russland ohnehin nicht im Arsenal. Man kann also realistisch davon ausgehen, dass Luftwaffen-St\u00fctzpunkte in solchen NATO-Staaten, die etwa eine gemeinsame Grenze mit der Ukraine haben, Ziele von taktischen Nuklearangriffen werden k\u00f6nnten. Falls n\u00e4mlich Mitgliedsstaaten dieses Milit\u00e4rb\u00fcndnisses wirklich den Schritt wagen sollten, Kiew moderne Kampfflugzeuge zu \u00fcberlassen, werden diese von NATO-St\u00fctzpunkten nahe der ukrainischen Grenze starten m\u00fcssen: Die Ukraine hat selbst f\u00fcr die Wartung dieser Maschinen zwischen deren Eins\u00e4tzen gar keine Infrastruktur und wird sie auch nicht in kurzer Zeit errichten k\u00f6nnen \u2013 sodass diese Kampfjets h\u00f6chstens zum Betanken und Munitionieren in der Ukraine zwischenlanden werden. F\u00fcr Russland w\u00fcrde das einen weiteren Kriegsanlass gegen Polen und Rum\u00e4nien darstellen, den die russische Staatsf\u00fchrung nicht ignorieren und auf sp\u00e4ter verschieben k\u00f6nnte \u2013 anders als die vorausgegangenen Provokationen seitens benachbarter NATO-Mitglieder.<\/p>\n<p>Doch au\u00dferdem sind etwa nahegelegene NATO-St\u00fctzpunkte f\u00fcr die Aegis Ashore-Kampfsysteme zur Abwehr ballistischer Raketen im rum\u00e4nischen <a rel=\"nofollow noopener\" target=\"_blank\" href=\"https:\/\/de.wikipedia.org\/wiki\/Milit%C3%A4rflugplatz_Deveselu\">Deveselu<\/a>, in der Naval Support Facility Redzikowo nahe dem polnischen <a rel=\"nofollow noopener\" target=\"_blank\" href=\"https:\/\/de.wikipedia.org\/wiki\/Flughafen_S%C5%82upsk-Redzikowo\">Flughafen S\u0142upsk-Redzikowo<\/a>,\u00a0 der logistische Knotenpunkt am polnischen\u00a0 Milit\u00e4rflugplatz beim grenznahen Rzesz\u00f3w, \u00fcber den ein gro\u00dfer Teil des NATO-Kriegsger\u00e4ts an Kiew geliefert wird, sowie vielleicht auch die zahlreichen Milit\u00e4rst\u00fctzpunkte in Gro\u00dfbritannien durchaus als k\u00fcnftige Ziele russischer taktischer Nuklearwaffen denkbar.<\/p>\n<p>Denkbar sind aber auch die hochger\u00fcsteten Standorte der US Air Force bei B\u00fcchel (<a rel=\"nofollow noopener\" target=\"_blank\" href=\"https:\/\/de.rt.com\/inland\/138843-nukleare-teilhabe-tornados-von-buchel\/\">oder m\u00f6glicherweise auch N\u00f6rvenich<\/a>) und Ramstein in Deutschland \u2013 wo die USA ihrerseits <a rel=\"nofollow noopener\" target=\"_blank\" href=\"https:\/\/de.rt.com\/international\/94623-moskauer-konferenz-zur-nichtverbreitung-kuba-krise-2-0\/\">taktische Freifall-Wasserstoffbomben<\/a> zum\u00a0Abwurf\u00a0von durch deutsche Piloten gesteuerten deutschen Flugzeugen stationiert halten. Selbes gilt f\u00fcr alle <a rel=\"nofollow noopener\" target=\"_blank\" href=\"https:\/\/de.rt.com\/inland\/162953-waffen-umschlagplatz-bremerhaven-us-schuetzenpanzer\/\">gr\u00f6\u00dferen<\/a>\u00a0milit\u00e4risch relevanten\u00a0<a rel=\"nofollow noopener\" target=\"_blank\" href=\"https:\/\/de.rt.com\/inland\/142040-medienberichte-deutschland-ist-drehkreuz-im-krieg\/\">logistischen Standorte<\/a>\u00a0in Deutschland.<\/p>\n<p><strong>Sorgen sogar bei Teilen der US-Elite<\/strong><\/p>\n<p>Die letztgenannten zwei Aspekte erregen bereits jetzt in Teilen der westlichen Eliten nur kleinlaut\u00a0 zugegebene, aber erhebliche Zweifel an der Richtigkeit des eigenen Kurses\u00a0\u2013 und zwar <em>ohne<\/em> den Wahrheitsgehalt des norwegischen Geheimdienstdokuments zu hinterfragen oder sich auf dieses zu beziehen.<\/p>\n<p>In den USA machte man sich bez\u00fcglich <a rel=\"nofollow noopener\" target=\"_blank\" href=\"https:\/\/de.rt.com\/europa\/162973-belege-mehren-sich-guenstiger-friedensschluss-ukraine\/\">Gro\u00dfbritanniens<\/a> vielleicht schon immer etwas gr\u00f6\u00dfere Sorgen \u2013 erstens, weil ein Nuklearangriff auf das Gebiet eines eigenen Verb\u00fcndeten (im Klub der NATO-Atomm\u00e4chte) erstens lieber\u00a0vergolten werden sollte, was aber zugleich ein enormes Eskalationsrisiko birgt, und zweitens, weil infolge eines erfolgreichen derartigen Angriffs ein solcher Partner dauerhaft ausfallen k\u00f6nnte und damit auch die Abschreckungskapazit\u00e4t der NATO insgesamt erheblich gemindert w\u00fcrde.<\/p>\n<p>Ansonsten allerdings scheint man dort normalerweise weitestgehend mit k\u00fchlem Kopf dort an diese Sache heranzugehen und betrachtet Szenarien, in denen Russland mit dem Einsatz taktischer Nuklearwaffen auf eine Eskalation reagieren oder selber eskalieren k\u00f6nnte, kaum als Gefahr. Jedenfalls weniger als eine Gefahr, die man besser vermeiden sollte, sondern viel eher als ein doch gut kalkulierbares Risiko, das man unter dem Kosten-Nutzen-Gesichtspunkt betrachten k\u00f6nne. (Hier\u00fcber kann man sich kaum wundern: <a rel=\"nofollow noopener\" target=\"_blank\" href=\"https:\/\/de.rt.com\/international\/162992-russisches-verteidigungsministerium-warnt-vor-ukrainischer-provokation-tschernobyl\/\">Liegt<\/a> das <a rel=\"nofollow noopener\" target=\"_blank\" href=\"https:\/\/de.rt.com\/international\/153955-wie-kiews-hunger-nach-atomwaffen-russlands-sonderoperation-mit-ausloste\/\">akuteste<\/a> nukleare <a rel=\"nofollow noopener\" target=\"_blank\" href=\"https:\/\/de.rt.com\/meinung\/150783-ukraine-beteiligt-sich-weiterhin-daran\/\">Eskalationsrisiko<\/a> doch <a rel=\"nofollow noopener\" target=\"_blank\" href=\"https:\/\/de.rt.com\/europa\/159241-nukleare-ukraine-westen-uebersieht-reale-gefahr\/\">eindeutig woanders<\/a>.)<\/p>\n<p>Doch es f\u00e4llt auf: Selbst bei einer solchen Herangehensweise\u00a0beginnen sich einem kleinen Teil der\u00a0US-Eliten mittlerweile die Augen zu \u00f6ffnen. Dort scheint neuerdings eindeutige Besorgnis durch, vielleicht sogar eine existenzielle. So <a rel=\"nofollow noopener\" target=\"_blank\" href=\"https:\/\/www.forbes.com\/sites\/lorenthompson\/2023\/02\/13\/washington-is-escalating-its-military-role-in-ukraine-what-happens-when-russia-reacts\/?sh=6fc038c7659b\">schreibt<\/a> Loren Thompson, ein prominenter US-Milit\u00e4ranalyst mit vielen <a rel=\"nofollow noopener\" target=\"_blank\" href=\"https:\/\/www.forbes.com\/sites\/lorenthompson\/?sh=575b0b9a2a3b\">Beitr\u00e4gen<\/a>, unter anderem in der Zeitschrift <em>Forbes<\/em>:<\/p>\n<blockquote>\n<p><em>&#8220;Sache ist: Wer auch immer in Washington, D.C. denkt, Russland sei in der Ukraine auf der Flucht begriffen, oder dass Moskau nicht bis zu einem Punkt eskalieren werde, an dem f\u00fcr den Westen alle Optionen alles andere als schmackhaft sein werden \u2013 derjenige ist ein Dummkopf. Das alles k\u00f6nnte noch viel \u00fcbler werden, bevor Besserung einsetzt \u2013 und zwar nicht nur f\u00fcr die Ukrainer. Das ist das Risiko, das Washington eingeht, indem es einen Krieg dort vor der Haust\u00fcr einer anderen Atommacht unterst\u00fctzt. <\/em><em>Wird das alles f\u00fcr den Westen letztendlich funktionieren? Vielleicht \u2013 aber vielleicht auch nicht.<\/em><em>&#8220;<\/em><\/p>\n<\/blockquote>\n<p>Dieses f\u00fcr einen US-Amerikaner vielleicht nicht ganz typische britische Understatement sollte bereits sehr zu denken geben. Doch es geht weiter: Die US-F\u00fchrung scheine gegen\u00fcber den Warnungen Moskaus, n\u00f6tigenfalls auch Nuklearwaffen einzusetzen, taub geworden zu sein, beklagt Thompson. Stattdessen, deutet er an, habe sie begonnen, der im gro\u00dfen Stil produzierten eigenen Propaganda \u00fcber den Krieg in der Ukraine zu glauben, mit der Russland jegliche F\u00e4higkeit abgesprochen wird, dort auf konventionellem milit\u00e4rischem Wege Fortschritte erzielen zu k\u00f6nnen. Vielmehr werde posaunt:<\/p>\n<blockquote>\n<p><em>&#8220;Jede Eroberung auf dem Schlachtfeld sei strategisch unbedeutend. Moskau habe den Gro\u00dfteil seiner fortschrittlicheren Waffen aufgebraucht. Russische Dienstpflichtige seien Kanonenfutter. Die Milit\u00e4rf\u00fchrung sei korrupt und inkompetent. Und so weiter, und so fort.&#8221;<\/em><\/p>\n<\/blockquote>\n<p>Derlei selbstreferenzielle Rechtfertigung einer schrittweisen Eskalation durch Washington erinnert laut Thompson an die einstige Begeisterung der &#8220;Konf\u00f6derierten&#8221;, mit der diese in der fr\u00fchen Phase des US-B\u00fcrgerkrieges jede Niederlage der Union feierten \u2013 ohne eine Ahnung vom Durchhalteverm\u00f6gen ihres Gegners vor Augen zu haben, mit dem dieser den h\u00e4ufigen R\u00fcckschl\u00e4gen trotzen konnte.<\/p>\n<p>Den langsamen Fortschritt der russischen Streitkr\u00e4fte in der Ukraine f\u00fchrt dieser US-Autor, wie auch andere professionelle und ehrliche Milit\u00e4ranalysten, vielmehr auf die Maxime in Moskau zur\u00fcck, m\u00f6glichst das Leben jedes eigenen Soldaten sowie das eigene Kriegsger\u00e4t weitestgehend zu schonen \u2013 womit gewisse Optionen schnellstm\u00f6glicher Eskalationen eben ausfallen. Thompson benennt hier exemplarisch die russischen Luftstreitkr\u00e4fte \u2013 die Moskau unter bestimmten ung\u00fcnstigen Entwicklungen an der Front sofort in deutlich gr\u00f6\u00dferem Umfang als jetzt, aber auch unter Inkaufnahme etwaiger h\u00f6herer Verluste einsetzen k\u00f6nnte \u2013 und auch einsetzen w\u00fcrde.<\/p>\n<p>\u00dcberhaupt stehen dem russischen Kommando noch reichliche M\u00f6glichkeiten auf dem Wege einer Eskalation offen, bevor Atomraketen fliegen m\u00fcssten, so der US-Milit\u00e4rexperte. Und auf diesem Wege habe Russland durchaus die F\u00e4higkeiten zu taktischen Innovationen gezeigt. So sei die Kiewer F\u00fchrung auf die mit Drohnen gef\u00fchrten, zerst\u00f6rerischen <a rel=\"nofollow noopener\" target=\"_blank\" href=\"https:\/\/de.rt.com\/europa\/152666-profis-studieren-logistik-russischer-analyst-zerstoerung-ukrainischen-infrastruktur\/\">Massenangriffe gegen ukrainische Infrastruktur<\/a> schlicht nicht vorbereitet gewesen. Er vergleicht dies anerkennend mit jener Strategie, die das US Air Force-Kommando f\u00fcr den US-Einstieg in den Zweiten Weltkrieg ausgearbeitet hatte.<\/p>\n<p>Und noch einen weiteren Vergleich des Ukraine-Krieges mit dem Zweiten Weltkrieg stellt Thompson her, der nochmals deutlich besser ausf\u00e4llt:<\/p>\n<blockquote>\n<p><em>&#8220;Es w\u00e4re ja sch\u00f6n, sich dem Glauben hingeben zu k\u00f6nnen, dass Wladimir Putin in der nahen Zukunft von der B\u00fchne verschwinden und seine Nachfolger einen gesichtswahrenden Ausstieg aus dem Krieg finden k\u00f6nnten. Doch dies ist keine vern\u00fcnftige Annahme, auf deren Grundlage man planen k\u00f6nnte. US-Politiker sollten sich das Schicksal der Nazi-F\u00fchrer ins Ged\u00e4chtnis rufen, die in den Jahren 1941\/1942 w\u00e4hnten, die Rote Armee niedergeschmettert zu haben. Die Russen haben sich wiederaufgerappelt, wurden st\u00e4rker als ihre Feinde es je f\u00fcr m\u00f6glich hielten und haben ihre Niederlagen mehr als wettgemacht. Es brauchte Zeit, aber aufgegeben hatten sie niemals. Die Motivation zum Kampf ist nochmals ganz anders, wenn das eigene Land in Gefahr ist \u2013 im Vergleich zum Anheizen eines Konflikts irgendwo in einem weit von Zuhause entfernten Nirgendwo, womit sich man sich heute in Washington gern besch\u00e4ftigt.&#8221;<\/em><\/p>\n<\/blockquote>\n<p>Noch eindeutiger geht Thompson auf die moralische Seite des Konfliktes nicht mehr ein \u2013 und hier ist wohl unerheblich, ob weil er es nicht riskieren will oder einfach meint, das nicht erw\u00e4hnen zu m\u00fcssen. Jedenfalls liefert er noch einen Denkansto\u00df, den nachdenkliche Menschen im Westen durchaus beherzigen sollten: Die Zielsicherheit der HIMARS-Mehrfachraketenwerfer h\u00e4ngt dank der satellitengest\u00fctzten Steuerung ihrer hochpr\u00e4zisen GMLRS-Munition einzig und allein von US-Aufkl\u00e4rungsdaten ab. Er zitiert dazu einen Artikel der <em>Washington Post<\/em> (<em>WP<\/em>):<\/p>\n<blockquote>\n<p><em>&#8220;Die ukrainischen Streitkr\u00e4fte feuern so gut wie niemals diese fortgeschrittenen Waffen ab, ohne dass ihnen die Zielkoordinaten jeweils explizit von US-Milit\u00e4rpersonal zur Verf\u00fcgung gestellt werden.&#8221;<\/em><\/p>\n<\/blockquote>\n<p>Noch brisanter ist folgendes Bestreben: Am n\u00e4chsten Tag meldete die <em>WP<\/em>, das Pentagon versuche, eine Erlaubnis vom Kongress daf\u00fcr zu erwirken, dass US-Sondereinheiten quasi &#8220;manuelle Kontrolle&#8221; \u00fcber ukrainische Aufkl\u00e4rungstrupps bekommen, um Informationen von taktischer Bedeutung \u00fcber die russischen Streitkr\u00e4fte zu sammeln.<\/p>\n<p>Warum also sollte dann der milit\u00e4rische Arm der US-Eliten \u2013 die in ihrem ureigenen Interesse in der Ukraine eine <a rel=\"nofollow noopener\" target=\"_blank\" href=\"https:\/\/de.rt.com\/meinung\/160378-warum-das-regime-in-der-ukraine-nazistisch-ist\/\">faschistische Clique<\/a> mit dem erkl\u00e4rten Ziel der Ausl\u00f6schung und Vertreibung ethnischer Nichtukrainer, vor allem Russen,\u00a0an die Macht <a rel=\"nofollow noopener\" target=\"_blank\" href=\"https:\/\/de.rt.com\/12452\/international\/die-zentrale-rolle-der-usa-beim-maidan-putsch-in-der-ukraine\/\">putschten<\/a>, damit diese ihren Stellvertreterkrieg gegen Russland f\u00fchre \u2013 ausgerechnet bei k\u00fcnftiger Zielauswahl Stra\u00dfenkontrollpunkte, <a rel=\"nofollow noopener\" target=\"_blank\" href=\"https:\/\/de.rt.com\/international\/161284-russisches-militaer-14-tote-nach\/\">Kliniken<\/a>,\u00a0<a rel=\"nofollow noopener\" target=\"_blank\" href=\"https:\/\/de.rt.com\/international\/146890-ukraine-beschiesst-wohnhauser-und-zivile\/\">B\u00fcro- und Wohngeb\u00e4ude<\/a> oder <a rel=\"nofollow noopener\" target=\"_blank\" href=\"https:\/\/de.rt.com\/kurzclips\/video\/143508-katastrophe-von-nowaja-kachowka\/\">andere massenhafte<\/a>\u00a0<a rel=\"nofollow noopener\" target=\"_blank\" href=\"https:\/\/de.rt.com\/europa\/152156-toedlicher-beschuss-einer-zivilisten-ueberfahrt-in-cherson\/\">Sammelpunkte von Zivilisten<\/a> verschonen, solange die Menschen dort Russisch sprechen? Das sind f\u00fcr sie und ihre ukrainischen Handlanger nur Feinde und &#8220;Besatzer&#8221;, selbst wenn <a rel=\"nofollow noopener\" target=\"_blank\" href=\"https:\/\/de.rt.com\/meinung\/142363-wie-neurussland-entstand-und-sich\/\">s<\/a>ie und ihre Vorfahren auch jahrzehnte- oder jahrhundertelang in diesen Gebieten<a rel=\"nofollow noopener\" target=\"_blank\" href=\"https:\/\/de.rt.com\/meinung\/142363-wie-neurussland-entstand-und-sich\/\"> gelebt haben<\/a>, die nur durch geopolitische Missverst\u00e4ndnisse Teil des failed state Namens Ukraine geworden sind.<\/p>\n<p>Wer in Kenntnis dieser Sichtweise nach der Lekt\u00fcre des Forbes-Leitartikels keine Parallelen zwischen den heutigen &#8220;Eliten&#8221; des &#8220;Wertewestens&#8221; und denen des Dritten Reiches zieht, dem kann nur noch absichtliche Blindheit attestiert werden.<\/p>\n<p>In Russland hingegen erkennt der Gro\u00dfteil der Eliten ebenso wie des Volkes diese realen und objektiv bestehenden Parallelen nur zu genau. Russland hat mittlerweile nach dem m\u00fchevoll besiegten Dritten Reich sehr wohl das drohende Vierte Reich erkannt. Erkannt hat man folglich auch, dass der in der Ukraine hei\u00df entbrannte Konflikt zwischen Russland und dem Wertewesten nunmehr sogar ein Kampf auf Leben und Tod ist \u2013 zumindest f\u00fcr das \u00dcberleben Russlands, egal was aus dem Wertewesten noch werden kann.<\/p>\n<p>Gut, man darf derzeit noch etwas entspannt aufatmen, nicht nur wegen <a rel=\"nofollow noopener\" target=\"_blank\" href=\"https:\/\/www.forbes.com\/sites\/lorenthompson\/\">Loren Thompsons<\/a> Einsch\u00e4tzung, Russland habe bei weitem noch nicht alle Eskalationsstufen durchlaufen, bis nur noch der Nuklearangriff bleibt, wenn auch zun\u00e4chst &#8220;nur&#8221; mit taktischen Waffen. Ebenso sehen dies auch russische Milit\u00e4rexperten, zumindest speziell im Hinblick auf die Bereitschaftspatrouillen mit diesen Waffen auf Kriegsschiffen: Alexander Artamonow ahnt, dass nur der Westen aktuell nichts lieber als das h\u00e4tte, und Ilja Kramnik mahnt zu recht, jeder Schritt in eine solche Richtung h\u00e4tte enorme strategische Auswirkungen.<\/p>\n<p>Aber\u00a0grunds\u00e4tzlich beh\u00e4lt sich Russland diese &#8220;Option auf dem Tisch&#8221; vor, wie man beim geostrategischen Gegner zu sagen pflegt:\u00a0Denn so ungern Russland diese &#8220;Option&#8221; auch ergreifen w\u00fcrde,\u00a0zumal der Wind in Russland weht bekanntlich meist aus dem Westen\u00a0weht, und auch Tschernobyl hat in Russland niemand vergessen \u2013 doch was sollen\u00a0Russen mit einer Welt ohne Russland? Sogar der &#8220;Rauch&#8221;, den die Norweger jetzt riechen zu k\u00f6nnen vorgeben, ist gewiss nicht ganz ohne Feuer oder zumindest ohne Lunte entstanden. Wie der oben vielzitierte Thompson betont, entwickeln n\u00e4mlich derartige Prozesse bisweilen unabsichtlich auch eine prek\u00e4re Eigendynamik.<\/p>\n<div class=\"EmbedBlock-root EmbedBlock-externalVideo EmbedBlock-odysee\">\n<div class=\"VkEmbed\"><iframe class=\"lazyload\" data-src=\"https:\/\/odysee.com\/%24\/embed\/%40RTDE%3Ae%2FPutins-Worte-ernst-nehmen%E2%80%93Merkel-mahnt-zu-politischer-Klugheit%3Ab\" frameborder=\"0\" width=\"853\" height=\"480\" allowfullscreen><\/iframe><\/div>\n<\/div>\n<p>Und gerade angesichts der Rolle, die viele Regierungen in Europa als gehorsame US-Vasallen im Ukraine-Krieg gerne spielen, sollte sich jeder europ\u00e4ische B\u00fcrger fragen: Will ich inmitten von vollverglasten, drau\u00dfen noch Jahrtausende &#8220;fr\u00f6hlich&#8221; strahlenden Landschaften leben, immer auf den n\u00e4chsten kontaminierten Niederschlag wartend stets nur in ABC-Schutzkleidung aus dem Haus gehen? Wer kann und will sich ausschlie\u00dflich von Treibhauskulturen und Konserven aus humanit\u00e4ren Hilfslieferungen ern\u00e4hren? Vielleicht g\u00e4nzlich aus Europa fliehen, falls woanders jemand noch einen aufnehmen will \u2013 oder kann?<\/p>\n<p>Oder wer will sich, etwa als &#8220;ukrainische&#8221; Besatzung eines Leopard-II-Panzers,\u00a0in einen Krieg<a rel=\"nofollow noopener\" target=\"_blank\" href=\"https:\/\/de.rt.com\/europa\/162309-oesterreichischer-militaerstratege-enthuellt-details-ueber\/\"> treiben lassen<\/a>, in dem niemandem etwas Gutes bl\u00fcht? Und das nur im Interesse von Konzernen, von denen aber die meisten das Land als nunmehr wirtschaftlich ung\u00fcnstigen Standort schon zugunsten besserer Standortbedingungen in den USA<a rel=\"nofollow noopener\" target=\"_blank\" href=\"https:\/\/de.rt.com\/meinung\/150192-deutschland-zahlt-fur-pax-americana\/\"> verlassen haben<\/a>.<\/p>\n<p>All dies sollte man sich insbesondere auch in Deutschland fragen, und auch, ob das historische Ged\u00e4chtnis wirklich eine so herbe Auffrischung<a rel=\"nofollow noopener\" target=\"_blank\" href=\"https:\/\/de.rt.com\/meinung\/162481-mehr-panzer-mehr-geld-fuer-rheinmetall-mehr-krieg\/\"> braucht<\/a> \u2013 falls man die unter den absolut gl\u00fccklichsten Umst\u00e4nden \u00fcberlebt. Warum haben wir es soweit kommen lassen?<\/p>\n<div class=\"EmbedBlock-root EmbedBlock-externalVideo EmbedBlock-odysee\">\n<div class=\"VkEmbed\"><iframe class=\"lazyload\" data-src=\"https:\/\/odysee.com\/%24\/embed\/%40RTDE%3Ae%2Fscott-ritter-interview-deutschland-geschichte-fehler%3A3\" frameborder=\"0\" width=\"853\" height=\"480\" allowfullscreen><\/iframe><\/div>\n<\/div>\n<p>Klar, es ist zu leicht, einfach mal eben nach einer Revolution <em>zu rufen<\/em>.\u00a0Aber um Stalin zu paraphrasieren: Die Hitler und Scholz sind ebenso verg\u00e4nglich wie die Biden und Reagan, und das deutsche Volk \u2013 so international gemischt, wie es mittlerweile eben ist \u2013 das <em>will<\/em> doch noch etwas bleiben, oder? Sicherlich muss ein <a rel=\"nofollow noopener\" target=\"_blank\" href=\"https:\/\/de.rt.com\/meinung\/145343-zensur-wutet-mainstream-freut-sich\/\">anderes Deutschland<\/a> m\u00f6glich sein, dessen Wesen vielleicht sogar einen Beitrag zur Genesung Europas leisten k\u00f6nnte?<\/p>\n<p><strong>Mehr zum Thema<\/strong>\u00a0\u2013\u00a0<a rel=\"nofollow noopener\" target=\"_blank\" href=\"https:\/\/de.rt.com\/meinung\/145967-deutschen-zwinkerten-stalingrad-fantasien-herrn\/\">&#8220;Die Deutschen zwinkerten&#8221;: Die Stalingrad-Fantasien des Herrn Arestowitsch<\/a><\/p>\n<\/div>\n<p><br \/>\n<br \/><a href=\"https:\/\/de.rt.com\/meinung\/163021-kleine-klarstellung-reden-wir-ueber-taktische-nuklearwaffen-dann-auch-buchel-ramstein\/\">Source link <\/a><\/p>\n","protected":false},"excerpt":{"rendered":"<p>Russlands Schiffe und U-Boote w\u00fcrden neuerdings mit taktischen Nuklearwaffen Patrouillen fahren, will man im Westen wissen. Das bedeutet, Russland k\u00f6nnte sich irgendwann zu einem begrenzten Atomschlag gezwungen sehen. Es ist an der Zeit, sich ernsthaft Gedanken dar\u00fcber zu machen. Von Joe Bessemer Einige Schiffe der Nordflotte der russischen Marine laufen erstmals seit dem Zusammenbruch der [&hellip;]<\/p>\n","protected":false},"author":3,"featured_media":30598,"comment_status":"open","ping_status":"open","sticky":false,"template":"","format":"standard","meta":{"_yoast_indexnow_last_ping":["1676638131"],"wp_automatic_camp":["217"],"fabfbc7b77df2fb04d4a380fbd94af32":["Kleine Klarstellung: Reden wir \u00fcber taktische Atomwaffen, reden wir auch \u00fcber Ramstein und B\u00fcchel"],"original_link":["https:\/\/de.rt.com\/meinung\/163021-kleine-klarstellung-reden-wir-ueber-taktische-nuklearwaffen-dann-auch-buchel-ramstein\/"],"_thumbnail_id":["30598"],"_wptgpro_p2tg_sent2tg":["a:1:{i:23737;s:19:\"2023-02-17 14:51:58\";}"],"jnews_social_counter_last_update":["1777607532"]},"categories":[19,23],"tags":[7620,1475,21067,39922,3566,10012,19378,7619,139,140,1801],"yoast_head":"<!-- This site is optimized with the Yoast SEO Premium plugin v22.7 (Yoast SEO v22.7) - https:\/\/yoast.com\/wordpress\/plugins\/seo\/ -->\n<title>Kleine Klarstellung: Reden wir \u00fcber taktische Atomwaffen, reden wir auch \u00fcber Ramstein und B\u00fcchel - just-now.NEWS Deutschland<\/title>\n<meta name=\"robots\" content=\"index, follow, max-snippet:-1, max-image-preview:large, max-video-preview:-1\" \/>\n<link rel=\"canonical\" href=\"https:\/\/now-news.de\/de\/deutschland\/kleine-klarstellung-reden-wir-ueber-taktische-atomwaffen-reden-wir-auch-ueber-ramstein-und-buechel\/\" \/>\n<meta property=\"og:locale\" content=\"de_DE\" \/>\n<meta property=\"og:type\" content=\"article\" \/>\n<meta property=\"og:title\" content=\"Kleine Klarstellung: Reden wir \u00fcber taktische Atomwaffen, reden wir auch \u00fcber Ramstein und B\u00fcchel\" \/>\n<meta property=\"og:description\" content=\"Russlands Schiffe und U-Boote w\u00fcrden neuerdings mit taktischen Nuklearwaffen Patrouillen fahren, will man im Westen wissen. Das bedeutet, Russland k\u00f6nnte sich irgendwann zu einem begrenzten Atomschlag gezwungen sehen. Es ist an der Zeit, sich ernsthaft Gedanken dar\u00fcber zu machen. Von Joe Bessemer Einige Schiffe der Nordflotte der russischen Marine laufen erstmals seit dem Zusammenbruch der [&hellip;]\" \/>\n<meta property=\"og:url\" content=\"https:\/\/now-news.de\/de\/deutschland\/kleine-klarstellung-reden-wir-ueber-taktische-atomwaffen-reden-wir-auch-ueber-ramstein-und-buechel\/\" \/>\n<meta property=\"og:site_name\" content=\"just-now.NEWS Deutschland\" \/>\n<meta property=\"article:publisher\" content=\"https:\/\/www.facebook.com\/wirmachenauf\" \/>\n<meta property=\"article:published_time\" content=\"2023-02-17T12:38:25+00:00\" \/>\n<meta property=\"og:image\" content=\"https:\/\/now-news.de\/de\/wp-content\/uploads\/sites\/3\/2023\/02\/Kleine-Klarstellung-Reden-wir-ueber-taktische-Atomwaffen-reden-wir-auch.jpg\" \/>\n\t<meta property=\"og:image:width\" content=\"460\" \/>\n\t<meta property=\"og:image:height\" content=\"259\" \/>\n\t<meta property=\"og:image:type\" content=\"image\/jpeg\" \/>\n<meta name=\"author\" content=\"rtnews\" \/>\n<meta name=\"twitter:card\" content=\"summary_large_image\" \/>\n<meta name=\"twitter:creator\" content=\"@WirMachenAuf_de\" \/>\n<meta name=\"twitter:site\" content=\"@WirMachenAuf_de\" \/>\n<meta name=\"twitter:label1\" content=\"Verfasst von\" \/>\n\t<meta name=\"twitter:data1\" content=\"rtnews\" \/>\n\t<meta name=\"twitter:label2\" content=\"Gesch\u00e4tzte Lesezeit\" \/>\n\t<meta name=\"twitter:data2\" content=\"14\u00a0Minuten\" \/>\n<script type=\"application\/ld+json\" class=\"yoast-schema-graph\">{\"@context\":\"https:\/\/schema.org\",\"@graph\":[{\"@type\":\"Article\",\"@id\":\"https:\/\/now-news.de\/de\/deutschland\/kleine-klarstellung-reden-wir-ueber-taktische-atomwaffen-reden-wir-auch-ueber-ramstein-und-buechel\/#article\",\"isPartOf\":{\"@id\":\"https:\/\/now-news.de\/de\/deutschland\/kleine-klarstellung-reden-wir-ueber-taktische-atomwaffen-reden-wir-auch-ueber-ramstein-und-buechel\/\"},\"author\":{\"name\":\"rtnews\",\"@id\":\"https:\/\/now-news.de\/de\/#\/schema\/person\/fb534a4e865501d8b3285208df34a9b5\"},\"headline\":\"Kleine Klarstellung: Reden wir \u00fcber taktische Atomwaffen, reden wir auch \u00fcber Ramstein und B\u00fcchel\",\"datePublished\":\"2023-02-17T12:38:25+00:00\",\"dateModified\":\"2023-02-17T12:38:25+00:00\",\"mainEntityOfPage\":{\"@id\":\"https:\/\/now-news.de\/de\/deutschland\/kleine-klarstellung-reden-wir-ueber-taktische-atomwaffen-reden-wir-auch-ueber-ramstein-und-buechel\/\"},\"wordCount\":2831,\"commentCount\":0,\"publisher\":{\"@id\":\"https:\/\/now-news.de\/de\/#organization\"},\"image\":{\"@id\":\"https:\/\/now-news.de\/de\/deutschland\/kleine-klarstellung-reden-wir-ueber-taktische-atomwaffen-reden-wir-auch-ueber-ramstein-und-buechel\/#primaryimage\"},\"thumbnailUrl\":\"https:\/\/now-news.de\/de\/wp-content\/uploads\/sites\/3\/2023\/02\/Kleine-Klarstellung-Reden-wir-ueber-taktische-Atomwaffen-reden-wir-auch.jpg\",\"keywords\":[\"Atomwaffen\",\"auch\",\"B\u00fcchel\",\"Klarstellung\",\"kleine\",\"Ramstein\",\"Reden\",\"taktische\",\"\u00fcber\",\"und\",\"Wir\"],\"articleSection\":[\"Deutschland\",\"Russland\"],\"inLanguage\":\"de\",\"potentialAction\":[{\"@type\":\"CommentAction\",\"name\":\"Comment\",\"target\":[\"https:\/\/now-news.de\/de\/deutschland\/kleine-klarstellung-reden-wir-ueber-taktische-atomwaffen-reden-wir-auch-ueber-ramstein-und-buechel\/#respond\"]}]},{\"@type\":\"WebPage\",\"@id\":\"https:\/\/now-news.de\/de\/deutschland\/kleine-klarstellung-reden-wir-ueber-taktische-atomwaffen-reden-wir-auch-ueber-ramstein-und-buechel\/\",\"url\":\"https:\/\/now-news.de\/de\/deutschland\/kleine-klarstellung-reden-wir-ueber-taktische-atomwaffen-reden-wir-auch-ueber-ramstein-und-buechel\/\",\"name\":\"Kleine Klarstellung: Reden wir \u00fcber taktische Atomwaffen, reden wir auch \u00fcber Ramstein und B\u00fcchel - just-now.NEWS Deutschland\",\"isPartOf\":{\"@id\":\"https:\/\/now-news.de\/de\/#website\"},\"primaryImageOfPage\":{\"@id\":\"https:\/\/now-news.de\/de\/deutschland\/kleine-klarstellung-reden-wir-ueber-taktische-atomwaffen-reden-wir-auch-ueber-ramstein-und-buechel\/#primaryimage\"},\"image\":{\"@id\":\"https:\/\/now-news.de\/de\/deutschland\/kleine-klarstellung-reden-wir-ueber-taktische-atomwaffen-reden-wir-auch-ueber-ramstein-und-buechel\/#primaryimage\"},\"thumbnailUrl\":\"https:\/\/now-news.de\/de\/wp-content\/uploads\/sites\/3\/2023\/02\/Kleine-Klarstellung-Reden-wir-ueber-taktische-Atomwaffen-reden-wir-auch.jpg\",\"datePublished\":\"2023-02-17T12:38:25+00:00\",\"dateModified\":\"2023-02-17T12:38:25+00:00\",\"breadcrumb\":{\"@id\":\"https:\/\/now-news.de\/de\/deutschland\/kleine-klarstellung-reden-wir-ueber-taktische-atomwaffen-reden-wir-auch-ueber-ramstein-und-buechel\/#breadcrumb\"},\"inLanguage\":\"de\",\"potentialAction\":[{\"@type\":\"ReadAction\",\"target\":[\"https:\/\/now-news.de\/de\/deutschland\/kleine-klarstellung-reden-wir-ueber-taktische-atomwaffen-reden-wir-auch-ueber-ramstein-und-buechel\/\"]}]},{\"@type\":\"ImageObject\",\"inLanguage\":\"de\",\"@id\":\"https:\/\/now-news.de\/de\/deutschland\/kleine-klarstellung-reden-wir-ueber-taktische-atomwaffen-reden-wir-auch-ueber-ramstein-und-buechel\/#primaryimage\",\"url\":\"https:\/\/now-news.de\/de\/wp-content\/uploads\/sites\/3\/2023\/02\/Kleine-Klarstellung-Reden-wir-ueber-taktische-Atomwaffen-reden-wir-auch.jpg\",\"contentUrl\":\"https:\/\/now-news.de\/de\/wp-content\/uploads\/sites\/3\/2023\/02\/Kleine-Klarstellung-Reden-wir-ueber-taktische-Atomwaffen-reden-wir-auch.jpg\",\"width\":460,\"height\":259,\"caption\":\"Kleine Klarstellung: Reden wir \u00fcber taktische Atomwaffen, reden wir auch \u00fcber Ramstein und B\u00fcchel\"},{\"@type\":\"BreadcrumbList\",\"@id\":\"https:\/\/now-news.de\/de\/deutschland\/kleine-klarstellung-reden-wir-ueber-taktische-atomwaffen-reden-wir-auch-ueber-ramstein-und-buechel\/#breadcrumb\",\"itemListElement\":[{\"@type\":\"ListItem\",\"position\":1,\"name\":\"Home\",\"item\":\"https:\/\/now-news.de\/de\/\"},{\"@type\":\"ListItem\",\"position\":2,\"name\":\"Kleine Klarstellung: Reden wir \u00fcber taktische Atomwaffen, reden wir auch \u00fcber Ramstein und B\u00fcchel\"}]},{\"@type\":\"WebSite\",\"@id\":\"https:\/\/now-news.de\/de\/#website\",\"url\":\"https:\/\/now-news.de\/de\/\",\"name\":\"just-now.NEWS Deutschland\",\"description\":\"Das Portal f\u00fcr unzensierte Nachrichten aus der Welt\",\"publisher\":{\"@id\":\"https:\/\/now-news.de\/de\/#organization\"},\"potentialAction\":[{\"@type\":\"SearchAction\",\"target\":{\"@type\":\"EntryPoint\",\"urlTemplate\":\"https:\/\/now-news.de\/de\/?s={search_term_string}\"},\"query-input\":\"required name=search_term_string\"}],\"inLanguage\":\"de\"},{\"@type\":\"Organization\",\"@id\":\"https:\/\/now-news.de\/de\/#organization\",\"name\":\"Just Now News\",\"url\":\"https:\/\/now-news.de\/de\/\",\"logo\":{\"@type\":\"ImageObject\",\"inLanguage\":\"de\",\"@id\":\"https:\/\/now-news.de\/de\/#\/schema\/logo\/image\/\",\"url\":\"http:\/\/just-now.news\/de\/wp-content\/uploads\/sites\/3\/2022\/04\/logo500x500.jpg\",\"contentUrl\":\"http:\/\/just-now.news\/de\/wp-content\/uploads\/sites\/3\/2022\/04\/logo500x500.jpg\",\"width\":500,\"height\":500,\"caption\":\"Just Now News\"},\"image\":{\"@id\":\"https:\/\/now-news.de\/de\/#\/schema\/logo\/image\/\"},\"sameAs\":[\"https:\/\/www.facebook.com\/wirmachenauf\",\"https:\/\/x.com\/WirMachenAuf_de\"]},{\"@type\":\"Person\",\"@id\":\"https:\/\/now-news.de\/de\/#\/schema\/person\/fb534a4e865501d8b3285208df34a9b5\",\"name\":\"rtnews\",\"image\":{\"@type\":\"ImageObject\",\"inLanguage\":\"de\",\"@id\":\"https:\/\/now-news.de\/de\/#\/schema\/person\/image\/\",\"url\":\"https:\/\/secure.gravatar.com\/avatar\/82aafea7d8127119dd649515f56e2117?s=96&d=mm&r=g\",\"contentUrl\":\"https:\/\/secure.gravatar.com\/avatar\/82aafea7d8127119dd649515f56e2117?s=96&d=mm&r=g\",\"caption\":\"rtnews\"},\"url\":\"https:\/\/now-news.de\/de\/author\/rnews\/\"}]}<\/script>\n<!-- \/ Yoast SEO Premium plugin. -->","yoast_head_json":{"title":"Kleine Klarstellung: Reden wir \u00fcber taktische Atomwaffen, reden wir auch \u00fcber Ramstein und B\u00fcchel - just-now.NEWS Deutschland","robots":{"index":"index","follow":"follow","max-snippet":"max-snippet:-1","max-image-preview":"max-image-preview:large","max-video-preview":"max-video-preview:-1"},"canonical":"https:\/\/now-news.de\/de\/deutschland\/kleine-klarstellung-reden-wir-ueber-taktische-atomwaffen-reden-wir-auch-ueber-ramstein-und-buechel\/","og_locale":"de_DE","og_type":"article","og_title":"Kleine Klarstellung: Reden wir \u00fcber taktische Atomwaffen, reden wir auch \u00fcber Ramstein und B\u00fcchel","og_description":"Russlands Schiffe und U-Boote w\u00fcrden neuerdings mit taktischen Nuklearwaffen Patrouillen fahren, will man im Westen wissen. Das bedeutet, Russland k\u00f6nnte sich irgendwann zu einem begrenzten Atomschlag gezwungen sehen. Es ist an der Zeit, sich ernsthaft Gedanken dar\u00fcber zu machen. Von Joe Bessemer Einige Schiffe der Nordflotte der russischen Marine laufen erstmals seit dem Zusammenbruch der [&hellip;]","og_url":"https:\/\/now-news.de\/de\/deutschland\/kleine-klarstellung-reden-wir-ueber-taktische-atomwaffen-reden-wir-auch-ueber-ramstein-und-buechel\/","og_site_name":"just-now.NEWS Deutschland","article_publisher":"https:\/\/www.facebook.com\/wirmachenauf","article_published_time":"2023-02-17T12:38:25+00:00","og_image":[{"width":460,"height":259,"url":"https:\/\/now-news.de\/de\/wp-content\/uploads\/sites\/3\/2023\/02\/Kleine-Klarstellung-Reden-wir-ueber-taktische-Atomwaffen-reden-wir-auch.jpg","type":"image\/jpeg"}],"author":"rtnews","twitter_card":"summary_large_image","twitter_creator":"@WirMachenAuf_de","twitter_site":"@WirMachenAuf_de","twitter_misc":{"Verfasst von":"rtnews","Gesch\u00e4tzte Lesezeit":"14\u00a0Minuten"},"schema":{"@context":"https:\/\/schema.org","@graph":[{"@type":"Article","@id":"https:\/\/now-news.de\/de\/deutschland\/kleine-klarstellung-reden-wir-ueber-taktische-atomwaffen-reden-wir-auch-ueber-ramstein-und-buechel\/#article","isPartOf":{"@id":"https:\/\/now-news.de\/de\/deutschland\/kleine-klarstellung-reden-wir-ueber-taktische-atomwaffen-reden-wir-auch-ueber-ramstein-und-buechel\/"},"author":{"name":"rtnews","@id":"https:\/\/now-news.de\/de\/#\/schema\/person\/fb534a4e865501d8b3285208df34a9b5"},"headline":"Kleine Klarstellung: Reden wir \u00fcber taktische Atomwaffen, reden wir auch \u00fcber Ramstein und B\u00fcchel","datePublished":"2023-02-17T12:38:25+00:00","dateModified":"2023-02-17T12:38:25+00:00","mainEntityOfPage":{"@id":"https:\/\/now-news.de\/de\/deutschland\/kleine-klarstellung-reden-wir-ueber-taktische-atomwaffen-reden-wir-auch-ueber-ramstein-und-buechel\/"},"wordCount":2831,"commentCount":0,"publisher":{"@id":"https:\/\/now-news.de\/de\/#organization"},"image":{"@id":"https:\/\/now-news.de\/de\/deutschland\/kleine-klarstellung-reden-wir-ueber-taktische-atomwaffen-reden-wir-auch-ueber-ramstein-und-buechel\/#primaryimage"},"thumbnailUrl":"https:\/\/now-news.de\/de\/wp-content\/uploads\/sites\/3\/2023\/02\/Kleine-Klarstellung-Reden-wir-ueber-taktische-Atomwaffen-reden-wir-auch.jpg","keywords":["Atomwaffen","auch","B\u00fcchel","Klarstellung","kleine","Ramstein","Reden","taktische","\u00fcber","und","Wir"],"articleSection":["Deutschland","Russland"],"inLanguage":"de","potentialAction":[{"@type":"CommentAction","name":"Comment","target":["https:\/\/now-news.de\/de\/deutschland\/kleine-klarstellung-reden-wir-ueber-taktische-atomwaffen-reden-wir-auch-ueber-ramstein-und-buechel\/#respond"]}]},{"@type":"WebPage","@id":"https:\/\/now-news.de\/de\/deutschland\/kleine-klarstellung-reden-wir-ueber-taktische-atomwaffen-reden-wir-auch-ueber-ramstein-und-buechel\/","url":"https:\/\/now-news.de\/de\/deutschland\/kleine-klarstellung-reden-wir-ueber-taktische-atomwaffen-reden-wir-auch-ueber-ramstein-und-buechel\/","name":"Kleine Klarstellung: Reden wir \u00fcber taktische Atomwaffen, reden wir auch \u00fcber Ramstein und B\u00fcchel - just-now.NEWS Deutschland","isPartOf":{"@id":"https:\/\/now-news.de\/de\/#website"},"primaryImageOfPage":{"@id":"https:\/\/now-news.de\/de\/deutschland\/kleine-klarstellung-reden-wir-ueber-taktische-atomwaffen-reden-wir-auch-ueber-ramstein-und-buechel\/#primaryimage"},"image":{"@id":"https:\/\/now-news.de\/de\/deutschland\/kleine-klarstellung-reden-wir-ueber-taktische-atomwaffen-reden-wir-auch-ueber-ramstein-und-buechel\/#primaryimage"},"thumbnailUrl":"https:\/\/now-news.de\/de\/wp-content\/uploads\/sites\/3\/2023\/02\/Kleine-Klarstellung-Reden-wir-ueber-taktische-Atomwaffen-reden-wir-auch.jpg","datePublished":"2023-02-17T12:38:25+00:00","dateModified":"2023-02-17T12:38:25+00:00","breadcrumb":{"@id":"https:\/\/now-news.de\/de\/deutschland\/kleine-klarstellung-reden-wir-ueber-taktische-atomwaffen-reden-wir-auch-ueber-ramstein-und-buechel\/#breadcrumb"},"inLanguage":"de","potentialAction":[{"@type":"ReadAction","target":["https:\/\/now-news.de\/de\/deutschland\/kleine-klarstellung-reden-wir-ueber-taktische-atomwaffen-reden-wir-auch-ueber-ramstein-und-buechel\/"]}]},{"@type":"ImageObject","inLanguage":"de","@id":"https:\/\/now-news.de\/de\/deutschland\/kleine-klarstellung-reden-wir-ueber-taktische-atomwaffen-reden-wir-auch-ueber-ramstein-und-buechel\/#primaryimage","url":"https:\/\/now-news.de\/de\/wp-content\/uploads\/sites\/3\/2023\/02\/Kleine-Klarstellung-Reden-wir-ueber-taktische-Atomwaffen-reden-wir-auch.jpg","contentUrl":"https:\/\/now-news.de\/de\/wp-content\/uploads\/sites\/3\/2023\/02\/Kleine-Klarstellung-Reden-wir-ueber-taktische-Atomwaffen-reden-wir-auch.jpg","width":460,"height":259,"caption":"Kleine Klarstellung: Reden wir \u00fcber taktische Atomwaffen, reden wir auch \u00fcber Ramstein und B\u00fcchel"},{"@type":"BreadcrumbList","@id":"https:\/\/now-news.de\/de\/deutschland\/kleine-klarstellung-reden-wir-ueber-taktische-atomwaffen-reden-wir-auch-ueber-ramstein-und-buechel\/#breadcrumb","itemListElement":[{"@type":"ListItem","position":1,"name":"Home","item":"https:\/\/now-news.de\/de\/"},{"@type":"ListItem","position":2,"name":"Kleine Klarstellung: Reden wir \u00fcber taktische Atomwaffen, reden wir auch \u00fcber Ramstein und B\u00fcchel"}]},{"@type":"WebSite","@id":"https:\/\/now-news.de\/de\/#website","url":"https:\/\/now-news.de\/de\/","name":"just-now.NEWS Deutschland","description":"Das Portal f\u00fcr unzensierte Nachrichten aus der Welt","publisher":{"@id":"https:\/\/now-news.de\/de\/#organization"},"potentialAction":[{"@type":"SearchAction","target":{"@type":"EntryPoint","urlTemplate":"https:\/\/now-news.de\/de\/?s={search_term_string}"},"query-input":"required name=search_term_string"}],"inLanguage":"de"},{"@type":"Organization","@id":"https:\/\/now-news.de\/de\/#organization","name":"Just Now News","url":"https:\/\/now-news.de\/de\/","logo":{"@type":"ImageObject","inLanguage":"de","@id":"https:\/\/now-news.de\/de\/#\/schema\/logo\/image\/","url":"http:\/\/just-now.news\/de\/wp-content\/uploads\/sites\/3\/2022\/04\/logo500x500.jpg","contentUrl":"http:\/\/just-now.news\/de\/wp-content\/uploads\/sites\/3\/2022\/04\/logo500x500.jpg","width":500,"height":500,"caption":"Just Now News"},"image":{"@id":"https:\/\/now-news.de\/de\/#\/schema\/logo\/image\/"},"sameAs":["https:\/\/www.facebook.com\/wirmachenauf","https:\/\/x.com\/WirMachenAuf_de"]},{"@type":"Person","@id":"https:\/\/now-news.de\/de\/#\/schema\/person\/fb534a4e865501d8b3285208df34a9b5","name":"rtnews","image":{"@type":"ImageObject","inLanguage":"de","@id":"https:\/\/now-news.de\/de\/#\/schema\/person\/image\/","url":"https:\/\/secure.gravatar.com\/avatar\/82aafea7d8127119dd649515f56e2117?s=96&d=mm&r=g","contentUrl":"https:\/\/secure.gravatar.com\/avatar\/82aafea7d8127119dd649515f56e2117?s=96&d=mm&r=g","caption":"rtnews"},"url":"https:\/\/now-news.de\/de\/author\/rnews\/"}]}},"_links":{"self":[{"href":"https:\/\/now-news.de\/de\/wp-json\/wp\/v2\/posts\/30597"}],"collection":[{"href":"https:\/\/now-news.de\/de\/wp-json\/wp\/v2\/posts"}],"about":[{"href":"https:\/\/now-news.de\/de\/wp-json\/wp\/v2\/types\/post"}],"author":[{"embeddable":true,"href":"https:\/\/now-news.de\/de\/wp-json\/wp\/v2\/users\/3"}],"replies":[{"embeddable":true,"href":"https:\/\/now-news.de\/de\/wp-json\/wp\/v2\/comments?post=30597"}],"version-history":[{"count":0,"href":"https:\/\/now-news.de\/de\/wp-json\/wp\/v2\/posts\/30597\/revisions"}],"wp:featuredmedia":[{"embeddable":true,"href":"https:\/\/now-news.de\/de\/wp-json\/wp\/v2\/media\/30598"}],"wp:attachment":[{"href":"https:\/\/now-news.de\/de\/wp-json\/wp\/v2\/media?parent=30597"}],"wp:term":[{"taxonomy":"category","embeddable":true,"href":"https:\/\/now-news.de\/de\/wp-json\/wp\/v2\/categories?post=30597"},{"taxonomy":"post_tag","embeddable":true,"href":"https:\/\/now-news.de\/de\/wp-json\/wp\/v2\/tags?post=30597"}],"curies":[{"name":"wp","href":"https:\/\/api.w.org\/{rel}","templated":true}]}}