{"id":30595,"date":"2023-02-17T13:57:11","date_gmt":"2023-02-17T11:57:11","guid":{"rendered":"https:\/\/just-now.news\/de\/deutschland\/justizminister-buschmann-will-nach-israel-reisen-auswaertiges-amt-raet-ab\/"},"modified":"2023-02-17T13:57:11","modified_gmt":"2023-02-17T11:57:11","slug":"justizminister-buschmann-will-nach-israel-reisen-auswaertiges-amt-raet-ab","status":"publish","type":"post","link":"https:\/\/now-news.de\/de\/deutschland\/justizminister-buschmann-will-nach-israel-reisen-auswaertiges-amt-raet-ab\/","title":{"rendered":"Justizminister Buschmann will nach Israel reisen \u2013 Ausw\u00e4rtiges Amt r\u00e4t ab"},"content":{"rendered":"<p><img decoding=\"async\" src=\"http:\/\/just-now.news\/de\/wp-content\/uploads\/sites\/3\/2023\/02\/63ef5744b480cc69f278fb3d.jpg\" \/><\/p>\n<div class=\"Text-root Text-type_1 \">\n                Nach Ansicht des Au\u00dfenministeriums sollte vorerst kein deutscher Minister nach Israel reisen. Die Bundesregierung ist sich nach wie vor unsicher, wie sie mit der neuen radikal rechts-orientierten israelischen Regierung umgehen soll.\n            <\/div>\n<p><\/p>\n<div class=\"Text-root Text-type_5 ArticleView-text ViewText-root \">\n<p>Am Donnerstag berichtete der\u00a0<em>Spiegel,\u00a0<\/em>das von Annalena Baerbock gef\u00fchrte Ausw\u00e4rtige Amt rate vorerst von Reisen deutscher Minister nach Israel ab. Grund sei der Eintritt ultrarechter Politiker in das Kabinett von Ministerpr\u00e4sident Benjamin Netanjahu und die heftig umstrittene Justizreform, die zuletzt Hunderttausende Israelis auf die Barrikaden gebracht hatte.<\/p>\n<p>Die gr\u00fcne Au\u00dfenministerin, so berichten es Regierungskreise, habe auf der Kabinettssitzung am vergangenen Mittwoch von Israel-Besuchen in der n\u00e4chsten Zeit abgeraten. Daraufhin habe sich Justizminister Marco Buschmann von der FDP zu Wort gemeldet und kundgetan, er werde den j\u00fcdischen Staat noch in der zweiten Februarh\u00e4lfte besuchen.<\/p>\n<p>Aus dem Justizministerium hei\u00dft es, Buschmann habe bereits lange vor dem Regierungswechsel nach Israel reisen wollen, den Besuch aber wegen einer Corona-Erkrankung absagen m\u00fcssen. Ein Anlass f\u00fcr die aktuelle Reise sei die Rosenburg-Ausstellung \u00fcber das &#8220;Bundesjustizministerium im Schatten der NS-Vergangenheit&#8221;, die der Minister in Tel Aviv er\u00f6ffnen wolle.<\/p>\n<p>Der zust\u00e4ndige Ausschuss der Knesset billigte am Montag bereits einen Teil der umstrittenen Justizreform. Israels Pr\u00e4sident\u00a0hatte zuvor noch\u00a0eine Verschiebung dieser\u00a0Reform gefordert. Der Oppositionsf\u00fchrer Jair Lapid\u00a0bezeichnete\u00a0die Regierung von Ministerpr\u00e4sident Netanjahu zudem als &#8220;eine Gruppe von Kriminellen, die hier Gesetze verabschieden, um sich selbst vor [juristischem] \u00c4rger zu retten.&#8221; Seit Wochen demonstrieren Zehntausende von Israelis gegen das Vorhaben der Regierung Benjamin Netanjahu, das\u00a0Oberste\u00a0Gericht des Landes faktisch zu entmachten.<\/p>\n<p><strong>Mehr zum Thema<\/strong> &#8211; <a rel=\"nofollow noopener\" target=\"_blank\" href=\"https:\/\/de.rt.com\/international\/163161-israelischer-top-diplomat-in-kiew\/\">Israelischer Top-Diplomat in Kiew: Selenskij bezeichnet Iran als &#8220;gemeinsamen Feind&#8221;<\/a><\/p>\n<div class=\"EmbedBlock-root EmbedBlock-externalVideo EmbedBlock-vk\">\n<div class=\"VkEmbed\"><iframe class=\"lazyload\" data-src=\"https:\/\/vk.com\/video_ext.php?oid=-134310637&amp;id=456263780&amp;hash=514a5bcde01b72a2\" frameborder=\"0\" width=\"853\" height=\"480\" allowfullscreen><\/iframe><\/div>\n<\/div>\n<\/div>\n<p><br \/>\n<br \/><a href=\"https:\/\/de.rt.com\/inland\/163174-justizminister-buschmann-will-nach-israel-reisen\/\">Source link <\/a><\/p>\n","protected":false},"excerpt":{"rendered":"<p>Nach Ansicht des Au\u00dfenministeriums sollte vorerst kein deutscher Minister nach Israel reisen. Die Bundesregierung ist sich nach wie vor unsicher, wie sie mit der neuen radikal rechts-orientierten israelischen Regierung umgehen soll. Am Donnerstag berichtete der\u00a0Spiegel,\u00a0das von Annalena Baerbock gef\u00fchrte Ausw\u00e4rtige Amt rate vorerst von Reisen deutscher Minister nach Israel ab. Grund sei der Eintritt ultrarechter [&hellip;]<\/p>\n","protected":false},"author":3,"featured_media":30596,"comment_status":"open","ping_status":"open","sticky":false,"template":"","format":"standard","meta":{"_yoast_indexnow_last_ping":["1676635107"],"wp_automatic_camp":["217"],"84fcdc9ec399426f263539880c7dc48d":["Justizminister Buschmann will nach Israel reisen \u2013 Ausw\u00e4rtiges Amt r\u00e4t ab"],"original_link":["https:\/\/de.rt.com\/inland\/163174-justizminister-buschmann-will-nach-israel-reisen\/"],"_thumbnail_id":["30596"],"_wptgpro_p2tg_sent2tg":["a:1:{i:23737;s:19:\"2023-02-17 14:00:41\";}"],"jnews_social_counter_last_update":["1776892608"]},"categories":[19,23],"tags":[9132,13972,22124,432,25049,979,975,19142],"yoast_head":"<!-- This site is optimized with the Yoast SEO Premium plugin v22.7 (Yoast SEO v22.7) - https:\/\/yoast.com\/wordpress\/plugins\/seo\/ -->\n<title>Justizminister Buschmann will nach Israel reisen \u2013 Ausw\u00e4rtiges Amt r\u00e4t ab - just-now.NEWS Deutschland<\/title>\n<meta name=\"robots\" content=\"index, follow, max-snippet:-1, max-image-preview:large, max-video-preview:-1\" \/>\n<link rel=\"canonical\" href=\"https:\/\/now-news.de\/de\/deutschland\/justizminister-buschmann-will-nach-israel-reisen-auswaertiges-amt-raet-ab\/\" \/>\n<meta property=\"og:locale\" content=\"de_DE\" \/>\n<meta property=\"og:type\" content=\"article\" \/>\n<meta property=\"og:title\" content=\"Justizminister Buschmann will nach Israel reisen \u2013 Ausw\u00e4rtiges Amt r\u00e4t ab\" \/>\n<meta property=\"og:description\" content=\"Nach Ansicht des Au\u00dfenministeriums sollte vorerst kein deutscher Minister nach Israel reisen. Die Bundesregierung ist sich nach wie vor unsicher, wie sie mit der neuen radikal rechts-orientierten israelischen Regierung umgehen soll. Am Donnerstag berichtete der\u00a0Spiegel,\u00a0das von Annalena Baerbock gef\u00fchrte Ausw\u00e4rtige Amt rate vorerst von Reisen deutscher Minister nach Israel ab. Grund sei der Eintritt ultrarechter [&hellip;]\" \/>\n<meta property=\"og:url\" content=\"https:\/\/now-news.de\/de\/deutschland\/justizminister-buschmann-will-nach-israel-reisen-auswaertiges-amt-raet-ab\/\" \/>\n<meta property=\"og:site_name\" content=\"just-now.NEWS Deutschland\" \/>\n<meta property=\"article:publisher\" content=\"https:\/\/www.facebook.com\/wirmachenauf\" \/>\n<meta property=\"article:published_time\" content=\"2023-02-17T11:57:11+00:00\" \/>\n<meta property=\"og:image\" content=\"https:\/\/now-news.de\/de\/wp-content\/uploads\/sites\/3\/2023\/02\/Justizminister-Buschmann-will-nach-Israel-reisen-\u2013-Auswaertiges-Amt-raet.jpg\" \/>\n\t<meta property=\"og:image:width\" content=\"460\" \/>\n\t<meta property=\"og:image:height\" content=\"259\" \/>\n\t<meta property=\"og:image:type\" content=\"image\/jpeg\" \/>\n<meta name=\"author\" content=\"rtnews\" \/>\n<meta name=\"twitter:card\" content=\"summary_large_image\" \/>\n<meta name=\"twitter:creator\" content=\"@WirMachenAuf_de\" \/>\n<meta name=\"twitter:site\" content=\"@WirMachenAuf_de\" \/>\n<meta name=\"twitter:label1\" content=\"Verfasst von\" \/>\n\t<meta name=\"twitter:data1\" content=\"rtnews\" \/>\n\t<meta name=\"twitter:label2\" content=\"Gesch\u00e4tzte Lesezeit\" \/>\n\t<meta name=\"twitter:data2\" content=\"1\u00a0Minute\" \/>\n<script type=\"application\/ld+json\" class=\"yoast-schema-graph\">{\"@context\":\"https:\/\/schema.org\",\"@graph\":[{\"@type\":\"Article\",\"@id\":\"https:\/\/now-news.de\/de\/deutschland\/justizminister-buschmann-will-nach-israel-reisen-auswaertiges-amt-raet-ab\/#article\",\"isPartOf\":{\"@id\":\"https:\/\/now-news.de\/de\/deutschland\/justizminister-buschmann-will-nach-israel-reisen-auswaertiges-amt-raet-ab\/\"},\"author\":{\"name\":\"rtnews\",\"@id\":\"https:\/\/now-news.de\/de\/#\/schema\/person\/fb534a4e865501d8b3285208df34a9b5\"},\"headline\":\"Justizminister Buschmann will nach Israel reisen \u2013 Ausw\u00e4rtiges Amt r\u00e4t ab\",\"datePublished\":\"2023-02-17T11:57:11+00:00\",\"dateModified\":\"2023-02-17T11:57:11+00:00\",\"mainEntityOfPage\":{\"@id\":\"https:\/\/now-news.de\/de\/deutschland\/justizminister-buschmann-will-nach-israel-reisen-auswaertiges-amt-raet-ab\/\"},\"wordCount\":292,\"commentCount\":0,\"publisher\":{\"@id\":\"https:\/\/now-news.de\/de\/#organization\"},\"image\":{\"@id\":\"https:\/\/now-news.de\/de\/deutschland\/justizminister-buschmann-will-nach-israel-reisen-auswaertiges-amt-raet-ab\/#primaryimage\"},\"thumbnailUrl\":\"https:\/\/now-news.de\/de\/wp-content\/uploads\/sites\/3\/2023\/02\/Justizminister-Buschmann-will-nach-Israel-reisen-\u2013-Auswaertiges-Amt-raet.jpg\",\"keywords\":[\"Amt\",\"Ausw\u00e4rtiges\",\"Buschmann\",\"Israel\",\"Justizminister\",\"nach\",\"r\u00e4t\",\"Reisen\"],\"articleSection\":[\"Deutschland\",\"Russland\"],\"inLanguage\":\"de\",\"potentialAction\":[{\"@type\":\"CommentAction\",\"name\":\"Comment\",\"target\":[\"https:\/\/now-news.de\/de\/deutschland\/justizminister-buschmann-will-nach-israel-reisen-auswaertiges-amt-raet-ab\/#respond\"]}]},{\"@type\":\"WebPage\",\"@id\":\"https:\/\/now-news.de\/de\/deutschland\/justizminister-buschmann-will-nach-israel-reisen-auswaertiges-amt-raet-ab\/\",\"url\":\"https:\/\/now-news.de\/de\/deutschland\/justizminister-buschmann-will-nach-israel-reisen-auswaertiges-amt-raet-ab\/\",\"name\":\"Justizminister Buschmann will nach Israel reisen \u2013 Ausw\u00e4rtiges Amt r\u00e4t ab - just-now.NEWS Deutschland\",\"isPartOf\":{\"@id\":\"https:\/\/now-news.de\/de\/#website\"},\"primaryImageOfPage\":{\"@id\":\"https:\/\/now-news.de\/de\/deutschland\/justizminister-buschmann-will-nach-israel-reisen-auswaertiges-amt-raet-ab\/#primaryimage\"},\"image\":{\"@id\":\"https:\/\/now-news.de\/de\/deutschland\/justizminister-buschmann-will-nach-israel-reisen-auswaertiges-amt-raet-ab\/#primaryimage\"},\"thumbnailUrl\":\"https:\/\/now-news.de\/de\/wp-content\/uploads\/sites\/3\/2023\/02\/Justizminister-Buschmann-will-nach-Israel-reisen-\u2013-Auswaertiges-Amt-raet.jpg\",\"datePublished\":\"2023-02-17T11:57:11+00:00\",\"dateModified\":\"2023-02-17T11:57:11+00:00\",\"breadcrumb\":{\"@id\":\"https:\/\/now-news.de\/de\/deutschland\/justizminister-buschmann-will-nach-israel-reisen-auswaertiges-amt-raet-ab\/#breadcrumb\"},\"inLanguage\":\"de\",\"potentialAction\":[{\"@type\":\"ReadAction\",\"target\":[\"https:\/\/now-news.de\/de\/deutschland\/justizminister-buschmann-will-nach-israel-reisen-auswaertiges-amt-raet-ab\/\"]}]},{\"@type\":\"ImageObject\",\"inLanguage\":\"de\",\"@id\":\"https:\/\/now-news.de\/de\/deutschland\/justizminister-buschmann-will-nach-israel-reisen-auswaertiges-amt-raet-ab\/#primaryimage\",\"url\":\"https:\/\/now-news.de\/de\/wp-content\/uploads\/sites\/3\/2023\/02\/Justizminister-Buschmann-will-nach-Israel-reisen-\u2013-Auswaertiges-Amt-raet.jpg\",\"contentUrl\":\"https:\/\/now-news.de\/de\/wp-content\/uploads\/sites\/3\/2023\/02\/Justizminister-Buschmann-will-nach-Israel-reisen-\u2013-Auswaertiges-Amt-raet.jpg\",\"width\":460,\"height\":259,\"caption\":\"Justizminister Buschmann will nach Israel reisen \u2013 Ausw\u00e4rtiges Amt r\u00e4t ab\"},{\"@type\":\"BreadcrumbList\",\"@id\":\"https:\/\/now-news.de\/de\/deutschland\/justizminister-buschmann-will-nach-israel-reisen-auswaertiges-amt-raet-ab\/#breadcrumb\",\"itemListElement\":[{\"@type\":\"ListItem\",\"position\":1,\"name\":\"Home\",\"item\":\"https:\/\/now-news.de\/de\/\"},{\"@type\":\"ListItem\",\"position\":2,\"name\":\"Justizminister Buschmann will nach Israel reisen \u2013 Ausw\u00e4rtiges Amt r\u00e4t ab\"}]},{\"@type\":\"WebSite\",\"@id\":\"https:\/\/now-news.de\/de\/#website\",\"url\":\"https:\/\/now-news.de\/de\/\",\"name\":\"just-now.NEWS Deutschland\",\"description\":\"Das Portal f\u00fcr unzensierte Nachrichten aus der Welt\",\"publisher\":{\"@id\":\"https:\/\/now-news.de\/de\/#organization\"},\"potentialAction\":[{\"@type\":\"SearchAction\",\"target\":{\"@type\":\"EntryPoint\",\"urlTemplate\":\"https:\/\/now-news.de\/de\/?s={search_term_string}\"},\"query-input\":\"required name=search_term_string\"}],\"inLanguage\":\"de\"},{\"@type\":\"Organization\",\"@id\":\"https:\/\/now-news.de\/de\/#organization\",\"name\":\"Just Now News\",\"url\":\"https:\/\/now-news.de\/de\/\",\"logo\":{\"@type\":\"ImageObject\",\"inLanguage\":\"de\",\"@id\":\"https:\/\/now-news.de\/de\/#\/schema\/logo\/image\/\",\"url\":\"http:\/\/just-now.news\/de\/wp-content\/uploads\/sites\/3\/2022\/04\/logo500x500.jpg\",\"contentUrl\":\"http:\/\/just-now.news\/de\/wp-content\/uploads\/sites\/3\/2022\/04\/logo500x500.jpg\",\"width\":500,\"height\":500,\"caption\":\"Just Now News\"},\"image\":{\"@id\":\"https:\/\/now-news.de\/de\/#\/schema\/logo\/image\/\"},\"sameAs\":[\"https:\/\/www.facebook.com\/wirmachenauf\",\"https:\/\/x.com\/WirMachenAuf_de\"]},{\"@type\":\"Person\",\"@id\":\"https:\/\/now-news.de\/de\/#\/schema\/person\/fb534a4e865501d8b3285208df34a9b5\",\"name\":\"rtnews\",\"image\":{\"@type\":\"ImageObject\",\"inLanguage\":\"de\",\"@id\":\"https:\/\/now-news.de\/de\/#\/schema\/person\/image\/\",\"url\":\"https:\/\/secure.gravatar.com\/avatar\/82aafea7d8127119dd649515f56e2117?s=96&d=mm&r=g\",\"contentUrl\":\"https:\/\/secure.gravatar.com\/avatar\/82aafea7d8127119dd649515f56e2117?s=96&d=mm&r=g\",\"caption\":\"rtnews\"},\"url\":\"https:\/\/now-news.de\/de\/author\/rnews\/\"}]}<\/script>\n<!-- \/ Yoast SEO Premium plugin. -->","yoast_head_json":{"title":"Justizminister Buschmann will nach Israel reisen \u2013 Ausw\u00e4rtiges Amt r\u00e4t ab - just-now.NEWS Deutschland","robots":{"index":"index","follow":"follow","max-snippet":"max-snippet:-1","max-image-preview":"max-image-preview:large","max-video-preview":"max-video-preview:-1"},"canonical":"https:\/\/now-news.de\/de\/deutschland\/justizminister-buschmann-will-nach-israel-reisen-auswaertiges-amt-raet-ab\/","og_locale":"de_DE","og_type":"article","og_title":"Justizminister Buschmann will nach Israel reisen \u2013 Ausw\u00e4rtiges Amt r\u00e4t ab","og_description":"Nach Ansicht des Au\u00dfenministeriums sollte vorerst kein deutscher Minister nach Israel reisen. Die Bundesregierung ist sich nach wie vor unsicher, wie sie mit der neuen radikal rechts-orientierten israelischen Regierung umgehen soll. Am Donnerstag berichtete der\u00a0Spiegel,\u00a0das von Annalena Baerbock gef\u00fchrte Ausw\u00e4rtige Amt rate vorerst von Reisen deutscher Minister nach Israel ab. Grund sei der Eintritt ultrarechter [&hellip;]","og_url":"https:\/\/now-news.de\/de\/deutschland\/justizminister-buschmann-will-nach-israel-reisen-auswaertiges-amt-raet-ab\/","og_site_name":"just-now.NEWS Deutschland","article_publisher":"https:\/\/www.facebook.com\/wirmachenauf","article_published_time":"2023-02-17T11:57:11+00:00","og_image":[{"width":460,"height":259,"url":"https:\/\/now-news.de\/de\/wp-content\/uploads\/sites\/3\/2023\/02\/Justizminister-Buschmann-will-nach-Israel-reisen-\u2013-Auswaertiges-Amt-raet.jpg","type":"image\/jpeg"}],"author":"rtnews","twitter_card":"summary_large_image","twitter_creator":"@WirMachenAuf_de","twitter_site":"@WirMachenAuf_de","twitter_misc":{"Verfasst von":"rtnews","Gesch\u00e4tzte Lesezeit":"1\u00a0Minute"},"schema":{"@context":"https:\/\/schema.org","@graph":[{"@type":"Article","@id":"https:\/\/now-news.de\/de\/deutschland\/justizminister-buschmann-will-nach-israel-reisen-auswaertiges-amt-raet-ab\/#article","isPartOf":{"@id":"https:\/\/now-news.de\/de\/deutschland\/justizminister-buschmann-will-nach-israel-reisen-auswaertiges-amt-raet-ab\/"},"author":{"name":"rtnews","@id":"https:\/\/now-news.de\/de\/#\/schema\/person\/fb534a4e865501d8b3285208df34a9b5"},"headline":"Justizminister Buschmann will nach Israel reisen \u2013 Ausw\u00e4rtiges Amt r\u00e4t ab","datePublished":"2023-02-17T11:57:11+00:00","dateModified":"2023-02-17T11:57:11+00:00","mainEntityOfPage":{"@id":"https:\/\/now-news.de\/de\/deutschland\/justizminister-buschmann-will-nach-israel-reisen-auswaertiges-amt-raet-ab\/"},"wordCount":292,"commentCount":0,"publisher":{"@id":"https:\/\/now-news.de\/de\/#organization"},"image":{"@id":"https:\/\/now-news.de\/de\/deutschland\/justizminister-buschmann-will-nach-israel-reisen-auswaertiges-amt-raet-ab\/#primaryimage"},"thumbnailUrl":"https:\/\/now-news.de\/de\/wp-content\/uploads\/sites\/3\/2023\/02\/Justizminister-Buschmann-will-nach-Israel-reisen-\u2013-Auswaertiges-Amt-raet.jpg","keywords":["Amt","Ausw\u00e4rtiges","Buschmann","Israel","Justizminister","nach","r\u00e4t","Reisen"],"articleSection":["Deutschland","Russland"],"inLanguage":"de","potentialAction":[{"@type":"CommentAction","name":"Comment","target":["https:\/\/now-news.de\/de\/deutschland\/justizminister-buschmann-will-nach-israel-reisen-auswaertiges-amt-raet-ab\/#respond"]}]},{"@type":"WebPage","@id":"https:\/\/now-news.de\/de\/deutschland\/justizminister-buschmann-will-nach-israel-reisen-auswaertiges-amt-raet-ab\/","url":"https:\/\/now-news.de\/de\/deutschland\/justizminister-buschmann-will-nach-israel-reisen-auswaertiges-amt-raet-ab\/","name":"Justizminister Buschmann will nach Israel reisen \u2013 Ausw\u00e4rtiges Amt r\u00e4t ab - just-now.NEWS Deutschland","isPartOf":{"@id":"https:\/\/now-news.de\/de\/#website"},"primaryImageOfPage":{"@id":"https:\/\/now-news.de\/de\/deutschland\/justizminister-buschmann-will-nach-israel-reisen-auswaertiges-amt-raet-ab\/#primaryimage"},"image":{"@id":"https:\/\/now-news.de\/de\/deutschland\/justizminister-buschmann-will-nach-israel-reisen-auswaertiges-amt-raet-ab\/#primaryimage"},"thumbnailUrl":"https:\/\/now-news.de\/de\/wp-content\/uploads\/sites\/3\/2023\/02\/Justizminister-Buschmann-will-nach-Israel-reisen-\u2013-Auswaertiges-Amt-raet.jpg","datePublished":"2023-02-17T11:57:11+00:00","dateModified":"2023-02-17T11:57:11+00:00","breadcrumb":{"@id":"https:\/\/now-news.de\/de\/deutschland\/justizminister-buschmann-will-nach-israel-reisen-auswaertiges-amt-raet-ab\/#breadcrumb"},"inLanguage":"de","potentialAction":[{"@type":"ReadAction","target":["https:\/\/now-news.de\/de\/deutschland\/justizminister-buschmann-will-nach-israel-reisen-auswaertiges-amt-raet-ab\/"]}]},{"@type":"ImageObject","inLanguage":"de","@id":"https:\/\/now-news.de\/de\/deutschland\/justizminister-buschmann-will-nach-israel-reisen-auswaertiges-amt-raet-ab\/#primaryimage","url":"https:\/\/now-news.de\/de\/wp-content\/uploads\/sites\/3\/2023\/02\/Justizminister-Buschmann-will-nach-Israel-reisen-\u2013-Auswaertiges-Amt-raet.jpg","contentUrl":"https:\/\/now-news.de\/de\/wp-content\/uploads\/sites\/3\/2023\/02\/Justizminister-Buschmann-will-nach-Israel-reisen-\u2013-Auswaertiges-Amt-raet.jpg","width":460,"height":259,"caption":"Justizminister Buschmann will nach Israel reisen \u2013 Ausw\u00e4rtiges Amt r\u00e4t ab"},{"@type":"BreadcrumbList","@id":"https:\/\/now-news.de\/de\/deutschland\/justizminister-buschmann-will-nach-israel-reisen-auswaertiges-amt-raet-ab\/#breadcrumb","itemListElement":[{"@type":"ListItem","position":1,"name":"Home","item":"https:\/\/now-news.de\/de\/"},{"@type":"ListItem","position":2,"name":"Justizminister Buschmann will nach Israel reisen \u2013 Ausw\u00e4rtiges Amt r\u00e4t ab"}]},{"@type":"WebSite","@id":"https:\/\/now-news.de\/de\/#website","url":"https:\/\/now-news.de\/de\/","name":"just-now.NEWS Deutschland","description":"Das Portal f\u00fcr unzensierte Nachrichten aus der Welt","publisher":{"@id":"https:\/\/now-news.de\/de\/#organization"},"potentialAction":[{"@type":"SearchAction","target":{"@type":"EntryPoint","urlTemplate":"https:\/\/now-news.de\/de\/?s={search_term_string}"},"query-input":"required name=search_term_string"}],"inLanguage":"de"},{"@type":"Organization","@id":"https:\/\/now-news.de\/de\/#organization","name":"Just Now News","url":"https:\/\/now-news.de\/de\/","logo":{"@type":"ImageObject","inLanguage":"de","@id":"https:\/\/now-news.de\/de\/#\/schema\/logo\/image\/","url":"http:\/\/just-now.news\/de\/wp-content\/uploads\/sites\/3\/2022\/04\/logo500x500.jpg","contentUrl":"http:\/\/just-now.news\/de\/wp-content\/uploads\/sites\/3\/2022\/04\/logo500x500.jpg","width":500,"height":500,"caption":"Just Now News"},"image":{"@id":"https:\/\/now-news.de\/de\/#\/schema\/logo\/image\/"},"sameAs":["https:\/\/www.facebook.com\/wirmachenauf","https:\/\/x.com\/WirMachenAuf_de"]},{"@type":"Person","@id":"https:\/\/now-news.de\/de\/#\/schema\/person\/fb534a4e865501d8b3285208df34a9b5","name":"rtnews","image":{"@type":"ImageObject","inLanguage":"de","@id":"https:\/\/now-news.de\/de\/#\/schema\/person\/image\/","url":"https:\/\/secure.gravatar.com\/avatar\/82aafea7d8127119dd649515f56e2117?s=96&d=mm&r=g","contentUrl":"https:\/\/secure.gravatar.com\/avatar\/82aafea7d8127119dd649515f56e2117?s=96&d=mm&r=g","caption":"rtnews"},"url":"https:\/\/now-news.de\/de\/author\/rnews\/"}]}},"_links":{"self":[{"href":"https:\/\/now-news.de\/de\/wp-json\/wp\/v2\/posts\/30595"}],"collection":[{"href":"https:\/\/now-news.de\/de\/wp-json\/wp\/v2\/posts"}],"about":[{"href":"https:\/\/now-news.de\/de\/wp-json\/wp\/v2\/types\/post"}],"author":[{"embeddable":true,"href":"https:\/\/now-news.de\/de\/wp-json\/wp\/v2\/users\/3"}],"replies":[{"embeddable":true,"href":"https:\/\/now-news.de\/de\/wp-json\/wp\/v2\/comments?post=30595"}],"version-history":[{"count":0,"href":"https:\/\/now-news.de\/de\/wp-json\/wp\/v2\/posts\/30595\/revisions"}],"wp:featuredmedia":[{"embeddable":true,"href":"https:\/\/now-news.de\/de\/wp-json\/wp\/v2\/media\/30596"}],"wp:attachment":[{"href":"https:\/\/now-news.de\/de\/wp-json\/wp\/v2\/media?parent=30595"}],"wp:term":[{"taxonomy":"category","embeddable":true,"href":"https:\/\/now-news.de\/de\/wp-json\/wp\/v2\/categories?post=30595"},{"taxonomy":"post_tag","embeddable":true,"href":"https:\/\/now-news.de\/de\/wp-json\/wp\/v2\/tags?post=30595"}],"curies":[{"name":"wp","href":"https:\/\/api.w.org\/{rel}","templated":true}]}}