{"id":30589,"date":"2023-02-17T12:34:42","date_gmt":"2023-02-17T10:34:42","guid":{"rendered":"https:\/\/just-now.news\/de\/deutschland\/rueckschlag-fuer-japans-weltraumprogramm-start-neuester-traegerrakete-fehlgeschlagen\/"},"modified":"2023-02-17T12:34:42","modified_gmt":"2023-02-17T10:34:42","slug":"rueckschlag-fuer-japans-weltraumprogramm-start-neuester-traegerrakete-fehlgeschlagen","status":"publish","type":"post","link":"https:\/\/now-news.de\/de\/deutschland\/rueckschlag-fuer-japans-weltraumprogramm-start-neuester-traegerrakete-fehlgeschlagen\/","title":{"rendered":"R\u00fcckschlag f\u00fcr Japans Weltraumprogramm: Start neuester Tr\u00e4gerrakete fehlgeschlagen"},"content":{"rendered":"<p><img decoding=\"async\" src=\"http:\/\/just-now.news\/de\/wp-content\/uploads\/sites\/3\/2023\/02\/63ef452248fbef3e5c76d9db.jpg\" \/><\/p>\n<div class=\"Text-root Text-type_1 \">\n                Der erste Start der modernsten mittelschweren japanischen Tr\u00e4gerrakete vom Typ H3 ist am Freitag fehlgeschlagen. Die zwei Raketen-Booster konnten nicht gez\u00fcndet werden. Der n\u00e4chste Startversuch der Rakete k\u00f6nnte in ein bis zwei Wochen stattfinden.\n            <\/div>\n<p><\/p>\n<div class=\"Text-root Text-type_5 ArticleView-text ViewText-root \">\n<p>Der Start der neuesten mittelschweren japanischen Tr\u00e4gerrakete vom Typ <a rel=\"nofollow noopener\" target=\"_blank\" href=\"https:\/\/de.wikipedia.org\/w\/index.php?title=H3_(Rakete)&amp;stable=0\">H3-22S<\/a> ist am Freitag fehlgeschlagen, weil die zwei Booster-Raketen nicht gestartet werden konnten, <a rel=\"nofollow noopener\" target=\"_blank\" href=\"https:\/\/tass.ru\/kosmos\/17072049\">berichtet<\/a> die russische Nachrichtenagentur <em>TASS<\/em>.<\/p>\n<p><a rel=\"nofollow noopener\" target=\"_blank\" href=\"https:\/\/www.reuters.com\/business\/aerospace-defense\/japans-h3-flagship-rocket-fails-lift-off-after-apparent-engine-failure-2023-02-17\/\">Laut<\/a>\u00a0<em>Reuters<\/em> schaltete sich das Haupttriebwerk der H3 w\u00e4hrend der Live-\u00dcbertragung wieder ab, nachdem der Startcountdown bis null gez\u00e4hlt hatte. Die 57 Meter\u00a0hohe Rakete blieb auf dem Startplatz im japanischen Weltraumbahnhof <a rel=\"nofollow noopener\" target=\"_blank\" href=\"https:\/\/de.wikipedia.org\/wiki\/Tanegashima_Space_Center\">Tanegashima<\/a> zusammen mit ihrer Nutzlast, dem Erdbeobachtungssatelliten ALOS-3, stehen. Dieser Satellit sei unter anderem auch mit einem Infrarotsensor ausgestattet, der nordkoreanische ballistische Raketen aufsp\u00fcren soll, teilte <em>Reuters<\/em> mit. Russische Nachrichtenagenturen berichtet jedoch, dass der Satellit zur \u00dcberwachung von Naturkatastrophen eingesetzt werden soll.<\/p>\n<p>Die Japanische Agentur f\u00fcr Luft- und Raumfahrt (JAXA) erkl\u00e4rte, sie untersuche die Ursache des offensichtlichen Fehlers.\u00a0<em>Kyodo News<\/em> berichtete unter Berufung auf japanische Regierungskreise, dass der n\u00e4chste Startversuch mit dieser Rakete in ein bis zwei Wochen stattfinden k\u00f6nne.<\/p>\n<div class=\"EmbedBlock-root EmbedBlock-twitter\">\n<div class=\"TwitterEmbed\">\n<blockquote class=\"twitter-tweet lazyload\" data-twitter=\"twitter-tweet\">\n<p lang=\"en\" dir=\"ltr\">ABORT. Japan&#8217;s H3 rocket aborted its inaugural launch moments before liftoff, following ignition of its main engines. <a rel=\"nofollow noopener\" target=\"_blank\" href=\"https:\/\/t.co\/q04XSKONQf\">https:\/\/t.co\/q04XSKONQf<\/a><a rel=\"nofollow noopener\" target=\"_blank\" href=\"https:\/\/t.co\/VxGGllpLOd\">pic.twitter.com\/VxGGllpLOd<\/a><\/p>\n<p>\u2014 Spaceflight Now (@SpaceflightNow) <a rel=\"nofollow noopener\" target=\"_blank\" href=\"https:\/\/twitter.com\/SpaceflightNow\/status\/1626396356087627776?ref_src=twsrc%5Etfw\">February 17, 2023<\/a><\/p><\/blockquote>\n<\/div>\n<\/div>\n<p>Japan hat die Tr\u00e4gerrakete H3 gebaut, um seinen unabh\u00e4ngigen Zugang zum Weltraum zu erweitern und seine wirtschaftlichen Chancen zu erh\u00f6hen, einen gr\u00f6\u00dferen Anteil des weltweiten Marktes f\u00fcr Satellitenstarts von Konkurrenten (wie etwa SpaceX von Elon Musk) zu gewinnen. JAXA prognostiziert, dass die H3 die Kosten f\u00fcr Raketenstarts fast halbieren k\u00f6nne und Japan damit auf dem Markt f\u00fcr kommerzielle Satellitenstarts wettbewerbsf\u00e4higer machen w\u00fcrde.<\/p>\n<p>Die Rakete\u00a0vom Typ H3 wurde entwickelt, um staatliche und kommerzielle Satelliten in eine Erdumlaufbahn zu bringen sowie auch Fracht zur Internationalen Raumstation ISS zu transportieren. Der erste Start der H3 war urspr\u00fcnglich f\u00fcr das Jahr 2020 geplant, musste aber verschoben werden, weil \u00fcberm\u00e4\u00dfige Vibrationen im Haupttriebwerk der Rakete festgestellt wurden. Im Januar f\u00fchrten die Unternehmen JAXA und Mitsubishi Heavy Industries, wo die Rakete entwickelt und gebaut wurde, Triebwerkstests auf dem Startgel\u00e4nde durch. Die Ergebnisse wurden als erfolgreich bewertet, denn es wurden dabei keine Probleme festgestellt. Der Start wurde dann wegen ung\u00fcnstiger Witterungsbedingungen vom 12. auf den 13. Februar und dann nochmals vom 13. auf den 15. Februar verschoben.<\/p>\n<p><strong>Mehr zum Thema<\/strong> &#8211; <a rel=\"nofollow noopener\" target=\"_blank\" href=\"https:\/\/de.rt.com\/international\/163108-nato-kuendigt-neues-weltraumprojekt-an\/\">NATO k\u00fcndigt neues Weltraumprojekt an<\/a><\/p>\n<div class=\"EmbedBlock-root EmbedBlock-externalVideo EmbedBlock-vk\">\n<div class=\"VkEmbed\"><iframe class=\"lazyload\" data-src=\"https:\/\/vk.com\/video_ext.php?oid=-134310637&amp;id=456260319&amp;hash=bb30e78a401ec35d\" frameborder=\"0\" width=\"853\" height=\"480\" allowfullscreen><\/iframe><\/div>\n<\/div>\n<\/div>\n<p><script async src=\"https:\/\/platform.twitter.com\/widgets.js\" charset=\"utf-8\"><\/script><br \/>\n<br \/><br \/>\n<br \/><a href=\"https:\/\/de.rt.com\/asien\/163167-rueckschlag-fuer-japans-weltraumprogramm\/\">Source link <\/a><\/p>\n","protected":false},"excerpt":{"rendered":"<p>Der erste Start der modernsten mittelschweren japanischen Tr\u00e4gerrakete vom Typ H3 ist am Freitag fehlgeschlagen. Die zwei Raketen-Booster konnten nicht gez\u00fcndet werden. Der n\u00e4chste Startversuch der Rakete k\u00f6nnte in ein bis zwei Wochen stattfinden. Der Start der neuesten mittelschweren japanischen Tr\u00e4gerrakete vom Typ H3-22S ist am Freitag fehlgeschlagen, weil die zwei Booster-Raketen nicht gestartet werden [&hellip;]<\/p>\n","protected":false},"author":3,"featured_media":30590,"comment_status":"open","ping_status":"open","sticky":false,"template":"","format":"standard","meta":{"_yoast_indexnow_last_ping":["1676630270"],"wp_automatic_camp":["217"],"66522c776abf2c7072ec895e5b39e2de":["R\u00fcckschlag f\u00fcr Japans Weltraumprogramm: Start neuester Tr\u00e4gerrakete fehlgeschlagen"],"original_link":["https:\/\/de.rt.com\/asien\/163167-rueckschlag-fuer-japans-weltraumprogramm\/"],"_thumbnail_id":["30590"],"jnews_social_counter_last_update":["1777549396"],"_wptgpro_p2tg_sent2tg":["a:1:{i:23737;s:19:\"2023-02-17 12:39:26\";}"]},"categories":[19,23],"tags":[40932,221,19879,40930,27153,321,40931,40929],"yoast_head":"<!-- This site is optimized with the Yoast SEO Premium plugin v22.7 (Yoast SEO v22.7) - https:\/\/yoast.com\/wordpress\/plugins\/seo\/ -->\n<title>R\u00fcckschlag f\u00fcr Japans Weltraumprogramm: Start neuester Tr\u00e4gerrakete fehlgeschlagen - just-now.NEWS Deutschland<\/title>\n<meta name=\"robots\" content=\"index, follow, max-snippet:-1, max-image-preview:large, max-video-preview:-1\" \/>\n<link rel=\"canonical\" href=\"https:\/\/now-news.de\/de\/deutschland\/rueckschlag-fuer-japans-weltraumprogramm-start-neuester-traegerrakete-fehlgeschlagen\/\" \/>\n<meta property=\"og:locale\" content=\"de_DE\" \/>\n<meta property=\"og:type\" content=\"article\" \/>\n<meta property=\"og:title\" content=\"R\u00fcckschlag f\u00fcr Japans Weltraumprogramm: Start neuester Tr\u00e4gerrakete fehlgeschlagen\" \/>\n<meta property=\"og:description\" content=\"Der erste Start der modernsten mittelschweren japanischen Tr\u00e4gerrakete vom Typ H3 ist am Freitag fehlgeschlagen. Die zwei Raketen-Booster konnten nicht gez\u00fcndet werden. Der n\u00e4chste Startversuch der Rakete k\u00f6nnte in ein bis zwei Wochen stattfinden. Der Start der neuesten mittelschweren japanischen Tr\u00e4gerrakete vom Typ H3-22S ist am Freitag fehlgeschlagen, weil die zwei Booster-Raketen nicht gestartet werden [&hellip;]\" \/>\n<meta property=\"og:url\" content=\"https:\/\/now-news.de\/de\/deutschland\/rueckschlag-fuer-japans-weltraumprogramm-start-neuester-traegerrakete-fehlgeschlagen\/\" \/>\n<meta property=\"og:site_name\" content=\"just-now.NEWS Deutschland\" \/>\n<meta property=\"article:publisher\" content=\"https:\/\/www.facebook.com\/wirmachenauf\" \/>\n<meta property=\"article:published_time\" content=\"2023-02-17T10:34:42+00:00\" \/>\n<meta property=\"og:image\" content=\"https:\/\/now-news.de\/de\/wp-content\/uploads\/sites\/3\/2023\/02\/Rueckschlag-fuer-Japans-Weltraumprogramm-Start-neuester-Traegerrakete-fehlgeschlagen.jpg\" \/>\n\t<meta property=\"og:image:width\" content=\"460\" \/>\n\t<meta property=\"og:image:height\" content=\"259\" \/>\n\t<meta property=\"og:image:type\" content=\"image\/jpeg\" \/>\n<meta name=\"author\" content=\"rtnews\" \/>\n<meta name=\"twitter:card\" content=\"summary_large_image\" \/>\n<meta name=\"twitter:creator\" content=\"@WirMachenAuf_de\" \/>\n<meta name=\"twitter:site\" content=\"@WirMachenAuf_de\" \/>\n<meta name=\"twitter:label1\" content=\"Verfasst von\" \/>\n\t<meta name=\"twitter:data1\" content=\"rtnews\" \/>\n\t<meta name=\"twitter:label2\" content=\"Gesch\u00e4tzte Lesezeit\" \/>\n\t<meta name=\"twitter:data2\" content=\"2\u00a0Minuten\" \/>\n<script type=\"application\/ld+json\" class=\"yoast-schema-graph\">{\"@context\":\"https:\/\/schema.org\",\"@graph\":[{\"@type\":\"Article\",\"@id\":\"https:\/\/now-news.de\/de\/deutschland\/rueckschlag-fuer-japans-weltraumprogramm-start-neuester-traegerrakete-fehlgeschlagen\/#article\",\"isPartOf\":{\"@id\":\"https:\/\/now-news.de\/de\/deutschland\/rueckschlag-fuer-japans-weltraumprogramm-start-neuester-traegerrakete-fehlgeschlagen\/\"},\"author\":{\"name\":\"rtnews\",\"@id\":\"https:\/\/now-news.de\/de\/#\/schema\/person\/fb534a4e865501d8b3285208df34a9b5\"},\"headline\":\"R\u00fcckschlag f\u00fcr Japans Weltraumprogramm: Start neuester Tr\u00e4gerrakete fehlgeschlagen\",\"datePublished\":\"2023-02-17T10:34:42+00:00\",\"dateModified\":\"2023-02-17T10:34:42+00:00\",\"mainEntityOfPage\":{\"@id\":\"https:\/\/now-news.de\/de\/deutschland\/rueckschlag-fuer-japans-weltraumprogramm-start-neuester-traegerrakete-fehlgeschlagen\/\"},\"wordCount\":424,\"commentCount\":0,\"publisher\":{\"@id\":\"https:\/\/now-news.de\/de\/#organization\"},\"image\":{\"@id\":\"https:\/\/now-news.de\/de\/deutschland\/rueckschlag-fuer-japans-weltraumprogramm-start-neuester-traegerrakete-fehlgeschlagen\/#primaryimage\"},\"thumbnailUrl\":\"https:\/\/now-news.de\/de\/wp-content\/uploads\/sites\/3\/2023\/02\/Rueckschlag-fuer-Japans-Weltraumprogramm-Start-neuester-Traegerrakete-fehlgeschlagen.jpg\",\"keywords\":[\"fehlgeschlagen\",\"f\u00fcr\",\"Japans\",\"neuester\",\"R\u00fcckschlag\",\"Start\",\"Tr\u00e4gerrakete\",\"Weltraumprogramm\"],\"articleSection\":[\"Deutschland\",\"Russland\"],\"inLanguage\":\"de\",\"potentialAction\":[{\"@type\":\"CommentAction\",\"name\":\"Comment\",\"target\":[\"https:\/\/now-news.de\/de\/deutschland\/rueckschlag-fuer-japans-weltraumprogramm-start-neuester-traegerrakete-fehlgeschlagen\/#respond\"]}]},{\"@type\":\"WebPage\",\"@id\":\"https:\/\/now-news.de\/de\/deutschland\/rueckschlag-fuer-japans-weltraumprogramm-start-neuester-traegerrakete-fehlgeschlagen\/\",\"url\":\"https:\/\/now-news.de\/de\/deutschland\/rueckschlag-fuer-japans-weltraumprogramm-start-neuester-traegerrakete-fehlgeschlagen\/\",\"name\":\"R\u00fcckschlag f\u00fcr Japans Weltraumprogramm: Start neuester Tr\u00e4gerrakete fehlgeschlagen - just-now.NEWS Deutschland\",\"isPartOf\":{\"@id\":\"https:\/\/now-news.de\/de\/#website\"},\"primaryImageOfPage\":{\"@id\":\"https:\/\/now-news.de\/de\/deutschland\/rueckschlag-fuer-japans-weltraumprogramm-start-neuester-traegerrakete-fehlgeschlagen\/#primaryimage\"},\"image\":{\"@id\":\"https:\/\/now-news.de\/de\/deutschland\/rueckschlag-fuer-japans-weltraumprogramm-start-neuester-traegerrakete-fehlgeschlagen\/#primaryimage\"},\"thumbnailUrl\":\"https:\/\/now-news.de\/de\/wp-content\/uploads\/sites\/3\/2023\/02\/Rueckschlag-fuer-Japans-Weltraumprogramm-Start-neuester-Traegerrakete-fehlgeschlagen.jpg\",\"datePublished\":\"2023-02-17T10:34:42+00:00\",\"dateModified\":\"2023-02-17T10:34:42+00:00\",\"breadcrumb\":{\"@id\":\"https:\/\/now-news.de\/de\/deutschland\/rueckschlag-fuer-japans-weltraumprogramm-start-neuester-traegerrakete-fehlgeschlagen\/#breadcrumb\"},\"inLanguage\":\"de\",\"potentialAction\":[{\"@type\":\"ReadAction\",\"target\":[\"https:\/\/now-news.de\/de\/deutschland\/rueckschlag-fuer-japans-weltraumprogramm-start-neuester-traegerrakete-fehlgeschlagen\/\"]}]},{\"@type\":\"ImageObject\",\"inLanguage\":\"de\",\"@id\":\"https:\/\/now-news.de\/de\/deutschland\/rueckschlag-fuer-japans-weltraumprogramm-start-neuester-traegerrakete-fehlgeschlagen\/#primaryimage\",\"url\":\"https:\/\/now-news.de\/de\/wp-content\/uploads\/sites\/3\/2023\/02\/Rueckschlag-fuer-Japans-Weltraumprogramm-Start-neuester-Traegerrakete-fehlgeschlagen.jpg\",\"contentUrl\":\"https:\/\/now-news.de\/de\/wp-content\/uploads\/sites\/3\/2023\/02\/Rueckschlag-fuer-Japans-Weltraumprogramm-Start-neuester-Traegerrakete-fehlgeschlagen.jpg\",\"width\":460,\"height\":259,\"caption\":\"R\u00fcckschlag f\u00fcr Japans Weltraumprogramm: Start neuester Tr\u00e4gerrakete fehlgeschlagen\"},{\"@type\":\"BreadcrumbList\",\"@id\":\"https:\/\/now-news.de\/de\/deutschland\/rueckschlag-fuer-japans-weltraumprogramm-start-neuester-traegerrakete-fehlgeschlagen\/#breadcrumb\",\"itemListElement\":[{\"@type\":\"ListItem\",\"position\":1,\"name\":\"Home\",\"item\":\"https:\/\/now-news.de\/de\/\"},{\"@type\":\"ListItem\",\"position\":2,\"name\":\"R\u00fcckschlag f\u00fcr Japans Weltraumprogramm: Start neuester Tr\u00e4gerrakete fehlgeschlagen\"}]},{\"@type\":\"WebSite\",\"@id\":\"https:\/\/now-news.de\/de\/#website\",\"url\":\"https:\/\/now-news.de\/de\/\",\"name\":\"just-now.NEWS Deutschland\",\"description\":\"Das Portal f\u00fcr unzensierte Nachrichten aus der Welt\",\"publisher\":{\"@id\":\"https:\/\/now-news.de\/de\/#organization\"},\"potentialAction\":[{\"@type\":\"SearchAction\",\"target\":{\"@type\":\"EntryPoint\",\"urlTemplate\":\"https:\/\/now-news.de\/de\/?s={search_term_string}\"},\"query-input\":\"required name=search_term_string\"}],\"inLanguage\":\"de\"},{\"@type\":\"Organization\",\"@id\":\"https:\/\/now-news.de\/de\/#organization\",\"name\":\"Just Now News\",\"url\":\"https:\/\/now-news.de\/de\/\",\"logo\":{\"@type\":\"ImageObject\",\"inLanguage\":\"de\",\"@id\":\"https:\/\/now-news.de\/de\/#\/schema\/logo\/image\/\",\"url\":\"http:\/\/just-now.news\/de\/wp-content\/uploads\/sites\/3\/2022\/04\/logo500x500.jpg\",\"contentUrl\":\"http:\/\/just-now.news\/de\/wp-content\/uploads\/sites\/3\/2022\/04\/logo500x500.jpg\",\"width\":500,\"height\":500,\"caption\":\"Just Now News\"},\"image\":{\"@id\":\"https:\/\/now-news.de\/de\/#\/schema\/logo\/image\/\"},\"sameAs\":[\"https:\/\/www.facebook.com\/wirmachenauf\",\"https:\/\/x.com\/WirMachenAuf_de\"]},{\"@type\":\"Person\",\"@id\":\"https:\/\/now-news.de\/de\/#\/schema\/person\/fb534a4e865501d8b3285208df34a9b5\",\"name\":\"rtnews\",\"image\":{\"@type\":\"ImageObject\",\"inLanguage\":\"de\",\"@id\":\"https:\/\/now-news.de\/de\/#\/schema\/person\/image\/\",\"url\":\"https:\/\/secure.gravatar.com\/avatar\/82aafea7d8127119dd649515f56e2117?s=96&d=mm&r=g\",\"contentUrl\":\"https:\/\/secure.gravatar.com\/avatar\/82aafea7d8127119dd649515f56e2117?s=96&d=mm&r=g\",\"caption\":\"rtnews\"},\"url\":\"https:\/\/now-news.de\/de\/author\/rnews\/\"}]}<\/script>\n<!-- \/ Yoast SEO Premium plugin. -->","yoast_head_json":{"title":"R\u00fcckschlag f\u00fcr Japans Weltraumprogramm: Start neuester Tr\u00e4gerrakete fehlgeschlagen - just-now.NEWS Deutschland","robots":{"index":"index","follow":"follow","max-snippet":"max-snippet:-1","max-image-preview":"max-image-preview:large","max-video-preview":"max-video-preview:-1"},"canonical":"https:\/\/now-news.de\/de\/deutschland\/rueckschlag-fuer-japans-weltraumprogramm-start-neuester-traegerrakete-fehlgeschlagen\/","og_locale":"de_DE","og_type":"article","og_title":"R\u00fcckschlag f\u00fcr Japans Weltraumprogramm: Start neuester Tr\u00e4gerrakete fehlgeschlagen","og_description":"Der erste Start der modernsten mittelschweren japanischen Tr\u00e4gerrakete vom Typ H3 ist am Freitag fehlgeschlagen. Die zwei Raketen-Booster konnten nicht gez\u00fcndet werden. Der n\u00e4chste Startversuch der Rakete k\u00f6nnte in ein bis zwei Wochen stattfinden. Der Start der neuesten mittelschweren japanischen Tr\u00e4gerrakete vom Typ H3-22S ist am Freitag fehlgeschlagen, weil die zwei Booster-Raketen nicht gestartet werden [&hellip;]","og_url":"https:\/\/now-news.de\/de\/deutschland\/rueckschlag-fuer-japans-weltraumprogramm-start-neuester-traegerrakete-fehlgeschlagen\/","og_site_name":"just-now.NEWS Deutschland","article_publisher":"https:\/\/www.facebook.com\/wirmachenauf","article_published_time":"2023-02-17T10:34:42+00:00","og_image":[{"width":460,"height":259,"url":"https:\/\/now-news.de\/de\/wp-content\/uploads\/sites\/3\/2023\/02\/Rueckschlag-fuer-Japans-Weltraumprogramm-Start-neuester-Traegerrakete-fehlgeschlagen.jpg","type":"image\/jpeg"}],"author":"rtnews","twitter_card":"summary_large_image","twitter_creator":"@WirMachenAuf_de","twitter_site":"@WirMachenAuf_de","twitter_misc":{"Verfasst von":"rtnews","Gesch\u00e4tzte Lesezeit":"2\u00a0Minuten"},"schema":{"@context":"https:\/\/schema.org","@graph":[{"@type":"Article","@id":"https:\/\/now-news.de\/de\/deutschland\/rueckschlag-fuer-japans-weltraumprogramm-start-neuester-traegerrakete-fehlgeschlagen\/#article","isPartOf":{"@id":"https:\/\/now-news.de\/de\/deutschland\/rueckschlag-fuer-japans-weltraumprogramm-start-neuester-traegerrakete-fehlgeschlagen\/"},"author":{"name":"rtnews","@id":"https:\/\/now-news.de\/de\/#\/schema\/person\/fb534a4e865501d8b3285208df34a9b5"},"headline":"R\u00fcckschlag f\u00fcr Japans Weltraumprogramm: Start neuester Tr\u00e4gerrakete fehlgeschlagen","datePublished":"2023-02-17T10:34:42+00:00","dateModified":"2023-02-17T10:34:42+00:00","mainEntityOfPage":{"@id":"https:\/\/now-news.de\/de\/deutschland\/rueckschlag-fuer-japans-weltraumprogramm-start-neuester-traegerrakete-fehlgeschlagen\/"},"wordCount":424,"commentCount":0,"publisher":{"@id":"https:\/\/now-news.de\/de\/#organization"},"image":{"@id":"https:\/\/now-news.de\/de\/deutschland\/rueckschlag-fuer-japans-weltraumprogramm-start-neuester-traegerrakete-fehlgeschlagen\/#primaryimage"},"thumbnailUrl":"https:\/\/now-news.de\/de\/wp-content\/uploads\/sites\/3\/2023\/02\/Rueckschlag-fuer-Japans-Weltraumprogramm-Start-neuester-Traegerrakete-fehlgeschlagen.jpg","keywords":["fehlgeschlagen","f\u00fcr","Japans","neuester","R\u00fcckschlag","Start","Tr\u00e4gerrakete","Weltraumprogramm"],"articleSection":["Deutschland","Russland"],"inLanguage":"de","potentialAction":[{"@type":"CommentAction","name":"Comment","target":["https:\/\/now-news.de\/de\/deutschland\/rueckschlag-fuer-japans-weltraumprogramm-start-neuester-traegerrakete-fehlgeschlagen\/#respond"]}]},{"@type":"WebPage","@id":"https:\/\/now-news.de\/de\/deutschland\/rueckschlag-fuer-japans-weltraumprogramm-start-neuester-traegerrakete-fehlgeschlagen\/","url":"https:\/\/now-news.de\/de\/deutschland\/rueckschlag-fuer-japans-weltraumprogramm-start-neuester-traegerrakete-fehlgeschlagen\/","name":"R\u00fcckschlag f\u00fcr Japans Weltraumprogramm: Start neuester Tr\u00e4gerrakete fehlgeschlagen - just-now.NEWS Deutschland","isPartOf":{"@id":"https:\/\/now-news.de\/de\/#website"},"primaryImageOfPage":{"@id":"https:\/\/now-news.de\/de\/deutschland\/rueckschlag-fuer-japans-weltraumprogramm-start-neuester-traegerrakete-fehlgeschlagen\/#primaryimage"},"image":{"@id":"https:\/\/now-news.de\/de\/deutschland\/rueckschlag-fuer-japans-weltraumprogramm-start-neuester-traegerrakete-fehlgeschlagen\/#primaryimage"},"thumbnailUrl":"https:\/\/now-news.de\/de\/wp-content\/uploads\/sites\/3\/2023\/02\/Rueckschlag-fuer-Japans-Weltraumprogramm-Start-neuester-Traegerrakete-fehlgeschlagen.jpg","datePublished":"2023-02-17T10:34:42+00:00","dateModified":"2023-02-17T10:34:42+00:00","breadcrumb":{"@id":"https:\/\/now-news.de\/de\/deutschland\/rueckschlag-fuer-japans-weltraumprogramm-start-neuester-traegerrakete-fehlgeschlagen\/#breadcrumb"},"inLanguage":"de","potentialAction":[{"@type":"ReadAction","target":["https:\/\/now-news.de\/de\/deutschland\/rueckschlag-fuer-japans-weltraumprogramm-start-neuester-traegerrakete-fehlgeschlagen\/"]}]},{"@type":"ImageObject","inLanguage":"de","@id":"https:\/\/now-news.de\/de\/deutschland\/rueckschlag-fuer-japans-weltraumprogramm-start-neuester-traegerrakete-fehlgeschlagen\/#primaryimage","url":"https:\/\/now-news.de\/de\/wp-content\/uploads\/sites\/3\/2023\/02\/Rueckschlag-fuer-Japans-Weltraumprogramm-Start-neuester-Traegerrakete-fehlgeschlagen.jpg","contentUrl":"https:\/\/now-news.de\/de\/wp-content\/uploads\/sites\/3\/2023\/02\/Rueckschlag-fuer-Japans-Weltraumprogramm-Start-neuester-Traegerrakete-fehlgeschlagen.jpg","width":460,"height":259,"caption":"R\u00fcckschlag f\u00fcr Japans Weltraumprogramm: Start neuester Tr\u00e4gerrakete fehlgeschlagen"},{"@type":"BreadcrumbList","@id":"https:\/\/now-news.de\/de\/deutschland\/rueckschlag-fuer-japans-weltraumprogramm-start-neuester-traegerrakete-fehlgeschlagen\/#breadcrumb","itemListElement":[{"@type":"ListItem","position":1,"name":"Home","item":"https:\/\/now-news.de\/de\/"},{"@type":"ListItem","position":2,"name":"R\u00fcckschlag f\u00fcr Japans Weltraumprogramm: Start neuester Tr\u00e4gerrakete fehlgeschlagen"}]},{"@type":"WebSite","@id":"https:\/\/now-news.de\/de\/#website","url":"https:\/\/now-news.de\/de\/","name":"just-now.NEWS Deutschland","description":"Das Portal f\u00fcr unzensierte Nachrichten aus der Welt","publisher":{"@id":"https:\/\/now-news.de\/de\/#organization"},"potentialAction":[{"@type":"SearchAction","target":{"@type":"EntryPoint","urlTemplate":"https:\/\/now-news.de\/de\/?s={search_term_string}"},"query-input":"required name=search_term_string"}],"inLanguage":"de"},{"@type":"Organization","@id":"https:\/\/now-news.de\/de\/#organization","name":"Just Now News","url":"https:\/\/now-news.de\/de\/","logo":{"@type":"ImageObject","inLanguage":"de","@id":"https:\/\/now-news.de\/de\/#\/schema\/logo\/image\/","url":"http:\/\/just-now.news\/de\/wp-content\/uploads\/sites\/3\/2022\/04\/logo500x500.jpg","contentUrl":"http:\/\/just-now.news\/de\/wp-content\/uploads\/sites\/3\/2022\/04\/logo500x500.jpg","width":500,"height":500,"caption":"Just Now News"},"image":{"@id":"https:\/\/now-news.de\/de\/#\/schema\/logo\/image\/"},"sameAs":["https:\/\/www.facebook.com\/wirmachenauf","https:\/\/x.com\/WirMachenAuf_de"]},{"@type":"Person","@id":"https:\/\/now-news.de\/de\/#\/schema\/person\/fb534a4e865501d8b3285208df34a9b5","name":"rtnews","image":{"@type":"ImageObject","inLanguage":"de","@id":"https:\/\/now-news.de\/de\/#\/schema\/person\/image\/","url":"https:\/\/secure.gravatar.com\/avatar\/82aafea7d8127119dd649515f56e2117?s=96&d=mm&r=g","contentUrl":"https:\/\/secure.gravatar.com\/avatar\/82aafea7d8127119dd649515f56e2117?s=96&d=mm&r=g","caption":"rtnews"},"url":"https:\/\/now-news.de\/de\/author\/rnews\/"}]}},"_links":{"self":[{"href":"https:\/\/now-news.de\/de\/wp-json\/wp\/v2\/posts\/30589"}],"collection":[{"href":"https:\/\/now-news.de\/de\/wp-json\/wp\/v2\/posts"}],"about":[{"href":"https:\/\/now-news.de\/de\/wp-json\/wp\/v2\/types\/post"}],"author":[{"embeddable":true,"href":"https:\/\/now-news.de\/de\/wp-json\/wp\/v2\/users\/3"}],"replies":[{"embeddable":true,"href":"https:\/\/now-news.de\/de\/wp-json\/wp\/v2\/comments?post=30589"}],"version-history":[{"count":0,"href":"https:\/\/now-news.de\/de\/wp-json\/wp\/v2\/posts\/30589\/revisions"}],"wp:featuredmedia":[{"embeddable":true,"href":"https:\/\/now-news.de\/de\/wp-json\/wp\/v2\/media\/30590"}],"wp:attachment":[{"href":"https:\/\/now-news.de\/de\/wp-json\/wp\/v2\/media?parent=30589"}],"wp:term":[{"taxonomy":"category","embeddable":true,"href":"https:\/\/now-news.de\/de\/wp-json\/wp\/v2\/categories?post=30589"},{"taxonomy":"post_tag","embeddable":true,"href":"https:\/\/now-news.de\/de\/wp-json\/wp\/v2\/tags?post=30589"}],"curies":[{"name":"wp","href":"https:\/\/api.w.org\/{rel}","templated":true}]}}