{"id":30583,"date":"2023-02-17T10:39:43","date_gmt":"2023-02-17T08:39:43","guid":{"rendered":"https:\/\/just-now.news\/de\/deutschland\/mindestens-fuenf-verletzte-beamte-in-trier-greifen-rund-40-menschen-polizisten-an\/"},"modified":"2023-02-17T10:39:43","modified_gmt":"2023-02-17T08:39:43","slug":"mindestens-fuenf-verletzte-beamte-in-trier-greifen-rund-40-menschen-polizisten-an","status":"publish","type":"post","link":"https:\/\/now-news.de\/de\/deutschland\/mindestens-fuenf-verletzte-beamte-in-trier-greifen-rund-40-menschen-polizisten-an\/","title":{"rendered":"Mindestens f\u00fcnf verletzte Beamte: In Trier greifen rund 40 Menschen Polizisten an"},"content":{"rendered":"<p><img decoding=\"async\" src=\"http:\/\/just-now.news\/de\/wp-content\/uploads\/sites\/3\/2023\/02\/63ef3b8d48fbef3e716e4b8f.jpg\" \/><\/p>\n<div class=\"Text-root Text-type_1 \">\n                In der Nacht zum Freitag gingen rund 40 Menschen in Trier mit Eisenstangen und Glasflaschen auf Polizisten los. Es kam zu dramatischen Szenen, zwischendurch fielen zwei Warnsch\u00fcsse. Mindestens f\u00fcnf Beamte wurden verletzt. Dabei sah es zun\u00e4chst nach einem Routineeinsatz aus.\n            <\/div>\n<p><\/p>\n<div class=\"Text-root Text-type_5 ArticleView-text ViewText-root \">\n<p>Bei einem gewaltt\u00e4tigen Angriff w\u00e4hrend eines Polizei-Einsatzes in Trier sind in der Nacht zu Freitag rund 40 Menschen unter anderem mit Eisenstangen und Glasflaschen auf Polizisten losgegangen. Mindestens f\u00fcnf Beamte seien bei dem Einsatz in der rheinland-pf\u00e4lzischen Stadt verletzt worden, teilte ein Sprecher der Polizei am Morgen mit. Zwei M\u00e4nner im Alter von 42 und 21 Jahren wurden in Gewahrsam genommen, weitere Personen sind fl\u00fcchtig.<\/p>\n<p>Zuvor war die Polizei um kurz nach Mitternacht wegen einer mutma\u00dflichen K\u00f6rperverletzung zu einer Diskothek in Trier-West gerufen worden. Aufgrund der aufgeheizten Stimmung und der gro\u00dfen Zahl alkoholisierter Menschen h\u00e4tten sich mehrere Streifenwagen auf den Weg gemacht. W\u00e4hrend der Aufnahme des Sachverhalts h\u00e4tten einige umstehende Personen angefangen, die Beamten anzugreifen. Diese konnten den Angriff &#8220;mit massiver Kraftanstrengung&#8221; unter dem Einsatz von Pfefferspray abwehren, so die Polizei.<\/p>\n<p>Etwa zur gleichen Zeit h\u00e4tten sich rund 40 Personen zusammengerottet, um die Beamten zu attackieren. &#8220;Mit Eisenstangen, Glasflaschen, Besen und Schaufeln&#8221; seien die Polizisten attackiert worden. Ein Mann habe sogar einen Einkaufswagen in Richtung der Beamten geschleudert. &#8220;F\u00fcr die Einsatzkr\u00e4fte, die zahlenm\u00e4\u00dfig unterlegen waren, entstand so eine lebensgef\u00e4hrliche Situation&#8221;, hei\u00dft es weiter. Erst als ein Beamter zwei Warnsch\u00fcsse in die Luft abgegeben habe, h\u00e4tte sich die Lage beruhigt und die Polizisten konnten die verletzten Kollegen evakuieren.<\/p>\n<p>Der Polizeidirektor Christian Hamm sagte in einer Pressemitteilung am fr\u00fchen Freitagmorgen:<\/p>\n<blockquote>\n<p><em>&#8220;Einen solchen Gewaltausbruch gegen Einsatzkr\u00e4fte habe ich in meiner Zeit als Leiter der Polizeiinspektion Trier noch nicht erlebt.&#8221;<\/em><\/p>\n<\/blockquote>\n<p>Er f\u00fcgte hinzu:<\/p>\n<blockquote>\n<p><em>&#8220;Es hat sich eine Gruppe von Gewaltt\u00e4tern regelrecht zusammengerottet, um die Polizei lediglich aufgrund ihrer Anwesenheit anzugreifen und zu verletzen.&#8221;<\/em><\/p>\n<\/blockquote>\n<p>F\u00fcnf Beamte h\u00e4tten ihren Dienst aufgrund von Verletzungen nicht fortsetzen k\u00f6nnen. Die Polizei ermittelt nun wegen des Verdachts auf K\u00f6rperverletzung, Widerstand gegen Vollstreckungsbeamte, schweren Landfriedensbruchs und versuchter Gefangenenbefreiung.<\/p>\n<p><strong>Mehr zum Thema<\/strong> \u2013 <a rel=\"nofollow noopener\" target=\"_blank\" href=\"https:\/\/de.rt.com\/inland\/163125-amokalarm-im-berliner-jobcenter\/\">Amokalarm im Berliner Jobcenter<\/a><\/p>\n<div class=\"EmbedBlock-root EmbedBlock-externalVideo EmbedBlock-vk\">\n<div class=\"VkEmbed\"><iframe class=\"lazyload\" data-src=\"https:\/\/vk.com\/video_ext.php?oid=-134310637&amp;id=456263783&amp;hash=0d147ecbc8c7ccb1\" frameborder=\"0\" width=\"853\" height=\"480\" allowfullscreen><\/iframe><\/div>\n<\/div>\n<p>(rt\/dpa)<\/p>\n<\/div>\n<p><br \/>\n<br \/><a href=\"https:\/\/de.rt.com\/inland\/163165-mindestens-fuenf-verletzte-beamte-rund-40-menschen-greifen-polizisten-in-trier-an\/\">Source link <\/a><\/p>\n","protected":false},"excerpt":{"rendered":"<p>In der Nacht zum Freitag gingen rund 40 Menschen in Trier mit Eisenstangen und Glasflaschen auf Polizisten los. Es kam zu dramatischen Szenen, zwischendurch fielen zwei Warnsch\u00fcsse. Mindestens f\u00fcnf Beamte wurden verletzt. Dabei sah es zun\u00e4chst nach einem Routineeinsatz aus. Bei einem gewaltt\u00e4tigen Angriff w\u00e4hrend eines Polizei-Einsatzes in Trier sind in der Nacht zu Freitag [&hellip;]<\/p>\n","protected":false},"author":3,"featured_media":30584,"comment_status":"open","ping_status":"open","sticky":false,"template":"","format":"standard","meta":{"_yoast_indexnow_last_ping":["1676623447"],"wp_automatic_camp":["217"],"841f69b7018bfcc75e89965a2305a305":["Mindestens f\u00fcnf verletzte Beamte: In Trier greifen rund 40 Menschen Polizisten an"],"original_link":["https:\/\/de.rt.com\/inland\/163165-mindestens-fuenf-verletzte-beamte-rund-40-menschen-greifen-polizisten-in-trier-an\/"],"_thumbnail_id":["30584"],"jnews_social_counter_last_update":["1777176790"],"_wptgpro_p2tg_sent2tg":["a:1:{i:23737;s:19:\"2023-02-17 10:45:38\";}"]},"categories":[19,23],"tags":[205,4905,9045,1378,3231,5028,18961,40926,1813],"yoast_head":"<!-- This site is optimized with the Yoast SEO Premium plugin v22.7 (Yoast SEO v22.7) - https:\/\/yoast.com\/wordpress\/plugins\/seo\/ -->\n<title>Mindestens f\u00fcnf verletzte Beamte: In Trier greifen rund 40 Menschen Polizisten an - just-now.NEWS Deutschland<\/title>\n<meta name=\"robots\" content=\"index, follow, max-snippet:-1, max-image-preview:large, max-video-preview:-1\" \/>\n<link rel=\"canonical\" href=\"https:\/\/now-news.de\/de\/deutschland\/mindestens-fuenf-verletzte-beamte-in-trier-greifen-rund-40-menschen-polizisten-an\/\" \/>\n<meta property=\"og:locale\" content=\"de_DE\" \/>\n<meta property=\"og:type\" content=\"article\" \/>\n<meta property=\"og:title\" content=\"Mindestens f\u00fcnf verletzte Beamte: In Trier greifen rund 40 Menschen Polizisten an\" \/>\n<meta property=\"og:description\" content=\"In der Nacht zum Freitag gingen rund 40 Menschen in Trier mit Eisenstangen und Glasflaschen auf Polizisten los. Es kam zu dramatischen Szenen, zwischendurch fielen zwei Warnsch\u00fcsse. Mindestens f\u00fcnf Beamte wurden verletzt. Dabei sah es zun\u00e4chst nach einem Routineeinsatz aus. Bei einem gewaltt\u00e4tigen Angriff w\u00e4hrend eines Polizei-Einsatzes in Trier sind in der Nacht zu Freitag [&hellip;]\" \/>\n<meta property=\"og:url\" content=\"https:\/\/now-news.de\/de\/deutschland\/mindestens-fuenf-verletzte-beamte-in-trier-greifen-rund-40-menschen-polizisten-an\/\" \/>\n<meta property=\"og:site_name\" content=\"just-now.NEWS Deutschland\" \/>\n<meta property=\"article:publisher\" content=\"https:\/\/www.facebook.com\/wirmachenauf\" \/>\n<meta property=\"article:published_time\" content=\"2023-02-17T08:39:43+00:00\" \/>\n<meta property=\"og:image\" content=\"https:\/\/now-news.de\/de\/wp-content\/uploads\/sites\/3\/2023\/02\/Mindestens-fuenf-verletzte-Beamte-In-Trier-greifen-rund-40-Menschen.jpg\" \/>\n\t<meta property=\"og:image:width\" content=\"460\" \/>\n\t<meta property=\"og:image:height\" content=\"259\" \/>\n\t<meta property=\"og:image:type\" content=\"image\/jpeg\" \/>\n<meta name=\"author\" content=\"rtnews\" \/>\n<meta name=\"twitter:card\" content=\"summary_large_image\" \/>\n<meta name=\"twitter:creator\" content=\"@WirMachenAuf_de\" \/>\n<meta name=\"twitter:site\" content=\"@WirMachenAuf_de\" \/>\n<meta name=\"twitter:label1\" content=\"Verfasst von\" \/>\n\t<meta name=\"twitter:data1\" content=\"rtnews\" \/>\n\t<meta name=\"twitter:label2\" content=\"Gesch\u00e4tzte Lesezeit\" \/>\n\t<meta name=\"twitter:data2\" content=\"2\u00a0Minuten\" \/>\n<script type=\"application\/ld+json\" class=\"yoast-schema-graph\">{\"@context\":\"https:\/\/schema.org\",\"@graph\":[{\"@type\":\"Article\",\"@id\":\"https:\/\/now-news.de\/de\/deutschland\/mindestens-fuenf-verletzte-beamte-in-trier-greifen-rund-40-menschen-polizisten-an\/#article\",\"isPartOf\":{\"@id\":\"https:\/\/now-news.de\/de\/deutschland\/mindestens-fuenf-verletzte-beamte-in-trier-greifen-rund-40-menschen-polizisten-an\/\"},\"author\":{\"name\":\"rtnews\",\"@id\":\"https:\/\/now-news.de\/de\/#\/schema\/person\/fb534a4e865501d8b3285208df34a9b5\"},\"headline\":\"Mindestens f\u00fcnf verletzte Beamte: In Trier greifen rund 40 Menschen Polizisten an\",\"datePublished\":\"2023-02-17T08:39:43+00:00\",\"dateModified\":\"2023-02-17T08:39:43+00:00\",\"mainEntityOfPage\":{\"@id\":\"https:\/\/now-news.de\/de\/deutschland\/mindestens-fuenf-verletzte-beamte-in-trier-greifen-rund-40-menschen-polizisten-an\/\"},\"wordCount\":377,\"commentCount\":0,\"publisher\":{\"@id\":\"https:\/\/now-news.de\/de\/#organization\"},\"image\":{\"@id\":\"https:\/\/now-news.de\/de\/deutschland\/mindestens-fuenf-verletzte-beamte-in-trier-greifen-rund-40-menschen-polizisten-an\/#primaryimage\"},\"thumbnailUrl\":\"https:\/\/now-news.de\/de\/wp-content\/uploads\/sites\/3\/2023\/02\/Mindestens-fuenf-verletzte-Beamte-In-Trier-greifen-rund-40-Menschen.jpg\",\"keywords\":[\"Beamte\",\"f\u00fcnf\",\"greifen\",\"Menschen\",\"Mindestens\",\"Polizisten\",\"rund\",\"Trier\",\"Verletzte\"],\"articleSection\":[\"Deutschland\",\"Russland\"],\"inLanguage\":\"de\",\"potentialAction\":[{\"@type\":\"CommentAction\",\"name\":\"Comment\",\"target\":[\"https:\/\/now-news.de\/de\/deutschland\/mindestens-fuenf-verletzte-beamte-in-trier-greifen-rund-40-menschen-polizisten-an\/#respond\"]}]},{\"@type\":\"WebPage\",\"@id\":\"https:\/\/now-news.de\/de\/deutschland\/mindestens-fuenf-verletzte-beamte-in-trier-greifen-rund-40-menschen-polizisten-an\/\",\"url\":\"https:\/\/now-news.de\/de\/deutschland\/mindestens-fuenf-verletzte-beamte-in-trier-greifen-rund-40-menschen-polizisten-an\/\",\"name\":\"Mindestens f\u00fcnf verletzte Beamte: In Trier greifen rund 40 Menschen Polizisten an - just-now.NEWS Deutschland\",\"isPartOf\":{\"@id\":\"https:\/\/now-news.de\/de\/#website\"},\"primaryImageOfPage\":{\"@id\":\"https:\/\/now-news.de\/de\/deutschland\/mindestens-fuenf-verletzte-beamte-in-trier-greifen-rund-40-menschen-polizisten-an\/#primaryimage\"},\"image\":{\"@id\":\"https:\/\/now-news.de\/de\/deutschland\/mindestens-fuenf-verletzte-beamte-in-trier-greifen-rund-40-menschen-polizisten-an\/#primaryimage\"},\"thumbnailUrl\":\"https:\/\/now-news.de\/de\/wp-content\/uploads\/sites\/3\/2023\/02\/Mindestens-fuenf-verletzte-Beamte-In-Trier-greifen-rund-40-Menschen.jpg\",\"datePublished\":\"2023-02-17T08:39:43+00:00\",\"dateModified\":\"2023-02-17T08:39:43+00:00\",\"breadcrumb\":{\"@id\":\"https:\/\/now-news.de\/de\/deutschland\/mindestens-fuenf-verletzte-beamte-in-trier-greifen-rund-40-menschen-polizisten-an\/#breadcrumb\"},\"inLanguage\":\"de\",\"potentialAction\":[{\"@type\":\"ReadAction\",\"target\":[\"https:\/\/now-news.de\/de\/deutschland\/mindestens-fuenf-verletzte-beamte-in-trier-greifen-rund-40-menschen-polizisten-an\/\"]}]},{\"@type\":\"ImageObject\",\"inLanguage\":\"de\",\"@id\":\"https:\/\/now-news.de\/de\/deutschland\/mindestens-fuenf-verletzte-beamte-in-trier-greifen-rund-40-menschen-polizisten-an\/#primaryimage\",\"url\":\"https:\/\/now-news.de\/de\/wp-content\/uploads\/sites\/3\/2023\/02\/Mindestens-fuenf-verletzte-Beamte-In-Trier-greifen-rund-40-Menschen.jpg\",\"contentUrl\":\"https:\/\/now-news.de\/de\/wp-content\/uploads\/sites\/3\/2023\/02\/Mindestens-fuenf-verletzte-Beamte-In-Trier-greifen-rund-40-Menschen.jpg\",\"width\":460,\"height\":259,\"caption\":\"Mindestens f\u00fcnf verletzte Beamte: In Trier greifen rund 40 Menschen Polizisten an\"},{\"@type\":\"BreadcrumbList\",\"@id\":\"https:\/\/now-news.de\/de\/deutschland\/mindestens-fuenf-verletzte-beamte-in-trier-greifen-rund-40-menschen-polizisten-an\/#breadcrumb\",\"itemListElement\":[{\"@type\":\"ListItem\",\"position\":1,\"name\":\"Home\",\"item\":\"https:\/\/now-news.de\/de\/\"},{\"@type\":\"ListItem\",\"position\":2,\"name\":\"Mindestens f\u00fcnf verletzte Beamte: In Trier greifen rund 40 Menschen Polizisten an\"}]},{\"@type\":\"WebSite\",\"@id\":\"https:\/\/now-news.de\/de\/#website\",\"url\":\"https:\/\/now-news.de\/de\/\",\"name\":\"just-now.NEWS Deutschland\",\"description\":\"Das Portal f\u00fcr unzensierte Nachrichten aus der Welt\",\"publisher\":{\"@id\":\"https:\/\/now-news.de\/de\/#organization\"},\"potentialAction\":[{\"@type\":\"SearchAction\",\"target\":{\"@type\":\"EntryPoint\",\"urlTemplate\":\"https:\/\/now-news.de\/de\/?s={search_term_string}\"},\"query-input\":\"required name=search_term_string\"}],\"inLanguage\":\"de\"},{\"@type\":\"Organization\",\"@id\":\"https:\/\/now-news.de\/de\/#organization\",\"name\":\"Just Now News\",\"url\":\"https:\/\/now-news.de\/de\/\",\"logo\":{\"@type\":\"ImageObject\",\"inLanguage\":\"de\",\"@id\":\"https:\/\/now-news.de\/de\/#\/schema\/logo\/image\/\",\"url\":\"http:\/\/just-now.news\/de\/wp-content\/uploads\/sites\/3\/2022\/04\/logo500x500.jpg\",\"contentUrl\":\"http:\/\/just-now.news\/de\/wp-content\/uploads\/sites\/3\/2022\/04\/logo500x500.jpg\",\"width\":500,\"height\":500,\"caption\":\"Just Now News\"},\"image\":{\"@id\":\"https:\/\/now-news.de\/de\/#\/schema\/logo\/image\/\"},\"sameAs\":[\"https:\/\/www.facebook.com\/wirmachenauf\",\"https:\/\/x.com\/WirMachenAuf_de\"]},{\"@type\":\"Person\",\"@id\":\"https:\/\/now-news.de\/de\/#\/schema\/person\/fb534a4e865501d8b3285208df34a9b5\",\"name\":\"rtnews\",\"image\":{\"@type\":\"ImageObject\",\"inLanguage\":\"de\",\"@id\":\"https:\/\/now-news.de\/de\/#\/schema\/person\/image\/\",\"url\":\"https:\/\/secure.gravatar.com\/avatar\/82aafea7d8127119dd649515f56e2117?s=96&d=mm&r=g\",\"contentUrl\":\"https:\/\/secure.gravatar.com\/avatar\/82aafea7d8127119dd649515f56e2117?s=96&d=mm&r=g\",\"caption\":\"rtnews\"},\"url\":\"https:\/\/now-news.de\/de\/author\/rnews\/\"}]}<\/script>\n<!-- \/ Yoast SEO Premium plugin. -->","yoast_head_json":{"title":"Mindestens f\u00fcnf verletzte Beamte: In Trier greifen rund 40 Menschen Polizisten an - just-now.NEWS Deutschland","robots":{"index":"index","follow":"follow","max-snippet":"max-snippet:-1","max-image-preview":"max-image-preview:large","max-video-preview":"max-video-preview:-1"},"canonical":"https:\/\/now-news.de\/de\/deutschland\/mindestens-fuenf-verletzte-beamte-in-trier-greifen-rund-40-menschen-polizisten-an\/","og_locale":"de_DE","og_type":"article","og_title":"Mindestens f\u00fcnf verletzte Beamte: In Trier greifen rund 40 Menschen Polizisten an","og_description":"In der Nacht zum Freitag gingen rund 40 Menschen in Trier mit Eisenstangen und Glasflaschen auf Polizisten los. Es kam zu dramatischen Szenen, zwischendurch fielen zwei Warnsch\u00fcsse. Mindestens f\u00fcnf Beamte wurden verletzt. Dabei sah es zun\u00e4chst nach einem Routineeinsatz aus. Bei einem gewaltt\u00e4tigen Angriff w\u00e4hrend eines Polizei-Einsatzes in Trier sind in der Nacht zu Freitag [&hellip;]","og_url":"https:\/\/now-news.de\/de\/deutschland\/mindestens-fuenf-verletzte-beamte-in-trier-greifen-rund-40-menschen-polizisten-an\/","og_site_name":"just-now.NEWS Deutschland","article_publisher":"https:\/\/www.facebook.com\/wirmachenauf","article_published_time":"2023-02-17T08:39:43+00:00","og_image":[{"width":460,"height":259,"url":"https:\/\/now-news.de\/de\/wp-content\/uploads\/sites\/3\/2023\/02\/Mindestens-fuenf-verletzte-Beamte-In-Trier-greifen-rund-40-Menschen.jpg","type":"image\/jpeg"}],"author":"rtnews","twitter_card":"summary_large_image","twitter_creator":"@WirMachenAuf_de","twitter_site":"@WirMachenAuf_de","twitter_misc":{"Verfasst von":"rtnews","Gesch\u00e4tzte Lesezeit":"2\u00a0Minuten"},"schema":{"@context":"https:\/\/schema.org","@graph":[{"@type":"Article","@id":"https:\/\/now-news.de\/de\/deutschland\/mindestens-fuenf-verletzte-beamte-in-trier-greifen-rund-40-menschen-polizisten-an\/#article","isPartOf":{"@id":"https:\/\/now-news.de\/de\/deutschland\/mindestens-fuenf-verletzte-beamte-in-trier-greifen-rund-40-menschen-polizisten-an\/"},"author":{"name":"rtnews","@id":"https:\/\/now-news.de\/de\/#\/schema\/person\/fb534a4e865501d8b3285208df34a9b5"},"headline":"Mindestens f\u00fcnf verletzte Beamte: In Trier greifen rund 40 Menschen Polizisten an","datePublished":"2023-02-17T08:39:43+00:00","dateModified":"2023-02-17T08:39:43+00:00","mainEntityOfPage":{"@id":"https:\/\/now-news.de\/de\/deutschland\/mindestens-fuenf-verletzte-beamte-in-trier-greifen-rund-40-menschen-polizisten-an\/"},"wordCount":377,"commentCount":0,"publisher":{"@id":"https:\/\/now-news.de\/de\/#organization"},"image":{"@id":"https:\/\/now-news.de\/de\/deutschland\/mindestens-fuenf-verletzte-beamte-in-trier-greifen-rund-40-menschen-polizisten-an\/#primaryimage"},"thumbnailUrl":"https:\/\/now-news.de\/de\/wp-content\/uploads\/sites\/3\/2023\/02\/Mindestens-fuenf-verletzte-Beamte-In-Trier-greifen-rund-40-Menschen.jpg","keywords":["Beamte","f\u00fcnf","greifen","Menschen","Mindestens","Polizisten","rund","Trier","Verletzte"],"articleSection":["Deutschland","Russland"],"inLanguage":"de","potentialAction":[{"@type":"CommentAction","name":"Comment","target":["https:\/\/now-news.de\/de\/deutschland\/mindestens-fuenf-verletzte-beamte-in-trier-greifen-rund-40-menschen-polizisten-an\/#respond"]}]},{"@type":"WebPage","@id":"https:\/\/now-news.de\/de\/deutschland\/mindestens-fuenf-verletzte-beamte-in-trier-greifen-rund-40-menschen-polizisten-an\/","url":"https:\/\/now-news.de\/de\/deutschland\/mindestens-fuenf-verletzte-beamte-in-trier-greifen-rund-40-menschen-polizisten-an\/","name":"Mindestens f\u00fcnf verletzte Beamte: In Trier greifen rund 40 Menschen Polizisten an - just-now.NEWS Deutschland","isPartOf":{"@id":"https:\/\/now-news.de\/de\/#website"},"primaryImageOfPage":{"@id":"https:\/\/now-news.de\/de\/deutschland\/mindestens-fuenf-verletzte-beamte-in-trier-greifen-rund-40-menschen-polizisten-an\/#primaryimage"},"image":{"@id":"https:\/\/now-news.de\/de\/deutschland\/mindestens-fuenf-verletzte-beamte-in-trier-greifen-rund-40-menschen-polizisten-an\/#primaryimage"},"thumbnailUrl":"https:\/\/now-news.de\/de\/wp-content\/uploads\/sites\/3\/2023\/02\/Mindestens-fuenf-verletzte-Beamte-In-Trier-greifen-rund-40-Menschen.jpg","datePublished":"2023-02-17T08:39:43+00:00","dateModified":"2023-02-17T08:39:43+00:00","breadcrumb":{"@id":"https:\/\/now-news.de\/de\/deutschland\/mindestens-fuenf-verletzte-beamte-in-trier-greifen-rund-40-menschen-polizisten-an\/#breadcrumb"},"inLanguage":"de","potentialAction":[{"@type":"ReadAction","target":["https:\/\/now-news.de\/de\/deutschland\/mindestens-fuenf-verletzte-beamte-in-trier-greifen-rund-40-menschen-polizisten-an\/"]}]},{"@type":"ImageObject","inLanguage":"de","@id":"https:\/\/now-news.de\/de\/deutschland\/mindestens-fuenf-verletzte-beamte-in-trier-greifen-rund-40-menschen-polizisten-an\/#primaryimage","url":"https:\/\/now-news.de\/de\/wp-content\/uploads\/sites\/3\/2023\/02\/Mindestens-fuenf-verletzte-Beamte-In-Trier-greifen-rund-40-Menschen.jpg","contentUrl":"https:\/\/now-news.de\/de\/wp-content\/uploads\/sites\/3\/2023\/02\/Mindestens-fuenf-verletzte-Beamte-In-Trier-greifen-rund-40-Menschen.jpg","width":460,"height":259,"caption":"Mindestens f\u00fcnf verletzte Beamte: In Trier greifen rund 40 Menschen Polizisten an"},{"@type":"BreadcrumbList","@id":"https:\/\/now-news.de\/de\/deutschland\/mindestens-fuenf-verletzte-beamte-in-trier-greifen-rund-40-menschen-polizisten-an\/#breadcrumb","itemListElement":[{"@type":"ListItem","position":1,"name":"Home","item":"https:\/\/now-news.de\/de\/"},{"@type":"ListItem","position":2,"name":"Mindestens f\u00fcnf verletzte Beamte: In Trier greifen rund 40 Menschen Polizisten an"}]},{"@type":"WebSite","@id":"https:\/\/now-news.de\/de\/#website","url":"https:\/\/now-news.de\/de\/","name":"just-now.NEWS Deutschland","description":"Das Portal f\u00fcr unzensierte Nachrichten aus der Welt","publisher":{"@id":"https:\/\/now-news.de\/de\/#organization"},"potentialAction":[{"@type":"SearchAction","target":{"@type":"EntryPoint","urlTemplate":"https:\/\/now-news.de\/de\/?s={search_term_string}"},"query-input":"required name=search_term_string"}],"inLanguage":"de"},{"@type":"Organization","@id":"https:\/\/now-news.de\/de\/#organization","name":"Just Now News","url":"https:\/\/now-news.de\/de\/","logo":{"@type":"ImageObject","inLanguage":"de","@id":"https:\/\/now-news.de\/de\/#\/schema\/logo\/image\/","url":"http:\/\/just-now.news\/de\/wp-content\/uploads\/sites\/3\/2022\/04\/logo500x500.jpg","contentUrl":"http:\/\/just-now.news\/de\/wp-content\/uploads\/sites\/3\/2022\/04\/logo500x500.jpg","width":500,"height":500,"caption":"Just Now News"},"image":{"@id":"https:\/\/now-news.de\/de\/#\/schema\/logo\/image\/"},"sameAs":["https:\/\/www.facebook.com\/wirmachenauf","https:\/\/x.com\/WirMachenAuf_de"]},{"@type":"Person","@id":"https:\/\/now-news.de\/de\/#\/schema\/person\/fb534a4e865501d8b3285208df34a9b5","name":"rtnews","image":{"@type":"ImageObject","inLanguage":"de","@id":"https:\/\/now-news.de\/de\/#\/schema\/person\/image\/","url":"https:\/\/secure.gravatar.com\/avatar\/82aafea7d8127119dd649515f56e2117?s=96&d=mm&r=g","contentUrl":"https:\/\/secure.gravatar.com\/avatar\/82aafea7d8127119dd649515f56e2117?s=96&d=mm&r=g","caption":"rtnews"},"url":"https:\/\/now-news.de\/de\/author\/rnews\/"}]}},"_links":{"self":[{"href":"https:\/\/now-news.de\/de\/wp-json\/wp\/v2\/posts\/30583"}],"collection":[{"href":"https:\/\/now-news.de\/de\/wp-json\/wp\/v2\/posts"}],"about":[{"href":"https:\/\/now-news.de\/de\/wp-json\/wp\/v2\/types\/post"}],"author":[{"embeddable":true,"href":"https:\/\/now-news.de\/de\/wp-json\/wp\/v2\/users\/3"}],"replies":[{"embeddable":true,"href":"https:\/\/now-news.de\/de\/wp-json\/wp\/v2\/comments?post=30583"}],"version-history":[{"count":0,"href":"https:\/\/now-news.de\/de\/wp-json\/wp\/v2\/posts\/30583\/revisions"}],"wp:featuredmedia":[{"embeddable":true,"href":"https:\/\/now-news.de\/de\/wp-json\/wp\/v2\/media\/30584"}],"wp:attachment":[{"href":"https:\/\/now-news.de\/de\/wp-json\/wp\/v2\/media?parent=30583"}],"wp:term":[{"taxonomy":"category","embeddable":true,"href":"https:\/\/now-news.de\/de\/wp-json\/wp\/v2\/categories?post=30583"},{"taxonomy":"post_tag","embeddable":true,"href":"https:\/\/now-news.de\/de\/wp-json\/wp\/v2\/tags?post=30583"}],"curies":[{"name":"wp","href":"https:\/\/api.w.org\/{rel}","templated":true}]}}