{"id":30574,"date":"2023-02-17T00:00:00","date_gmt":"2023-02-16T22:00:00","guid":{"rendered":"https:\/\/just-now.news\/de\/deutschland\/nato-kuendigt-neues-weltraumprojekt-an\/"},"modified":"2023-02-17T00:00:00","modified_gmt":"2023-02-16T22:00:00","slug":"nato-kuendigt-neues-weltraumprojekt-an","status":"publish","type":"post","link":"https:\/\/now-news.de\/de\/deutschland\/nato-kuendigt-neues-weltraumprojekt-an\/","title":{"rendered":"NATO k\u00fcndigt neues Weltraumprojekt an"},"content":{"rendered":"<p><img decoding=\"async\" src=\"http:\/\/just-now.news\/de\/wp-content\/uploads\/sites\/3\/2023\/02\/63ee3a7ab480cc780543443e.jpg\" \/><\/p>\n<div class=\"Text-root Text-type_1 \">\n                Am Mittwoch haben 16 NATO-Mitgliedstaaten gemeinsam mit Finnland und Schweden ein neues Weltraumprojekt angek\u00fcndigt, das die Schaffung einer Flotte von Spionagesatelliten sowie die weitere Militarisierung des Weltraums zum Ziel hat. Dabei sollen staatliche sowie kommerzielle Mittel genutzt werden.\n            <\/div>\n<p><\/p>\n<div class=\"Text-root Text-type_5 ArticleView-text ViewText-root \">\n<p>Am Mittwoch haben 16 NATO-Mitgliedsstaaten gemeinsam mit Finnland und Schweden ein neues Weltraumprojekt mit der Bezeichnung &#8220;Alliance Persistent Surveillance from Space&#8221; (APSS) angek\u00fcndigt.\u00a0In einer auf der NATO-Website ver\u00f6ffentlichten <a rel=\"nofollow noopener\" target=\"_blank\" href=\"https:\/\/www.nato.int\/cps\/en\/natohq\/news_211793.htm\">Erkl\u00e4rung<\/a> hei\u00dft es, das Projekt werde dazu beitragen, die Datenerfassung, den Datenaustausch und die Datenanalyse zwischen den NATO-Mitgliedern und der NATO-Kommandostruktur zu optimieren.<\/p>\n<p>Schweden und Finnland hatten sich im Mai 2022 um die NATO-Mitgliedschaft beworben, ihre Antr\u00e4ge m\u00fcssen jedoch noch von Ungarn und der T\u00fcrkei genehmigt werden. Obwohl sie noch nicht formell in den Milit\u00e4rblock aufgenommen wurden, beteiligen sich Stockholm und Helsinki bereits an gemeinsamen Projekten mit der NATO.<\/p>\n<p>Die APSS wird die Schaffung einer &#8220;Konstellation&#8221; mit dem Namen &#8220;Aquila&#8221; aus staatlichen und kommerziellen Satelliten zur Folge haben. Es wird erwartet, dass dieses Projekt &#8220;die Aufkl\u00e4rung und \u00dcberwachung der NATO erheblich verbessern&#8221; sowie &#8220;die milit\u00e4rischen Missionen und Operationen der NATO wesentlich unterst\u00fctzen&#8221; wird.<\/p>\n<p>Dabei wurde in der <a rel=\"nofollow noopener\" target=\"_blank\" href=\"https:\/\/www.nato.int\/nato_static_fl2014\/assets\/pdf\/2023\/2\/pdf\/230215-factsheet-apss.pdf\">Erkl\u00e4rung<\/a> unterstrichen, dass der andauernde Krieg in der Ukraine die wachsende Abh\u00e4ngigkeit der Nachrichtendienste von weltraumgest\u00fctzten Daten und Ressourcen weiter verdeutlicht habe.\u00a0Als weiteren Grund f\u00fcr die Schaffung der Konstellation der Spionagesatelliten nannte die NATO den Wettbewerb mit &#8220;potenziellen Gegnern&#8221;, der\u00a0ihren &#8220;Zugang und Freiheit, im Weltraum zu operieren, einschr\u00e4nken, Weltraumf\u00e4higkeiten beeintr\u00e4chtigen, zivile und milit\u00e4rische Infrastruktur angreifen, die Verteidigung beeintr\u00e4chtigen und die Sicherheit gef\u00e4hrden kann&#8221;.<\/p>\n<p>Der Milit\u00e4rblock erkl\u00e4rte, dass die APSS Teil der im Jahr 2019 verabschiedeten \u00fcbergreifenden Weltraumpolitik der NATO ist. Bei einem Treffen in London im selben Jahr hatten die Mitgliedsstaaten den Weltraum zum f\u00fcnften operativen Bereich neben dem Luft-, Land-, See- und Cyberraum erkl\u00e4rt.<\/p>\n<p><strong>Mehr zum Thema<\/strong> &#8211; <a rel=\"nofollow noopener\" target=\"_blank\" href=\"https:\/\/de.rt.com\/nordamerika\/132258-vision-2031-usa-deutschland-frankreich\/\">&#8220;Vision 2031&#8221;: USA, Deutschland, Frankreich und vier weitere Nationen planen Super-&#8220;Space Force&#8221;<\/a><\/p>\n<\/div>\n<p><br \/>\n<br \/><a href=\"https:\/\/de.rt.com\/international\/163108-nato-kuendigt-neues-weltraumprojekt-an\/\">Source link <\/a><\/p>\n","protected":false},"excerpt":{"rendered":"<p>Am Mittwoch haben 16 NATO-Mitgliedstaaten gemeinsam mit Finnland und Schweden ein neues Weltraumprojekt angek\u00fcndigt, das die Schaffung einer Flotte von Spionagesatelliten sowie die weitere Militarisierung des Weltraums zum Ziel hat. Dabei sollen staatliche sowie kommerzielle Mittel genutzt werden. Am Mittwoch haben 16 NATO-Mitgliedsstaaten gemeinsam mit Finnland und Schweden ein neues Weltraumprojekt mit der Bezeichnung &#8220;Alliance [&hellip;]<\/p>\n","protected":false},"author":3,"featured_media":30575,"comment_status":"open","ping_status":"open","sticky":false,"template":"","format":"standard","meta":{"_yoast_indexnow_last_ping":["1676614809"],"wp_automatic_camp":["217"],"f8c5630f185ab1be133d3b8f806a3d4b":["NATO k\u00fcndigt neues Weltraumprojekt an"],"original_link":["https:\/\/de.rt.com\/international\/163108-nato-kuendigt-neues-weltraumprojekt-an\/"],"_thumbnail_id":["30575"],"jnews_social_counter_last_update":["1777589115"],"_wptgpro_p2tg_sent2tg":["a:1:{i:23737;s:19:\"2023-02-17 08:21:45\";}"]},"categories":[19,23],"tags":[4224,2697,5324,40925],"yoast_head":"<!-- This site is optimized with the Yoast SEO Premium plugin v22.7 (Yoast SEO v22.7) - https:\/\/yoast.com\/wordpress\/plugins\/seo\/ -->\n<title>NATO k\u00fcndigt neues Weltraumprojekt an - just-now.NEWS Deutschland<\/title>\n<meta name=\"robots\" content=\"index, follow, max-snippet:-1, max-image-preview:large, max-video-preview:-1\" \/>\n<link rel=\"canonical\" href=\"https:\/\/now-news.de\/de\/deutschland\/nato-kuendigt-neues-weltraumprojekt-an\/\" \/>\n<meta property=\"og:locale\" content=\"de_DE\" \/>\n<meta property=\"og:type\" content=\"article\" \/>\n<meta property=\"og:title\" content=\"NATO k\u00fcndigt neues Weltraumprojekt an\" \/>\n<meta property=\"og:description\" content=\"Am Mittwoch haben 16 NATO-Mitgliedstaaten gemeinsam mit Finnland und Schweden ein neues Weltraumprojekt angek\u00fcndigt, das die Schaffung einer Flotte von Spionagesatelliten sowie die weitere Militarisierung des Weltraums zum Ziel hat. Dabei sollen staatliche sowie kommerzielle Mittel genutzt werden. Am Mittwoch haben 16 NATO-Mitgliedsstaaten gemeinsam mit Finnland und Schweden ein neues Weltraumprojekt mit der Bezeichnung &#8220;Alliance [&hellip;]\" \/>\n<meta property=\"og:url\" content=\"https:\/\/now-news.de\/de\/deutschland\/nato-kuendigt-neues-weltraumprojekt-an\/\" \/>\n<meta property=\"og:site_name\" content=\"just-now.NEWS Deutschland\" \/>\n<meta property=\"article:publisher\" content=\"https:\/\/www.facebook.com\/wirmachenauf\" \/>\n<meta property=\"article:published_time\" content=\"2023-02-16T22:00:00+00:00\" \/>\n<meta property=\"og:image\" content=\"https:\/\/now-news.de\/de\/wp-content\/uploads\/sites\/3\/2023\/02\/NATO-kuendigt-neues-Weltraumprojekt-an.jpg\" \/>\n\t<meta property=\"og:image:width\" content=\"460\" \/>\n\t<meta property=\"og:image:height\" content=\"259\" \/>\n\t<meta property=\"og:image:type\" content=\"image\/jpeg\" \/>\n<meta name=\"author\" content=\"rtnews\" \/>\n<meta name=\"twitter:card\" content=\"summary_large_image\" \/>\n<meta name=\"twitter:creator\" content=\"@WirMachenAuf_de\" \/>\n<meta name=\"twitter:site\" content=\"@WirMachenAuf_de\" \/>\n<meta name=\"twitter:label1\" content=\"Verfasst von\" \/>\n\t<meta name=\"twitter:data1\" content=\"rtnews\" \/>\n\t<meta name=\"twitter:label2\" content=\"Gesch\u00e4tzte Lesezeit\" \/>\n\t<meta name=\"twitter:data2\" content=\"2\u00a0Minuten\" \/>\n<script type=\"application\/ld+json\" class=\"yoast-schema-graph\">{\"@context\":\"https:\/\/schema.org\",\"@graph\":[{\"@type\":\"Article\",\"@id\":\"https:\/\/now-news.de\/de\/deutschland\/nato-kuendigt-neues-weltraumprojekt-an\/#article\",\"isPartOf\":{\"@id\":\"https:\/\/now-news.de\/de\/deutschland\/nato-kuendigt-neues-weltraumprojekt-an\/\"},\"author\":{\"name\":\"rtnews\",\"@id\":\"https:\/\/now-news.de\/de\/#\/schema\/person\/fb534a4e865501d8b3285208df34a9b5\"},\"headline\":\"NATO k\u00fcndigt neues Weltraumprojekt an\",\"datePublished\":\"2023-02-16T22:00:00+00:00\",\"dateModified\":\"2023-02-16T22:00:00+00:00\",\"mainEntityOfPage\":{\"@id\":\"https:\/\/now-news.de\/de\/deutschland\/nato-kuendigt-neues-weltraumprojekt-an\/\"},\"wordCount\":338,\"commentCount\":0,\"publisher\":{\"@id\":\"https:\/\/now-news.de\/de\/#organization\"},\"image\":{\"@id\":\"https:\/\/now-news.de\/de\/deutschland\/nato-kuendigt-neues-weltraumprojekt-an\/#primaryimage\"},\"thumbnailUrl\":\"https:\/\/now-news.de\/de\/wp-content\/uploads\/sites\/3\/2023\/02\/NATO-kuendigt-neues-Weltraumprojekt-an.jpg\",\"keywords\":[\"k\u00fcndigt\",\"nato\",\"neues\",\"Weltraumprojekt\"],\"articleSection\":[\"Deutschland\",\"Russland\"],\"inLanguage\":\"de\",\"potentialAction\":[{\"@type\":\"CommentAction\",\"name\":\"Comment\",\"target\":[\"https:\/\/now-news.de\/de\/deutschland\/nato-kuendigt-neues-weltraumprojekt-an\/#respond\"]}]},{\"@type\":\"WebPage\",\"@id\":\"https:\/\/now-news.de\/de\/deutschland\/nato-kuendigt-neues-weltraumprojekt-an\/\",\"url\":\"https:\/\/now-news.de\/de\/deutschland\/nato-kuendigt-neues-weltraumprojekt-an\/\",\"name\":\"NATO k\u00fcndigt neues Weltraumprojekt an - just-now.NEWS Deutschland\",\"isPartOf\":{\"@id\":\"https:\/\/now-news.de\/de\/#website\"},\"primaryImageOfPage\":{\"@id\":\"https:\/\/now-news.de\/de\/deutschland\/nato-kuendigt-neues-weltraumprojekt-an\/#primaryimage\"},\"image\":{\"@id\":\"https:\/\/now-news.de\/de\/deutschland\/nato-kuendigt-neues-weltraumprojekt-an\/#primaryimage\"},\"thumbnailUrl\":\"https:\/\/now-news.de\/de\/wp-content\/uploads\/sites\/3\/2023\/02\/NATO-kuendigt-neues-Weltraumprojekt-an.jpg\",\"datePublished\":\"2023-02-16T22:00:00+00:00\",\"dateModified\":\"2023-02-16T22:00:00+00:00\",\"breadcrumb\":{\"@id\":\"https:\/\/now-news.de\/de\/deutschland\/nato-kuendigt-neues-weltraumprojekt-an\/#breadcrumb\"},\"inLanguage\":\"de\",\"potentialAction\":[{\"@type\":\"ReadAction\",\"target\":[\"https:\/\/now-news.de\/de\/deutschland\/nato-kuendigt-neues-weltraumprojekt-an\/\"]}]},{\"@type\":\"ImageObject\",\"inLanguage\":\"de\",\"@id\":\"https:\/\/now-news.de\/de\/deutschland\/nato-kuendigt-neues-weltraumprojekt-an\/#primaryimage\",\"url\":\"https:\/\/now-news.de\/de\/wp-content\/uploads\/sites\/3\/2023\/02\/NATO-kuendigt-neues-Weltraumprojekt-an.jpg\",\"contentUrl\":\"https:\/\/now-news.de\/de\/wp-content\/uploads\/sites\/3\/2023\/02\/NATO-kuendigt-neues-Weltraumprojekt-an.jpg\",\"width\":460,\"height\":259,\"caption\":\"NATO k\u00fcndigt neues Weltraumprojekt an\"},{\"@type\":\"BreadcrumbList\",\"@id\":\"https:\/\/now-news.de\/de\/deutschland\/nato-kuendigt-neues-weltraumprojekt-an\/#breadcrumb\",\"itemListElement\":[{\"@type\":\"ListItem\",\"position\":1,\"name\":\"Home\",\"item\":\"https:\/\/now-news.de\/de\/\"},{\"@type\":\"ListItem\",\"position\":2,\"name\":\"NATO k\u00fcndigt neues Weltraumprojekt an\"}]},{\"@type\":\"WebSite\",\"@id\":\"https:\/\/now-news.de\/de\/#website\",\"url\":\"https:\/\/now-news.de\/de\/\",\"name\":\"just-now.NEWS Deutschland\",\"description\":\"Das Portal f\u00fcr unzensierte Nachrichten aus der Welt\",\"publisher\":{\"@id\":\"https:\/\/now-news.de\/de\/#organization\"},\"potentialAction\":[{\"@type\":\"SearchAction\",\"target\":{\"@type\":\"EntryPoint\",\"urlTemplate\":\"https:\/\/now-news.de\/de\/?s={search_term_string}\"},\"query-input\":\"required name=search_term_string\"}],\"inLanguage\":\"de\"},{\"@type\":\"Organization\",\"@id\":\"https:\/\/now-news.de\/de\/#organization\",\"name\":\"Just Now News\",\"url\":\"https:\/\/now-news.de\/de\/\",\"logo\":{\"@type\":\"ImageObject\",\"inLanguage\":\"de\",\"@id\":\"https:\/\/now-news.de\/de\/#\/schema\/logo\/image\/\",\"url\":\"http:\/\/just-now.news\/de\/wp-content\/uploads\/sites\/3\/2022\/04\/logo500x500.jpg\",\"contentUrl\":\"http:\/\/just-now.news\/de\/wp-content\/uploads\/sites\/3\/2022\/04\/logo500x500.jpg\",\"width\":500,\"height\":500,\"caption\":\"Just Now News\"},\"image\":{\"@id\":\"https:\/\/now-news.de\/de\/#\/schema\/logo\/image\/\"},\"sameAs\":[\"https:\/\/www.facebook.com\/wirmachenauf\",\"https:\/\/x.com\/WirMachenAuf_de\"]},{\"@type\":\"Person\",\"@id\":\"https:\/\/now-news.de\/de\/#\/schema\/person\/fb534a4e865501d8b3285208df34a9b5\",\"name\":\"rtnews\",\"image\":{\"@type\":\"ImageObject\",\"inLanguage\":\"de\",\"@id\":\"https:\/\/now-news.de\/de\/#\/schema\/person\/image\/\",\"url\":\"https:\/\/secure.gravatar.com\/avatar\/82aafea7d8127119dd649515f56e2117?s=96&d=mm&r=g\",\"contentUrl\":\"https:\/\/secure.gravatar.com\/avatar\/82aafea7d8127119dd649515f56e2117?s=96&d=mm&r=g\",\"caption\":\"rtnews\"},\"url\":\"https:\/\/now-news.de\/de\/author\/rnews\/\"}]}<\/script>\n<!-- \/ Yoast SEO Premium plugin. -->","yoast_head_json":{"title":"NATO k\u00fcndigt neues Weltraumprojekt an - just-now.NEWS Deutschland","robots":{"index":"index","follow":"follow","max-snippet":"max-snippet:-1","max-image-preview":"max-image-preview:large","max-video-preview":"max-video-preview:-1"},"canonical":"https:\/\/now-news.de\/de\/deutschland\/nato-kuendigt-neues-weltraumprojekt-an\/","og_locale":"de_DE","og_type":"article","og_title":"NATO k\u00fcndigt neues Weltraumprojekt an","og_description":"Am Mittwoch haben 16 NATO-Mitgliedstaaten gemeinsam mit Finnland und Schweden ein neues Weltraumprojekt angek\u00fcndigt, das die Schaffung einer Flotte von Spionagesatelliten sowie die weitere Militarisierung des Weltraums zum Ziel hat. Dabei sollen staatliche sowie kommerzielle Mittel genutzt werden. Am Mittwoch haben 16 NATO-Mitgliedsstaaten gemeinsam mit Finnland und Schweden ein neues Weltraumprojekt mit der Bezeichnung &#8220;Alliance [&hellip;]","og_url":"https:\/\/now-news.de\/de\/deutschland\/nato-kuendigt-neues-weltraumprojekt-an\/","og_site_name":"just-now.NEWS Deutschland","article_publisher":"https:\/\/www.facebook.com\/wirmachenauf","article_published_time":"2023-02-16T22:00:00+00:00","og_image":[{"width":460,"height":259,"url":"https:\/\/now-news.de\/de\/wp-content\/uploads\/sites\/3\/2023\/02\/NATO-kuendigt-neues-Weltraumprojekt-an.jpg","type":"image\/jpeg"}],"author":"rtnews","twitter_card":"summary_large_image","twitter_creator":"@WirMachenAuf_de","twitter_site":"@WirMachenAuf_de","twitter_misc":{"Verfasst von":"rtnews","Gesch\u00e4tzte Lesezeit":"2\u00a0Minuten"},"schema":{"@context":"https:\/\/schema.org","@graph":[{"@type":"Article","@id":"https:\/\/now-news.de\/de\/deutschland\/nato-kuendigt-neues-weltraumprojekt-an\/#article","isPartOf":{"@id":"https:\/\/now-news.de\/de\/deutschland\/nato-kuendigt-neues-weltraumprojekt-an\/"},"author":{"name":"rtnews","@id":"https:\/\/now-news.de\/de\/#\/schema\/person\/fb534a4e865501d8b3285208df34a9b5"},"headline":"NATO k\u00fcndigt neues Weltraumprojekt an","datePublished":"2023-02-16T22:00:00+00:00","dateModified":"2023-02-16T22:00:00+00:00","mainEntityOfPage":{"@id":"https:\/\/now-news.de\/de\/deutschland\/nato-kuendigt-neues-weltraumprojekt-an\/"},"wordCount":338,"commentCount":0,"publisher":{"@id":"https:\/\/now-news.de\/de\/#organization"},"image":{"@id":"https:\/\/now-news.de\/de\/deutschland\/nato-kuendigt-neues-weltraumprojekt-an\/#primaryimage"},"thumbnailUrl":"https:\/\/now-news.de\/de\/wp-content\/uploads\/sites\/3\/2023\/02\/NATO-kuendigt-neues-Weltraumprojekt-an.jpg","keywords":["k\u00fcndigt","nato","neues","Weltraumprojekt"],"articleSection":["Deutschland","Russland"],"inLanguage":"de","potentialAction":[{"@type":"CommentAction","name":"Comment","target":["https:\/\/now-news.de\/de\/deutschland\/nato-kuendigt-neues-weltraumprojekt-an\/#respond"]}]},{"@type":"WebPage","@id":"https:\/\/now-news.de\/de\/deutschland\/nato-kuendigt-neues-weltraumprojekt-an\/","url":"https:\/\/now-news.de\/de\/deutschland\/nato-kuendigt-neues-weltraumprojekt-an\/","name":"NATO k\u00fcndigt neues Weltraumprojekt an - just-now.NEWS Deutschland","isPartOf":{"@id":"https:\/\/now-news.de\/de\/#website"},"primaryImageOfPage":{"@id":"https:\/\/now-news.de\/de\/deutschland\/nato-kuendigt-neues-weltraumprojekt-an\/#primaryimage"},"image":{"@id":"https:\/\/now-news.de\/de\/deutschland\/nato-kuendigt-neues-weltraumprojekt-an\/#primaryimage"},"thumbnailUrl":"https:\/\/now-news.de\/de\/wp-content\/uploads\/sites\/3\/2023\/02\/NATO-kuendigt-neues-Weltraumprojekt-an.jpg","datePublished":"2023-02-16T22:00:00+00:00","dateModified":"2023-02-16T22:00:00+00:00","breadcrumb":{"@id":"https:\/\/now-news.de\/de\/deutschland\/nato-kuendigt-neues-weltraumprojekt-an\/#breadcrumb"},"inLanguage":"de","potentialAction":[{"@type":"ReadAction","target":["https:\/\/now-news.de\/de\/deutschland\/nato-kuendigt-neues-weltraumprojekt-an\/"]}]},{"@type":"ImageObject","inLanguage":"de","@id":"https:\/\/now-news.de\/de\/deutschland\/nato-kuendigt-neues-weltraumprojekt-an\/#primaryimage","url":"https:\/\/now-news.de\/de\/wp-content\/uploads\/sites\/3\/2023\/02\/NATO-kuendigt-neues-Weltraumprojekt-an.jpg","contentUrl":"https:\/\/now-news.de\/de\/wp-content\/uploads\/sites\/3\/2023\/02\/NATO-kuendigt-neues-Weltraumprojekt-an.jpg","width":460,"height":259,"caption":"NATO k\u00fcndigt neues Weltraumprojekt an"},{"@type":"BreadcrumbList","@id":"https:\/\/now-news.de\/de\/deutschland\/nato-kuendigt-neues-weltraumprojekt-an\/#breadcrumb","itemListElement":[{"@type":"ListItem","position":1,"name":"Home","item":"https:\/\/now-news.de\/de\/"},{"@type":"ListItem","position":2,"name":"NATO k\u00fcndigt neues Weltraumprojekt an"}]},{"@type":"WebSite","@id":"https:\/\/now-news.de\/de\/#website","url":"https:\/\/now-news.de\/de\/","name":"just-now.NEWS Deutschland","description":"Das Portal f\u00fcr unzensierte Nachrichten aus der Welt","publisher":{"@id":"https:\/\/now-news.de\/de\/#organization"},"potentialAction":[{"@type":"SearchAction","target":{"@type":"EntryPoint","urlTemplate":"https:\/\/now-news.de\/de\/?s={search_term_string}"},"query-input":"required name=search_term_string"}],"inLanguage":"de"},{"@type":"Organization","@id":"https:\/\/now-news.de\/de\/#organization","name":"Just Now News","url":"https:\/\/now-news.de\/de\/","logo":{"@type":"ImageObject","inLanguage":"de","@id":"https:\/\/now-news.de\/de\/#\/schema\/logo\/image\/","url":"http:\/\/just-now.news\/de\/wp-content\/uploads\/sites\/3\/2022\/04\/logo500x500.jpg","contentUrl":"http:\/\/just-now.news\/de\/wp-content\/uploads\/sites\/3\/2022\/04\/logo500x500.jpg","width":500,"height":500,"caption":"Just Now News"},"image":{"@id":"https:\/\/now-news.de\/de\/#\/schema\/logo\/image\/"},"sameAs":["https:\/\/www.facebook.com\/wirmachenauf","https:\/\/x.com\/WirMachenAuf_de"]},{"@type":"Person","@id":"https:\/\/now-news.de\/de\/#\/schema\/person\/fb534a4e865501d8b3285208df34a9b5","name":"rtnews","image":{"@type":"ImageObject","inLanguage":"de","@id":"https:\/\/now-news.de\/de\/#\/schema\/person\/image\/","url":"https:\/\/secure.gravatar.com\/avatar\/82aafea7d8127119dd649515f56e2117?s=96&d=mm&r=g","contentUrl":"https:\/\/secure.gravatar.com\/avatar\/82aafea7d8127119dd649515f56e2117?s=96&d=mm&r=g","caption":"rtnews"},"url":"https:\/\/now-news.de\/de\/author\/rnews\/"}]}},"_links":{"self":[{"href":"https:\/\/now-news.de\/de\/wp-json\/wp\/v2\/posts\/30574"}],"collection":[{"href":"https:\/\/now-news.de\/de\/wp-json\/wp\/v2\/posts"}],"about":[{"href":"https:\/\/now-news.de\/de\/wp-json\/wp\/v2\/types\/post"}],"author":[{"embeddable":true,"href":"https:\/\/now-news.de\/de\/wp-json\/wp\/v2\/users\/3"}],"replies":[{"embeddable":true,"href":"https:\/\/now-news.de\/de\/wp-json\/wp\/v2\/comments?post=30574"}],"version-history":[{"count":0,"href":"https:\/\/now-news.de\/de\/wp-json\/wp\/v2\/posts\/30574\/revisions"}],"wp:featuredmedia":[{"embeddable":true,"href":"https:\/\/now-news.de\/de\/wp-json\/wp\/v2\/media\/30575"}],"wp:attachment":[{"href":"https:\/\/now-news.de\/de\/wp-json\/wp\/v2\/media?parent=30574"}],"wp:term":[{"taxonomy":"category","embeddable":true,"href":"https:\/\/now-news.de\/de\/wp-json\/wp\/v2\/categories?post=30574"},{"taxonomy":"post_tag","embeddable":true,"href":"https:\/\/now-news.de\/de\/wp-json\/wp\/v2\/tags?post=30574"}],"curies":[{"name":"wp","href":"https:\/\/api.w.org\/{rel}","templated":true}]}}