{"id":30542,"date":"2023-02-16T20:53:16","date_gmt":"2023-02-16T18:53:16","guid":{"rendered":"https:\/\/just-now.news\/de\/deutschland\/der-philosoph-juergen-habermas-plaediert-aus-falschen-gruenden-fuer-richtige-verhandlungen\/"},"modified":"2023-02-16T20:53:16","modified_gmt":"2023-02-16T18:53:16","slug":"der-philosoph-juergen-habermas-plaediert-aus-falschen-gruenden-fuer-richtige-verhandlungen","status":"publish","type":"post","link":"https:\/\/now-news.de\/de\/deutschland\/der-philosoph-juergen-habermas-plaediert-aus-falschen-gruenden-fuer-richtige-verhandlungen\/","title":{"rendered":"Der Philosoph J\u00fcrgen Habermas pl\u00e4diert aus falschen Gr\u00fcnden f\u00fcr richtige Verhandlungen"},"content":{"rendered":"<p><img decoding=\"async\" src=\"http:\/\/just-now.news\/de\/wp-content\/uploads\/sites\/3\/2023\/02\/63ee3a59b480cc6b0d2dea12.jpg\" \/><\/p>\n<div class=\"Text-root Text-type_1 \">\n                J\u00fcrgen Habermas pl\u00e4diert f\u00fcr Verhandlungen. In seiner Argumentation wird deutlich, wie wichtig offener Diskurs ist. Durch einen verengten \u00f6ffentlichen Diskurs fehlen relevante Informationen zur Einsch\u00e4tzung. Weil das in Deutschland so ist, argumentiert Habermas an der Sache vorbei.\n            <\/div>\n<p><\/p>\n<div class=\"Text-root Text-type_5 ArticleView-text ViewText-root \">\n<p><em>Von Gert Ewen Ungar<\/em><\/p>\n<p>Der Philosoph und Soziologe J\u00fcrgen Habermas pl\u00e4diert in einem <a rel=\"nofollow noopener\" target=\"_blank\" href=\"https:\/\/www.sueddeutsche.de\/projekte\/artikel\/kultur\/juergen-habermas-ukraine-sz-verhandlungen-e159105\/\">Beitrag<\/a> der <em>S\u00fcddeutschen Zeitung<\/em> f\u00fcr eine Verhandlungsl\u00f6sung zur Beilegung des Ukraine-Konflikts. Er argumentiert \u00fcber die berechtigten Sicherheitsinteressen der B\u00fcrger einerseits und h\u00e4lt dem Krieg das V\u00f6lkerrecht entgegen. Denn<\/p>\n<blockquote>\n<p><em>&#8220;Krieg, und der von Putin vom Zaune gebrochene Krieg erst recht, ist das Symptom eines R\u00fcckfalls hinter den historischen Stand eines zivilisierten Umgangs der M\u00e4chte miteinander.&#8221;<\/em><\/p>\n<\/blockquote>\n<p>Habermas nimmt den Begriff des Zivilisationsbruchs auf. Dabei erstaunt, dass Habermas, der die\u00a0Geduld\u00a0seiner Leser oft bis an die Grenze des Zumutbaren mit Kontextualisierungen und Einordnungen strapaziert, sich hier der Kontextualisierung und eines Blickes auf die Entwicklung des Konflikts v\u00f6llig enth\u00e4lt. Wie f\u00fcr deutsche Medien und deutsche Politik hat der Konflikt auch f\u00fcr die deutsche Philosophie anscheinend keine Vorgeschichte\u00a0\u2012 Putin bricht mit der Zivilisation. Das war&#8217;s.\u00a0\u00a0<\/p>\n<p>Habermas pl\u00e4diert f\u00fcr Verhandlungen, auch wenn der Westen aus &#8220;guten Gr\u00fcnden&#8221; Waffen an die Ukraine liefere. Auch diese &#8220;guten Gr\u00fcnde&#8221; benennt Habermas nicht. Das muss auch so sein, denn diese guten Gr\u00fcnde gibt es schlicht nicht. Es gibt im ethischen Sinne daf\u00fcr nur schlechte.\u00a0<\/p>\n<p>Seine Intention ist, mit Verhandlungen einen langen Krieg zu verhindern und Menschenleben zu sch\u00fctzen. Der l\u00f6bliche Ansatz kommt reichlich sp\u00e4t.\u00a0<\/p>\n<blockquote>\n<p><em>&#8220;Mir geht es um den vorbeugenden Charakter von rechtzeitigen Verhandlungen, die verhindern, dass ein langer Krieg noch mehr Menschenleben und Zerst\u00f6rungen fordert und uns am Ende vor eine ausweglose Wahl stellt: entweder aktiv in den Krieg einzugreifen oder, um nicht den ersten Weltkrieg unter nuklear bewaffneten M\u00e4chten auszul\u00f6sen, die Ukraine ihrem Schicksal zu \u00fcberlassen.&#8221;<\/em><\/p>\n<\/blockquote>\n<p>Diese Forderung ist gleich in mehrerlei Hinsicht erstaunlich, weil\u00a0der Weg hin zum Krieg mit Verhandlungen gepflastert\u00a0war: Verhandlungen zum Assoziierungsabkommen, Verhandlungen im Rahmen des Maidan, Verhandlungen in Minsk, dann Minsk 2, Treffen im Normandie-Format, zuletzt im Dezember 2021 die russische Forderung an die USA und NATO nach Sicherheitsgarantien. Die Entwicklung hin zum Krieg h\u00e4tte zu jedem Zeitpunkt verhindert werden k\u00f6nnen\u00a0\u2012 wenn man denn gewollt h\u00e4tte. Der Verlauf legt nahe: Man wollte nicht. \u00c4u\u00dferungen westlicher Politiker untermauern diese These inzwischen.\u00a0<\/p>\n<p>Die Forderung ist aber noch in anderer Weise erstaunlich, da es unmittelbar nach Ausbruch des Krieges ab Ende Februar bis Ende M\u00e4rz 2022 Verhandlungen zwischen der Ukraine und Russland gab, in denen ein Ergebnis erzielt wurde, das f\u00fcr die Ukraine ausgesprochen g\u00fcnstig war: Russland zieht sich auf die Linie vom 23. Februar zur\u00fcck, die Ukraine tritt nicht der NATO bei und kehrt zu ihrem neutralen Status zur\u00fcck. Diese Vereinbarung lag faktisch unterschriftsreif vor, wurde aber vom Westen hintertrieben.\u00a0<\/p>\n<p>Vor diesem Hintergrund wirkt es uninformiert, wenn Habermas schreibt, der Westen h\u00e4tte deutlich machen sollen, dass &#8220;das erkl\u00e4rte Ziel der Wiederherstellung des status quo ante vom 23. Februar 2022 den sp\u00e4teren Weg zu Verhandlungen&#8221; erleichtern w\u00fcrde.<\/p>\n<p>Der Verlauf zu Beginn des Krieges zeigt deutlich, dass diese Wiederherstellung der Grenzen vom 23. Februar nicht das Anliegen des Westens war. Vielmehr deutet alles darauf hin, dass der Krieg selbst das Ziel aller westlichen Bem\u00fchungen war und ist.\u00a0<\/p>\n<p>Offensichtlich wei\u00df Habermas von diesen Abl\u00e4ufen nichts. Das wirft ein Licht auf den Diskursraum, in dem er sich befindet. Er ist verengt und l\u00e4sst f\u00fcr die Einsch\u00e4tzung der Situation bedeutende Informationen nicht durchdringen. Niemand sollte dar\u00fcber mehr alarmiert sein als Habermas selbst,\u00a0immerhin\u00a0kreist sein Lebenswerk um genau dieses Thema \u2012 den freien, offenen Diskurs als Voraussetzung f\u00fcr eine freie, offene Gesellschaft.\u00a0<\/p>\n<p>Es wirkt verloren und realit\u00e4tsfern, wenn Habermas schreibt:<\/p>\n<blockquote>\n<p><em>&#8220;Schon dieser Gedanke (an Menschenleben und Ressourcen) m\u00fcsste uns nahelegen, auf energische Versuche zu dr\u00e4ngen, Verhandlungen zu beginnen und nach einer Kompromissl\u00f6sung zu suchen, die der russischen Seite keinen \u00fcber die Zeit vor dem Kriegsbeginn hinausreichenden territorialen Gewinn beschert und doch ihr Gesicht zu wahren erlaubt.&#8221;<\/em><\/p>\n<\/blockquote>\n<p>Russland hat das im M\u00e4rz 2022 selbst als L\u00f6sung angeboten. Diese L\u00f6sung wurde zur\u00fcckgewiesen.\u00a0<\/p>\n<p>Habermas&#8217; Forderung nach einer Verhandlungsl\u00f6sung ist argumentativ schwach unterf\u00fcttert. Anl\u00e4sslich der Geschichte dr\u00e4ngt sich zudem die Frage auf, mit wem Russland verhandeln soll. Welche Partei genie\u00dft \u00fcberhaupt noch das Vertrauen Russlands, wer hat sich nach 1990 oder einfach nur nach 2014 f\u00fcr Russland als verl\u00e4sslicher Partner erwiesen? Deutschland und Frankreich scheiden sp\u00e4testens mit ihrem Gest\u00e4ndnis der Instrumentalisierung des Minsk-Prozesses zur Militarisierung der Ukraine als nicht vertrauensw\u00fcrdig aus. Habermas widmet sich dieser zentralen Frage nicht.\u00a0<\/p>\n<p>Immerhin erkennt Habermas, dass die Ukraine aufgrund ihrer Abh\u00e4ngigkeit nicht allein entscheidet. Die USA sollen in Verhandlungen einbezogen sein. Am Ende soll eine neue Sicherheitsarchitektur f\u00fcr Europa stehen. Dabei haben die Zerst\u00f6rung der bestehenden Sicherheitsarchitektur durch die einseitige Aufk\u00fcndigung von R\u00fcstungskontrollvertr\u00e4gen durch die USA und eine immer weitergehende Ausdehnung der NATO nach Osten die Bedingung f\u00fcr die M\u00f6glichkeit des Ukraine-Konflikts erst geschaffen. Habermas ignoriert auch diesen Zusammenhang. Dabei w\u00fcrde dadurch deutlich, dass auch die USA als ernstzunehmender Verhandlungspartner ausfallen.\u00a0<\/p>\n<p>Mit dem Westen ist aktuell keine Verhandlungsl\u00f6sung denkbar. Das bedeutet nicht, dass dieser Konflikt bis zur bedingungslosen Kapitulation der Ukraine gef\u00fchrt werden muss, denn es gibt m\u00f6gliche Verhandlungspartner auf der Suche nach einer diplomatischen L\u00f6sung, die Habermas aufgrund seiner eurozentrischen Sicht nicht erkennen kann,\u00a0schlie\u00dflich\u00a0befinden sie sich alle au\u00dferhalb des westlichen B\u00fcndnisses. Brasilien hat eine Initiative angek\u00fcndigt, China k\u00e4me in Frage. Auch die T\u00fcrkei hat schon viel zu einer m\u00f6glichen diplomatischen L\u00f6sung des Ukraine-Konflikts beigetragen. Indonesien hat sich angeboten. Es gibt die M\u00f6glichkeit f\u00fcr Verhandlungen, nur eben nicht mit dem Westen, denn dort hat sich die Vernunft in all ihren Formen l\u00e4ngst verabschiedet.<\/p>\n<p>Sollte es zu\u00a0Verhandlungen kommen, werden sie dem Westen einen neuen Platz in der globalen Ordnung zuweisen. Sollte es keine Verhandlungen geben, wird es Russland tun.<\/p>\n<p><strong>Mehr zum Thema<\/strong>\u00a0\u2013\u00a0<a rel=\"nofollow noopener\" target=\"_blank\" href=\"https:\/\/fromrussiawithlove.rtde.live\/meinung\/163067-russlands-neue-aussenpolitische-doktrin-abloesung-westliche-hegemonie\/\">Russlands neue au\u00dfenpolitische Doktrin: Machtmonopol des Westens aufbrechen<\/a><\/p>\n<\/p>\n<\/div>\n<p><br \/>\n<br \/><a href=\"https:\/\/de.rt.com\/meinung\/163105-philosoph-juergen-habermas-plaediert-aus\/\">Source link <\/a><\/p>\n","protected":false},"excerpt":{"rendered":"<p>J\u00fcrgen Habermas pl\u00e4diert f\u00fcr Verhandlungen. In seiner Argumentation wird deutlich, wie wichtig offener Diskurs ist. Durch einen verengten \u00f6ffentlichen Diskurs fehlen relevante Informationen zur Einsch\u00e4tzung. Weil das in Deutschland so ist, argumentiert Habermas an der Sache vorbei. Von Gert Ewen Ungar Der Philosoph und Soziologe J\u00fcrgen Habermas pl\u00e4diert in einem Beitrag der S\u00fcddeutschen Zeitung f\u00fcr [&hellip;]<\/p>\n","protected":false},"author":3,"featured_media":30543,"comment_status":"open","ping_status":"open","sticky":false,"template":"","format":"standard","meta":{"_yoast_indexnow_last_ping":["1676573813"],"wp_automatic_camp":["217"],"86e477907e009bf42f2c4c3c76dbc085":["Der Philosoph J\u00fcrgen Habermas pl\u00e4diert aus falschen Gr\u00fcnden f\u00fcr richtige Verhandlungen"],"original_link":["https:\/\/de.rt.com\/meinung\/163105-philosoph-juergen-habermas-plaediert-aus\/"],"_thumbnail_id":["30543"],"jnews_social_counter_last_update":["1777610863"],"_wptgpro_p2tg_sent2tg":["a:1:{i:23737;s:19:\"2023-02-16 20:57:57\";}"]},"categories":[19,23],"tags":[679,82,20192,221,25545,40909,36595,5414,24062,3670,9871],"yoast_head":"<!-- This site is optimized with the Yoast SEO Premium plugin v22.7 (Yoast SEO v22.7) - https:\/\/yoast.com\/wordpress\/plugins\/seo\/ -->\n<title>Der Philosoph J\u00fcrgen Habermas pl\u00e4diert aus falschen Gr\u00fcnden f\u00fcr richtige Verhandlungen - just-now.NEWS Deutschland<\/title>\n<meta name=\"robots\" content=\"index, follow, max-snippet:-1, max-image-preview:large, max-video-preview:-1\" \/>\n<link rel=\"canonical\" href=\"https:\/\/now-news.de\/de\/deutschland\/der-philosoph-juergen-habermas-plaediert-aus-falschen-gruenden-fuer-richtige-verhandlungen\/\" \/>\n<meta property=\"og:locale\" content=\"de_DE\" \/>\n<meta property=\"og:type\" content=\"article\" \/>\n<meta property=\"og:title\" content=\"Der Philosoph J\u00fcrgen Habermas pl\u00e4diert aus falschen Gr\u00fcnden f\u00fcr richtige Verhandlungen\" \/>\n<meta property=\"og:description\" content=\"J\u00fcrgen Habermas pl\u00e4diert f\u00fcr Verhandlungen. In seiner Argumentation wird deutlich, wie wichtig offener Diskurs ist. Durch einen verengten \u00f6ffentlichen Diskurs fehlen relevante Informationen zur Einsch\u00e4tzung. Weil das in Deutschland so ist, argumentiert Habermas an der Sache vorbei. Von Gert Ewen Ungar Der Philosoph und Soziologe J\u00fcrgen Habermas pl\u00e4diert in einem Beitrag der S\u00fcddeutschen Zeitung f\u00fcr [&hellip;]\" \/>\n<meta property=\"og:url\" content=\"https:\/\/now-news.de\/de\/deutschland\/der-philosoph-juergen-habermas-plaediert-aus-falschen-gruenden-fuer-richtige-verhandlungen\/\" \/>\n<meta property=\"og:site_name\" content=\"just-now.NEWS Deutschland\" \/>\n<meta property=\"article:publisher\" content=\"https:\/\/www.facebook.com\/wirmachenauf\" \/>\n<meta property=\"article:published_time\" content=\"2023-02-16T18:53:16+00:00\" \/>\n<meta property=\"og:image\" content=\"https:\/\/now-news.de\/de\/wp-content\/uploads\/sites\/3\/2023\/02\/Der-Philosoph-Juergen-Habermas-plaediert-aus-falschen-Gruenden-fuer-richtige.jpg\" \/>\n\t<meta property=\"og:image:width\" content=\"460\" \/>\n\t<meta property=\"og:image:height\" content=\"259\" \/>\n\t<meta property=\"og:image:type\" content=\"image\/jpeg\" \/>\n<meta name=\"author\" content=\"rtnews\" \/>\n<meta name=\"twitter:card\" content=\"summary_large_image\" \/>\n<meta name=\"twitter:creator\" content=\"@WirMachenAuf_de\" \/>\n<meta name=\"twitter:site\" content=\"@WirMachenAuf_de\" \/>\n<meta name=\"twitter:label1\" content=\"Verfasst von\" \/>\n\t<meta name=\"twitter:data1\" content=\"rtnews\" \/>\n\t<meta name=\"twitter:label2\" content=\"Gesch\u00e4tzte Lesezeit\" \/>\n\t<meta name=\"twitter:data2\" content=\"5\u00a0Minuten\" \/>\n<script type=\"application\/ld+json\" class=\"yoast-schema-graph\">{\"@context\":\"https:\/\/schema.org\",\"@graph\":[{\"@type\":\"Article\",\"@id\":\"https:\/\/now-news.de\/de\/deutschland\/der-philosoph-juergen-habermas-plaediert-aus-falschen-gruenden-fuer-richtige-verhandlungen\/#article\",\"isPartOf\":{\"@id\":\"https:\/\/now-news.de\/de\/deutschland\/der-philosoph-juergen-habermas-plaediert-aus-falschen-gruenden-fuer-richtige-verhandlungen\/\"},\"author\":{\"name\":\"rtnews\",\"@id\":\"https:\/\/now-news.de\/de\/#\/schema\/person\/fb534a4e865501d8b3285208df34a9b5\"},\"headline\":\"Der Philosoph J\u00fcrgen Habermas pl\u00e4diert aus falschen Gr\u00fcnden f\u00fcr richtige Verhandlungen\",\"datePublished\":\"2023-02-16T18:53:16+00:00\",\"dateModified\":\"2023-02-16T18:53:16+00:00\",\"mainEntityOfPage\":{\"@id\":\"https:\/\/now-news.de\/de\/deutschland\/der-philosoph-juergen-habermas-plaediert-aus-falschen-gruenden-fuer-richtige-verhandlungen\/\"},\"wordCount\":1047,\"commentCount\":0,\"publisher\":{\"@id\":\"https:\/\/now-news.de\/de\/#organization\"},\"image\":{\"@id\":\"https:\/\/now-news.de\/de\/deutschland\/der-philosoph-juergen-habermas-plaediert-aus-falschen-gruenden-fuer-richtige-verhandlungen\/#primaryimage\"},\"thumbnailUrl\":\"https:\/\/now-news.de\/de\/wp-content\/uploads\/sites\/3\/2023\/02\/Der-Philosoph-Juergen-Habermas-plaediert-aus-falschen-Gruenden-fuer-richtige.jpg\",\"keywords\":[\"aus\",\"der\",\"falschen\",\"f\u00fcr\",\"gr\u00fcnden\",\"Habermas\",\"J\u00fcrgen\",\"philosoph\",\"pl\u00e4diert\",\"richtige\",\"Verhandlungen\"],\"articleSection\":[\"Deutschland\",\"Russland\"],\"inLanguage\":\"de\",\"potentialAction\":[{\"@type\":\"CommentAction\",\"name\":\"Comment\",\"target\":[\"https:\/\/now-news.de\/de\/deutschland\/der-philosoph-juergen-habermas-plaediert-aus-falschen-gruenden-fuer-richtige-verhandlungen\/#respond\"]}]},{\"@type\":\"WebPage\",\"@id\":\"https:\/\/now-news.de\/de\/deutschland\/der-philosoph-juergen-habermas-plaediert-aus-falschen-gruenden-fuer-richtige-verhandlungen\/\",\"url\":\"https:\/\/now-news.de\/de\/deutschland\/der-philosoph-juergen-habermas-plaediert-aus-falschen-gruenden-fuer-richtige-verhandlungen\/\",\"name\":\"Der Philosoph J\u00fcrgen Habermas pl\u00e4diert aus falschen Gr\u00fcnden f\u00fcr richtige Verhandlungen - just-now.NEWS Deutschland\",\"isPartOf\":{\"@id\":\"https:\/\/now-news.de\/de\/#website\"},\"primaryImageOfPage\":{\"@id\":\"https:\/\/now-news.de\/de\/deutschland\/der-philosoph-juergen-habermas-plaediert-aus-falschen-gruenden-fuer-richtige-verhandlungen\/#primaryimage\"},\"image\":{\"@id\":\"https:\/\/now-news.de\/de\/deutschland\/der-philosoph-juergen-habermas-plaediert-aus-falschen-gruenden-fuer-richtige-verhandlungen\/#primaryimage\"},\"thumbnailUrl\":\"https:\/\/now-news.de\/de\/wp-content\/uploads\/sites\/3\/2023\/02\/Der-Philosoph-Juergen-Habermas-plaediert-aus-falschen-Gruenden-fuer-richtige.jpg\",\"datePublished\":\"2023-02-16T18:53:16+00:00\",\"dateModified\":\"2023-02-16T18:53:16+00:00\",\"breadcrumb\":{\"@id\":\"https:\/\/now-news.de\/de\/deutschland\/der-philosoph-juergen-habermas-plaediert-aus-falschen-gruenden-fuer-richtige-verhandlungen\/#breadcrumb\"},\"inLanguage\":\"de\",\"potentialAction\":[{\"@type\":\"ReadAction\",\"target\":[\"https:\/\/now-news.de\/de\/deutschland\/der-philosoph-juergen-habermas-plaediert-aus-falschen-gruenden-fuer-richtige-verhandlungen\/\"]}]},{\"@type\":\"ImageObject\",\"inLanguage\":\"de\",\"@id\":\"https:\/\/now-news.de\/de\/deutschland\/der-philosoph-juergen-habermas-plaediert-aus-falschen-gruenden-fuer-richtige-verhandlungen\/#primaryimage\",\"url\":\"https:\/\/now-news.de\/de\/wp-content\/uploads\/sites\/3\/2023\/02\/Der-Philosoph-Juergen-Habermas-plaediert-aus-falschen-Gruenden-fuer-richtige.jpg\",\"contentUrl\":\"https:\/\/now-news.de\/de\/wp-content\/uploads\/sites\/3\/2023\/02\/Der-Philosoph-Juergen-Habermas-plaediert-aus-falschen-Gruenden-fuer-richtige.jpg\",\"width\":460,\"height\":259,\"caption\":\"Der Philosoph J\u00fcrgen Habermas pl\u00e4diert aus falschen Gr\u00fcnden f\u00fcr richtige Verhandlungen\"},{\"@type\":\"BreadcrumbList\",\"@id\":\"https:\/\/now-news.de\/de\/deutschland\/der-philosoph-juergen-habermas-plaediert-aus-falschen-gruenden-fuer-richtige-verhandlungen\/#breadcrumb\",\"itemListElement\":[{\"@type\":\"ListItem\",\"position\":1,\"name\":\"Home\",\"item\":\"https:\/\/now-news.de\/de\/\"},{\"@type\":\"ListItem\",\"position\":2,\"name\":\"Der Philosoph J\u00fcrgen Habermas pl\u00e4diert aus falschen Gr\u00fcnden f\u00fcr richtige Verhandlungen\"}]},{\"@type\":\"WebSite\",\"@id\":\"https:\/\/now-news.de\/de\/#website\",\"url\":\"https:\/\/now-news.de\/de\/\",\"name\":\"just-now.NEWS Deutschland\",\"description\":\"Das Portal f\u00fcr unzensierte Nachrichten aus der Welt\",\"publisher\":{\"@id\":\"https:\/\/now-news.de\/de\/#organization\"},\"potentialAction\":[{\"@type\":\"SearchAction\",\"target\":{\"@type\":\"EntryPoint\",\"urlTemplate\":\"https:\/\/now-news.de\/de\/?s={search_term_string}\"},\"query-input\":\"required name=search_term_string\"}],\"inLanguage\":\"de\"},{\"@type\":\"Organization\",\"@id\":\"https:\/\/now-news.de\/de\/#organization\",\"name\":\"Just Now News\",\"url\":\"https:\/\/now-news.de\/de\/\",\"logo\":{\"@type\":\"ImageObject\",\"inLanguage\":\"de\",\"@id\":\"https:\/\/now-news.de\/de\/#\/schema\/logo\/image\/\",\"url\":\"http:\/\/just-now.news\/de\/wp-content\/uploads\/sites\/3\/2022\/04\/logo500x500.jpg\",\"contentUrl\":\"http:\/\/just-now.news\/de\/wp-content\/uploads\/sites\/3\/2022\/04\/logo500x500.jpg\",\"width\":500,\"height\":500,\"caption\":\"Just Now News\"},\"image\":{\"@id\":\"https:\/\/now-news.de\/de\/#\/schema\/logo\/image\/\"},\"sameAs\":[\"https:\/\/www.facebook.com\/wirmachenauf\",\"https:\/\/x.com\/WirMachenAuf_de\"]},{\"@type\":\"Person\",\"@id\":\"https:\/\/now-news.de\/de\/#\/schema\/person\/fb534a4e865501d8b3285208df34a9b5\",\"name\":\"rtnews\",\"image\":{\"@type\":\"ImageObject\",\"inLanguage\":\"de\",\"@id\":\"https:\/\/now-news.de\/de\/#\/schema\/person\/image\/\",\"url\":\"https:\/\/secure.gravatar.com\/avatar\/82aafea7d8127119dd649515f56e2117?s=96&d=mm&r=g\",\"contentUrl\":\"https:\/\/secure.gravatar.com\/avatar\/82aafea7d8127119dd649515f56e2117?s=96&d=mm&r=g\",\"caption\":\"rtnews\"},\"url\":\"https:\/\/now-news.de\/de\/author\/rnews\/\"}]}<\/script>\n<!-- \/ Yoast SEO Premium plugin. -->","yoast_head_json":{"title":"Der Philosoph J\u00fcrgen Habermas pl\u00e4diert aus falschen Gr\u00fcnden f\u00fcr richtige Verhandlungen - just-now.NEWS Deutschland","robots":{"index":"index","follow":"follow","max-snippet":"max-snippet:-1","max-image-preview":"max-image-preview:large","max-video-preview":"max-video-preview:-1"},"canonical":"https:\/\/now-news.de\/de\/deutschland\/der-philosoph-juergen-habermas-plaediert-aus-falschen-gruenden-fuer-richtige-verhandlungen\/","og_locale":"de_DE","og_type":"article","og_title":"Der Philosoph J\u00fcrgen Habermas pl\u00e4diert aus falschen Gr\u00fcnden f\u00fcr richtige Verhandlungen","og_description":"J\u00fcrgen Habermas pl\u00e4diert f\u00fcr Verhandlungen. In seiner Argumentation wird deutlich, wie wichtig offener Diskurs ist. Durch einen verengten \u00f6ffentlichen Diskurs fehlen relevante Informationen zur Einsch\u00e4tzung. Weil das in Deutschland so ist, argumentiert Habermas an der Sache vorbei. Von Gert Ewen Ungar Der Philosoph und Soziologe J\u00fcrgen Habermas pl\u00e4diert in einem Beitrag der S\u00fcddeutschen Zeitung f\u00fcr [&hellip;]","og_url":"https:\/\/now-news.de\/de\/deutschland\/der-philosoph-juergen-habermas-plaediert-aus-falschen-gruenden-fuer-richtige-verhandlungen\/","og_site_name":"just-now.NEWS Deutschland","article_publisher":"https:\/\/www.facebook.com\/wirmachenauf","article_published_time":"2023-02-16T18:53:16+00:00","og_image":[{"width":460,"height":259,"url":"https:\/\/now-news.de\/de\/wp-content\/uploads\/sites\/3\/2023\/02\/Der-Philosoph-Juergen-Habermas-plaediert-aus-falschen-Gruenden-fuer-richtige.jpg","type":"image\/jpeg"}],"author":"rtnews","twitter_card":"summary_large_image","twitter_creator":"@WirMachenAuf_de","twitter_site":"@WirMachenAuf_de","twitter_misc":{"Verfasst von":"rtnews","Gesch\u00e4tzte Lesezeit":"5\u00a0Minuten"},"schema":{"@context":"https:\/\/schema.org","@graph":[{"@type":"Article","@id":"https:\/\/now-news.de\/de\/deutschland\/der-philosoph-juergen-habermas-plaediert-aus-falschen-gruenden-fuer-richtige-verhandlungen\/#article","isPartOf":{"@id":"https:\/\/now-news.de\/de\/deutschland\/der-philosoph-juergen-habermas-plaediert-aus-falschen-gruenden-fuer-richtige-verhandlungen\/"},"author":{"name":"rtnews","@id":"https:\/\/now-news.de\/de\/#\/schema\/person\/fb534a4e865501d8b3285208df34a9b5"},"headline":"Der Philosoph J\u00fcrgen Habermas pl\u00e4diert aus falschen Gr\u00fcnden f\u00fcr richtige Verhandlungen","datePublished":"2023-02-16T18:53:16+00:00","dateModified":"2023-02-16T18:53:16+00:00","mainEntityOfPage":{"@id":"https:\/\/now-news.de\/de\/deutschland\/der-philosoph-juergen-habermas-plaediert-aus-falschen-gruenden-fuer-richtige-verhandlungen\/"},"wordCount":1047,"commentCount":0,"publisher":{"@id":"https:\/\/now-news.de\/de\/#organization"},"image":{"@id":"https:\/\/now-news.de\/de\/deutschland\/der-philosoph-juergen-habermas-plaediert-aus-falschen-gruenden-fuer-richtige-verhandlungen\/#primaryimage"},"thumbnailUrl":"https:\/\/now-news.de\/de\/wp-content\/uploads\/sites\/3\/2023\/02\/Der-Philosoph-Juergen-Habermas-plaediert-aus-falschen-Gruenden-fuer-richtige.jpg","keywords":["aus","der","falschen","f\u00fcr","gr\u00fcnden","Habermas","J\u00fcrgen","philosoph","pl\u00e4diert","richtige","Verhandlungen"],"articleSection":["Deutschland","Russland"],"inLanguage":"de","potentialAction":[{"@type":"CommentAction","name":"Comment","target":["https:\/\/now-news.de\/de\/deutschland\/der-philosoph-juergen-habermas-plaediert-aus-falschen-gruenden-fuer-richtige-verhandlungen\/#respond"]}]},{"@type":"WebPage","@id":"https:\/\/now-news.de\/de\/deutschland\/der-philosoph-juergen-habermas-plaediert-aus-falschen-gruenden-fuer-richtige-verhandlungen\/","url":"https:\/\/now-news.de\/de\/deutschland\/der-philosoph-juergen-habermas-plaediert-aus-falschen-gruenden-fuer-richtige-verhandlungen\/","name":"Der Philosoph J\u00fcrgen Habermas pl\u00e4diert aus falschen Gr\u00fcnden f\u00fcr richtige Verhandlungen - just-now.NEWS Deutschland","isPartOf":{"@id":"https:\/\/now-news.de\/de\/#website"},"primaryImageOfPage":{"@id":"https:\/\/now-news.de\/de\/deutschland\/der-philosoph-juergen-habermas-plaediert-aus-falschen-gruenden-fuer-richtige-verhandlungen\/#primaryimage"},"image":{"@id":"https:\/\/now-news.de\/de\/deutschland\/der-philosoph-juergen-habermas-plaediert-aus-falschen-gruenden-fuer-richtige-verhandlungen\/#primaryimage"},"thumbnailUrl":"https:\/\/now-news.de\/de\/wp-content\/uploads\/sites\/3\/2023\/02\/Der-Philosoph-Juergen-Habermas-plaediert-aus-falschen-Gruenden-fuer-richtige.jpg","datePublished":"2023-02-16T18:53:16+00:00","dateModified":"2023-02-16T18:53:16+00:00","breadcrumb":{"@id":"https:\/\/now-news.de\/de\/deutschland\/der-philosoph-juergen-habermas-plaediert-aus-falschen-gruenden-fuer-richtige-verhandlungen\/#breadcrumb"},"inLanguage":"de","potentialAction":[{"@type":"ReadAction","target":["https:\/\/now-news.de\/de\/deutschland\/der-philosoph-juergen-habermas-plaediert-aus-falschen-gruenden-fuer-richtige-verhandlungen\/"]}]},{"@type":"ImageObject","inLanguage":"de","@id":"https:\/\/now-news.de\/de\/deutschland\/der-philosoph-juergen-habermas-plaediert-aus-falschen-gruenden-fuer-richtige-verhandlungen\/#primaryimage","url":"https:\/\/now-news.de\/de\/wp-content\/uploads\/sites\/3\/2023\/02\/Der-Philosoph-Juergen-Habermas-plaediert-aus-falschen-Gruenden-fuer-richtige.jpg","contentUrl":"https:\/\/now-news.de\/de\/wp-content\/uploads\/sites\/3\/2023\/02\/Der-Philosoph-Juergen-Habermas-plaediert-aus-falschen-Gruenden-fuer-richtige.jpg","width":460,"height":259,"caption":"Der Philosoph J\u00fcrgen Habermas pl\u00e4diert aus falschen Gr\u00fcnden f\u00fcr richtige Verhandlungen"},{"@type":"BreadcrumbList","@id":"https:\/\/now-news.de\/de\/deutschland\/der-philosoph-juergen-habermas-plaediert-aus-falschen-gruenden-fuer-richtige-verhandlungen\/#breadcrumb","itemListElement":[{"@type":"ListItem","position":1,"name":"Home","item":"https:\/\/now-news.de\/de\/"},{"@type":"ListItem","position":2,"name":"Der Philosoph J\u00fcrgen Habermas pl\u00e4diert aus falschen Gr\u00fcnden f\u00fcr richtige Verhandlungen"}]},{"@type":"WebSite","@id":"https:\/\/now-news.de\/de\/#website","url":"https:\/\/now-news.de\/de\/","name":"just-now.NEWS Deutschland","description":"Das Portal f\u00fcr unzensierte Nachrichten aus der Welt","publisher":{"@id":"https:\/\/now-news.de\/de\/#organization"},"potentialAction":[{"@type":"SearchAction","target":{"@type":"EntryPoint","urlTemplate":"https:\/\/now-news.de\/de\/?s={search_term_string}"},"query-input":"required name=search_term_string"}],"inLanguage":"de"},{"@type":"Organization","@id":"https:\/\/now-news.de\/de\/#organization","name":"Just Now News","url":"https:\/\/now-news.de\/de\/","logo":{"@type":"ImageObject","inLanguage":"de","@id":"https:\/\/now-news.de\/de\/#\/schema\/logo\/image\/","url":"http:\/\/just-now.news\/de\/wp-content\/uploads\/sites\/3\/2022\/04\/logo500x500.jpg","contentUrl":"http:\/\/just-now.news\/de\/wp-content\/uploads\/sites\/3\/2022\/04\/logo500x500.jpg","width":500,"height":500,"caption":"Just Now News"},"image":{"@id":"https:\/\/now-news.de\/de\/#\/schema\/logo\/image\/"},"sameAs":["https:\/\/www.facebook.com\/wirmachenauf","https:\/\/x.com\/WirMachenAuf_de"]},{"@type":"Person","@id":"https:\/\/now-news.de\/de\/#\/schema\/person\/fb534a4e865501d8b3285208df34a9b5","name":"rtnews","image":{"@type":"ImageObject","inLanguage":"de","@id":"https:\/\/now-news.de\/de\/#\/schema\/person\/image\/","url":"https:\/\/secure.gravatar.com\/avatar\/82aafea7d8127119dd649515f56e2117?s=96&d=mm&r=g","contentUrl":"https:\/\/secure.gravatar.com\/avatar\/82aafea7d8127119dd649515f56e2117?s=96&d=mm&r=g","caption":"rtnews"},"url":"https:\/\/now-news.de\/de\/author\/rnews\/"}]}},"_links":{"self":[{"href":"https:\/\/now-news.de\/de\/wp-json\/wp\/v2\/posts\/30542"}],"collection":[{"href":"https:\/\/now-news.de\/de\/wp-json\/wp\/v2\/posts"}],"about":[{"href":"https:\/\/now-news.de\/de\/wp-json\/wp\/v2\/types\/post"}],"author":[{"embeddable":true,"href":"https:\/\/now-news.de\/de\/wp-json\/wp\/v2\/users\/3"}],"replies":[{"embeddable":true,"href":"https:\/\/now-news.de\/de\/wp-json\/wp\/v2\/comments?post=30542"}],"version-history":[{"count":0,"href":"https:\/\/now-news.de\/de\/wp-json\/wp\/v2\/posts\/30542\/revisions"}],"wp:featuredmedia":[{"embeddable":true,"href":"https:\/\/now-news.de\/de\/wp-json\/wp\/v2\/media\/30543"}],"wp:attachment":[{"href":"https:\/\/now-news.de\/de\/wp-json\/wp\/v2\/media?parent=30542"}],"wp:term":[{"taxonomy":"category","embeddable":true,"href":"https:\/\/now-news.de\/de\/wp-json\/wp\/v2\/categories?post=30542"},{"taxonomy":"post_tag","embeddable":true,"href":"https:\/\/now-news.de\/de\/wp-json\/wp\/v2\/tags?post=30542"}],"curies":[{"name":"wp","href":"https:\/\/api.w.org\/{rel}","templated":true}]}}