{"id":30500,"date":"2023-02-16T09:38:19","date_gmt":"2023-02-16T07:38:19","guid":{"rendered":"https:\/\/just-now.news\/de\/deutschland\/gebirgs-sturmbrigade-edelweiss-ukraine-benennt-armeeeinheit-nach-wehrmachtsdivision\/"},"modified":"2023-02-16T09:38:19","modified_gmt":"2023-02-16T07:38:19","slug":"gebirgs-sturmbrigade-edelweiss-ukraine-benennt-armeeeinheit-nach-wehrmachtsdivision","status":"publish","type":"post","link":"https:\/\/now-news.de\/de\/deutschland\/gebirgs-sturmbrigade-edelweiss-ukraine-benennt-armeeeinheit-nach-wehrmachtsdivision\/","title":{"rendered":"Gebirgs-Sturmbrigade &quot;Edelwei\u00df&quot;: Ukraine benennt Armeeeinheit nach Wehrmachtsdivision"},"content":{"rendered":"<p><img decoding=\"async\" src=\"http:\/\/just-now.news\/de\/wp-content\/uploads\/sites\/3\/2023\/02\/63ecdc10b480cc06e5701c8c.jpg\" \/><\/p>\n<div class=\"Text-root Text-type_1 \">\n                Auf Anordnung Selenskijs tr\u00e4gt die ukrainische 10. Gebirgs-Sturm-Brigade k\u00fcnftig den Beinamen &#8220;Edelwei\u00df&#8221;. Die Verbindung zur 1. Gebirgs-Division der Wehrmacht &#8220;Edelwei\u00df&#8221; ist offenkundig. Die provokante Namensgebung st\u00fctzt den Vorwurf, Kiew w\u00fcrde faschistische Strukturen f\u00f6rdern.\n            <\/div>\n<p><\/p>\n<div class=\"Text-root Text-type_5 ArticleView-text ViewText-root \">\n<p>Ein Vorwurf an die Regierung der Ukraine ist, dass sie faschistische Entwicklungen nicht nur duldet, sondern aktiv f\u00f6rdert. Das war einer der Gr\u00fcnde f\u00fcr die milit\u00e4rische Spezialoperation. Russland h\u00e4lt die Ukraine f\u00fcr ein faschistisches Land, das die Existenz Russlands bedroht. Man mag sich dar\u00fcber streiten, ob das Wort &#8220;faschistisch&#8221; seine Berechtigung hat\u00a0\u2012 dar\u00fcber, dass die innenpolitische Entwicklung mehr als bedenklich ist, jedoch nicht.\u00a0<\/p>\n<p>Die Ukraine beeilt sich auch nicht, den Vorwurf zu entkr\u00e4ften, im Gegenteil. Wie die russische Online-Zeitung <em>Wsgljad<\/em> mit Bezug auf ukrainische Quellen <a rel=\"nofollow noopener\" target=\"_blank\" href=\"https:\/\/vz.ru\/news\/2023\/2\/14\/1199289.html\">meldet<\/a>, erh\u00e4lt die 10. Gebirgs-Sturmbrigade der ukrainischen Armee auf Anordnung Selenskijs den Beinamen &#8220;Edelwei\u00df&#8221;. Diese Namenswahl ist kaum zuf\u00e4llig.<\/p>\n<p>Die 1. Gebirgs-Division der Wehrmacht, die im Zweiten Weltkrieg am Feldzug gegen die Sowjetunion beteiligt war und bei der Schlacht am Asowschen Meer und im Donez-Becken zun\u00e4chst Erfolge gegen die Rote Armee erzielen konnte, trug ebenfalls den Beinamen &#8220;Edelwei\u00df&#8221;. Sie war f\u00fcr Massaker an der Zivilbev\u00f6lkerung verantwortlich und beging zahllose Kriegsverbrechen. Unter anderem war sie an Ausschreitungen gegen die j\u00fcdische Bev\u00f6lkerung in der Stadt Lemberg, dem heutigen Lwow, beteiligt.\u00a0\u00a0<\/p>\n<p>Dass die ukrainische Division, die k\u00fcnftig den Beinamen &#8220;Edelwei\u00df&#8221; tragen wird, in genau dieser Tradition steht und sich den Namen redlich verdient hat, hat sie schon bewiesen. Laut Anordnung des Pr\u00e4sidenten erh\u00e4lt sie den Namen f\u00fcr ihre &#8220;beispielgebende Leistung hinsichtlich des Schutzes der territorialen Integrit\u00e4t und des Erhalts der Souver\u00e4nit\u00e4t der Ukraine&#8221;.<\/p>\n<p>Das Bataillon wurde 2015 gegr\u00fcndet. Es\u00a0hat in den Jahren von 2016 bis 2018, also lange vor dem Beginn der milit\u00e4rischen Spezialoperation, im Donbass gegen die Donezker und Lugansker Volksrepubliken gek\u00e4mpft, und damit gegen das Minsker Abkommen versto\u00dfen und mutma\u00dflich Kriegsverbrechen an der Zivilbev\u00f6lkerung begangen. Angesichts des Verlaufs des Konflikts hat das Bataillon entgegen der\u00a0Behauptung Selenskijs mit seinen Aktivit\u00e4ten daher zum Verlust der territorialen Integrit\u00e4t beigetragen. Die Abspaltung der Volksrepubliken war die Reaktion auf die anhaltenden Verst\u00f6\u00dfe der Ukraine gegen das Minsker Abkommen. 2016 wurden zudem Teile der nationalistischen Kampfeinheiten &#8220;Aidar&#8221; und &#8220;Donbass&#8221; f\u00fcr einige Monate aufgenommen.\u00a0<\/p>\n<p>Besonders provokant ist dabei, dass die deutsche Wehrmachtsdivision mit dem Namen &#8220;Edelwei\u00df&#8221; auch bei der Besetzung Ungarns eine zentrale Rolle spielte. Ungarn unterst\u00fctzt die Sanktionspolitik der EU nicht und sieht dar\u00fcber hinaus die Minderheitenrechte der ungarischen Minderheit in der Ukraine verletzt. M\u00e4nner im wehrf\u00e4higen Alter der ungarischen Minderheit seien das Ziel von Zwangsrekrutierungen, wirft Ungarn der Ukraine vor.\u00a0<\/p>\n<p><strong>Mehr zum Thema &#8211; <\/strong><a rel=\"nofollow noopener\" target=\"_blank\" href=\"https:\/\/fromrussiawithlove.rtde.live\/international\/162944-nato-generalsekretaer-stoltenberg-bestaetigt-ukraine-krieg-seit-2014\/\">NATO-Generalsekret\u00e4r Stoltenberg best\u00e4tigt: Ukraine-Krieg begann bereits im Jahr 2014<\/a><\/p>\n<\/div>\n<p><br \/>\n<br \/><a href=\"https:\/\/de.rt.com\/europa\/162998-gebirgs-sturmbrigade-edelweiss\/\">Source link <\/a><\/p>\n","protected":false},"excerpt":{"rendered":"<p>Auf Anordnung Selenskijs tr\u00e4gt die ukrainische 10. Gebirgs-Sturm-Brigade k\u00fcnftig den Beinamen &#8220;Edelwei\u00df&#8221;. Die Verbindung zur 1. Gebirgs-Division der Wehrmacht &#8220;Edelwei\u00df&#8221; ist offenkundig. Die provokante Namensgebung st\u00fctzt den Vorwurf, Kiew w\u00fcrde faschistische Strukturen f\u00f6rdern. Ein Vorwurf an die Regierung der Ukraine ist, dass sie faschistische Entwicklungen nicht nur duldet, sondern aktiv f\u00f6rdert. Das war einer der [&hellip;]<\/p>\n","protected":false},"author":3,"featured_media":30501,"comment_status":"open","ping_status":"open","sticky":false,"template":"","format":"standard","meta":{"_yoast_indexnow_last_ping":["1676533958"],"wp_automatic_camp":["217"],"385ae06bea8e855ae08edad103c710b9":["Gebirgs-Sturmbrigade &quot;Edelwei\u00df&quot;: Ukraine benennt Armeeeinheit nach Wehrmachtsdivision"],"original_link":["https:\/\/de.rt.com\/europa\/162998-gebirgs-sturmbrigade-edelweiss\/"],"_thumbnail_id":["30501"],"_wptgpro_p2tg_sent2tg":["a:1:{i:23737;s:19:\"2023-02-16 09:54:01\";}"],"jnews_social_counter_last_update":["1777188182"]},"categories":[19,23],"tags":[40881,22457,40879,979,40880,127,40882],"yoast_head":"<!-- This site is optimized with the Yoast SEO Premium plugin v22.7 (Yoast SEO v22.7) - https:\/\/yoast.com\/wordpress\/plugins\/seo\/ -->\n<title>Gebirgs-Sturmbrigade &quot;Edelwei\u00df&quot;: Ukraine benennt Armeeeinheit nach Wehrmachtsdivision - just-now.NEWS Deutschland<\/title>\n<meta name=\"robots\" content=\"index, follow, max-snippet:-1, max-image-preview:large, max-video-preview:-1\" \/>\n<link rel=\"canonical\" href=\"https:\/\/now-news.de\/de\/deutschland\/gebirgs-sturmbrigade-edelweiss-ukraine-benennt-armeeeinheit-nach-wehrmachtsdivision\/\" \/>\n<meta property=\"og:locale\" content=\"de_DE\" \/>\n<meta property=\"og:type\" content=\"article\" \/>\n<meta property=\"og:title\" content=\"Gebirgs-Sturmbrigade &quot;Edelwei\u00df&quot;: Ukraine benennt Armeeeinheit nach Wehrmachtsdivision\" \/>\n<meta property=\"og:description\" content=\"Auf Anordnung Selenskijs tr\u00e4gt die ukrainische 10. Gebirgs-Sturm-Brigade k\u00fcnftig den Beinamen &#8220;Edelwei\u00df&#8221;. Die Verbindung zur 1. Gebirgs-Division der Wehrmacht &#8220;Edelwei\u00df&#8221; ist offenkundig. Die provokante Namensgebung st\u00fctzt den Vorwurf, Kiew w\u00fcrde faschistische Strukturen f\u00f6rdern. Ein Vorwurf an die Regierung der Ukraine ist, dass sie faschistische Entwicklungen nicht nur duldet, sondern aktiv f\u00f6rdert. Das war einer der [&hellip;]\" \/>\n<meta property=\"og:url\" content=\"https:\/\/now-news.de\/de\/deutschland\/gebirgs-sturmbrigade-edelweiss-ukraine-benennt-armeeeinheit-nach-wehrmachtsdivision\/\" \/>\n<meta property=\"og:site_name\" content=\"just-now.NEWS Deutschland\" \/>\n<meta property=\"article:publisher\" content=\"https:\/\/www.facebook.com\/wirmachenauf\" \/>\n<meta property=\"article:published_time\" content=\"2023-02-16T07:38:19+00:00\" \/>\n<meta property=\"og:image\" content=\"https:\/\/now-news.de\/de\/wp-content\/uploads\/sites\/3\/2023\/02\/Gebirgs-Sturmbrigade-quotEdelweissquot-Ukraine-benennt-Armeeeinheit-nach-Wehrmachtsdivision.jpg\" \/>\n\t<meta property=\"og:image:width\" content=\"460\" \/>\n\t<meta property=\"og:image:height\" content=\"259\" \/>\n\t<meta property=\"og:image:type\" content=\"image\/jpeg\" \/>\n<meta name=\"author\" content=\"rtnews\" \/>\n<meta name=\"twitter:card\" content=\"summary_large_image\" \/>\n<meta name=\"twitter:creator\" content=\"@WirMachenAuf_de\" \/>\n<meta name=\"twitter:site\" content=\"@WirMachenAuf_de\" \/>\n<meta name=\"twitter:label1\" content=\"Verfasst von\" \/>\n\t<meta name=\"twitter:data1\" content=\"rtnews\" \/>\n\t<meta name=\"twitter:label2\" content=\"Gesch\u00e4tzte Lesezeit\" \/>\n\t<meta name=\"twitter:data2\" content=\"2\u00a0Minuten\" \/>\n<script type=\"application\/ld+json\" class=\"yoast-schema-graph\">{\"@context\":\"https:\/\/schema.org\",\"@graph\":[{\"@type\":\"Article\",\"@id\":\"https:\/\/now-news.de\/de\/deutschland\/gebirgs-sturmbrigade-edelweiss-ukraine-benennt-armeeeinheit-nach-wehrmachtsdivision\/#article\",\"isPartOf\":{\"@id\":\"https:\/\/now-news.de\/de\/deutschland\/gebirgs-sturmbrigade-edelweiss-ukraine-benennt-armeeeinheit-nach-wehrmachtsdivision\/\"},\"author\":{\"name\":\"rtnews\",\"@id\":\"https:\/\/now-news.de\/de\/#\/schema\/person\/fb534a4e865501d8b3285208df34a9b5\"},\"headline\":\"Gebirgs-Sturmbrigade &quot;Edelwei\u00df&quot;: Ukraine benennt Armeeeinheit nach Wehrmachtsdivision\",\"datePublished\":\"2023-02-16T07:38:19+00:00\",\"dateModified\":\"2023-02-16T07:38:19+00:00\",\"mainEntityOfPage\":{\"@id\":\"https:\/\/now-news.de\/de\/deutschland\/gebirgs-sturmbrigade-edelweiss-ukraine-benennt-armeeeinheit-nach-wehrmachtsdivision\/\"},\"wordCount\":474,\"commentCount\":0,\"publisher\":{\"@id\":\"https:\/\/now-news.de\/de\/#organization\"},\"image\":{\"@id\":\"https:\/\/now-news.de\/de\/deutschland\/gebirgs-sturmbrigade-edelweiss-ukraine-benennt-armeeeinheit-nach-wehrmachtsdivision\/#primaryimage\"},\"thumbnailUrl\":\"https:\/\/now-news.de\/de\/wp-content\/uploads\/sites\/3\/2023\/02\/Gebirgs-Sturmbrigade-quotEdelweissquot-Ukraine-benennt-Armeeeinheit-nach-Wehrmachtsdivision.jpg\",\"keywords\":[\"Armeeeinheit\",\"benennt\",\"GebirgsSturmbrigade\",\"nach\",\"quotEdelwei\u00dfquot\",\"ukraine\",\"Wehrmachtsdivision\"],\"articleSection\":[\"Deutschland\",\"Russland\"],\"inLanguage\":\"de\",\"potentialAction\":[{\"@type\":\"CommentAction\",\"name\":\"Comment\",\"target\":[\"https:\/\/now-news.de\/de\/deutschland\/gebirgs-sturmbrigade-edelweiss-ukraine-benennt-armeeeinheit-nach-wehrmachtsdivision\/#respond\"]}]},{\"@type\":\"WebPage\",\"@id\":\"https:\/\/now-news.de\/de\/deutschland\/gebirgs-sturmbrigade-edelweiss-ukraine-benennt-armeeeinheit-nach-wehrmachtsdivision\/\",\"url\":\"https:\/\/now-news.de\/de\/deutschland\/gebirgs-sturmbrigade-edelweiss-ukraine-benennt-armeeeinheit-nach-wehrmachtsdivision\/\",\"name\":\"Gebirgs-Sturmbrigade &quot;Edelwei\u00df&quot;: Ukraine benennt Armeeeinheit nach Wehrmachtsdivision - just-now.NEWS Deutschland\",\"isPartOf\":{\"@id\":\"https:\/\/now-news.de\/de\/#website\"},\"primaryImageOfPage\":{\"@id\":\"https:\/\/now-news.de\/de\/deutschland\/gebirgs-sturmbrigade-edelweiss-ukraine-benennt-armeeeinheit-nach-wehrmachtsdivision\/#primaryimage\"},\"image\":{\"@id\":\"https:\/\/now-news.de\/de\/deutschland\/gebirgs-sturmbrigade-edelweiss-ukraine-benennt-armeeeinheit-nach-wehrmachtsdivision\/#primaryimage\"},\"thumbnailUrl\":\"https:\/\/now-news.de\/de\/wp-content\/uploads\/sites\/3\/2023\/02\/Gebirgs-Sturmbrigade-quotEdelweissquot-Ukraine-benennt-Armeeeinheit-nach-Wehrmachtsdivision.jpg\",\"datePublished\":\"2023-02-16T07:38:19+00:00\",\"dateModified\":\"2023-02-16T07:38:19+00:00\",\"breadcrumb\":{\"@id\":\"https:\/\/now-news.de\/de\/deutschland\/gebirgs-sturmbrigade-edelweiss-ukraine-benennt-armeeeinheit-nach-wehrmachtsdivision\/#breadcrumb\"},\"inLanguage\":\"de\",\"potentialAction\":[{\"@type\":\"ReadAction\",\"target\":[\"https:\/\/now-news.de\/de\/deutschland\/gebirgs-sturmbrigade-edelweiss-ukraine-benennt-armeeeinheit-nach-wehrmachtsdivision\/\"]}]},{\"@type\":\"ImageObject\",\"inLanguage\":\"de\",\"@id\":\"https:\/\/now-news.de\/de\/deutschland\/gebirgs-sturmbrigade-edelweiss-ukraine-benennt-armeeeinheit-nach-wehrmachtsdivision\/#primaryimage\",\"url\":\"https:\/\/now-news.de\/de\/wp-content\/uploads\/sites\/3\/2023\/02\/Gebirgs-Sturmbrigade-quotEdelweissquot-Ukraine-benennt-Armeeeinheit-nach-Wehrmachtsdivision.jpg\",\"contentUrl\":\"https:\/\/now-news.de\/de\/wp-content\/uploads\/sites\/3\/2023\/02\/Gebirgs-Sturmbrigade-quotEdelweissquot-Ukraine-benennt-Armeeeinheit-nach-Wehrmachtsdivision.jpg\",\"width\":460,\"height\":259,\"caption\":\"Gebirgs-Sturmbrigade &quot;Edelwei\u00df&quot;: Ukraine benennt Armeeeinheit nach Wehrmachtsdivision\"},{\"@type\":\"BreadcrumbList\",\"@id\":\"https:\/\/now-news.de\/de\/deutschland\/gebirgs-sturmbrigade-edelweiss-ukraine-benennt-armeeeinheit-nach-wehrmachtsdivision\/#breadcrumb\",\"itemListElement\":[{\"@type\":\"ListItem\",\"position\":1,\"name\":\"Home\",\"item\":\"https:\/\/now-news.de\/de\/\"},{\"@type\":\"ListItem\",\"position\":2,\"name\":\"Gebirgs-Sturmbrigade &quot;Edelwei\u00df&quot;: Ukraine benennt Armeeeinheit nach Wehrmachtsdivision\"}]},{\"@type\":\"WebSite\",\"@id\":\"https:\/\/now-news.de\/de\/#website\",\"url\":\"https:\/\/now-news.de\/de\/\",\"name\":\"just-now.NEWS Deutschland\",\"description\":\"Das Portal f\u00fcr unzensierte Nachrichten aus der Welt\",\"publisher\":{\"@id\":\"https:\/\/now-news.de\/de\/#organization\"},\"potentialAction\":[{\"@type\":\"SearchAction\",\"target\":{\"@type\":\"EntryPoint\",\"urlTemplate\":\"https:\/\/now-news.de\/de\/?s={search_term_string}\"},\"query-input\":\"required name=search_term_string\"}],\"inLanguage\":\"de\"},{\"@type\":\"Organization\",\"@id\":\"https:\/\/now-news.de\/de\/#organization\",\"name\":\"Just Now News\",\"url\":\"https:\/\/now-news.de\/de\/\",\"logo\":{\"@type\":\"ImageObject\",\"inLanguage\":\"de\",\"@id\":\"https:\/\/now-news.de\/de\/#\/schema\/logo\/image\/\",\"url\":\"http:\/\/just-now.news\/de\/wp-content\/uploads\/sites\/3\/2022\/04\/logo500x500.jpg\",\"contentUrl\":\"http:\/\/just-now.news\/de\/wp-content\/uploads\/sites\/3\/2022\/04\/logo500x500.jpg\",\"width\":500,\"height\":500,\"caption\":\"Just Now News\"},\"image\":{\"@id\":\"https:\/\/now-news.de\/de\/#\/schema\/logo\/image\/\"},\"sameAs\":[\"https:\/\/www.facebook.com\/wirmachenauf\",\"https:\/\/x.com\/WirMachenAuf_de\"]},{\"@type\":\"Person\",\"@id\":\"https:\/\/now-news.de\/de\/#\/schema\/person\/fb534a4e865501d8b3285208df34a9b5\",\"name\":\"rtnews\",\"image\":{\"@type\":\"ImageObject\",\"inLanguage\":\"de\",\"@id\":\"https:\/\/now-news.de\/de\/#\/schema\/person\/image\/\",\"url\":\"https:\/\/secure.gravatar.com\/avatar\/82aafea7d8127119dd649515f56e2117?s=96&d=mm&r=g\",\"contentUrl\":\"https:\/\/secure.gravatar.com\/avatar\/82aafea7d8127119dd649515f56e2117?s=96&d=mm&r=g\",\"caption\":\"rtnews\"},\"url\":\"https:\/\/now-news.de\/de\/author\/rnews\/\"}]}<\/script>\n<!-- \/ Yoast SEO Premium plugin. -->","yoast_head_json":{"title":"Gebirgs-Sturmbrigade &quot;Edelwei\u00df&quot;: Ukraine benennt Armeeeinheit nach Wehrmachtsdivision - just-now.NEWS Deutschland","robots":{"index":"index","follow":"follow","max-snippet":"max-snippet:-1","max-image-preview":"max-image-preview:large","max-video-preview":"max-video-preview:-1"},"canonical":"https:\/\/now-news.de\/de\/deutschland\/gebirgs-sturmbrigade-edelweiss-ukraine-benennt-armeeeinheit-nach-wehrmachtsdivision\/","og_locale":"de_DE","og_type":"article","og_title":"Gebirgs-Sturmbrigade &quot;Edelwei\u00df&quot;: Ukraine benennt Armeeeinheit nach Wehrmachtsdivision","og_description":"Auf Anordnung Selenskijs tr\u00e4gt die ukrainische 10. Gebirgs-Sturm-Brigade k\u00fcnftig den Beinamen &#8220;Edelwei\u00df&#8221;. Die Verbindung zur 1. Gebirgs-Division der Wehrmacht &#8220;Edelwei\u00df&#8221; ist offenkundig. Die provokante Namensgebung st\u00fctzt den Vorwurf, Kiew w\u00fcrde faschistische Strukturen f\u00f6rdern. Ein Vorwurf an die Regierung der Ukraine ist, dass sie faschistische Entwicklungen nicht nur duldet, sondern aktiv f\u00f6rdert. Das war einer der [&hellip;]","og_url":"https:\/\/now-news.de\/de\/deutschland\/gebirgs-sturmbrigade-edelweiss-ukraine-benennt-armeeeinheit-nach-wehrmachtsdivision\/","og_site_name":"just-now.NEWS Deutschland","article_publisher":"https:\/\/www.facebook.com\/wirmachenauf","article_published_time":"2023-02-16T07:38:19+00:00","og_image":[{"width":460,"height":259,"url":"https:\/\/now-news.de\/de\/wp-content\/uploads\/sites\/3\/2023\/02\/Gebirgs-Sturmbrigade-quotEdelweissquot-Ukraine-benennt-Armeeeinheit-nach-Wehrmachtsdivision.jpg","type":"image\/jpeg"}],"author":"rtnews","twitter_card":"summary_large_image","twitter_creator":"@WirMachenAuf_de","twitter_site":"@WirMachenAuf_de","twitter_misc":{"Verfasst von":"rtnews","Gesch\u00e4tzte Lesezeit":"2\u00a0Minuten"},"schema":{"@context":"https:\/\/schema.org","@graph":[{"@type":"Article","@id":"https:\/\/now-news.de\/de\/deutschland\/gebirgs-sturmbrigade-edelweiss-ukraine-benennt-armeeeinheit-nach-wehrmachtsdivision\/#article","isPartOf":{"@id":"https:\/\/now-news.de\/de\/deutschland\/gebirgs-sturmbrigade-edelweiss-ukraine-benennt-armeeeinheit-nach-wehrmachtsdivision\/"},"author":{"name":"rtnews","@id":"https:\/\/now-news.de\/de\/#\/schema\/person\/fb534a4e865501d8b3285208df34a9b5"},"headline":"Gebirgs-Sturmbrigade &quot;Edelwei\u00df&quot;: Ukraine benennt Armeeeinheit nach Wehrmachtsdivision","datePublished":"2023-02-16T07:38:19+00:00","dateModified":"2023-02-16T07:38:19+00:00","mainEntityOfPage":{"@id":"https:\/\/now-news.de\/de\/deutschland\/gebirgs-sturmbrigade-edelweiss-ukraine-benennt-armeeeinheit-nach-wehrmachtsdivision\/"},"wordCount":474,"commentCount":0,"publisher":{"@id":"https:\/\/now-news.de\/de\/#organization"},"image":{"@id":"https:\/\/now-news.de\/de\/deutschland\/gebirgs-sturmbrigade-edelweiss-ukraine-benennt-armeeeinheit-nach-wehrmachtsdivision\/#primaryimage"},"thumbnailUrl":"https:\/\/now-news.de\/de\/wp-content\/uploads\/sites\/3\/2023\/02\/Gebirgs-Sturmbrigade-quotEdelweissquot-Ukraine-benennt-Armeeeinheit-nach-Wehrmachtsdivision.jpg","keywords":["Armeeeinheit","benennt","GebirgsSturmbrigade","nach","quotEdelwei\u00dfquot","ukraine","Wehrmachtsdivision"],"articleSection":["Deutschland","Russland"],"inLanguage":"de","potentialAction":[{"@type":"CommentAction","name":"Comment","target":["https:\/\/now-news.de\/de\/deutschland\/gebirgs-sturmbrigade-edelweiss-ukraine-benennt-armeeeinheit-nach-wehrmachtsdivision\/#respond"]}]},{"@type":"WebPage","@id":"https:\/\/now-news.de\/de\/deutschland\/gebirgs-sturmbrigade-edelweiss-ukraine-benennt-armeeeinheit-nach-wehrmachtsdivision\/","url":"https:\/\/now-news.de\/de\/deutschland\/gebirgs-sturmbrigade-edelweiss-ukraine-benennt-armeeeinheit-nach-wehrmachtsdivision\/","name":"Gebirgs-Sturmbrigade &quot;Edelwei\u00df&quot;: Ukraine benennt Armeeeinheit nach Wehrmachtsdivision - just-now.NEWS Deutschland","isPartOf":{"@id":"https:\/\/now-news.de\/de\/#website"},"primaryImageOfPage":{"@id":"https:\/\/now-news.de\/de\/deutschland\/gebirgs-sturmbrigade-edelweiss-ukraine-benennt-armeeeinheit-nach-wehrmachtsdivision\/#primaryimage"},"image":{"@id":"https:\/\/now-news.de\/de\/deutschland\/gebirgs-sturmbrigade-edelweiss-ukraine-benennt-armeeeinheit-nach-wehrmachtsdivision\/#primaryimage"},"thumbnailUrl":"https:\/\/now-news.de\/de\/wp-content\/uploads\/sites\/3\/2023\/02\/Gebirgs-Sturmbrigade-quotEdelweissquot-Ukraine-benennt-Armeeeinheit-nach-Wehrmachtsdivision.jpg","datePublished":"2023-02-16T07:38:19+00:00","dateModified":"2023-02-16T07:38:19+00:00","breadcrumb":{"@id":"https:\/\/now-news.de\/de\/deutschland\/gebirgs-sturmbrigade-edelweiss-ukraine-benennt-armeeeinheit-nach-wehrmachtsdivision\/#breadcrumb"},"inLanguage":"de","potentialAction":[{"@type":"ReadAction","target":["https:\/\/now-news.de\/de\/deutschland\/gebirgs-sturmbrigade-edelweiss-ukraine-benennt-armeeeinheit-nach-wehrmachtsdivision\/"]}]},{"@type":"ImageObject","inLanguage":"de","@id":"https:\/\/now-news.de\/de\/deutschland\/gebirgs-sturmbrigade-edelweiss-ukraine-benennt-armeeeinheit-nach-wehrmachtsdivision\/#primaryimage","url":"https:\/\/now-news.de\/de\/wp-content\/uploads\/sites\/3\/2023\/02\/Gebirgs-Sturmbrigade-quotEdelweissquot-Ukraine-benennt-Armeeeinheit-nach-Wehrmachtsdivision.jpg","contentUrl":"https:\/\/now-news.de\/de\/wp-content\/uploads\/sites\/3\/2023\/02\/Gebirgs-Sturmbrigade-quotEdelweissquot-Ukraine-benennt-Armeeeinheit-nach-Wehrmachtsdivision.jpg","width":460,"height":259,"caption":"Gebirgs-Sturmbrigade &quot;Edelwei\u00df&quot;: Ukraine benennt Armeeeinheit nach Wehrmachtsdivision"},{"@type":"BreadcrumbList","@id":"https:\/\/now-news.de\/de\/deutschland\/gebirgs-sturmbrigade-edelweiss-ukraine-benennt-armeeeinheit-nach-wehrmachtsdivision\/#breadcrumb","itemListElement":[{"@type":"ListItem","position":1,"name":"Home","item":"https:\/\/now-news.de\/de\/"},{"@type":"ListItem","position":2,"name":"Gebirgs-Sturmbrigade &quot;Edelwei\u00df&quot;: Ukraine benennt Armeeeinheit nach Wehrmachtsdivision"}]},{"@type":"WebSite","@id":"https:\/\/now-news.de\/de\/#website","url":"https:\/\/now-news.de\/de\/","name":"just-now.NEWS Deutschland","description":"Das Portal f\u00fcr unzensierte Nachrichten aus der Welt","publisher":{"@id":"https:\/\/now-news.de\/de\/#organization"},"potentialAction":[{"@type":"SearchAction","target":{"@type":"EntryPoint","urlTemplate":"https:\/\/now-news.de\/de\/?s={search_term_string}"},"query-input":"required name=search_term_string"}],"inLanguage":"de"},{"@type":"Organization","@id":"https:\/\/now-news.de\/de\/#organization","name":"Just Now News","url":"https:\/\/now-news.de\/de\/","logo":{"@type":"ImageObject","inLanguage":"de","@id":"https:\/\/now-news.de\/de\/#\/schema\/logo\/image\/","url":"http:\/\/just-now.news\/de\/wp-content\/uploads\/sites\/3\/2022\/04\/logo500x500.jpg","contentUrl":"http:\/\/just-now.news\/de\/wp-content\/uploads\/sites\/3\/2022\/04\/logo500x500.jpg","width":500,"height":500,"caption":"Just Now News"},"image":{"@id":"https:\/\/now-news.de\/de\/#\/schema\/logo\/image\/"},"sameAs":["https:\/\/www.facebook.com\/wirmachenauf","https:\/\/x.com\/WirMachenAuf_de"]},{"@type":"Person","@id":"https:\/\/now-news.de\/de\/#\/schema\/person\/fb534a4e865501d8b3285208df34a9b5","name":"rtnews","image":{"@type":"ImageObject","inLanguage":"de","@id":"https:\/\/now-news.de\/de\/#\/schema\/person\/image\/","url":"https:\/\/secure.gravatar.com\/avatar\/82aafea7d8127119dd649515f56e2117?s=96&d=mm&r=g","contentUrl":"https:\/\/secure.gravatar.com\/avatar\/82aafea7d8127119dd649515f56e2117?s=96&d=mm&r=g","caption":"rtnews"},"url":"https:\/\/now-news.de\/de\/author\/rnews\/"}]}},"_links":{"self":[{"href":"https:\/\/now-news.de\/de\/wp-json\/wp\/v2\/posts\/30500"}],"collection":[{"href":"https:\/\/now-news.de\/de\/wp-json\/wp\/v2\/posts"}],"about":[{"href":"https:\/\/now-news.de\/de\/wp-json\/wp\/v2\/types\/post"}],"author":[{"embeddable":true,"href":"https:\/\/now-news.de\/de\/wp-json\/wp\/v2\/users\/3"}],"replies":[{"embeddable":true,"href":"https:\/\/now-news.de\/de\/wp-json\/wp\/v2\/comments?post=30500"}],"version-history":[{"count":0,"href":"https:\/\/now-news.de\/de\/wp-json\/wp\/v2\/posts\/30500\/revisions"}],"wp:featuredmedia":[{"embeddable":true,"href":"https:\/\/now-news.de\/de\/wp-json\/wp\/v2\/media\/30501"}],"wp:attachment":[{"href":"https:\/\/now-news.de\/de\/wp-json\/wp\/v2\/media?parent=30500"}],"wp:term":[{"taxonomy":"category","embeddable":true,"href":"https:\/\/now-news.de\/de\/wp-json\/wp\/v2\/categories?post=30500"},{"taxonomy":"post_tag","embeddable":true,"href":"https:\/\/now-news.de\/de\/wp-json\/wp\/v2\/tags?post=30500"}],"curies":[{"name":"wp","href":"https:\/\/api.w.org\/{rel}","templated":true}]}}