{"id":30464,"date":"2023-02-15T22:06:20","date_gmt":"2023-02-15T20:06:20","guid":{"rendered":"https:\/\/just-now.news\/de\/deutschland\/schweiz-sieht-keine-rechtsgrundlage-fuer-enteignung-russischer-privatvermoegen\/"},"modified":"2023-02-15T22:06:20","modified_gmt":"2023-02-15T20:06:20","slug":"schweiz-sieht-keine-rechtsgrundlage-fuer-enteignung-russischer-privatvermoegen","status":"publish","type":"post","link":"https:\/\/now-news.de\/de\/deutschland\/schweiz-sieht-keine-rechtsgrundlage-fuer-enteignung-russischer-privatvermoegen\/","title":{"rendered":"Schweiz sieht keine Rechtsgrundlage f\u00fcr Enteignung russischer Privatverm\u00f6gen"},"content":{"rendered":"<p><img decoding=\"async\" src=\"http:\/\/just-now.news\/de\/wp-content\/uploads\/sites\/3\/2023\/02\/63ecda9d48fbef157b2665bb.jpg\" \/><\/p>\n<div class=\"Text-root Text-type_1 \">\n                Der Eidgen\u00f6ssische Bundesrat, die Regierung der Schweiz, hat die Rechtslage rund um eingefrorene russische Privatverm\u00f6gen pr\u00fcfen lassen und kommt zu dem Schluss, dass ihre Enteignung und Weitergabe an die Ukraine rechts- und verfassungswidrig seien. Dennoch sucht man nach M\u00f6glichkeiten, russisches Staatsverm\u00f6gen und Nationalbankreserven zu enteignen.\n            <\/div>\n<p><\/p>\n<div class=\"Text-root Text-type_5 ArticleView-text ViewText-root \">\n<p>Die Schweizer Regierung hat einger\u00e4umt, dass der Transfer von eingefrorenen russischen Verm\u00f6genswerten in die Ukraine illegal sei, wie aus einer auf der Webseite des Bundesrats ver\u00f6ffentlichten Erkl\u00e4rung hervorgeht.<\/p>\n<blockquote>\n<p><em>&#8220;Derzeit wird international diskutiert, ob gesperrte russische Verm\u00f6genswerte f\u00fcr den Wiederaufbau der Ukraine verwendet werden k\u00f6nnen. Der Bundesrat hat die Verwaltung beauftragt, die entsprechenden Rechtsfragen zu kl\u00e4ren. Eine Arbeitsgruppe unter der Leitung des Bundesamtes f\u00fcr Justiz (BJ) kommt in ihrer Analyse zum Schluss, dass die Konfiskation privater russischer Verm\u00f6genswerte gegen die Bundesverfassung und die geltende Rechtsordnung versto\u00dfen w\u00fcrde. Der Bundesrat hat an seiner Sitzung vom 15. Februar 2023 von der Analyse der Arbeitsgruppe Kenntnis genommen&#8221;, <\/em><\/p>\n<\/blockquote>\n<p>hei\u00dft es in dem <a rel=\"nofollow noopener\" target=\"_blank\" href=\"https:\/\/www.admin.ch\/gov\/de\/start\/dokumentation\/medienmitteilungen.msg-id-93089.html\">Dokument<\/a>.<\/p>\n<p>In ihrer Analyse kommt die verwaltungsinterne Arbeitsgruppe zu dem Schluss, dass die entsch\u00e4digungslose Enteignung von Privateigentum rechtm\u00e4\u00dfiger Herkunft nach Schweizer Recht nicht zul\u00e4ssig ist. Die Einziehung eingefrorener privater Verm\u00f6genswerte widerspricht der Bundesverfassung, der geltenden Rechtsordnung und verletzt internationale Verpflichtungen der Schweiz.\u00a0<\/p>\n<p>Dennoch versprechen die Schweizer Beh\u00f6rden, die Ukraine weiterhin zu unterst\u00fctzen, unabh\u00e4ngig von der Frage des Schicksals der blockierten russischen Verm\u00f6genswerte. Man werde auch die Schritte beobachten, die die EU bei diesem Thema unternimmt. Auch die international gef\u00fchrten Diskussionen \u00fcber M\u00f6glichkeiten der Einziehung von W\u00e4hrungsreserven der russischen Nationalbank sowie von weiterem russischen Staatseigentum werde man weiter verfolgen, ebenso die Versch\u00e4rfung von Strafnormen bei der Verletzung der Sanktionen durch sanktionierte Personen pr\u00fcfen. &#8220;Die Schweiz verfolgt die \u00dcberlegungen und beteiligt sich an den Diskussionen um ihre Sichtweise einzubringen&#8221;, hei\u00dft es in der Mitteilung des Bundesrates ausdr\u00fccklich. Die Verwaltung werde den Bundesrat regelm\u00e4\u00dfig \u00fcber die internationalen Entwicklungen &#8220;in den verschiedenen Bereichen&#8221; informieren. Die Schweiz verfolge &#8220;diese \u00dcberlegungen aufmerksam&#8221;, hei\u00dft es in der Erkl\u00e4rung.<\/p>\n<p>Bern hat sich fast allen europ\u00e4ischen Sanktionen gegen Russland angeschlossen. Diese Woche wurde bekannt, dass die Schweizer Regierung russische Verm\u00f6genswerte im Wert von 8,1 Milliarden Dollar eingefroren hat, w\u00e4hrend die Credit Suisse, eine der gr\u00f6\u00dften Banken des Landes, weitere 19 Milliarden Dollar eingefroren hat. Der Gesamtbetrag der in der Schweiz registrierten russischen Fonds wird auf rund 50 Milliarden Dollar gesch\u00e4tzt.<\/p>\n<p><strong>Mehr zum Thema<\/strong> &#8211; <a rel=\"nofollow noopener\" target=\"_blank\" href=\"https:\/\/test.rtde.tech\/meinung\/162064-schlachtung-der-heiligen-kuehe\/\">Das Schlachten der heiligen K\u00fche \u2013 Wie ein US-Beamter acht Jahrhunderte Recht beerdigt hat<\/a><\/p>\n<\/p>\n<\/div>\n<p><br \/>\n<br \/><a href=\"https:\/\/de.rt.com\/schweiz\/162997-schweiz-sieht-keine-rechtsgrundlage-fuer\/\">Source link <\/a><\/p>\n","protected":false},"excerpt":{"rendered":"<p>Der Eidgen\u00f6ssische Bundesrat, die Regierung der Schweiz, hat die Rechtslage rund um eingefrorene russische Privatverm\u00f6gen pr\u00fcfen lassen und kommt zu dem Schluss, dass ihre Enteignung und Weitergabe an die Ukraine rechts- und verfassungswidrig seien. Dennoch sucht man nach M\u00f6glichkeiten, russisches Staatsverm\u00f6gen und Nationalbankreserven zu enteignen. Die Schweizer Regierung hat einger\u00e4umt, dass der Transfer von eingefrorenen [&hellip;]<\/p>\n","protected":false},"author":3,"featured_media":30465,"comment_status":"open","ping_status":"open","sticky":false,"template":"","format":"standard","meta":{"_yoast_indexnow_last_ping":["1676491861"],"wp_automatic_camp":["217"],"9f1e7e2f8c0f18db5b71346532c42765":["Schweiz sieht keine Rechtsgrundlage f\u00fcr Enteignung russischer Privatverm\u00f6gen"],"original_link":["https:\/\/de.rt.com\/schweiz\/162997-schweiz-sieht-keine-rechtsgrundlage-fuer\/"],"_thumbnail_id":["30465"],"_wptgpro_p2tg_sent2tg":["a:1:{i:23737;s:19:\"2023-02-15 22:12:04\";}"],"jnews_social_counter_last_update":["1777618757"]},"categories":[19,23],"tags":[4840,221,375,40854,40853,793,4207,6809],"yoast_head":"<!-- This site is optimized with the Yoast SEO Premium plugin v22.7 (Yoast SEO v22.7) - https:\/\/yoast.com\/wordpress\/plugins\/seo\/ -->\n<title>Schweiz sieht keine Rechtsgrundlage f\u00fcr Enteignung russischer Privatverm\u00f6gen - just-now.NEWS Deutschland<\/title>\n<meta name=\"robots\" content=\"index, follow, max-snippet:-1, max-image-preview:large, max-video-preview:-1\" \/>\n<link rel=\"canonical\" href=\"https:\/\/now-news.de\/de\/deutschland\/schweiz-sieht-keine-rechtsgrundlage-fuer-enteignung-russischer-privatvermoegen\/\" \/>\n<meta property=\"og:locale\" content=\"de_DE\" \/>\n<meta property=\"og:type\" content=\"article\" \/>\n<meta property=\"og:title\" content=\"Schweiz sieht keine Rechtsgrundlage f\u00fcr Enteignung russischer Privatverm\u00f6gen\" \/>\n<meta property=\"og:description\" content=\"Der Eidgen\u00f6ssische Bundesrat, die Regierung der Schweiz, hat die Rechtslage rund um eingefrorene russische Privatverm\u00f6gen pr\u00fcfen lassen und kommt zu dem Schluss, dass ihre Enteignung und Weitergabe an die Ukraine rechts- und verfassungswidrig seien. Dennoch sucht man nach M\u00f6glichkeiten, russisches Staatsverm\u00f6gen und Nationalbankreserven zu enteignen. Die Schweizer Regierung hat einger\u00e4umt, dass der Transfer von eingefrorenen [&hellip;]\" \/>\n<meta property=\"og:url\" content=\"https:\/\/now-news.de\/de\/deutschland\/schweiz-sieht-keine-rechtsgrundlage-fuer-enteignung-russischer-privatvermoegen\/\" \/>\n<meta property=\"og:site_name\" content=\"just-now.NEWS Deutschland\" \/>\n<meta property=\"article:publisher\" content=\"https:\/\/www.facebook.com\/wirmachenauf\" \/>\n<meta property=\"article:published_time\" content=\"2023-02-15T20:06:20+00:00\" \/>\n<meta property=\"og:image\" content=\"https:\/\/now-news.de\/de\/wp-content\/uploads\/sites\/3\/2023\/02\/Schweiz-sieht-keine-Rechtsgrundlage-fuer-Enteignung-russischer-Privatvermoegen.jpg\" \/>\n\t<meta property=\"og:image:width\" content=\"460\" \/>\n\t<meta property=\"og:image:height\" content=\"259\" \/>\n\t<meta property=\"og:image:type\" content=\"image\/jpeg\" \/>\n<meta name=\"author\" content=\"rtnews\" \/>\n<meta name=\"twitter:card\" content=\"summary_large_image\" \/>\n<meta name=\"twitter:creator\" content=\"@WirMachenAuf_de\" \/>\n<meta name=\"twitter:site\" content=\"@WirMachenAuf_de\" \/>\n<meta name=\"twitter:label1\" content=\"Verfasst von\" \/>\n\t<meta name=\"twitter:data1\" content=\"rtnews\" \/>\n\t<meta name=\"twitter:label2\" content=\"Gesch\u00e4tzte Lesezeit\" \/>\n\t<meta name=\"twitter:data2\" content=\"2\u00a0Minuten\" \/>\n<script type=\"application\/ld+json\" class=\"yoast-schema-graph\">{\"@context\":\"https:\/\/schema.org\",\"@graph\":[{\"@type\":\"Article\",\"@id\":\"https:\/\/now-news.de\/de\/deutschland\/schweiz-sieht-keine-rechtsgrundlage-fuer-enteignung-russischer-privatvermoegen\/#article\",\"isPartOf\":{\"@id\":\"https:\/\/now-news.de\/de\/deutschland\/schweiz-sieht-keine-rechtsgrundlage-fuer-enteignung-russischer-privatvermoegen\/\"},\"author\":{\"name\":\"rtnews\",\"@id\":\"https:\/\/now-news.de\/de\/#\/schema\/person\/fb534a4e865501d8b3285208df34a9b5\"},\"headline\":\"Schweiz sieht keine Rechtsgrundlage f\u00fcr Enteignung russischer Privatverm\u00f6gen\",\"datePublished\":\"2023-02-15T20:06:20+00:00\",\"dateModified\":\"2023-02-15T20:06:20+00:00\",\"mainEntityOfPage\":{\"@id\":\"https:\/\/now-news.de\/de\/deutschland\/schweiz-sieht-keine-rechtsgrundlage-fuer-enteignung-russischer-privatvermoegen\/\"},\"wordCount\":440,\"commentCount\":0,\"publisher\":{\"@id\":\"https:\/\/now-news.de\/de\/#organization\"},\"image\":{\"@id\":\"https:\/\/now-news.de\/de\/deutschland\/schweiz-sieht-keine-rechtsgrundlage-fuer-enteignung-russischer-privatvermoegen\/#primaryimage\"},\"thumbnailUrl\":\"https:\/\/now-news.de\/de\/wp-content\/uploads\/sites\/3\/2023\/02\/Schweiz-sieht-keine-Rechtsgrundlage-fuer-Enteignung-russischer-Privatvermoegen.jpg\",\"keywords\":[\"Enteignung\",\"f\u00fcr\",\"keine\",\"Privatverm\u00f6gen\",\"Rechtsgrundlage\",\"Russischer\",\"schweiz\",\"sieht\"],\"articleSection\":[\"Deutschland\",\"Russland\"],\"inLanguage\":\"de\",\"potentialAction\":[{\"@type\":\"CommentAction\",\"name\":\"Comment\",\"target\":[\"https:\/\/now-news.de\/de\/deutschland\/schweiz-sieht-keine-rechtsgrundlage-fuer-enteignung-russischer-privatvermoegen\/#respond\"]}]},{\"@type\":\"WebPage\",\"@id\":\"https:\/\/now-news.de\/de\/deutschland\/schweiz-sieht-keine-rechtsgrundlage-fuer-enteignung-russischer-privatvermoegen\/\",\"url\":\"https:\/\/now-news.de\/de\/deutschland\/schweiz-sieht-keine-rechtsgrundlage-fuer-enteignung-russischer-privatvermoegen\/\",\"name\":\"Schweiz sieht keine Rechtsgrundlage f\u00fcr Enteignung russischer Privatverm\u00f6gen - just-now.NEWS Deutschland\",\"isPartOf\":{\"@id\":\"https:\/\/now-news.de\/de\/#website\"},\"primaryImageOfPage\":{\"@id\":\"https:\/\/now-news.de\/de\/deutschland\/schweiz-sieht-keine-rechtsgrundlage-fuer-enteignung-russischer-privatvermoegen\/#primaryimage\"},\"image\":{\"@id\":\"https:\/\/now-news.de\/de\/deutschland\/schweiz-sieht-keine-rechtsgrundlage-fuer-enteignung-russischer-privatvermoegen\/#primaryimage\"},\"thumbnailUrl\":\"https:\/\/now-news.de\/de\/wp-content\/uploads\/sites\/3\/2023\/02\/Schweiz-sieht-keine-Rechtsgrundlage-fuer-Enteignung-russischer-Privatvermoegen.jpg\",\"datePublished\":\"2023-02-15T20:06:20+00:00\",\"dateModified\":\"2023-02-15T20:06:20+00:00\",\"breadcrumb\":{\"@id\":\"https:\/\/now-news.de\/de\/deutschland\/schweiz-sieht-keine-rechtsgrundlage-fuer-enteignung-russischer-privatvermoegen\/#breadcrumb\"},\"inLanguage\":\"de\",\"potentialAction\":[{\"@type\":\"ReadAction\",\"target\":[\"https:\/\/now-news.de\/de\/deutschland\/schweiz-sieht-keine-rechtsgrundlage-fuer-enteignung-russischer-privatvermoegen\/\"]}]},{\"@type\":\"ImageObject\",\"inLanguage\":\"de\",\"@id\":\"https:\/\/now-news.de\/de\/deutschland\/schweiz-sieht-keine-rechtsgrundlage-fuer-enteignung-russischer-privatvermoegen\/#primaryimage\",\"url\":\"https:\/\/now-news.de\/de\/wp-content\/uploads\/sites\/3\/2023\/02\/Schweiz-sieht-keine-Rechtsgrundlage-fuer-Enteignung-russischer-Privatvermoegen.jpg\",\"contentUrl\":\"https:\/\/now-news.de\/de\/wp-content\/uploads\/sites\/3\/2023\/02\/Schweiz-sieht-keine-Rechtsgrundlage-fuer-Enteignung-russischer-Privatvermoegen.jpg\",\"width\":460,\"height\":259,\"caption\":\"Schweiz sieht keine Rechtsgrundlage f\u00fcr Enteignung russischer Privatverm\u00f6gen\"},{\"@type\":\"BreadcrumbList\",\"@id\":\"https:\/\/now-news.de\/de\/deutschland\/schweiz-sieht-keine-rechtsgrundlage-fuer-enteignung-russischer-privatvermoegen\/#breadcrumb\",\"itemListElement\":[{\"@type\":\"ListItem\",\"position\":1,\"name\":\"Home\",\"item\":\"https:\/\/now-news.de\/de\/\"},{\"@type\":\"ListItem\",\"position\":2,\"name\":\"Schweiz sieht keine Rechtsgrundlage f\u00fcr Enteignung russischer Privatverm\u00f6gen\"}]},{\"@type\":\"WebSite\",\"@id\":\"https:\/\/now-news.de\/de\/#website\",\"url\":\"https:\/\/now-news.de\/de\/\",\"name\":\"just-now.NEWS Deutschland\",\"description\":\"Das Portal f\u00fcr unzensierte Nachrichten aus der Welt\",\"publisher\":{\"@id\":\"https:\/\/now-news.de\/de\/#organization\"},\"potentialAction\":[{\"@type\":\"SearchAction\",\"target\":{\"@type\":\"EntryPoint\",\"urlTemplate\":\"https:\/\/now-news.de\/de\/?s={search_term_string}\"},\"query-input\":\"required name=search_term_string\"}],\"inLanguage\":\"de\"},{\"@type\":\"Organization\",\"@id\":\"https:\/\/now-news.de\/de\/#organization\",\"name\":\"Just Now News\",\"url\":\"https:\/\/now-news.de\/de\/\",\"logo\":{\"@type\":\"ImageObject\",\"inLanguage\":\"de\",\"@id\":\"https:\/\/now-news.de\/de\/#\/schema\/logo\/image\/\",\"url\":\"http:\/\/just-now.news\/de\/wp-content\/uploads\/sites\/3\/2022\/04\/logo500x500.jpg\",\"contentUrl\":\"http:\/\/just-now.news\/de\/wp-content\/uploads\/sites\/3\/2022\/04\/logo500x500.jpg\",\"width\":500,\"height\":500,\"caption\":\"Just Now News\"},\"image\":{\"@id\":\"https:\/\/now-news.de\/de\/#\/schema\/logo\/image\/\"},\"sameAs\":[\"https:\/\/www.facebook.com\/wirmachenauf\",\"https:\/\/x.com\/WirMachenAuf_de\"]},{\"@type\":\"Person\",\"@id\":\"https:\/\/now-news.de\/de\/#\/schema\/person\/fb534a4e865501d8b3285208df34a9b5\",\"name\":\"rtnews\",\"image\":{\"@type\":\"ImageObject\",\"inLanguage\":\"de\",\"@id\":\"https:\/\/now-news.de\/de\/#\/schema\/person\/image\/\",\"url\":\"https:\/\/secure.gravatar.com\/avatar\/82aafea7d8127119dd649515f56e2117?s=96&d=mm&r=g\",\"contentUrl\":\"https:\/\/secure.gravatar.com\/avatar\/82aafea7d8127119dd649515f56e2117?s=96&d=mm&r=g\",\"caption\":\"rtnews\"},\"url\":\"https:\/\/now-news.de\/de\/author\/rnews\/\"}]}<\/script>\n<!-- \/ Yoast SEO Premium plugin. -->","yoast_head_json":{"title":"Schweiz sieht keine Rechtsgrundlage f\u00fcr Enteignung russischer Privatverm\u00f6gen - just-now.NEWS Deutschland","robots":{"index":"index","follow":"follow","max-snippet":"max-snippet:-1","max-image-preview":"max-image-preview:large","max-video-preview":"max-video-preview:-1"},"canonical":"https:\/\/now-news.de\/de\/deutschland\/schweiz-sieht-keine-rechtsgrundlage-fuer-enteignung-russischer-privatvermoegen\/","og_locale":"de_DE","og_type":"article","og_title":"Schweiz sieht keine Rechtsgrundlage f\u00fcr Enteignung russischer Privatverm\u00f6gen","og_description":"Der Eidgen\u00f6ssische Bundesrat, die Regierung der Schweiz, hat die Rechtslage rund um eingefrorene russische Privatverm\u00f6gen pr\u00fcfen lassen und kommt zu dem Schluss, dass ihre Enteignung und Weitergabe an die Ukraine rechts- und verfassungswidrig seien. Dennoch sucht man nach M\u00f6glichkeiten, russisches Staatsverm\u00f6gen und Nationalbankreserven zu enteignen. Die Schweizer Regierung hat einger\u00e4umt, dass der Transfer von eingefrorenen [&hellip;]","og_url":"https:\/\/now-news.de\/de\/deutschland\/schweiz-sieht-keine-rechtsgrundlage-fuer-enteignung-russischer-privatvermoegen\/","og_site_name":"just-now.NEWS Deutschland","article_publisher":"https:\/\/www.facebook.com\/wirmachenauf","article_published_time":"2023-02-15T20:06:20+00:00","og_image":[{"width":460,"height":259,"url":"https:\/\/now-news.de\/de\/wp-content\/uploads\/sites\/3\/2023\/02\/Schweiz-sieht-keine-Rechtsgrundlage-fuer-Enteignung-russischer-Privatvermoegen.jpg","type":"image\/jpeg"}],"author":"rtnews","twitter_card":"summary_large_image","twitter_creator":"@WirMachenAuf_de","twitter_site":"@WirMachenAuf_de","twitter_misc":{"Verfasst von":"rtnews","Gesch\u00e4tzte Lesezeit":"2\u00a0Minuten"},"schema":{"@context":"https:\/\/schema.org","@graph":[{"@type":"Article","@id":"https:\/\/now-news.de\/de\/deutschland\/schweiz-sieht-keine-rechtsgrundlage-fuer-enteignung-russischer-privatvermoegen\/#article","isPartOf":{"@id":"https:\/\/now-news.de\/de\/deutschland\/schweiz-sieht-keine-rechtsgrundlage-fuer-enteignung-russischer-privatvermoegen\/"},"author":{"name":"rtnews","@id":"https:\/\/now-news.de\/de\/#\/schema\/person\/fb534a4e865501d8b3285208df34a9b5"},"headline":"Schweiz sieht keine Rechtsgrundlage f\u00fcr Enteignung russischer Privatverm\u00f6gen","datePublished":"2023-02-15T20:06:20+00:00","dateModified":"2023-02-15T20:06:20+00:00","mainEntityOfPage":{"@id":"https:\/\/now-news.de\/de\/deutschland\/schweiz-sieht-keine-rechtsgrundlage-fuer-enteignung-russischer-privatvermoegen\/"},"wordCount":440,"commentCount":0,"publisher":{"@id":"https:\/\/now-news.de\/de\/#organization"},"image":{"@id":"https:\/\/now-news.de\/de\/deutschland\/schweiz-sieht-keine-rechtsgrundlage-fuer-enteignung-russischer-privatvermoegen\/#primaryimage"},"thumbnailUrl":"https:\/\/now-news.de\/de\/wp-content\/uploads\/sites\/3\/2023\/02\/Schweiz-sieht-keine-Rechtsgrundlage-fuer-Enteignung-russischer-Privatvermoegen.jpg","keywords":["Enteignung","f\u00fcr","keine","Privatverm\u00f6gen","Rechtsgrundlage","Russischer","schweiz","sieht"],"articleSection":["Deutschland","Russland"],"inLanguage":"de","potentialAction":[{"@type":"CommentAction","name":"Comment","target":["https:\/\/now-news.de\/de\/deutschland\/schweiz-sieht-keine-rechtsgrundlage-fuer-enteignung-russischer-privatvermoegen\/#respond"]}]},{"@type":"WebPage","@id":"https:\/\/now-news.de\/de\/deutschland\/schweiz-sieht-keine-rechtsgrundlage-fuer-enteignung-russischer-privatvermoegen\/","url":"https:\/\/now-news.de\/de\/deutschland\/schweiz-sieht-keine-rechtsgrundlage-fuer-enteignung-russischer-privatvermoegen\/","name":"Schweiz sieht keine Rechtsgrundlage f\u00fcr Enteignung russischer Privatverm\u00f6gen - just-now.NEWS Deutschland","isPartOf":{"@id":"https:\/\/now-news.de\/de\/#website"},"primaryImageOfPage":{"@id":"https:\/\/now-news.de\/de\/deutschland\/schweiz-sieht-keine-rechtsgrundlage-fuer-enteignung-russischer-privatvermoegen\/#primaryimage"},"image":{"@id":"https:\/\/now-news.de\/de\/deutschland\/schweiz-sieht-keine-rechtsgrundlage-fuer-enteignung-russischer-privatvermoegen\/#primaryimage"},"thumbnailUrl":"https:\/\/now-news.de\/de\/wp-content\/uploads\/sites\/3\/2023\/02\/Schweiz-sieht-keine-Rechtsgrundlage-fuer-Enteignung-russischer-Privatvermoegen.jpg","datePublished":"2023-02-15T20:06:20+00:00","dateModified":"2023-02-15T20:06:20+00:00","breadcrumb":{"@id":"https:\/\/now-news.de\/de\/deutschland\/schweiz-sieht-keine-rechtsgrundlage-fuer-enteignung-russischer-privatvermoegen\/#breadcrumb"},"inLanguage":"de","potentialAction":[{"@type":"ReadAction","target":["https:\/\/now-news.de\/de\/deutschland\/schweiz-sieht-keine-rechtsgrundlage-fuer-enteignung-russischer-privatvermoegen\/"]}]},{"@type":"ImageObject","inLanguage":"de","@id":"https:\/\/now-news.de\/de\/deutschland\/schweiz-sieht-keine-rechtsgrundlage-fuer-enteignung-russischer-privatvermoegen\/#primaryimage","url":"https:\/\/now-news.de\/de\/wp-content\/uploads\/sites\/3\/2023\/02\/Schweiz-sieht-keine-Rechtsgrundlage-fuer-Enteignung-russischer-Privatvermoegen.jpg","contentUrl":"https:\/\/now-news.de\/de\/wp-content\/uploads\/sites\/3\/2023\/02\/Schweiz-sieht-keine-Rechtsgrundlage-fuer-Enteignung-russischer-Privatvermoegen.jpg","width":460,"height":259,"caption":"Schweiz sieht keine Rechtsgrundlage f\u00fcr Enteignung russischer Privatverm\u00f6gen"},{"@type":"BreadcrumbList","@id":"https:\/\/now-news.de\/de\/deutschland\/schweiz-sieht-keine-rechtsgrundlage-fuer-enteignung-russischer-privatvermoegen\/#breadcrumb","itemListElement":[{"@type":"ListItem","position":1,"name":"Home","item":"https:\/\/now-news.de\/de\/"},{"@type":"ListItem","position":2,"name":"Schweiz sieht keine Rechtsgrundlage f\u00fcr Enteignung russischer Privatverm\u00f6gen"}]},{"@type":"WebSite","@id":"https:\/\/now-news.de\/de\/#website","url":"https:\/\/now-news.de\/de\/","name":"just-now.NEWS Deutschland","description":"Das Portal f\u00fcr unzensierte Nachrichten aus der Welt","publisher":{"@id":"https:\/\/now-news.de\/de\/#organization"},"potentialAction":[{"@type":"SearchAction","target":{"@type":"EntryPoint","urlTemplate":"https:\/\/now-news.de\/de\/?s={search_term_string}"},"query-input":"required name=search_term_string"}],"inLanguage":"de"},{"@type":"Organization","@id":"https:\/\/now-news.de\/de\/#organization","name":"Just Now News","url":"https:\/\/now-news.de\/de\/","logo":{"@type":"ImageObject","inLanguage":"de","@id":"https:\/\/now-news.de\/de\/#\/schema\/logo\/image\/","url":"http:\/\/just-now.news\/de\/wp-content\/uploads\/sites\/3\/2022\/04\/logo500x500.jpg","contentUrl":"http:\/\/just-now.news\/de\/wp-content\/uploads\/sites\/3\/2022\/04\/logo500x500.jpg","width":500,"height":500,"caption":"Just Now News"},"image":{"@id":"https:\/\/now-news.de\/de\/#\/schema\/logo\/image\/"},"sameAs":["https:\/\/www.facebook.com\/wirmachenauf","https:\/\/x.com\/WirMachenAuf_de"]},{"@type":"Person","@id":"https:\/\/now-news.de\/de\/#\/schema\/person\/fb534a4e865501d8b3285208df34a9b5","name":"rtnews","image":{"@type":"ImageObject","inLanguage":"de","@id":"https:\/\/now-news.de\/de\/#\/schema\/person\/image\/","url":"https:\/\/secure.gravatar.com\/avatar\/82aafea7d8127119dd649515f56e2117?s=96&d=mm&r=g","contentUrl":"https:\/\/secure.gravatar.com\/avatar\/82aafea7d8127119dd649515f56e2117?s=96&d=mm&r=g","caption":"rtnews"},"url":"https:\/\/now-news.de\/de\/author\/rnews\/"}]}},"_links":{"self":[{"href":"https:\/\/now-news.de\/de\/wp-json\/wp\/v2\/posts\/30464"}],"collection":[{"href":"https:\/\/now-news.de\/de\/wp-json\/wp\/v2\/posts"}],"about":[{"href":"https:\/\/now-news.de\/de\/wp-json\/wp\/v2\/types\/post"}],"author":[{"embeddable":true,"href":"https:\/\/now-news.de\/de\/wp-json\/wp\/v2\/users\/3"}],"replies":[{"embeddable":true,"href":"https:\/\/now-news.de\/de\/wp-json\/wp\/v2\/comments?post=30464"}],"version-history":[{"count":0,"href":"https:\/\/now-news.de\/de\/wp-json\/wp\/v2\/posts\/30464\/revisions"}],"wp:featuredmedia":[{"embeddable":true,"href":"https:\/\/now-news.de\/de\/wp-json\/wp\/v2\/media\/30465"}],"wp:attachment":[{"href":"https:\/\/now-news.de\/de\/wp-json\/wp\/v2\/media?parent=30464"}],"wp:term":[{"taxonomy":"category","embeddable":true,"href":"https:\/\/now-news.de\/de\/wp-json\/wp\/v2\/categories?post=30464"},{"taxonomy":"post_tag","embeddable":true,"href":"https:\/\/now-news.de\/de\/wp-json\/wp\/v2\/tags?post=30464"}],"curies":[{"name":"wp","href":"https:\/\/api.w.org\/{rel}","templated":true}]}}