{"id":30424,"date":"2023-02-15T13:21:12","date_gmt":"2023-02-15T11:21:12","guid":{"rendered":"https:\/\/just-now.news\/de\/deutschland\/weil-russland-teilnimmt-ukraine-will-nicht-zum-osze-treffen-in-wien\/"},"modified":"2023-02-15T13:21:12","modified_gmt":"2023-02-15T11:21:12","slug":"weil-russland-teilnimmt-ukraine-will-nicht-zum-osze-treffen-in-wien","status":"publish","type":"post","link":"https:\/\/now-news.de\/de\/deutschland\/weil-russland-teilnimmt-ukraine-will-nicht-zum-osze-treffen-in-wien\/","title":{"rendered":"Weil Russland teilnimmt: Ukraine will nicht zum OSZE-Treffen in Wien"},"content":{"rendered":"<p><img decoding=\"async\" src=\"http:\/\/just-now.news\/de\/wp-content\/uploads\/sites\/3\/2023\/02\/63ecb6cc48fbef166c74b933.jpg\" \/><\/p>\n<div class=\"Text-root Text-type_1 \">\n                Die Ukraine wird keine Vertretung zur Wintertagung der Parlamentarischen Versammlung der Organisation f\u00fcr Sicherheit und Zusammenarbeit in Europa (OSZE) entsenden, die am 23. und 24. Februar in Wien tagen wird.\n            <\/div>\n<p><\/p>\n<div class=\"Text-root Text-type_5 ArticleView-text ViewText-root \">\n<p>Die Ukraine will der Wintertagung der Parlamentarischen Versammlung der Organisation f\u00fcr Sicherheit und Zusammenarbeit in Europa (OSZE) am 23. und 24. Februar fernbleiben, weil Russland an der Sitzung teilnimmt.<\/p>\n<p>Die Absage Kiews wurde in einem Brief an die Pr\u00e4sidentin der Parlamentarischen Versammlung der OSZE, Margareta Cederfelt, erkl\u00e4rt. In dem Brief, der der \u00f6sterreichischen Nachrichtenagentur <em>APA<\/em> vorliegen soll, schreibt der ukrainische Delegationsleiter Mykyta Poturajew:<\/p>\n<blockquote>\n<p><em>&#8220;Wir haben erfahren, dass die \u00f6sterreichischen Beh\u00f6rden gewillt sind, Visa f\u00fcr Mitglieder der russischen Delegation auszustellen, und deshalb russische Parlamentarier an der Wintertagung teilnehmen werden.&#8221;<\/em><\/p>\n<\/blockquote>\n<p>Poturajew erinnerte in seinem mit 13. Februar datierten Schreiben daran, dass die Tagung auf den &#8220;Jahrestag der russischen Invasion gegen sein Land&#8221; falle und &#8220;alle russischen Delegationsmitglieder diese auch unterst\u00fctzt h\u00e4tten&#8221;. Deshalb seien sie von der internationalen Staatengemeinschaft auch mit Sanktionen belegt worden.<\/p>\n<p>Laut Poturajew werde die russische Delegation die Veranstaltung zur &#8220;Rechtfertigung der Aggression gegen die Ukraine&#8221; sowie zur &#8220;Sch\u00f6nf\u00e4rberei von an Ukrainern ver\u00fcbten Kriegsverbrechen und Verbrechen gegen die Menschlichkeit&#8221; nutzen. Er schreibt weiter:<\/p>\n<blockquote>\n<p><em>&#8220;All das wird die Integrit\u00e4t der Parlamentarischen Versammlung unterminieren und jene eindeutige Position kompromittieren, die sie in Bezug auf die russische Aggression seit 2014 gezeigt hat.&#8221;<\/em><\/p>\n<\/blockquote>\n<p>Im Fall der russischen Teilnahme an der Versammlung sei man daher nicht in der Lage teilzunehmen, so Poturajew weiter. Laut dem Delegationsleiter h\u00e4tten auch andere OSZE-Staaten &#8220;starke Bedenken&#8221; in Bezug auf eine Teilnahme Russlands.<\/p>\n<p>Litauen etwa k\u00fcndigte gegen\u00fcber der <em>APA<\/em> angek\u00fcndigt, die Tagung boykottieren zu wollen. Die Parlamentarische Versammlung der OSZE dagegen hatte vor einer Woche klargestellt, dass \u00d6sterreich allen Delegationen Visa ausstellen muss.<\/p>\n<p>Das Amtssitzabkommen verlange von \u00d6sterreich, den teilnehmenden Delegationen die Einreise zu erleichtern, &#8220;was bedeutet, dass das Ausstellen von Visa keine Ermessensfrage, sondern eine Frage der rechtlichen Verpflichtung ist&#8221;.<\/p>\n<p><strong>Mehr zum Thema<\/strong>\u00a0&#8211; <a rel=\"nofollow noopener\" target=\"_blank\" href=\"https:\/\/gegenzensur.rtde.life\/europa\/161843-russische-delegation-reist-zur-osze\/\">Russische Delegation reist zur OSZE-Sitzung am 24. Februar nach Wien<\/a><\/p>\n<div class=\"EmbedBlock-root EmbedBlock-externalVideo EmbedBlock-odysee\">\n<div class=\"VkEmbed\"><iframe class=\"lazyload\" data-src=\"https:\/\/odysee.com\/%24\/embed\/%40RTDE%3Ae%2FJournalist-konfrontiert-NATO-Chef-Wieso-sollte-irgendwer-noch-glauben-dass-die-NATO-nicht-im-Krieg-mit-Russland-ist%3A3\" frameborder=\"0\" width=\"853\" height=\"480\" allowfullscreen><\/iframe><\/div>\n<\/div>\n<\/div>\n<p><br \/>\n<br \/><a href=\"https:\/\/de.rt.com\/international\/162977-weil-russland-teilnimmt-ukraine-will-nicht-zum-osze-treffen-in-wien\/\">Source link <\/a><\/p>\n","protected":false},"excerpt":{"rendered":"<p>Die Ukraine wird keine Vertretung zur Wintertagung der Parlamentarischen Versammlung der Organisation f\u00fcr Sicherheit und Zusammenarbeit in Europa (OSZE) entsenden, die am 23. und 24. Februar in Wien tagen wird. Die Ukraine will der Wintertagung der Parlamentarischen Versammlung der Organisation f\u00fcr Sicherheit und Zusammenarbeit in Europa (OSZE) am 23. und 24. Februar fernbleiben, weil Russland [&hellip;]<\/p>\n","protected":false},"author":3,"featured_media":30425,"comment_status":"open","ping_status":"open","sticky":false,"template":"","format":"standard","meta":{"_yoast_indexnow_last_ping":["1676461015"],"wp_automatic_camp":["217"],"6e6cb676994f4c08e91db74dc031f081":["Weil Russland teilnimmt: Ukraine will nicht zum OSZE-Treffen in Wien"],"original_link":["https:\/\/de.rt.com\/international\/162977-weil-russland-teilnimmt-ukraine-will-nicht-zum-osze-treffen-in-wien\/"],"_thumbnail_id":["30425"],"_wptgpro_p2tg_sent2tg":["a:1:{i:23737;s:19:\"2023-02-15 13:37:56\";}"],"jnews_social_counter_last_update":["1777695320"]},"categories":[19,23],"tags":[800,40831,126,40830,127,9228,22652,565],"yoast_head":"<!-- This site is optimized with the Yoast SEO Premium plugin v22.7 (Yoast SEO v22.7) - https:\/\/yoast.com\/wordpress\/plugins\/seo\/ -->\n<title>Weil Russland teilnimmt: Ukraine will nicht zum OSZE-Treffen in Wien - just-now.NEWS Deutschland<\/title>\n<meta name=\"robots\" content=\"index, follow, max-snippet:-1, max-image-preview:large, max-video-preview:-1\" \/>\n<link rel=\"canonical\" href=\"https:\/\/now-news.de\/de\/deutschland\/weil-russland-teilnimmt-ukraine-will-nicht-zum-osze-treffen-in-wien\/\" \/>\n<meta property=\"og:locale\" content=\"de_DE\" \/>\n<meta property=\"og:type\" content=\"article\" \/>\n<meta property=\"og:title\" content=\"Weil Russland teilnimmt: Ukraine will nicht zum OSZE-Treffen in Wien\" \/>\n<meta property=\"og:description\" content=\"Die Ukraine wird keine Vertretung zur Wintertagung der Parlamentarischen Versammlung der Organisation f\u00fcr Sicherheit und Zusammenarbeit in Europa (OSZE) entsenden, die am 23. und 24. Februar in Wien tagen wird. Die Ukraine will der Wintertagung der Parlamentarischen Versammlung der Organisation f\u00fcr Sicherheit und Zusammenarbeit in Europa (OSZE) am 23. und 24. Februar fernbleiben, weil Russland [&hellip;]\" \/>\n<meta property=\"og:url\" content=\"https:\/\/now-news.de\/de\/deutschland\/weil-russland-teilnimmt-ukraine-will-nicht-zum-osze-treffen-in-wien\/\" \/>\n<meta property=\"og:site_name\" content=\"just-now.NEWS Deutschland\" \/>\n<meta property=\"article:publisher\" content=\"https:\/\/www.facebook.com\/wirmachenauf\" \/>\n<meta property=\"article:published_time\" content=\"2023-02-15T11:21:12+00:00\" \/>\n<meta property=\"og:image\" content=\"https:\/\/now-news.de\/de\/wp-content\/uploads\/sites\/3\/2023\/02\/Weil-Russland-teilnimmt-Ukraine-will-nicht-zum-OSZE-Treffen-in-Wien.jpg\" \/>\n\t<meta property=\"og:image:width\" content=\"460\" \/>\n\t<meta property=\"og:image:height\" content=\"259\" \/>\n\t<meta property=\"og:image:type\" content=\"image\/jpeg\" \/>\n<meta name=\"author\" content=\"rtnews\" \/>\n<meta name=\"twitter:card\" content=\"summary_large_image\" \/>\n<meta name=\"twitter:creator\" content=\"@WirMachenAuf_de\" \/>\n<meta name=\"twitter:site\" content=\"@WirMachenAuf_de\" \/>\n<meta name=\"twitter:label1\" content=\"Verfasst von\" \/>\n\t<meta name=\"twitter:data1\" content=\"rtnews\" \/>\n\t<meta name=\"twitter:label2\" content=\"Gesch\u00e4tzte Lesezeit\" \/>\n\t<meta name=\"twitter:data2\" content=\"2\u00a0Minuten\" \/>\n<script type=\"application\/ld+json\" class=\"yoast-schema-graph\">{\"@context\":\"https:\/\/schema.org\",\"@graph\":[{\"@type\":\"Article\",\"@id\":\"https:\/\/now-news.de\/de\/deutschland\/weil-russland-teilnimmt-ukraine-will-nicht-zum-osze-treffen-in-wien\/#article\",\"isPartOf\":{\"@id\":\"https:\/\/now-news.de\/de\/deutschland\/weil-russland-teilnimmt-ukraine-will-nicht-zum-osze-treffen-in-wien\/\"},\"author\":{\"name\":\"rtnews\",\"@id\":\"https:\/\/now-news.de\/de\/#\/schema\/person\/fb534a4e865501d8b3285208df34a9b5\"},\"headline\":\"Weil Russland teilnimmt: Ukraine will nicht zum OSZE-Treffen in Wien\",\"datePublished\":\"2023-02-15T11:21:12+00:00\",\"dateModified\":\"2023-02-15T11:21:12+00:00\",\"mainEntityOfPage\":{\"@id\":\"https:\/\/now-news.de\/de\/deutschland\/weil-russland-teilnimmt-ukraine-will-nicht-zum-osze-treffen-in-wien\/\"},\"wordCount\":347,\"commentCount\":0,\"publisher\":{\"@id\":\"https:\/\/now-news.de\/de\/#organization\"},\"image\":{\"@id\":\"https:\/\/now-news.de\/de\/deutschland\/weil-russland-teilnimmt-ukraine-will-nicht-zum-osze-treffen-in-wien\/#primaryimage\"},\"thumbnailUrl\":\"https:\/\/now-news.de\/de\/wp-content\/uploads\/sites\/3\/2023\/02\/Weil-Russland-teilnimmt-Ukraine-will-nicht-zum-OSZE-Treffen-in-Wien.jpg\",\"keywords\":[\"nicht\",\"OSZETreffen\",\"russland\",\"teilnimmt\",\"ukraine\",\"weil\",\"Wien\",\"zum\"],\"articleSection\":[\"Deutschland\",\"Russland\"],\"inLanguage\":\"de\",\"potentialAction\":[{\"@type\":\"CommentAction\",\"name\":\"Comment\",\"target\":[\"https:\/\/now-news.de\/de\/deutschland\/weil-russland-teilnimmt-ukraine-will-nicht-zum-osze-treffen-in-wien\/#respond\"]}]},{\"@type\":\"WebPage\",\"@id\":\"https:\/\/now-news.de\/de\/deutschland\/weil-russland-teilnimmt-ukraine-will-nicht-zum-osze-treffen-in-wien\/\",\"url\":\"https:\/\/now-news.de\/de\/deutschland\/weil-russland-teilnimmt-ukraine-will-nicht-zum-osze-treffen-in-wien\/\",\"name\":\"Weil Russland teilnimmt: Ukraine will nicht zum OSZE-Treffen in Wien - just-now.NEWS Deutschland\",\"isPartOf\":{\"@id\":\"https:\/\/now-news.de\/de\/#website\"},\"primaryImageOfPage\":{\"@id\":\"https:\/\/now-news.de\/de\/deutschland\/weil-russland-teilnimmt-ukraine-will-nicht-zum-osze-treffen-in-wien\/#primaryimage\"},\"image\":{\"@id\":\"https:\/\/now-news.de\/de\/deutschland\/weil-russland-teilnimmt-ukraine-will-nicht-zum-osze-treffen-in-wien\/#primaryimage\"},\"thumbnailUrl\":\"https:\/\/now-news.de\/de\/wp-content\/uploads\/sites\/3\/2023\/02\/Weil-Russland-teilnimmt-Ukraine-will-nicht-zum-OSZE-Treffen-in-Wien.jpg\",\"datePublished\":\"2023-02-15T11:21:12+00:00\",\"dateModified\":\"2023-02-15T11:21:12+00:00\",\"breadcrumb\":{\"@id\":\"https:\/\/now-news.de\/de\/deutschland\/weil-russland-teilnimmt-ukraine-will-nicht-zum-osze-treffen-in-wien\/#breadcrumb\"},\"inLanguage\":\"de\",\"potentialAction\":[{\"@type\":\"ReadAction\",\"target\":[\"https:\/\/now-news.de\/de\/deutschland\/weil-russland-teilnimmt-ukraine-will-nicht-zum-osze-treffen-in-wien\/\"]}]},{\"@type\":\"ImageObject\",\"inLanguage\":\"de\",\"@id\":\"https:\/\/now-news.de\/de\/deutschland\/weil-russland-teilnimmt-ukraine-will-nicht-zum-osze-treffen-in-wien\/#primaryimage\",\"url\":\"https:\/\/now-news.de\/de\/wp-content\/uploads\/sites\/3\/2023\/02\/Weil-Russland-teilnimmt-Ukraine-will-nicht-zum-OSZE-Treffen-in-Wien.jpg\",\"contentUrl\":\"https:\/\/now-news.de\/de\/wp-content\/uploads\/sites\/3\/2023\/02\/Weil-Russland-teilnimmt-Ukraine-will-nicht-zum-OSZE-Treffen-in-Wien.jpg\",\"width\":460,\"height\":259,\"caption\":\"Weil Russland teilnimmt: Ukraine will nicht zum OSZE-Treffen in Wien\"},{\"@type\":\"BreadcrumbList\",\"@id\":\"https:\/\/now-news.de\/de\/deutschland\/weil-russland-teilnimmt-ukraine-will-nicht-zum-osze-treffen-in-wien\/#breadcrumb\",\"itemListElement\":[{\"@type\":\"ListItem\",\"position\":1,\"name\":\"Home\",\"item\":\"https:\/\/now-news.de\/de\/\"},{\"@type\":\"ListItem\",\"position\":2,\"name\":\"Weil Russland teilnimmt: Ukraine will nicht zum OSZE-Treffen in Wien\"}]},{\"@type\":\"WebSite\",\"@id\":\"https:\/\/now-news.de\/de\/#website\",\"url\":\"https:\/\/now-news.de\/de\/\",\"name\":\"just-now.NEWS Deutschland\",\"description\":\"Das Portal f\u00fcr unzensierte Nachrichten aus der Welt\",\"publisher\":{\"@id\":\"https:\/\/now-news.de\/de\/#organization\"},\"potentialAction\":[{\"@type\":\"SearchAction\",\"target\":{\"@type\":\"EntryPoint\",\"urlTemplate\":\"https:\/\/now-news.de\/de\/?s={search_term_string}\"},\"query-input\":\"required name=search_term_string\"}],\"inLanguage\":\"de\"},{\"@type\":\"Organization\",\"@id\":\"https:\/\/now-news.de\/de\/#organization\",\"name\":\"Just Now News\",\"url\":\"https:\/\/now-news.de\/de\/\",\"logo\":{\"@type\":\"ImageObject\",\"inLanguage\":\"de\",\"@id\":\"https:\/\/now-news.de\/de\/#\/schema\/logo\/image\/\",\"url\":\"http:\/\/just-now.news\/de\/wp-content\/uploads\/sites\/3\/2022\/04\/logo500x500.jpg\",\"contentUrl\":\"http:\/\/just-now.news\/de\/wp-content\/uploads\/sites\/3\/2022\/04\/logo500x500.jpg\",\"width\":500,\"height\":500,\"caption\":\"Just Now News\"},\"image\":{\"@id\":\"https:\/\/now-news.de\/de\/#\/schema\/logo\/image\/\"},\"sameAs\":[\"https:\/\/www.facebook.com\/wirmachenauf\",\"https:\/\/x.com\/WirMachenAuf_de\"]},{\"@type\":\"Person\",\"@id\":\"https:\/\/now-news.de\/de\/#\/schema\/person\/fb534a4e865501d8b3285208df34a9b5\",\"name\":\"rtnews\",\"image\":{\"@type\":\"ImageObject\",\"inLanguage\":\"de\",\"@id\":\"https:\/\/now-news.de\/de\/#\/schema\/person\/image\/\",\"url\":\"https:\/\/secure.gravatar.com\/avatar\/82aafea7d8127119dd649515f56e2117?s=96&d=mm&r=g\",\"contentUrl\":\"https:\/\/secure.gravatar.com\/avatar\/82aafea7d8127119dd649515f56e2117?s=96&d=mm&r=g\",\"caption\":\"rtnews\"},\"url\":\"https:\/\/now-news.de\/de\/author\/rnews\/\"}]}<\/script>\n<!-- \/ Yoast SEO Premium plugin. -->","yoast_head_json":{"title":"Weil Russland teilnimmt: Ukraine will nicht zum OSZE-Treffen in Wien - just-now.NEWS Deutschland","robots":{"index":"index","follow":"follow","max-snippet":"max-snippet:-1","max-image-preview":"max-image-preview:large","max-video-preview":"max-video-preview:-1"},"canonical":"https:\/\/now-news.de\/de\/deutschland\/weil-russland-teilnimmt-ukraine-will-nicht-zum-osze-treffen-in-wien\/","og_locale":"de_DE","og_type":"article","og_title":"Weil Russland teilnimmt: Ukraine will nicht zum OSZE-Treffen in Wien","og_description":"Die Ukraine wird keine Vertretung zur Wintertagung der Parlamentarischen Versammlung der Organisation f\u00fcr Sicherheit und Zusammenarbeit in Europa (OSZE) entsenden, die am 23. und 24. Februar in Wien tagen wird. Die Ukraine will der Wintertagung der Parlamentarischen Versammlung der Organisation f\u00fcr Sicherheit und Zusammenarbeit in Europa (OSZE) am 23. und 24. Februar fernbleiben, weil Russland [&hellip;]","og_url":"https:\/\/now-news.de\/de\/deutschland\/weil-russland-teilnimmt-ukraine-will-nicht-zum-osze-treffen-in-wien\/","og_site_name":"just-now.NEWS Deutschland","article_publisher":"https:\/\/www.facebook.com\/wirmachenauf","article_published_time":"2023-02-15T11:21:12+00:00","og_image":[{"width":460,"height":259,"url":"https:\/\/now-news.de\/de\/wp-content\/uploads\/sites\/3\/2023\/02\/Weil-Russland-teilnimmt-Ukraine-will-nicht-zum-OSZE-Treffen-in-Wien.jpg","type":"image\/jpeg"}],"author":"rtnews","twitter_card":"summary_large_image","twitter_creator":"@WirMachenAuf_de","twitter_site":"@WirMachenAuf_de","twitter_misc":{"Verfasst von":"rtnews","Gesch\u00e4tzte Lesezeit":"2\u00a0Minuten"},"schema":{"@context":"https:\/\/schema.org","@graph":[{"@type":"Article","@id":"https:\/\/now-news.de\/de\/deutschland\/weil-russland-teilnimmt-ukraine-will-nicht-zum-osze-treffen-in-wien\/#article","isPartOf":{"@id":"https:\/\/now-news.de\/de\/deutschland\/weil-russland-teilnimmt-ukraine-will-nicht-zum-osze-treffen-in-wien\/"},"author":{"name":"rtnews","@id":"https:\/\/now-news.de\/de\/#\/schema\/person\/fb534a4e865501d8b3285208df34a9b5"},"headline":"Weil Russland teilnimmt: Ukraine will nicht zum OSZE-Treffen in Wien","datePublished":"2023-02-15T11:21:12+00:00","dateModified":"2023-02-15T11:21:12+00:00","mainEntityOfPage":{"@id":"https:\/\/now-news.de\/de\/deutschland\/weil-russland-teilnimmt-ukraine-will-nicht-zum-osze-treffen-in-wien\/"},"wordCount":347,"commentCount":0,"publisher":{"@id":"https:\/\/now-news.de\/de\/#organization"},"image":{"@id":"https:\/\/now-news.de\/de\/deutschland\/weil-russland-teilnimmt-ukraine-will-nicht-zum-osze-treffen-in-wien\/#primaryimage"},"thumbnailUrl":"https:\/\/now-news.de\/de\/wp-content\/uploads\/sites\/3\/2023\/02\/Weil-Russland-teilnimmt-Ukraine-will-nicht-zum-OSZE-Treffen-in-Wien.jpg","keywords":["nicht","OSZETreffen","russland","teilnimmt","ukraine","weil","Wien","zum"],"articleSection":["Deutschland","Russland"],"inLanguage":"de","potentialAction":[{"@type":"CommentAction","name":"Comment","target":["https:\/\/now-news.de\/de\/deutschland\/weil-russland-teilnimmt-ukraine-will-nicht-zum-osze-treffen-in-wien\/#respond"]}]},{"@type":"WebPage","@id":"https:\/\/now-news.de\/de\/deutschland\/weil-russland-teilnimmt-ukraine-will-nicht-zum-osze-treffen-in-wien\/","url":"https:\/\/now-news.de\/de\/deutschland\/weil-russland-teilnimmt-ukraine-will-nicht-zum-osze-treffen-in-wien\/","name":"Weil Russland teilnimmt: Ukraine will nicht zum OSZE-Treffen in Wien - just-now.NEWS Deutschland","isPartOf":{"@id":"https:\/\/now-news.de\/de\/#website"},"primaryImageOfPage":{"@id":"https:\/\/now-news.de\/de\/deutschland\/weil-russland-teilnimmt-ukraine-will-nicht-zum-osze-treffen-in-wien\/#primaryimage"},"image":{"@id":"https:\/\/now-news.de\/de\/deutschland\/weil-russland-teilnimmt-ukraine-will-nicht-zum-osze-treffen-in-wien\/#primaryimage"},"thumbnailUrl":"https:\/\/now-news.de\/de\/wp-content\/uploads\/sites\/3\/2023\/02\/Weil-Russland-teilnimmt-Ukraine-will-nicht-zum-OSZE-Treffen-in-Wien.jpg","datePublished":"2023-02-15T11:21:12+00:00","dateModified":"2023-02-15T11:21:12+00:00","breadcrumb":{"@id":"https:\/\/now-news.de\/de\/deutschland\/weil-russland-teilnimmt-ukraine-will-nicht-zum-osze-treffen-in-wien\/#breadcrumb"},"inLanguage":"de","potentialAction":[{"@type":"ReadAction","target":["https:\/\/now-news.de\/de\/deutschland\/weil-russland-teilnimmt-ukraine-will-nicht-zum-osze-treffen-in-wien\/"]}]},{"@type":"ImageObject","inLanguage":"de","@id":"https:\/\/now-news.de\/de\/deutschland\/weil-russland-teilnimmt-ukraine-will-nicht-zum-osze-treffen-in-wien\/#primaryimage","url":"https:\/\/now-news.de\/de\/wp-content\/uploads\/sites\/3\/2023\/02\/Weil-Russland-teilnimmt-Ukraine-will-nicht-zum-OSZE-Treffen-in-Wien.jpg","contentUrl":"https:\/\/now-news.de\/de\/wp-content\/uploads\/sites\/3\/2023\/02\/Weil-Russland-teilnimmt-Ukraine-will-nicht-zum-OSZE-Treffen-in-Wien.jpg","width":460,"height":259,"caption":"Weil Russland teilnimmt: Ukraine will nicht zum OSZE-Treffen in Wien"},{"@type":"BreadcrumbList","@id":"https:\/\/now-news.de\/de\/deutschland\/weil-russland-teilnimmt-ukraine-will-nicht-zum-osze-treffen-in-wien\/#breadcrumb","itemListElement":[{"@type":"ListItem","position":1,"name":"Home","item":"https:\/\/now-news.de\/de\/"},{"@type":"ListItem","position":2,"name":"Weil Russland teilnimmt: Ukraine will nicht zum OSZE-Treffen in Wien"}]},{"@type":"WebSite","@id":"https:\/\/now-news.de\/de\/#website","url":"https:\/\/now-news.de\/de\/","name":"just-now.NEWS Deutschland","description":"Das Portal f\u00fcr unzensierte Nachrichten aus der Welt","publisher":{"@id":"https:\/\/now-news.de\/de\/#organization"},"potentialAction":[{"@type":"SearchAction","target":{"@type":"EntryPoint","urlTemplate":"https:\/\/now-news.de\/de\/?s={search_term_string}"},"query-input":"required name=search_term_string"}],"inLanguage":"de"},{"@type":"Organization","@id":"https:\/\/now-news.de\/de\/#organization","name":"Just Now News","url":"https:\/\/now-news.de\/de\/","logo":{"@type":"ImageObject","inLanguage":"de","@id":"https:\/\/now-news.de\/de\/#\/schema\/logo\/image\/","url":"http:\/\/just-now.news\/de\/wp-content\/uploads\/sites\/3\/2022\/04\/logo500x500.jpg","contentUrl":"http:\/\/just-now.news\/de\/wp-content\/uploads\/sites\/3\/2022\/04\/logo500x500.jpg","width":500,"height":500,"caption":"Just Now News"},"image":{"@id":"https:\/\/now-news.de\/de\/#\/schema\/logo\/image\/"},"sameAs":["https:\/\/www.facebook.com\/wirmachenauf","https:\/\/x.com\/WirMachenAuf_de"]},{"@type":"Person","@id":"https:\/\/now-news.de\/de\/#\/schema\/person\/fb534a4e865501d8b3285208df34a9b5","name":"rtnews","image":{"@type":"ImageObject","inLanguage":"de","@id":"https:\/\/now-news.de\/de\/#\/schema\/person\/image\/","url":"https:\/\/secure.gravatar.com\/avatar\/82aafea7d8127119dd649515f56e2117?s=96&d=mm&r=g","contentUrl":"https:\/\/secure.gravatar.com\/avatar\/82aafea7d8127119dd649515f56e2117?s=96&d=mm&r=g","caption":"rtnews"},"url":"https:\/\/now-news.de\/de\/author\/rnews\/"}]}},"_links":{"self":[{"href":"https:\/\/now-news.de\/de\/wp-json\/wp\/v2\/posts\/30424"}],"collection":[{"href":"https:\/\/now-news.de\/de\/wp-json\/wp\/v2\/posts"}],"about":[{"href":"https:\/\/now-news.de\/de\/wp-json\/wp\/v2\/types\/post"}],"author":[{"embeddable":true,"href":"https:\/\/now-news.de\/de\/wp-json\/wp\/v2\/users\/3"}],"replies":[{"embeddable":true,"href":"https:\/\/now-news.de\/de\/wp-json\/wp\/v2\/comments?post=30424"}],"version-history":[{"count":0,"href":"https:\/\/now-news.de\/de\/wp-json\/wp\/v2\/posts\/30424\/revisions"}],"wp:featuredmedia":[{"embeddable":true,"href":"https:\/\/now-news.de\/de\/wp-json\/wp\/v2\/media\/30425"}],"wp:attachment":[{"href":"https:\/\/now-news.de\/de\/wp-json\/wp\/v2\/media?parent=30424"}],"wp:term":[{"taxonomy":"category","embeddable":true,"href":"https:\/\/now-news.de\/de\/wp-json\/wp\/v2\/categories?post=30424"},{"taxonomy":"post_tag","embeddable":true,"href":"https:\/\/now-news.de\/de\/wp-json\/wp\/v2\/tags?post=30424"}],"curies":[{"name":"wp","href":"https:\/\/api.w.org\/{rel}","templated":true}]}}