{"id":30415,"date":"2023-02-15T10:42:10","date_gmt":"2023-02-15T08:42:10","guid":{"rendered":"https:\/\/just-now.news\/de\/deutschland\/nato-generalsekretaer-stoltenberg-bestaetigt-ukraine-krieg-begann-bereits-im-jahr-2014\/"},"modified":"2023-02-15T10:42:10","modified_gmt":"2023-02-15T08:42:10","slug":"nato-generalsekretaer-stoltenberg-bestaetigt-ukraine-krieg-begann-bereits-im-jahr-2014","status":"publish","type":"post","link":"https:\/\/now-news.de\/de\/deutschland\/nato-generalsekretaer-stoltenberg-bestaetigt-ukraine-krieg-begann-bereits-im-jahr-2014\/","title":{"rendered":"NATO-Generalsekret\u00e4r Stoltenberg best\u00e4tigt: Ukraine-Krieg begann bereits im Jahr 2014"},"content":{"rendered":"<p><img decoding=\"async\" src=\"http:\/\/just-now.news\/de\/wp-content\/uploads\/sites\/3\/2023\/02\/63ec7a7848fbef07eb3a4ba3.jpg\" \/><\/p>\n<div class=\"Text-root Text-type_1 \">\n                F\u00fcr viele Analysten und Betrachter eine jahrelange Tatsache. F\u00fcr Gro\u00dfteile der Medien und Politik ein Argument der &#8220;Putin-Versteher&#8221; oder Bestandteil von Verschw\u00f6rungstheorien. Nun erfolgte die offizielle Best\u00e4tigung aus dem Hauptquartier der NATO. &#8220;Kampftruppen&#8221; wurden demnach schon 2016 &#8220;festgelegt&#8221;.\n            <\/div>\n<p><\/p>\n<div class=\"Text-root Text-type_5 ArticleView-text ViewText-root \">\n<p>Die offizielle Sprach- und Gedankenregelung seitens der hiesigen Polit- und Medienszene behauptet unbeirrbar und ablehnend gegen\u00fcber jeglichen Gegenargumenten, dass der Ukraine-Krieg am 24. Februar 2022 begann. Die gesamte Vorgeschichte eines sich stetig dynamisierenden Konflikts zwischen der NATO und Russland sei dabei nicht zu negieren. Kritiker dieser Darstellung, also der Wahrnehmung eines schon seit Jahren schwelenden Kriegskonflikts, gerieten jedoch bis zum 13. Februar 2023 sehr schnell in den Verdacht unangebrachter, daher auff\u00e4lliger Geschichtsf\u00e4lschung und\u00a0str\u00e4flicher Russland-Sympathie.<\/p>\n<p>Auf der <a rel=\"nofollow noopener\" target=\"_blank\" href=\"https:\/\/www.youtube.com\/watch?v=Cyy1gPk_8rg\">Pressekonferenz<\/a>\u00a0im NATO-Hauptquartier am 13. Februar\u00a0lie\u00df nun der\u00a0Generalsekret\u00e4r Jens Stoltenberg h\u00f6chstpers\u00f6nlich die anwesenden Journalisten aufhorchen, bez\u00fcglich einer\u00a0nun offiziellen Datumskorrektur hinsichtlich des Beginns kriegerischer Ereignisse in der Ukraine.\u00a0Ein\u00a0<em>Associated Press<\/em>-Reporter wollte von dem Generalsekret\u00e4r erfahren, wie nach einem Jahr der\u00a0j\u00fcngsten Ereignisse in der Ukraine, der aktuelle Krieg &#8220;die NATO und insbesondere Ihre (Stoltenbergs) Arbeit ver\u00e4ndert&#8221; h\u00e4tte (Min. 28:19). Die w\u00f6rtliche\u00a0Erkl\u00e4rung lautete:<\/p>\n<blockquote>\n<p><em>&#8220;In einer Hinsicht hat sich die NATO nicht ver\u00e4ndert. Es hat gerade gezeigt, wie wichtig die NATO gewesen ist. Tats\u00e4chlich hat die NATO seit 2014 die gr\u00f6\u00dfte Verst\u00e4rkung der kollektiven Verteidigung seit einer Generation durchgef\u00fchrt, weil der Krieg nicht letztes Jahr im Februar begann. Er begann 2014.&#8221;<\/em><\/p>\n<\/blockquote>\n<div class=\"EmbedBlock-root EmbedBlock-twitter\">\n<div class=\"TwitterEmbed\">\n<blockquote class=\"twitter-tweet lazyload\" data-twitter=\"twitter-tweet\">\n<p lang=\"de\" dir=\"ltr\">Ab jetzt keine Verschw\u00f6rungstheorie mehr, NATO-Generalsekret\u00e4r Stoltenberg: \u201eWie wichtig es war, dass die NATO seit 2014 die gr\u00f6\u00dfte Verst\u00e4rkung unserer gesamten Verteidigung seit einer Generation durchgef\u00fchrt hat. Weil der Krieg nicht letztes Jahr Februar begann, es begann 2014.\u201c <a rel=\"nofollow noopener\" target=\"_blank\" href=\"https:\/\/t.co\/VrlBIfzVio\">pic.twitter.com\/VrlBIfzVio<\/a><\/p>\n<p>\u2014 Zentrale Ermittlungsstelle (@ZentraleV) <a rel=\"nofollow noopener\" target=\"_blank\" href=\"https:\/\/twitter.com\/ZentraleV\/status\/1625210535619792897?ref_src=twsrc%5Etfw\">February 13, 2023<\/a><\/p><\/blockquote>\n<\/div>\n<\/div>\n<p>Diese nun best\u00e4tigte Tatsache h\u00e4tte &#8220;zu einer umfassenden Anpassung unseres B\u00fcndnisses, mit h\u00f6herer Bereitschaft der Streitkr\u00e4fte, mit mehr Pr\u00e4senz im \u00f6stlichen Teil des B\u00fcndnisses, mit mehr \u00dcbungen gef\u00fchrt&#8221;, so Stoltenberg weiter in seiner Ausf\u00fchrung zu Aktivit\u00e4ten an der NATO-Ostflanke. Als vermeintlich positiven Nebeneffekt der geb\u00fcndelten Aktivit\u00e4ten des milit\u00e4rischen B\u00fcndnisses in der Ukraine erg\u00e4nzte der NATO-Leiter mit den Worten:<\/p>\n<blockquote>\n<p><em>&#8220;Und zum ersten Mal seit vielen, vielen Jahren haben alle Verb\u00fcndeten begonnen, ihre Verteidigungsausgaben zu erh\u00f6hen.&#8221;<\/em><\/p>\n<\/blockquote>\n<p>Mit Beginn der Ereignisse ab dem 24. Februar h\u00e4tte das NATO-B\u00fcndnis unmittelbar beschlossen &#8220;unsere Pr\u00e4senz zu erh\u00f6hen&#8221;, um\u00a0diese &#8220;verst\u00e4rkte Pr\u00e4senz aufzubauen, die wir in den letzten Jahren bereits umgesetzt haben&#8221;. Es folgte dann eine\u00a0weitere Best\u00e4tigung:<\/p>\n<blockquote>\n<p><em>&#8220;Wir haben die\u00a0Kampftruppen 2016 festgelegt.&#8221;<\/em><\/p>\n<\/blockquote>\n<p>Die &#8220;Invasion war keine \u00dcberraschung&#8221;, so Stoltenberg weiter erl\u00e4uternd. Die Ereignisse waren &#8220;absehbar&#8221;, daher\u00a0w\u00e4re die NATO &#8220;vorbereitet gewesen, als es passierte&#8221;.<\/p>\n<p><strong>Mehr zum Thema &#8211;<\/strong>\u00a0 <a rel=\"nofollow noopener\" target=\"_blank\" href=\"https:\/\/pressefreiheit.rtde.tech\/international\/162861-nato-will-sich-auf-unterseekabel\/\">Neue NATO-Einheit zum Schutz &#8220;kritischer Unterwasserinfrastruktur&#8221;<\/a><\/p>\n<\/div>\n<p><script async src=\"https:\/\/platform.twitter.com\/widgets.js\" charset=\"utf-8\"><\/script><br \/>\n<br \/><br \/>\n<br \/><a href=\"https:\/\/de.rt.com\/international\/162944-nato-generalsekretaer-stoltenberg-bestaetigt-ukraine-krieg-seit-2014\/\">Source link <\/a><\/p>\n","protected":false},"excerpt":{"rendered":"<p>F\u00fcr viele Analysten und Betrachter eine jahrelange Tatsache. F\u00fcr Gro\u00dfteile der Medien und Politik ein Argument der &#8220;Putin-Versteher&#8221; oder Bestandteil von Verschw\u00f6rungstheorien. Nun erfolgte die offizielle Best\u00e4tigung aus dem Hauptquartier der NATO. &#8220;Kampftruppen&#8221; wurden demnach schon 2016 &#8220;festgelegt&#8221;. Die offizielle Sprach- und Gedankenregelung seitens der hiesigen Polit- und Medienszene behauptet unbeirrbar und ablehnend gegen\u00fcber jeglichen [&hellip;]<\/p>\n","protected":false},"author":3,"featured_media":30416,"comment_status":"open","ping_status":"open","sticky":false,"template":"","format":"standard","meta":{"_yoast_indexnow_last_ping":["1676451370"],"wp_automatic_camp":["217"],"b4374887531b2e2bf8ba18f530c5756a":["NATO-Generalsekret\u00e4r Stoltenberg best\u00e4tigt: Ukraine-Krieg begann bereits im Jahr 2014"],"original_link":["https:\/\/de.rt.com\/international\/162944-nato-generalsekretaer-stoltenberg-bestaetigt-ukraine-krieg-seit-2014\/"],"_thumbnail_id":["30416"],"_wptgpro_p2tg_sent2tg":["a:1:{i:23737;s:19:\"2023-02-15 10:57:13\";}"],"jnews_social_counter_last_update":["1777150501"]},"categories":[19,23],"tags":[17340,10014,1438,1615,29418,22084,566],"yoast_head":"<!-- This site is optimized with the Yoast SEO Premium plugin v22.7 (Yoast SEO v22.7) - https:\/\/yoast.com\/wordpress\/plugins\/seo\/ -->\n<title>NATO-Generalsekret\u00e4r Stoltenberg best\u00e4tigt: Ukraine-Krieg begann bereits im Jahr 2014 - just-now.NEWS Deutschland<\/title>\n<meta name=\"robots\" content=\"index, follow, max-snippet:-1, max-image-preview:large, max-video-preview:-1\" \/>\n<link rel=\"canonical\" href=\"https:\/\/now-news.de\/de\/deutschland\/nato-generalsekretaer-stoltenberg-bestaetigt-ukraine-krieg-begann-bereits-im-jahr-2014\/\" \/>\n<meta property=\"og:locale\" content=\"de_DE\" \/>\n<meta property=\"og:type\" content=\"article\" \/>\n<meta property=\"og:title\" content=\"NATO-Generalsekret\u00e4r Stoltenberg best\u00e4tigt: Ukraine-Krieg begann bereits im Jahr 2014\" \/>\n<meta property=\"og:description\" content=\"F\u00fcr viele Analysten und Betrachter eine jahrelange Tatsache. F\u00fcr Gro\u00dfteile der Medien und Politik ein Argument der &#8220;Putin-Versteher&#8221; oder Bestandteil von Verschw\u00f6rungstheorien. Nun erfolgte die offizielle Best\u00e4tigung aus dem Hauptquartier der NATO. &#8220;Kampftruppen&#8221; wurden demnach schon 2016 &#8220;festgelegt&#8221;. Die offizielle Sprach- und Gedankenregelung seitens der hiesigen Polit- und Medienszene behauptet unbeirrbar und ablehnend gegen\u00fcber jeglichen [&hellip;]\" \/>\n<meta property=\"og:url\" content=\"https:\/\/now-news.de\/de\/deutschland\/nato-generalsekretaer-stoltenberg-bestaetigt-ukraine-krieg-begann-bereits-im-jahr-2014\/\" \/>\n<meta property=\"og:site_name\" content=\"just-now.NEWS Deutschland\" \/>\n<meta property=\"article:publisher\" content=\"https:\/\/www.facebook.com\/wirmachenauf\" \/>\n<meta property=\"article:published_time\" content=\"2023-02-15T08:42:10+00:00\" \/>\n<meta property=\"og:image\" content=\"https:\/\/now-news.de\/de\/wp-content\/uploads\/sites\/3\/2023\/02\/NATO-Generalsekretaer-Stoltenberg-bestaetigt-Ukraine-Krieg-begann-bereits-im-Jahr-2014.jpg\" \/>\n\t<meta property=\"og:image:width\" content=\"460\" \/>\n\t<meta property=\"og:image:height\" content=\"259\" \/>\n\t<meta property=\"og:image:type\" content=\"image\/jpeg\" \/>\n<meta name=\"author\" content=\"rtnews\" \/>\n<meta name=\"twitter:card\" content=\"summary_large_image\" \/>\n<meta name=\"twitter:creator\" content=\"@WirMachenAuf_de\" \/>\n<meta name=\"twitter:site\" content=\"@WirMachenAuf_de\" \/>\n<meta name=\"twitter:label1\" content=\"Verfasst von\" \/>\n\t<meta name=\"twitter:data1\" content=\"rtnews\" \/>\n\t<meta name=\"twitter:label2\" content=\"Gesch\u00e4tzte Lesezeit\" \/>\n\t<meta name=\"twitter:data2\" content=\"2\u00a0Minuten\" \/>\n<script type=\"application\/ld+json\" class=\"yoast-schema-graph\">{\"@context\":\"https:\/\/schema.org\",\"@graph\":[{\"@type\":\"Article\",\"@id\":\"https:\/\/now-news.de\/de\/deutschland\/nato-generalsekretaer-stoltenberg-bestaetigt-ukraine-krieg-begann-bereits-im-jahr-2014\/#article\",\"isPartOf\":{\"@id\":\"https:\/\/now-news.de\/de\/deutschland\/nato-generalsekretaer-stoltenberg-bestaetigt-ukraine-krieg-begann-bereits-im-jahr-2014\/\"},\"author\":{\"name\":\"rtnews\",\"@id\":\"https:\/\/now-news.de\/de\/#\/schema\/person\/fb534a4e865501d8b3285208df34a9b5\"},\"headline\":\"NATO-Generalsekret\u00e4r Stoltenberg best\u00e4tigt: Ukraine-Krieg begann bereits im Jahr 2014\",\"datePublished\":\"2023-02-15T08:42:10+00:00\",\"dateModified\":\"2023-02-15T08:42:10+00:00\",\"mainEntityOfPage\":{\"@id\":\"https:\/\/now-news.de\/de\/deutschland\/nato-generalsekretaer-stoltenberg-bestaetigt-ukraine-krieg-begann-bereits-im-jahr-2014\/\"},\"wordCount\":478,\"commentCount\":1,\"publisher\":{\"@id\":\"https:\/\/now-news.de\/de\/#organization\"},\"image\":{\"@id\":\"https:\/\/now-news.de\/de\/deutschland\/nato-generalsekretaer-stoltenberg-bestaetigt-ukraine-krieg-begann-bereits-im-jahr-2014\/#primaryimage\"},\"thumbnailUrl\":\"https:\/\/now-news.de\/de\/wp-content\/uploads\/sites\/3\/2023\/02\/NATO-Generalsekretaer-Stoltenberg-bestaetigt-Ukraine-Krieg-begann-bereits-im-Jahr-2014.jpg\",\"keywords\":[\"begann\",\"bereits\",\"best\u00e4tigt\",\"Jahr\",\"NATOGeneralsekret\u00e4r\",\"Stoltenberg\",\"UkraineKrieg\"],\"articleSection\":[\"Deutschland\",\"Russland\"],\"inLanguage\":\"de\",\"potentialAction\":[{\"@type\":\"CommentAction\",\"name\":\"Comment\",\"target\":[\"https:\/\/now-news.de\/de\/deutschland\/nato-generalsekretaer-stoltenberg-bestaetigt-ukraine-krieg-begann-bereits-im-jahr-2014\/#respond\"]}]},{\"@type\":\"WebPage\",\"@id\":\"https:\/\/now-news.de\/de\/deutschland\/nato-generalsekretaer-stoltenberg-bestaetigt-ukraine-krieg-begann-bereits-im-jahr-2014\/\",\"url\":\"https:\/\/now-news.de\/de\/deutschland\/nato-generalsekretaer-stoltenberg-bestaetigt-ukraine-krieg-begann-bereits-im-jahr-2014\/\",\"name\":\"NATO-Generalsekret\u00e4r Stoltenberg best\u00e4tigt: Ukraine-Krieg begann bereits im Jahr 2014 - just-now.NEWS Deutschland\",\"isPartOf\":{\"@id\":\"https:\/\/now-news.de\/de\/#website\"},\"primaryImageOfPage\":{\"@id\":\"https:\/\/now-news.de\/de\/deutschland\/nato-generalsekretaer-stoltenberg-bestaetigt-ukraine-krieg-begann-bereits-im-jahr-2014\/#primaryimage\"},\"image\":{\"@id\":\"https:\/\/now-news.de\/de\/deutschland\/nato-generalsekretaer-stoltenberg-bestaetigt-ukraine-krieg-begann-bereits-im-jahr-2014\/#primaryimage\"},\"thumbnailUrl\":\"https:\/\/now-news.de\/de\/wp-content\/uploads\/sites\/3\/2023\/02\/NATO-Generalsekretaer-Stoltenberg-bestaetigt-Ukraine-Krieg-begann-bereits-im-Jahr-2014.jpg\",\"datePublished\":\"2023-02-15T08:42:10+00:00\",\"dateModified\":\"2023-02-15T08:42:10+00:00\",\"breadcrumb\":{\"@id\":\"https:\/\/now-news.de\/de\/deutschland\/nato-generalsekretaer-stoltenberg-bestaetigt-ukraine-krieg-begann-bereits-im-jahr-2014\/#breadcrumb\"},\"inLanguage\":\"de\",\"potentialAction\":[{\"@type\":\"ReadAction\",\"target\":[\"https:\/\/now-news.de\/de\/deutschland\/nato-generalsekretaer-stoltenberg-bestaetigt-ukraine-krieg-begann-bereits-im-jahr-2014\/\"]}]},{\"@type\":\"ImageObject\",\"inLanguage\":\"de\",\"@id\":\"https:\/\/now-news.de\/de\/deutschland\/nato-generalsekretaer-stoltenberg-bestaetigt-ukraine-krieg-begann-bereits-im-jahr-2014\/#primaryimage\",\"url\":\"https:\/\/now-news.de\/de\/wp-content\/uploads\/sites\/3\/2023\/02\/NATO-Generalsekretaer-Stoltenberg-bestaetigt-Ukraine-Krieg-begann-bereits-im-Jahr-2014.jpg\",\"contentUrl\":\"https:\/\/now-news.de\/de\/wp-content\/uploads\/sites\/3\/2023\/02\/NATO-Generalsekretaer-Stoltenberg-bestaetigt-Ukraine-Krieg-begann-bereits-im-Jahr-2014.jpg\",\"width\":460,\"height\":259,\"caption\":\"NATO-Generalsekret\u00e4r Stoltenberg best\u00e4tigt: Ukraine-Krieg begann bereits im Jahr 2014\"},{\"@type\":\"BreadcrumbList\",\"@id\":\"https:\/\/now-news.de\/de\/deutschland\/nato-generalsekretaer-stoltenberg-bestaetigt-ukraine-krieg-begann-bereits-im-jahr-2014\/#breadcrumb\",\"itemListElement\":[{\"@type\":\"ListItem\",\"position\":1,\"name\":\"Home\",\"item\":\"https:\/\/now-news.de\/de\/\"},{\"@type\":\"ListItem\",\"position\":2,\"name\":\"NATO-Generalsekret\u00e4r Stoltenberg best\u00e4tigt: Ukraine-Krieg begann bereits im Jahr 2014\"}]},{\"@type\":\"WebSite\",\"@id\":\"https:\/\/now-news.de\/de\/#website\",\"url\":\"https:\/\/now-news.de\/de\/\",\"name\":\"just-now.NEWS Deutschland\",\"description\":\"Das Portal f\u00fcr unzensierte Nachrichten aus der Welt\",\"publisher\":{\"@id\":\"https:\/\/now-news.de\/de\/#organization\"},\"potentialAction\":[{\"@type\":\"SearchAction\",\"target\":{\"@type\":\"EntryPoint\",\"urlTemplate\":\"https:\/\/now-news.de\/de\/?s={search_term_string}\"},\"query-input\":\"required name=search_term_string\"}],\"inLanguage\":\"de\"},{\"@type\":\"Organization\",\"@id\":\"https:\/\/now-news.de\/de\/#organization\",\"name\":\"Just Now News\",\"url\":\"https:\/\/now-news.de\/de\/\",\"logo\":{\"@type\":\"ImageObject\",\"inLanguage\":\"de\",\"@id\":\"https:\/\/now-news.de\/de\/#\/schema\/logo\/image\/\",\"url\":\"http:\/\/just-now.news\/de\/wp-content\/uploads\/sites\/3\/2022\/04\/logo500x500.jpg\",\"contentUrl\":\"http:\/\/just-now.news\/de\/wp-content\/uploads\/sites\/3\/2022\/04\/logo500x500.jpg\",\"width\":500,\"height\":500,\"caption\":\"Just Now News\"},\"image\":{\"@id\":\"https:\/\/now-news.de\/de\/#\/schema\/logo\/image\/\"},\"sameAs\":[\"https:\/\/www.facebook.com\/wirmachenauf\",\"https:\/\/x.com\/WirMachenAuf_de\"]},{\"@type\":\"Person\",\"@id\":\"https:\/\/now-news.de\/de\/#\/schema\/person\/fb534a4e865501d8b3285208df34a9b5\",\"name\":\"rtnews\",\"image\":{\"@type\":\"ImageObject\",\"inLanguage\":\"de\",\"@id\":\"https:\/\/now-news.de\/de\/#\/schema\/person\/image\/\",\"url\":\"https:\/\/secure.gravatar.com\/avatar\/82aafea7d8127119dd649515f56e2117?s=96&d=mm&r=g\",\"contentUrl\":\"https:\/\/secure.gravatar.com\/avatar\/82aafea7d8127119dd649515f56e2117?s=96&d=mm&r=g\",\"caption\":\"rtnews\"},\"url\":\"https:\/\/now-news.de\/de\/author\/rnews\/\"}]}<\/script>\n<!-- \/ Yoast SEO Premium plugin. -->","yoast_head_json":{"title":"NATO-Generalsekret\u00e4r Stoltenberg best\u00e4tigt: Ukraine-Krieg begann bereits im Jahr 2014 - just-now.NEWS Deutschland","robots":{"index":"index","follow":"follow","max-snippet":"max-snippet:-1","max-image-preview":"max-image-preview:large","max-video-preview":"max-video-preview:-1"},"canonical":"https:\/\/now-news.de\/de\/deutschland\/nato-generalsekretaer-stoltenberg-bestaetigt-ukraine-krieg-begann-bereits-im-jahr-2014\/","og_locale":"de_DE","og_type":"article","og_title":"NATO-Generalsekret\u00e4r Stoltenberg best\u00e4tigt: Ukraine-Krieg begann bereits im Jahr 2014","og_description":"F\u00fcr viele Analysten und Betrachter eine jahrelange Tatsache. F\u00fcr Gro\u00dfteile der Medien und Politik ein Argument der &#8220;Putin-Versteher&#8221; oder Bestandteil von Verschw\u00f6rungstheorien. Nun erfolgte die offizielle Best\u00e4tigung aus dem Hauptquartier der NATO. &#8220;Kampftruppen&#8221; wurden demnach schon 2016 &#8220;festgelegt&#8221;. Die offizielle Sprach- und Gedankenregelung seitens der hiesigen Polit- und Medienszene behauptet unbeirrbar und ablehnend gegen\u00fcber jeglichen [&hellip;]","og_url":"https:\/\/now-news.de\/de\/deutschland\/nato-generalsekretaer-stoltenberg-bestaetigt-ukraine-krieg-begann-bereits-im-jahr-2014\/","og_site_name":"just-now.NEWS Deutschland","article_publisher":"https:\/\/www.facebook.com\/wirmachenauf","article_published_time":"2023-02-15T08:42:10+00:00","og_image":[{"width":460,"height":259,"url":"https:\/\/now-news.de\/de\/wp-content\/uploads\/sites\/3\/2023\/02\/NATO-Generalsekretaer-Stoltenberg-bestaetigt-Ukraine-Krieg-begann-bereits-im-Jahr-2014.jpg","type":"image\/jpeg"}],"author":"rtnews","twitter_card":"summary_large_image","twitter_creator":"@WirMachenAuf_de","twitter_site":"@WirMachenAuf_de","twitter_misc":{"Verfasst von":"rtnews","Gesch\u00e4tzte Lesezeit":"2\u00a0Minuten"},"schema":{"@context":"https:\/\/schema.org","@graph":[{"@type":"Article","@id":"https:\/\/now-news.de\/de\/deutschland\/nato-generalsekretaer-stoltenberg-bestaetigt-ukraine-krieg-begann-bereits-im-jahr-2014\/#article","isPartOf":{"@id":"https:\/\/now-news.de\/de\/deutschland\/nato-generalsekretaer-stoltenberg-bestaetigt-ukraine-krieg-begann-bereits-im-jahr-2014\/"},"author":{"name":"rtnews","@id":"https:\/\/now-news.de\/de\/#\/schema\/person\/fb534a4e865501d8b3285208df34a9b5"},"headline":"NATO-Generalsekret\u00e4r Stoltenberg best\u00e4tigt: Ukraine-Krieg begann bereits im Jahr 2014","datePublished":"2023-02-15T08:42:10+00:00","dateModified":"2023-02-15T08:42:10+00:00","mainEntityOfPage":{"@id":"https:\/\/now-news.de\/de\/deutschland\/nato-generalsekretaer-stoltenberg-bestaetigt-ukraine-krieg-begann-bereits-im-jahr-2014\/"},"wordCount":478,"commentCount":1,"publisher":{"@id":"https:\/\/now-news.de\/de\/#organization"},"image":{"@id":"https:\/\/now-news.de\/de\/deutschland\/nato-generalsekretaer-stoltenberg-bestaetigt-ukraine-krieg-begann-bereits-im-jahr-2014\/#primaryimage"},"thumbnailUrl":"https:\/\/now-news.de\/de\/wp-content\/uploads\/sites\/3\/2023\/02\/NATO-Generalsekretaer-Stoltenberg-bestaetigt-Ukraine-Krieg-begann-bereits-im-Jahr-2014.jpg","keywords":["begann","bereits","best\u00e4tigt","Jahr","NATOGeneralsekret\u00e4r","Stoltenberg","UkraineKrieg"],"articleSection":["Deutschland","Russland"],"inLanguage":"de","potentialAction":[{"@type":"CommentAction","name":"Comment","target":["https:\/\/now-news.de\/de\/deutschland\/nato-generalsekretaer-stoltenberg-bestaetigt-ukraine-krieg-begann-bereits-im-jahr-2014\/#respond"]}]},{"@type":"WebPage","@id":"https:\/\/now-news.de\/de\/deutschland\/nato-generalsekretaer-stoltenberg-bestaetigt-ukraine-krieg-begann-bereits-im-jahr-2014\/","url":"https:\/\/now-news.de\/de\/deutschland\/nato-generalsekretaer-stoltenberg-bestaetigt-ukraine-krieg-begann-bereits-im-jahr-2014\/","name":"NATO-Generalsekret\u00e4r Stoltenberg best\u00e4tigt: Ukraine-Krieg begann bereits im Jahr 2014 - just-now.NEWS Deutschland","isPartOf":{"@id":"https:\/\/now-news.de\/de\/#website"},"primaryImageOfPage":{"@id":"https:\/\/now-news.de\/de\/deutschland\/nato-generalsekretaer-stoltenberg-bestaetigt-ukraine-krieg-begann-bereits-im-jahr-2014\/#primaryimage"},"image":{"@id":"https:\/\/now-news.de\/de\/deutschland\/nato-generalsekretaer-stoltenberg-bestaetigt-ukraine-krieg-begann-bereits-im-jahr-2014\/#primaryimage"},"thumbnailUrl":"https:\/\/now-news.de\/de\/wp-content\/uploads\/sites\/3\/2023\/02\/NATO-Generalsekretaer-Stoltenberg-bestaetigt-Ukraine-Krieg-begann-bereits-im-Jahr-2014.jpg","datePublished":"2023-02-15T08:42:10+00:00","dateModified":"2023-02-15T08:42:10+00:00","breadcrumb":{"@id":"https:\/\/now-news.de\/de\/deutschland\/nato-generalsekretaer-stoltenberg-bestaetigt-ukraine-krieg-begann-bereits-im-jahr-2014\/#breadcrumb"},"inLanguage":"de","potentialAction":[{"@type":"ReadAction","target":["https:\/\/now-news.de\/de\/deutschland\/nato-generalsekretaer-stoltenberg-bestaetigt-ukraine-krieg-begann-bereits-im-jahr-2014\/"]}]},{"@type":"ImageObject","inLanguage":"de","@id":"https:\/\/now-news.de\/de\/deutschland\/nato-generalsekretaer-stoltenberg-bestaetigt-ukraine-krieg-begann-bereits-im-jahr-2014\/#primaryimage","url":"https:\/\/now-news.de\/de\/wp-content\/uploads\/sites\/3\/2023\/02\/NATO-Generalsekretaer-Stoltenberg-bestaetigt-Ukraine-Krieg-begann-bereits-im-Jahr-2014.jpg","contentUrl":"https:\/\/now-news.de\/de\/wp-content\/uploads\/sites\/3\/2023\/02\/NATO-Generalsekretaer-Stoltenberg-bestaetigt-Ukraine-Krieg-begann-bereits-im-Jahr-2014.jpg","width":460,"height":259,"caption":"NATO-Generalsekret\u00e4r Stoltenberg best\u00e4tigt: Ukraine-Krieg begann bereits im Jahr 2014"},{"@type":"BreadcrumbList","@id":"https:\/\/now-news.de\/de\/deutschland\/nato-generalsekretaer-stoltenberg-bestaetigt-ukraine-krieg-begann-bereits-im-jahr-2014\/#breadcrumb","itemListElement":[{"@type":"ListItem","position":1,"name":"Home","item":"https:\/\/now-news.de\/de\/"},{"@type":"ListItem","position":2,"name":"NATO-Generalsekret\u00e4r Stoltenberg best\u00e4tigt: Ukraine-Krieg begann bereits im Jahr 2014"}]},{"@type":"WebSite","@id":"https:\/\/now-news.de\/de\/#website","url":"https:\/\/now-news.de\/de\/","name":"just-now.NEWS Deutschland","description":"Das Portal f\u00fcr unzensierte Nachrichten aus der Welt","publisher":{"@id":"https:\/\/now-news.de\/de\/#organization"},"potentialAction":[{"@type":"SearchAction","target":{"@type":"EntryPoint","urlTemplate":"https:\/\/now-news.de\/de\/?s={search_term_string}"},"query-input":"required name=search_term_string"}],"inLanguage":"de"},{"@type":"Organization","@id":"https:\/\/now-news.de\/de\/#organization","name":"Just Now News","url":"https:\/\/now-news.de\/de\/","logo":{"@type":"ImageObject","inLanguage":"de","@id":"https:\/\/now-news.de\/de\/#\/schema\/logo\/image\/","url":"http:\/\/just-now.news\/de\/wp-content\/uploads\/sites\/3\/2022\/04\/logo500x500.jpg","contentUrl":"http:\/\/just-now.news\/de\/wp-content\/uploads\/sites\/3\/2022\/04\/logo500x500.jpg","width":500,"height":500,"caption":"Just Now News"},"image":{"@id":"https:\/\/now-news.de\/de\/#\/schema\/logo\/image\/"},"sameAs":["https:\/\/www.facebook.com\/wirmachenauf","https:\/\/x.com\/WirMachenAuf_de"]},{"@type":"Person","@id":"https:\/\/now-news.de\/de\/#\/schema\/person\/fb534a4e865501d8b3285208df34a9b5","name":"rtnews","image":{"@type":"ImageObject","inLanguage":"de","@id":"https:\/\/now-news.de\/de\/#\/schema\/person\/image\/","url":"https:\/\/secure.gravatar.com\/avatar\/82aafea7d8127119dd649515f56e2117?s=96&d=mm&r=g","contentUrl":"https:\/\/secure.gravatar.com\/avatar\/82aafea7d8127119dd649515f56e2117?s=96&d=mm&r=g","caption":"rtnews"},"url":"https:\/\/now-news.de\/de\/author\/rnews\/"}]}},"_links":{"self":[{"href":"https:\/\/now-news.de\/de\/wp-json\/wp\/v2\/posts\/30415"}],"collection":[{"href":"https:\/\/now-news.de\/de\/wp-json\/wp\/v2\/posts"}],"about":[{"href":"https:\/\/now-news.de\/de\/wp-json\/wp\/v2\/types\/post"}],"author":[{"embeddable":true,"href":"https:\/\/now-news.de\/de\/wp-json\/wp\/v2\/users\/3"}],"replies":[{"embeddable":true,"href":"https:\/\/now-news.de\/de\/wp-json\/wp\/v2\/comments?post=30415"}],"version-history":[{"count":0,"href":"https:\/\/now-news.de\/de\/wp-json\/wp\/v2\/posts\/30415\/revisions"}],"wp:featuredmedia":[{"embeddable":true,"href":"https:\/\/now-news.de\/de\/wp-json\/wp\/v2\/media\/30416"}],"wp:attachment":[{"href":"https:\/\/now-news.de\/de\/wp-json\/wp\/v2\/media?parent=30415"}],"wp:term":[{"taxonomy":"category","embeddable":true,"href":"https:\/\/now-news.de\/de\/wp-json\/wp\/v2\/categories?post=30415"},{"taxonomy":"post_tag","embeddable":true,"href":"https:\/\/now-news.de\/de\/wp-json\/wp\/v2\/tags?post=30415"}],"curies":[{"name":"wp","href":"https:\/\/api.w.org\/{rel}","templated":true}]}}