{"id":30383,"date":"2023-02-14T22:43:25","date_gmt":"2023-02-14T20:43:25","guid":{"rendered":"https:\/\/just-now.news\/de\/deutschland\/corona-masken-und-testpflicht-in-gesundheits-und-pflegeeinrichtungen-endet-am-1-maerz\/"},"modified":"2023-02-14T22:43:25","modified_gmt":"2023-02-14T20:43:25","slug":"corona-masken-und-testpflicht-in-gesundheits-und-pflegeeinrichtungen-endet-am-1-maerz","status":"publish","type":"post","link":"https:\/\/now-news.de\/de\/deutschland\/corona-masken-und-testpflicht-in-gesundheits-und-pflegeeinrichtungen-endet-am-1-maerz\/","title":{"rendered":"Corona: Masken- und Testpflicht in Gesundheits- und Pflegeeinrichtungen endet am 1. M\u00e4rz"},"content":{"rendered":"<p><img decoding=\"async\" src=\"http:\/\/just-now.news\/de\/wp-content\/uploads\/sites\/3\/2023\/02\/63eba4fcb480cc12835a2961.jpg\" \/><\/p>\n<div class=\"Text-root Text-type_1 \">\n                Wie das Bundesgesundheitsministerium bekannt gibt, sollen wegen der &#8220;stabilen Infektionslage&#8221; zum 1. M\u00e4rz fast alle Masken- und Testpflichten entfallen. Darauf haben sich die Gesundheitsminister des Bundes und der L\u00e4nder verst\u00e4ndigt. M\u00f6glich seien die Lockerungen aufgrund der &#8220;erfolgreichen Corona-Politik&#8221;.\n            <\/div>\n<p><\/p>\n<div class=\"Text-root Text-type_5 ArticleView-text ViewText-root \">\n<p>Nun sollen die Masken- und Testpflicht f\u00fcr Besch\u00e4ftigte und Bewohner in Gesundheits- und Pflegeeinrichtungen \u2013 eher als urspr\u00fcnglich geplant \u2013 zum 1. M\u00e4rz entfallen. Bisher waren diese Regelungen bis zum 7. April vorgesehen. Heute haben sich die Gesundheitsminister von Bund und L\u00e4ndern darauf verst\u00e4ndigt, diese Lockerungen um mehr als einen Monat vorzuziehen. Allerdings ist f\u00fcr Besuche in Arztpraxen, Kliniken und Pflegeheimen weiterhin noch das Tragen einer Maske Pflicht.<\/p>\n<p>Das Bundesgesundheitsministerium <a rel=\"nofollow noopener\" target=\"_blank\" href=\"https:\/\/www.bundesgesundheitsministerium.de\/presse\/pressemitteilungen\/test-und-maskenpflicht-fallen-bereits-zum-1-maerz-14-02-2023.html\">lobte<\/a> die eigene Politik w\u00e4hrend der Corona-Krise. Auf der Website des Ministeriums wird Karl Lauterbach mit folgenden Worten zitiert:<\/p>\n<blockquote>\n<p><em>&#8220;Deutschland ist gut durch die Pandemie gekommen. Wir haben eine relativ alte Bev\u00f6lkerung, die Impfquote ist relativ niedrig. Und trotzdem haben wir weniger Tote zu beklagen als viele andere L\u00e4nder. Das verdanken wir nicht zuletzt einer konsequenten Corona-Politik. Eine der konsequentesten in Europa.&#8221;<\/em><\/p>\n<\/blockquote>\n<p><strong>Maskenpflicht in Arztpraxen und medizinischen Einrichtungen<\/strong><\/p>\n<p>Weiter behauptete der Minister: &#8220;Unterm Strich ist die Infektionslage seit Wochen stabil. Die 7-Tage-Inzidenz stagniert. Die Krankenh\u00e4user k\u00f6nnen die Corona-Kranken gut versorgen.&#8221; Nur beim Besuch medizinischer Einrichtungen gelte es nach wie vor, vorsichtig zu sein. Deshalb werde in diesen Bereichen die Maskenpflicht noch ein paar Wochen aufrechterhalten.<\/p>\n<p>Und wer Patienten oder Heimbewohner besucht\u00a0oder Arzttermine wahrnimmt, m\u00fcsse ebenfalls weiterhin Maske tragen. Lauterbach dazu: &#8220;Das sollte uns der Schutz vulnerabler Gruppen wert sein.&#8221; Schlie\u00dflich behauptete der Bundesgesundheitsminister:<\/p>\n<blockquote>\n<p><em>&#8220;Die Pandemie ist noch nicht vorbei. Aber die Pandemie hat ihren Schrecken verloren. Das Virus ist im Alltag beherrschbar. Und daraus ziehen wir Konsequenzen.&#8221;<\/em><\/p>\n<\/blockquote>\n<p>Im Unterschied zu den meisten europ\u00e4ischen Nachbarstaaten\u00a0waren\u00a0in Deutschland als Vorbereitung auf eine m\u00f6glicherweise kritischere Pandemielage in diesem Winter mehrere bundesweite Corona-Bestimmungen im Infektionsschutzgesetz weiterhin festgeschrieben worden. Diese Ma\u00dfnahmen lie\u00dfen sich jedoch nicht mehr vollst\u00e4ndig durchhalten.<\/p>\n<p>So war Anfang Februar bereits die Maskenpflicht in Fernz\u00fcgen und Fernbussen, wie betont wird, &#8220;vorzeitig&#8221; ausgesetzt worden. Auch im Nahverkehr gelten nach entsprechenden Regelungen der L\u00e4nder ebenfalls keine Maskenpflichten mehr. Nach und nach hatten die Bundesl\u00e4nder auch die Isolationspflicht f\u00fcr positiv auf Corona Getestete auslaufen lassen.<\/p>\n<p><em>(rt\/dpa)<\/em><\/p>\n<p><strong>Mehr zum Thema<\/strong> &#8211; <a rel=\"nofollow noopener\" target=\"_blank\" href=\"https:\/\/freeassange.rtde.life\/meinung\/162794-keiner-ist-es-gewesen-corona\/\">Keiner ist es gewesen: Corona-Kommandeure &#8211; Irre irrten gern<\/a><\/p>\n<\/div>\n<p><br \/>\n<br \/><a href=\"https:\/\/de.rt.com\/inland\/162904-corona-masken-und-testpflicht-in\/\">Source link <\/a><\/p>\n","protected":false},"excerpt":{"rendered":"<p>Wie das Bundesgesundheitsministerium bekannt gibt, sollen wegen der &#8220;stabilen Infektionslage&#8221; zum 1. M\u00e4rz fast alle Masken- und Testpflichten entfallen. Darauf haben sich die Gesundheitsminister des Bundes und der L\u00e4nder verst\u00e4ndigt. M\u00f6glich seien die Lockerungen aufgrund der &#8220;erfolgreichen Corona-Politik&#8221;. Nun sollen die Masken- und Testpflicht f\u00fcr Besch\u00e4ftigte und Bewohner in Gesundheits- und Pflegeeinrichtungen \u2013 eher als [&hellip;]<\/p>\n","protected":false},"author":3,"featured_media":30384,"comment_status":"open","ping_status":"open","sticky":false,"template":"","format":"standard","meta":{"_yoast_indexnow_last_ping":["1676407859"],"wp_automatic_camp":["217"],"872c9223899db82ce08ea7adbec6ffce":["Corona: Masken- und Testpflicht in Gesundheits- und Pflegeeinrichtungen endet am 1. M\u00e4rz"],"original_link":["https:\/\/de.rt.com\/inland\/162904-corona-masken-und-testpflicht-in\/"],"_thumbnail_id":["30384"],"_wptgpro_p2tg_sent2tg":["a:1:{i:23737;s:19:\"2023-02-14 22:51:59\";}"],"jnews_social_counter_last_update":["1776792290"]},"categories":[19,23],"tags":[124,13966,33354,9175,80,33819,26295,140],"yoast_head":"<!-- This site is optimized with the Yoast SEO Premium plugin v22.7 (Yoast SEO v22.7) - https:\/\/yoast.com\/wordpress\/plugins\/seo\/ -->\n<title>Corona: Masken- und Testpflicht in Gesundheits- und Pflegeeinrichtungen endet am 1. M\u00e4rz - just-now.NEWS Deutschland<\/title>\n<meta name=\"robots\" content=\"index, follow, max-snippet:-1, max-image-preview:large, max-video-preview:-1\" \/>\n<link rel=\"canonical\" href=\"https:\/\/now-news.de\/de\/deutschland\/corona-masken-und-testpflicht-in-gesundheits-und-pflegeeinrichtungen-endet-am-1-maerz\/\" \/>\n<meta property=\"og:locale\" content=\"de_DE\" \/>\n<meta property=\"og:type\" content=\"article\" \/>\n<meta property=\"og:title\" content=\"Corona: Masken- und Testpflicht in Gesundheits- und Pflegeeinrichtungen endet am 1. M\u00e4rz\" \/>\n<meta property=\"og:description\" content=\"Wie das Bundesgesundheitsministerium bekannt gibt, sollen wegen der &#8220;stabilen Infektionslage&#8221; zum 1. M\u00e4rz fast alle Masken- und Testpflichten entfallen. Darauf haben sich die Gesundheitsminister des Bundes und der L\u00e4nder verst\u00e4ndigt. M\u00f6glich seien die Lockerungen aufgrund der &#8220;erfolgreichen Corona-Politik&#8221;. Nun sollen die Masken- und Testpflicht f\u00fcr Besch\u00e4ftigte und Bewohner in Gesundheits- und Pflegeeinrichtungen \u2013 eher als [&hellip;]\" \/>\n<meta property=\"og:url\" content=\"https:\/\/now-news.de\/de\/deutschland\/corona-masken-und-testpflicht-in-gesundheits-und-pflegeeinrichtungen-endet-am-1-maerz\/\" \/>\n<meta property=\"og:site_name\" content=\"just-now.NEWS Deutschland\" \/>\n<meta property=\"article:publisher\" content=\"https:\/\/www.facebook.com\/wirmachenauf\" \/>\n<meta property=\"article:published_time\" content=\"2023-02-14T20:43:25+00:00\" \/>\n<meta property=\"og:image\" content=\"https:\/\/now-news.de\/de\/wp-content\/uploads\/sites\/3\/2023\/02\/Corona-Masken-und-Testpflicht-in-Gesundheits-und-Pflegeeinrichtungen-endet-am.jpg\" \/>\n\t<meta property=\"og:image:width\" content=\"460\" \/>\n\t<meta property=\"og:image:height\" content=\"259\" \/>\n\t<meta property=\"og:image:type\" content=\"image\/jpeg\" \/>\n<meta name=\"author\" content=\"rtnews\" \/>\n<meta name=\"twitter:card\" content=\"summary_large_image\" \/>\n<meta name=\"twitter:creator\" content=\"@WirMachenAuf_de\" \/>\n<meta name=\"twitter:site\" content=\"@WirMachenAuf_de\" \/>\n<meta name=\"twitter:label1\" content=\"Verfasst von\" \/>\n\t<meta name=\"twitter:data1\" content=\"rtnews\" \/>\n\t<meta name=\"twitter:label2\" content=\"Gesch\u00e4tzte Lesezeit\" \/>\n\t<meta name=\"twitter:data2\" content=\"2\u00a0Minuten\" \/>\n<script type=\"application\/ld+json\" class=\"yoast-schema-graph\">{\"@context\":\"https:\/\/schema.org\",\"@graph\":[{\"@type\":\"Article\",\"@id\":\"https:\/\/now-news.de\/de\/deutschland\/corona-masken-und-testpflicht-in-gesundheits-und-pflegeeinrichtungen-endet-am-1-maerz\/#article\",\"isPartOf\":{\"@id\":\"https:\/\/now-news.de\/de\/deutschland\/corona-masken-und-testpflicht-in-gesundheits-und-pflegeeinrichtungen-endet-am-1-maerz\/\"},\"author\":{\"name\":\"rtnews\",\"@id\":\"https:\/\/now-news.de\/de\/#\/schema\/person\/fb534a4e865501d8b3285208df34a9b5\"},\"headline\":\"Corona: Masken- und Testpflicht in Gesundheits- und Pflegeeinrichtungen endet am 1. M\u00e4rz\",\"datePublished\":\"2023-02-14T20:43:25+00:00\",\"dateModified\":\"2023-02-14T20:43:25+00:00\",\"mainEntityOfPage\":{\"@id\":\"https:\/\/now-news.de\/de\/deutschland\/corona-masken-und-testpflicht-in-gesundheits-und-pflegeeinrichtungen-endet-am-1-maerz\/\"},\"wordCount\":411,\"commentCount\":0,\"publisher\":{\"@id\":\"https:\/\/now-news.de\/de\/#organization\"},\"image\":{\"@id\":\"https:\/\/now-news.de\/de\/deutschland\/corona-masken-und-testpflicht-in-gesundheits-und-pflegeeinrichtungen-endet-am-1-maerz\/#primaryimage\"},\"thumbnailUrl\":\"https:\/\/now-news.de\/de\/wp-content\/uploads\/sites\/3\/2023\/02\/Corona-Masken-und-Testpflicht-in-Gesundheits-und-Pflegeeinrichtungen-endet-am.jpg\",\"keywords\":[\"corona\",\"endet\",\"Gesundheits\",\"M\u00e4rz\",\"Masken\",\"Pflegeeinrichtungen\",\"Testpflicht\",\"und\"],\"articleSection\":[\"Deutschland\",\"Russland\"],\"inLanguage\":\"de\",\"potentialAction\":[{\"@type\":\"CommentAction\",\"name\":\"Comment\",\"target\":[\"https:\/\/now-news.de\/de\/deutschland\/corona-masken-und-testpflicht-in-gesundheits-und-pflegeeinrichtungen-endet-am-1-maerz\/#respond\"]}]},{\"@type\":\"WebPage\",\"@id\":\"https:\/\/now-news.de\/de\/deutschland\/corona-masken-und-testpflicht-in-gesundheits-und-pflegeeinrichtungen-endet-am-1-maerz\/\",\"url\":\"https:\/\/now-news.de\/de\/deutschland\/corona-masken-und-testpflicht-in-gesundheits-und-pflegeeinrichtungen-endet-am-1-maerz\/\",\"name\":\"Corona: Masken- und Testpflicht in Gesundheits- und Pflegeeinrichtungen endet am 1. M\u00e4rz - just-now.NEWS Deutschland\",\"isPartOf\":{\"@id\":\"https:\/\/now-news.de\/de\/#website\"},\"primaryImageOfPage\":{\"@id\":\"https:\/\/now-news.de\/de\/deutschland\/corona-masken-und-testpflicht-in-gesundheits-und-pflegeeinrichtungen-endet-am-1-maerz\/#primaryimage\"},\"image\":{\"@id\":\"https:\/\/now-news.de\/de\/deutschland\/corona-masken-und-testpflicht-in-gesundheits-und-pflegeeinrichtungen-endet-am-1-maerz\/#primaryimage\"},\"thumbnailUrl\":\"https:\/\/now-news.de\/de\/wp-content\/uploads\/sites\/3\/2023\/02\/Corona-Masken-und-Testpflicht-in-Gesundheits-und-Pflegeeinrichtungen-endet-am.jpg\",\"datePublished\":\"2023-02-14T20:43:25+00:00\",\"dateModified\":\"2023-02-14T20:43:25+00:00\",\"breadcrumb\":{\"@id\":\"https:\/\/now-news.de\/de\/deutschland\/corona-masken-und-testpflicht-in-gesundheits-und-pflegeeinrichtungen-endet-am-1-maerz\/#breadcrumb\"},\"inLanguage\":\"de\",\"potentialAction\":[{\"@type\":\"ReadAction\",\"target\":[\"https:\/\/now-news.de\/de\/deutschland\/corona-masken-und-testpflicht-in-gesundheits-und-pflegeeinrichtungen-endet-am-1-maerz\/\"]}]},{\"@type\":\"ImageObject\",\"inLanguage\":\"de\",\"@id\":\"https:\/\/now-news.de\/de\/deutschland\/corona-masken-und-testpflicht-in-gesundheits-und-pflegeeinrichtungen-endet-am-1-maerz\/#primaryimage\",\"url\":\"https:\/\/now-news.de\/de\/wp-content\/uploads\/sites\/3\/2023\/02\/Corona-Masken-und-Testpflicht-in-Gesundheits-und-Pflegeeinrichtungen-endet-am.jpg\",\"contentUrl\":\"https:\/\/now-news.de\/de\/wp-content\/uploads\/sites\/3\/2023\/02\/Corona-Masken-und-Testpflicht-in-Gesundheits-und-Pflegeeinrichtungen-endet-am.jpg\",\"width\":460,\"height\":259,\"caption\":\"Corona: Masken- und Testpflicht in Gesundheits- und Pflegeeinrichtungen endet am 1. M\u00e4rz\"},{\"@type\":\"BreadcrumbList\",\"@id\":\"https:\/\/now-news.de\/de\/deutschland\/corona-masken-und-testpflicht-in-gesundheits-und-pflegeeinrichtungen-endet-am-1-maerz\/#breadcrumb\",\"itemListElement\":[{\"@type\":\"ListItem\",\"position\":1,\"name\":\"Home\",\"item\":\"https:\/\/now-news.de\/de\/\"},{\"@type\":\"ListItem\",\"position\":2,\"name\":\"Corona: Masken- und Testpflicht in Gesundheits- und Pflegeeinrichtungen endet am 1. M\u00e4rz\"}]},{\"@type\":\"WebSite\",\"@id\":\"https:\/\/now-news.de\/de\/#website\",\"url\":\"https:\/\/now-news.de\/de\/\",\"name\":\"just-now.NEWS Deutschland\",\"description\":\"Das Portal f\u00fcr unzensierte Nachrichten aus der Welt\",\"publisher\":{\"@id\":\"https:\/\/now-news.de\/de\/#organization\"},\"potentialAction\":[{\"@type\":\"SearchAction\",\"target\":{\"@type\":\"EntryPoint\",\"urlTemplate\":\"https:\/\/now-news.de\/de\/?s={search_term_string}\"},\"query-input\":\"required name=search_term_string\"}],\"inLanguage\":\"de\"},{\"@type\":\"Organization\",\"@id\":\"https:\/\/now-news.de\/de\/#organization\",\"name\":\"Just Now News\",\"url\":\"https:\/\/now-news.de\/de\/\",\"logo\":{\"@type\":\"ImageObject\",\"inLanguage\":\"de\",\"@id\":\"https:\/\/now-news.de\/de\/#\/schema\/logo\/image\/\",\"url\":\"http:\/\/just-now.news\/de\/wp-content\/uploads\/sites\/3\/2022\/04\/logo500x500.jpg\",\"contentUrl\":\"http:\/\/just-now.news\/de\/wp-content\/uploads\/sites\/3\/2022\/04\/logo500x500.jpg\",\"width\":500,\"height\":500,\"caption\":\"Just Now News\"},\"image\":{\"@id\":\"https:\/\/now-news.de\/de\/#\/schema\/logo\/image\/\"},\"sameAs\":[\"https:\/\/www.facebook.com\/wirmachenauf\",\"https:\/\/x.com\/WirMachenAuf_de\"]},{\"@type\":\"Person\",\"@id\":\"https:\/\/now-news.de\/de\/#\/schema\/person\/fb534a4e865501d8b3285208df34a9b5\",\"name\":\"rtnews\",\"image\":{\"@type\":\"ImageObject\",\"inLanguage\":\"de\",\"@id\":\"https:\/\/now-news.de\/de\/#\/schema\/person\/image\/\",\"url\":\"https:\/\/secure.gravatar.com\/avatar\/82aafea7d8127119dd649515f56e2117?s=96&d=mm&r=g\",\"contentUrl\":\"https:\/\/secure.gravatar.com\/avatar\/82aafea7d8127119dd649515f56e2117?s=96&d=mm&r=g\",\"caption\":\"rtnews\"},\"url\":\"https:\/\/now-news.de\/de\/author\/rnews\/\"}]}<\/script>\n<!-- \/ Yoast SEO Premium plugin. -->","yoast_head_json":{"title":"Corona: Masken- und Testpflicht in Gesundheits- und Pflegeeinrichtungen endet am 1. M\u00e4rz - just-now.NEWS Deutschland","robots":{"index":"index","follow":"follow","max-snippet":"max-snippet:-1","max-image-preview":"max-image-preview:large","max-video-preview":"max-video-preview:-1"},"canonical":"https:\/\/now-news.de\/de\/deutschland\/corona-masken-und-testpflicht-in-gesundheits-und-pflegeeinrichtungen-endet-am-1-maerz\/","og_locale":"de_DE","og_type":"article","og_title":"Corona: Masken- und Testpflicht in Gesundheits- und Pflegeeinrichtungen endet am 1. M\u00e4rz","og_description":"Wie das Bundesgesundheitsministerium bekannt gibt, sollen wegen der &#8220;stabilen Infektionslage&#8221; zum 1. M\u00e4rz fast alle Masken- und Testpflichten entfallen. Darauf haben sich die Gesundheitsminister des Bundes und der L\u00e4nder verst\u00e4ndigt. M\u00f6glich seien die Lockerungen aufgrund der &#8220;erfolgreichen Corona-Politik&#8221;. Nun sollen die Masken- und Testpflicht f\u00fcr Besch\u00e4ftigte und Bewohner in Gesundheits- und Pflegeeinrichtungen \u2013 eher als [&hellip;]","og_url":"https:\/\/now-news.de\/de\/deutschland\/corona-masken-und-testpflicht-in-gesundheits-und-pflegeeinrichtungen-endet-am-1-maerz\/","og_site_name":"just-now.NEWS Deutschland","article_publisher":"https:\/\/www.facebook.com\/wirmachenauf","article_published_time":"2023-02-14T20:43:25+00:00","og_image":[{"width":460,"height":259,"url":"https:\/\/now-news.de\/de\/wp-content\/uploads\/sites\/3\/2023\/02\/Corona-Masken-und-Testpflicht-in-Gesundheits-und-Pflegeeinrichtungen-endet-am.jpg","type":"image\/jpeg"}],"author":"rtnews","twitter_card":"summary_large_image","twitter_creator":"@WirMachenAuf_de","twitter_site":"@WirMachenAuf_de","twitter_misc":{"Verfasst von":"rtnews","Gesch\u00e4tzte Lesezeit":"2\u00a0Minuten"},"schema":{"@context":"https:\/\/schema.org","@graph":[{"@type":"Article","@id":"https:\/\/now-news.de\/de\/deutschland\/corona-masken-und-testpflicht-in-gesundheits-und-pflegeeinrichtungen-endet-am-1-maerz\/#article","isPartOf":{"@id":"https:\/\/now-news.de\/de\/deutschland\/corona-masken-und-testpflicht-in-gesundheits-und-pflegeeinrichtungen-endet-am-1-maerz\/"},"author":{"name":"rtnews","@id":"https:\/\/now-news.de\/de\/#\/schema\/person\/fb534a4e865501d8b3285208df34a9b5"},"headline":"Corona: Masken- und Testpflicht in Gesundheits- und Pflegeeinrichtungen endet am 1. M\u00e4rz","datePublished":"2023-02-14T20:43:25+00:00","dateModified":"2023-02-14T20:43:25+00:00","mainEntityOfPage":{"@id":"https:\/\/now-news.de\/de\/deutschland\/corona-masken-und-testpflicht-in-gesundheits-und-pflegeeinrichtungen-endet-am-1-maerz\/"},"wordCount":411,"commentCount":0,"publisher":{"@id":"https:\/\/now-news.de\/de\/#organization"},"image":{"@id":"https:\/\/now-news.de\/de\/deutschland\/corona-masken-und-testpflicht-in-gesundheits-und-pflegeeinrichtungen-endet-am-1-maerz\/#primaryimage"},"thumbnailUrl":"https:\/\/now-news.de\/de\/wp-content\/uploads\/sites\/3\/2023\/02\/Corona-Masken-und-Testpflicht-in-Gesundheits-und-Pflegeeinrichtungen-endet-am.jpg","keywords":["corona","endet","Gesundheits","M\u00e4rz","Masken","Pflegeeinrichtungen","Testpflicht","und"],"articleSection":["Deutschland","Russland"],"inLanguage":"de","potentialAction":[{"@type":"CommentAction","name":"Comment","target":["https:\/\/now-news.de\/de\/deutschland\/corona-masken-und-testpflicht-in-gesundheits-und-pflegeeinrichtungen-endet-am-1-maerz\/#respond"]}]},{"@type":"WebPage","@id":"https:\/\/now-news.de\/de\/deutschland\/corona-masken-und-testpflicht-in-gesundheits-und-pflegeeinrichtungen-endet-am-1-maerz\/","url":"https:\/\/now-news.de\/de\/deutschland\/corona-masken-und-testpflicht-in-gesundheits-und-pflegeeinrichtungen-endet-am-1-maerz\/","name":"Corona: Masken- und Testpflicht in Gesundheits- und Pflegeeinrichtungen endet am 1. M\u00e4rz - just-now.NEWS Deutschland","isPartOf":{"@id":"https:\/\/now-news.de\/de\/#website"},"primaryImageOfPage":{"@id":"https:\/\/now-news.de\/de\/deutschland\/corona-masken-und-testpflicht-in-gesundheits-und-pflegeeinrichtungen-endet-am-1-maerz\/#primaryimage"},"image":{"@id":"https:\/\/now-news.de\/de\/deutschland\/corona-masken-und-testpflicht-in-gesundheits-und-pflegeeinrichtungen-endet-am-1-maerz\/#primaryimage"},"thumbnailUrl":"https:\/\/now-news.de\/de\/wp-content\/uploads\/sites\/3\/2023\/02\/Corona-Masken-und-Testpflicht-in-Gesundheits-und-Pflegeeinrichtungen-endet-am.jpg","datePublished":"2023-02-14T20:43:25+00:00","dateModified":"2023-02-14T20:43:25+00:00","breadcrumb":{"@id":"https:\/\/now-news.de\/de\/deutschland\/corona-masken-und-testpflicht-in-gesundheits-und-pflegeeinrichtungen-endet-am-1-maerz\/#breadcrumb"},"inLanguage":"de","potentialAction":[{"@type":"ReadAction","target":["https:\/\/now-news.de\/de\/deutschland\/corona-masken-und-testpflicht-in-gesundheits-und-pflegeeinrichtungen-endet-am-1-maerz\/"]}]},{"@type":"ImageObject","inLanguage":"de","@id":"https:\/\/now-news.de\/de\/deutschland\/corona-masken-und-testpflicht-in-gesundheits-und-pflegeeinrichtungen-endet-am-1-maerz\/#primaryimage","url":"https:\/\/now-news.de\/de\/wp-content\/uploads\/sites\/3\/2023\/02\/Corona-Masken-und-Testpflicht-in-Gesundheits-und-Pflegeeinrichtungen-endet-am.jpg","contentUrl":"https:\/\/now-news.de\/de\/wp-content\/uploads\/sites\/3\/2023\/02\/Corona-Masken-und-Testpflicht-in-Gesundheits-und-Pflegeeinrichtungen-endet-am.jpg","width":460,"height":259,"caption":"Corona: Masken- und Testpflicht in Gesundheits- und Pflegeeinrichtungen endet am 1. M\u00e4rz"},{"@type":"BreadcrumbList","@id":"https:\/\/now-news.de\/de\/deutschland\/corona-masken-und-testpflicht-in-gesundheits-und-pflegeeinrichtungen-endet-am-1-maerz\/#breadcrumb","itemListElement":[{"@type":"ListItem","position":1,"name":"Home","item":"https:\/\/now-news.de\/de\/"},{"@type":"ListItem","position":2,"name":"Corona: Masken- und Testpflicht in Gesundheits- und Pflegeeinrichtungen endet am 1. M\u00e4rz"}]},{"@type":"WebSite","@id":"https:\/\/now-news.de\/de\/#website","url":"https:\/\/now-news.de\/de\/","name":"just-now.NEWS Deutschland","description":"Das Portal f\u00fcr unzensierte Nachrichten aus der Welt","publisher":{"@id":"https:\/\/now-news.de\/de\/#organization"},"potentialAction":[{"@type":"SearchAction","target":{"@type":"EntryPoint","urlTemplate":"https:\/\/now-news.de\/de\/?s={search_term_string}"},"query-input":"required name=search_term_string"}],"inLanguage":"de"},{"@type":"Organization","@id":"https:\/\/now-news.de\/de\/#organization","name":"Just Now News","url":"https:\/\/now-news.de\/de\/","logo":{"@type":"ImageObject","inLanguage":"de","@id":"https:\/\/now-news.de\/de\/#\/schema\/logo\/image\/","url":"http:\/\/just-now.news\/de\/wp-content\/uploads\/sites\/3\/2022\/04\/logo500x500.jpg","contentUrl":"http:\/\/just-now.news\/de\/wp-content\/uploads\/sites\/3\/2022\/04\/logo500x500.jpg","width":500,"height":500,"caption":"Just Now News"},"image":{"@id":"https:\/\/now-news.de\/de\/#\/schema\/logo\/image\/"},"sameAs":["https:\/\/www.facebook.com\/wirmachenauf","https:\/\/x.com\/WirMachenAuf_de"]},{"@type":"Person","@id":"https:\/\/now-news.de\/de\/#\/schema\/person\/fb534a4e865501d8b3285208df34a9b5","name":"rtnews","image":{"@type":"ImageObject","inLanguage":"de","@id":"https:\/\/now-news.de\/de\/#\/schema\/person\/image\/","url":"https:\/\/secure.gravatar.com\/avatar\/82aafea7d8127119dd649515f56e2117?s=96&d=mm&r=g","contentUrl":"https:\/\/secure.gravatar.com\/avatar\/82aafea7d8127119dd649515f56e2117?s=96&d=mm&r=g","caption":"rtnews"},"url":"https:\/\/now-news.de\/de\/author\/rnews\/"}]}},"_links":{"self":[{"href":"https:\/\/now-news.de\/de\/wp-json\/wp\/v2\/posts\/30383"}],"collection":[{"href":"https:\/\/now-news.de\/de\/wp-json\/wp\/v2\/posts"}],"about":[{"href":"https:\/\/now-news.de\/de\/wp-json\/wp\/v2\/types\/post"}],"author":[{"embeddable":true,"href":"https:\/\/now-news.de\/de\/wp-json\/wp\/v2\/users\/3"}],"replies":[{"embeddable":true,"href":"https:\/\/now-news.de\/de\/wp-json\/wp\/v2\/comments?post=30383"}],"version-history":[{"count":0,"href":"https:\/\/now-news.de\/de\/wp-json\/wp\/v2\/posts\/30383\/revisions"}],"wp:featuredmedia":[{"embeddable":true,"href":"https:\/\/now-news.de\/de\/wp-json\/wp\/v2\/media\/30384"}],"wp:attachment":[{"href":"https:\/\/now-news.de\/de\/wp-json\/wp\/v2\/media?parent=30383"}],"wp:term":[{"taxonomy":"category","embeddable":true,"href":"https:\/\/now-news.de\/de\/wp-json\/wp\/v2\/categories?post=30383"},{"taxonomy":"post_tag","embeddable":true,"href":"https:\/\/now-news.de\/de\/wp-json\/wp\/v2\/tags?post=30383"}],"curies":[{"name":"wp","href":"https:\/\/api.w.org\/{rel}","templated":true}]}}