{"id":30344,"date":"2023-02-14T14:47:45","date_gmt":"2023-02-14T12:47:45","guid":{"rendered":"https:\/\/just-now.news\/de\/deutschland\/proteste-der-opposition-in-albanien-machtkampf-oder-korruptionsaffaeren\/"},"modified":"2023-02-14T14:47:45","modified_gmt":"2023-02-14T12:47:45","slug":"proteste-der-opposition-in-albanien-machtkampf-oder-korruptionsaffaeren","status":"publish","type":"post","link":"https:\/\/now-news.de\/de\/deutschland\/proteste-der-opposition-in-albanien-machtkampf-oder-korruptionsaffaeren\/","title":{"rendered":"Proteste der Opposition in Albanien \u2013 Machtkampf oder Korruptionsaff\u00e4ren?"},"content":{"rendered":"<p><img decoding=\"async\" src=\"http:\/\/just-now.news\/de\/wp-content\/uploads\/sites\/3\/2023\/02\/63ea913148fbef7ffb0b770b.jpg\" \/><\/p>\n<div class=\"Text-root Text-type_1 \">\n                In Albanien, einem der \u00e4rmsten L\u00e4nder Europas, gibt es sein einigen Tagen Proteste gegen den amtierenden Regierungschef. Dieser soll in eine Korruptionsaff\u00e4re verwickelt sein, in deren Mittelpunkt ein Ex-Agent des FBI und ein russischer Oligarch stehen.\n            <\/div>\n<p><\/p>\n<div class=\"Text-root Text-type_5 ArticleView-text ViewText-root \">\n<p><em>Eine Analyse von Marinko U\u010dur<\/em><\/p>\n<p>Durch die in Tirana, der Hauptstadt Albaniens, am vergangenen Wochenende organisierte Massendemonstrationen wurde eine gro\u00dfe Unzufriedenheit mit der Herrschaft von Premierminister Edi Rama zum Ausdruck gebracht, dessen R\u00fccktritt der ehemalige Premierminister Sali Berisha und der ehemalige Pr\u00e4sident Ilir Meta fordern. Systematische Korruption und schlechte Staatsf\u00fchrung sind die Haupteinw\u00e4nde der Protestteilnehmer.<\/p>\n<p>Demonstranten werfen dem Premierminister Rama vor, an einem Korruptionsskandal beteiligt gewesen zu sein. Demzufolge habe er den ehemaligen FBI-Agenten Charles McGonigal mit 225.000 Dollar bestochen. Der genannte Agent wird \u00fcbrigens in den Vereinigten Staaten beschuldigt, dem FBI verd\u00e4chtige Details \u00fcber seine Gesch\u00e4ftskontakte zu einigen Politikern aus mehreren Balkanl\u00e4ndern vorenthalten zu haben. Das US-Gericht, das im vergangenen Monat einen Haftbefehl gegen ihn erlassen hatte, wirft ihm insbesondere vor, dass er durch Verbindungen zum russischen Oligarchen Oleg Deripaska gegen westliche Sanktionen gegen Russland versto\u00dfen habe.<\/p>\n<p>Was auch immer der Grund f\u00fcr die Massenansammlung der albanischen Opposition ist \u2013 eine Tatsache ist, dass es schwierig ist, in diesem armen Land zu leben. Eine weitere ist, dass junge Albaner seit Jahren ein One-Way-Ticket in den Westen dem Verbleib in der Heimat vorziehen. Auf der Suche nach Arbeit ziehen sie massenhaft in westliche L\u00e4nder, w\u00e4hrend die Regierung von Rama es vers\u00e4umt hat, ein stabiles wirtschaftliches Umfeld zu schaffen und sie im Land zu halten. Der versprochene hohe Lebensstandard und bessere Lebensbedingungen nach dem NATO-Beitritt dieses Landes blieben auf dem Papier, die EU-Perspektive und Zukunft scheinen sehr weit entfernt zu sein.<\/p>\n<blockquote>\n<p><em>&#8220;Es ist an der Zeit, dass diese Revolution das korrupte Geld zur\u00fcckholt und es in h\u00f6here Geh\u00e4lter und Renten umwandelt&#8221;<\/em>,<\/p>\n<\/blockquote>\n<p>sagte Berisha am vergangenen Samstag seinen Anh\u00e4ngern und k\u00fcndigte neue, noch entschlossenere Kundgebungen gegen das entfremdete Regime an.<\/p>\n<p>Allerdings scheinen die Proteste im Schatten des erw\u00e4hnten Korruptionsskandals um den Ex-Agenten McGonigal\u00a0geblieben zu sein, der die Position des aktuellen Premierministers Rama ernsthaft ersch\u00fcttert hat. Informationen \u00fcber dessen fr\u00fchere Lobbyarbeit f\u00fcr Ramas politische Interessen in Amerika gelangten an die \u00d6ffentlichkeit. US-Ermittlungsbeh\u00f6rden behaupten, dass McGonigal seine Beziehung zu einem ehemaligen Mitarbeiter des albanischen Geheimdienstes, der in der Anklageschrift als &#8220;Person A&#8221;\u00a0bezeichnet wird, dem FBI verschwiegen habe. \u00dcber die &#8220;Person A&#8221; soll er den Kontakt zu Rama aufgenommen haben. Ende 2017 erhielt McGonigal von &#8220;Person A&#8221; insgesamt 225.000 US-Dollar in bar. Laut Anklageschrift, die in US-amerikanischen Medien ver\u00f6ffentlicht wurde, habe McGonigal gegen\u00fcber dem albanischen Agenten angedeutet, dass das Geld &#8220;ausgezahlt werden wird&#8221;.<\/p>\n<p>Mit der Absicht, den ehemaligen Vertrauten von Premierminister Rama zus\u00e4tzlich zu kompromittieren, versucht die albanische Opposition davon zu profitieren, dass der ehemalige FBI-Agent auch als enger Vertrauter des russischen Milliard\u00e4rs Oleg Deripaska genannt wird. Da die amerikanischen Beh\u00f6rden nach dem Beginn der milit\u00e4rischen Sonderoperation in der Ukraine den Druck auf russische Gesch\u00e4ftsleute erh\u00f6ht haben, gibt der mutma\u00dfliche Versto\u00df eines amerikanischen Geheimdienstoffiziers gegen die genannten Sanktionen den Regimegegnern in Tirana zus\u00e4tzlichen R\u00fcckenwind.<\/p>\n<p>W\u00e4hrend seiner aktiven Karriere ermittelte McGonigal \u00fcberwiegend russische Aktivit\u00e4ten im Bereich Spionageabwehr und Spionage. Er arbeitete auch an hochsensiblen Aufgaben der Geheimdienstgemeinschaft, weshalb der Schock \u00fcber seine Festnahme und Entlarvung gro\u00df war, insbesondere nach der Erkenntnis, dass russische Oligarchen, im konkreten Fall Deripaska, bis an die Spitze der amerikanischen Geheimdienste vordringen k\u00f6nnen. McGonigal war einst auch an der Untersuchung einer mutma\u00dflichen russischen Einmischung in die US-Pr\u00e4sidentschaftswahlen 2016 beteiligt.<\/p>\n<p>Es ist bekannt, dass das US-Justizministerium im Rahmen der Kampagne der Biden-Administration gegen den russischen Pr\u00e4sidenten Wladimir Putin versucht, den Druck auf Anw\u00e4lte und andere Personen zu erh\u00f6hen, die russische Oligarchen nach Beginn der russischen Spezialmilit\u00e4roperation in der Ukraine unterst\u00fctzen.<\/p>\n<p>Inwiefern die Lage rund um den Korruptionsskandal zwischen Edi Rama und Charles McGonigal den Oppositionsf\u00fchrern in Albanien helfen wird, an die Macht zu kommen und den Premierminister zum R\u00fccktritt zu zwingen, ist noch zu fr\u00fch abzusch\u00e4tzen. Tatsache ist aber, dass die Opposition auf die Loyalit\u00e4tskarte gegen\u00fcber Washington setzt. Sie beschuldigt Premierminister Rama, &#8220;das Image des Landes in der Welt zu beschmutzen&#8221;.\u00a0Ex-Premierminister Sali Berisha sagte bei der Kundgebung am Samstag vor seinen Anh\u00e4ngern:<\/p>\n<blockquote>\n<p><em>&#8220;Der Drogen-Premierminister ohne Religion, ohne Staat, ohne Flagge korrumpiert den Chef der Spionageabwehr unseres Verb\u00fcndeten, der USA.&#8221;<\/em><\/p>\n<\/blockquote>\n<p>Er forderte, dass Rama nach &#8220;diesem Akt der Illoyalit\u00e4t gegen\u00fcber dem gro\u00dfen Verb\u00fcndeten des albanischen Volkes&#8221; zur\u00fccktreten solle.<\/p>\n<p><strong>Mehr zum Thema<\/strong> \u2013 <a rel=\"nofollow noopener\" target=\"_blank\" href=\"https:\/\/test.rtde.tech\/international\/89928-20-millionen-us-dollar-fuer-verdeckte-operation-der-russische-oligarch-und-das-fbi\/\">20 Millionen US-Dollar f\u00fcr verdeckte Operation \u2013 der russische Oligarch und das FBI<\/a><\/p>\n<\/div>\n<p><br \/>\n<br \/><a href=\"https:\/\/de.rt.com\/europa\/162820-proteste-opposition-in-albanien-machtkampf\/\">Source link <\/a><\/p>\n","protected":false},"excerpt":{"rendered":"<p>In Albanien, einem der \u00e4rmsten L\u00e4nder Europas, gibt es sein einigen Tagen Proteste gegen den amtierenden Regierungschef. Dieser soll in eine Korruptionsaff\u00e4re verwickelt sein, in deren Mittelpunkt ein Ex-Agent des FBI und ein russischer Oligarch stehen. Eine Analyse von Marinko U\u010dur Durch die in Tirana, der Hauptstadt Albaniens, am vergangenen Wochenende organisierte Massendemonstrationen wurde eine [&hellip;]<\/p>\n","protected":false},"author":3,"featured_media":30345,"comment_status":"open","ping_status":"open","sticky":false,"template":"","format":"standard","meta":{"_yoast_indexnow_last_ping":["1676379841"],"wp_automatic_camp":["217"],"4e401ffa62d897c32f85066380a28556":["Proteste der Opposition in Albanien \u2013 Machtkampf oder Korruptionsaff\u00e4ren?"],"original_link":["https:\/\/de.rt.com\/europa\/162820-proteste-opposition-in-albanien-machtkampf\/"],"_thumbnail_id":["30345"],"_wptgpro_p2tg_sent2tg":["a:1:{i:23737;s:19:\"2023-02-14 15:05:12\";}"],"jnews_social_counter_last_update":["1777245509"]},"categories":[19,23],"tags":[32545,82,35754,38552,268,20355,3824],"yoast_head":"<!-- This site is optimized with the Yoast SEO Premium plugin v22.7 (Yoast SEO v22.7) - https:\/\/yoast.com\/wordpress\/plugins\/seo\/ -->\n<title>Proteste der Opposition in Albanien \u2013 Machtkampf oder Korruptionsaff\u00e4ren? - just-now.NEWS Deutschland<\/title>\n<meta name=\"robots\" content=\"index, follow, max-snippet:-1, max-image-preview:large, max-video-preview:-1\" \/>\n<link rel=\"canonical\" href=\"https:\/\/now-news.de\/de\/deutschland\/proteste-der-opposition-in-albanien-machtkampf-oder-korruptionsaffaeren\/\" \/>\n<meta property=\"og:locale\" content=\"de_DE\" \/>\n<meta property=\"og:type\" content=\"article\" \/>\n<meta property=\"og:title\" content=\"Proteste der Opposition in Albanien \u2013 Machtkampf oder Korruptionsaff\u00e4ren?\" \/>\n<meta property=\"og:description\" content=\"In Albanien, einem der \u00e4rmsten L\u00e4nder Europas, gibt es sein einigen Tagen Proteste gegen den amtierenden Regierungschef. Dieser soll in eine Korruptionsaff\u00e4re verwickelt sein, in deren Mittelpunkt ein Ex-Agent des FBI und ein russischer Oligarch stehen. Eine Analyse von Marinko U\u010dur Durch die in Tirana, der Hauptstadt Albaniens, am vergangenen Wochenende organisierte Massendemonstrationen wurde eine [&hellip;]\" \/>\n<meta property=\"og:url\" content=\"https:\/\/now-news.de\/de\/deutschland\/proteste-der-opposition-in-albanien-machtkampf-oder-korruptionsaffaeren\/\" \/>\n<meta property=\"og:site_name\" content=\"just-now.NEWS Deutschland\" \/>\n<meta property=\"article:publisher\" content=\"https:\/\/www.facebook.com\/wirmachenauf\" \/>\n<meta property=\"article:published_time\" content=\"2023-02-14T12:47:45+00:00\" \/>\n<meta property=\"og:image\" content=\"https:\/\/now-news.de\/de\/wp-content\/uploads\/sites\/3\/2023\/02\/Proteste-der-Opposition-in-Albanien-\u2013-Machtkampf-oder-Korruptionsaffaeren.jpg\" \/>\n\t<meta property=\"og:image:width\" content=\"460\" \/>\n\t<meta property=\"og:image:height\" content=\"259\" \/>\n\t<meta property=\"og:image:type\" content=\"image\/jpeg\" \/>\n<meta name=\"author\" content=\"rtnews\" \/>\n<meta name=\"twitter:card\" content=\"summary_large_image\" \/>\n<meta name=\"twitter:creator\" content=\"@WirMachenAuf_de\" \/>\n<meta name=\"twitter:site\" content=\"@WirMachenAuf_de\" \/>\n<meta name=\"twitter:label1\" content=\"Verfasst von\" \/>\n\t<meta name=\"twitter:data1\" content=\"rtnews\" \/>\n\t<meta name=\"twitter:label2\" content=\"Gesch\u00e4tzte Lesezeit\" \/>\n\t<meta name=\"twitter:data2\" content=\"4\u00a0Minuten\" \/>\n<script type=\"application\/ld+json\" class=\"yoast-schema-graph\">{\"@context\":\"https:\/\/schema.org\",\"@graph\":[{\"@type\":\"Article\",\"@id\":\"https:\/\/now-news.de\/de\/deutschland\/proteste-der-opposition-in-albanien-machtkampf-oder-korruptionsaffaeren\/#article\",\"isPartOf\":{\"@id\":\"https:\/\/now-news.de\/de\/deutschland\/proteste-der-opposition-in-albanien-machtkampf-oder-korruptionsaffaeren\/\"},\"author\":{\"name\":\"rtnews\",\"@id\":\"https:\/\/now-news.de\/de\/#\/schema\/person\/fb534a4e865501d8b3285208df34a9b5\"},\"headline\":\"Proteste der Opposition in Albanien \u2013 Machtkampf oder Korruptionsaff\u00e4ren?\",\"datePublished\":\"2023-02-14T12:47:45+00:00\",\"dateModified\":\"2023-02-14T12:47:45+00:00\",\"mainEntityOfPage\":{\"@id\":\"https:\/\/now-news.de\/de\/deutschland\/proteste-der-opposition-in-albanien-machtkampf-oder-korruptionsaffaeren\/\"},\"wordCount\":795,\"commentCount\":0,\"publisher\":{\"@id\":\"https:\/\/now-news.de\/de\/#organization\"},\"image\":{\"@id\":\"https:\/\/now-news.de\/de\/deutschland\/proteste-der-opposition-in-albanien-machtkampf-oder-korruptionsaffaeren\/#primaryimage\"},\"thumbnailUrl\":\"https:\/\/now-news.de\/de\/wp-content\/uploads\/sites\/3\/2023\/02\/Proteste-der-Opposition-in-Albanien-\u2013-Machtkampf-oder-Korruptionsaffaeren.jpg\",\"keywords\":[\"Albanien\",\"der\",\"Korruptionsaff\u00e4ren\",\"Machtkampf\",\"oder\",\"Opposition\",\"Proteste\"],\"articleSection\":[\"Deutschland\",\"Russland\"],\"inLanguage\":\"de\",\"potentialAction\":[{\"@type\":\"CommentAction\",\"name\":\"Comment\",\"target\":[\"https:\/\/now-news.de\/de\/deutschland\/proteste-der-opposition-in-albanien-machtkampf-oder-korruptionsaffaeren\/#respond\"]}]},{\"@type\":\"WebPage\",\"@id\":\"https:\/\/now-news.de\/de\/deutschland\/proteste-der-opposition-in-albanien-machtkampf-oder-korruptionsaffaeren\/\",\"url\":\"https:\/\/now-news.de\/de\/deutschland\/proteste-der-opposition-in-albanien-machtkampf-oder-korruptionsaffaeren\/\",\"name\":\"Proteste der Opposition in Albanien \u2013 Machtkampf oder Korruptionsaff\u00e4ren? - just-now.NEWS Deutschland\",\"isPartOf\":{\"@id\":\"https:\/\/now-news.de\/de\/#website\"},\"primaryImageOfPage\":{\"@id\":\"https:\/\/now-news.de\/de\/deutschland\/proteste-der-opposition-in-albanien-machtkampf-oder-korruptionsaffaeren\/#primaryimage\"},\"image\":{\"@id\":\"https:\/\/now-news.de\/de\/deutschland\/proteste-der-opposition-in-albanien-machtkampf-oder-korruptionsaffaeren\/#primaryimage\"},\"thumbnailUrl\":\"https:\/\/now-news.de\/de\/wp-content\/uploads\/sites\/3\/2023\/02\/Proteste-der-Opposition-in-Albanien-\u2013-Machtkampf-oder-Korruptionsaffaeren.jpg\",\"datePublished\":\"2023-02-14T12:47:45+00:00\",\"dateModified\":\"2023-02-14T12:47:45+00:00\",\"breadcrumb\":{\"@id\":\"https:\/\/now-news.de\/de\/deutschland\/proteste-der-opposition-in-albanien-machtkampf-oder-korruptionsaffaeren\/#breadcrumb\"},\"inLanguage\":\"de\",\"potentialAction\":[{\"@type\":\"ReadAction\",\"target\":[\"https:\/\/now-news.de\/de\/deutschland\/proteste-der-opposition-in-albanien-machtkampf-oder-korruptionsaffaeren\/\"]}]},{\"@type\":\"ImageObject\",\"inLanguage\":\"de\",\"@id\":\"https:\/\/now-news.de\/de\/deutschland\/proteste-der-opposition-in-albanien-machtkampf-oder-korruptionsaffaeren\/#primaryimage\",\"url\":\"https:\/\/now-news.de\/de\/wp-content\/uploads\/sites\/3\/2023\/02\/Proteste-der-Opposition-in-Albanien-\u2013-Machtkampf-oder-Korruptionsaffaeren.jpg\",\"contentUrl\":\"https:\/\/now-news.de\/de\/wp-content\/uploads\/sites\/3\/2023\/02\/Proteste-der-Opposition-in-Albanien-\u2013-Machtkampf-oder-Korruptionsaffaeren.jpg\",\"width\":460,\"height\":259,\"caption\":\"Proteste der Opposition in Albanien \u2013 Machtkampf oder Korruptionsaff\u00e4ren?\"},{\"@type\":\"BreadcrumbList\",\"@id\":\"https:\/\/now-news.de\/de\/deutschland\/proteste-der-opposition-in-albanien-machtkampf-oder-korruptionsaffaeren\/#breadcrumb\",\"itemListElement\":[{\"@type\":\"ListItem\",\"position\":1,\"name\":\"Home\",\"item\":\"https:\/\/now-news.de\/de\/\"},{\"@type\":\"ListItem\",\"position\":2,\"name\":\"Proteste der Opposition in Albanien \u2013 Machtkampf oder Korruptionsaff\u00e4ren?\"}]},{\"@type\":\"WebSite\",\"@id\":\"https:\/\/now-news.de\/de\/#website\",\"url\":\"https:\/\/now-news.de\/de\/\",\"name\":\"just-now.NEWS Deutschland\",\"description\":\"Das Portal f\u00fcr unzensierte Nachrichten aus der Welt\",\"publisher\":{\"@id\":\"https:\/\/now-news.de\/de\/#organization\"},\"potentialAction\":[{\"@type\":\"SearchAction\",\"target\":{\"@type\":\"EntryPoint\",\"urlTemplate\":\"https:\/\/now-news.de\/de\/?s={search_term_string}\"},\"query-input\":\"required name=search_term_string\"}],\"inLanguage\":\"de\"},{\"@type\":\"Organization\",\"@id\":\"https:\/\/now-news.de\/de\/#organization\",\"name\":\"Just Now News\",\"url\":\"https:\/\/now-news.de\/de\/\",\"logo\":{\"@type\":\"ImageObject\",\"inLanguage\":\"de\",\"@id\":\"https:\/\/now-news.de\/de\/#\/schema\/logo\/image\/\",\"url\":\"http:\/\/just-now.news\/de\/wp-content\/uploads\/sites\/3\/2022\/04\/logo500x500.jpg\",\"contentUrl\":\"http:\/\/just-now.news\/de\/wp-content\/uploads\/sites\/3\/2022\/04\/logo500x500.jpg\",\"width\":500,\"height\":500,\"caption\":\"Just Now News\"},\"image\":{\"@id\":\"https:\/\/now-news.de\/de\/#\/schema\/logo\/image\/\"},\"sameAs\":[\"https:\/\/www.facebook.com\/wirmachenauf\",\"https:\/\/x.com\/WirMachenAuf_de\"]},{\"@type\":\"Person\",\"@id\":\"https:\/\/now-news.de\/de\/#\/schema\/person\/fb534a4e865501d8b3285208df34a9b5\",\"name\":\"rtnews\",\"image\":{\"@type\":\"ImageObject\",\"inLanguage\":\"de\",\"@id\":\"https:\/\/now-news.de\/de\/#\/schema\/person\/image\/\",\"url\":\"https:\/\/secure.gravatar.com\/avatar\/82aafea7d8127119dd649515f56e2117?s=96&d=mm&r=g\",\"contentUrl\":\"https:\/\/secure.gravatar.com\/avatar\/82aafea7d8127119dd649515f56e2117?s=96&d=mm&r=g\",\"caption\":\"rtnews\"},\"url\":\"https:\/\/now-news.de\/de\/author\/rnews\/\"}]}<\/script>\n<!-- \/ Yoast SEO Premium plugin. -->","yoast_head_json":{"title":"Proteste der Opposition in Albanien \u2013 Machtkampf oder Korruptionsaff\u00e4ren? - just-now.NEWS Deutschland","robots":{"index":"index","follow":"follow","max-snippet":"max-snippet:-1","max-image-preview":"max-image-preview:large","max-video-preview":"max-video-preview:-1"},"canonical":"https:\/\/now-news.de\/de\/deutschland\/proteste-der-opposition-in-albanien-machtkampf-oder-korruptionsaffaeren\/","og_locale":"de_DE","og_type":"article","og_title":"Proteste der Opposition in Albanien \u2013 Machtkampf oder Korruptionsaff\u00e4ren?","og_description":"In Albanien, einem der \u00e4rmsten L\u00e4nder Europas, gibt es sein einigen Tagen Proteste gegen den amtierenden Regierungschef. Dieser soll in eine Korruptionsaff\u00e4re verwickelt sein, in deren Mittelpunkt ein Ex-Agent des FBI und ein russischer Oligarch stehen. Eine Analyse von Marinko U\u010dur Durch die in Tirana, der Hauptstadt Albaniens, am vergangenen Wochenende organisierte Massendemonstrationen wurde eine [&hellip;]","og_url":"https:\/\/now-news.de\/de\/deutschland\/proteste-der-opposition-in-albanien-machtkampf-oder-korruptionsaffaeren\/","og_site_name":"just-now.NEWS Deutschland","article_publisher":"https:\/\/www.facebook.com\/wirmachenauf","article_published_time":"2023-02-14T12:47:45+00:00","og_image":[{"width":460,"height":259,"url":"https:\/\/now-news.de\/de\/wp-content\/uploads\/sites\/3\/2023\/02\/Proteste-der-Opposition-in-Albanien-\u2013-Machtkampf-oder-Korruptionsaffaeren.jpg","type":"image\/jpeg"}],"author":"rtnews","twitter_card":"summary_large_image","twitter_creator":"@WirMachenAuf_de","twitter_site":"@WirMachenAuf_de","twitter_misc":{"Verfasst von":"rtnews","Gesch\u00e4tzte Lesezeit":"4\u00a0Minuten"},"schema":{"@context":"https:\/\/schema.org","@graph":[{"@type":"Article","@id":"https:\/\/now-news.de\/de\/deutschland\/proteste-der-opposition-in-albanien-machtkampf-oder-korruptionsaffaeren\/#article","isPartOf":{"@id":"https:\/\/now-news.de\/de\/deutschland\/proteste-der-opposition-in-albanien-machtkampf-oder-korruptionsaffaeren\/"},"author":{"name":"rtnews","@id":"https:\/\/now-news.de\/de\/#\/schema\/person\/fb534a4e865501d8b3285208df34a9b5"},"headline":"Proteste der Opposition in Albanien \u2013 Machtkampf oder Korruptionsaff\u00e4ren?","datePublished":"2023-02-14T12:47:45+00:00","dateModified":"2023-02-14T12:47:45+00:00","mainEntityOfPage":{"@id":"https:\/\/now-news.de\/de\/deutschland\/proteste-der-opposition-in-albanien-machtkampf-oder-korruptionsaffaeren\/"},"wordCount":795,"commentCount":0,"publisher":{"@id":"https:\/\/now-news.de\/de\/#organization"},"image":{"@id":"https:\/\/now-news.de\/de\/deutschland\/proteste-der-opposition-in-albanien-machtkampf-oder-korruptionsaffaeren\/#primaryimage"},"thumbnailUrl":"https:\/\/now-news.de\/de\/wp-content\/uploads\/sites\/3\/2023\/02\/Proteste-der-Opposition-in-Albanien-\u2013-Machtkampf-oder-Korruptionsaffaeren.jpg","keywords":["Albanien","der","Korruptionsaff\u00e4ren","Machtkampf","oder","Opposition","Proteste"],"articleSection":["Deutschland","Russland"],"inLanguage":"de","potentialAction":[{"@type":"CommentAction","name":"Comment","target":["https:\/\/now-news.de\/de\/deutschland\/proteste-der-opposition-in-albanien-machtkampf-oder-korruptionsaffaeren\/#respond"]}]},{"@type":"WebPage","@id":"https:\/\/now-news.de\/de\/deutschland\/proteste-der-opposition-in-albanien-machtkampf-oder-korruptionsaffaeren\/","url":"https:\/\/now-news.de\/de\/deutschland\/proteste-der-opposition-in-albanien-machtkampf-oder-korruptionsaffaeren\/","name":"Proteste der Opposition in Albanien \u2013 Machtkampf oder Korruptionsaff\u00e4ren? - just-now.NEWS Deutschland","isPartOf":{"@id":"https:\/\/now-news.de\/de\/#website"},"primaryImageOfPage":{"@id":"https:\/\/now-news.de\/de\/deutschland\/proteste-der-opposition-in-albanien-machtkampf-oder-korruptionsaffaeren\/#primaryimage"},"image":{"@id":"https:\/\/now-news.de\/de\/deutschland\/proteste-der-opposition-in-albanien-machtkampf-oder-korruptionsaffaeren\/#primaryimage"},"thumbnailUrl":"https:\/\/now-news.de\/de\/wp-content\/uploads\/sites\/3\/2023\/02\/Proteste-der-Opposition-in-Albanien-\u2013-Machtkampf-oder-Korruptionsaffaeren.jpg","datePublished":"2023-02-14T12:47:45+00:00","dateModified":"2023-02-14T12:47:45+00:00","breadcrumb":{"@id":"https:\/\/now-news.de\/de\/deutschland\/proteste-der-opposition-in-albanien-machtkampf-oder-korruptionsaffaeren\/#breadcrumb"},"inLanguage":"de","potentialAction":[{"@type":"ReadAction","target":["https:\/\/now-news.de\/de\/deutschland\/proteste-der-opposition-in-albanien-machtkampf-oder-korruptionsaffaeren\/"]}]},{"@type":"ImageObject","inLanguage":"de","@id":"https:\/\/now-news.de\/de\/deutschland\/proteste-der-opposition-in-albanien-machtkampf-oder-korruptionsaffaeren\/#primaryimage","url":"https:\/\/now-news.de\/de\/wp-content\/uploads\/sites\/3\/2023\/02\/Proteste-der-Opposition-in-Albanien-\u2013-Machtkampf-oder-Korruptionsaffaeren.jpg","contentUrl":"https:\/\/now-news.de\/de\/wp-content\/uploads\/sites\/3\/2023\/02\/Proteste-der-Opposition-in-Albanien-\u2013-Machtkampf-oder-Korruptionsaffaeren.jpg","width":460,"height":259,"caption":"Proteste der Opposition in Albanien \u2013 Machtkampf oder Korruptionsaff\u00e4ren?"},{"@type":"BreadcrumbList","@id":"https:\/\/now-news.de\/de\/deutschland\/proteste-der-opposition-in-albanien-machtkampf-oder-korruptionsaffaeren\/#breadcrumb","itemListElement":[{"@type":"ListItem","position":1,"name":"Home","item":"https:\/\/now-news.de\/de\/"},{"@type":"ListItem","position":2,"name":"Proteste der Opposition in Albanien \u2013 Machtkampf oder Korruptionsaff\u00e4ren?"}]},{"@type":"WebSite","@id":"https:\/\/now-news.de\/de\/#website","url":"https:\/\/now-news.de\/de\/","name":"just-now.NEWS Deutschland","description":"Das Portal f\u00fcr unzensierte Nachrichten aus der Welt","publisher":{"@id":"https:\/\/now-news.de\/de\/#organization"},"potentialAction":[{"@type":"SearchAction","target":{"@type":"EntryPoint","urlTemplate":"https:\/\/now-news.de\/de\/?s={search_term_string}"},"query-input":"required name=search_term_string"}],"inLanguage":"de"},{"@type":"Organization","@id":"https:\/\/now-news.de\/de\/#organization","name":"Just Now News","url":"https:\/\/now-news.de\/de\/","logo":{"@type":"ImageObject","inLanguage":"de","@id":"https:\/\/now-news.de\/de\/#\/schema\/logo\/image\/","url":"http:\/\/just-now.news\/de\/wp-content\/uploads\/sites\/3\/2022\/04\/logo500x500.jpg","contentUrl":"http:\/\/just-now.news\/de\/wp-content\/uploads\/sites\/3\/2022\/04\/logo500x500.jpg","width":500,"height":500,"caption":"Just Now News"},"image":{"@id":"https:\/\/now-news.de\/de\/#\/schema\/logo\/image\/"},"sameAs":["https:\/\/www.facebook.com\/wirmachenauf","https:\/\/x.com\/WirMachenAuf_de"]},{"@type":"Person","@id":"https:\/\/now-news.de\/de\/#\/schema\/person\/fb534a4e865501d8b3285208df34a9b5","name":"rtnews","image":{"@type":"ImageObject","inLanguage":"de","@id":"https:\/\/now-news.de\/de\/#\/schema\/person\/image\/","url":"https:\/\/secure.gravatar.com\/avatar\/82aafea7d8127119dd649515f56e2117?s=96&d=mm&r=g","contentUrl":"https:\/\/secure.gravatar.com\/avatar\/82aafea7d8127119dd649515f56e2117?s=96&d=mm&r=g","caption":"rtnews"},"url":"https:\/\/now-news.de\/de\/author\/rnews\/"}]}},"_links":{"self":[{"href":"https:\/\/now-news.de\/de\/wp-json\/wp\/v2\/posts\/30344"}],"collection":[{"href":"https:\/\/now-news.de\/de\/wp-json\/wp\/v2\/posts"}],"about":[{"href":"https:\/\/now-news.de\/de\/wp-json\/wp\/v2\/types\/post"}],"author":[{"embeddable":true,"href":"https:\/\/now-news.de\/de\/wp-json\/wp\/v2\/users\/3"}],"replies":[{"embeddable":true,"href":"https:\/\/now-news.de\/de\/wp-json\/wp\/v2\/comments?post=30344"}],"version-history":[{"count":0,"href":"https:\/\/now-news.de\/de\/wp-json\/wp\/v2\/posts\/30344\/revisions"}],"wp:featuredmedia":[{"embeddable":true,"href":"https:\/\/now-news.de\/de\/wp-json\/wp\/v2\/media\/30345"}],"wp:attachment":[{"href":"https:\/\/now-news.de\/de\/wp-json\/wp\/v2\/media?parent=30344"}],"wp:term":[{"taxonomy":"category","embeddable":true,"href":"https:\/\/now-news.de\/de\/wp-json\/wp\/v2\/categories?post=30344"},{"taxonomy":"post_tag","embeddable":true,"href":"https:\/\/now-news.de\/de\/wp-json\/wp\/v2\/tags?post=30344"}],"curies":[{"name":"wp","href":"https:\/\/api.w.org\/{rel}","templated":true}]}}