{"id":30332,"date":"2023-02-14T12:14:09","date_gmt":"2023-02-14T10:14:09","guid":{"rendered":"https:\/\/just-now.news\/de\/deutschland\/snowden-bezeichnet-ufo-gerede-als-ablenkungsmanoever\/"},"modified":"2023-02-14T12:14:09","modified_gmt":"2023-02-14T10:14:09","slug":"snowden-bezeichnet-ufo-gerede-als-ablenkungsmanoever","status":"publish","type":"post","link":"https:\/\/now-news.de\/de\/deutschland\/snowden-bezeichnet-ufo-gerede-als-ablenkungsmanoever\/","title":{"rendered":"Snowden bezeichnet UFO-Gerede als Ablenkungsman\u00f6ver"},"content":{"rendered":"<p><img decoding=\"async\" src=\"http:\/\/just-now.news\/de\/wp-content\/uploads\/sites\/3\/2023\/02\/63eb2f69b480cc015102d693.jpg\" \/><\/p>\n<div class=\"Text-root Text-type_1 \">\n                Seit Tagen wird \u00fcber abgeschossene, unbekannte Flugobjekte \u00fcber Nordamerika spekuliert. Auch Aliens wurden bereits ins Spiel gebracht. Doch der NSA-Whistleblower Edward Snowden sieht in dem Gerede \u00fcber Au\u00dferirdische ein Ablenkungsman\u00f6ver, um von den wahren Skandalen abzulenken.\n            <\/div>\n<p><\/p>\n<div class=\"Text-root Text-type_5 ArticleView-text ViewText-root \">\n<p>Der Medienrummel um angebliche &#8220;Spionageballons&#8221; und unidentifizierte Flugobjekte (UFO) \u00fcber Nordamerika sei leider kein Erstkontakt mit Au\u00dferirdischen, sondern eine konstruierte Panik zur politischen Ablenkung, erkl\u00e4rte der Whistleblower Edward Snowden am Montag. Der ehemalige\u00a0Mitarbeiter der US-Geheimdienste CIA und NSA schrieb auf Kurznachrichtendienst Twitter:\u00a0<\/p>\n<blockquote>\n<p><em>&#8220;Es sind keine Au\u00dferirdischen. Ich w\u00fcnschte, es w\u00e4ren Au\u00dferirdische. Aber es sind keine Au\u00dferirdischen.<\/em><\/p>\n<p><em>Es ist nur die alte konstruierte Panik, ein attraktives\u00a0\u00c4rgernis, das sicherstellt, dass Reporter [aus dem Themenbereich nationale Sicherheit] mit Recherchen rund um den\u00a0Ballon-Schwachsinn beauftragt werden und nicht zu Budgets oder Bombenangriffen (\u00e0 la Nord Stream).&#8221;<\/em><\/p>\n<\/blockquote>\n<p>Der preisgekr\u00f6nte Enth\u00fcllungsjournalist Seymour Hersh hatte in der vergangenen Woche einen\u00a0<a rel=\"nofollow noopener\" target=\"_blank\" href=\"https:\/\/test.rtde.live\/international\/162350-us-investigativjournalist-seymour-hersh-usa-nord-stream\/\">Bericht ver\u00f6ffentlicht<\/a>, in dem er beschrieb, wie die USA und Norwegen im September 2022 die Pipelines sprengten, die russisches Erdgas nach Deutschland transportierten. Die US-Regierung bezeichnete den Bericht als falsch.<\/p>\n<p>In den darauffolgenden Tagen begann das US-Milit\u00e4r, &#8220;Objekte&#8221; am Himmel \u00fcber Nordamerika abzuschie\u00dfen. Der Sprecher des Nationalen Sicherheitsrates, John Kirby, sagte am Montag dieser Woche, die US-Regierung wisse immer noch nicht, wem die drei am vergangenen Wochenende abgeschossenen Flugobjekte geh\u00f6rten. Zugleich erkl\u00e4rte die Pressesprecherin des Wei\u00dfen Hauses, Karine Jean-Pierre, es gebe &#8220;keinen Hinweis auf Au\u00dferirdische oder au\u00dferirdische Aktivit\u00e4ten&#8221;.<\/p>\n<p>Kirby hatte am Freitag den Abschuss eines <a rel=\"nofollow noopener\" target=\"_blank\" href=\"https:\/\/test.rtde.live\/nordamerika\/162633-usa-schiessen-flugobjekt-in-grosser\/\">&#8220;Flugobjekts in gro\u00dfer H\u00f6he&#8221; vor der K\u00fcste Alaskas<\/a>\u00a0verk\u00fcndet. US-Kampfjets schossen dann am Samstag ein <a rel=\"nofollow noopener\" target=\"_blank\" href=\"https:\/\/test.rtde.live\/nordamerika\/162700-us-tarnkappenflugzeug-schiesst-nicht-identifiziertes\/\">&#8220;unidentifiziertes, unbemanntes Objekt&#8221; \u00fcber dem Yukon<\/a> im Nordwesten Kanadas ab. Ein <a rel=\"nofollow noopener\" target=\"_blank\" href=\"https:\/\/test.rtde.live\/kurzclips\/video\/162823-usa-schiessen-unbekannte-flugobjekte-ab\/\">drittes &#8220;nicht identifiziertes Objekt&#8221;<\/a>\u00a0wurde am Sonntagnachmittag \u00fcber dem Huronsee abgeschossen, als es sich dem\u00a0US-Bundesstaat Michigan n\u00e4herte.\u00a0Der US-Verteidigungsminister Lloyd Austin sagte am Montag vor Reportern:\u00a0<\/p>\n<blockquote>\n<p><em>&#8220;Die Beh\u00f6rden wissen zwar noch nicht, worum es sich bei den Objekten handelt, aber sie stellen keine Bedrohung dar.&#8221;\u00a0<\/em><\/p>\n<\/blockquote>\n<p>Sie stellen laut Austin &#8220;keine milit\u00e4rische Bedrohung&#8221; f\u00fcr irgendjemanden auf dem Boden dar. Jedoch seien sie ein Risiko f\u00fcr die zivile Luftfahrt und &#8220;m\u00f6glicherweise eine Bedrohung f\u00fcr nachrichtendienstliche T\u00e4tigkeiten&#8221;, so\u00a0US-Verteidigungsminister weiter. Er f\u00fcgte hinzu:<\/p>\n<blockquote>\n<p><em>&#8220;Und wir werden der Sache auf den Grund gehen.&#8221;<\/em><\/p>\n<\/blockquote>\n<p>Austin erkl\u00e4rte auch, dass sich die drei Flugobjekte von dem chinesischen &#8220;Spionageballon&#8221; unterschieden, den die USA\u00a0vor rund zehn Tagen vor der K\u00fcste des Bundesstaates South Carolina <a rel=\"nofollow noopener\" target=\"_blank\" href=\"https:\/\/test.rtde.live\/kurzclips\/video\/162003-heilige-schee-us-luftabwehr-schiesst\/\">\u00fcber dem Atlantik abgeschossen<\/a> hatten. Der Flugk\u00f6rper, den Peking als zivilen Wetterballon bezeichnete, der sich auf einer Forschungsmission befunden habe und durch Wind vom Kurs abgekommen sei, hatte den gr\u00f6\u00dften Teil des US-amerikanischen Festlands \u00fcberflogen, bevor er von einem F-22-Kampfjet zerst\u00f6rt wurde.<\/p>\n<p>Die Weigerung des Pentagons, die &#8220;Objekte&#8221; zu beschreiben oder eventuell geborgene Tr\u00fcmmerteile zu zeigen, hat Spekulationen \u00fcber ihren m\u00f6glichen au\u00dferirdischen Ursprung angeheizt. Der Raumfahrtmagnat\u00a0<a rel=\"nofollow noopener\" target=\"_blank\" href=\"https:\/\/www.rt.com\/news\/571379-elon-musk-ufo-balloon\/\">Elon Musk scherzte<\/a>, dass &#8220;Freunde von mir&#8221; vorbeigekommen seien. Unterdessen haben Abgeordnete der Opposition ihre Frustration \u00fcber das Fehlen offizieller Erkl\u00e4rungen des Wei\u00dfen Hauses zum Ausdruck gebracht. Der Senator des US-Bundesstaates Kentucky, Rand Paul, der im Ausschuss f\u00fcr Innere Sicherheit sitzt, <a rel=\"nofollow noopener\" target=\"_blank\" href=\"https:\/\/twitter.com\/RandPaul\/status\/1625144516222103553\">forderte<\/a> das Verteidigungsministerium und den US-Pr\u00e4sidenten auf, &#8220;uns sofort zu sagen, was sie wissen \u2013 und was nicht&#8221;.<\/p>\n<p>&#8220;Was um alles in der Welt geht hier vor sich?&#8221;,\u00a0wunderte sich auch Mitch McConnell, ein weiterer Politiker aus Kentucky.\u00a0Die Regierung sei immer noch nicht in der Lage, &#8220;aussagekr\u00e4ftige Informationen dar\u00fcber zu liefern, was abgeschossen wurde&#8221;, sagte McConnell und fragte, ob die Radarempfindlichkeit nach dem Zwischenfall mit dem chinesischen Ballon eventuell erh\u00f6ht wurde.<\/p>\n<p><strong>Mehr zum Thema<\/strong> &#8211; <a rel=\"nofollow noopener\" target=\"_blank\" href=\"https:\/\/test.rtde.live\/nordamerika\/162150-us-general-chinas-spionage-ballon\/\">Chinas &#8220;Spionageballon&#8221; enthielt laut US-General m\u00f6glicherweise Sprengstoff zur Selbstzerst\u00f6rung<\/a><em><\/em><\/p>\n<div class=\"EmbedBlock-root EmbedBlock-externalVideo EmbedBlock-odysee\">\n<div class=\"VkEmbed\"><iframe class=\"lazyload\" data-src=\"https:\/\/odysee.com\/%24\/embed\/%40RTDE%3Ae%2FChinesischer-Spionageballon-%C3%BCber-den-USA-China-bittet-um-k%C3%BChlen-Kopf%3A1\" frameborder=\"0\" width=\"853\" height=\"480\" allowfullscreen><\/iframe><\/div>\n<\/div>\n<\/div>\n<p><script async src=\"https:\/\/platform.twitter.com\/widgets.js\" charset=\"utf-8\"><\/script><br \/>\n<br \/><br \/>\n<br \/><a href=\"https:\/\/de.rt.com\/international\/162845-snowden-nennt-ufo-gerede-ablenkungsmanoever\/\">Source link <\/a><\/p>\n","protected":false},"excerpt":{"rendered":"<p>Seit Tagen wird \u00fcber abgeschossene, unbekannte Flugobjekte \u00fcber Nordamerika spekuliert. Auch Aliens wurden bereits ins Spiel gebracht. Doch der NSA-Whistleblower Edward Snowden sieht in dem Gerede \u00fcber Au\u00dferirdische ein Ablenkungsman\u00f6ver, um von den wahren Skandalen abzulenken. Der Medienrummel um angebliche &#8220;Spionageballons&#8221; und unidentifizierte Flugobjekte (UFO) \u00fcber Nordamerika sei leider kein Erstkontakt mit Au\u00dferirdischen, sondern eine [&hellip;]<\/p>\n","protected":false},"author":3,"featured_media":30333,"comment_status":"open","ping_status":"open","sticky":false,"template":"","format":"standard","meta":{"_yoast_indexnow_last_ping":["1676370193"],"wp_automatic_camp":["217"],"860d8b555a33481d5e28e8a48047090a":["Snowden bezeichnet UFO-Gerede als Ablenkungsman\u00f6ver"],"original_link":["https:\/\/de.rt.com\/international\/162845-snowden-nennt-ufo-gerede-ablenkungsmanoever\/"],"_thumbnail_id":["30333"],"_wptgpro_p2tg_sent2tg":["a:1:{i:23737;s:19:\"2023-02-14 12:24:23\";}"],"jnews_social_counter_last_update":["1777670873"]},"categories":[19,23],"tags":[31636,273,7183,18308,40756],"yoast_head":"<!-- This site is optimized with the Yoast SEO Premium plugin v22.7 (Yoast SEO v22.7) - https:\/\/yoast.com\/wordpress\/plugins\/seo\/ -->\n<title>Snowden bezeichnet UFO-Gerede als Ablenkungsman\u00f6ver - just-now.NEWS Deutschland<\/title>\n<meta name=\"robots\" content=\"index, follow, max-snippet:-1, max-image-preview:large, max-video-preview:-1\" \/>\n<link rel=\"canonical\" href=\"https:\/\/now-news.de\/de\/deutschland\/snowden-bezeichnet-ufo-gerede-als-ablenkungsmanoever\/\" \/>\n<meta property=\"og:locale\" content=\"de_DE\" \/>\n<meta property=\"og:type\" content=\"article\" \/>\n<meta property=\"og:title\" content=\"Snowden bezeichnet UFO-Gerede als Ablenkungsman\u00f6ver\" \/>\n<meta property=\"og:description\" content=\"Seit Tagen wird \u00fcber abgeschossene, unbekannte Flugobjekte \u00fcber Nordamerika spekuliert. Auch Aliens wurden bereits ins Spiel gebracht. Doch der NSA-Whistleblower Edward Snowden sieht in dem Gerede \u00fcber Au\u00dferirdische ein Ablenkungsman\u00f6ver, um von den wahren Skandalen abzulenken. Der Medienrummel um angebliche &#8220;Spionageballons&#8221; und unidentifizierte Flugobjekte (UFO) \u00fcber Nordamerika sei leider kein Erstkontakt mit Au\u00dferirdischen, sondern eine [&hellip;]\" \/>\n<meta property=\"og:url\" content=\"https:\/\/now-news.de\/de\/deutschland\/snowden-bezeichnet-ufo-gerede-als-ablenkungsmanoever\/\" \/>\n<meta property=\"og:site_name\" content=\"just-now.NEWS Deutschland\" \/>\n<meta property=\"article:publisher\" content=\"https:\/\/www.facebook.com\/wirmachenauf\" \/>\n<meta property=\"article:published_time\" content=\"2023-02-14T10:14:09+00:00\" \/>\n<meta property=\"og:image\" content=\"https:\/\/now-news.de\/de\/wp-content\/uploads\/sites\/3\/2023\/02\/Snowden-bezeichnet-UFO-Gerede-als-Ablenkungsmanoever.jpg\" \/>\n\t<meta property=\"og:image:width\" content=\"460\" \/>\n\t<meta property=\"og:image:height\" content=\"259\" \/>\n\t<meta property=\"og:image:type\" content=\"image\/jpeg\" \/>\n<meta name=\"author\" content=\"rtnews\" \/>\n<meta name=\"twitter:card\" content=\"summary_large_image\" \/>\n<meta name=\"twitter:creator\" content=\"@WirMachenAuf_de\" \/>\n<meta name=\"twitter:site\" content=\"@WirMachenAuf_de\" \/>\n<meta name=\"twitter:label1\" content=\"Verfasst von\" \/>\n\t<meta name=\"twitter:data1\" content=\"rtnews\" \/>\n\t<meta name=\"twitter:label2\" content=\"Gesch\u00e4tzte Lesezeit\" \/>\n\t<meta name=\"twitter:data2\" content=\"3\u00a0Minuten\" \/>\n<script type=\"application\/ld+json\" class=\"yoast-schema-graph\">{\"@context\":\"https:\/\/schema.org\",\"@graph\":[{\"@type\":\"Article\",\"@id\":\"https:\/\/now-news.de\/de\/deutschland\/snowden-bezeichnet-ufo-gerede-als-ablenkungsmanoever\/#article\",\"isPartOf\":{\"@id\":\"https:\/\/now-news.de\/de\/deutschland\/snowden-bezeichnet-ufo-gerede-als-ablenkungsmanoever\/\"},\"author\":{\"name\":\"rtnews\",\"@id\":\"https:\/\/now-news.de\/de\/#\/schema\/person\/fb534a4e865501d8b3285208df34a9b5\"},\"headline\":\"Snowden bezeichnet UFO-Gerede als Ablenkungsman\u00f6ver\",\"datePublished\":\"2023-02-14T10:14:09+00:00\",\"dateModified\":\"2023-02-14T10:14:09+00:00\",\"mainEntityOfPage\":{\"@id\":\"https:\/\/now-news.de\/de\/deutschland\/snowden-bezeichnet-ufo-gerede-als-ablenkungsmanoever\/\"},\"wordCount\":628,\"commentCount\":0,\"publisher\":{\"@id\":\"https:\/\/now-news.de\/de\/#organization\"},\"image\":{\"@id\":\"https:\/\/now-news.de\/de\/deutschland\/snowden-bezeichnet-ufo-gerede-als-ablenkungsmanoever\/#primaryimage\"},\"thumbnailUrl\":\"https:\/\/now-news.de\/de\/wp-content\/uploads\/sites\/3\/2023\/02\/Snowden-bezeichnet-UFO-Gerede-als-Ablenkungsmanoever.jpg\",\"keywords\":[\"Ablenkungsman\u00f6ver\",\"als\",\"bezeichnet\",\"Snowden\",\"UFOGerede\"],\"articleSection\":[\"Deutschland\",\"Russland\"],\"inLanguage\":\"de\",\"potentialAction\":[{\"@type\":\"CommentAction\",\"name\":\"Comment\",\"target\":[\"https:\/\/now-news.de\/de\/deutschland\/snowden-bezeichnet-ufo-gerede-als-ablenkungsmanoever\/#respond\"]}]},{\"@type\":\"WebPage\",\"@id\":\"https:\/\/now-news.de\/de\/deutschland\/snowden-bezeichnet-ufo-gerede-als-ablenkungsmanoever\/\",\"url\":\"https:\/\/now-news.de\/de\/deutschland\/snowden-bezeichnet-ufo-gerede-als-ablenkungsmanoever\/\",\"name\":\"Snowden bezeichnet UFO-Gerede als Ablenkungsman\u00f6ver - just-now.NEWS Deutschland\",\"isPartOf\":{\"@id\":\"https:\/\/now-news.de\/de\/#website\"},\"primaryImageOfPage\":{\"@id\":\"https:\/\/now-news.de\/de\/deutschland\/snowden-bezeichnet-ufo-gerede-als-ablenkungsmanoever\/#primaryimage\"},\"image\":{\"@id\":\"https:\/\/now-news.de\/de\/deutschland\/snowden-bezeichnet-ufo-gerede-als-ablenkungsmanoever\/#primaryimage\"},\"thumbnailUrl\":\"https:\/\/now-news.de\/de\/wp-content\/uploads\/sites\/3\/2023\/02\/Snowden-bezeichnet-UFO-Gerede-als-Ablenkungsmanoever.jpg\",\"datePublished\":\"2023-02-14T10:14:09+00:00\",\"dateModified\":\"2023-02-14T10:14:09+00:00\",\"breadcrumb\":{\"@id\":\"https:\/\/now-news.de\/de\/deutschland\/snowden-bezeichnet-ufo-gerede-als-ablenkungsmanoever\/#breadcrumb\"},\"inLanguage\":\"de\",\"potentialAction\":[{\"@type\":\"ReadAction\",\"target\":[\"https:\/\/now-news.de\/de\/deutschland\/snowden-bezeichnet-ufo-gerede-als-ablenkungsmanoever\/\"]}]},{\"@type\":\"ImageObject\",\"inLanguage\":\"de\",\"@id\":\"https:\/\/now-news.de\/de\/deutschland\/snowden-bezeichnet-ufo-gerede-als-ablenkungsmanoever\/#primaryimage\",\"url\":\"https:\/\/now-news.de\/de\/wp-content\/uploads\/sites\/3\/2023\/02\/Snowden-bezeichnet-UFO-Gerede-als-Ablenkungsmanoever.jpg\",\"contentUrl\":\"https:\/\/now-news.de\/de\/wp-content\/uploads\/sites\/3\/2023\/02\/Snowden-bezeichnet-UFO-Gerede-als-Ablenkungsmanoever.jpg\",\"width\":460,\"height\":259,\"caption\":\"Snowden bezeichnet UFO-Gerede als Ablenkungsman\u00f6ver\"},{\"@type\":\"BreadcrumbList\",\"@id\":\"https:\/\/now-news.de\/de\/deutschland\/snowden-bezeichnet-ufo-gerede-als-ablenkungsmanoever\/#breadcrumb\",\"itemListElement\":[{\"@type\":\"ListItem\",\"position\":1,\"name\":\"Home\",\"item\":\"https:\/\/now-news.de\/de\/\"},{\"@type\":\"ListItem\",\"position\":2,\"name\":\"Snowden bezeichnet UFO-Gerede als Ablenkungsman\u00f6ver\"}]},{\"@type\":\"WebSite\",\"@id\":\"https:\/\/now-news.de\/de\/#website\",\"url\":\"https:\/\/now-news.de\/de\/\",\"name\":\"just-now.NEWS Deutschland\",\"description\":\"Das Portal f\u00fcr unzensierte Nachrichten aus der Welt\",\"publisher\":{\"@id\":\"https:\/\/now-news.de\/de\/#organization\"},\"potentialAction\":[{\"@type\":\"SearchAction\",\"target\":{\"@type\":\"EntryPoint\",\"urlTemplate\":\"https:\/\/now-news.de\/de\/?s={search_term_string}\"},\"query-input\":\"required name=search_term_string\"}],\"inLanguage\":\"de\"},{\"@type\":\"Organization\",\"@id\":\"https:\/\/now-news.de\/de\/#organization\",\"name\":\"Just Now News\",\"url\":\"https:\/\/now-news.de\/de\/\",\"logo\":{\"@type\":\"ImageObject\",\"inLanguage\":\"de\",\"@id\":\"https:\/\/now-news.de\/de\/#\/schema\/logo\/image\/\",\"url\":\"http:\/\/just-now.news\/de\/wp-content\/uploads\/sites\/3\/2022\/04\/logo500x500.jpg\",\"contentUrl\":\"http:\/\/just-now.news\/de\/wp-content\/uploads\/sites\/3\/2022\/04\/logo500x500.jpg\",\"width\":500,\"height\":500,\"caption\":\"Just Now News\"},\"image\":{\"@id\":\"https:\/\/now-news.de\/de\/#\/schema\/logo\/image\/\"},\"sameAs\":[\"https:\/\/www.facebook.com\/wirmachenauf\",\"https:\/\/x.com\/WirMachenAuf_de\"]},{\"@type\":\"Person\",\"@id\":\"https:\/\/now-news.de\/de\/#\/schema\/person\/fb534a4e865501d8b3285208df34a9b5\",\"name\":\"rtnews\",\"image\":{\"@type\":\"ImageObject\",\"inLanguage\":\"de\",\"@id\":\"https:\/\/now-news.de\/de\/#\/schema\/person\/image\/\",\"url\":\"https:\/\/secure.gravatar.com\/avatar\/82aafea7d8127119dd649515f56e2117?s=96&d=mm&r=g\",\"contentUrl\":\"https:\/\/secure.gravatar.com\/avatar\/82aafea7d8127119dd649515f56e2117?s=96&d=mm&r=g\",\"caption\":\"rtnews\"},\"url\":\"https:\/\/now-news.de\/de\/author\/rnews\/\"}]}<\/script>\n<!-- \/ Yoast SEO Premium plugin. -->","yoast_head_json":{"title":"Snowden bezeichnet UFO-Gerede als Ablenkungsman\u00f6ver - just-now.NEWS Deutschland","robots":{"index":"index","follow":"follow","max-snippet":"max-snippet:-1","max-image-preview":"max-image-preview:large","max-video-preview":"max-video-preview:-1"},"canonical":"https:\/\/now-news.de\/de\/deutschland\/snowden-bezeichnet-ufo-gerede-als-ablenkungsmanoever\/","og_locale":"de_DE","og_type":"article","og_title":"Snowden bezeichnet UFO-Gerede als Ablenkungsman\u00f6ver","og_description":"Seit Tagen wird \u00fcber abgeschossene, unbekannte Flugobjekte \u00fcber Nordamerika spekuliert. Auch Aliens wurden bereits ins Spiel gebracht. Doch der NSA-Whistleblower Edward Snowden sieht in dem Gerede \u00fcber Au\u00dferirdische ein Ablenkungsman\u00f6ver, um von den wahren Skandalen abzulenken. Der Medienrummel um angebliche &#8220;Spionageballons&#8221; und unidentifizierte Flugobjekte (UFO) \u00fcber Nordamerika sei leider kein Erstkontakt mit Au\u00dferirdischen, sondern eine [&hellip;]","og_url":"https:\/\/now-news.de\/de\/deutschland\/snowden-bezeichnet-ufo-gerede-als-ablenkungsmanoever\/","og_site_name":"just-now.NEWS Deutschland","article_publisher":"https:\/\/www.facebook.com\/wirmachenauf","article_published_time":"2023-02-14T10:14:09+00:00","og_image":[{"width":460,"height":259,"url":"https:\/\/now-news.de\/de\/wp-content\/uploads\/sites\/3\/2023\/02\/Snowden-bezeichnet-UFO-Gerede-als-Ablenkungsmanoever.jpg","type":"image\/jpeg"}],"author":"rtnews","twitter_card":"summary_large_image","twitter_creator":"@WirMachenAuf_de","twitter_site":"@WirMachenAuf_de","twitter_misc":{"Verfasst von":"rtnews","Gesch\u00e4tzte Lesezeit":"3\u00a0Minuten"},"schema":{"@context":"https:\/\/schema.org","@graph":[{"@type":"Article","@id":"https:\/\/now-news.de\/de\/deutschland\/snowden-bezeichnet-ufo-gerede-als-ablenkungsmanoever\/#article","isPartOf":{"@id":"https:\/\/now-news.de\/de\/deutschland\/snowden-bezeichnet-ufo-gerede-als-ablenkungsmanoever\/"},"author":{"name":"rtnews","@id":"https:\/\/now-news.de\/de\/#\/schema\/person\/fb534a4e865501d8b3285208df34a9b5"},"headline":"Snowden bezeichnet UFO-Gerede als Ablenkungsman\u00f6ver","datePublished":"2023-02-14T10:14:09+00:00","dateModified":"2023-02-14T10:14:09+00:00","mainEntityOfPage":{"@id":"https:\/\/now-news.de\/de\/deutschland\/snowden-bezeichnet-ufo-gerede-als-ablenkungsmanoever\/"},"wordCount":628,"commentCount":0,"publisher":{"@id":"https:\/\/now-news.de\/de\/#organization"},"image":{"@id":"https:\/\/now-news.de\/de\/deutschland\/snowden-bezeichnet-ufo-gerede-als-ablenkungsmanoever\/#primaryimage"},"thumbnailUrl":"https:\/\/now-news.de\/de\/wp-content\/uploads\/sites\/3\/2023\/02\/Snowden-bezeichnet-UFO-Gerede-als-Ablenkungsmanoever.jpg","keywords":["Ablenkungsman\u00f6ver","als","bezeichnet","Snowden","UFOGerede"],"articleSection":["Deutschland","Russland"],"inLanguage":"de","potentialAction":[{"@type":"CommentAction","name":"Comment","target":["https:\/\/now-news.de\/de\/deutschland\/snowden-bezeichnet-ufo-gerede-als-ablenkungsmanoever\/#respond"]}]},{"@type":"WebPage","@id":"https:\/\/now-news.de\/de\/deutschland\/snowden-bezeichnet-ufo-gerede-als-ablenkungsmanoever\/","url":"https:\/\/now-news.de\/de\/deutschland\/snowden-bezeichnet-ufo-gerede-als-ablenkungsmanoever\/","name":"Snowden bezeichnet UFO-Gerede als Ablenkungsman\u00f6ver - just-now.NEWS Deutschland","isPartOf":{"@id":"https:\/\/now-news.de\/de\/#website"},"primaryImageOfPage":{"@id":"https:\/\/now-news.de\/de\/deutschland\/snowden-bezeichnet-ufo-gerede-als-ablenkungsmanoever\/#primaryimage"},"image":{"@id":"https:\/\/now-news.de\/de\/deutschland\/snowden-bezeichnet-ufo-gerede-als-ablenkungsmanoever\/#primaryimage"},"thumbnailUrl":"https:\/\/now-news.de\/de\/wp-content\/uploads\/sites\/3\/2023\/02\/Snowden-bezeichnet-UFO-Gerede-als-Ablenkungsmanoever.jpg","datePublished":"2023-02-14T10:14:09+00:00","dateModified":"2023-02-14T10:14:09+00:00","breadcrumb":{"@id":"https:\/\/now-news.de\/de\/deutschland\/snowden-bezeichnet-ufo-gerede-als-ablenkungsmanoever\/#breadcrumb"},"inLanguage":"de","potentialAction":[{"@type":"ReadAction","target":["https:\/\/now-news.de\/de\/deutschland\/snowden-bezeichnet-ufo-gerede-als-ablenkungsmanoever\/"]}]},{"@type":"ImageObject","inLanguage":"de","@id":"https:\/\/now-news.de\/de\/deutschland\/snowden-bezeichnet-ufo-gerede-als-ablenkungsmanoever\/#primaryimage","url":"https:\/\/now-news.de\/de\/wp-content\/uploads\/sites\/3\/2023\/02\/Snowden-bezeichnet-UFO-Gerede-als-Ablenkungsmanoever.jpg","contentUrl":"https:\/\/now-news.de\/de\/wp-content\/uploads\/sites\/3\/2023\/02\/Snowden-bezeichnet-UFO-Gerede-als-Ablenkungsmanoever.jpg","width":460,"height":259,"caption":"Snowden bezeichnet UFO-Gerede als Ablenkungsman\u00f6ver"},{"@type":"BreadcrumbList","@id":"https:\/\/now-news.de\/de\/deutschland\/snowden-bezeichnet-ufo-gerede-als-ablenkungsmanoever\/#breadcrumb","itemListElement":[{"@type":"ListItem","position":1,"name":"Home","item":"https:\/\/now-news.de\/de\/"},{"@type":"ListItem","position":2,"name":"Snowden bezeichnet UFO-Gerede als Ablenkungsman\u00f6ver"}]},{"@type":"WebSite","@id":"https:\/\/now-news.de\/de\/#website","url":"https:\/\/now-news.de\/de\/","name":"just-now.NEWS Deutschland","description":"Das Portal f\u00fcr unzensierte Nachrichten aus der Welt","publisher":{"@id":"https:\/\/now-news.de\/de\/#organization"},"potentialAction":[{"@type":"SearchAction","target":{"@type":"EntryPoint","urlTemplate":"https:\/\/now-news.de\/de\/?s={search_term_string}"},"query-input":"required name=search_term_string"}],"inLanguage":"de"},{"@type":"Organization","@id":"https:\/\/now-news.de\/de\/#organization","name":"Just Now News","url":"https:\/\/now-news.de\/de\/","logo":{"@type":"ImageObject","inLanguage":"de","@id":"https:\/\/now-news.de\/de\/#\/schema\/logo\/image\/","url":"http:\/\/just-now.news\/de\/wp-content\/uploads\/sites\/3\/2022\/04\/logo500x500.jpg","contentUrl":"http:\/\/just-now.news\/de\/wp-content\/uploads\/sites\/3\/2022\/04\/logo500x500.jpg","width":500,"height":500,"caption":"Just Now News"},"image":{"@id":"https:\/\/now-news.de\/de\/#\/schema\/logo\/image\/"},"sameAs":["https:\/\/www.facebook.com\/wirmachenauf","https:\/\/x.com\/WirMachenAuf_de"]},{"@type":"Person","@id":"https:\/\/now-news.de\/de\/#\/schema\/person\/fb534a4e865501d8b3285208df34a9b5","name":"rtnews","image":{"@type":"ImageObject","inLanguage":"de","@id":"https:\/\/now-news.de\/de\/#\/schema\/person\/image\/","url":"https:\/\/secure.gravatar.com\/avatar\/82aafea7d8127119dd649515f56e2117?s=96&d=mm&r=g","contentUrl":"https:\/\/secure.gravatar.com\/avatar\/82aafea7d8127119dd649515f56e2117?s=96&d=mm&r=g","caption":"rtnews"},"url":"https:\/\/now-news.de\/de\/author\/rnews\/"}]}},"_links":{"self":[{"href":"https:\/\/now-news.de\/de\/wp-json\/wp\/v2\/posts\/30332"}],"collection":[{"href":"https:\/\/now-news.de\/de\/wp-json\/wp\/v2\/posts"}],"about":[{"href":"https:\/\/now-news.de\/de\/wp-json\/wp\/v2\/types\/post"}],"author":[{"embeddable":true,"href":"https:\/\/now-news.de\/de\/wp-json\/wp\/v2\/users\/3"}],"replies":[{"embeddable":true,"href":"https:\/\/now-news.de\/de\/wp-json\/wp\/v2\/comments?post=30332"}],"version-history":[{"count":0,"href":"https:\/\/now-news.de\/de\/wp-json\/wp\/v2\/posts\/30332\/revisions"}],"wp:featuredmedia":[{"embeddable":true,"href":"https:\/\/now-news.de\/de\/wp-json\/wp\/v2\/media\/30333"}],"wp:attachment":[{"href":"https:\/\/now-news.de\/de\/wp-json\/wp\/v2\/media?parent=30332"}],"wp:term":[{"taxonomy":"category","embeddable":true,"href":"https:\/\/now-news.de\/de\/wp-json\/wp\/v2\/categories?post=30332"},{"taxonomy":"post_tag","embeddable":true,"href":"https:\/\/now-news.de\/de\/wp-json\/wp\/v2\/tags?post=30332"}],"curies":[{"name":"wp","href":"https:\/\/api.w.org\/{rel}","templated":true}]}}