{"id":30328,"date":"2023-02-14T11:30:25","date_gmt":"2023-02-14T09:30:25","guid":{"rendered":"https:\/\/just-now.news\/de\/deutschland\/zeichen-an-den-westen-irans-praesident-reist-nach-china-und-sucht-integration-in-asien\/"},"modified":"2023-02-14T11:30:25","modified_gmt":"2023-02-14T09:30:25","slug":"zeichen-an-den-westen-irans-praesident-reist-nach-china-und-sucht-integration-in-asien","status":"publish","type":"post","link":"https:\/\/now-news.de\/de\/deutschland\/zeichen-an-den-westen-irans-praesident-reist-nach-china-und-sucht-integration-in-asien\/","title":{"rendered":"Zeichen an den Westen: Irans Pr\u00e4sident reist nach China und sucht Integration in Asien"},"content":{"rendered":"<p><img decoding=\"async\" src=\"http:\/\/just-now.news\/de\/wp-content\/uploads\/sites\/3\/2023\/02\/63e9f1dbb480cc28f75b16ee.jpg\" \/><\/p>\n<div class=\"Text-root Text-type_1 \">\n                Nachdem Iran wieder zur Ruhe gekommen ist, reist der iranische Pr\u00e4sident nach China, um die Integration seines Landes in Asien zu st\u00e4rken. Die NATO zielt zunehmend auf die Destabilisierung von Staaten in Asien ab, um dem Erstarken der Volksrepublik China durch deren Mega-Projekt &#8220;Seidenstra\u00dfe&#8221; entgegenzutreten.\n            <\/div>\n<p><\/p>\n<div class=\"Text-root Text-type_5 ArticleView-text ViewText-root \">\n<p><em>Von Seyed Alireza Mousavi<\/em><\/p>\n<p>Auf dem letzten Gipfeltreffens der Schanghaier Organisation f\u00fcr Zusammenarbeit (SOZ) rief Chinas Staatspr\u00e4sident\u00a0Xi Jinping\u00a0die Mitgliedstaaten\u00a0der Gruppe dazu auf, sich gegenseitig in der Abwehr gegen den Einfluss westlicher M\u00e4chte zu unterst\u00fctzen.\u00a0Sein Appell kam zum richtigen Zeitpunkt, denn wenige Tage nach seiner Rede gingen Horden w\u00fctender Randalierer in Teheran und anderen St\u00e4dten Irans auf die Stra\u00dfen und ver\u00fcbten Gewalt und Vandalismus.<\/p>\n<p>Iran wurde fast drei Monate lang von der Gewalt eines Mobs ersch\u00fcttert, w\u00e4hrend der Westen\u00a0dazu eine gro\u00df angelegte Medienkampagne gegen den iranischen Staat unter dem Stichwort &#8220;iranische Revolutionsbewegung&#8221;\u00a0orchestrierte.\u00a0Das Thema\u00a0&#8220;Revolution in Iran&#8221; ist aber nun erst einmal vom Bildschirm der westlichen Propaganda-Medien verschwunden, nachdem das Unruhestiften in Iran krachend gescheitert war.<\/p>\n<p>Iran wurde auf dem Gipfeltreffen der Schanghaier Organisation f\u00fcr Zusammenarbeit (SOZ) im September 2022\u00a0zu einem Vollmitglied dieser eurasischen Organisation. Damit sandte Teheran\u00a0ein Warnsignal vor allem an die USA, nachdem die Atomverhandlungen mit Iran l\u00e4ngst ins Stocken geraten waren. Daraufhin hatte der Westen Mitte September\u00a0eine drei-monatige beispiellose Medienkampagne gestartet, um ein v\u00f6llig falsches Bild \u00fcber die Reichweite und die Form der Proteste in Iran zu vermitteln, nachdem eine 22-j\u00e4hrige Iranerin \u2013 angeblich\u00a0in Polizeigewahrsam \u2013 in Teheran\u00a0verstorben war.<\/p>\n<p>Nachdem wieder Ruhe in Iran eingekehrt ist, reist nun der iranische Pr\u00e4sident Ebrahim Raisi\u00a0am Dienstag\u00a0in die Volksrepublik China, um die asiatische Integration Irans zu st\u00e4rken. Beide L\u00e4nder haben angespannte Beziehungen zu den\u00a0USA und versuchen neben Russland, ein Gegengewicht zur US-Hegemonie aufzubauen.\u00a0In Washington, D.C. hat man Iran au\u00dferdem beschuldigt,\u00a0Hunderte von Kampfdrohnen\u00a0an Russland f\u00fcr\u00a0einen Einsatz\u00a0in der Ukraine verkauft zu haben.\u00a0Russland\u00a0ist zugleich auch zu einem der\u00a0gr\u00f6\u00dften\u00a0Roh\u00f6l-Lieferanten\u00a0Chinas\u00a0aufgestiegen, womit Moskau angeblich seine Milit\u00e4roperation in der Ukraine finanziert.<\/p>\n<p>China ist auch ein wichtiger Abnehmer von iranischem \u00d6l und eine wichtige Investitionsquelle f\u00fcr das Land im Mittleren Osten.\u00a0Im Jahr 2021 unterzeichneten Iran und China ein 25-j\u00e4hriges strategisches Kooperationsabkommen, das wichtige wirtschaftliche Aktivit\u00e4ten in verschiedensten Bereichen abdecken wird, vom \u00d6l und Bergbau bis hin zur Industrie, zum Transport und zur Landwirtschaft.<\/p>\n<p>Mit immer gr\u00f6\u00dferem Tempo beansprucht China die Rolle einer Weltmacht, w\u00e4hrend die USA infolge ihrer Schw\u00e4che von der Weltb\u00fchne zur\u00fcckgedr\u00e4ngt werden.\u00a0In gewisser Weise erlebt der Westen die Wiederkehr alter Verh\u00e4ltnisse und eine neue Realit\u00e4t der multipolaren Welt, vor allem seit Europa im Zuge des Krieges in der Ukraine\u00a0selbst ein Krisenkontinent geworden ist. USA\u00a0wollen nun\u00a0den Aufstieg Chinas bremsen, indem sie das Ziel anstreben, Chinas Neue Seidenstra\u00dfe auszuhebeln.<\/p>\n<p>Der Westen setzt n\u00e4mlich auf die\u00a0gezielte Destabilisierung von Staaten in Asien, um sich damit einen Zeitgewinn zu erkaufen und Chinas Machtausbau entgegentreten zu k\u00f6nnen.\u00a0Durch eine\u00a0Destabilisierung Afghanistans und den Sturz Irans in\u00a0ethnische Konflikte sowie\u00a0durch gesch\u00fcrte\u00a0Grenzkonflikte zwischen postsowjetischen Staaten\u00a0k\u00f6nnten die schon existierenden und noch geplanten chinesischen Transportkorridore zwischen Asien und Europa lahmgelegt werden. Aus diesem Grund\u00a0k\u00fcndigte die chinesische F\u00fchrung jedoch\u00a0bereits an, Beijing\u00a0werde in den kommenden f\u00fcnf Jahren eine Ausbildungsst\u00e4tte mit dem Schwerpunkt Terrorismus-Bek\u00e4mpfung einrichten und dort 2.000 Sicherheitsbeamte aus den SOZ-L\u00e4ndern ausbilden.<\/p>\n<p><strong>Mehr zum Thema<\/strong> &#8211; <a rel=\"nofollow noopener\" target=\"_blank\" href=\"https:\/\/rtde.site\/international\/148992-alternative-zur-westlichen-dominanz-zum-soz-gipfel-in-usbekistan\/\">B\u00fcndnis gegen die westliche Dominanz \u2013 Der Gipfel der Schanghaier Organisation<\/a><\/p>\n<div class=\"EmbedBlock-root EmbedBlock-externalVideo EmbedBlock-vk\">\n<div class=\"VkEmbed\"><iframe class=\"lazyload\" data-src=\"https:\/\/vk.com\/video_ext.php?oid=-134310637&amp;id=456258332&amp;hash=20b436c1d3d418ff\" frameborder=\"0\" width=\"853\" height=\"480\" allowfullscreen><\/iframe><\/div>\n<\/div>\n<\/div>\n<p><br \/>\n<br \/><a href=\"https:\/\/de.rt.com\/asien\/162753-nach-gescheiterter-unruhestiftung-in-iran\/\">Source link <\/a><\/p>\n","protected":false},"excerpt":{"rendered":"<p>Nachdem Iran wieder zur Ruhe gekommen ist, reist der iranische Pr\u00e4sident nach China, um die Integration seines Landes in Asien zu st\u00e4rken. Die NATO zielt zunehmend auf die Destabilisierung von Staaten in Asien ab, um dem Erstarken der Volksrepublik China durch deren Mega-Projekt &#8220;Seidenstra\u00dfe&#8221; entgegenzutreten. Von Seyed Alireza Mousavi Auf dem letzten Gipfeltreffens der Schanghaier [&hellip;]<\/p>\n","protected":false},"author":3,"featured_media":30329,"comment_status":"open","ping_status":"open","sticky":false,"template":"","format":"standard","meta":{"_yoast_indexnow_last_ping":["1676367212"],"wp_automatic_camp":["217"],"0e2a7a3111c7e4c5b90e20ad1542dd6c":["Zeichen an den Westen: Irans Pr\u00e4sident reist nach China und sucht Integration in Asien"],"original_link":["https:\/\/de.rt.com\/asien\/162753-nach-gescheiterter-unruhestiftung-in-iran\/"],"_thumbnail_id":["30329"],"_wptgpro_p2tg_sent2tg":["a:1:{i:23737;s:19:\"2023-02-14 11:34:37\";}"],"jnews_social_counter_last_update":["1777325146"]},"categories":[19,23],"tags":[6186,192,48,14250,12414,979,3464,29854,26422,140,378,20166],"yoast_head":"<!-- This site is optimized with the Yoast SEO Premium plugin v22.7 (Yoast SEO v22.7) - https:\/\/yoast.com\/wordpress\/plugins\/seo\/ -->\n<title>Zeichen an den Westen: Irans Pr\u00e4sident reist nach China und sucht Integration in Asien - just-now.NEWS Deutschland<\/title>\n<meta name=\"robots\" content=\"index, follow, max-snippet:-1, max-image-preview:large, max-video-preview:-1\" \/>\n<link rel=\"canonical\" href=\"https:\/\/now-news.de\/de\/deutschland\/zeichen-an-den-westen-irans-praesident-reist-nach-china-und-sucht-integration-in-asien\/\" \/>\n<meta property=\"og:locale\" content=\"de_DE\" \/>\n<meta property=\"og:type\" content=\"article\" \/>\n<meta property=\"og:title\" content=\"Zeichen an den Westen: Irans Pr\u00e4sident reist nach China und sucht Integration in Asien\" \/>\n<meta property=\"og:description\" content=\"Nachdem Iran wieder zur Ruhe gekommen ist, reist der iranische Pr\u00e4sident nach China, um die Integration seines Landes in Asien zu st\u00e4rken. Die NATO zielt zunehmend auf die Destabilisierung von Staaten in Asien ab, um dem Erstarken der Volksrepublik China durch deren Mega-Projekt &#8220;Seidenstra\u00dfe&#8221; entgegenzutreten. Von Seyed Alireza Mousavi Auf dem letzten Gipfeltreffens der Schanghaier [&hellip;]\" \/>\n<meta property=\"og:url\" content=\"https:\/\/now-news.de\/de\/deutschland\/zeichen-an-den-westen-irans-praesident-reist-nach-china-und-sucht-integration-in-asien\/\" \/>\n<meta property=\"og:site_name\" content=\"just-now.NEWS Deutschland\" \/>\n<meta property=\"article:publisher\" content=\"https:\/\/www.facebook.com\/wirmachenauf\" \/>\n<meta property=\"article:published_time\" content=\"2023-02-14T09:30:25+00:00\" \/>\n<meta property=\"og:image\" content=\"https:\/\/now-news.de\/de\/wp-content\/uploads\/sites\/3\/2023\/02\/Zeichen-an-den-Westen-Irans-Praesident-reist-nach-China-und.jpg\" \/>\n\t<meta property=\"og:image:width\" content=\"460\" \/>\n\t<meta property=\"og:image:height\" content=\"259\" \/>\n\t<meta property=\"og:image:type\" content=\"image\/jpeg\" \/>\n<meta name=\"author\" content=\"rtnews\" \/>\n<meta name=\"twitter:card\" content=\"summary_large_image\" \/>\n<meta name=\"twitter:creator\" content=\"@WirMachenAuf_de\" \/>\n<meta name=\"twitter:site\" content=\"@WirMachenAuf_de\" \/>\n<meta name=\"twitter:label1\" content=\"Verfasst von\" \/>\n\t<meta name=\"twitter:data1\" content=\"rtnews\" \/>\n\t<meta name=\"twitter:label2\" content=\"Gesch\u00e4tzte Lesezeit\" \/>\n\t<meta name=\"twitter:data2\" content=\"3\u00a0Minuten\" \/>\n<script type=\"application\/ld+json\" class=\"yoast-schema-graph\">{\"@context\":\"https:\/\/schema.org\",\"@graph\":[{\"@type\":\"Article\",\"@id\":\"https:\/\/now-news.de\/de\/deutschland\/zeichen-an-den-westen-irans-praesident-reist-nach-china-und-sucht-integration-in-asien\/#article\",\"isPartOf\":{\"@id\":\"https:\/\/now-news.de\/de\/deutschland\/zeichen-an-den-westen-irans-praesident-reist-nach-china-und-sucht-integration-in-asien\/\"},\"author\":{\"name\":\"rtnews\",\"@id\":\"https:\/\/now-news.de\/de\/#\/schema\/person\/fb534a4e865501d8b3285208df34a9b5\"},\"headline\":\"Zeichen an den Westen: Irans Pr\u00e4sident reist nach China und sucht Integration in Asien\",\"datePublished\":\"2023-02-14T09:30:25+00:00\",\"dateModified\":\"2023-02-14T09:30:25+00:00\",\"mainEntityOfPage\":{\"@id\":\"https:\/\/now-news.de\/de\/deutschland\/zeichen-an-den-westen-irans-praesident-reist-nach-china-und-sucht-integration-in-asien\/\"},\"wordCount\":621,\"commentCount\":0,\"publisher\":{\"@id\":\"https:\/\/now-news.de\/de\/#organization\"},\"image\":{\"@id\":\"https:\/\/now-news.de\/de\/deutschland\/zeichen-an-den-westen-irans-praesident-reist-nach-china-und-sucht-integration-in-asien\/#primaryimage\"},\"thumbnailUrl\":\"https:\/\/now-news.de\/de\/wp-content\/uploads\/sites\/3\/2023\/02\/Zeichen-an-den-Westen-Irans-Praesident-reist-nach-China-und.jpg\",\"keywords\":[\"Asien\",\"China\",\"den\",\"integration\",\"Irans\",\"nach\",\"Pr\u00e4sident\",\"reist\",\"sucht\",\"und\",\"Westen\",\"Zeichen\"],\"articleSection\":[\"Deutschland\",\"Russland\"],\"inLanguage\":\"de\",\"potentialAction\":[{\"@type\":\"CommentAction\",\"name\":\"Comment\",\"target\":[\"https:\/\/now-news.de\/de\/deutschland\/zeichen-an-den-westen-irans-praesident-reist-nach-china-und-sucht-integration-in-asien\/#respond\"]}]},{\"@type\":\"WebPage\",\"@id\":\"https:\/\/now-news.de\/de\/deutschland\/zeichen-an-den-westen-irans-praesident-reist-nach-china-und-sucht-integration-in-asien\/\",\"url\":\"https:\/\/now-news.de\/de\/deutschland\/zeichen-an-den-westen-irans-praesident-reist-nach-china-und-sucht-integration-in-asien\/\",\"name\":\"Zeichen an den Westen: Irans Pr\u00e4sident reist nach China und sucht Integration in Asien - just-now.NEWS Deutschland\",\"isPartOf\":{\"@id\":\"https:\/\/now-news.de\/de\/#website\"},\"primaryImageOfPage\":{\"@id\":\"https:\/\/now-news.de\/de\/deutschland\/zeichen-an-den-westen-irans-praesident-reist-nach-china-und-sucht-integration-in-asien\/#primaryimage\"},\"image\":{\"@id\":\"https:\/\/now-news.de\/de\/deutschland\/zeichen-an-den-westen-irans-praesident-reist-nach-china-und-sucht-integration-in-asien\/#primaryimage\"},\"thumbnailUrl\":\"https:\/\/now-news.de\/de\/wp-content\/uploads\/sites\/3\/2023\/02\/Zeichen-an-den-Westen-Irans-Praesident-reist-nach-China-und.jpg\",\"datePublished\":\"2023-02-14T09:30:25+00:00\",\"dateModified\":\"2023-02-14T09:30:25+00:00\",\"breadcrumb\":{\"@id\":\"https:\/\/now-news.de\/de\/deutschland\/zeichen-an-den-westen-irans-praesident-reist-nach-china-und-sucht-integration-in-asien\/#breadcrumb\"},\"inLanguage\":\"de\",\"potentialAction\":[{\"@type\":\"ReadAction\",\"target\":[\"https:\/\/now-news.de\/de\/deutschland\/zeichen-an-den-westen-irans-praesident-reist-nach-china-und-sucht-integration-in-asien\/\"]}]},{\"@type\":\"ImageObject\",\"inLanguage\":\"de\",\"@id\":\"https:\/\/now-news.de\/de\/deutschland\/zeichen-an-den-westen-irans-praesident-reist-nach-china-und-sucht-integration-in-asien\/#primaryimage\",\"url\":\"https:\/\/now-news.de\/de\/wp-content\/uploads\/sites\/3\/2023\/02\/Zeichen-an-den-Westen-Irans-Praesident-reist-nach-China-und.jpg\",\"contentUrl\":\"https:\/\/now-news.de\/de\/wp-content\/uploads\/sites\/3\/2023\/02\/Zeichen-an-den-Westen-Irans-Praesident-reist-nach-China-und.jpg\",\"width\":460,\"height\":259,\"caption\":\"Zeichen an den Westen: Irans Pr\u00e4sident reist nach China und sucht Integration in Asien\"},{\"@type\":\"BreadcrumbList\",\"@id\":\"https:\/\/now-news.de\/de\/deutschland\/zeichen-an-den-westen-irans-praesident-reist-nach-china-und-sucht-integration-in-asien\/#breadcrumb\",\"itemListElement\":[{\"@type\":\"ListItem\",\"position\":1,\"name\":\"Home\",\"item\":\"https:\/\/now-news.de\/de\/\"},{\"@type\":\"ListItem\",\"position\":2,\"name\":\"Zeichen an den Westen: Irans Pr\u00e4sident reist nach China und sucht Integration in Asien\"}]},{\"@type\":\"WebSite\",\"@id\":\"https:\/\/now-news.de\/de\/#website\",\"url\":\"https:\/\/now-news.de\/de\/\",\"name\":\"just-now.NEWS Deutschland\",\"description\":\"Das Portal f\u00fcr unzensierte Nachrichten aus der Welt\",\"publisher\":{\"@id\":\"https:\/\/now-news.de\/de\/#organization\"},\"potentialAction\":[{\"@type\":\"SearchAction\",\"target\":{\"@type\":\"EntryPoint\",\"urlTemplate\":\"https:\/\/now-news.de\/de\/?s={search_term_string}\"},\"query-input\":\"required name=search_term_string\"}],\"inLanguage\":\"de\"},{\"@type\":\"Organization\",\"@id\":\"https:\/\/now-news.de\/de\/#organization\",\"name\":\"Just Now News\",\"url\":\"https:\/\/now-news.de\/de\/\",\"logo\":{\"@type\":\"ImageObject\",\"inLanguage\":\"de\",\"@id\":\"https:\/\/now-news.de\/de\/#\/schema\/logo\/image\/\",\"url\":\"http:\/\/just-now.news\/de\/wp-content\/uploads\/sites\/3\/2022\/04\/logo500x500.jpg\",\"contentUrl\":\"http:\/\/just-now.news\/de\/wp-content\/uploads\/sites\/3\/2022\/04\/logo500x500.jpg\",\"width\":500,\"height\":500,\"caption\":\"Just Now News\"},\"image\":{\"@id\":\"https:\/\/now-news.de\/de\/#\/schema\/logo\/image\/\"},\"sameAs\":[\"https:\/\/www.facebook.com\/wirmachenauf\",\"https:\/\/x.com\/WirMachenAuf_de\"]},{\"@type\":\"Person\",\"@id\":\"https:\/\/now-news.de\/de\/#\/schema\/person\/fb534a4e865501d8b3285208df34a9b5\",\"name\":\"rtnews\",\"image\":{\"@type\":\"ImageObject\",\"inLanguage\":\"de\",\"@id\":\"https:\/\/now-news.de\/de\/#\/schema\/person\/image\/\",\"url\":\"https:\/\/secure.gravatar.com\/avatar\/82aafea7d8127119dd649515f56e2117?s=96&d=mm&r=g\",\"contentUrl\":\"https:\/\/secure.gravatar.com\/avatar\/82aafea7d8127119dd649515f56e2117?s=96&d=mm&r=g\",\"caption\":\"rtnews\"},\"url\":\"https:\/\/now-news.de\/de\/author\/rnews\/\"}]}<\/script>\n<!-- \/ Yoast SEO Premium plugin. -->","yoast_head_json":{"title":"Zeichen an den Westen: Irans Pr\u00e4sident reist nach China und sucht Integration in Asien - just-now.NEWS Deutschland","robots":{"index":"index","follow":"follow","max-snippet":"max-snippet:-1","max-image-preview":"max-image-preview:large","max-video-preview":"max-video-preview:-1"},"canonical":"https:\/\/now-news.de\/de\/deutschland\/zeichen-an-den-westen-irans-praesident-reist-nach-china-und-sucht-integration-in-asien\/","og_locale":"de_DE","og_type":"article","og_title":"Zeichen an den Westen: Irans Pr\u00e4sident reist nach China und sucht Integration in Asien","og_description":"Nachdem Iran wieder zur Ruhe gekommen ist, reist der iranische Pr\u00e4sident nach China, um die Integration seines Landes in Asien zu st\u00e4rken. Die NATO zielt zunehmend auf die Destabilisierung von Staaten in Asien ab, um dem Erstarken der Volksrepublik China durch deren Mega-Projekt &#8220;Seidenstra\u00dfe&#8221; entgegenzutreten. Von Seyed Alireza Mousavi Auf dem letzten Gipfeltreffens der Schanghaier [&hellip;]","og_url":"https:\/\/now-news.de\/de\/deutschland\/zeichen-an-den-westen-irans-praesident-reist-nach-china-und-sucht-integration-in-asien\/","og_site_name":"just-now.NEWS Deutschland","article_publisher":"https:\/\/www.facebook.com\/wirmachenauf","article_published_time":"2023-02-14T09:30:25+00:00","og_image":[{"width":460,"height":259,"url":"https:\/\/now-news.de\/de\/wp-content\/uploads\/sites\/3\/2023\/02\/Zeichen-an-den-Westen-Irans-Praesident-reist-nach-China-und.jpg","type":"image\/jpeg"}],"author":"rtnews","twitter_card":"summary_large_image","twitter_creator":"@WirMachenAuf_de","twitter_site":"@WirMachenAuf_de","twitter_misc":{"Verfasst von":"rtnews","Gesch\u00e4tzte Lesezeit":"3\u00a0Minuten"},"schema":{"@context":"https:\/\/schema.org","@graph":[{"@type":"Article","@id":"https:\/\/now-news.de\/de\/deutschland\/zeichen-an-den-westen-irans-praesident-reist-nach-china-und-sucht-integration-in-asien\/#article","isPartOf":{"@id":"https:\/\/now-news.de\/de\/deutschland\/zeichen-an-den-westen-irans-praesident-reist-nach-china-und-sucht-integration-in-asien\/"},"author":{"name":"rtnews","@id":"https:\/\/now-news.de\/de\/#\/schema\/person\/fb534a4e865501d8b3285208df34a9b5"},"headline":"Zeichen an den Westen: Irans Pr\u00e4sident reist nach China und sucht Integration in Asien","datePublished":"2023-02-14T09:30:25+00:00","dateModified":"2023-02-14T09:30:25+00:00","mainEntityOfPage":{"@id":"https:\/\/now-news.de\/de\/deutschland\/zeichen-an-den-westen-irans-praesident-reist-nach-china-und-sucht-integration-in-asien\/"},"wordCount":621,"commentCount":0,"publisher":{"@id":"https:\/\/now-news.de\/de\/#organization"},"image":{"@id":"https:\/\/now-news.de\/de\/deutschland\/zeichen-an-den-westen-irans-praesident-reist-nach-china-und-sucht-integration-in-asien\/#primaryimage"},"thumbnailUrl":"https:\/\/now-news.de\/de\/wp-content\/uploads\/sites\/3\/2023\/02\/Zeichen-an-den-Westen-Irans-Praesident-reist-nach-China-und.jpg","keywords":["Asien","China","den","integration","Irans","nach","Pr\u00e4sident","reist","sucht","und","Westen","Zeichen"],"articleSection":["Deutschland","Russland"],"inLanguage":"de","potentialAction":[{"@type":"CommentAction","name":"Comment","target":["https:\/\/now-news.de\/de\/deutschland\/zeichen-an-den-westen-irans-praesident-reist-nach-china-und-sucht-integration-in-asien\/#respond"]}]},{"@type":"WebPage","@id":"https:\/\/now-news.de\/de\/deutschland\/zeichen-an-den-westen-irans-praesident-reist-nach-china-und-sucht-integration-in-asien\/","url":"https:\/\/now-news.de\/de\/deutschland\/zeichen-an-den-westen-irans-praesident-reist-nach-china-und-sucht-integration-in-asien\/","name":"Zeichen an den Westen: Irans Pr\u00e4sident reist nach China und sucht Integration in Asien - just-now.NEWS Deutschland","isPartOf":{"@id":"https:\/\/now-news.de\/de\/#website"},"primaryImageOfPage":{"@id":"https:\/\/now-news.de\/de\/deutschland\/zeichen-an-den-westen-irans-praesident-reist-nach-china-und-sucht-integration-in-asien\/#primaryimage"},"image":{"@id":"https:\/\/now-news.de\/de\/deutschland\/zeichen-an-den-westen-irans-praesident-reist-nach-china-und-sucht-integration-in-asien\/#primaryimage"},"thumbnailUrl":"https:\/\/now-news.de\/de\/wp-content\/uploads\/sites\/3\/2023\/02\/Zeichen-an-den-Westen-Irans-Praesident-reist-nach-China-und.jpg","datePublished":"2023-02-14T09:30:25+00:00","dateModified":"2023-02-14T09:30:25+00:00","breadcrumb":{"@id":"https:\/\/now-news.de\/de\/deutschland\/zeichen-an-den-westen-irans-praesident-reist-nach-china-und-sucht-integration-in-asien\/#breadcrumb"},"inLanguage":"de","potentialAction":[{"@type":"ReadAction","target":["https:\/\/now-news.de\/de\/deutschland\/zeichen-an-den-westen-irans-praesident-reist-nach-china-und-sucht-integration-in-asien\/"]}]},{"@type":"ImageObject","inLanguage":"de","@id":"https:\/\/now-news.de\/de\/deutschland\/zeichen-an-den-westen-irans-praesident-reist-nach-china-und-sucht-integration-in-asien\/#primaryimage","url":"https:\/\/now-news.de\/de\/wp-content\/uploads\/sites\/3\/2023\/02\/Zeichen-an-den-Westen-Irans-Praesident-reist-nach-China-und.jpg","contentUrl":"https:\/\/now-news.de\/de\/wp-content\/uploads\/sites\/3\/2023\/02\/Zeichen-an-den-Westen-Irans-Praesident-reist-nach-China-und.jpg","width":460,"height":259,"caption":"Zeichen an den Westen: Irans Pr\u00e4sident reist nach China und sucht Integration in Asien"},{"@type":"BreadcrumbList","@id":"https:\/\/now-news.de\/de\/deutschland\/zeichen-an-den-westen-irans-praesident-reist-nach-china-und-sucht-integration-in-asien\/#breadcrumb","itemListElement":[{"@type":"ListItem","position":1,"name":"Home","item":"https:\/\/now-news.de\/de\/"},{"@type":"ListItem","position":2,"name":"Zeichen an den Westen: Irans Pr\u00e4sident reist nach China und sucht Integration in Asien"}]},{"@type":"WebSite","@id":"https:\/\/now-news.de\/de\/#website","url":"https:\/\/now-news.de\/de\/","name":"just-now.NEWS Deutschland","description":"Das Portal f\u00fcr unzensierte Nachrichten aus der Welt","publisher":{"@id":"https:\/\/now-news.de\/de\/#organization"},"potentialAction":[{"@type":"SearchAction","target":{"@type":"EntryPoint","urlTemplate":"https:\/\/now-news.de\/de\/?s={search_term_string}"},"query-input":"required name=search_term_string"}],"inLanguage":"de"},{"@type":"Organization","@id":"https:\/\/now-news.de\/de\/#organization","name":"Just Now News","url":"https:\/\/now-news.de\/de\/","logo":{"@type":"ImageObject","inLanguage":"de","@id":"https:\/\/now-news.de\/de\/#\/schema\/logo\/image\/","url":"http:\/\/just-now.news\/de\/wp-content\/uploads\/sites\/3\/2022\/04\/logo500x500.jpg","contentUrl":"http:\/\/just-now.news\/de\/wp-content\/uploads\/sites\/3\/2022\/04\/logo500x500.jpg","width":500,"height":500,"caption":"Just Now News"},"image":{"@id":"https:\/\/now-news.de\/de\/#\/schema\/logo\/image\/"},"sameAs":["https:\/\/www.facebook.com\/wirmachenauf","https:\/\/x.com\/WirMachenAuf_de"]},{"@type":"Person","@id":"https:\/\/now-news.de\/de\/#\/schema\/person\/fb534a4e865501d8b3285208df34a9b5","name":"rtnews","image":{"@type":"ImageObject","inLanguage":"de","@id":"https:\/\/now-news.de\/de\/#\/schema\/person\/image\/","url":"https:\/\/secure.gravatar.com\/avatar\/82aafea7d8127119dd649515f56e2117?s=96&d=mm&r=g","contentUrl":"https:\/\/secure.gravatar.com\/avatar\/82aafea7d8127119dd649515f56e2117?s=96&d=mm&r=g","caption":"rtnews"},"url":"https:\/\/now-news.de\/de\/author\/rnews\/"}]}},"_links":{"self":[{"href":"https:\/\/now-news.de\/de\/wp-json\/wp\/v2\/posts\/30328"}],"collection":[{"href":"https:\/\/now-news.de\/de\/wp-json\/wp\/v2\/posts"}],"about":[{"href":"https:\/\/now-news.de\/de\/wp-json\/wp\/v2\/types\/post"}],"author":[{"embeddable":true,"href":"https:\/\/now-news.de\/de\/wp-json\/wp\/v2\/users\/3"}],"replies":[{"embeddable":true,"href":"https:\/\/now-news.de\/de\/wp-json\/wp\/v2\/comments?post=30328"}],"version-history":[{"count":0,"href":"https:\/\/now-news.de\/de\/wp-json\/wp\/v2\/posts\/30328\/revisions"}],"wp:featuredmedia":[{"embeddable":true,"href":"https:\/\/now-news.de\/de\/wp-json\/wp\/v2\/media\/30329"}],"wp:attachment":[{"href":"https:\/\/now-news.de\/de\/wp-json\/wp\/v2\/media?parent=30328"}],"wp:term":[{"taxonomy":"category","embeddable":true,"href":"https:\/\/now-news.de\/de\/wp-json\/wp\/v2\/categories?post=30328"},{"taxonomy":"post_tag","embeddable":true,"href":"https:\/\/now-news.de\/de\/wp-json\/wp\/v2\/tags?post=30328"}],"curies":[{"name":"wp","href":"https:\/\/api.w.org\/{rel}","templated":true}]}}