{"id":30297,"date":"2023-02-13T22:41:40","date_gmt":"2023-02-13T20:41:40","guid":{"rendered":"https:\/\/just-now.news\/de\/deutschland\/podoljakas-wochenrueckblick-todeskampf-der-ukrainischen-garnison-von-artjomowsk-naht-dem-ende\/"},"modified":"2023-02-13T22:41:40","modified_gmt":"2023-02-13T20:41:40","slug":"podoljakas-wochenrueckblick-todeskampf-der-ukrainischen-garnison-von-artjomowsk-naht-dem-ende","status":"publish","type":"post","link":"https:\/\/now-news.de\/de\/deutschland\/podoljakas-wochenrueckblick-todeskampf-der-ukrainischen-garnison-von-artjomowsk-naht-dem-ende\/","title":{"rendered":"Podoljakas Wochenr\u00fcckblick: Todeskampf der ukrainischen Garnison von Artjomowsk naht dem Ende"},"content":{"rendered":"<p><img decoding=\"async\" src=\"http:\/\/just-now.news\/de\/wp-content\/uploads\/sites\/3\/2023\/02\/63ea893c48fbef7ffb0b7700.jpg\" \/><\/p>\n<div class=\"Text-root Text-type_1 \">\n                Am Ende der nun vergangenen 6. Kalenderwoche 2023 vom 6. bis zum 12. Februar bleibt dem ukrainischen Aufgebot in der Stadt Artjomowsk, dem einzigen logistischen Knotenpunkt dieses Kalibers im Donbass, der noch unter Kiews Kontrolle verbleibt, lediglich eine Versorgungsstra\u00dfe, die es mit dem Rest der ukrainischen Streitkr\u00e4fte verbindet. Noch Ende vorletzter Woche waren es immerhin drei, merkt Juri Podoljaka an.\n            <\/div>\n<p><\/p>\n<div class=\"Text-root Text-type_5 ArticleView-text ViewText-root \">\n<p>Am Frontabschnitt Charkow-Swatowo in H\u00f6he Kupjansk konnten derweil russische Truppen den ukrainischen Br\u00fcckenkopf am Ostufer des Flusses Oskol nahe der Ortschaft Dwuretschnoje zerschlagen und unter Gefechten erfolgreich zum Fluss vorsto\u00dfen: Dazu f\u00fchrt Podoljaka aus:<\/p>\n<blockquote>\n<p><em>&#8220;Gleichzeitig hat das russische Milit\u00e4r in der nun vergangenen Woche eine lokale Offensivoperation in der N\u00e4he von Kupjansk abgeschlossen. Dabei hat es das Ostufer des Oskol in der N\u00e4he der Ortschaft Dwuretschnoje vom Gegner ges\u00e4ubert und kontrolliert nun etwa 12 bis 15 Kilometer des Flussufers. Nun bedroht es Kupjansk immer st\u00e4rker vom Norden her.&#8221; <\/em><\/p>\n<\/blockquote>\n<p>Was die Lage um Artjomowsk angeht, res\u00fcmiert Podoljaka:<\/p>\n<blockquote>\n<p><em>&#8220;Und es wird zunehmend klar, damit hat Russland es nicht nur auf Artjomowsk, sondern auch auf Tschassow Jar abgesehen. In der nun vergangenen Woche erreichten die russischen Truppen\u00a0bereits die Au\u00dfenbezirke dieser Stadt und verwickelten den Gegner dort in K\u00e4mpfe.&#8221;<\/em><\/p>\n<\/blockquote>\n<p>Am s\u00fcdlichen Fronabschnitt bei Donezk war Russland in der Gegend von Marjinka in der Offensive, und vereinzelte Erfolge konnten die russischen Truppen bei Wodjanoje und Opytnoje verzeichnen. Allerdings gab es auch R\u00fcckschl\u00e4ge:<\/p>\n<blockquote>\n<p><em>&#8220;In der H\u00f6he von Ugledar scheiterte der Versuch, die Offensive weiter auszubauen. Leider wurde hier eine russische Fahrzeugkolonne abgepasst und zusammengeschossen. Das brachte die Offensivaktionen hier weitgehend zum Erliegen. Der Gegner zog hier Reserven zusammen und versuchte sich seinerseits an einem Gegenangriff. Dies jedoch ebenso erfolglos.&#8221;<\/em><\/p>\n<\/blockquote>\n<p>Juri Podoljaka ist ein ukrainischer politischer Blogger (auf YouTube hatte sein Kanal vor der L\u00f6schung durch die Verwaltung der Plattform 2,6 Millionen Abonnenten) und Journalist aus Sumy (er wohnt seit dem Jahr 2014 im russischen Sewastopol), dessen Einsichten im Zeitraum um den Beginn der Intervention in den russischen Medien zunehmend gefragter wurden. Seine Analyseausgaben warten mit nur wenigen Zahlen auf \u2013 daf\u00fcr vermittelt er durch Arbeit mit Karten aber ein gutes Verst\u00e4ndnis vom r\u00e4umlichen Umfang der jeweiligen Entwicklungen und bietet dann und wann kurzfristige Prognosen.<\/p>\n<p>An Quellen bem\u00fcht Podoljaka einerseits offen zug\u00e4ngliche Daten: Dies sind Meldungen von Augenzeugen in den sozialen Medien sowie Meldungen des russischen, aber auch des ukrainischen Verteidigungsministeriums. Andererseits gibt er Insiderquellen an: Neben solchen in den Volksmilizen und Sicherheitsorganen der russischen Volksrepubliken Donezk und Lugansk seien dies solche in den ukrainischen Sicherheits- und Regierungsbeh\u00f6rden, die er aufgrund alter Beziehungen aus der Zeit als ukrainischer Journalist noch zu unterhalten erkl\u00e4rt. Um es mit dem aktuellen Jargon der Aufkl\u00e4rungsdienste auszudr\u00fccken, ist Juri Podoljaka also vornehmlich ein OSINT-Analyst.<\/p>\n<p><strong>Mehr zum Thema<\/strong> &#8211; <a rel=\"nofollow noopener\" target=\"_blank\" href=\"https:\/\/gegenzensur.rtde.life\/international\/162765-chinesische-zeitung-usa-nicht-willens\/\">Chinesische Zeitung: USA nicht willens, den Konflikt in der Ukraine zu beenden<\/a><\/p>\n<\/div>\n<p><br \/>\n<br \/><a href=\"https:\/\/de.rt.com\/international\/162822-podoljakas-wochenrueckblick-todeskampf-ukrainischen-garnison\/\">Source link <\/a><\/p>\n","protected":false},"excerpt":{"rendered":"<p>Am Ende der nun vergangenen 6. Kalenderwoche 2023 vom 6. bis zum 12. Februar bleibt dem ukrainischen Aufgebot in der Stadt Artjomowsk, dem einzigen logistischen Knotenpunkt dieses Kalibers im Donbass, der noch unter Kiews Kontrolle verbleibt, lediglich eine Versorgungsstra\u00dfe, die es mit dem Rest der ukrainischen Streitkr\u00e4fte verbindet. Noch Ende vorletzter Woche waren es immerhin [&hellip;]<\/p>\n","protected":false},"author":3,"featured_media":30298,"comment_status":"open","ping_status":"open","sticky":false,"template":"","format":"standard","meta":{"_yoast_indexnow_last_ping":["1676321755"],"wp_automatic_camp":["217"],"c4cbeeefcf48f7c5e72da55bb76987e2":["Podoljakas Wochenr\u00fcckblick: Todeskampf der ukrainischen Garnison von Artjomowsk naht dem Ende"],"original_link":["https:\/\/de.rt.com\/international\/162822-podoljakas-wochenrueckblick-todeskampf-ukrainischen-garnison\/"],"_thumbnail_id":["30298"],"_wptgpro_p2tg_sent2tg":["a:1:{i:23737;s:19:\"2023-02-13 22:56:55\";}"],"jnews_social_counter_last_update":["1777229956"]},"categories":[19,23],"tags":[30949,134,82,5375,39632,39671,32709,39631,2332,50,35477],"yoast_head":"<!-- This site is optimized with the Yoast SEO Premium plugin v22.7 (Yoast SEO v22.7) - https:\/\/yoast.com\/wordpress\/plugins\/seo\/ -->\n<title>Podoljakas Wochenr\u00fcckblick: Todeskampf der ukrainischen Garnison von Artjomowsk naht dem Ende - just-now.NEWS Deutschland<\/title>\n<meta name=\"robots\" content=\"index, follow, max-snippet:-1, max-image-preview:large, max-video-preview:-1\" \/>\n<link rel=\"canonical\" href=\"https:\/\/now-news.de\/de\/deutschland\/podoljakas-wochenrueckblick-todeskampf-der-ukrainischen-garnison-von-artjomowsk-naht-dem-ende\/\" \/>\n<meta property=\"og:locale\" content=\"de_DE\" \/>\n<meta property=\"og:type\" content=\"article\" \/>\n<meta property=\"og:title\" content=\"Podoljakas Wochenr\u00fcckblick: Todeskampf der ukrainischen Garnison von Artjomowsk naht dem Ende\" \/>\n<meta property=\"og:description\" content=\"Am Ende der nun vergangenen 6. Kalenderwoche 2023 vom 6. bis zum 12. Februar bleibt dem ukrainischen Aufgebot in der Stadt Artjomowsk, dem einzigen logistischen Knotenpunkt dieses Kalibers im Donbass, der noch unter Kiews Kontrolle verbleibt, lediglich eine Versorgungsstra\u00dfe, die es mit dem Rest der ukrainischen Streitkr\u00e4fte verbindet. Noch Ende vorletzter Woche waren es immerhin [&hellip;]\" \/>\n<meta property=\"og:url\" content=\"https:\/\/now-news.de\/de\/deutschland\/podoljakas-wochenrueckblick-todeskampf-der-ukrainischen-garnison-von-artjomowsk-naht-dem-ende\/\" \/>\n<meta property=\"og:site_name\" content=\"just-now.NEWS Deutschland\" \/>\n<meta property=\"article:publisher\" content=\"https:\/\/www.facebook.com\/wirmachenauf\" \/>\n<meta property=\"article:published_time\" content=\"2023-02-13T20:41:40+00:00\" \/>\n<meta property=\"og:image\" content=\"https:\/\/now-news.de\/de\/wp-content\/uploads\/sites\/3\/2023\/02\/Podoljakas-Wochenrueckblick-Todeskampf-der-ukrainischen-Garnison-von-Artjomowsk-naht-dem.jpg\" \/>\n\t<meta property=\"og:image:width\" content=\"460\" \/>\n\t<meta property=\"og:image:height\" content=\"259\" \/>\n\t<meta property=\"og:image:type\" content=\"image\/jpeg\" \/>\n<meta name=\"author\" content=\"rtnews\" \/>\n<meta name=\"twitter:card\" content=\"summary_large_image\" \/>\n<meta name=\"twitter:creator\" content=\"@WirMachenAuf_de\" \/>\n<meta name=\"twitter:site\" content=\"@WirMachenAuf_de\" \/>\n<meta name=\"twitter:label1\" content=\"Verfasst von\" \/>\n\t<meta name=\"twitter:data1\" content=\"rtnews\" \/>\n\t<meta name=\"twitter:label2\" content=\"Gesch\u00e4tzte Lesezeit\" \/>\n\t<meta name=\"twitter:data2\" content=\"2\u00a0Minuten\" \/>\n<script type=\"application\/ld+json\" class=\"yoast-schema-graph\">{\"@context\":\"https:\/\/schema.org\",\"@graph\":[{\"@type\":\"Article\",\"@id\":\"https:\/\/now-news.de\/de\/deutschland\/podoljakas-wochenrueckblick-todeskampf-der-ukrainischen-garnison-von-artjomowsk-naht-dem-ende\/#article\",\"isPartOf\":{\"@id\":\"https:\/\/now-news.de\/de\/deutschland\/podoljakas-wochenrueckblick-todeskampf-der-ukrainischen-garnison-von-artjomowsk-naht-dem-ende\/\"},\"author\":{\"name\":\"rtnews\",\"@id\":\"https:\/\/now-news.de\/de\/#\/schema\/person\/fb534a4e865501d8b3285208df34a9b5\"},\"headline\":\"Podoljakas Wochenr\u00fcckblick: Todeskampf der ukrainischen Garnison von Artjomowsk naht dem Ende\",\"datePublished\":\"2023-02-13T20:41:40+00:00\",\"dateModified\":\"2023-02-13T20:41:40+00:00\",\"mainEntityOfPage\":{\"@id\":\"https:\/\/now-news.de\/de\/deutschland\/podoljakas-wochenrueckblick-todeskampf-der-ukrainischen-garnison-von-artjomowsk-naht-dem-ende\/\"},\"wordCount\":493,\"commentCount\":0,\"publisher\":{\"@id\":\"https:\/\/now-news.de\/de\/#organization\"},\"image\":{\"@id\":\"https:\/\/now-news.de\/de\/deutschland\/podoljakas-wochenrueckblick-todeskampf-der-ukrainischen-garnison-von-artjomowsk-naht-dem-ende\/#primaryimage\"},\"thumbnailUrl\":\"https:\/\/now-news.de\/de\/wp-content\/uploads\/sites\/3\/2023\/02\/Podoljakas-Wochenrueckblick-Todeskampf-der-ukrainischen-Garnison-von-Artjomowsk-naht-dem.jpg\",\"keywords\":[\"Artjomowsk\",\"DEM\",\"der\",\"Ende\",\"Garnison\",\"naht\",\"Podoljakas\",\"Todeskampf\",\"ukrainischen\",\"von\",\"Wochenr\u00fcckblick\"],\"articleSection\":[\"Deutschland\",\"Russland\"],\"inLanguage\":\"de\",\"potentialAction\":[{\"@type\":\"CommentAction\",\"name\":\"Comment\",\"target\":[\"https:\/\/now-news.de\/de\/deutschland\/podoljakas-wochenrueckblick-todeskampf-der-ukrainischen-garnison-von-artjomowsk-naht-dem-ende\/#respond\"]}]},{\"@type\":\"WebPage\",\"@id\":\"https:\/\/now-news.de\/de\/deutschland\/podoljakas-wochenrueckblick-todeskampf-der-ukrainischen-garnison-von-artjomowsk-naht-dem-ende\/\",\"url\":\"https:\/\/now-news.de\/de\/deutschland\/podoljakas-wochenrueckblick-todeskampf-der-ukrainischen-garnison-von-artjomowsk-naht-dem-ende\/\",\"name\":\"Podoljakas Wochenr\u00fcckblick: Todeskampf der ukrainischen Garnison von Artjomowsk naht dem Ende - just-now.NEWS Deutschland\",\"isPartOf\":{\"@id\":\"https:\/\/now-news.de\/de\/#website\"},\"primaryImageOfPage\":{\"@id\":\"https:\/\/now-news.de\/de\/deutschland\/podoljakas-wochenrueckblick-todeskampf-der-ukrainischen-garnison-von-artjomowsk-naht-dem-ende\/#primaryimage\"},\"image\":{\"@id\":\"https:\/\/now-news.de\/de\/deutschland\/podoljakas-wochenrueckblick-todeskampf-der-ukrainischen-garnison-von-artjomowsk-naht-dem-ende\/#primaryimage\"},\"thumbnailUrl\":\"https:\/\/now-news.de\/de\/wp-content\/uploads\/sites\/3\/2023\/02\/Podoljakas-Wochenrueckblick-Todeskampf-der-ukrainischen-Garnison-von-Artjomowsk-naht-dem.jpg\",\"datePublished\":\"2023-02-13T20:41:40+00:00\",\"dateModified\":\"2023-02-13T20:41:40+00:00\",\"breadcrumb\":{\"@id\":\"https:\/\/now-news.de\/de\/deutschland\/podoljakas-wochenrueckblick-todeskampf-der-ukrainischen-garnison-von-artjomowsk-naht-dem-ende\/#breadcrumb\"},\"inLanguage\":\"de\",\"potentialAction\":[{\"@type\":\"ReadAction\",\"target\":[\"https:\/\/now-news.de\/de\/deutschland\/podoljakas-wochenrueckblick-todeskampf-der-ukrainischen-garnison-von-artjomowsk-naht-dem-ende\/\"]}]},{\"@type\":\"ImageObject\",\"inLanguage\":\"de\",\"@id\":\"https:\/\/now-news.de\/de\/deutschland\/podoljakas-wochenrueckblick-todeskampf-der-ukrainischen-garnison-von-artjomowsk-naht-dem-ende\/#primaryimage\",\"url\":\"https:\/\/now-news.de\/de\/wp-content\/uploads\/sites\/3\/2023\/02\/Podoljakas-Wochenrueckblick-Todeskampf-der-ukrainischen-Garnison-von-Artjomowsk-naht-dem.jpg\",\"contentUrl\":\"https:\/\/now-news.de\/de\/wp-content\/uploads\/sites\/3\/2023\/02\/Podoljakas-Wochenrueckblick-Todeskampf-der-ukrainischen-Garnison-von-Artjomowsk-naht-dem.jpg\",\"width\":460,\"height\":259,\"caption\":\"Podoljakas Wochenr\u00fcckblick: Todeskampf der ukrainischen Garnison von Artjomowsk naht dem Ende\"},{\"@type\":\"BreadcrumbList\",\"@id\":\"https:\/\/now-news.de\/de\/deutschland\/podoljakas-wochenrueckblick-todeskampf-der-ukrainischen-garnison-von-artjomowsk-naht-dem-ende\/#breadcrumb\",\"itemListElement\":[{\"@type\":\"ListItem\",\"position\":1,\"name\":\"Home\",\"item\":\"https:\/\/now-news.de\/de\/\"},{\"@type\":\"ListItem\",\"position\":2,\"name\":\"Podoljakas Wochenr\u00fcckblick: Todeskampf der ukrainischen Garnison von Artjomowsk naht dem Ende\"}]},{\"@type\":\"WebSite\",\"@id\":\"https:\/\/now-news.de\/de\/#website\",\"url\":\"https:\/\/now-news.de\/de\/\",\"name\":\"just-now.NEWS Deutschland\",\"description\":\"Das Portal f\u00fcr unzensierte Nachrichten aus der Welt\",\"publisher\":{\"@id\":\"https:\/\/now-news.de\/de\/#organization\"},\"potentialAction\":[{\"@type\":\"SearchAction\",\"target\":{\"@type\":\"EntryPoint\",\"urlTemplate\":\"https:\/\/now-news.de\/de\/?s={search_term_string}\"},\"query-input\":\"required name=search_term_string\"}],\"inLanguage\":\"de\"},{\"@type\":\"Organization\",\"@id\":\"https:\/\/now-news.de\/de\/#organization\",\"name\":\"Just Now News\",\"url\":\"https:\/\/now-news.de\/de\/\",\"logo\":{\"@type\":\"ImageObject\",\"inLanguage\":\"de\",\"@id\":\"https:\/\/now-news.de\/de\/#\/schema\/logo\/image\/\",\"url\":\"http:\/\/just-now.news\/de\/wp-content\/uploads\/sites\/3\/2022\/04\/logo500x500.jpg\",\"contentUrl\":\"http:\/\/just-now.news\/de\/wp-content\/uploads\/sites\/3\/2022\/04\/logo500x500.jpg\",\"width\":500,\"height\":500,\"caption\":\"Just Now News\"},\"image\":{\"@id\":\"https:\/\/now-news.de\/de\/#\/schema\/logo\/image\/\"},\"sameAs\":[\"https:\/\/www.facebook.com\/wirmachenauf\",\"https:\/\/x.com\/WirMachenAuf_de\"]},{\"@type\":\"Person\",\"@id\":\"https:\/\/now-news.de\/de\/#\/schema\/person\/fb534a4e865501d8b3285208df34a9b5\",\"name\":\"rtnews\",\"image\":{\"@type\":\"ImageObject\",\"inLanguage\":\"de\",\"@id\":\"https:\/\/now-news.de\/de\/#\/schema\/person\/image\/\",\"url\":\"https:\/\/secure.gravatar.com\/avatar\/82aafea7d8127119dd649515f56e2117?s=96&d=mm&r=g\",\"contentUrl\":\"https:\/\/secure.gravatar.com\/avatar\/82aafea7d8127119dd649515f56e2117?s=96&d=mm&r=g\",\"caption\":\"rtnews\"},\"url\":\"https:\/\/now-news.de\/de\/author\/rnews\/\"}]}<\/script>\n<!-- \/ Yoast SEO Premium plugin. -->","yoast_head_json":{"title":"Podoljakas Wochenr\u00fcckblick: Todeskampf der ukrainischen Garnison von Artjomowsk naht dem Ende - just-now.NEWS Deutschland","robots":{"index":"index","follow":"follow","max-snippet":"max-snippet:-1","max-image-preview":"max-image-preview:large","max-video-preview":"max-video-preview:-1"},"canonical":"https:\/\/now-news.de\/de\/deutschland\/podoljakas-wochenrueckblick-todeskampf-der-ukrainischen-garnison-von-artjomowsk-naht-dem-ende\/","og_locale":"de_DE","og_type":"article","og_title":"Podoljakas Wochenr\u00fcckblick: Todeskampf der ukrainischen Garnison von Artjomowsk naht dem Ende","og_description":"Am Ende der nun vergangenen 6. Kalenderwoche 2023 vom 6. bis zum 12. Februar bleibt dem ukrainischen Aufgebot in der Stadt Artjomowsk, dem einzigen logistischen Knotenpunkt dieses Kalibers im Donbass, der noch unter Kiews Kontrolle verbleibt, lediglich eine Versorgungsstra\u00dfe, die es mit dem Rest der ukrainischen Streitkr\u00e4fte verbindet. Noch Ende vorletzter Woche waren es immerhin [&hellip;]","og_url":"https:\/\/now-news.de\/de\/deutschland\/podoljakas-wochenrueckblick-todeskampf-der-ukrainischen-garnison-von-artjomowsk-naht-dem-ende\/","og_site_name":"just-now.NEWS Deutschland","article_publisher":"https:\/\/www.facebook.com\/wirmachenauf","article_published_time":"2023-02-13T20:41:40+00:00","og_image":[{"width":460,"height":259,"url":"https:\/\/now-news.de\/de\/wp-content\/uploads\/sites\/3\/2023\/02\/Podoljakas-Wochenrueckblick-Todeskampf-der-ukrainischen-Garnison-von-Artjomowsk-naht-dem.jpg","type":"image\/jpeg"}],"author":"rtnews","twitter_card":"summary_large_image","twitter_creator":"@WirMachenAuf_de","twitter_site":"@WirMachenAuf_de","twitter_misc":{"Verfasst von":"rtnews","Gesch\u00e4tzte Lesezeit":"2\u00a0Minuten"},"schema":{"@context":"https:\/\/schema.org","@graph":[{"@type":"Article","@id":"https:\/\/now-news.de\/de\/deutschland\/podoljakas-wochenrueckblick-todeskampf-der-ukrainischen-garnison-von-artjomowsk-naht-dem-ende\/#article","isPartOf":{"@id":"https:\/\/now-news.de\/de\/deutschland\/podoljakas-wochenrueckblick-todeskampf-der-ukrainischen-garnison-von-artjomowsk-naht-dem-ende\/"},"author":{"name":"rtnews","@id":"https:\/\/now-news.de\/de\/#\/schema\/person\/fb534a4e865501d8b3285208df34a9b5"},"headline":"Podoljakas Wochenr\u00fcckblick: Todeskampf der ukrainischen Garnison von Artjomowsk naht dem Ende","datePublished":"2023-02-13T20:41:40+00:00","dateModified":"2023-02-13T20:41:40+00:00","mainEntityOfPage":{"@id":"https:\/\/now-news.de\/de\/deutschland\/podoljakas-wochenrueckblick-todeskampf-der-ukrainischen-garnison-von-artjomowsk-naht-dem-ende\/"},"wordCount":493,"commentCount":0,"publisher":{"@id":"https:\/\/now-news.de\/de\/#organization"},"image":{"@id":"https:\/\/now-news.de\/de\/deutschland\/podoljakas-wochenrueckblick-todeskampf-der-ukrainischen-garnison-von-artjomowsk-naht-dem-ende\/#primaryimage"},"thumbnailUrl":"https:\/\/now-news.de\/de\/wp-content\/uploads\/sites\/3\/2023\/02\/Podoljakas-Wochenrueckblick-Todeskampf-der-ukrainischen-Garnison-von-Artjomowsk-naht-dem.jpg","keywords":["Artjomowsk","DEM","der","Ende","Garnison","naht","Podoljakas","Todeskampf","ukrainischen","von","Wochenr\u00fcckblick"],"articleSection":["Deutschland","Russland"],"inLanguage":"de","potentialAction":[{"@type":"CommentAction","name":"Comment","target":["https:\/\/now-news.de\/de\/deutschland\/podoljakas-wochenrueckblick-todeskampf-der-ukrainischen-garnison-von-artjomowsk-naht-dem-ende\/#respond"]}]},{"@type":"WebPage","@id":"https:\/\/now-news.de\/de\/deutschland\/podoljakas-wochenrueckblick-todeskampf-der-ukrainischen-garnison-von-artjomowsk-naht-dem-ende\/","url":"https:\/\/now-news.de\/de\/deutschland\/podoljakas-wochenrueckblick-todeskampf-der-ukrainischen-garnison-von-artjomowsk-naht-dem-ende\/","name":"Podoljakas Wochenr\u00fcckblick: Todeskampf der ukrainischen Garnison von Artjomowsk naht dem Ende - just-now.NEWS Deutschland","isPartOf":{"@id":"https:\/\/now-news.de\/de\/#website"},"primaryImageOfPage":{"@id":"https:\/\/now-news.de\/de\/deutschland\/podoljakas-wochenrueckblick-todeskampf-der-ukrainischen-garnison-von-artjomowsk-naht-dem-ende\/#primaryimage"},"image":{"@id":"https:\/\/now-news.de\/de\/deutschland\/podoljakas-wochenrueckblick-todeskampf-der-ukrainischen-garnison-von-artjomowsk-naht-dem-ende\/#primaryimage"},"thumbnailUrl":"https:\/\/now-news.de\/de\/wp-content\/uploads\/sites\/3\/2023\/02\/Podoljakas-Wochenrueckblick-Todeskampf-der-ukrainischen-Garnison-von-Artjomowsk-naht-dem.jpg","datePublished":"2023-02-13T20:41:40+00:00","dateModified":"2023-02-13T20:41:40+00:00","breadcrumb":{"@id":"https:\/\/now-news.de\/de\/deutschland\/podoljakas-wochenrueckblick-todeskampf-der-ukrainischen-garnison-von-artjomowsk-naht-dem-ende\/#breadcrumb"},"inLanguage":"de","potentialAction":[{"@type":"ReadAction","target":["https:\/\/now-news.de\/de\/deutschland\/podoljakas-wochenrueckblick-todeskampf-der-ukrainischen-garnison-von-artjomowsk-naht-dem-ende\/"]}]},{"@type":"ImageObject","inLanguage":"de","@id":"https:\/\/now-news.de\/de\/deutschland\/podoljakas-wochenrueckblick-todeskampf-der-ukrainischen-garnison-von-artjomowsk-naht-dem-ende\/#primaryimage","url":"https:\/\/now-news.de\/de\/wp-content\/uploads\/sites\/3\/2023\/02\/Podoljakas-Wochenrueckblick-Todeskampf-der-ukrainischen-Garnison-von-Artjomowsk-naht-dem.jpg","contentUrl":"https:\/\/now-news.de\/de\/wp-content\/uploads\/sites\/3\/2023\/02\/Podoljakas-Wochenrueckblick-Todeskampf-der-ukrainischen-Garnison-von-Artjomowsk-naht-dem.jpg","width":460,"height":259,"caption":"Podoljakas Wochenr\u00fcckblick: Todeskampf der ukrainischen Garnison von Artjomowsk naht dem Ende"},{"@type":"BreadcrumbList","@id":"https:\/\/now-news.de\/de\/deutschland\/podoljakas-wochenrueckblick-todeskampf-der-ukrainischen-garnison-von-artjomowsk-naht-dem-ende\/#breadcrumb","itemListElement":[{"@type":"ListItem","position":1,"name":"Home","item":"https:\/\/now-news.de\/de\/"},{"@type":"ListItem","position":2,"name":"Podoljakas Wochenr\u00fcckblick: Todeskampf der ukrainischen Garnison von Artjomowsk naht dem Ende"}]},{"@type":"WebSite","@id":"https:\/\/now-news.de\/de\/#website","url":"https:\/\/now-news.de\/de\/","name":"just-now.NEWS Deutschland","description":"Das Portal f\u00fcr unzensierte Nachrichten aus der Welt","publisher":{"@id":"https:\/\/now-news.de\/de\/#organization"},"potentialAction":[{"@type":"SearchAction","target":{"@type":"EntryPoint","urlTemplate":"https:\/\/now-news.de\/de\/?s={search_term_string}"},"query-input":"required name=search_term_string"}],"inLanguage":"de"},{"@type":"Organization","@id":"https:\/\/now-news.de\/de\/#organization","name":"Just Now News","url":"https:\/\/now-news.de\/de\/","logo":{"@type":"ImageObject","inLanguage":"de","@id":"https:\/\/now-news.de\/de\/#\/schema\/logo\/image\/","url":"http:\/\/just-now.news\/de\/wp-content\/uploads\/sites\/3\/2022\/04\/logo500x500.jpg","contentUrl":"http:\/\/just-now.news\/de\/wp-content\/uploads\/sites\/3\/2022\/04\/logo500x500.jpg","width":500,"height":500,"caption":"Just Now News"},"image":{"@id":"https:\/\/now-news.de\/de\/#\/schema\/logo\/image\/"},"sameAs":["https:\/\/www.facebook.com\/wirmachenauf","https:\/\/x.com\/WirMachenAuf_de"]},{"@type":"Person","@id":"https:\/\/now-news.de\/de\/#\/schema\/person\/fb534a4e865501d8b3285208df34a9b5","name":"rtnews","image":{"@type":"ImageObject","inLanguage":"de","@id":"https:\/\/now-news.de\/de\/#\/schema\/person\/image\/","url":"https:\/\/secure.gravatar.com\/avatar\/82aafea7d8127119dd649515f56e2117?s=96&d=mm&r=g","contentUrl":"https:\/\/secure.gravatar.com\/avatar\/82aafea7d8127119dd649515f56e2117?s=96&d=mm&r=g","caption":"rtnews"},"url":"https:\/\/now-news.de\/de\/author\/rnews\/"}]}},"_links":{"self":[{"href":"https:\/\/now-news.de\/de\/wp-json\/wp\/v2\/posts\/30297"}],"collection":[{"href":"https:\/\/now-news.de\/de\/wp-json\/wp\/v2\/posts"}],"about":[{"href":"https:\/\/now-news.de\/de\/wp-json\/wp\/v2\/types\/post"}],"author":[{"embeddable":true,"href":"https:\/\/now-news.de\/de\/wp-json\/wp\/v2\/users\/3"}],"replies":[{"embeddable":true,"href":"https:\/\/now-news.de\/de\/wp-json\/wp\/v2\/comments?post=30297"}],"version-history":[{"count":0,"href":"https:\/\/now-news.de\/de\/wp-json\/wp\/v2\/posts\/30297\/revisions"}],"wp:featuredmedia":[{"embeddable":true,"href":"https:\/\/now-news.de\/de\/wp-json\/wp\/v2\/media\/30298"}],"wp:attachment":[{"href":"https:\/\/now-news.de\/de\/wp-json\/wp\/v2\/media?parent=30297"}],"wp:term":[{"taxonomy":"category","embeddable":true,"href":"https:\/\/now-news.de\/de\/wp-json\/wp\/v2\/categories?post=30297"},{"taxonomy":"post_tag","embeddable":true,"href":"https:\/\/now-news.de\/de\/wp-json\/wp\/v2\/tags?post=30297"}],"curies":[{"name":"wp","href":"https:\/\/api.w.org\/{rel}","templated":true}]}}