{"id":30204,"date":"2023-02-12T17:46:36","date_gmt":"2023-02-12T15:46:36","guid":{"rendered":"http:\/\/just-now.news\/de\/deutschland\/helge-schneider-interessiert-der-vorwurf-der-kulturellen-aneignung-einen-scheissdreck\/"},"modified":"2023-02-12T17:46:36","modified_gmt":"2023-02-12T15:46:36","slug":"helge-schneider-interessiert-der-vorwurf-der-kulturellen-aneignung-einen-scheissdreck","status":"publish","type":"post","link":"https:\/\/now-news.de\/de\/deutschland\/helge-schneider-interessiert-der-vorwurf-der-kulturellen-aneignung-einen-scheissdreck\/","title":{"rendered":"Helge Schneider interessiert der Vorwurf der kulturellen Aneignung &quot;einen Schei\u00dfdreck&quot;"},"content":{"rendered":"<p><img decoding=\"async\" src=\"http:\/\/just-now.news\/de\/wp-content\/uploads\/sites\/3\/2023\/02\/63e8ecb6b480cc18e46d2a74.jpg\" \/><\/p>\n<div class=\"Text-root Text-type_1 \">\n                Bei &#8220;Maischberger&#8221; hat sich Helge Schneider \u00fcber Cancel Culture ge\u00e4u\u00dfert. In sozialen Netzwerken erntet er daf\u00fcr viel Zustimmung. Ein Aspekt ist in der Sendung jedoch unbeleuchtet geblieben, obwohl es der Themenabend hergegeben h\u00e4tte: die Cancel Culture in der Ukraine.\n            <\/div>\n<p><\/p>\n<div class=\"Text-root Text-type_5 ArticleView-text ViewText-root \">\n<p>In einem Interview mit Helge Schneider\u00a0befragte\u00a0Maischberger den Musiker und Komiker zum Begriff kulturelle Aneignung. Sie wollte von Schneider wissen, wie er sich zu der Forderung verhalte, dass wei\u00dfe Musiker keine Musik spielen sollten, die traditionell mit schwarzen Musikern in Verbindung gebracht wird. Maischberger nannte als Beispiele Jazz und Reggae. Helge Schneider reagierte darauf mit der Bemerkung, das interessiere ihn &#8220;einen Schei\u00dfdreck&#8221;. W\u00f6rtlich sagte er:<\/p>\n<blockquote>\n<p><em>&#8220;Es schwebt im Raum, dass irgendwelche Leute irgendwelche Regeln erfinden. (\u2026) Ich als Musiker empfinde die Musik als \u00dcberwesen und die Musik ist entstanden durch Vermischung und Wanderung. (\u2026) Diese ganze Musik mache ich nicht selber, sondern sie ist da. Ich bin nur der ausf\u00fchrende Musiker. Ich mache die Musik, die ich f\u00fchle. Und wenn ich Musik f\u00fchle und jemand anders sagt, das ist aber kulturelle Aneignung, dann interessiert mich das einen Schei\u00dfdreck.&#8221;<\/em><\/p>\n<\/blockquote>\n<p>Die Aktivistin Jasmina Kuhnke, die sich f\u00fcr Antirassismus starkmacht, widerspricht Maischberger in einem Tweet. Niemand wolle, dass wei\u00dfe Musiker keine Musik von Schwarzen spielen.\u00a0<\/p>\n<div class=\"EmbedBlock-root EmbedBlock-twitter\">\n<div class=\"TwitterEmbed\">\n<blockquote class=\"twitter-tweet lazyload\" data-twitter=\"twitter-tweet\">\n<p lang=\"de\" dir=\"ltr\">Frau Maischberger, was ist das denn f\u00fcr eine unsinnige Frage? Wer will denn derartige Verbote? Wer fordert, dass wei\u00dfe Musiker*innen keine Musik von Schwarzen spielen? Das geht vollkommen an der Diskussion vorbei. Das ist fast schon unseri\u00f6s verk\u00fcrzt und irref\u00fchrend! Schade!<\/p>\n<p>\u2014 Jasmina Kuhnke (@ebonyplusirony) <a rel=\"nofollow noopener\" target=\"_blank\" href=\"https:\/\/twitter.com\/ebonyplusirony\/status\/1623945498116628481?ref_src=twsrc%5Etfw\">February 10, 2023<\/a><\/p><\/blockquote>\n<\/div>\n<\/div>\n<p>Kuhnke bekommt auch Zustimmung. Die Frage sei unterkomplex, wird Maischberger vorgeworfen. So unterst\u00fctzt beispielsweise\u00a0der User Alex die Auffassung Kuhnkes. Er meint, die notwendige Diskussion um kulturelle Aneignung und die Aufkl\u00e4rung dar\u00fcber w\u00fcrde\u00a0von\u00a0Maischberger ins L\u00e4cherliche gezogen.\u00a0<\/p>\n<div class=\"EmbedBlock-root EmbedBlock-twitter\">\n<div class=\"TwitterEmbed\">\n<blockquote class=\"twitter-tweet lazyload\" data-twitter=\"twitter-tweet\">\n<p lang=\"de\" dir=\"ltr\">Liebe Jasmina,das sehe ich absolut genauso.Hier wird die notwendige Diskussion und Aufkl\u00e4rung zur \u201ekulturellen Aneignung\u201c ad absurdum gef\u00fchrt und ins L\u00e4cherliche gezogen.LG<\/p>\n<p>\u2014 Alex (@qumpf1) <a rel=\"nofollow noopener\" target=\"_blank\" href=\"https:\/\/twitter.com\/qumpf1\/status\/1623996191817039873?ref_src=twsrc%5Etfw\">February 10, 2023<\/a><\/p><\/blockquote>\n<\/div>\n<\/div>\n<p>Allerdings f\u00fchren andere wiederum konkrete Beispiele an. So wird auf die Schweizer Reggae-Band &#8220;Lauwarm&#8221; verwiesen, die wegen des Tragens von Dreadlocks mehrfach von Konzerten ausgeladen wurde.\u00a0<\/p>\n<p>Kuhnke reagiert darauf mit dem Hinweis, dieses Verbot h\u00e4tten nicht Schwarze erlassen. Am Grundproblem der Repression \u00e4ndert das nat\u00fcrlich nichts. Helge Schneider bekommt f\u00fcr seine Absage an die Regulierung von Kunst auf Grundlage ideologischer Konstruktionen insgesamt viel Zustimmung. Das Konzept der kulturellen Aneignung sei eine neue Form des Rassismus, meint ein Nutzer.\u00a0<\/p>\n<div class=\"EmbedBlock-root EmbedBlock-twitter\">\n<div class=\"TwitterEmbed\">\n<blockquote class=\"twitter-tweet lazyload\" data-twitter=\"twitter-tweet\">\n<p lang=\"de\" dir=\"ltr\">Das Narrativ der kulturellen Aneignung ist eine neue Form des Rassismus.<\/p>\n<p>\u2014 Prof. H.P. von Rambazamba \u2197\ufe0f #HeinerULTRAS (@ProfRambazamba) <a rel=\"nofollow noopener\" target=\"_blank\" href=\"https:\/\/twitter.com\/ProfRambazamba\/status\/1623581359888384000?ref_src=twsrc%5Etfw\">February 9, 2023<\/a><\/p><\/blockquote>\n<\/div>\n<\/div>\n<p>Twitter-Nutzer Ralf meint, Kulturen entst\u00fcnden immer durch Austausch, Aneignung und Modifizierung von Bekanntem und Erlerntem.<\/p>\n<div class=\"EmbedBlock-root EmbedBlock-twitter\">\n<div class=\"TwitterEmbed\">\n<blockquote class=\"twitter-tweet lazyload\" data-twitter=\"twitter-tweet\">\n<p lang=\"de\" dir=\"ltr\">Der Begriff der kulturellen Aneignung ist auch Quatsch. Kulturen entstehen immer aus Aneignungen, Verkn\u00fcpfungen, Modifizierungen von Bekanntem, Erlerntem etc. Eigentlich geht es doch eigentlich darum, dass man kulturelle Leistungen nicht zu Lasten ihrer Sch\u00f6pfer verwerten soll.<\/p>\n<p>\u2014 Ralf (@derralfbaer) <a rel=\"nofollow noopener\" target=\"_blank\" href=\"https:\/\/twitter.com\/derralfbaer\/status\/1623740934855790593?ref_src=twsrc%5Etfw\">February 9, 2023<\/a><\/p><\/blockquote>\n<\/div>\n<\/div>\n<p>Was in der Diskussion nicht zur Sprache kommt, ist das Canceln russischer Kultur in der Ukraine und im Baltikum, \u2013 obwohl der Rahmen der Sendung dies durchaus hergegeben h\u00e4tte. In der Ukraine werden die Zeugnisse russischer Kultur verbannt und verboten. B\u00fccher werden verbrannt, Denkm\u00e4ler abgerissen, die Musik russischer Komponisten nicht gespielt.<\/p>\n<p>Dass dieses Thema nicht zur Sprache kam, ist umso erstaunlicher, da der Kontext des Interviews mit Helge Schneider es nahelegte. Das Interview mit ihm bildete den Abschluss einer Sendung, in der sich Sahra Wagenknecht (Die Linke) einerseits und Gerhart Baum (FDP) andererseits \u00fcber das Thema Waffenlieferungen an die Ukraine unterhalten haben. Wagenknecht\u00a0stellte sich\u00a0dagegen, Baum daf\u00fcr.<\/p>\n<p>Die Ukraine zeigt wie wohl kein anderes Land der Welt aktuell, welche Konsequenzen die Einschr\u00e4nkung der Freiheit von Kunst und Kultur aus ideologischen Gr\u00fcnden hat. Man h\u00e4tte es in diesem Kontext gut zum verbindenden Thema machen k\u00f6nnen. Maischberger aber hatte darauf verzichtet, \u2013 vermutlich\u00a0cancelte sie diesen Gedanken aus ideologischen Gr\u00fcnden.\u00a0<\/p>\n<p><strong>Mehr zum Thema\u00a0<\/strong>\u2013<strong><\/strong><a rel=\"nofollow noopener\" target=\"_blank\" href=\"https:\/\/fromrussiawithlove.rtde.live\/kurzclips\/video\/161881-putin-volk-ohne-historisches-gedaechtnis\/\">Putin: &#8220;Ein Volk ohne historisches Ged\u00e4chtnis hat keine Zukunft<\/a><\/p>\n<\/div>\n<p><script async src=\"https:\/\/platform.twitter.com\/widgets.js\" charset=\"utf-8\"><\/script><br \/>\n<br \/><br \/>\n<br \/><a href=\"https:\/\/de.rt.com\/inland\/162709-helge-schneider-interessiert-vorwurf-kulturellen\/\">Source link <\/a><\/p>\n","protected":false},"excerpt":{"rendered":"<p>Bei &#8220;Maischberger&#8221; hat sich Helge Schneider \u00fcber Cancel Culture ge\u00e4u\u00dfert. In sozialen Netzwerken erntet er daf\u00fcr viel Zustimmung. Ein Aspekt ist in der Sendung jedoch unbeleuchtet geblieben, obwohl es der Themenabend hergegeben h\u00e4tte: die Cancel Culture in der Ukraine. In einem Interview mit Helge Schneider\u00a0befragte\u00a0Maischberger den Musiker und Komiker zum Begriff kulturelle Aneignung. Sie wollte [&hellip;]<\/p>\n","protected":false},"author":3,"featured_media":30205,"comment_status":"open","ping_status":"open","sticky":false,"template":"","format":"standard","meta":{"_yoast_indexnow_last_ping":["1676217714"],"wp_automatic_camp":["217"],"68a45709d70546910d461cf9b0c4198e":["Helge Schneider interessiert der Vorwurf der kulturellen Aneignung &quot;einen Schei\u00dfdreck&quot;"],"original_link":["https:\/\/de.rt.com\/inland\/162709-helge-schneider-interessiert-vorwurf-kulturellen\/"],"_thumbnail_id":["30205"],"_wptgpro_p2tg_sent2tg":["a:1:{i:23737;s:19:\"2023-02-12 18:03:49\";}"],"jnews_social_counter_last_update":["1777276958"]},"categories":[19,23],"tags":[40666,82,40664,15920,40665,29979,40667,30165,24923],"yoast_head":"<!-- This site is optimized with the Yoast SEO Premium plugin v22.7 (Yoast SEO v22.7) - https:\/\/yoast.com\/wordpress\/plugins\/seo\/ -->\n<title>Helge Schneider interessiert der Vorwurf der kulturellen Aneignung &quot;einen Schei\u00dfdreck&quot; - just-now.NEWS Deutschland<\/title>\n<meta name=\"robots\" content=\"index, follow, max-snippet:-1, max-image-preview:large, max-video-preview:-1\" \/>\n<link rel=\"canonical\" href=\"https:\/\/now-news.de\/de\/deutschland\/helge-schneider-interessiert-der-vorwurf-der-kulturellen-aneignung-einen-scheissdreck\/\" \/>\n<meta property=\"og:locale\" content=\"de_DE\" \/>\n<meta property=\"og:type\" content=\"article\" \/>\n<meta property=\"og:title\" content=\"Helge Schneider interessiert der Vorwurf der kulturellen Aneignung &quot;einen Schei\u00dfdreck&quot;\" \/>\n<meta property=\"og:description\" content=\"Bei &#8220;Maischberger&#8221; hat sich Helge Schneider \u00fcber Cancel Culture ge\u00e4u\u00dfert. In sozialen Netzwerken erntet er daf\u00fcr viel Zustimmung. Ein Aspekt ist in der Sendung jedoch unbeleuchtet geblieben, obwohl es der Themenabend hergegeben h\u00e4tte: die Cancel Culture in der Ukraine. In einem Interview mit Helge Schneider\u00a0befragte\u00a0Maischberger den Musiker und Komiker zum Begriff kulturelle Aneignung. Sie wollte [&hellip;]\" \/>\n<meta property=\"og:url\" content=\"https:\/\/now-news.de\/de\/deutschland\/helge-schneider-interessiert-der-vorwurf-der-kulturellen-aneignung-einen-scheissdreck\/\" \/>\n<meta property=\"og:site_name\" content=\"just-now.NEWS Deutschland\" \/>\n<meta property=\"article:publisher\" content=\"https:\/\/www.facebook.com\/wirmachenauf\" \/>\n<meta property=\"article:published_time\" content=\"2023-02-12T15:46:36+00:00\" \/>\n<meta property=\"og:image\" content=\"https:\/\/now-news.de\/de\/wp-content\/uploads\/sites\/3\/2023\/02\/Helge-Schneider-interessiert-der-Vorwurf-der-kulturellen-Aneignung-quoteinen-Scheissdreckquot.jpg\" \/>\n\t<meta property=\"og:image:width\" content=\"460\" \/>\n\t<meta property=\"og:image:height\" content=\"259\" \/>\n\t<meta property=\"og:image:type\" content=\"image\/jpeg\" \/>\n<meta name=\"author\" content=\"rtnews\" \/>\n<meta name=\"twitter:card\" content=\"summary_large_image\" \/>\n<meta name=\"twitter:creator\" content=\"@WirMachenAuf_de\" \/>\n<meta name=\"twitter:site\" content=\"@WirMachenAuf_de\" \/>\n<meta name=\"twitter:label1\" content=\"Verfasst von\" \/>\n\t<meta name=\"twitter:data1\" content=\"rtnews\" \/>\n\t<meta name=\"twitter:label2\" content=\"Gesch\u00e4tzte Lesezeit\" \/>\n\t<meta name=\"twitter:data2\" content=\"3\u00a0Minuten\" \/>\n<script type=\"application\/ld+json\" class=\"yoast-schema-graph\">{\"@context\":\"https:\/\/schema.org\",\"@graph\":[{\"@type\":\"Article\",\"@id\":\"https:\/\/now-news.de\/de\/deutschland\/helge-schneider-interessiert-der-vorwurf-der-kulturellen-aneignung-einen-scheissdreck\/#article\",\"isPartOf\":{\"@id\":\"https:\/\/now-news.de\/de\/deutschland\/helge-schneider-interessiert-der-vorwurf-der-kulturellen-aneignung-einen-scheissdreck\/\"},\"author\":{\"name\":\"rtnews\",\"@id\":\"https:\/\/now-news.de\/de\/#\/schema\/person\/fb534a4e865501d8b3285208df34a9b5\"},\"headline\":\"Helge Schneider interessiert der Vorwurf der kulturellen Aneignung &quot;einen Schei\u00dfdreck&quot;\",\"datePublished\":\"2023-02-12T15:46:36+00:00\",\"dateModified\":\"2023-02-12T15:46:36+00:00\",\"mainEntityOfPage\":{\"@id\":\"https:\/\/now-news.de\/de\/deutschland\/helge-schneider-interessiert-der-vorwurf-der-kulturellen-aneignung-einen-scheissdreck\/\"},\"wordCount\":691,\"commentCount\":0,\"publisher\":{\"@id\":\"https:\/\/now-news.de\/de\/#organization\"},\"image\":{\"@id\":\"https:\/\/now-news.de\/de\/deutschland\/helge-schneider-interessiert-der-vorwurf-der-kulturellen-aneignung-einen-scheissdreck\/#primaryimage\"},\"thumbnailUrl\":\"https:\/\/now-news.de\/de\/wp-content\/uploads\/sites\/3\/2023\/02\/Helge-Schneider-interessiert-der-Vorwurf-der-kulturellen-Aneignung-quoteinen-Scheissdreckquot.jpg\",\"keywords\":[\"Aneignung\",\"der\",\"Helge\",\"interessiert\",\"kulturellen\",\"quotEinen\",\"Schei\u00dfdreckquot\",\"Schneider\",\"Vorwurf\"],\"articleSection\":[\"Deutschland\",\"Russland\"],\"inLanguage\":\"de\",\"potentialAction\":[{\"@type\":\"CommentAction\",\"name\":\"Comment\",\"target\":[\"https:\/\/now-news.de\/de\/deutschland\/helge-schneider-interessiert-der-vorwurf-der-kulturellen-aneignung-einen-scheissdreck\/#respond\"]}]},{\"@type\":\"WebPage\",\"@id\":\"https:\/\/now-news.de\/de\/deutschland\/helge-schneider-interessiert-der-vorwurf-der-kulturellen-aneignung-einen-scheissdreck\/\",\"url\":\"https:\/\/now-news.de\/de\/deutschland\/helge-schneider-interessiert-der-vorwurf-der-kulturellen-aneignung-einen-scheissdreck\/\",\"name\":\"Helge Schneider interessiert der Vorwurf der kulturellen Aneignung &quot;einen Schei\u00dfdreck&quot; - just-now.NEWS Deutschland\",\"isPartOf\":{\"@id\":\"https:\/\/now-news.de\/de\/#website\"},\"primaryImageOfPage\":{\"@id\":\"https:\/\/now-news.de\/de\/deutschland\/helge-schneider-interessiert-der-vorwurf-der-kulturellen-aneignung-einen-scheissdreck\/#primaryimage\"},\"image\":{\"@id\":\"https:\/\/now-news.de\/de\/deutschland\/helge-schneider-interessiert-der-vorwurf-der-kulturellen-aneignung-einen-scheissdreck\/#primaryimage\"},\"thumbnailUrl\":\"https:\/\/now-news.de\/de\/wp-content\/uploads\/sites\/3\/2023\/02\/Helge-Schneider-interessiert-der-Vorwurf-der-kulturellen-Aneignung-quoteinen-Scheissdreckquot.jpg\",\"datePublished\":\"2023-02-12T15:46:36+00:00\",\"dateModified\":\"2023-02-12T15:46:36+00:00\",\"breadcrumb\":{\"@id\":\"https:\/\/now-news.de\/de\/deutschland\/helge-schneider-interessiert-der-vorwurf-der-kulturellen-aneignung-einen-scheissdreck\/#breadcrumb\"},\"inLanguage\":\"de\",\"potentialAction\":[{\"@type\":\"ReadAction\",\"target\":[\"https:\/\/now-news.de\/de\/deutschland\/helge-schneider-interessiert-der-vorwurf-der-kulturellen-aneignung-einen-scheissdreck\/\"]}]},{\"@type\":\"ImageObject\",\"inLanguage\":\"de\",\"@id\":\"https:\/\/now-news.de\/de\/deutschland\/helge-schneider-interessiert-der-vorwurf-der-kulturellen-aneignung-einen-scheissdreck\/#primaryimage\",\"url\":\"https:\/\/now-news.de\/de\/wp-content\/uploads\/sites\/3\/2023\/02\/Helge-Schneider-interessiert-der-Vorwurf-der-kulturellen-Aneignung-quoteinen-Scheissdreckquot.jpg\",\"contentUrl\":\"https:\/\/now-news.de\/de\/wp-content\/uploads\/sites\/3\/2023\/02\/Helge-Schneider-interessiert-der-Vorwurf-der-kulturellen-Aneignung-quoteinen-Scheissdreckquot.jpg\",\"width\":460,\"height\":259,\"caption\":\"Helge Schneider interessiert der Vorwurf der kulturellen Aneignung &quot;einen Schei\u00dfdreck&quot;\"},{\"@type\":\"BreadcrumbList\",\"@id\":\"https:\/\/now-news.de\/de\/deutschland\/helge-schneider-interessiert-der-vorwurf-der-kulturellen-aneignung-einen-scheissdreck\/#breadcrumb\",\"itemListElement\":[{\"@type\":\"ListItem\",\"position\":1,\"name\":\"Home\",\"item\":\"https:\/\/now-news.de\/de\/\"},{\"@type\":\"ListItem\",\"position\":2,\"name\":\"Helge Schneider interessiert der Vorwurf der kulturellen Aneignung &quot;einen Schei\u00dfdreck&quot;\"}]},{\"@type\":\"WebSite\",\"@id\":\"https:\/\/now-news.de\/de\/#website\",\"url\":\"https:\/\/now-news.de\/de\/\",\"name\":\"just-now.NEWS Deutschland\",\"description\":\"Das Portal f\u00fcr unzensierte Nachrichten aus der Welt\",\"publisher\":{\"@id\":\"https:\/\/now-news.de\/de\/#organization\"},\"potentialAction\":[{\"@type\":\"SearchAction\",\"target\":{\"@type\":\"EntryPoint\",\"urlTemplate\":\"https:\/\/now-news.de\/de\/?s={search_term_string}\"},\"query-input\":\"required name=search_term_string\"}],\"inLanguage\":\"de\"},{\"@type\":\"Organization\",\"@id\":\"https:\/\/now-news.de\/de\/#organization\",\"name\":\"Just Now News\",\"url\":\"https:\/\/now-news.de\/de\/\",\"logo\":{\"@type\":\"ImageObject\",\"inLanguage\":\"de\",\"@id\":\"https:\/\/now-news.de\/de\/#\/schema\/logo\/image\/\",\"url\":\"http:\/\/just-now.news\/de\/wp-content\/uploads\/sites\/3\/2022\/04\/logo500x500.jpg\",\"contentUrl\":\"http:\/\/just-now.news\/de\/wp-content\/uploads\/sites\/3\/2022\/04\/logo500x500.jpg\",\"width\":500,\"height\":500,\"caption\":\"Just Now News\"},\"image\":{\"@id\":\"https:\/\/now-news.de\/de\/#\/schema\/logo\/image\/\"},\"sameAs\":[\"https:\/\/www.facebook.com\/wirmachenauf\",\"https:\/\/x.com\/WirMachenAuf_de\"]},{\"@type\":\"Person\",\"@id\":\"https:\/\/now-news.de\/de\/#\/schema\/person\/fb534a4e865501d8b3285208df34a9b5\",\"name\":\"rtnews\",\"image\":{\"@type\":\"ImageObject\",\"inLanguage\":\"de\",\"@id\":\"https:\/\/now-news.de\/de\/#\/schema\/person\/image\/\",\"url\":\"https:\/\/secure.gravatar.com\/avatar\/82aafea7d8127119dd649515f56e2117?s=96&d=mm&r=g\",\"contentUrl\":\"https:\/\/secure.gravatar.com\/avatar\/82aafea7d8127119dd649515f56e2117?s=96&d=mm&r=g\",\"caption\":\"rtnews\"},\"url\":\"https:\/\/now-news.de\/de\/author\/rnews\/\"}]}<\/script>\n<!-- \/ Yoast SEO Premium plugin. -->","yoast_head_json":{"title":"Helge Schneider interessiert der Vorwurf der kulturellen Aneignung &quot;einen Schei\u00dfdreck&quot; - just-now.NEWS Deutschland","robots":{"index":"index","follow":"follow","max-snippet":"max-snippet:-1","max-image-preview":"max-image-preview:large","max-video-preview":"max-video-preview:-1"},"canonical":"https:\/\/now-news.de\/de\/deutschland\/helge-schneider-interessiert-der-vorwurf-der-kulturellen-aneignung-einen-scheissdreck\/","og_locale":"de_DE","og_type":"article","og_title":"Helge Schneider interessiert der Vorwurf der kulturellen Aneignung &quot;einen Schei\u00dfdreck&quot;","og_description":"Bei &#8220;Maischberger&#8221; hat sich Helge Schneider \u00fcber Cancel Culture ge\u00e4u\u00dfert. In sozialen Netzwerken erntet er daf\u00fcr viel Zustimmung. Ein Aspekt ist in der Sendung jedoch unbeleuchtet geblieben, obwohl es der Themenabend hergegeben h\u00e4tte: die Cancel Culture in der Ukraine. In einem Interview mit Helge Schneider\u00a0befragte\u00a0Maischberger den Musiker und Komiker zum Begriff kulturelle Aneignung. Sie wollte [&hellip;]","og_url":"https:\/\/now-news.de\/de\/deutschland\/helge-schneider-interessiert-der-vorwurf-der-kulturellen-aneignung-einen-scheissdreck\/","og_site_name":"just-now.NEWS Deutschland","article_publisher":"https:\/\/www.facebook.com\/wirmachenauf","article_published_time":"2023-02-12T15:46:36+00:00","og_image":[{"width":460,"height":259,"url":"https:\/\/now-news.de\/de\/wp-content\/uploads\/sites\/3\/2023\/02\/Helge-Schneider-interessiert-der-Vorwurf-der-kulturellen-Aneignung-quoteinen-Scheissdreckquot.jpg","type":"image\/jpeg"}],"author":"rtnews","twitter_card":"summary_large_image","twitter_creator":"@WirMachenAuf_de","twitter_site":"@WirMachenAuf_de","twitter_misc":{"Verfasst von":"rtnews","Gesch\u00e4tzte Lesezeit":"3\u00a0Minuten"},"schema":{"@context":"https:\/\/schema.org","@graph":[{"@type":"Article","@id":"https:\/\/now-news.de\/de\/deutschland\/helge-schneider-interessiert-der-vorwurf-der-kulturellen-aneignung-einen-scheissdreck\/#article","isPartOf":{"@id":"https:\/\/now-news.de\/de\/deutschland\/helge-schneider-interessiert-der-vorwurf-der-kulturellen-aneignung-einen-scheissdreck\/"},"author":{"name":"rtnews","@id":"https:\/\/now-news.de\/de\/#\/schema\/person\/fb534a4e865501d8b3285208df34a9b5"},"headline":"Helge Schneider interessiert der Vorwurf der kulturellen Aneignung &quot;einen Schei\u00dfdreck&quot;","datePublished":"2023-02-12T15:46:36+00:00","dateModified":"2023-02-12T15:46:36+00:00","mainEntityOfPage":{"@id":"https:\/\/now-news.de\/de\/deutschland\/helge-schneider-interessiert-der-vorwurf-der-kulturellen-aneignung-einen-scheissdreck\/"},"wordCount":691,"commentCount":0,"publisher":{"@id":"https:\/\/now-news.de\/de\/#organization"},"image":{"@id":"https:\/\/now-news.de\/de\/deutschland\/helge-schneider-interessiert-der-vorwurf-der-kulturellen-aneignung-einen-scheissdreck\/#primaryimage"},"thumbnailUrl":"https:\/\/now-news.de\/de\/wp-content\/uploads\/sites\/3\/2023\/02\/Helge-Schneider-interessiert-der-Vorwurf-der-kulturellen-Aneignung-quoteinen-Scheissdreckquot.jpg","keywords":["Aneignung","der","Helge","interessiert","kulturellen","quotEinen","Schei\u00dfdreckquot","Schneider","Vorwurf"],"articleSection":["Deutschland","Russland"],"inLanguage":"de","potentialAction":[{"@type":"CommentAction","name":"Comment","target":["https:\/\/now-news.de\/de\/deutschland\/helge-schneider-interessiert-der-vorwurf-der-kulturellen-aneignung-einen-scheissdreck\/#respond"]}]},{"@type":"WebPage","@id":"https:\/\/now-news.de\/de\/deutschland\/helge-schneider-interessiert-der-vorwurf-der-kulturellen-aneignung-einen-scheissdreck\/","url":"https:\/\/now-news.de\/de\/deutschland\/helge-schneider-interessiert-der-vorwurf-der-kulturellen-aneignung-einen-scheissdreck\/","name":"Helge Schneider interessiert der Vorwurf der kulturellen Aneignung &quot;einen Schei\u00dfdreck&quot; - just-now.NEWS Deutschland","isPartOf":{"@id":"https:\/\/now-news.de\/de\/#website"},"primaryImageOfPage":{"@id":"https:\/\/now-news.de\/de\/deutschland\/helge-schneider-interessiert-der-vorwurf-der-kulturellen-aneignung-einen-scheissdreck\/#primaryimage"},"image":{"@id":"https:\/\/now-news.de\/de\/deutschland\/helge-schneider-interessiert-der-vorwurf-der-kulturellen-aneignung-einen-scheissdreck\/#primaryimage"},"thumbnailUrl":"https:\/\/now-news.de\/de\/wp-content\/uploads\/sites\/3\/2023\/02\/Helge-Schneider-interessiert-der-Vorwurf-der-kulturellen-Aneignung-quoteinen-Scheissdreckquot.jpg","datePublished":"2023-02-12T15:46:36+00:00","dateModified":"2023-02-12T15:46:36+00:00","breadcrumb":{"@id":"https:\/\/now-news.de\/de\/deutschland\/helge-schneider-interessiert-der-vorwurf-der-kulturellen-aneignung-einen-scheissdreck\/#breadcrumb"},"inLanguage":"de","potentialAction":[{"@type":"ReadAction","target":["https:\/\/now-news.de\/de\/deutschland\/helge-schneider-interessiert-der-vorwurf-der-kulturellen-aneignung-einen-scheissdreck\/"]}]},{"@type":"ImageObject","inLanguage":"de","@id":"https:\/\/now-news.de\/de\/deutschland\/helge-schneider-interessiert-der-vorwurf-der-kulturellen-aneignung-einen-scheissdreck\/#primaryimage","url":"https:\/\/now-news.de\/de\/wp-content\/uploads\/sites\/3\/2023\/02\/Helge-Schneider-interessiert-der-Vorwurf-der-kulturellen-Aneignung-quoteinen-Scheissdreckquot.jpg","contentUrl":"https:\/\/now-news.de\/de\/wp-content\/uploads\/sites\/3\/2023\/02\/Helge-Schneider-interessiert-der-Vorwurf-der-kulturellen-Aneignung-quoteinen-Scheissdreckquot.jpg","width":460,"height":259,"caption":"Helge Schneider interessiert der Vorwurf der kulturellen Aneignung &quot;einen Schei\u00dfdreck&quot;"},{"@type":"BreadcrumbList","@id":"https:\/\/now-news.de\/de\/deutschland\/helge-schneider-interessiert-der-vorwurf-der-kulturellen-aneignung-einen-scheissdreck\/#breadcrumb","itemListElement":[{"@type":"ListItem","position":1,"name":"Home","item":"https:\/\/now-news.de\/de\/"},{"@type":"ListItem","position":2,"name":"Helge Schneider interessiert der Vorwurf der kulturellen Aneignung &quot;einen Schei\u00dfdreck&quot;"}]},{"@type":"WebSite","@id":"https:\/\/now-news.de\/de\/#website","url":"https:\/\/now-news.de\/de\/","name":"just-now.NEWS Deutschland","description":"Das Portal f\u00fcr unzensierte Nachrichten aus der Welt","publisher":{"@id":"https:\/\/now-news.de\/de\/#organization"},"potentialAction":[{"@type":"SearchAction","target":{"@type":"EntryPoint","urlTemplate":"https:\/\/now-news.de\/de\/?s={search_term_string}"},"query-input":"required name=search_term_string"}],"inLanguage":"de"},{"@type":"Organization","@id":"https:\/\/now-news.de\/de\/#organization","name":"Just Now News","url":"https:\/\/now-news.de\/de\/","logo":{"@type":"ImageObject","inLanguage":"de","@id":"https:\/\/now-news.de\/de\/#\/schema\/logo\/image\/","url":"http:\/\/just-now.news\/de\/wp-content\/uploads\/sites\/3\/2022\/04\/logo500x500.jpg","contentUrl":"http:\/\/just-now.news\/de\/wp-content\/uploads\/sites\/3\/2022\/04\/logo500x500.jpg","width":500,"height":500,"caption":"Just Now News"},"image":{"@id":"https:\/\/now-news.de\/de\/#\/schema\/logo\/image\/"},"sameAs":["https:\/\/www.facebook.com\/wirmachenauf","https:\/\/x.com\/WirMachenAuf_de"]},{"@type":"Person","@id":"https:\/\/now-news.de\/de\/#\/schema\/person\/fb534a4e865501d8b3285208df34a9b5","name":"rtnews","image":{"@type":"ImageObject","inLanguage":"de","@id":"https:\/\/now-news.de\/de\/#\/schema\/person\/image\/","url":"https:\/\/secure.gravatar.com\/avatar\/82aafea7d8127119dd649515f56e2117?s=96&d=mm&r=g","contentUrl":"https:\/\/secure.gravatar.com\/avatar\/82aafea7d8127119dd649515f56e2117?s=96&d=mm&r=g","caption":"rtnews"},"url":"https:\/\/now-news.de\/de\/author\/rnews\/"}]}},"_links":{"self":[{"href":"https:\/\/now-news.de\/de\/wp-json\/wp\/v2\/posts\/30204"}],"collection":[{"href":"https:\/\/now-news.de\/de\/wp-json\/wp\/v2\/posts"}],"about":[{"href":"https:\/\/now-news.de\/de\/wp-json\/wp\/v2\/types\/post"}],"author":[{"embeddable":true,"href":"https:\/\/now-news.de\/de\/wp-json\/wp\/v2\/users\/3"}],"replies":[{"embeddable":true,"href":"https:\/\/now-news.de\/de\/wp-json\/wp\/v2\/comments?post=30204"}],"version-history":[{"count":0,"href":"https:\/\/now-news.de\/de\/wp-json\/wp\/v2\/posts\/30204\/revisions"}],"wp:featuredmedia":[{"embeddable":true,"href":"https:\/\/now-news.de\/de\/wp-json\/wp\/v2\/media\/30205"}],"wp:attachment":[{"href":"https:\/\/now-news.de\/de\/wp-json\/wp\/v2\/media?parent=30204"}],"wp:term":[{"taxonomy":"category","embeddable":true,"href":"https:\/\/now-news.de\/de\/wp-json\/wp\/v2\/categories?post=30204"},{"taxonomy":"post_tag","embeddable":true,"href":"https:\/\/now-news.de\/de\/wp-json\/wp\/v2\/tags?post=30204"}],"curies":[{"name":"wp","href":"https:\/\/api.w.org\/{rel}","templated":true}]}}