{"id":30082,"date":"2023-02-10T18:22:18","date_gmt":"2023-02-10T16:22:18","guid":{"rendered":"https:\/\/just-now.news\/de\/deutschland\/die-hauptthemen-des-eu-gipfels-selenskij-und-einwanderung\/"},"modified":"2023-02-10T18:22:18","modified_gmt":"2023-02-10T16:22:18","slug":"die-hauptthemen-des-eu-gipfels-selenskij-und-einwanderung","status":"publish","type":"post","link":"https:\/\/now-news.de\/de\/deutschland\/die-hauptthemen-des-eu-gipfels-selenskij-und-einwanderung\/","title":{"rendered":"Die Hauptthemen des EU-Gipfels: Selenskij und Einwanderung"},"content":{"rendered":"<p><img decoding=\"async\" src=\"http:\/\/just-now.news\/de\/wp-content\/uploads\/sites\/3\/2023\/02\/63e63c9748fbef55304f9ba3.jpg\" \/><\/p>\n<div class=\"Text-root Text-type_1 \">\n                Der zweit\u00e4gige EU-Gipfel in Br\u00fcssel stand ganz im Zeichen des Auftritts des ukrainischen Pr\u00e4sidenten Wladimir Selenskij. Neben der Ukraine spielte aber noch das Thema Einwanderung eine wichtige Rolle. 2022 war die Zahl der illegalen EU-Grenz\u00fcbertritte so hoch gewesen wie seit Jahren nicht mehr.\n            <\/div>\n<p><\/p>\n<div class=\"Text-root Text-type_5 ArticleView-text ViewText-root \">\n<p>In Br\u00fcssel findet seit gestern ein EU-Gipfel statt, zu dem nach Aufenthalten in London und Paris auch der ukrainische Pr\u00e4sident Wladimir Selenskij angereist war. Vor dem Treffen mit den EU-Staats- und Regierungschefs hielt Selenskij im EU-Parlament eine Rede, in der er den Abgeordneten f\u00fcr die Unterst\u00fctzung in diesem &#8220;totalen Krieg&#8221; dankte:<\/p>\n<blockquote>\n<p><em>&#8220;Ich m\u00f6chte Ihnen allen danken, die der Ukraine helfen, sie mit Waffen, mit Munition, mit Energieversorgung, mit Brennstoffen, mit den Tausenden von Dingen unterst\u00fctzen, die wir in diesem totalen Krieg brauchen, ohne die wir nicht auskommen.&#8221;<\/em><\/p>\n<\/blockquote>\n<p>Besonderen Dank sprach Selenskij Roberta Metsola, der Pr\u00e4sidentin des EU-Parlaments, f\u00fcr ihren Einsatz f\u00fcr den europ\u00e4isch-ukrainischen Lebensstil aus. Metsola ist gegen\u00fcber m\u00f6glichen Kampfjetlieferungen an die Ukraine, die Selenskij fordert, positiv eingestellt:<\/p>\n<blockquote>\n<p><em>&#8220;Nun m\u00fcssen die Staaten als n\u00e4chsten Schritt erw\u00e4gen, rasch weitreichende Systeme und Flugzeuge bereitzustellen.&#8221;<\/em><\/p>\n<\/blockquote>\n<p>Auf dem EU-Gipfel wurde mehrere Pl\u00e4ne bekr\u00e4ftigt, mit denen die Ukraine in ihrem Krieg mit Russland unterst\u00fctzt werden. So sei man bereit, die Sanktionen gegen Russland weiter zu versch\u00e4rfen.\u00a0Ebenso wurde bekr\u00e4ftigt, dass die Zukunft der Ukraine in der EU liege. Einen Zeitplan gibt es weiterhin nicht. F\u00fcr das Jahr 2023 wurden weitere 500 Millionen Euro milit\u00e4rischer Hilfe und die Ausbildung von 30.000 Soldaten vorgesehen.<\/p>\n<p><strong>Illegale Einwanderung in die EU<\/strong><\/p>\n<p>Neben der Ukraine und Fragen zur wirtschaftlichen Lage der EU\u00a0war der Schutz der EU-Au\u00dfengrenzen ein Thema.\u00a0In einer Erkl\u00e4rung bekr\u00e4ftigte die EU ihre Entschlossenheit, ihre Land- und Seeau\u00dfengrenzen wirksam zu kontrollieren. F\u00fcr eine wirksamere Kontrolle der EU-Au\u00dfengrenzen m\u00fcsse die EU ihre Ma\u00dfnahmen jedoch verst\u00e4rken.<\/p>\n<p>Hier gehe es darum, illegale Einreisen zu verhindern, den Druck auf die Grenzen zu verringern, Schleuser zu bek\u00e4mpfen und mehr Abschiebungen durchzuf\u00fchren.\u00a0Eine M\u00f6glichkeit f\u00fcr wirksamere Abschiebungen w\u00e4re, daf\u00fcr zu sorgen, dass entsprechende Entscheidungen eines Mitgliedsstaates in allen anderen gleicherma\u00dfen g\u00fcltig sind.<\/p>\n<p>Zudem brauche es eine einheitliche R\u00fcckkehr- und R\u00fcck\u00fcbernahmepolitik, in deren Rahmen mehr Druck auf die Herkunftsl\u00e4nder ausge\u00fcbt werden m\u00fcsse, die abgeschobenen Personen wieder aufzunehmen.<\/p>\n<p>Am Freitagmorgen k\u00fcndigte EU-Kommissionspr\u00e4sidentin Ursula von der Leyen zwei Pilotprojekte an. Das erste sieht vor, die Grenze zwischen dem\u00a0EU-Land Bulgarien und der T\u00fcrkei mit Fahrzeugen, Kameras, Stra\u00dfen und Wacht\u00fcrmen zu sichern. Beim zweiten Pilotprojekt geht es um die Registrierung von Migranten, ein schnelles Asylverfahren sowie R\u00fcckf\u00fchrungen an der Au\u00dfengrenze.<\/p>\n<p>Die Finanzierung von Grenzz\u00e4unen, die \u00d6sterreich und Griechenland fordern, wird von der EU und Mitgliedsstaaten wie Deutschland und Luxemburg mit Verweis auf ihre angebliche Wirkungslosigkeit abgelehnt.<\/p>\n<p>Dass Grenzbefestigungen sehr effektiv sein k\u00f6nnen, zeigt sich jedoch am Beispiel Polen, das an seiner Grenze zu Wei\u00dfrussland einen 187 Kilometer langen Zaun errichtet hat. Von Januar bis November 2022 gelangten hier lediglich 14.900 Personen illegal \u00fcber die Grenze. 2021 waren es knapp 40.000 gewesen.<\/p>\n<p><strong>&#8220;Gr\u00f6\u00dfte Fl\u00fcchtlingskrise seit dem Zweiten Weltkrieg&#8221;<\/strong><\/p>\n<p>Mitte Dezember betonte Ylva Johansson, EU-Kommissarin f\u00fcr Inneres in Br\u00fcssel: &#8220;Wir haben hier die gr\u00f6\u00dfte Fl\u00fcchtlingskrise seit dem Zweiten Weltkrieg.&#8221; Die EU-Grenzbeh\u00f6rde Frontex rechnet in ihrer Risikoanalyse f\u00fcr die Jahre bis 2032 damit, dass der Migrationsdruck weiter ansteigen wird.<\/p>\n<p>2022 stieg die Zahl der Asylantr\u00e4ge im Vergleich zum Vorjahr um fast 50 Prozent auf 924.000. Hinzu kamen rund vier Millionen Ukrainer, die in der\u00a0EU\u00a0kein Asyl beantragen m\u00fcssen.<\/p>\n<p>Rund 280.000 irregul\u00e4re Einreisen registrierte Frontex im letzten Jahr, 77 Prozent mehr als im Vorjahr. Die Hauptherkunftsl\u00e4nder der Asylsuchenden sind Syrien, Afghanistan, Pakistan und \u00c4gypten.<\/p>\n<p><strong>Mehr zum Thema\u00a0<\/strong>\u2013\u00a0<a rel=\"nofollow noopener\" target=\"_blank\" href=\"https:\/\/de.rt.com\/inland\/162333-messerangriff-von-brokstedt-liste-versaeumnisse\/\">Messerangriff von Brokstedt: Vers\u00e4umnisse der Beh\u00f6rden kommen ans Licht<\/a><\/p>\n<\/div>\n<p><br \/>\n<br \/><a href=\"https:\/\/de.rt.com\/europa\/162559-die-hauptthemen-des-eu-gipfels-selenskij-und-einwanderung\/\">Source link <\/a><\/p>\n","protected":false},"excerpt":{"rendered":"<p>Der zweit\u00e4gige EU-Gipfel in Br\u00fcssel stand ganz im Zeichen des Auftritts des ukrainischen Pr\u00e4sidenten Wladimir Selenskij. Neben der Ukraine spielte aber noch das Thema Einwanderung eine wichtige Rolle. 2022 war die Zahl der illegalen EU-Grenz\u00fcbertritte so hoch gewesen wie seit Jahren nicht mehr. In Br\u00fcssel findet seit gestern ein EU-Gipfel statt, zu dem nach Aufenthalten [&hellip;]<\/p>\n","protected":false},"author":3,"featured_media":30083,"comment_status":"open","ping_status":"open","sticky":false,"template":"","format":"standard","meta":{"_yoast_indexnow_last_ping":["1676046728"],"wp_automatic_camp":["217"],"71e03b98f0042eb2ccb4ef6324a52c93":["Die Hauptthemen des EU-Gipfels: Selenskij und Einwanderung"],"original_link":["https:\/\/de.rt.com\/europa\/162559-die-hauptthemen-des-eu-gipfels-selenskij-und-einwanderung\/"],"_thumbnail_id":["30083"],"_wptgpro_p2tg_sent2tg":["a:1:{i:23737;s:19:\"2023-02-10 18:33:12\";}"],"jnews_social_counter_last_update":["1777424103"]},"categories":[19,23],"tags":[583,45,35966,23046,40582,6158,140],"yoast_head":"<!-- This site is optimized with the Yoast SEO Premium plugin v22.7 (Yoast SEO v22.7) - https:\/\/yoast.com\/wordpress\/plugins\/seo\/ -->\n<title>Die Hauptthemen des EU-Gipfels: Selenskij und Einwanderung - just-now.NEWS Deutschland<\/title>\n<meta name=\"robots\" content=\"index, follow, max-snippet:-1, max-image-preview:large, max-video-preview:-1\" \/>\n<link rel=\"canonical\" href=\"https:\/\/now-news.de\/de\/deutschland\/die-hauptthemen-des-eu-gipfels-selenskij-und-einwanderung\/\" \/>\n<meta property=\"og:locale\" content=\"de_DE\" \/>\n<meta property=\"og:type\" content=\"article\" \/>\n<meta property=\"og:title\" content=\"Die Hauptthemen des EU-Gipfels: Selenskij und Einwanderung\" \/>\n<meta property=\"og:description\" content=\"Der zweit\u00e4gige EU-Gipfel in Br\u00fcssel stand ganz im Zeichen des Auftritts des ukrainischen Pr\u00e4sidenten Wladimir Selenskij. Neben der Ukraine spielte aber noch das Thema Einwanderung eine wichtige Rolle. 2022 war die Zahl der illegalen EU-Grenz\u00fcbertritte so hoch gewesen wie seit Jahren nicht mehr. In Br\u00fcssel findet seit gestern ein EU-Gipfel statt, zu dem nach Aufenthalten [&hellip;]\" \/>\n<meta property=\"og:url\" content=\"https:\/\/now-news.de\/de\/deutschland\/die-hauptthemen-des-eu-gipfels-selenskij-und-einwanderung\/\" \/>\n<meta property=\"og:site_name\" content=\"just-now.NEWS Deutschland\" \/>\n<meta property=\"article:publisher\" content=\"https:\/\/www.facebook.com\/wirmachenauf\" \/>\n<meta property=\"article:published_time\" content=\"2023-02-10T16:22:18+00:00\" \/>\n<meta property=\"og:image\" content=\"https:\/\/now-news.de\/de\/wp-content\/uploads\/sites\/3\/2023\/02\/Die-Hauptthemen-des-EU-Gipfels-Selenskij-und-Einwanderung.jpg\" \/>\n\t<meta property=\"og:image:width\" content=\"460\" \/>\n\t<meta property=\"og:image:height\" content=\"259\" \/>\n\t<meta property=\"og:image:type\" content=\"image\/jpeg\" \/>\n<meta name=\"author\" content=\"rtnews\" \/>\n<meta name=\"twitter:card\" content=\"summary_large_image\" \/>\n<meta name=\"twitter:creator\" content=\"@WirMachenAuf_de\" \/>\n<meta name=\"twitter:site\" content=\"@WirMachenAuf_de\" \/>\n<meta name=\"twitter:label1\" content=\"Verfasst von\" \/>\n\t<meta name=\"twitter:data1\" content=\"rtnews\" \/>\n\t<meta name=\"twitter:label2\" content=\"Gesch\u00e4tzte Lesezeit\" \/>\n\t<meta name=\"twitter:data2\" content=\"3\u00a0Minuten\" \/>\n<script type=\"application\/ld+json\" class=\"yoast-schema-graph\">{\"@context\":\"https:\/\/schema.org\",\"@graph\":[{\"@type\":\"Article\",\"@id\":\"https:\/\/now-news.de\/de\/deutschland\/die-hauptthemen-des-eu-gipfels-selenskij-und-einwanderung\/#article\",\"isPartOf\":{\"@id\":\"https:\/\/now-news.de\/de\/deutschland\/die-hauptthemen-des-eu-gipfels-selenskij-und-einwanderung\/\"},\"author\":{\"name\":\"rtnews\",\"@id\":\"https:\/\/now-news.de\/de\/#\/schema\/person\/fb534a4e865501d8b3285208df34a9b5\"},\"headline\":\"Die Hauptthemen des EU-Gipfels: Selenskij und Einwanderung\",\"datePublished\":\"2023-02-10T16:22:18+00:00\",\"dateModified\":\"2023-02-10T16:22:18+00:00\",\"mainEntityOfPage\":{\"@id\":\"https:\/\/now-news.de\/de\/deutschland\/die-hauptthemen-des-eu-gipfels-selenskij-und-einwanderung\/\"},\"wordCount\":658,\"commentCount\":0,\"publisher\":{\"@id\":\"https:\/\/now-news.de\/de\/#organization\"},\"image\":{\"@id\":\"https:\/\/now-news.de\/de\/deutschland\/die-hauptthemen-des-eu-gipfels-selenskij-und-einwanderung\/#primaryimage\"},\"thumbnailUrl\":\"https:\/\/now-news.de\/de\/wp-content\/uploads\/sites\/3\/2023\/02\/Die-Hauptthemen-des-EU-Gipfels-Selenskij-und-Einwanderung.jpg\",\"keywords\":[\"des\",\"die\",\"Einwanderung\",\"EUGipfels\",\"Hauptthemen\",\"Selenskij\",\"und\"],\"articleSection\":[\"Deutschland\",\"Russland\"],\"inLanguage\":\"de\",\"potentialAction\":[{\"@type\":\"CommentAction\",\"name\":\"Comment\",\"target\":[\"https:\/\/now-news.de\/de\/deutschland\/die-hauptthemen-des-eu-gipfels-selenskij-und-einwanderung\/#respond\"]}]},{\"@type\":\"WebPage\",\"@id\":\"https:\/\/now-news.de\/de\/deutschland\/die-hauptthemen-des-eu-gipfels-selenskij-und-einwanderung\/\",\"url\":\"https:\/\/now-news.de\/de\/deutschland\/die-hauptthemen-des-eu-gipfels-selenskij-und-einwanderung\/\",\"name\":\"Die Hauptthemen des EU-Gipfels: Selenskij und Einwanderung - just-now.NEWS Deutschland\",\"isPartOf\":{\"@id\":\"https:\/\/now-news.de\/de\/#website\"},\"primaryImageOfPage\":{\"@id\":\"https:\/\/now-news.de\/de\/deutschland\/die-hauptthemen-des-eu-gipfels-selenskij-und-einwanderung\/#primaryimage\"},\"image\":{\"@id\":\"https:\/\/now-news.de\/de\/deutschland\/die-hauptthemen-des-eu-gipfels-selenskij-und-einwanderung\/#primaryimage\"},\"thumbnailUrl\":\"https:\/\/now-news.de\/de\/wp-content\/uploads\/sites\/3\/2023\/02\/Die-Hauptthemen-des-EU-Gipfels-Selenskij-und-Einwanderung.jpg\",\"datePublished\":\"2023-02-10T16:22:18+00:00\",\"dateModified\":\"2023-02-10T16:22:18+00:00\",\"breadcrumb\":{\"@id\":\"https:\/\/now-news.de\/de\/deutschland\/die-hauptthemen-des-eu-gipfels-selenskij-und-einwanderung\/#breadcrumb\"},\"inLanguage\":\"de\",\"potentialAction\":[{\"@type\":\"ReadAction\",\"target\":[\"https:\/\/now-news.de\/de\/deutschland\/die-hauptthemen-des-eu-gipfels-selenskij-und-einwanderung\/\"]}]},{\"@type\":\"ImageObject\",\"inLanguage\":\"de\",\"@id\":\"https:\/\/now-news.de\/de\/deutschland\/die-hauptthemen-des-eu-gipfels-selenskij-und-einwanderung\/#primaryimage\",\"url\":\"https:\/\/now-news.de\/de\/wp-content\/uploads\/sites\/3\/2023\/02\/Die-Hauptthemen-des-EU-Gipfels-Selenskij-und-Einwanderung.jpg\",\"contentUrl\":\"https:\/\/now-news.de\/de\/wp-content\/uploads\/sites\/3\/2023\/02\/Die-Hauptthemen-des-EU-Gipfels-Selenskij-und-Einwanderung.jpg\",\"width\":460,\"height\":259,\"caption\":\"Die Hauptthemen des EU-Gipfels: Selenskij und Einwanderung\"},{\"@type\":\"BreadcrumbList\",\"@id\":\"https:\/\/now-news.de\/de\/deutschland\/die-hauptthemen-des-eu-gipfels-selenskij-und-einwanderung\/#breadcrumb\",\"itemListElement\":[{\"@type\":\"ListItem\",\"position\":1,\"name\":\"Home\",\"item\":\"https:\/\/now-news.de\/de\/\"},{\"@type\":\"ListItem\",\"position\":2,\"name\":\"Die Hauptthemen des EU-Gipfels: Selenskij und Einwanderung\"}]},{\"@type\":\"WebSite\",\"@id\":\"https:\/\/now-news.de\/de\/#website\",\"url\":\"https:\/\/now-news.de\/de\/\",\"name\":\"just-now.NEWS Deutschland\",\"description\":\"Das Portal f\u00fcr unzensierte Nachrichten aus der Welt\",\"publisher\":{\"@id\":\"https:\/\/now-news.de\/de\/#organization\"},\"potentialAction\":[{\"@type\":\"SearchAction\",\"target\":{\"@type\":\"EntryPoint\",\"urlTemplate\":\"https:\/\/now-news.de\/de\/?s={search_term_string}\"},\"query-input\":\"required name=search_term_string\"}],\"inLanguage\":\"de\"},{\"@type\":\"Organization\",\"@id\":\"https:\/\/now-news.de\/de\/#organization\",\"name\":\"Just Now News\",\"url\":\"https:\/\/now-news.de\/de\/\",\"logo\":{\"@type\":\"ImageObject\",\"inLanguage\":\"de\",\"@id\":\"https:\/\/now-news.de\/de\/#\/schema\/logo\/image\/\",\"url\":\"http:\/\/just-now.news\/de\/wp-content\/uploads\/sites\/3\/2022\/04\/logo500x500.jpg\",\"contentUrl\":\"http:\/\/just-now.news\/de\/wp-content\/uploads\/sites\/3\/2022\/04\/logo500x500.jpg\",\"width\":500,\"height\":500,\"caption\":\"Just Now News\"},\"image\":{\"@id\":\"https:\/\/now-news.de\/de\/#\/schema\/logo\/image\/\"},\"sameAs\":[\"https:\/\/www.facebook.com\/wirmachenauf\",\"https:\/\/x.com\/WirMachenAuf_de\"]},{\"@type\":\"Person\",\"@id\":\"https:\/\/now-news.de\/de\/#\/schema\/person\/fb534a4e865501d8b3285208df34a9b5\",\"name\":\"rtnews\",\"image\":{\"@type\":\"ImageObject\",\"inLanguage\":\"de\",\"@id\":\"https:\/\/now-news.de\/de\/#\/schema\/person\/image\/\",\"url\":\"https:\/\/secure.gravatar.com\/avatar\/82aafea7d8127119dd649515f56e2117?s=96&d=mm&r=g\",\"contentUrl\":\"https:\/\/secure.gravatar.com\/avatar\/82aafea7d8127119dd649515f56e2117?s=96&d=mm&r=g\",\"caption\":\"rtnews\"},\"url\":\"https:\/\/now-news.de\/de\/author\/rnews\/\"}]}<\/script>\n<!-- \/ Yoast SEO Premium plugin. -->","yoast_head_json":{"title":"Die Hauptthemen des EU-Gipfels: Selenskij und Einwanderung - just-now.NEWS Deutschland","robots":{"index":"index","follow":"follow","max-snippet":"max-snippet:-1","max-image-preview":"max-image-preview:large","max-video-preview":"max-video-preview:-1"},"canonical":"https:\/\/now-news.de\/de\/deutschland\/die-hauptthemen-des-eu-gipfels-selenskij-und-einwanderung\/","og_locale":"de_DE","og_type":"article","og_title":"Die Hauptthemen des EU-Gipfels: Selenskij und Einwanderung","og_description":"Der zweit\u00e4gige EU-Gipfel in Br\u00fcssel stand ganz im Zeichen des Auftritts des ukrainischen Pr\u00e4sidenten Wladimir Selenskij. Neben der Ukraine spielte aber noch das Thema Einwanderung eine wichtige Rolle. 2022 war die Zahl der illegalen EU-Grenz\u00fcbertritte so hoch gewesen wie seit Jahren nicht mehr. In Br\u00fcssel findet seit gestern ein EU-Gipfel statt, zu dem nach Aufenthalten [&hellip;]","og_url":"https:\/\/now-news.de\/de\/deutschland\/die-hauptthemen-des-eu-gipfels-selenskij-und-einwanderung\/","og_site_name":"just-now.NEWS Deutschland","article_publisher":"https:\/\/www.facebook.com\/wirmachenauf","article_published_time":"2023-02-10T16:22:18+00:00","og_image":[{"width":460,"height":259,"url":"https:\/\/now-news.de\/de\/wp-content\/uploads\/sites\/3\/2023\/02\/Die-Hauptthemen-des-EU-Gipfels-Selenskij-und-Einwanderung.jpg","type":"image\/jpeg"}],"author":"rtnews","twitter_card":"summary_large_image","twitter_creator":"@WirMachenAuf_de","twitter_site":"@WirMachenAuf_de","twitter_misc":{"Verfasst von":"rtnews","Gesch\u00e4tzte Lesezeit":"3\u00a0Minuten"},"schema":{"@context":"https:\/\/schema.org","@graph":[{"@type":"Article","@id":"https:\/\/now-news.de\/de\/deutschland\/die-hauptthemen-des-eu-gipfels-selenskij-und-einwanderung\/#article","isPartOf":{"@id":"https:\/\/now-news.de\/de\/deutschland\/die-hauptthemen-des-eu-gipfels-selenskij-und-einwanderung\/"},"author":{"name":"rtnews","@id":"https:\/\/now-news.de\/de\/#\/schema\/person\/fb534a4e865501d8b3285208df34a9b5"},"headline":"Die Hauptthemen des EU-Gipfels: Selenskij und Einwanderung","datePublished":"2023-02-10T16:22:18+00:00","dateModified":"2023-02-10T16:22:18+00:00","mainEntityOfPage":{"@id":"https:\/\/now-news.de\/de\/deutschland\/die-hauptthemen-des-eu-gipfels-selenskij-und-einwanderung\/"},"wordCount":658,"commentCount":0,"publisher":{"@id":"https:\/\/now-news.de\/de\/#organization"},"image":{"@id":"https:\/\/now-news.de\/de\/deutschland\/die-hauptthemen-des-eu-gipfels-selenskij-und-einwanderung\/#primaryimage"},"thumbnailUrl":"https:\/\/now-news.de\/de\/wp-content\/uploads\/sites\/3\/2023\/02\/Die-Hauptthemen-des-EU-Gipfels-Selenskij-und-Einwanderung.jpg","keywords":["des","die","Einwanderung","EUGipfels","Hauptthemen","Selenskij","und"],"articleSection":["Deutschland","Russland"],"inLanguage":"de","potentialAction":[{"@type":"CommentAction","name":"Comment","target":["https:\/\/now-news.de\/de\/deutschland\/die-hauptthemen-des-eu-gipfels-selenskij-und-einwanderung\/#respond"]}]},{"@type":"WebPage","@id":"https:\/\/now-news.de\/de\/deutschland\/die-hauptthemen-des-eu-gipfels-selenskij-und-einwanderung\/","url":"https:\/\/now-news.de\/de\/deutschland\/die-hauptthemen-des-eu-gipfels-selenskij-und-einwanderung\/","name":"Die Hauptthemen des EU-Gipfels: Selenskij und Einwanderung - just-now.NEWS Deutschland","isPartOf":{"@id":"https:\/\/now-news.de\/de\/#website"},"primaryImageOfPage":{"@id":"https:\/\/now-news.de\/de\/deutschland\/die-hauptthemen-des-eu-gipfels-selenskij-und-einwanderung\/#primaryimage"},"image":{"@id":"https:\/\/now-news.de\/de\/deutschland\/die-hauptthemen-des-eu-gipfels-selenskij-und-einwanderung\/#primaryimage"},"thumbnailUrl":"https:\/\/now-news.de\/de\/wp-content\/uploads\/sites\/3\/2023\/02\/Die-Hauptthemen-des-EU-Gipfels-Selenskij-und-Einwanderung.jpg","datePublished":"2023-02-10T16:22:18+00:00","dateModified":"2023-02-10T16:22:18+00:00","breadcrumb":{"@id":"https:\/\/now-news.de\/de\/deutschland\/die-hauptthemen-des-eu-gipfels-selenskij-und-einwanderung\/#breadcrumb"},"inLanguage":"de","potentialAction":[{"@type":"ReadAction","target":["https:\/\/now-news.de\/de\/deutschland\/die-hauptthemen-des-eu-gipfels-selenskij-und-einwanderung\/"]}]},{"@type":"ImageObject","inLanguage":"de","@id":"https:\/\/now-news.de\/de\/deutschland\/die-hauptthemen-des-eu-gipfels-selenskij-und-einwanderung\/#primaryimage","url":"https:\/\/now-news.de\/de\/wp-content\/uploads\/sites\/3\/2023\/02\/Die-Hauptthemen-des-EU-Gipfels-Selenskij-und-Einwanderung.jpg","contentUrl":"https:\/\/now-news.de\/de\/wp-content\/uploads\/sites\/3\/2023\/02\/Die-Hauptthemen-des-EU-Gipfels-Selenskij-und-Einwanderung.jpg","width":460,"height":259,"caption":"Die Hauptthemen des EU-Gipfels: Selenskij und Einwanderung"},{"@type":"BreadcrumbList","@id":"https:\/\/now-news.de\/de\/deutschland\/die-hauptthemen-des-eu-gipfels-selenskij-und-einwanderung\/#breadcrumb","itemListElement":[{"@type":"ListItem","position":1,"name":"Home","item":"https:\/\/now-news.de\/de\/"},{"@type":"ListItem","position":2,"name":"Die Hauptthemen des EU-Gipfels: Selenskij und Einwanderung"}]},{"@type":"WebSite","@id":"https:\/\/now-news.de\/de\/#website","url":"https:\/\/now-news.de\/de\/","name":"just-now.NEWS Deutschland","description":"Das Portal f\u00fcr unzensierte Nachrichten aus der Welt","publisher":{"@id":"https:\/\/now-news.de\/de\/#organization"},"potentialAction":[{"@type":"SearchAction","target":{"@type":"EntryPoint","urlTemplate":"https:\/\/now-news.de\/de\/?s={search_term_string}"},"query-input":"required name=search_term_string"}],"inLanguage":"de"},{"@type":"Organization","@id":"https:\/\/now-news.de\/de\/#organization","name":"Just Now News","url":"https:\/\/now-news.de\/de\/","logo":{"@type":"ImageObject","inLanguage":"de","@id":"https:\/\/now-news.de\/de\/#\/schema\/logo\/image\/","url":"http:\/\/just-now.news\/de\/wp-content\/uploads\/sites\/3\/2022\/04\/logo500x500.jpg","contentUrl":"http:\/\/just-now.news\/de\/wp-content\/uploads\/sites\/3\/2022\/04\/logo500x500.jpg","width":500,"height":500,"caption":"Just Now News"},"image":{"@id":"https:\/\/now-news.de\/de\/#\/schema\/logo\/image\/"},"sameAs":["https:\/\/www.facebook.com\/wirmachenauf","https:\/\/x.com\/WirMachenAuf_de"]},{"@type":"Person","@id":"https:\/\/now-news.de\/de\/#\/schema\/person\/fb534a4e865501d8b3285208df34a9b5","name":"rtnews","image":{"@type":"ImageObject","inLanguage":"de","@id":"https:\/\/now-news.de\/de\/#\/schema\/person\/image\/","url":"https:\/\/secure.gravatar.com\/avatar\/82aafea7d8127119dd649515f56e2117?s=96&d=mm&r=g","contentUrl":"https:\/\/secure.gravatar.com\/avatar\/82aafea7d8127119dd649515f56e2117?s=96&d=mm&r=g","caption":"rtnews"},"url":"https:\/\/now-news.de\/de\/author\/rnews\/"}]}},"_links":{"self":[{"href":"https:\/\/now-news.de\/de\/wp-json\/wp\/v2\/posts\/30082"}],"collection":[{"href":"https:\/\/now-news.de\/de\/wp-json\/wp\/v2\/posts"}],"about":[{"href":"https:\/\/now-news.de\/de\/wp-json\/wp\/v2\/types\/post"}],"author":[{"embeddable":true,"href":"https:\/\/now-news.de\/de\/wp-json\/wp\/v2\/users\/3"}],"replies":[{"embeddable":true,"href":"https:\/\/now-news.de\/de\/wp-json\/wp\/v2\/comments?post=30082"}],"version-history":[{"count":0,"href":"https:\/\/now-news.de\/de\/wp-json\/wp\/v2\/posts\/30082\/revisions"}],"wp:featuredmedia":[{"embeddable":true,"href":"https:\/\/now-news.de\/de\/wp-json\/wp\/v2\/media\/30083"}],"wp:attachment":[{"href":"https:\/\/now-news.de\/de\/wp-json\/wp\/v2\/media?parent=30082"}],"wp:term":[{"taxonomy":"category","embeddable":true,"href":"https:\/\/now-news.de\/de\/wp-json\/wp\/v2\/categories?post=30082"},{"taxonomy":"post_tag","embeddable":true,"href":"https:\/\/now-news.de\/de\/wp-json\/wp\/v2\/tags?post=30082"}],"curies":[{"name":"wp","href":"https:\/\/api.w.org\/{rel}","templated":true}]}}