{"id":30080,"date":"2023-02-10T17:59:46","date_gmt":"2023-02-10T15:59:46","guid":{"rendered":"http:\/\/just-now.news\/de\/deutschland\/likud-ministerin-gelder-aus-deutschland-oder-iran-stehen-hinter-protesten-in-israel\/"},"modified":"2023-02-10T17:59:46","modified_gmt":"2023-02-10T15:59:46","slug":"likud-ministerin-gelder-aus-deutschland-oder-iran-stehen-hinter-protesten-in-israel","status":"publish","type":"post","link":"https:\/\/now-news.de\/de\/deutschland\/likud-ministerin-gelder-aus-deutschland-oder-iran-stehen-hinter-protesten-in-israel\/","title":{"rendered":"Likud-Ministerin: Gelder aus Deutschland oder Iran stehen hinter Protesten in Israel"},"content":{"rendered":"<p><img decoding=\"async\" src=\"http:\/\/just-now.news\/de\/wp-content\/uploads\/sites\/3\/2023\/02\/63e64366b480cc2abe6daa84.jpg\" \/><\/p>\n<div class=\"Text-root Text-type_1 \">\n                Die anhaltenden Massenproteste in Israel werden durch Gelder aus Deutschland und Iran unterst\u00fctzt, behauptet Likud-Ministerin Galit Distel-Atbaryan. Deutschlands Botschafter in Tel Aviv wies die Behauptungen der Ministerin f\u00fcr \u00f6ffentliche Diplomatie zur\u00fcck.\n            <\/div>\n<p><\/p>\n<div class=\"Text-root Text-type_5 ArticleView-text ViewText-root \">\n<p>Galit Distel-Atbaryan, die neue israelische Ministerin f\u00fcr \u00f6ffentliche Diplomatie, hat am Donnerstag im <em>Armeeradio<\/em> behauptet, dass hinter den anhaltenden Protesten gegen die Netanjahu-Regierung &#8220;Gelder aus Deutschland oder Iran&#8221;<em><\/em> stehen. Es seien &#8220;Gelder aus dem Ausland, aus zumeist antisemitischen Quellen&#8221;, die die Menschen auf die Stra\u00dfen bringen. Die Demonstranten w\u00fcssten nicht, dass sie vom Ausland instrumentalisiert w\u00fcrden, f\u00fcgte Distel-Atbaryan hinzu.<\/p>\n<p>Seit einem Monat demonstrieren jeden Samstagabend Zehntausende Israelis gegen die Pl\u00e4ne der neuen Regierung. Ihre Kritik richtet\u00a0sich vor allem gegen die Justizreform, mit der unter anderem faktisch das Oberste Gericht entmachtet werden soll.<\/p>\n<p>Die Nennung Deutschlands in einem Atemzug mit Iran durch\u00a0die Likud-Ministerin sorgt f\u00fcr die Verstimmung in Berlin.\u00a0Deutschlands Botschafter in Tel Aviv Steffen Seibert wurde von der israelischen Tageszeitung <em><a rel=\"nofollow noopener\" target=\"_blank\" href=\"https:\/\/www.haaretz.com\/israel-news\/2023-02-09\/ty-article\/.premium\/german-envoy-disappointed-after-israeli-minister-says-iran-germany-fund-protests\/00000186-3713-d80f-abff-7f9b0f4a0000?utm_source=App_Share&amp;utm_medium=iOS_Native\">Haaretz<\/a><\/em>\u00a0mit den Worten zitiert, er sei &#8220;entt\u00e4uscht&#8221; von den Aussagen Distel-Atbaryans. Dass die Ministerin Deutschland, &#8220;einen Freund und demokratischen Partner Israels&#8221;, neben dem &#8220;totalit\u00e4ren Iran&#8221; erw\u00e4hne, sei nicht angemessen.<\/p>\n<p>Die Wahlergebnisse im November\u00a02022 hatten mit dem Sieg Benjamin Netanjahus eine Serie von vier Wahlg\u00e4ngen innerhalb von drei Jahren beendet, bei denen keines der Lager pro und contra Netanjahu einen klaren Sieg hatte erringen k\u00f6nnen.\u00a0Die\u00a0neue Regierung Netanjahu kam allerdings aus einer schwachen Position heraus zustande. Denn Netanjahu\u00a0musste\u00a0seinen nationalistischen und ultrareligi\u00f6sen Koalitionspartnern mehrere Zugest\u00e4ndnisse machen, um \u00fcberhaupt ein Regierungsb\u00fcndnis bilden zu k\u00f6nnen. Die israelische Staatskrise reicht indes weit \u00fcber den Streit um\u00a0die Justizreform und die radikalen Pers\u00f6nlichkeiten in der Regierung hinaus.\u00a0Der Ministerpr\u00e4sident k\u00fcndigte bereits eine weitere St\u00e4rkung des Siedlungsbaus im Westjordanland an.<\/p>\n<p><strong>Mehr zum Thema<\/strong> &#8211; <a rel=\"nofollow noopener\" target=\"_blank\" href=\"https:\/\/de.rt.com\/der-nahe-osten\/161402-nach-neuen-anschlagsserie-besucht-blinken\/\">Nach neuer Anschlagsserie: Blinken besucht Israel \u2013 Tel Aviv greift zu drakonischen Ma\u00dfnahmen<\/a><\/p>\n<div class=\"EmbedBlock-root EmbedBlock-externalVideo EmbedBlock-vk\">\n<div class=\"VkEmbed\"><iframe class=\"lazyload\" data-src=\"https:\/\/vk.com\/video_ext.php?oid=-134310637&amp;id=456263010&amp;hash=29efc2c79bbceff8\" frameborder=\"0\" width=\"853\" height=\"480\" allowfullscreen><\/iframe><\/div>\n<\/div>\n<\/div>\n<p><br \/>\n<br \/><a href=\"https:\/\/de.rt.com\/der-nahe-osten\/162562-tel-aviv-behauptet-gelder-aus-deutschland-oder-iran-stehen-hinter-den-protesten\/\">Source link <\/a><\/p>\n","protected":false},"excerpt":{"rendered":"<p>Die anhaltenden Massenproteste in Israel werden durch Gelder aus Deutschland und Iran unterst\u00fctzt, behauptet Likud-Ministerin Galit Distel-Atbaryan. Deutschlands Botschafter in Tel Aviv wies die Behauptungen der Ministerin f\u00fcr \u00f6ffentliche Diplomatie zur\u00fcck. Galit Distel-Atbaryan, die neue israelische Ministerin f\u00fcr \u00f6ffentliche Diplomatie, hat am Donnerstag im Armeeradio behauptet, dass hinter den anhaltenden Protesten gegen die Netanjahu-Regierung &#8220;Gelder [&hellip;]<\/p>\n","protected":false},"author":3,"featured_media":30081,"comment_status":"open","ping_status":"open","sticky":false,"template":"","format":"standard","meta":{"_yoast_indexnow_last_ping":["1676045710"],"wp_automatic_camp":["217"],"d50d5acf2c8eb9644e37614032476ed0":["Likud-Ministerin: Gelder aus Deutschland oder Iran stehen hinter Protesten in Israel"],"original_link":["https:\/\/de.rt.com\/der-nahe-osten\/162562-tel-aviv-behauptet-gelder-aus-deutschland-oder-iran-stehen-hinter-den-protesten\/"],"_thumbnail_id":["30081"],"_wptgpro_p2tg_sent2tg":["a:1:{i:23737;s:19:\"2023-02-10 18:16:22\";}"],"jnews_social_counter_last_update":["1777330361"]},"categories":[19,23],"tags":[679,179,220,4440,1786,432,40581,268,19562,2198],"yoast_head":"<!-- This site is optimized with the Yoast SEO Premium plugin v22.7 (Yoast SEO v22.7) - https:\/\/yoast.com\/wordpress\/plugins\/seo\/ -->\n<title>Likud-Ministerin: Gelder aus Deutschland oder Iran stehen hinter Protesten in Israel - just-now.NEWS Deutschland<\/title>\n<meta name=\"robots\" content=\"index, follow, max-snippet:-1, max-image-preview:large, max-video-preview:-1\" \/>\n<link rel=\"canonical\" href=\"https:\/\/now-news.de\/de\/deutschland\/likud-ministerin-gelder-aus-deutschland-oder-iran-stehen-hinter-protesten-in-israel\/\" \/>\n<meta property=\"og:locale\" content=\"de_DE\" \/>\n<meta property=\"og:type\" content=\"article\" \/>\n<meta property=\"og:title\" content=\"Likud-Ministerin: Gelder aus Deutschland oder Iran stehen hinter Protesten in Israel\" \/>\n<meta property=\"og:description\" content=\"Die anhaltenden Massenproteste in Israel werden durch Gelder aus Deutschland und Iran unterst\u00fctzt, behauptet Likud-Ministerin Galit Distel-Atbaryan. Deutschlands Botschafter in Tel Aviv wies die Behauptungen der Ministerin f\u00fcr \u00f6ffentliche Diplomatie zur\u00fcck. Galit Distel-Atbaryan, die neue israelische Ministerin f\u00fcr \u00f6ffentliche Diplomatie, hat am Donnerstag im Armeeradio behauptet, dass hinter den anhaltenden Protesten gegen die Netanjahu-Regierung &#8220;Gelder [&hellip;]\" \/>\n<meta property=\"og:url\" content=\"https:\/\/now-news.de\/de\/deutschland\/likud-ministerin-gelder-aus-deutschland-oder-iran-stehen-hinter-protesten-in-israel\/\" \/>\n<meta property=\"og:site_name\" content=\"just-now.NEWS Deutschland\" \/>\n<meta property=\"article:publisher\" content=\"https:\/\/www.facebook.com\/wirmachenauf\" \/>\n<meta property=\"article:published_time\" content=\"2023-02-10T15:59:46+00:00\" \/>\n<meta property=\"og:image\" content=\"https:\/\/now-news.de\/de\/wp-content\/uploads\/sites\/3\/2023\/02\/Likud-Ministerin-Gelder-aus-Deutschland-oder-Iran-stehen-hinter-Protesten-in.jpg\" \/>\n\t<meta property=\"og:image:width\" content=\"460\" \/>\n\t<meta property=\"og:image:height\" content=\"259\" \/>\n\t<meta property=\"og:image:type\" content=\"image\/jpeg\" \/>\n<meta name=\"author\" content=\"rtnews\" \/>\n<meta name=\"twitter:card\" content=\"summary_large_image\" \/>\n<meta name=\"twitter:creator\" content=\"@WirMachenAuf_de\" \/>\n<meta name=\"twitter:site\" content=\"@WirMachenAuf_de\" \/>\n<meta name=\"twitter:label1\" content=\"Verfasst von\" \/>\n\t<meta name=\"twitter:data1\" content=\"rtnews\" \/>\n\t<meta name=\"twitter:label2\" content=\"Gesch\u00e4tzte Lesezeit\" \/>\n\t<meta name=\"twitter:data2\" content=\"2\u00a0Minuten\" \/>\n<script type=\"application\/ld+json\" class=\"yoast-schema-graph\">{\"@context\":\"https:\/\/schema.org\",\"@graph\":[{\"@type\":\"Article\",\"@id\":\"https:\/\/now-news.de\/de\/deutschland\/likud-ministerin-gelder-aus-deutschland-oder-iran-stehen-hinter-protesten-in-israel\/#article\",\"isPartOf\":{\"@id\":\"https:\/\/now-news.de\/de\/deutschland\/likud-ministerin-gelder-aus-deutschland-oder-iran-stehen-hinter-protesten-in-israel\/\"},\"author\":{\"name\":\"rtnews\",\"@id\":\"https:\/\/now-news.de\/de\/#\/schema\/person\/fb534a4e865501d8b3285208df34a9b5\"},\"headline\":\"Likud-Ministerin: Gelder aus Deutschland oder Iran stehen hinter Protesten in Israel\",\"datePublished\":\"2023-02-10T15:59:46+00:00\",\"dateModified\":\"2023-02-10T15:59:46+00:00\",\"mainEntityOfPage\":{\"@id\":\"https:\/\/now-news.de\/de\/deutschland\/likud-ministerin-gelder-aus-deutschland-oder-iran-stehen-hinter-protesten-in-israel\/\"},\"wordCount\":334,\"commentCount\":0,\"publisher\":{\"@id\":\"https:\/\/now-news.de\/de\/#organization\"},\"image\":{\"@id\":\"https:\/\/now-news.de\/de\/deutschland\/likud-ministerin-gelder-aus-deutschland-oder-iran-stehen-hinter-protesten-in-israel\/#primaryimage\"},\"thumbnailUrl\":\"https:\/\/now-news.de\/de\/wp-content\/uploads\/sites\/3\/2023\/02\/Likud-Ministerin-Gelder-aus-Deutschland-oder-Iran-stehen-hinter-Protesten-in.jpg\",\"keywords\":[\"aus\",\"Deutschland\",\"Gelder\",\"hinter\",\"Iran\",\"Israel\",\"LikudMinisterin\",\"oder\",\"Protesten\",\"stehen\"],\"articleSection\":[\"Deutschland\",\"Russland\"],\"inLanguage\":\"de\",\"potentialAction\":[{\"@type\":\"CommentAction\",\"name\":\"Comment\",\"target\":[\"https:\/\/now-news.de\/de\/deutschland\/likud-ministerin-gelder-aus-deutschland-oder-iran-stehen-hinter-protesten-in-israel\/#respond\"]}]},{\"@type\":\"WebPage\",\"@id\":\"https:\/\/now-news.de\/de\/deutschland\/likud-ministerin-gelder-aus-deutschland-oder-iran-stehen-hinter-protesten-in-israel\/\",\"url\":\"https:\/\/now-news.de\/de\/deutschland\/likud-ministerin-gelder-aus-deutschland-oder-iran-stehen-hinter-protesten-in-israel\/\",\"name\":\"Likud-Ministerin: Gelder aus Deutschland oder Iran stehen hinter Protesten in Israel - just-now.NEWS Deutschland\",\"isPartOf\":{\"@id\":\"https:\/\/now-news.de\/de\/#website\"},\"primaryImageOfPage\":{\"@id\":\"https:\/\/now-news.de\/de\/deutschland\/likud-ministerin-gelder-aus-deutschland-oder-iran-stehen-hinter-protesten-in-israel\/#primaryimage\"},\"image\":{\"@id\":\"https:\/\/now-news.de\/de\/deutschland\/likud-ministerin-gelder-aus-deutschland-oder-iran-stehen-hinter-protesten-in-israel\/#primaryimage\"},\"thumbnailUrl\":\"https:\/\/now-news.de\/de\/wp-content\/uploads\/sites\/3\/2023\/02\/Likud-Ministerin-Gelder-aus-Deutschland-oder-Iran-stehen-hinter-Protesten-in.jpg\",\"datePublished\":\"2023-02-10T15:59:46+00:00\",\"dateModified\":\"2023-02-10T15:59:46+00:00\",\"breadcrumb\":{\"@id\":\"https:\/\/now-news.de\/de\/deutschland\/likud-ministerin-gelder-aus-deutschland-oder-iran-stehen-hinter-protesten-in-israel\/#breadcrumb\"},\"inLanguage\":\"de\",\"potentialAction\":[{\"@type\":\"ReadAction\",\"target\":[\"https:\/\/now-news.de\/de\/deutschland\/likud-ministerin-gelder-aus-deutschland-oder-iran-stehen-hinter-protesten-in-israel\/\"]}]},{\"@type\":\"ImageObject\",\"inLanguage\":\"de\",\"@id\":\"https:\/\/now-news.de\/de\/deutschland\/likud-ministerin-gelder-aus-deutschland-oder-iran-stehen-hinter-protesten-in-israel\/#primaryimage\",\"url\":\"https:\/\/now-news.de\/de\/wp-content\/uploads\/sites\/3\/2023\/02\/Likud-Ministerin-Gelder-aus-Deutschland-oder-Iran-stehen-hinter-Protesten-in.jpg\",\"contentUrl\":\"https:\/\/now-news.de\/de\/wp-content\/uploads\/sites\/3\/2023\/02\/Likud-Ministerin-Gelder-aus-Deutschland-oder-Iran-stehen-hinter-Protesten-in.jpg\",\"width\":460,\"height\":259,\"caption\":\"Likud-Ministerin: Gelder aus Deutschland oder Iran stehen hinter Protesten in Israel\"},{\"@type\":\"BreadcrumbList\",\"@id\":\"https:\/\/now-news.de\/de\/deutschland\/likud-ministerin-gelder-aus-deutschland-oder-iran-stehen-hinter-protesten-in-israel\/#breadcrumb\",\"itemListElement\":[{\"@type\":\"ListItem\",\"position\":1,\"name\":\"Home\",\"item\":\"https:\/\/now-news.de\/de\/\"},{\"@type\":\"ListItem\",\"position\":2,\"name\":\"Likud-Ministerin: Gelder aus Deutschland oder Iran stehen hinter Protesten in Israel\"}]},{\"@type\":\"WebSite\",\"@id\":\"https:\/\/now-news.de\/de\/#website\",\"url\":\"https:\/\/now-news.de\/de\/\",\"name\":\"just-now.NEWS Deutschland\",\"description\":\"Das Portal f\u00fcr unzensierte Nachrichten aus der Welt\",\"publisher\":{\"@id\":\"https:\/\/now-news.de\/de\/#organization\"},\"potentialAction\":[{\"@type\":\"SearchAction\",\"target\":{\"@type\":\"EntryPoint\",\"urlTemplate\":\"https:\/\/now-news.de\/de\/?s={search_term_string}\"},\"query-input\":\"required name=search_term_string\"}],\"inLanguage\":\"de\"},{\"@type\":\"Organization\",\"@id\":\"https:\/\/now-news.de\/de\/#organization\",\"name\":\"Just Now News\",\"url\":\"https:\/\/now-news.de\/de\/\",\"logo\":{\"@type\":\"ImageObject\",\"inLanguage\":\"de\",\"@id\":\"https:\/\/now-news.de\/de\/#\/schema\/logo\/image\/\",\"url\":\"http:\/\/just-now.news\/de\/wp-content\/uploads\/sites\/3\/2022\/04\/logo500x500.jpg\",\"contentUrl\":\"http:\/\/just-now.news\/de\/wp-content\/uploads\/sites\/3\/2022\/04\/logo500x500.jpg\",\"width\":500,\"height\":500,\"caption\":\"Just Now News\"},\"image\":{\"@id\":\"https:\/\/now-news.de\/de\/#\/schema\/logo\/image\/\"},\"sameAs\":[\"https:\/\/www.facebook.com\/wirmachenauf\",\"https:\/\/x.com\/WirMachenAuf_de\"]},{\"@type\":\"Person\",\"@id\":\"https:\/\/now-news.de\/de\/#\/schema\/person\/fb534a4e865501d8b3285208df34a9b5\",\"name\":\"rtnews\",\"image\":{\"@type\":\"ImageObject\",\"inLanguage\":\"de\",\"@id\":\"https:\/\/now-news.de\/de\/#\/schema\/person\/image\/\",\"url\":\"https:\/\/secure.gravatar.com\/avatar\/82aafea7d8127119dd649515f56e2117?s=96&d=mm&r=g\",\"contentUrl\":\"https:\/\/secure.gravatar.com\/avatar\/82aafea7d8127119dd649515f56e2117?s=96&d=mm&r=g\",\"caption\":\"rtnews\"},\"url\":\"https:\/\/now-news.de\/de\/author\/rnews\/\"}]}<\/script>\n<!-- \/ Yoast SEO Premium plugin. -->","yoast_head_json":{"title":"Likud-Ministerin: Gelder aus Deutschland oder Iran stehen hinter Protesten in Israel - just-now.NEWS Deutschland","robots":{"index":"index","follow":"follow","max-snippet":"max-snippet:-1","max-image-preview":"max-image-preview:large","max-video-preview":"max-video-preview:-1"},"canonical":"https:\/\/now-news.de\/de\/deutschland\/likud-ministerin-gelder-aus-deutschland-oder-iran-stehen-hinter-protesten-in-israel\/","og_locale":"de_DE","og_type":"article","og_title":"Likud-Ministerin: Gelder aus Deutschland oder Iran stehen hinter Protesten in Israel","og_description":"Die anhaltenden Massenproteste in Israel werden durch Gelder aus Deutschland und Iran unterst\u00fctzt, behauptet Likud-Ministerin Galit Distel-Atbaryan. Deutschlands Botschafter in Tel Aviv wies die Behauptungen der Ministerin f\u00fcr \u00f6ffentliche Diplomatie zur\u00fcck. Galit Distel-Atbaryan, die neue israelische Ministerin f\u00fcr \u00f6ffentliche Diplomatie, hat am Donnerstag im Armeeradio behauptet, dass hinter den anhaltenden Protesten gegen die Netanjahu-Regierung &#8220;Gelder [&hellip;]","og_url":"https:\/\/now-news.de\/de\/deutschland\/likud-ministerin-gelder-aus-deutschland-oder-iran-stehen-hinter-protesten-in-israel\/","og_site_name":"just-now.NEWS Deutschland","article_publisher":"https:\/\/www.facebook.com\/wirmachenauf","article_published_time":"2023-02-10T15:59:46+00:00","og_image":[{"width":460,"height":259,"url":"https:\/\/now-news.de\/de\/wp-content\/uploads\/sites\/3\/2023\/02\/Likud-Ministerin-Gelder-aus-Deutschland-oder-Iran-stehen-hinter-Protesten-in.jpg","type":"image\/jpeg"}],"author":"rtnews","twitter_card":"summary_large_image","twitter_creator":"@WirMachenAuf_de","twitter_site":"@WirMachenAuf_de","twitter_misc":{"Verfasst von":"rtnews","Gesch\u00e4tzte Lesezeit":"2\u00a0Minuten"},"schema":{"@context":"https:\/\/schema.org","@graph":[{"@type":"Article","@id":"https:\/\/now-news.de\/de\/deutschland\/likud-ministerin-gelder-aus-deutschland-oder-iran-stehen-hinter-protesten-in-israel\/#article","isPartOf":{"@id":"https:\/\/now-news.de\/de\/deutschland\/likud-ministerin-gelder-aus-deutschland-oder-iran-stehen-hinter-protesten-in-israel\/"},"author":{"name":"rtnews","@id":"https:\/\/now-news.de\/de\/#\/schema\/person\/fb534a4e865501d8b3285208df34a9b5"},"headline":"Likud-Ministerin: Gelder aus Deutschland oder Iran stehen hinter Protesten in Israel","datePublished":"2023-02-10T15:59:46+00:00","dateModified":"2023-02-10T15:59:46+00:00","mainEntityOfPage":{"@id":"https:\/\/now-news.de\/de\/deutschland\/likud-ministerin-gelder-aus-deutschland-oder-iran-stehen-hinter-protesten-in-israel\/"},"wordCount":334,"commentCount":0,"publisher":{"@id":"https:\/\/now-news.de\/de\/#organization"},"image":{"@id":"https:\/\/now-news.de\/de\/deutschland\/likud-ministerin-gelder-aus-deutschland-oder-iran-stehen-hinter-protesten-in-israel\/#primaryimage"},"thumbnailUrl":"https:\/\/now-news.de\/de\/wp-content\/uploads\/sites\/3\/2023\/02\/Likud-Ministerin-Gelder-aus-Deutschland-oder-Iran-stehen-hinter-Protesten-in.jpg","keywords":["aus","Deutschland","Gelder","hinter","Iran","Israel","LikudMinisterin","oder","Protesten","stehen"],"articleSection":["Deutschland","Russland"],"inLanguage":"de","potentialAction":[{"@type":"CommentAction","name":"Comment","target":["https:\/\/now-news.de\/de\/deutschland\/likud-ministerin-gelder-aus-deutschland-oder-iran-stehen-hinter-protesten-in-israel\/#respond"]}]},{"@type":"WebPage","@id":"https:\/\/now-news.de\/de\/deutschland\/likud-ministerin-gelder-aus-deutschland-oder-iran-stehen-hinter-protesten-in-israel\/","url":"https:\/\/now-news.de\/de\/deutschland\/likud-ministerin-gelder-aus-deutschland-oder-iran-stehen-hinter-protesten-in-israel\/","name":"Likud-Ministerin: Gelder aus Deutschland oder Iran stehen hinter Protesten in Israel - just-now.NEWS Deutschland","isPartOf":{"@id":"https:\/\/now-news.de\/de\/#website"},"primaryImageOfPage":{"@id":"https:\/\/now-news.de\/de\/deutschland\/likud-ministerin-gelder-aus-deutschland-oder-iran-stehen-hinter-protesten-in-israel\/#primaryimage"},"image":{"@id":"https:\/\/now-news.de\/de\/deutschland\/likud-ministerin-gelder-aus-deutschland-oder-iran-stehen-hinter-protesten-in-israel\/#primaryimage"},"thumbnailUrl":"https:\/\/now-news.de\/de\/wp-content\/uploads\/sites\/3\/2023\/02\/Likud-Ministerin-Gelder-aus-Deutschland-oder-Iran-stehen-hinter-Protesten-in.jpg","datePublished":"2023-02-10T15:59:46+00:00","dateModified":"2023-02-10T15:59:46+00:00","breadcrumb":{"@id":"https:\/\/now-news.de\/de\/deutschland\/likud-ministerin-gelder-aus-deutschland-oder-iran-stehen-hinter-protesten-in-israel\/#breadcrumb"},"inLanguage":"de","potentialAction":[{"@type":"ReadAction","target":["https:\/\/now-news.de\/de\/deutschland\/likud-ministerin-gelder-aus-deutschland-oder-iran-stehen-hinter-protesten-in-israel\/"]}]},{"@type":"ImageObject","inLanguage":"de","@id":"https:\/\/now-news.de\/de\/deutschland\/likud-ministerin-gelder-aus-deutschland-oder-iran-stehen-hinter-protesten-in-israel\/#primaryimage","url":"https:\/\/now-news.de\/de\/wp-content\/uploads\/sites\/3\/2023\/02\/Likud-Ministerin-Gelder-aus-Deutschland-oder-Iran-stehen-hinter-Protesten-in.jpg","contentUrl":"https:\/\/now-news.de\/de\/wp-content\/uploads\/sites\/3\/2023\/02\/Likud-Ministerin-Gelder-aus-Deutschland-oder-Iran-stehen-hinter-Protesten-in.jpg","width":460,"height":259,"caption":"Likud-Ministerin: Gelder aus Deutschland oder Iran stehen hinter Protesten in Israel"},{"@type":"BreadcrumbList","@id":"https:\/\/now-news.de\/de\/deutschland\/likud-ministerin-gelder-aus-deutschland-oder-iran-stehen-hinter-protesten-in-israel\/#breadcrumb","itemListElement":[{"@type":"ListItem","position":1,"name":"Home","item":"https:\/\/now-news.de\/de\/"},{"@type":"ListItem","position":2,"name":"Likud-Ministerin: Gelder aus Deutschland oder Iran stehen hinter Protesten in Israel"}]},{"@type":"WebSite","@id":"https:\/\/now-news.de\/de\/#website","url":"https:\/\/now-news.de\/de\/","name":"just-now.NEWS Deutschland","description":"Das Portal f\u00fcr unzensierte Nachrichten aus der Welt","publisher":{"@id":"https:\/\/now-news.de\/de\/#organization"},"potentialAction":[{"@type":"SearchAction","target":{"@type":"EntryPoint","urlTemplate":"https:\/\/now-news.de\/de\/?s={search_term_string}"},"query-input":"required name=search_term_string"}],"inLanguage":"de"},{"@type":"Organization","@id":"https:\/\/now-news.de\/de\/#organization","name":"Just Now News","url":"https:\/\/now-news.de\/de\/","logo":{"@type":"ImageObject","inLanguage":"de","@id":"https:\/\/now-news.de\/de\/#\/schema\/logo\/image\/","url":"http:\/\/just-now.news\/de\/wp-content\/uploads\/sites\/3\/2022\/04\/logo500x500.jpg","contentUrl":"http:\/\/just-now.news\/de\/wp-content\/uploads\/sites\/3\/2022\/04\/logo500x500.jpg","width":500,"height":500,"caption":"Just Now News"},"image":{"@id":"https:\/\/now-news.de\/de\/#\/schema\/logo\/image\/"},"sameAs":["https:\/\/www.facebook.com\/wirmachenauf","https:\/\/x.com\/WirMachenAuf_de"]},{"@type":"Person","@id":"https:\/\/now-news.de\/de\/#\/schema\/person\/fb534a4e865501d8b3285208df34a9b5","name":"rtnews","image":{"@type":"ImageObject","inLanguage":"de","@id":"https:\/\/now-news.de\/de\/#\/schema\/person\/image\/","url":"https:\/\/secure.gravatar.com\/avatar\/82aafea7d8127119dd649515f56e2117?s=96&d=mm&r=g","contentUrl":"https:\/\/secure.gravatar.com\/avatar\/82aafea7d8127119dd649515f56e2117?s=96&d=mm&r=g","caption":"rtnews"},"url":"https:\/\/now-news.de\/de\/author\/rnews\/"}]}},"_links":{"self":[{"href":"https:\/\/now-news.de\/de\/wp-json\/wp\/v2\/posts\/30080"}],"collection":[{"href":"https:\/\/now-news.de\/de\/wp-json\/wp\/v2\/posts"}],"about":[{"href":"https:\/\/now-news.de\/de\/wp-json\/wp\/v2\/types\/post"}],"author":[{"embeddable":true,"href":"https:\/\/now-news.de\/de\/wp-json\/wp\/v2\/users\/3"}],"replies":[{"embeddable":true,"href":"https:\/\/now-news.de\/de\/wp-json\/wp\/v2\/comments?post=30080"}],"version-history":[{"count":0,"href":"https:\/\/now-news.de\/de\/wp-json\/wp\/v2\/posts\/30080\/revisions"}],"wp:featuredmedia":[{"embeddable":true,"href":"https:\/\/now-news.de\/de\/wp-json\/wp\/v2\/media\/30081"}],"wp:attachment":[{"href":"https:\/\/now-news.de\/de\/wp-json\/wp\/v2\/media?parent=30080"}],"wp:term":[{"taxonomy":"category","embeddable":true,"href":"https:\/\/now-news.de\/de\/wp-json\/wp\/v2\/categories?post=30080"},{"taxonomy":"post_tag","embeddable":true,"href":"https:\/\/now-news.de\/de\/wp-json\/wp\/v2\/tags?post=30080"}],"curies":[{"name":"wp","href":"https:\/\/api.w.org\/{rel}","templated":true}]}}