{"id":30056,"date":"2023-02-10T14:31:21","date_gmt":"2023-02-10T12:31:21","guid":{"rendered":"https:\/\/just-now.news\/de\/deutschland\/oskar-lafontaine-zu-reaktion-auf-hersh-bericht-vasallen-wehren-sich-nicht\/"},"modified":"2023-02-10T14:31:21","modified_gmt":"2023-02-10T12:31:21","slug":"oskar-lafontaine-zu-reaktion-auf-hersh-bericht-vasallen-wehren-sich-nicht","status":"publish","type":"post","link":"https:\/\/now-news.de\/de\/deutschland\/oskar-lafontaine-zu-reaktion-auf-hersh-bericht-vasallen-wehren-sich-nicht\/","title":{"rendered":"Oskar Lafontaine zu Reaktion auf Hersh-Bericht: &quot;Vasallen wehren sich nicht&quot;"},"content":{"rendered":"<p><img decoding=\"async\" src=\"http:\/\/just-now.news\/de\/wp-content\/uploads\/sites\/3\/2023\/02\/63e638f248fbef58576dac85.jpg\" \/><\/p>\n<div class=\"Text-root Text-type_1 \">\n                In einem Facebook-Posting verurteilt der Politiker Oskar Lafontaine das Schweigen zu Seymour Hershs Enth\u00fcllungen. Hersh weist nach, dass die USA den Anschlag auf Nord Stream geplant und durchgef\u00fchrt haben. Das Ausbleiben einer deutlichen Reaktion darauf deute auf Selbstverachtung.\n            <\/div>\n<p><\/p>\n<div class=\"Text-root Text-type_5 ArticleView-text ViewText-root \">\n<p>In einer <a rel=\"nofollow noopener\" target=\"_blank\" href=\"https:\/\/www.facebook.com\/oskarlafontaine\/\">Wortmeldung<\/a> auf seiner Facebook-Seite nimmt der Politiker und Gr\u00fcnder der Partei Die Linke, Oskar Lafontaine, die Reaktion von Politik und Medien zur Enth\u00fcllung Seymour Hershs f\u00fcr eine generelle Abrechnung mit Deutschland zum Anlass.<\/p>\n<p>Hersh ver\u00f6ffentlichte einen investigativen Bericht, in dem er enth\u00fcllt, dass die USA gemeinsam mit Norwegen f\u00fcr die Sabotage der Pipeline Nord Stream verantwortlich sind. Von der Enth\u00fcllung selbst f\u00fchlt sich Lafontaine best\u00e4tigt.<\/p>\n<blockquote>\n<p><em>Der Bericht &#8220;ist f\u00fcr alle, die bis drei z\u00e4hlen k\u00f6nnen, keine \u00dcberraschung&#8221;.<\/em><\/p>\n<\/blockquote>\n<p>J\u00e4mmerlich sei die Reaktion der deutschen \u00d6ffentlichkeit auf die Enth\u00fcllung, schreibt Lafontaine. Er kritisiert das Messen mit zweierlei Ma\u00df. Die Zerst\u00f6rung der Infrastruktur in der Ukraine durch die russische Armee sei ein Kriegsverbrechen, das geahndet werden m\u00fcsse. Allerdings habe Deutschland in Jugoslawien genau das Gleiche gemacht \u2013 ohne dass die Verursacher vor ein Gericht gestellt worden sind. Die Forderung nach Bestrafung blieb damals aus. Dieses Messen mit zweierlei Ma\u00df sieht Lafontaine auch im Umgang mit Hershs Ver\u00f6ffentlichung am Werk.\u00a0<\/p>\n<blockquote>\n<p><em>&#8220;Unser wichtigster Verb\u00fcndeter hat einen Terroranschlag auf unsere Infrastruktur ver\u00fcbt. Aber: Die Feiglinge in Politik und Medien ducken sich weg und schweigen.&#8221;<\/em><\/p>\n<\/blockquote>\n<p>F\u00fcr den Gr\u00fcnder der Partei Die Linke wird in diesem Verhalten deutlich, dass Deutschland ein Vasall des US-Hegemons sei, dem es unm\u00f6glich ist, die eigenen Interessen souver\u00e4n zu vertreten.\u00a0<\/p>\n<blockquote>\n<p><em>&#8220;Wir sind eine Vasallen-Republik, deren f\u00fchrende Vertreter unf\u00e4hig und zu \u00e4ngstlich sind, die Interessen der eigenen Bev\u00f6lkerung zu vertreten.&#8221;<\/em><\/p>\n<\/blockquote>\n<p>Besondere Besorgnis l\u00f6st dieses Verh\u00e4ltnis zu den USA bei Lafontaine angesichts der immer weitergehenden Eskalation in der Ukraine aus.\u00a0<\/p>\n<blockquote>\n<p><em>&#8220;Der deutsche Vasall gehorcht und schweigt und l\u00e4sst sich immer tiefer in den Krieg der USA mit Russland hineinziehen.&#8221;<\/em><\/p>\n<\/blockquote>\n<p>Es sind die Panzerlieferungen durch Deutschland, die Lafontaine angesichts der deutschen Geschichte kritisiert. Das deutsche politische Establishment handele unethisch und geschichtsvergessen, ist sein Vorwurf.\u00a0<\/p>\n<blockquote>\n<p><em>&#8220;Und die so genannten Eliten in Politik und Medien haben keine Moral: Deutschland d\u00fcrfte niemals Waffen liefern, mit denen Menschen in L\u00e4ndern get\u00f6tet werden, in denen durch Hitlers Vernichtungskrieg bereits Millionen umgebracht wurden.&#8221;<\/em><\/p>\n<\/blockquote>\n<p>Dass Deutschland auf die brisante Enth\u00fcllung Hershs nicht reagiert, ist f\u00fcr Lafontaine ein Zeichen f\u00fcr Selbstverachtung. Im Ergebnis habe das die Verachtung Deutschlands zur Folge.\u00a0<\/p>\n<blockquote>\n<p><em>&#8220;Wer sich selbst nicht achtet, wer die Selbstachtung verliert, wird verachtet.&#8221;<\/em><\/p>\n<\/blockquote>\n<p><strong>Mehr zum Thema\u00a0\u2013 <\/strong><a rel=\"nofollow noopener\" target=\"_blank\" href=\"https:\/\/fromrussiawithlove.rtde.live\/meinung\/149624-von-krieg-und-frieden-oskar-lafontaine\/\">Von Krieg und Frieden \u2013 Oskar Lafontaine beim Pleisweiler Gespr\u00e4ch<\/a><\/p>\n<\/p>\n<\/div>\n<p><br \/>\n<br \/><a href=\"https:\/\/de.rt.com\/inland\/162547-oskar-lafontaine-zu-hersh-bericht\/\">Source link <\/a><\/p>\n","protected":false},"excerpt":{"rendered":"<p>In einem Facebook-Posting verurteilt der Politiker Oskar Lafontaine das Schweigen zu Seymour Hershs Enth\u00fcllungen. Hersh weist nach, dass die USA den Anschlag auf Nord Stream geplant und durchgef\u00fchrt haben. Das Ausbleiben einer deutlichen Reaktion darauf deute auf Selbstverachtung. In einer Wortmeldung auf seiner Facebook-Seite nimmt der Politiker und Gr\u00fcnder der Partei Die Linke, Oskar Lafontaine, [&hellip;]<\/p>\n","protected":false},"author":3,"featured_media":30057,"comment_status":"open","ping_status":"open","sticky":false,"template":"","format":"standard","meta":{"_yoast_indexnow_last_ping":["1676033231"],"wp_automatic_camp":["217"],"e20dc5fffe42f1bbc956227b8e770a74":["Oskar Lafontaine zu Reaktion auf Hersh-Bericht: &quot;Vasallen wehren sich nicht&quot;"],"original_link":["https:\/\/de.rt.com\/inland\/162547-oskar-lafontaine-zu-hersh-bericht\/"],"_thumbnail_id":["30057"],"_wptgpro_p2tg_sent2tg":["a:1:{i:23737;s:19:\"2023-02-10 14:48:19\";}"],"jnews_social_counter_last_update":["1777187948"]},"categories":[19,23],"tags":[133,40566,16010,19434,3830,40567,158,434,23146],"yoast_head":"<!-- This site is optimized with the Yoast SEO Premium plugin v22.7 (Yoast SEO v22.7) - https:\/\/yoast.com\/wordpress\/plugins\/seo\/ -->\n<title>Oskar Lafontaine zu Reaktion auf Hersh-Bericht: &quot;Vasallen wehren sich nicht&quot; - just-now.NEWS Deutschland<\/title>\n<meta name=\"robots\" content=\"index, follow, max-snippet:-1, max-image-preview:large, max-video-preview:-1\" \/>\n<link rel=\"canonical\" href=\"https:\/\/now-news.de\/de\/deutschland\/oskar-lafontaine-zu-reaktion-auf-hersh-bericht-vasallen-wehren-sich-nicht\/\" \/>\n<meta property=\"og:locale\" content=\"de_DE\" \/>\n<meta property=\"og:type\" content=\"article\" \/>\n<meta property=\"og:title\" content=\"Oskar Lafontaine zu Reaktion auf Hersh-Bericht: &quot;Vasallen wehren sich nicht&quot;\" \/>\n<meta property=\"og:description\" content=\"In einem Facebook-Posting verurteilt der Politiker Oskar Lafontaine das Schweigen zu Seymour Hershs Enth\u00fcllungen. Hersh weist nach, dass die USA den Anschlag auf Nord Stream geplant und durchgef\u00fchrt haben. Das Ausbleiben einer deutlichen Reaktion darauf deute auf Selbstverachtung. In einer Wortmeldung auf seiner Facebook-Seite nimmt der Politiker und Gr\u00fcnder der Partei Die Linke, Oskar Lafontaine, [&hellip;]\" \/>\n<meta property=\"og:url\" content=\"https:\/\/now-news.de\/de\/deutschland\/oskar-lafontaine-zu-reaktion-auf-hersh-bericht-vasallen-wehren-sich-nicht\/\" \/>\n<meta property=\"og:site_name\" content=\"just-now.NEWS Deutschland\" \/>\n<meta property=\"article:publisher\" content=\"https:\/\/www.facebook.com\/wirmachenauf\" \/>\n<meta property=\"article:published_time\" content=\"2023-02-10T12:31:21+00:00\" \/>\n<meta property=\"og:image\" content=\"https:\/\/now-news.de\/de\/wp-content\/uploads\/sites\/3\/2023\/02\/Oskar-Lafontaine-zu-Reaktion-auf-Hersh-Bericht-quotVasallen-wehren-sich-nichtquot.jpg\" \/>\n\t<meta property=\"og:image:width\" content=\"460\" \/>\n\t<meta property=\"og:image:height\" content=\"259\" \/>\n\t<meta property=\"og:image:type\" content=\"image\/jpeg\" \/>\n<meta name=\"author\" content=\"rtnews\" \/>\n<meta name=\"twitter:card\" content=\"summary_large_image\" \/>\n<meta name=\"twitter:creator\" content=\"@WirMachenAuf_de\" \/>\n<meta name=\"twitter:site\" content=\"@WirMachenAuf_de\" \/>\n<meta name=\"twitter:label1\" content=\"Verfasst von\" \/>\n\t<meta name=\"twitter:data1\" content=\"rtnews\" \/>\n\t<meta name=\"twitter:label2\" content=\"Gesch\u00e4tzte Lesezeit\" \/>\n\t<meta name=\"twitter:data2\" content=\"2\u00a0Minuten\" \/>\n<script type=\"application\/ld+json\" class=\"yoast-schema-graph\">{\"@context\":\"https:\/\/schema.org\",\"@graph\":[{\"@type\":\"Article\",\"@id\":\"https:\/\/now-news.de\/de\/deutschland\/oskar-lafontaine-zu-reaktion-auf-hersh-bericht-vasallen-wehren-sich-nicht\/#article\",\"isPartOf\":{\"@id\":\"https:\/\/now-news.de\/de\/deutschland\/oskar-lafontaine-zu-reaktion-auf-hersh-bericht-vasallen-wehren-sich-nicht\/\"},\"author\":{\"name\":\"rtnews\",\"@id\":\"https:\/\/now-news.de\/de\/#\/schema\/person\/fb534a4e865501d8b3285208df34a9b5\"},\"headline\":\"Oskar Lafontaine zu Reaktion auf Hersh-Bericht: &quot;Vasallen wehren sich nicht&quot;\",\"datePublished\":\"2023-02-10T12:31:21+00:00\",\"dateModified\":\"2023-02-10T12:31:21+00:00\",\"mainEntityOfPage\":{\"@id\":\"https:\/\/now-news.de\/de\/deutschland\/oskar-lafontaine-zu-reaktion-auf-hersh-bericht-vasallen-wehren-sich-nicht\/\"},\"wordCount\":461,\"commentCount\":0,\"publisher\":{\"@id\":\"https:\/\/now-news.de\/de\/#organization\"},\"image\":{\"@id\":\"https:\/\/now-news.de\/de\/deutschland\/oskar-lafontaine-zu-reaktion-auf-hersh-bericht-vasallen-wehren-sich-nicht\/#primaryimage\"},\"thumbnailUrl\":\"https:\/\/now-news.de\/de\/wp-content\/uploads\/sites\/3\/2023\/02\/Oskar-Lafontaine-zu-Reaktion-auf-Hersh-Bericht-quotVasallen-wehren-sich-nichtquot.jpg\",\"keywords\":[\"AUF\",\"HershBericht\",\"Lafontaine\",\"nichtquot\",\"Oskar\",\"quotVasallen\",\"reaktion\",\"sich\",\"wehren\"],\"articleSection\":[\"Deutschland\",\"Russland\"],\"inLanguage\":\"de\",\"potentialAction\":[{\"@type\":\"CommentAction\",\"name\":\"Comment\",\"target\":[\"https:\/\/now-news.de\/de\/deutschland\/oskar-lafontaine-zu-reaktion-auf-hersh-bericht-vasallen-wehren-sich-nicht\/#respond\"]}]},{\"@type\":\"WebPage\",\"@id\":\"https:\/\/now-news.de\/de\/deutschland\/oskar-lafontaine-zu-reaktion-auf-hersh-bericht-vasallen-wehren-sich-nicht\/\",\"url\":\"https:\/\/now-news.de\/de\/deutschland\/oskar-lafontaine-zu-reaktion-auf-hersh-bericht-vasallen-wehren-sich-nicht\/\",\"name\":\"Oskar Lafontaine zu Reaktion auf Hersh-Bericht: &quot;Vasallen wehren sich nicht&quot; - just-now.NEWS Deutschland\",\"isPartOf\":{\"@id\":\"https:\/\/now-news.de\/de\/#website\"},\"primaryImageOfPage\":{\"@id\":\"https:\/\/now-news.de\/de\/deutschland\/oskar-lafontaine-zu-reaktion-auf-hersh-bericht-vasallen-wehren-sich-nicht\/#primaryimage\"},\"image\":{\"@id\":\"https:\/\/now-news.de\/de\/deutschland\/oskar-lafontaine-zu-reaktion-auf-hersh-bericht-vasallen-wehren-sich-nicht\/#primaryimage\"},\"thumbnailUrl\":\"https:\/\/now-news.de\/de\/wp-content\/uploads\/sites\/3\/2023\/02\/Oskar-Lafontaine-zu-Reaktion-auf-Hersh-Bericht-quotVasallen-wehren-sich-nichtquot.jpg\",\"datePublished\":\"2023-02-10T12:31:21+00:00\",\"dateModified\":\"2023-02-10T12:31:21+00:00\",\"breadcrumb\":{\"@id\":\"https:\/\/now-news.de\/de\/deutschland\/oskar-lafontaine-zu-reaktion-auf-hersh-bericht-vasallen-wehren-sich-nicht\/#breadcrumb\"},\"inLanguage\":\"de\",\"potentialAction\":[{\"@type\":\"ReadAction\",\"target\":[\"https:\/\/now-news.de\/de\/deutschland\/oskar-lafontaine-zu-reaktion-auf-hersh-bericht-vasallen-wehren-sich-nicht\/\"]}]},{\"@type\":\"ImageObject\",\"inLanguage\":\"de\",\"@id\":\"https:\/\/now-news.de\/de\/deutschland\/oskar-lafontaine-zu-reaktion-auf-hersh-bericht-vasallen-wehren-sich-nicht\/#primaryimage\",\"url\":\"https:\/\/now-news.de\/de\/wp-content\/uploads\/sites\/3\/2023\/02\/Oskar-Lafontaine-zu-Reaktion-auf-Hersh-Bericht-quotVasallen-wehren-sich-nichtquot.jpg\",\"contentUrl\":\"https:\/\/now-news.de\/de\/wp-content\/uploads\/sites\/3\/2023\/02\/Oskar-Lafontaine-zu-Reaktion-auf-Hersh-Bericht-quotVasallen-wehren-sich-nichtquot.jpg\",\"width\":460,\"height\":259,\"caption\":\"Oskar Lafontaine zu Reaktion auf Hersh-Bericht: &quot;Vasallen wehren sich nicht&quot;\"},{\"@type\":\"BreadcrumbList\",\"@id\":\"https:\/\/now-news.de\/de\/deutschland\/oskar-lafontaine-zu-reaktion-auf-hersh-bericht-vasallen-wehren-sich-nicht\/#breadcrumb\",\"itemListElement\":[{\"@type\":\"ListItem\",\"position\":1,\"name\":\"Home\",\"item\":\"https:\/\/now-news.de\/de\/\"},{\"@type\":\"ListItem\",\"position\":2,\"name\":\"Oskar Lafontaine zu Reaktion auf Hersh-Bericht: &quot;Vasallen wehren sich nicht&quot;\"}]},{\"@type\":\"WebSite\",\"@id\":\"https:\/\/now-news.de\/de\/#website\",\"url\":\"https:\/\/now-news.de\/de\/\",\"name\":\"just-now.NEWS Deutschland\",\"description\":\"Das Portal f\u00fcr unzensierte Nachrichten aus der Welt\",\"publisher\":{\"@id\":\"https:\/\/now-news.de\/de\/#organization\"},\"potentialAction\":[{\"@type\":\"SearchAction\",\"target\":{\"@type\":\"EntryPoint\",\"urlTemplate\":\"https:\/\/now-news.de\/de\/?s={search_term_string}\"},\"query-input\":\"required name=search_term_string\"}],\"inLanguage\":\"de\"},{\"@type\":\"Organization\",\"@id\":\"https:\/\/now-news.de\/de\/#organization\",\"name\":\"Just Now News\",\"url\":\"https:\/\/now-news.de\/de\/\",\"logo\":{\"@type\":\"ImageObject\",\"inLanguage\":\"de\",\"@id\":\"https:\/\/now-news.de\/de\/#\/schema\/logo\/image\/\",\"url\":\"http:\/\/just-now.news\/de\/wp-content\/uploads\/sites\/3\/2022\/04\/logo500x500.jpg\",\"contentUrl\":\"http:\/\/just-now.news\/de\/wp-content\/uploads\/sites\/3\/2022\/04\/logo500x500.jpg\",\"width\":500,\"height\":500,\"caption\":\"Just Now News\"},\"image\":{\"@id\":\"https:\/\/now-news.de\/de\/#\/schema\/logo\/image\/\"},\"sameAs\":[\"https:\/\/www.facebook.com\/wirmachenauf\",\"https:\/\/x.com\/WirMachenAuf_de\"]},{\"@type\":\"Person\",\"@id\":\"https:\/\/now-news.de\/de\/#\/schema\/person\/fb534a4e865501d8b3285208df34a9b5\",\"name\":\"rtnews\",\"image\":{\"@type\":\"ImageObject\",\"inLanguage\":\"de\",\"@id\":\"https:\/\/now-news.de\/de\/#\/schema\/person\/image\/\",\"url\":\"https:\/\/secure.gravatar.com\/avatar\/82aafea7d8127119dd649515f56e2117?s=96&d=mm&r=g\",\"contentUrl\":\"https:\/\/secure.gravatar.com\/avatar\/82aafea7d8127119dd649515f56e2117?s=96&d=mm&r=g\",\"caption\":\"rtnews\"},\"url\":\"https:\/\/now-news.de\/de\/author\/rnews\/\"}]}<\/script>\n<!-- \/ Yoast SEO Premium plugin. -->","yoast_head_json":{"title":"Oskar Lafontaine zu Reaktion auf Hersh-Bericht: &quot;Vasallen wehren sich nicht&quot; - just-now.NEWS Deutschland","robots":{"index":"index","follow":"follow","max-snippet":"max-snippet:-1","max-image-preview":"max-image-preview:large","max-video-preview":"max-video-preview:-1"},"canonical":"https:\/\/now-news.de\/de\/deutschland\/oskar-lafontaine-zu-reaktion-auf-hersh-bericht-vasallen-wehren-sich-nicht\/","og_locale":"de_DE","og_type":"article","og_title":"Oskar Lafontaine zu Reaktion auf Hersh-Bericht: &quot;Vasallen wehren sich nicht&quot;","og_description":"In einem Facebook-Posting verurteilt der Politiker Oskar Lafontaine das Schweigen zu Seymour Hershs Enth\u00fcllungen. Hersh weist nach, dass die USA den Anschlag auf Nord Stream geplant und durchgef\u00fchrt haben. Das Ausbleiben einer deutlichen Reaktion darauf deute auf Selbstverachtung. In einer Wortmeldung auf seiner Facebook-Seite nimmt der Politiker und Gr\u00fcnder der Partei Die Linke, Oskar Lafontaine, [&hellip;]","og_url":"https:\/\/now-news.de\/de\/deutschland\/oskar-lafontaine-zu-reaktion-auf-hersh-bericht-vasallen-wehren-sich-nicht\/","og_site_name":"just-now.NEWS Deutschland","article_publisher":"https:\/\/www.facebook.com\/wirmachenauf","article_published_time":"2023-02-10T12:31:21+00:00","og_image":[{"width":460,"height":259,"url":"https:\/\/now-news.de\/de\/wp-content\/uploads\/sites\/3\/2023\/02\/Oskar-Lafontaine-zu-Reaktion-auf-Hersh-Bericht-quotVasallen-wehren-sich-nichtquot.jpg","type":"image\/jpeg"}],"author":"rtnews","twitter_card":"summary_large_image","twitter_creator":"@WirMachenAuf_de","twitter_site":"@WirMachenAuf_de","twitter_misc":{"Verfasst von":"rtnews","Gesch\u00e4tzte Lesezeit":"2\u00a0Minuten"},"schema":{"@context":"https:\/\/schema.org","@graph":[{"@type":"Article","@id":"https:\/\/now-news.de\/de\/deutschland\/oskar-lafontaine-zu-reaktion-auf-hersh-bericht-vasallen-wehren-sich-nicht\/#article","isPartOf":{"@id":"https:\/\/now-news.de\/de\/deutschland\/oskar-lafontaine-zu-reaktion-auf-hersh-bericht-vasallen-wehren-sich-nicht\/"},"author":{"name":"rtnews","@id":"https:\/\/now-news.de\/de\/#\/schema\/person\/fb534a4e865501d8b3285208df34a9b5"},"headline":"Oskar Lafontaine zu Reaktion auf Hersh-Bericht: &quot;Vasallen wehren sich nicht&quot;","datePublished":"2023-02-10T12:31:21+00:00","dateModified":"2023-02-10T12:31:21+00:00","mainEntityOfPage":{"@id":"https:\/\/now-news.de\/de\/deutschland\/oskar-lafontaine-zu-reaktion-auf-hersh-bericht-vasallen-wehren-sich-nicht\/"},"wordCount":461,"commentCount":0,"publisher":{"@id":"https:\/\/now-news.de\/de\/#organization"},"image":{"@id":"https:\/\/now-news.de\/de\/deutschland\/oskar-lafontaine-zu-reaktion-auf-hersh-bericht-vasallen-wehren-sich-nicht\/#primaryimage"},"thumbnailUrl":"https:\/\/now-news.de\/de\/wp-content\/uploads\/sites\/3\/2023\/02\/Oskar-Lafontaine-zu-Reaktion-auf-Hersh-Bericht-quotVasallen-wehren-sich-nichtquot.jpg","keywords":["AUF","HershBericht","Lafontaine","nichtquot","Oskar","quotVasallen","reaktion","sich","wehren"],"articleSection":["Deutschland","Russland"],"inLanguage":"de","potentialAction":[{"@type":"CommentAction","name":"Comment","target":["https:\/\/now-news.de\/de\/deutschland\/oskar-lafontaine-zu-reaktion-auf-hersh-bericht-vasallen-wehren-sich-nicht\/#respond"]}]},{"@type":"WebPage","@id":"https:\/\/now-news.de\/de\/deutschland\/oskar-lafontaine-zu-reaktion-auf-hersh-bericht-vasallen-wehren-sich-nicht\/","url":"https:\/\/now-news.de\/de\/deutschland\/oskar-lafontaine-zu-reaktion-auf-hersh-bericht-vasallen-wehren-sich-nicht\/","name":"Oskar Lafontaine zu Reaktion auf Hersh-Bericht: &quot;Vasallen wehren sich nicht&quot; - just-now.NEWS Deutschland","isPartOf":{"@id":"https:\/\/now-news.de\/de\/#website"},"primaryImageOfPage":{"@id":"https:\/\/now-news.de\/de\/deutschland\/oskar-lafontaine-zu-reaktion-auf-hersh-bericht-vasallen-wehren-sich-nicht\/#primaryimage"},"image":{"@id":"https:\/\/now-news.de\/de\/deutschland\/oskar-lafontaine-zu-reaktion-auf-hersh-bericht-vasallen-wehren-sich-nicht\/#primaryimage"},"thumbnailUrl":"https:\/\/now-news.de\/de\/wp-content\/uploads\/sites\/3\/2023\/02\/Oskar-Lafontaine-zu-Reaktion-auf-Hersh-Bericht-quotVasallen-wehren-sich-nichtquot.jpg","datePublished":"2023-02-10T12:31:21+00:00","dateModified":"2023-02-10T12:31:21+00:00","breadcrumb":{"@id":"https:\/\/now-news.de\/de\/deutschland\/oskar-lafontaine-zu-reaktion-auf-hersh-bericht-vasallen-wehren-sich-nicht\/#breadcrumb"},"inLanguage":"de","potentialAction":[{"@type":"ReadAction","target":["https:\/\/now-news.de\/de\/deutschland\/oskar-lafontaine-zu-reaktion-auf-hersh-bericht-vasallen-wehren-sich-nicht\/"]}]},{"@type":"ImageObject","inLanguage":"de","@id":"https:\/\/now-news.de\/de\/deutschland\/oskar-lafontaine-zu-reaktion-auf-hersh-bericht-vasallen-wehren-sich-nicht\/#primaryimage","url":"https:\/\/now-news.de\/de\/wp-content\/uploads\/sites\/3\/2023\/02\/Oskar-Lafontaine-zu-Reaktion-auf-Hersh-Bericht-quotVasallen-wehren-sich-nichtquot.jpg","contentUrl":"https:\/\/now-news.de\/de\/wp-content\/uploads\/sites\/3\/2023\/02\/Oskar-Lafontaine-zu-Reaktion-auf-Hersh-Bericht-quotVasallen-wehren-sich-nichtquot.jpg","width":460,"height":259,"caption":"Oskar Lafontaine zu Reaktion auf Hersh-Bericht: &quot;Vasallen wehren sich nicht&quot;"},{"@type":"BreadcrumbList","@id":"https:\/\/now-news.de\/de\/deutschland\/oskar-lafontaine-zu-reaktion-auf-hersh-bericht-vasallen-wehren-sich-nicht\/#breadcrumb","itemListElement":[{"@type":"ListItem","position":1,"name":"Home","item":"https:\/\/now-news.de\/de\/"},{"@type":"ListItem","position":2,"name":"Oskar Lafontaine zu Reaktion auf Hersh-Bericht: &quot;Vasallen wehren sich nicht&quot;"}]},{"@type":"WebSite","@id":"https:\/\/now-news.de\/de\/#website","url":"https:\/\/now-news.de\/de\/","name":"just-now.NEWS Deutschland","description":"Das Portal f\u00fcr unzensierte Nachrichten aus der Welt","publisher":{"@id":"https:\/\/now-news.de\/de\/#organization"},"potentialAction":[{"@type":"SearchAction","target":{"@type":"EntryPoint","urlTemplate":"https:\/\/now-news.de\/de\/?s={search_term_string}"},"query-input":"required name=search_term_string"}],"inLanguage":"de"},{"@type":"Organization","@id":"https:\/\/now-news.de\/de\/#organization","name":"Just Now News","url":"https:\/\/now-news.de\/de\/","logo":{"@type":"ImageObject","inLanguage":"de","@id":"https:\/\/now-news.de\/de\/#\/schema\/logo\/image\/","url":"http:\/\/just-now.news\/de\/wp-content\/uploads\/sites\/3\/2022\/04\/logo500x500.jpg","contentUrl":"http:\/\/just-now.news\/de\/wp-content\/uploads\/sites\/3\/2022\/04\/logo500x500.jpg","width":500,"height":500,"caption":"Just Now News"},"image":{"@id":"https:\/\/now-news.de\/de\/#\/schema\/logo\/image\/"},"sameAs":["https:\/\/www.facebook.com\/wirmachenauf","https:\/\/x.com\/WirMachenAuf_de"]},{"@type":"Person","@id":"https:\/\/now-news.de\/de\/#\/schema\/person\/fb534a4e865501d8b3285208df34a9b5","name":"rtnews","image":{"@type":"ImageObject","inLanguage":"de","@id":"https:\/\/now-news.de\/de\/#\/schema\/person\/image\/","url":"https:\/\/secure.gravatar.com\/avatar\/82aafea7d8127119dd649515f56e2117?s=96&d=mm&r=g","contentUrl":"https:\/\/secure.gravatar.com\/avatar\/82aafea7d8127119dd649515f56e2117?s=96&d=mm&r=g","caption":"rtnews"},"url":"https:\/\/now-news.de\/de\/author\/rnews\/"}]}},"_links":{"self":[{"href":"https:\/\/now-news.de\/de\/wp-json\/wp\/v2\/posts\/30056"}],"collection":[{"href":"https:\/\/now-news.de\/de\/wp-json\/wp\/v2\/posts"}],"about":[{"href":"https:\/\/now-news.de\/de\/wp-json\/wp\/v2\/types\/post"}],"author":[{"embeddable":true,"href":"https:\/\/now-news.de\/de\/wp-json\/wp\/v2\/users\/3"}],"replies":[{"embeddable":true,"href":"https:\/\/now-news.de\/de\/wp-json\/wp\/v2\/comments?post=30056"}],"version-history":[{"count":0,"href":"https:\/\/now-news.de\/de\/wp-json\/wp\/v2\/posts\/30056\/revisions"}],"wp:featuredmedia":[{"embeddable":true,"href":"https:\/\/now-news.de\/de\/wp-json\/wp\/v2\/media\/30057"}],"wp:attachment":[{"href":"https:\/\/now-news.de\/de\/wp-json\/wp\/v2\/media?parent=30056"}],"wp:term":[{"taxonomy":"category","embeddable":true,"href":"https:\/\/now-news.de\/de\/wp-json\/wp\/v2\/categories?post=30056"},{"taxonomy":"post_tag","embeddable":true,"href":"https:\/\/now-news.de\/de\/wp-json\/wp\/v2\/tags?post=30056"}],"curies":[{"name":"wp","href":"https:\/\/api.w.org\/{rel}","templated":true}]}}