{"id":30025,"date":"2023-02-10T08:21:16","date_gmt":"2023-02-10T06:21:16","guid":{"rendered":"https:\/\/just-now.news\/de\/deutschland\/selenskij-im-spiegel-interview-scholz-musste-gezwungen-werden-zu-waffenlieferungen-an-ukraine\/"},"modified":"2023-02-10T08:21:16","modified_gmt":"2023-02-10T06:21:16","slug":"selenskij-im-spiegel-interview-scholz-musste-gezwungen-werden-zu-waffenlieferungen-an-ukraine","status":"publish","type":"post","link":"https:\/\/now-news.de\/de\/deutschland\/selenskij-im-spiegel-interview-scholz-musste-gezwungen-werden-zu-waffenlieferungen-an-ukraine\/","title":{"rendered":"Selenskij im Spiegel-Interview: Scholz musste gezwungen werden zu Waffenlieferungen an Ukraine"},"content":{"rendered":"<p><img decoding=\"async\" src=\"http:\/\/just-now.news\/de\/wp-content\/uploads\/sites\/3\/2023\/02\/63e5506cb480cc057e0a93f9.jpg\" \/><\/p>\n<div class=\"Text-root Text-type_1 \">\n                Der ukrainische Pr\u00e4sident Wladimir Selenskij hat sich im Interview mit dem Spiegel zu Waffenlieferungen und dem Verh\u00e4ltnis zu Deutschland ge\u00e4u\u00dfert. Mit Blick auf die j\u00fcngste Kampfpanzerdebatte sagte er, dass er Druck machen musste, &#8220;um der Ukraine zu helfen&#8221;.\n            <\/div>\n<p><\/p>\n<div class=\"Text-root Text-type_5 ArticleView-text ViewText-root \">\n<p>Im Interview mit dem <em>Spiegel <\/em>und <em>Le Figaro<\/em> \u00e4u\u00dferte sich der ukrainische Pr\u00e4sident Wladimir Selenskij unter anderem zu deutschen Waffenlieferungen und\u00a0seinem Verh\u00e4ltnis zur Bundesrepublik. Selenskij bezeichnete das Verh\u00e4ltnis zu Deutschland als &#8220;wellenf\u00f6rmig&#8221;, es sei ein &#8220;Auf und Ab&#8221;. Mittlerweile h\u00e4tten sich &#8220;unsere Beziehungen und unser Verst\u00e4ndnis&#8221; jedoch ver\u00e4ndert. So habe man T-Flugabwehrsysteme bekommen, &#8220;wof\u00fcr man Deutschland sehr dankbar sei&#8221;, da diese &#8220;eine Menge Leben gerettet&#8221; h\u00e4tten. In der Debatte um Kampfpanzer sei die Lage jedoch komplexer und das Verh\u00e4ltnis &#8220;in einer schwierigen Phase&#8221;. Mit Blick auf Bundeskanzler Olaf Scholz (SPD) sagte Selenskij:<\/p>\n<blockquote>\n<p><em>&#8220;Ich muss Druck machen, der Ukraine zu helfen und ihn st\u00e4ndig \u00fcberzeugen, dass diese Hilfe nicht f\u00fcr uns ist, sondern f\u00fcr die Europ\u00e4er.&#8221;<\/em><\/p>\n<\/blockquote>\n<p>In einer ersten Fassung hatte der <em>Spiegel <\/em>den Satz jedoch noch anders \u00fcbersetzt. Dort hie\u00df es:<\/p>\n<blockquote>\n<p><em>&#8220;Ich muss ihn zwingen, der Ukraine zu helfen und ihn st\u00e4ndig \u00fcberzeugen, dass diese Hilfe nicht f\u00fcr uns ist, sondern f\u00fcr die Europ\u00e4er.&#8221;<\/em><\/p>\n<\/blockquote>\n<p>In einer Anmerkung der <em>Spiegel<\/em>-Redaktion hei\u00dft es diesbez\u00fcglich: &#8220;Im ukrainischen Original fehlte im ersten Teil des Satzes allerdings das Personalpronomen &#8216;ihn&#8217; vor dem Verb &#8216;zwingen&#8217;, deshalb haben wir diesen Satz im Sinne einer genaueren \u00dcbersetzung nachtr\u00e4glich ge\u00e4ndert.&#8221; Mit Blick auf fr\u00fchere Waffenlieferung schilderte Selenskij:<em><\/em><\/p>\n<blockquote>\n<p><em>&#8220;Ich habe dem Kanzler gesagt: Olaf, h\u00f6r zu, uns fehlen Raketen. Ich wei\u00df, dass du selbst keine mehr hast, wir haben ja auch einen Nachrichtendienst.&#8221;<\/em><\/p>\n<\/blockquote>\n<p>Weiter sagte er:<\/p>\n<blockquote>\n<p><em>&#8220;Ich wei\u00df nicht, wie, aber er hat es tats\u00e4chlich geschafft, dass sie schneller produziert werden. Das war positiv.&#8221;<\/em><\/p>\n<\/blockquote>\n<p>Das Interview mit dem <em>Spiegel<\/em> l\u00e4sst zudem R\u00fcckschl\u00fcsse darauf zu, dass sich die Ukraine &#8220;<a rel=\"nofollow noopener\" target=\"_blank\" href=\"https:\/\/de.rt.com\/kurzclips\/video\/162138-ukrainischer-verteidigungsminister-wir-sind-de\/\">de facto<\/a>&#8221; schon in der NATO sieht: Konkret geht es um die j\u00fcngsten Korruptionsskandale im ukrainischen Verteidigungsministerium: Kirill Budanow, der Leiter des Milit\u00e4rgeheimdienstes, soll neuer Verteidigungsminister werden. Der noch amtierende Chef der Beh\u00f6rde, Alexei Resnikow, soll die Verantwortung f\u00fcr eine Reihe von Vorf\u00e4llen um \u00fcberteuerte Essensk\u00e4ufe f\u00fcr die Armee \u00fcbernehmen, wenngleich er nicht direkt in diese involviert ist. In dem Artikel hei\u00dft es<em>:\u00a0<\/em><\/p>\n<blockquote>\n<p><em>&#8220;Vor einem eventuellen Personalwechsel gibt es allerdings noch ein Problem: Generalmajor Budanow ist, anders als Resnikow, Mitglied der Streitkr\u00e4fte. Das Verteidigungsministerium sollte von einem Zivilisten geleitet werden, so jedenfalls ist es in NATO-L\u00e4ndern geregelt. Selenskij hat noch nicht entschieden, ob er sich \u00fcber diese Regel hinwegsetzt.&#8221;<\/em><\/p>\n<\/blockquote>\n<p>Zuletzt hatte Selenskij auch erkl\u00e4rt, dass mehrere L\u00e4nder bereit seien, der Ukraine Kampfjets zu liefern. Scholz warnte hingegen vor einem &#8220;<a rel=\"nofollow noopener\" target=\"_blank\" href=\"https:\/\/pressefreiheit.rtde.live\/international\/162337-waffenlieferungen-bundeskanzler-scholz-warnt\/\">\u00dcberbietungswettbewerb<\/a>&#8221; und mahnte:<\/p>\n<blockquote>\n<p><em>&#8220;Was unserer Geschlossenheit hingegen schadet, ist ein \u00f6ffentlicher \u00dcberbietungswettbewerb nach dem Motto: Kampfpanzer, U-Boote, Flugzeuge \u2013 wer fordert noch mehr? Was schadet, sind markige innenpolitische Statements und Kritik an Partnern und Verb\u00fcndeten auf offener B\u00fchne.&#8221;<\/em><\/p>\n<\/blockquote>\n<p>M\u00f6glicherweise bereut Scholz seine Entscheidung auch, denn andere L\u00e4nder, die Deutschland zuvor zur Lieferung von Kampfpanzern dr\u00e4ngten, zeigen sich im Hinblick auf eigene Panzerlieferungen\u00a0auf einmal deutlich <a rel=\"nofollow noopener\" target=\"_blank\" href=\"https:\/\/de.rt.com\/inland\/162412-deutschland-ploetzlich-allein-europaeische-partner\/\">zur\u00fcckhaltender.<\/a><\/p>\n<p><strong>Mehr zum Thema &#8211; <\/strong><a rel=\"nofollow noopener\" target=\"_blank\" href=\"https:\/\/de.rt.com\/europa\/162166-medienbericht-ruestungslieferungen-an-ukraine-bedrohen-britische-verteidigunsgfaehigkeit\/\">Medienbericht: R\u00fcstungslieferungen an Ukraine bedrohen britische Verteidigungsf\u00e4higkeit<\/a><\/p>\n<\/p>\n<\/div>\n<p><br \/>\n<br \/><a href=\"https:\/\/de.rt.com\/international\/162505-selenskij-im-spiegel-interview-waffenlieferungen\/\">Source link <\/a><\/p>\n","protected":false},"excerpt":{"rendered":"<p>Der ukrainische Pr\u00e4sident Wladimir Selenskij hat sich im Interview mit dem Spiegel zu Waffenlieferungen und dem Verh\u00e4ltnis zu Deutschland ge\u00e4u\u00dfert. Mit Blick auf die j\u00fcngste Kampfpanzerdebatte sagte er, dass er Druck machen musste, &#8220;um der Ukraine zu helfen&#8221;. Im Interview mit dem Spiegel und Le Figaro \u00e4u\u00dferte sich der ukrainische Pr\u00e4sident Wladimir Selenskij unter anderem [&hellip;]<\/p>\n","protected":false},"author":3,"featured_media":30026,"comment_status":"open","ping_status":"open","sticky":false,"template":"","format":"standard","meta":{"_yoast_indexnow_last_ping":["1676010863"],"wp_automatic_camp":["217"],"38aba7692395d3ec85f2131c93991fc7":["Selenskij im Spiegel-Interview: Scholz musste gezwungen werden zu Waffenlieferungen an Ukraine"],"original_link":["https:\/\/de.rt.com\/international\/162505-selenskij-im-spiegel-interview-waffenlieferungen\/"],"_thumbnail_id":["30026"],"_wptgpro_p2tg_sent2tg":["a:1:{i:23737;s:19:\"2023-02-10 08:37:47\";}"],"jnews_social_counter_last_update":["1777601453"]},"categories":[19,23],"tags":[5141,23204,1001,6158,40553,127,370,1040],"yoast_head":"<!-- This site is optimized with the Yoast SEO Premium plugin v22.7 (Yoast SEO v22.7) - https:\/\/yoast.com\/wordpress\/plugins\/seo\/ -->\n<title>Selenskij im Spiegel-Interview: Scholz musste gezwungen werden zu Waffenlieferungen an Ukraine - just-now.NEWS Deutschland<\/title>\n<meta name=\"robots\" content=\"index, follow, max-snippet:-1, max-image-preview:large, max-video-preview:-1\" \/>\n<link rel=\"canonical\" href=\"https:\/\/now-news.de\/de\/deutschland\/selenskij-im-spiegel-interview-scholz-musste-gezwungen-werden-zu-waffenlieferungen-an-ukraine\/\" \/>\n<meta property=\"og:locale\" content=\"de_DE\" \/>\n<meta property=\"og:type\" content=\"article\" \/>\n<meta property=\"og:title\" content=\"Selenskij im Spiegel-Interview: Scholz musste gezwungen werden zu Waffenlieferungen an Ukraine\" \/>\n<meta property=\"og:description\" content=\"Der ukrainische Pr\u00e4sident Wladimir Selenskij hat sich im Interview mit dem Spiegel zu Waffenlieferungen und dem Verh\u00e4ltnis zu Deutschland ge\u00e4u\u00dfert. Mit Blick auf die j\u00fcngste Kampfpanzerdebatte sagte er, dass er Druck machen musste, &#8220;um der Ukraine zu helfen&#8221;. Im Interview mit dem Spiegel und Le Figaro \u00e4u\u00dferte sich der ukrainische Pr\u00e4sident Wladimir Selenskij unter anderem [&hellip;]\" \/>\n<meta property=\"og:url\" content=\"https:\/\/now-news.de\/de\/deutschland\/selenskij-im-spiegel-interview-scholz-musste-gezwungen-werden-zu-waffenlieferungen-an-ukraine\/\" \/>\n<meta property=\"og:site_name\" content=\"just-now.NEWS Deutschland\" \/>\n<meta property=\"article:publisher\" content=\"https:\/\/www.facebook.com\/wirmachenauf\" \/>\n<meta property=\"article:published_time\" content=\"2023-02-10T06:21:16+00:00\" \/>\n<meta property=\"og:image\" content=\"https:\/\/now-news.de\/de\/wp-content\/uploads\/sites\/3\/2023\/02\/Selenskij-im-Spiegel-Interview-Scholz-musste-gezwungen-werden-zu-Waffenlieferungen-an.jpg\" \/>\n\t<meta property=\"og:image:width\" content=\"460\" \/>\n\t<meta property=\"og:image:height\" content=\"259\" \/>\n\t<meta property=\"og:image:type\" content=\"image\/jpeg\" \/>\n<meta name=\"author\" content=\"rtnews\" \/>\n<meta name=\"twitter:card\" content=\"summary_large_image\" \/>\n<meta name=\"twitter:creator\" content=\"@WirMachenAuf_de\" \/>\n<meta name=\"twitter:site\" content=\"@WirMachenAuf_de\" \/>\n<meta name=\"twitter:label1\" content=\"Verfasst von\" \/>\n\t<meta name=\"twitter:data1\" content=\"rtnews\" \/>\n\t<meta name=\"twitter:label2\" content=\"Gesch\u00e4tzte Lesezeit\" \/>\n\t<meta name=\"twitter:data2\" content=\"3\u00a0Minuten\" \/>\n<script type=\"application\/ld+json\" class=\"yoast-schema-graph\">{\"@context\":\"https:\/\/schema.org\",\"@graph\":[{\"@type\":\"Article\",\"@id\":\"https:\/\/now-news.de\/de\/deutschland\/selenskij-im-spiegel-interview-scholz-musste-gezwungen-werden-zu-waffenlieferungen-an-ukraine\/#article\",\"isPartOf\":{\"@id\":\"https:\/\/now-news.de\/de\/deutschland\/selenskij-im-spiegel-interview-scholz-musste-gezwungen-werden-zu-waffenlieferungen-an-ukraine\/\"},\"author\":{\"name\":\"rtnews\",\"@id\":\"https:\/\/now-news.de\/de\/#\/schema\/person\/fb534a4e865501d8b3285208df34a9b5\"},\"headline\":\"Selenskij im Spiegel-Interview: Scholz musste gezwungen werden zu Waffenlieferungen an Ukraine\",\"datePublished\":\"2023-02-10T06:21:16+00:00\",\"dateModified\":\"2023-02-10T06:21:16+00:00\",\"mainEntityOfPage\":{\"@id\":\"https:\/\/now-news.de\/de\/deutschland\/selenskij-im-spiegel-interview-scholz-musste-gezwungen-werden-zu-waffenlieferungen-an-ukraine\/\"},\"wordCount\":570,\"commentCount\":4,\"publisher\":{\"@id\":\"https:\/\/now-news.de\/de\/#organization\"},\"image\":{\"@id\":\"https:\/\/now-news.de\/de\/deutschland\/selenskij-im-spiegel-interview-scholz-musste-gezwungen-werden-zu-waffenlieferungen-an-ukraine\/#primaryimage\"},\"thumbnailUrl\":\"https:\/\/now-news.de\/de\/wp-content\/uploads\/sites\/3\/2023\/02\/Selenskij-im-Spiegel-Interview-Scholz-musste-gezwungen-werden-zu-Waffenlieferungen-an.jpg\",\"keywords\":[\"gezwungen\",\"musste\",\"Scholz\",\"Selenskij\",\"SpiegelInterview\",\"ukraine\",\"Waffenlieferungen\",\"Werden\"],\"articleSection\":[\"Deutschland\",\"Russland\"],\"inLanguage\":\"de\",\"potentialAction\":[{\"@type\":\"CommentAction\",\"name\":\"Comment\",\"target\":[\"https:\/\/now-news.de\/de\/deutschland\/selenskij-im-spiegel-interview-scholz-musste-gezwungen-werden-zu-waffenlieferungen-an-ukraine\/#respond\"]}]},{\"@type\":\"WebPage\",\"@id\":\"https:\/\/now-news.de\/de\/deutschland\/selenskij-im-spiegel-interview-scholz-musste-gezwungen-werden-zu-waffenlieferungen-an-ukraine\/\",\"url\":\"https:\/\/now-news.de\/de\/deutschland\/selenskij-im-spiegel-interview-scholz-musste-gezwungen-werden-zu-waffenlieferungen-an-ukraine\/\",\"name\":\"Selenskij im Spiegel-Interview: Scholz musste gezwungen werden zu Waffenlieferungen an Ukraine - just-now.NEWS Deutschland\",\"isPartOf\":{\"@id\":\"https:\/\/now-news.de\/de\/#website\"},\"primaryImageOfPage\":{\"@id\":\"https:\/\/now-news.de\/de\/deutschland\/selenskij-im-spiegel-interview-scholz-musste-gezwungen-werden-zu-waffenlieferungen-an-ukraine\/#primaryimage\"},\"image\":{\"@id\":\"https:\/\/now-news.de\/de\/deutschland\/selenskij-im-spiegel-interview-scholz-musste-gezwungen-werden-zu-waffenlieferungen-an-ukraine\/#primaryimage\"},\"thumbnailUrl\":\"https:\/\/now-news.de\/de\/wp-content\/uploads\/sites\/3\/2023\/02\/Selenskij-im-Spiegel-Interview-Scholz-musste-gezwungen-werden-zu-Waffenlieferungen-an.jpg\",\"datePublished\":\"2023-02-10T06:21:16+00:00\",\"dateModified\":\"2023-02-10T06:21:16+00:00\",\"breadcrumb\":{\"@id\":\"https:\/\/now-news.de\/de\/deutschland\/selenskij-im-spiegel-interview-scholz-musste-gezwungen-werden-zu-waffenlieferungen-an-ukraine\/#breadcrumb\"},\"inLanguage\":\"de\",\"potentialAction\":[{\"@type\":\"ReadAction\",\"target\":[\"https:\/\/now-news.de\/de\/deutschland\/selenskij-im-spiegel-interview-scholz-musste-gezwungen-werden-zu-waffenlieferungen-an-ukraine\/\"]}]},{\"@type\":\"ImageObject\",\"inLanguage\":\"de\",\"@id\":\"https:\/\/now-news.de\/de\/deutschland\/selenskij-im-spiegel-interview-scholz-musste-gezwungen-werden-zu-waffenlieferungen-an-ukraine\/#primaryimage\",\"url\":\"https:\/\/now-news.de\/de\/wp-content\/uploads\/sites\/3\/2023\/02\/Selenskij-im-Spiegel-Interview-Scholz-musste-gezwungen-werden-zu-Waffenlieferungen-an.jpg\",\"contentUrl\":\"https:\/\/now-news.de\/de\/wp-content\/uploads\/sites\/3\/2023\/02\/Selenskij-im-Spiegel-Interview-Scholz-musste-gezwungen-werden-zu-Waffenlieferungen-an.jpg\",\"width\":460,\"height\":259,\"caption\":\"Selenskij im Spiegel-Interview: Scholz musste gezwungen werden zu Waffenlieferungen an Ukraine\"},{\"@type\":\"BreadcrumbList\",\"@id\":\"https:\/\/now-news.de\/de\/deutschland\/selenskij-im-spiegel-interview-scholz-musste-gezwungen-werden-zu-waffenlieferungen-an-ukraine\/#breadcrumb\",\"itemListElement\":[{\"@type\":\"ListItem\",\"position\":1,\"name\":\"Home\",\"item\":\"https:\/\/now-news.de\/de\/\"},{\"@type\":\"ListItem\",\"position\":2,\"name\":\"Selenskij im Spiegel-Interview: Scholz musste gezwungen werden zu Waffenlieferungen an Ukraine\"}]},{\"@type\":\"WebSite\",\"@id\":\"https:\/\/now-news.de\/de\/#website\",\"url\":\"https:\/\/now-news.de\/de\/\",\"name\":\"just-now.NEWS Deutschland\",\"description\":\"Das Portal f\u00fcr unzensierte Nachrichten aus der Welt\",\"publisher\":{\"@id\":\"https:\/\/now-news.de\/de\/#organization\"},\"potentialAction\":[{\"@type\":\"SearchAction\",\"target\":{\"@type\":\"EntryPoint\",\"urlTemplate\":\"https:\/\/now-news.de\/de\/?s={search_term_string}\"},\"query-input\":\"required name=search_term_string\"}],\"inLanguage\":\"de\"},{\"@type\":\"Organization\",\"@id\":\"https:\/\/now-news.de\/de\/#organization\",\"name\":\"Just Now News\",\"url\":\"https:\/\/now-news.de\/de\/\",\"logo\":{\"@type\":\"ImageObject\",\"inLanguage\":\"de\",\"@id\":\"https:\/\/now-news.de\/de\/#\/schema\/logo\/image\/\",\"url\":\"http:\/\/just-now.news\/de\/wp-content\/uploads\/sites\/3\/2022\/04\/logo500x500.jpg\",\"contentUrl\":\"http:\/\/just-now.news\/de\/wp-content\/uploads\/sites\/3\/2022\/04\/logo500x500.jpg\",\"width\":500,\"height\":500,\"caption\":\"Just Now News\"},\"image\":{\"@id\":\"https:\/\/now-news.de\/de\/#\/schema\/logo\/image\/\"},\"sameAs\":[\"https:\/\/www.facebook.com\/wirmachenauf\",\"https:\/\/x.com\/WirMachenAuf_de\"]},{\"@type\":\"Person\",\"@id\":\"https:\/\/now-news.de\/de\/#\/schema\/person\/fb534a4e865501d8b3285208df34a9b5\",\"name\":\"rtnews\",\"image\":{\"@type\":\"ImageObject\",\"inLanguage\":\"de\",\"@id\":\"https:\/\/now-news.de\/de\/#\/schema\/person\/image\/\",\"url\":\"https:\/\/secure.gravatar.com\/avatar\/82aafea7d8127119dd649515f56e2117?s=96&d=mm&r=g\",\"contentUrl\":\"https:\/\/secure.gravatar.com\/avatar\/82aafea7d8127119dd649515f56e2117?s=96&d=mm&r=g\",\"caption\":\"rtnews\"},\"url\":\"https:\/\/now-news.de\/de\/author\/rnews\/\"}]}<\/script>\n<!-- \/ Yoast SEO Premium plugin. -->","yoast_head_json":{"title":"Selenskij im Spiegel-Interview: Scholz musste gezwungen werden zu Waffenlieferungen an Ukraine - just-now.NEWS Deutschland","robots":{"index":"index","follow":"follow","max-snippet":"max-snippet:-1","max-image-preview":"max-image-preview:large","max-video-preview":"max-video-preview:-1"},"canonical":"https:\/\/now-news.de\/de\/deutschland\/selenskij-im-spiegel-interview-scholz-musste-gezwungen-werden-zu-waffenlieferungen-an-ukraine\/","og_locale":"de_DE","og_type":"article","og_title":"Selenskij im Spiegel-Interview: Scholz musste gezwungen werden zu Waffenlieferungen an Ukraine","og_description":"Der ukrainische Pr\u00e4sident Wladimir Selenskij hat sich im Interview mit dem Spiegel zu Waffenlieferungen und dem Verh\u00e4ltnis zu Deutschland ge\u00e4u\u00dfert. Mit Blick auf die j\u00fcngste Kampfpanzerdebatte sagte er, dass er Druck machen musste, &#8220;um der Ukraine zu helfen&#8221;. Im Interview mit dem Spiegel und Le Figaro \u00e4u\u00dferte sich der ukrainische Pr\u00e4sident Wladimir Selenskij unter anderem [&hellip;]","og_url":"https:\/\/now-news.de\/de\/deutschland\/selenskij-im-spiegel-interview-scholz-musste-gezwungen-werden-zu-waffenlieferungen-an-ukraine\/","og_site_name":"just-now.NEWS Deutschland","article_publisher":"https:\/\/www.facebook.com\/wirmachenauf","article_published_time":"2023-02-10T06:21:16+00:00","og_image":[{"width":460,"height":259,"url":"https:\/\/now-news.de\/de\/wp-content\/uploads\/sites\/3\/2023\/02\/Selenskij-im-Spiegel-Interview-Scholz-musste-gezwungen-werden-zu-Waffenlieferungen-an.jpg","type":"image\/jpeg"}],"author":"rtnews","twitter_card":"summary_large_image","twitter_creator":"@WirMachenAuf_de","twitter_site":"@WirMachenAuf_de","twitter_misc":{"Verfasst von":"rtnews","Gesch\u00e4tzte Lesezeit":"3\u00a0Minuten"},"schema":{"@context":"https:\/\/schema.org","@graph":[{"@type":"Article","@id":"https:\/\/now-news.de\/de\/deutschland\/selenskij-im-spiegel-interview-scholz-musste-gezwungen-werden-zu-waffenlieferungen-an-ukraine\/#article","isPartOf":{"@id":"https:\/\/now-news.de\/de\/deutschland\/selenskij-im-spiegel-interview-scholz-musste-gezwungen-werden-zu-waffenlieferungen-an-ukraine\/"},"author":{"name":"rtnews","@id":"https:\/\/now-news.de\/de\/#\/schema\/person\/fb534a4e865501d8b3285208df34a9b5"},"headline":"Selenskij im Spiegel-Interview: Scholz musste gezwungen werden zu Waffenlieferungen an Ukraine","datePublished":"2023-02-10T06:21:16+00:00","dateModified":"2023-02-10T06:21:16+00:00","mainEntityOfPage":{"@id":"https:\/\/now-news.de\/de\/deutschland\/selenskij-im-spiegel-interview-scholz-musste-gezwungen-werden-zu-waffenlieferungen-an-ukraine\/"},"wordCount":570,"commentCount":4,"publisher":{"@id":"https:\/\/now-news.de\/de\/#organization"},"image":{"@id":"https:\/\/now-news.de\/de\/deutschland\/selenskij-im-spiegel-interview-scholz-musste-gezwungen-werden-zu-waffenlieferungen-an-ukraine\/#primaryimage"},"thumbnailUrl":"https:\/\/now-news.de\/de\/wp-content\/uploads\/sites\/3\/2023\/02\/Selenskij-im-Spiegel-Interview-Scholz-musste-gezwungen-werden-zu-Waffenlieferungen-an.jpg","keywords":["gezwungen","musste","Scholz","Selenskij","SpiegelInterview","ukraine","Waffenlieferungen","Werden"],"articleSection":["Deutschland","Russland"],"inLanguage":"de","potentialAction":[{"@type":"CommentAction","name":"Comment","target":["https:\/\/now-news.de\/de\/deutschland\/selenskij-im-spiegel-interview-scholz-musste-gezwungen-werden-zu-waffenlieferungen-an-ukraine\/#respond"]}]},{"@type":"WebPage","@id":"https:\/\/now-news.de\/de\/deutschland\/selenskij-im-spiegel-interview-scholz-musste-gezwungen-werden-zu-waffenlieferungen-an-ukraine\/","url":"https:\/\/now-news.de\/de\/deutschland\/selenskij-im-spiegel-interview-scholz-musste-gezwungen-werden-zu-waffenlieferungen-an-ukraine\/","name":"Selenskij im Spiegel-Interview: Scholz musste gezwungen werden zu Waffenlieferungen an Ukraine - just-now.NEWS Deutschland","isPartOf":{"@id":"https:\/\/now-news.de\/de\/#website"},"primaryImageOfPage":{"@id":"https:\/\/now-news.de\/de\/deutschland\/selenskij-im-spiegel-interview-scholz-musste-gezwungen-werden-zu-waffenlieferungen-an-ukraine\/#primaryimage"},"image":{"@id":"https:\/\/now-news.de\/de\/deutschland\/selenskij-im-spiegel-interview-scholz-musste-gezwungen-werden-zu-waffenlieferungen-an-ukraine\/#primaryimage"},"thumbnailUrl":"https:\/\/now-news.de\/de\/wp-content\/uploads\/sites\/3\/2023\/02\/Selenskij-im-Spiegel-Interview-Scholz-musste-gezwungen-werden-zu-Waffenlieferungen-an.jpg","datePublished":"2023-02-10T06:21:16+00:00","dateModified":"2023-02-10T06:21:16+00:00","breadcrumb":{"@id":"https:\/\/now-news.de\/de\/deutschland\/selenskij-im-spiegel-interview-scholz-musste-gezwungen-werden-zu-waffenlieferungen-an-ukraine\/#breadcrumb"},"inLanguage":"de","potentialAction":[{"@type":"ReadAction","target":["https:\/\/now-news.de\/de\/deutschland\/selenskij-im-spiegel-interview-scholz-musste-gezwungen-werden-zu-waffenlieferungen-an-ukraine\/"]}]},{"@type":"ImageObject","inLanguage":"de","@id":"https:\/\/now-news.de\/de\/deutschland\/selenskij-im-spiegel-interview-scholz-musste-gezwungen-werden-zu-waffenlieferungen-an-ukraine\/#primaryimage","url":"https:\/\/now-news.de\/de\/wp-content\/uploads\/sites\/3\/2023\/02\/Selenskij-im-Spiegel-Interview-Scholz-musste-gezwungen-werden-zu-Waffenlieferungen-an.jpg","contentUrl":"https:\/\/now-news.de\/de\/wp-content\/uploads\/sites\/3\/2023\/02\/Selenskij-im-Spiegel-Interview-Scholz-musste-gezwungen-werden-zu-Waffenlieferungen-an.jpg","width":460,"height":259,"caption":"Selenskij im Spiegel-Interview: Scholz musste gezwungen werden zu Waffenlieferungen an Ukraine"},{"@type":"BreadcrumbList","@id":"https:\/\/now-news.de\/de\/deutschland\/selenskij-im-spiegel-interview-scholz-musste-gezwungen-werden-zu-waffenlieferungen-an-ukraine\/#breadcrumb","itemListElement":[{"@type":"ListItem","position":1,"name":"Home","item":"https:\/\/now-news.de\/de\/"},{"@type":"ListItem","position":2,"name":"Selenskij im Spiegel-Interview: Scholz musste gezwungen werden zu Waffenlieferungen an Ukraine"}]},{"@type":"WebSite","@id":"https:\/\/now-news.de\/de\/#website","url":"https:\/\/now-news.de\/de\/","name":"just-now.NEWS Deutschland","description":"Das Portal f\u00fcr unzensierte Nachrichten aus der Welt","publisher":{"@id":"https:\/\/now-news.de\/de\/#organization"},"potentialAction":[{"@type":"SearchAction","target":{"@type":"EntryPoint","urlTemplate":"https:\/\/now-news.de\/de\/?s={search_term_string}"},"query-input":"required name=search_term_string"}],"inLanguage":"de"},{"@type":"Organization","@id":"https:\/\/now-news.de\/de\/#organization","name":"Just Now News","url":"https:\/\/now-news.de\/de\/","logo":{"@type":"ImageObject","inLanguage":"de","@id":"https:\/\/now-news.de\/de\/#\/schema\/logo\/image\/","url":"http:\/\/just-now.news\/de\/wp-content\/uploads\/sites\/3\/2022\/04\/logo500x500.jpg","contentUrl":"http:\/\/just-now.news\/de\/wp-content\/uploads\/sites\/3\/2022\/04\/logo500x500.jpg","width":500,"height":500,"caption":"Just Now News"},"image":{"@id":"https:\/\/now-news.de\/de\/#\/schema\/logo\/image\/"},"sameAs":["https:\/\/www.facebook.com\/wirmachenauf","https:\/\/x.com\/WirMachenAuf_de"]},{"@type":"Person","@id":"https:\/\/now-news.de\/de\/#\/schema\/person\/fb534a4e865501d8b3285208df34a9b5","name":"rtnews","image":{"@type":"ImageObject","inLanguage":"de","@id":"https:\/\/now-news.de\/de\/#\/schema\/person\/image\/","url":"https:\/\/secure.gravatar.com\/avatar\/82aafea7d8127119dd649515f56e2117?s=96&d=mm&r=g","contentUrl":"https:\/\/secure.gravatar.com\/avatar\/82aafea7d8127119dd649515f56e2117?s=96&d=mm&r=g","caption":"rtnews"},"url":"https:\/\/now-news.de\/de\/author\/rnews\/"}]}},"_links":{"self":[{"href":"https:\/\/now-news.de\/de\/wp-json\/wp\/v2\/posts\/30025"}],"collection":[{"href":"https:\/\/now-news.de\/de\/wp-json\/wp\/v2\/posts"}],"about":[{"href":"https:\/\/now-news.de\/de\/wp-json\/wp\/v2\/types\/post"}],"author":[{"embeddable":true,"href":"https:\/\/now-news.de\/de\/wp-json\/wp\/v2\/users\/3"}],"replies":[{"embeddable":true,"href":"https:\/\/now-news.de\/de\/wp-json\/wp\/v2\/comments?post=30025"}],"version-history":[{"count":0,"href":"https:\/\/now-news.de\/de\/wp-json\/wp\/v2\/posts\/30025\/revisions"}],"wp:featuredmedia":[{"embeddable":true,"href":"https:\/\/now-news.de\/de\/wp-json\/wp\/v2\/media\/30026"}],"wp:attachment":[{"href":"https:\/\/now-news.de\/de\/wp-json\/wp\/v2\/media?parent=30025"}],"wp:term":[{"taxonomy":"category","embeddable":true,"href":"https:\/\/now-news.de\/de\/wp-json\/wp\/v2\/categories?post=30025"},{"taxonomy":"post_tag","embeddable":true,"href":"https:\/\/now-news.de\/de\/wp-json\/wp\/v2\/tags?post=30025"}],"curies":[{"name":"wp","href":"https:\/\/api.w.org\/{rel}","templated":true}]}}