{"id":29946,"date":"2023-02-09T16:03:21","date_gmt":"2023-02-09T14:03:21","guid":{"rendered":"https:\/\/just-now.news\/de\/deutschland\/putin-mit-dem-abzug-der-us-truppen-aus-afghanistan-nahm-die-terrorgefahr-zu\/"},"modified":"2023-02-09T16:03:21","modified_gmt":"2023-02-09T14:03:21","slug":"putin-mit-dem-abzug-der-us-truppen-aus-afghanistan-nahm-die-terrorgefahr-zu","status":"publish","type":"post","link":"https:\/\/now-news.de\/de\/deutschland\/putin-mit-dem-abzug-der-us-truppen-aus-afghanistan-nahm-die-terrorgefahr-zu\/","title":{"rendered":"Putin: Mit dem Abzug der US-Truppen aus Afghanistan nahm die Terrorgefahr zu"},"content":{"rendered":"<p><img decoding=\"async\" src=\"http:\/\/just-now.news\/de\/wp-content\/uploads\/sites\/3\/2023\/02\/63e4dcc0b480cc0bb02c37a1.jpg\" \/><\/p>\n<div class=\"Text-root Text-type_1 \">\n                Der russische Pr\u00e4sident Wladimir Putin warnte vor der sich verschlimmernden humanit\u00e4ren Krise und der Terrorgefahr, die sich in Afghanistan seit dem chaotischen Abzug der US-Truppen nach 20 Jahren Besatzung entwickelt haben.\n            <\/div>\n<p><\/p>\n<div class=\"Text-root Text-type_5 ArticleView-text ViewText-root \">\n<p>Die Konflikte in anderen Regionen der Welt, einschlie\u00dflich der Ukraine, schm\u00e4lern nicht die Bedeutung der Situation in Afghanistan, unterstrich der russische Pr\u00e4sident Wladimir Putin bei der Er\u00f6ffnung eines Treffens mit Vertretern der Sicherheitsbeh\u00f6rden aus mehreren L\u00e4ndern \u00fcber Afghanistan. Putin warnte am Mittwoch\u00a0vor der sich verschlimmernden humanit\u00e4ren Krise und der Terrorgefahr, die sich in Afghanistan seit dem chaotischen Abzug der US-Truppen nach 20 Jahren Besatzung entwickelt haben.<\/p>\n<p>&#8220;Seit die US-Streitkr\u00e4fte aus Afghanistan abgezogen sind, hat sich die Lage leider nicht verbessert. Internationale terroristische Organisationen verst\u00e4rken ihre Aktivit\u00e4ten, darunter auch al-Qaida, das seine F\u00e4higkeiten ausbaut&#8221;, hob der russische Staatschef bei dem Treffen mit Sicherheitsvertretern aus mehreren L\u00e4ndern in\u00a0Moskau hervor.<\/p>\n<p>Putin merkte an, dass die Aufrechterhaltung der Sicherheit in Afghanistan &#8220;heute [f\u00fcr Russland] doppelt so wichtig ist &#8230;, weil wir nicht wollen, dass ein weiterer Spannungspunkt an unseren s\u00fcdlichen Grenzen entsteht&#8221;. &#8220;Millionen von Menschen \u2013 nach unseren Informationen etwa vier Millionen Menschen \u2013 ben\u00f6tigen dringend humanit\u00e4re Hilfe&#8221;, f\u00fcgte Putin hinzu, bevor er betonte, dass Moskau &#8220;alles tut, um L\u00f6sungen zu finden&#8221;.<\/p>\n<p>&#8220;Wir haben mit der F\u00fchrung Afghanistans in Kabul Kontakt aufgenommen. Wir wissen, dass es Pl\u00e4ne zur Durchf\u00fchrung gro\u00dfer Wirtschaftsprojekte gibt, die die wirtschaftliche Lage stabilisieren k\u00f6nnten&#8221;, sagte Putin. Letztes Jahr hatten Moskau und Kabul ein Abkommen unterzeichnet, um das vom Krieg zerr\u00fcttete Land j\u00e4hrlich mit einer Million Tonnen Benzin, einer Million Tonnen Diesel, 500.000 Tonnen Fl\u00fcssiggas (LPG) und zwei Millionen Tonnen Weizen zu versorgen.<\/p>\n<p>Seit der Niederlage der von den USA ausgebildeten Armee gegen die Taliban im August 2021 befindet sich Afghanistan in einer der schlimmsten humanit\u00e4ren Krisen der Welt. Nach dem chaotischen Abzug der US-Truppen fror Washington zehn Milliarden Dollar der Devisenreserven Kabuls ein und versperrte dem vom Krieg gezeichneten Land den Zugang zu Hilfe von internationalen Organisationen.<\/p>\n<p><strong>Mehr zum Thema<\/strong> &#8211; <a rel=\"nofollow noopener\" target=\"_blank\" href=\"https:\/\/rtde.site\/meinung\/161455-fast-jahr-krieg-rueckblick-und-ausblick\/\">Fast ein Jahr Krieg \u2013 Die Welt ist eine andere geworden<\/a><\/p>\n<\/p>\n<\/div>\n<p><br \/>\n<br \/><a href=\"https:\/\/de.rt.com\/asien\/162447-putin-nach-abzug-der-us-truppen-aus-afghanistan-nimmt-terrorgefahr-zu\/\">Source link <\/a><\/p>\n","protected":false},"excerpt":{"rendered":"<p>Der russische Pr\u00e4sident Wladimir Putin warnte vor der sich verschlimmernden humanit\u00e4ren Krise und der Terrorgefahr, die sich in Afghanistan seit dem chaotischen Abzug der US-Truppen nach 20 Jahren Besatzung entwickelt haben. Die Konflikte in anderen Regionen der Welt, einschlie\u00dflich der Ukraine, schm\u00e4lern nicht die Bedeutung der Situation in Afghanistan, unterstrich der russische Pr\u00e4sident Wladimir Putin [&hellip;]<\/p>\n","protected":false},"author":3,"featured_media":29947,"comment_status":"open","ping_status":"open","sticky":false,"template":"","format":"standard","meta":{"_yoast_indexnow_last_ping":["1675951796"],"wp_automatic_camp":["217"],"e4f44b9b9e88d1c2b7dfa271526f4498":["Putin: Mit dem Abzug der US-Truppen aus Afghanistan nahm die Terrorgefahr zu"],"original_link":["https:\/\/de.rt.com\/asien\/162447-putin-nach-abzug-der-us-truppen-aus-afghanistan-nimmt-terrorgefahr-zu\/"],"_thumbnail_id":["29947"],"_wptgpro_p2tg_sent2tg":["a:1:{i:23737;s:19:\"2023-02-09 16:11:01\";}"],"jnews_social_counter_last_update":["1777572037"]},"categories":[19,23],"tags":[15675,1799,679,134,82,45,419,21743,125,40501,16609],"yoast_head":"<!-- This site is optimized with the Yoast SEO Premium plugin v22.7 (Yoast SEO v22.7) - https:\/\/yoast.com\/wordpress\/plugins\/seo\/ -->\n<title>Putin: Mit dem Abzug der US-Truppen aus Afghanistan nahm die Terrorgefahr zu - just-now.NEWS Deutschland<\/title>\n<meta name=\"robots\" content=\"index, follow, max-snippet:-1, max-image-preview:large, max-video-preview:-1\" \/>\n<link rel=\"canonical\" href=\"https:\/\/now-news.de\/de\/deutschland\/putin-mit-dem-abzug-der-us-truppen-aus-afghanistan-nahm-die-terrorgefahr-zu\/\" \/>\n<meta property=\"og:locale\" content=\"de_DE\" \/>\n<meta property=\"og:type\" content=\"article\" \/>\n<meta property=\"og:title\" content=\"Putin: Mit dem Abzug der US-Truppen aus Afghanistan nahm die Terrorgefahr zu\" \/>\n<meta property=\"og:description\" content=\"Der russische Pr\u00e4sident Wladimir Putin warnte vor der sich verschlimmernden humanit\u00e4ren Krise und der Terrorgefahr, die sich in Afghanistan seit dem chaotischen Abzug der US-Truppen nach 20 Jahren Besatzung entwickelt haben. Die Konflikte in anderen Regionen der Welt, einschlie\u00dflich der Ukraine, schm\u00e4lern nicht die Bedeutung der Situation in Afghanistan, unterstrich der russische Pr\u00e4sident Wladimir Putin [&hellip;]\" \/>\n<meta property=\"og:url\" content=\"https:\/\/now-news.de\/de\/deutschland\/putin-mit-dem-abzug-der-us-truppen-aus-afghanistan-nahm-die-terrorgefahr-zu\/\" \/>\n<meta property=\"og:site_name\" content=\"just-now.NEWS Deutschland\" \/>\n<meta property=\"article:publisher\" content=\"https:\/\/www.facebook.com\/wirmachenauf\" \/>\n<meta property=\"article:published_time\" content=\"2023-02-09T14:03:21+00:00\" \/>\n<meta property=\"og:image\" content=\"https:\/\/now-news.de\/de\/wp-content\/uploads\/sites\/3\/2023\/02\/Putin-Mit-dem-Abzug-der-US-Truppen-aus-Afghanistan-nahm-die.jpg\" \/>\n\t<meta property=\"og:image:width\" content=\"460\" \/>\n\t<meta property=\"og:image:height\" content=\"259\" \/>\n\t<meta property=\"og:image:type\" content=\"image\/jpeg\" \/>\n<meta name=\"author\" content=\"rtnews\" \/>\n<meta name=\"twitter:card\" content=\"summary_large_image\" \/>\n<meta name=\"twitter:creator\" content=\"@WirMachenAuf_de\" \/>\n<meta name=\"twitter:site\" content=\"@WirMachenAuf_de\" \/>\n<meta name=\"twitter:label1\" content=\"Verfasst von\" \/>\n\t<meta name=\"twitter:data1\" content=\"rtnews\" \/>\n\t<meta name=\"twitter:label2\" content=\"Gesch\u00e4tzte Lesezeit\" \/>\n\t<meta name=\"twitter:data2\" content=\"2\u00a0Minuten\" \/>\n<script type=\"application\/ld+json\" class=\"yoast-schema-graph\">{\"@context\":\"https:\/\/schema.org\",\"@graph\":[{\"@type\":\"Article\",\"@id\":\"https:\/\/now-news.de\/de\/deutschland\/putin-mit-dem-abzug-der-us-truppen-aus-afghanistan-nahm-die-terrorgefahr-zu\/#article\",\"isPartOf\":{\"@id\":\"https:\/\/now-news.de\/de\/deutschland\/putin-mit-dem-abzug-der-us-truppen-aus-afghanistan-nahm-die-terrorgefahr-zu\/\"},\"author\":{\"name\":\"rtnews\",\"@id\":\"https:\/\/now-news.de\/de\/#\/schema\/person\/fb534a4e865501d8b3285208df34a9b5\"},\"headline\":\"Putin: Mit dem Abzug der US-Truppen aus Afghanistan nahm die Terrorgefahr zu\",\"datePublished\":\"2023-02-09T14:03:21+00:00\",\"dateModified\":\"2023-02-09T14:03:21+00:00\",\"mainEntityOfPage\":{\"@id\":\"https:\/\/now-news.de\/de\/deutschland\/putin-mit-dem-abzug-der-us-truppen-aus-afghanistan-nahm-die-terrorgefahr-zu\/\"},\"wordCount\":371,\"commentCount\":0,\"publisher\":{\"@id\":\"https:\/\/now-news.de\/de\/#organization\"},\"image\":{\"@id\":\"https:\/\/now-news.de\/de\/deutschland\/putin-mit-dem-abzug-der-us-truppen-aus-afghanistan-nahm-die-terrorgefahr-zu\/#primaryimage\"},\"thumbnailUrl\":\"https:\/\/now-news.de\/de\/wp-content\/uploads\/sites\/3\/2023\/02\/Putin-Mit-dem-Abzug-der-US-Truppen-aus-Afghanistan-nahm-die.jpg\",\"keywords\":[\"Abzug\",\"Afghanistan\",\"aus\",\"DEM\",\"der\",\"die\",\"mit\",\"nahm\",\"putin\",\"Terrorgefahr\",\"USTruppen\"],\"articleSection\":[\"Deutschland\",\"Russland\"],\"inLanguage\":\"de\",\"potentialAction\":[{\"@type\":\"CommentAction\",\"name\":\"Comment\",\"target\":[\"https:\/\/now-news.de\/de\/deutschland\/putin-mit-dem-abzug-der-us-truppen-aus-afghanistan-nahm-die-terrorgefahr-zu\/#respond\"]}]},{\"@type\":\"WebPage\",\"@id\":\"https:\/\/now-news.de\/de\/deutschland\/putin-mit-dem-abzug-der-us-truppen-aus-afghanistan-nahm-die-terrorgefahr-zu\/\",\"url\":\"https:\/\/now-news.de\/de\/deutschland\/putin-mit-dem-abzug-der-us-truppen-aus-afghanistan-nahm-die-terrorgefahr-zu\/\",\"name\":\"Putin: Mit dem Abzug der US-Truppen aus Afghanistan nahm die Terrorgefahr zu - just-now.NEWS Deutschland\",\"isPartOf\":{\"@id\":\"https:\/\/now-news.de\/de\/#website\"},\"primaryImageOfPage\":{\"@id\":\"https:\/\/now-news.de\/de\/deutschland\/putin-mit-dem-abzug-der-us-truppen-aus-afghanistan-nahm-die-terrorgefahr-zu\/#primaryimage\"},\"image\":{\"@id\":\"https:\/\/now-news.de\/de\/deutschland\/putin-mit-dem-abzug-der-us-truppen-aus-afghanistan-nahm-die-terrorgefahr-zu\/#primaryimage\"},\"thumbnailUrl\":\"https:\/\/now-news.de\/de\/wp-content\/uploads\/sites\/3\/2023\/02\/Putin-Mit-dem-Abzug-der-US-Truppen-aus-Afghanistan-nahm-die.jpg\",\"datePublished\":\"2023-02-09T14:03:21+00:00\",\"dateModified\":\"2023-02-09T14:03:21+00:00\",\"breadcrumb\":{\"@id\":\"https:\/\/now-news.de\/de\/deutschland\/putin-mit-dem-abzug-der-us-truppen-aus-afghanistan-nahm-die-terrorgefahr-zu\/#breadcrumb\"},\"inLanguage\":\"de\",\"potentialAction\":[{\"@type\":\"ReadAction\",\"target\":[\"https:\/\/now-news.de\/de\/deutschland\/putin-mit-dem-abzug-der-us-truppen-aus-afghanistan-nahm-die-terrorgefahr-zu\/\"]}]},{\"@type\":\"ImageObject\",\"inLanguage\":\"de\",\"@id\":\"https:\/\/now-news.de\/de\/deutschland\/putin-mit-dem-abzug-der-us-truppen-aus-afghanistan-nahm-die-terrorgefahr-zu\/#primaryimage\",\"url\":\"https:\/\/now-news.de\/de\/wp-content\/uploads\/sites\/3\/2023\/02\/Putin-Mit-dem-Abzug-der-US-Truppen-aus-Afghanistan-nahm-die.jpg\",\"contentUrl\":\"https:\/\/now-news.de\/de\/wp-content\/uploads\/sites\/3\/2023\/02\/Putin-Mit-dem-Abzug-der-US-Truppen-aus-Afghanistan-nahm-die.jpg\",\"width\":460,\"height\":259,\"caption\":\"Putin: Mit dem Abzug der US-Truppen aus Afghanistan nahm die Terrorgefahr zu\"},{\"@type\":\"BreadcrumbList\",\"@id\":\"https:\/\/now-news.de\/de\/deutschland\/putin-mit-dem-abzug-der-us-truppen-aus-afghanistan-nahm-die-terrorgefahr-zu\/#breadcrumb\",\"itemListElement\":[{\"@type\":\"ListItem\",\"position\":1,\"name\":\"Home\",\"item\":\"https:\/\/now-news.de\/de\/\"},{\"@type\":\"ListItem\",\"position\":2,\"name\":\"Putin: Mit dem Abzug der US-Truppen aus Afghanistan nahm die Terrorgefahr zu\"}]},{\"@type\":\"WebSite\",\"@id\":\"https:\/\/now-news.de\/de\/#website\",\"url\":\"https:\/\/now-news.de\/de\/\",\"name\":\"just-now.NEWS Deutschland\",\"description\":\"Das Portal f\u00fcr unzensierte Nachrichten aus der Welt\",\"publisher\":{\"@id\":\"https:\/\/now-news.de\/de\/#organization\"},\"potentialAction\":[{\"@type\":\"SearchAction\",\"target\":{\"@type\":\"EntryPoint\",\"urlTemplate\":\"https:\/\/now-news.de\/de\/?s={search_term_string}\"},\"query-input\":\"required name=search_term_string\"}],\"inLanguage\":\"de\"},{\"@type\":\"Organization\",\"@id\":\"https:\/\/now-news.de\/de\/#organization\",\"name\":\"Just Now News\",\"url\":\"https:\/\/now-news.de\/de\/\",\"logo\":{\"@type\":\"ImageObject\",\"inLanguage\":\"de\",\"@id\":\"https:\/\/now-news.de\/de\/#\/schema\/logo\/image\/\",\"url\":\"http:\/\/just-now.news\/de\/wp-content\/uploads\/sites\/3\/2022\/04\/logo500x500.jpg\",\"contentUrl\":\"http:\/\/just-now.news\/de\/wp-content\/uploads\/sites\/3\/2022\/04\/logo500x500.jpg\",\"width\":500,\"height\":500,\"caption\":\"Just Now News\"},\"image\":{\"@id\":\"https:\/\/now-news.de\/de\/#\/schema\/logo\/image\/\"},\"sameAs\":[\"https:\/\/www.facebook.com\/wirmachenauf\",\"https:\/\/x.com\/WirMachenAuf_de\"]},{\"@type\":\"Person\",\"@id\":\"https:\/\/now-news.de\/de\/#\/schema\/person\/fb534a4e865501d8b3285208df34a9b5\",\"name\":\"rtnews\",\"image\":{\"@type\":\"ImageObject\",\"inLanguage\":\"de\",\"@id\":\"https:\/\/now-news.de\/de\/#\/schema\/person\/image\/\",\"url\":\"https:\/\/secure.gravatar.com\/avatar\/82aafea7d8127119dd649515f56e2117?s=96&d=mm&r=g\",\"contentUrl\":\"https:\/\/secure.gravatar.com\/avatar\/82aafea7d8127119dd649515f56e2117?s=96&d=mm&r=g\",\"caption\":\"rtnews\"},\"url\":\"https:\/\/now-news.de\/de\/author\/rnews\/\"}]}<\/script>\n<!-- \/ Yoast SEO Premium plugin. -->","yoast_head_json":{"title":"Putin: Mit dem Abzug der US-Truppen aus Afghanistan nahm die Terrorgefahr zu - just-now.NEWS Deutschland","robots":{"index":"index","follow":"follow","max-snippet":"max-snippet:-1","max-image-preview":"max-image-preview:large","max-video-preview":"max-video-preview:-1"},"canonical":"https:\/\/now-news.de\/de\/deutschland\/putin-mit-dem-abzug-der-us-truppen-aus-afghanistan-nahm-die-terrorgefahr-zu\/","og_locale":"de_DE","og_type":"article","og_title":"Putin: Mit dem Abzug der US-Truppen aus Afghanistan nahm die Terrorgefahr zu","og_description":"Der russische Pr\u00e4sident Wladimir Putin warnte vor der sich verschlimmernden humanit\u00e4ren Krise und der Terrorgefahr, die sich in Afghanistan seit dem chaotischen Abzug der US-Truppen nach 20 Jahren Besatzung entwickelt haben. Die Konflikte in anderen Regionen der Welt, einschlie\u00dflich der Ukraine, schm\u00e4lern nicht die Bedeutung der Situation in Afghanistan, unterstrich der russische Pr\u00e4sident Wladimir Putin [&hellip;]","og_url":"https:\/\/now-news.de\/de\/deutschland\/putin-mit-dem-abzug-der-us-truppen-aus-afghanistan-nahm-die-terrorgefahr-zu\/","og_site_name":"just-now.NEWS Deutschland","article_publisher":"https:\/\/www.facebook.com\/wirmachenauf","article_published_time":"2023-02-09T14:03:21+00:00","og_image":[{"width":460,"height":259,"url":"https:\/\/now-news.de\/de\/wp-content\/uploads\/sites\/3\/2023\/02\/Putin-Mit-dem-Abzug-der-US-Truppen-aus-Afghanistan-nahm-die.jpg","type":"image\/jpeg"}],"author":"rtnews","twitter_card":"summary_large_image","twitter_creator":"@WirMachenAuf_de","twitter_site":"@WirMachenAuf_de","twitter_misc":{"Verfasst von":"rtnews","Gesch\u00e4tzte Lesezeit":"2\u00a0Minuten"},"schema":{"@context":"https:\/\/schema.org","@graph":[{"@type":"Article","@id":"https:\/\/now-news.de\/de\/deutschland\/putin-mit-dem-abzug-der-us-truppen-aus-afghanistan-nahm-die-terrorgefahr-zu\/#article","isPartOf":{"@id":"https:\/\/now-news.de\/de\/deutschland\/putin-mit-dem-abzug-der-us-truppen-aus-afghanistan-nahm-die-terrorgefahr-zu\/"},"author":{"name":"rtnews","@id":"https:\/\/now-news.de\/de\/#\/schema\/person\/fb534a4e865501d8b3285208df34a9b5"},"headline":"Putin: Mit dem Abzug der US-Truppen aus Afghanistan nahm die Terrorgefahr zu","datePublished":"2023-02-09T14:03:21+00:00","dateModified":"2023-02-09T14:03:21+00:00","mainEntityOfPage":{"@id":"https:\/\/now-news.de\/de\/deutschland\/putin-mit-dem-abzug-der-us-truppen-aus-afghanistan-nahm-die-terrorgefahr-zu\/"},"wordCount":371,"commentCount":0,"publisher":{"@id":"https:\/\/now-news.de\/de\/#organization"},"image":{"@id":"https:\/\/now-news.de\/de\/deutschland\/putin-mit-dem-abzug-der-us-truppen-aus-afghanistan-nahm-die-terrorgefahr-zu\/#primaryimage"},"thumbnailUrl":"https:\/\/now-news.de\/de\/wp-content\/uploads\/sites\/3\/2023\/02\/Putin-Mit-dem-Abzug-der-US-Truppen-aus-Afghanistan-nahm-die.jpg","keywords":["Abzug","Afghanistan","aus","DEM","der","die","mit","nahm","putin","Terrorgefahr","USTruppen"],"articleSection":["Deutschland","Russland"],"inLanguage":"de","potentialAction":[{"@type":"CommentAction","name":"Comment","target":["https:\/\/now-news.de\/de\/deutschland\/putin-mit-dem-abzug-der-us-truppen-aus-afghanistan-nahm-die-terrorgefahr-zu\/#respond"]}]},{"@type":"WebPage","@id":"https:\/\/now-news.de\/de\/deutschland\/putin-mit-dem-abzug-der-us-truppen-aus-afghanistan-nahm-die-terrorgefahr-zu\/","url":"https:\/\/now-news.de\/de\/deutschland\/putin-mit-dem-abzug-der-us-truppen-aus-afghanistan-nahm-die-terrorgefahr-zu\/","name":"Putin: Mit dem Abzug der US-Truppen aus Afghanistan nahm die Terrorgefahr zu - just-now.NEWS Deutschland","isPartOf":{"@id":"https:\/\/now-news.de\/de\/#website"},"primaryImageOfPage":{"@id":"https:\/\/now-news.de\/de\/deutschland\/putin-mit-dem-abzug-der-us-truppen-aus-afghanistan-nahm-die-terrorgefahr-zu\/#primaryimage"},"image":{"@id":"https:\/\/now-news.de\/de\/deutschland\/putin-mit-dem-abzug-der-us-truppen-aus-afghanistan-nahm-die-terrorgefahr-zu\/#primaryimage"},"thumbnailUrl":"https:\/\/now-news.de\/de\/wp-content\/uploads\/sites\/3\/2023\/02\/Putin-Mit-dem-Abzug-der-US-Truppen-aus-Afghanistan-nahm-die.jpg","datePublished":"2023-02-09T14:03:21+00:00","dateModified":"2023-02-09T14:03:21+00:00","breadcrumb":{"@id":"https:\/\/now-news.de\/de\/deutschland\/putin-mit-dem-abzug-der-us-truppen-aus-afghanistan-nahm-die-terrorgefahr-zu\/#breadcrumb"},"inLanguage":"de","potentialAction":[{"@type":"ReadAction","target":["https:\/\/now-news.de\/de\/deutschland\/putin-mit-dem-abzug-der-us-truppen-aus-afghanistan-nahm-die-terrorgefahr-zu\/"]}]},{"@type":"ImageObject","inLanguage":"de","@id":"https:\/\/now-news.de\/de\/deutschland\/putin-mit-dem-abzug-der-us-truppen-aus-afghanistan-nahm-die-terrorgefahr-zu\/#primaryimage","url":"https:\/\/now-news.de\/de\/wp-content\/uploads\/sites\/3\/2023\/02\/Putin-Mit-dem-Abzug-der-US-Truppen-aus-Afghanistan-nahm-die.jpg","contentUrl":"https:\/\/now-news.de\/de\/wp-content\/uploads\/sites\/3\/2023\/02\/Putin-Mit-dem-Abzug-der-US-Truppen-aus-Afghanistan-nahm-die.jpg","width":460,"height":259,"caption":"Putin: Mit dem Abzug der US-Truppen aus Afghanistan nahm die Terrorgefahr zu"},{"@type":"BreadcrumbList","@id":"https:\/\/now-news.de\/de\/deutschland\/putin-mit-dem-abzug-der-us-truppen-aus-afghanistan-nahm-die-terrorgefahr-zu\/#breadcrumb","itemListElement":[{"@type":"ListItem","position":1,"name":"Home","item":"https:\/\/now-news.de\/de\/"},{"@type":"ListItem","position":2,"name":"Putin: Mit dem Abzug der US-Truppen aus Afghanistan nahm die Terrorgefahr zu"}]},{"@type":"WebSite","@id":"https:\/\/now-news.de\/de\/#website","url":"https:\/\/now-news.de\/de\/","name":"just-now.NEWS Deutschland","description":"Das Portal f\u00fcr unzensierte Nachrichten aus der Welt","publisher":{"@id":"https:\/\/now-news.de\/de\/#organization"},"potentialAction":[{"@type":"SearchAction","target":{"@type":"EntryPoint","urlTemplate":"https:\/\/now-news.de\/de\/?s={search_term_string}"},"query-input":"required name=search_term_string"}],"inLanguage":"de"},{"@type":"Organization","@id":"https:\/\/now-news.de\/de\/#organization","name":"Just Now News","url":"https:\/\/now-news.de\/de\/","logo":{"@type":"ImageObject","inLanguage":"de","@id":"https:\/\/now-news.de\/de\/#\/schema\/logo\/image\/","url":"http:\/\/just-now.news\/de\/wp-content\/uploads\/sites\/3\/2022\/04\/logo500x500.jpg","contentUrl":"http:\/\/just-now.news\/de\/wp-content\/uploads\/sites\/3\/2022\/04\/logo500x500.jpg","width":500,"height":500,"caption":"Just Now News"},"image":{"@id":"https:\/\/now-news.de\/de\/#\/schema\/logo\/image\/"},"sameAs":["https:\/\/www.facebook.com\/wirmachenauf","https:\/\/x.com\/WirMachenAuf_de"]},{"@type":"Person","@id":"https:\/\/now-news.de\/de\/#\/schema\/person\/fb534a4e865501d8b3285208df34a9b5","name":"rtnews","image":{"@type":"ImageObject","inLanguage":"de","@id":"https:\/\/now-news.de\/de\/#\/schema\/person\/image\/","url":"https:\/\/secure.gravatar.com\/avatar\/82aafea7d8127119dd649515f56e2117?s=96&d=mm&r=g","contentUrl":"https:\/\/secure.gravatar.com\/avatar\/82aafea7d8127119dd649515f56e2117?s=96&d=mm&r=g","caption":"rtnews"},"url":"https:\/\/now-news.de\/de\/author\/rnews\/"}]}},"_links":{"self":[{"href":"https:\/\/now-news.de\/de\/wp-json\/wp\/v2\/posts\/29946"}],"collection":[{"href":"https:\/\/now-news.de\/de\/wp-json\/wp\/v2\/posts"}],"about":[{"href":"https:\/\/now-news.de\/de\/wp-json\/wp\/v2\/types\/post"}],"author":[{"embeddable":true,"href":"https:\/\/now-news.de\/de\/wp-json\/wp\/v2\/users\/3"}],"replies":[{"embeddable":true,"href":"https:\/\/now-news.de\/de\/wp-json\/wp\/v2\/comments?post=29946"}],"version-history":[{"count":0,"href":"https:\/\/now-news.de\/de\/wp-json\/wp\/v2\/posts\/29946\/revisions"}],"wp:featuredmedia":[{"embeddable":true,"href":"https:\/\/now-news.de\/de\/wp-json\/wp\/v2\/media\/29947"}],"wp:attachment":[{"href":"https:\/\/now-news.de\/de\/wp-json\/wp\/v2\/media?parent=29946"}],"wp:term":[{"taxonomy":"category","embeddable":true,"href":"https:\/\/now-news.de\/de\/wp-json\/wp\/v2\/categories?post=29946"},{"taxonomy":"post_tag","embeddable":true,"href":"https:\/\/now-news.de\/de\/wp-json\/wp\/v2\/tags?post=29946"}],"curies":[{"name":"wp","href":"https:\/\/api.w.org\/{rel}","templated":true}]}}