{"id":29928,"date":"2023-02-09T14:00:13","date_gmt":"2023-02-09T12:00:13","guid":{"rendered":"https:\/\/just-now.news\/de\/deutschland\/nach-friedensrede-vor-uno-heftige-kritik-an-pink-floyd-gruender-roger-waters\/"},"modified":"2023-02-09T14:00:13","modified_gmt":"2023-02-09T12:00:13","slug":"nach-friedensrede-vor-uno-heftige-kritik-an-pink-floyd-gruender-roger-waters","status":"publish","type":"post","link":"https:\/\/now-news.de\/de\/deutschland\/nach-friedensrede-vor-uno-heftige-kritik-an-pink-floyd-gruender-roger-waters\/","title":{"rendered":"Nach Friedensrede vor UNO: Heftige Kritik an Pink-Floyd-Gr\u00fcnder Roger Waters"},"content":{"rendered":"<p><img decoding=\"async\" src=\"http:\/\/just-now.news\/de\/wp-content\/uploads\/sites\/3\/2023\/02\/63e4cc51b480cc023a11917b.jpg\" \/><\/p>\n<div class=\"Text-root Text-type_1 \">\n                Auf russische Initiative nahm Pink-Floyd-Gr\u00fcndungsmitglied Roger Waters vor dem UN-Sicherheitsrat zum Ukraine-Konflikt Stellung. Er verurteilt Russland ebenso wie die westlichen B\u00fcndnispartner. Russlands Einmarsch sei provoziert worden. Waters erntet daf\u00fcr Kritik und Boykottforderungen.\n            <\/div>\n<p><\/p>\n<div class=\"Text-root Text-type_5 ArticleView-text ViewText-root \">\n<p>Auf Einladung Russlands sprach der Mitbegr\u00fcnder der britischen Rockband Pink Floyd, Roger Waters, vor dem UN-Sicherheitsrat.\u00a0<\/p>\n<p>In seiner emotionalen Rede verurteilte Waters den Einmarsch Russlands in die Ukraine. Gleichzeitig merkt er an, dieser Einmarsch sei nicht unprovoziert erfolgt. Auch die Provokateure verurteilt Waters auf\u00a0das Sch\u00e4rfste.\u00a0Er macht deutlich, dass EU, NATO und die USA eine Schuld an der Entwicklung hin zum Krieg tragen.\u00a0<\/p>\n<p>Waters fordert von den Mitgliedern des Sicherheitsrats, ihre geopolitischen Interessen sowie die finanziellen Interessen der R\u00fcstungsindustrie hintanzustellen. Er fordert einen generellen politischen Kurswechsel sowie einen sofortigen Waffenstillstand in der Ukraine als Grundlage f\u00fcr weitere Friedensverhandlungen.\u00a0<\/p>\n<div class=\"EmbedBlock-root EmbedBlock-youtube\">\n<div class=\"YouTubeEmbed\">\n<div class=\"jeg_video_container jeg_video_content\"><iframe loading=\"lazy\" title=\"Roger Waters delivers a message of peace to the UN Security Council\" width=\"500\" height=\"281\" src=\"https:\/\/www.youtube.com\/embed\/WHsbiJkgnDg?feature=oembed\" frameborder=\"0\" allow=\"accelerometer; autoplay; clipboard-write; encrypted-media; gyroscope; picture-in-picture; web-share\" referrerpolicy=\"strict-origin-when-cross-origin\" allowfullscreen><\/iframe><\/div>\n<\/div>\n<\/div>\n<p>Es sind starke und bewegende Worte, die Waters an das wichtigste Sicherheitsgremium der Welt richtet. Er\u00a0gebe denjenigen eine Stimme, die keine Stimme haben, nimmt Waters f\u00fcr sich in Anspruch. Es sind die Interessen der einfachen Menschen, die er mit seiner Rede im Blick hat. Sie h\u00e4tten kein Interesse an Eskalation und Krieg. Entsprechend kritisiert Waters die diplomatischen Vertreter im Sicherheitsrat. Sie w\u00fcrden nicht f\u00fcr die Menschen, sondern f\u00fcr Machtinteressen und die Interessen des Kapitals sprechen. Waters empfiehlt den Anwesenden den Perspektivwechsel als L\u00f6sungsstrategie.\u00a0<\/p>\n<p>Wie zu erwarten, sind die Reaktionen auf Waters&#8217; Rede in den deutschen Medien \u00fcberwiegend ablehnend. Es wird mit den \u00fcblichen Stereotypen gearbeitet.\u00a0<\/p>\n<p>So <a rel=\"nofollow noopener\" target=\"_blank\" href=\"https:\/\/www.tagesspiegel.de\/internationales\/video-ansprache-auf-bitten-russlands-roger-waters-fordert-vor-un-sicherheitsrat-beendigung-des-kriegs-und-kritisiert-den-westen-9314264.html\">unterstellt <\/a>der <em>Tagesspiegel<\/em> Waters &#8220;Putintreue&#8221;, &#8220;Antisemitismus&#8221; und Anh\u00e4nger von Verschw\u00f6rungstheorien zu sein.\u00a0<\/p>\n<blockquote>\n<p><em>&#8220;Der Musiker Roger Waters geriet in j\u00fcngster Vergangenheit bereits wegen seiner Putintreue und aufgrund seiner antisemitischen und verschw\u00f6rungsideologischen \u00c4u\u00dferungen international in die Kritik.&#8221;<\/em><\/p>\n<\/blockquote>\n<p>Das <em>RedaktionsNetzwerk Deutschland<\/em> (<em>RND<\/em>) <a rel=\"nofollow noopener\" target=\"_blank\" href=\"https:\/\/www.rnd.de\/kultur\/ex-pink-floyd-mitglied-roger-waters-spricht-vor-dem-un-sicherheitsrat-auf-wunsch-von-putin-PDRDNXAPZNHUZJU2C6W6C2NCO4.html\">meint<\/a>, Waters \u00e4u\u00dfere sich &#8220;seltsam zum Krieg&#8221;. Auch das\u00a0<em>RND<\/em> greift den Antisemitismus-Vorwurf auf, ebenfalls ohne zu erl\u00e4utern, was der Vorwurf mit der aktuellen Rede vor dem Sicherheitsrat zu tun hat.\u00a0<\/p>\n<p>Waters wird wegen seiner Kritik an der Politik Israels Antisemitismus vorgeworfen.\u00a0Er ruft unter anderem zur Unterst\u00fctzung der BDS-Bewegung auf, die zum Ziel hat, mittels Boykott Israel wegen seiner repressiven und v\u00f6lkerrechtswidrigen Pal\u00e4stinenser-Politik politisch, wirtschaftlich und kulturell zu isolieren und das Land so zu einer \u00c4nderung seines repressiven Umgangs mit Pal\u00e4stina und Pal\u00e4stinensern zu zwingen.\u00a0<\/p>\n<p>Derartige Israel-Kritik bleibt in Deutschland nicht <a rel=\"nofollow noopener\" target=\"_blank\" href=\"https:\/\/www.berliner-zeitung.de\/kultur-vergnuegen\/debatte\/antisemitismus-claudia-roth-wuenscht-sich-boykott-von-roger-waters-konzerten-li.315625\">unbeantwortet<\/a>. So rief Kulturstaatsministerin Claudia Roth wiederum zum Boykott von Konzerten des Musikers auf. Sie k\u00f6nne die Konzerte nicht verbieten, <a rel=\"nofollow noopener\" target=\"_blank\" href=\"https:\/\/www.berliner-zeitung.de\/kultur-vergnuegen\/debatte\/antisemitismus-claudia-roth-wuenscht-sich-boykott-von-roger-waters-konzerten-li.315625\">bedauerte<\/a> Roth die Gesetzeslage. Sie w\u00fcnsche sich daher, dass die Veranstalter aus eigener Initiative die Zusammenarbeit mit Waters beenden.\u00a0<\/p>\n<p><strong>Mehr zum Thema\u00a0\u2013 <\/strong><a rel=\"nofollow noopener\" target=\"_blank\" href=\"https:\/\/fromrussiawithlove.rtde.live\/international\/162361-russisches-aussenministerium-vorgehen-usa\/\">Russisches Au\u00dfenministerium: Vorgehen der USA f\u00fchrt zum direkten Zusammensto\u00df der Atomm\u00e4chte<\/a><\/p>\n<\/p>\n<\/div>\n<p><br \/>\n<br \/><a href=\"https:\/\/de.rt.com\/international\/162430-nach-friedensrede-vor-uno-heftige\/\">Source link <\/a><\/p>\n","protected":false},"excerpt":{"rendered":"<p>Auf russische Initiative nahm Pink-Floyd-Gr\u00fcndungsmitglied Roger Waters vor dem UN-Sicherheitsrat zum Ukraine-Konflikt Stellung. Er verurteilt Russland ebenso wie die westlichen B\u00fcndnispartner. Russlands Einmarsch sei provoziert worden. Waters erntet daf\u00fcr Kritik und Boykottforderungen. Auf Einladung Russlands sprach der Mitbegr\u00fcnder der britischen Rockband Pink Floyd, Roger Waters, vor dem UN-Sicherheitsrat.\u00a0 In seiner emotionalen Rede verurteilte Waters den [&hellip;]<\/p>\n","protected":false},"author":3,"featured_media":29929,"comment_status":"open","ping_status":"open","sticky":false,"template":"","format":"standard","meta":{"_yoast_indexnow_last_ping":["1675944060"],"_oembed_72d6d3decdb89430318ae1cb75e207d6":["<iframe title=\"Roger Waters delivers a message of peace to the UN Security Council\" width=\"500\" height=\"281\" src=\"https:\/\/www.youtube.com\/embed\/WHsbiJkgnDg?feature=oembed\" frameborder=\"0\" allow=\"accelerometer; autoplay; clipboard-write; encrypted-media; gyroscope; picture-in-picture; web-share\" allowfullscreen><\/iframe>"],"_oembed_time_72d6d3decdb89430318ae1cb75e207d6":["1675944060"],"wp_automatic_camp":["217"],"b874379d9396ceec06dddb307fb2fe45":["Nach Friedensrede vor UNO: Heftige Kritik an Pink-Floyd-Gr\u00fcnder Roger Waters"],"original_link":["https:\/\/de.rt.com\/international\/162430-nach-friedensrede-vor-uno-heftige\/"],"_thumbnail_id":["29929"],"_wptgpro_p2tg_sent2tg":["a:1:{i:23737;s:19:\"2023-02-09 14:02:05\";}"],"jnews_social_counter_last_update":["1777343216"],"_oembed_612600cb6b785c556111f8052ffd8a77":["<iframe title=\"Roger Waters delivers a message of peace to the UN Security Council\" width=\"500\" height=\"281\" src=\"https:\/\/www.youtube.com\/embed\/WHsbiJkgnDg?feature=oembed\" frameborder=\"0\" allow=\"accelerometer; autoplay; clipboard-write; encrypted-media; gyroscope; picture-in-picture; web-share\" referrerpolicy=\"strict-origin-when-cross-origin\" allowfullscreen><\/iframe>"],"_oembed_time_612600cb6b785c556111f8052ffd8a77":["1717305485"]},"categories":[19,23],"tags":[40488,20589,935,979,40489,22769,5685,320,30994],"yoast_head":"<!-- This site is optimized with the Yoast SEO Premium plugin v22.7 (Yoast SEO v22.7) - https:\/\/yoast.com\/wordpress\/plugins\/seo\/ -->\n<title>Nach Friedensrede vor UNO: Heftige Kritik an Pink-Floyd-Gr\u00fcnder Roger Waters - just-now.NEWS Deutschland<\/title>\n<meta name=\"robots\" content=\"index, follow, max-snippet:-1, max-image-preview:large, max-video-preview:-1\" \/>\n<link rel=\"canonical\" href=\"https:\/\/now-news.de\/de\/deutschland\/nach-friedensrede-vor-uno-heftige-kritik-an-pink-floyd-gruender-roger-waters\/\" \/>\n<meta property=\"og:locale\" content=\"de_DE\" \/>\n<meta property=\"og:type\" content=\"article\" \/>\n<meta property=\"og:title\" content=\"Nach Friedensrede vor UNO: Heftige Kritik an Pink-Floyd-Gr\u00fcnder Roger Waters\" \/>\n<meta property=\"og:description\" content=\"Auf russische Initiative nahm Pink-Floyd-Gr\u00fcndungsmitglied Roger Waters vor dem UN-Sicherheitsrat zum Ukraine-Konflikt Stellung. Er verurteilt Russland ebenso wie die westlichen B\u00fcndnispartner. Russlands Einmarsch sei provoziert worden. Waters erntet daf\u00fcr Kritik und Boykottforderungen. Auf Einladung Russlands sprach der Mitbegr\u00fcnder der britischen Rockband Pink Floyd, Roger Waters, vor dem UN-Sicherheitsrat.\u00a0 In seiner emotionalen Rede verurteilte Waters den [&hellip;]\" \/>\n<meta property=\"og:url\" content=\"https:\/\/now-news.de\/de\/deutschland\/nach-friedensrede-vor-uno-heftige-kritik-an-pink-floyd-gruender-roger-waters\/\" \/>\n<meta property=\"og:site_name\" content=\"just-now.NEWS Deutschland\" \/>\n<meta property=\"article:publisher\" content=\"https:\/\/www.facebook.com\/wirmachenauf\" \/>\n<meta property=\"article:published_time\" content=\"2023-02-09T12:00:13+00:00\" \/>\n<meta property=\"og:image\" content=\"https:\/\/now-news.de\/de\/wp-content\/uploads\/sites\/3\/2023\/02\/Nach-Friedensrede-vor-UNO-Heftige-Kritik-an-Pink-Floyd-Gruender-Roger-Waters.jpg\" \/>\n\t<meta property=\"og:image:width\" content=\"460\" \/>\n\t<meta property=\"og:image:height\" content=\"259\" \/>\n\t<meta property=\"og:image:type\" content=\"image\/jpeg\" \/>\n<meta name=\"author\" content=\"rtnews\" \/>\n<meta name=\"twitter:card\" content=\"summary_large_image\" \/>\n<meta name=\"twitter:creator\" content=\"@WirMachenAuf_de\" \/>\n<meta name=\"twitter:site\" content=\"@WirMachenAuf_de\" \/>\n<meta name=\"twitter:label1\" content=\"Verfasst von\" \/>\n\t<meta name=\"twitter:data1\" content=\"rtnews\" \/>\n\t<meta name=\"twitter:label2\" content=\"Gesch\u00e4tzte Lesezeit\" \/>\n\t<meta name=\"twitter:data2\" content=\"2\u00a0Minuten\" \/>\n<script type=\"application\/ld+json\" class=\"yoast-schema-graph\">{\"@context\":\"https:\/\/schema.org\",\"@graph\":[{\"@type\":\"Article\",\"@id\":\"https:\/\/now-news.de\/de\/deutschland\/nach-friedensrede-vor-uno-heftige-kritik-an-pink-floyd-gruender-roger-waters\/#article\",\"isPartOf\":{\"@id\":\"https:\/\/now-news.de\/de\/deutschland\/nach-friedensrede-vor-uno-heftige-kritik-an-pink-floyd-gruender-roger-waters\/\"},\"author\":{\"name\":\"rtnews\",\"@id\":\"https:\/\/now-news.de\/de\/#\/schema\/person\/fb534a4e865501d8b3285208df34a9b5\"},\"headline\":\"Nach Friedensrede vor UNO: Heftige Kritik an Pink-Floyd-Gr\u00fcnder Roger Waters\",\"datePublished\":\"2023-02-09T12:00:13+00:00\",\"dateModified\":\"2023-02-09T12:00:13+00:00\",\"mainEntityOfPage\":{\"@id\":\"https:\/\/now-news.de\/de\/deutschland\/nach-friedensrede-vor-uno-heftige-kritik-an-pink-floyd-gruender-roger-waters\/\"},\"wordCount\":475,\"commentCount\":0,\"publisher\":{\"@id\":\"https:\/\/now-news.de\/de\/#organization\"},\"image\":{\"@id\":\"https:\/\/now-news.de\/de\/deutschland\/nach-friedensrede-vor-uno-heftige-kritik-an-pink-floyd-gruender-roger-waters\/#primaryimage\"},\"thumbnailUrl\":\"https:\/\/now-news.de\/de\/wp-content\/uploads\/sites\/3\/2023\/02\/Nach-Friedensrede-vor-UNO-Heftige-Kritik-an-Pink-Floyd-Gruender-Roger-Waters.jpg\",\"keywords\":[\"Friedensrede\",\"heftige\",\"Kritik\",\"nach\",\"PinkFloydGr\u00fcnder\",\"ROGER\",\"Uno\",\"vor\",\"Waters\"],\"articleSection\":[\"Deutschland\",\"Russland\"],\"inLanguage\":\"de\",\"potentialAction\":[{\"@type\":\"CommentAction\",\"name\":\"Comment\",\"target\":[\"https:\/\/now-news.de\/de\/deutschland\/nach-friedensrede-vor-uno-heftige-kritik-an-pink-floyd-gruender-roger-waters\/#respond\"]}]},{\"@type\":\"WebPage\",\"@id\":\"https:\/\/now-news.de\/de\/deutschland\/nach-friedensrede-vor-uno-heftige-kritik-an-pink-floyd-gruender-roger-waters\/\",\"url\":\"https:\/\/now-news.de\/de\/deutschland\/nach-friedensrede-vor-uno-heftige-kritik-an-pink-floyd-gruender-roger-waters\/\",\"name\":\"Nach Friedensrede vor UNO: Heftige Kritik an Pink-Floyd-Gr\u00fcnder Roger Waters - just-now.NEWS Deutschland\",\"isPartOf\":{\"@id\":\"https:\/\/now-news.de\/de\/#website\"},\"primaryImageOfPage\":{\"@id\":\"https:\/\/now-news.de\/de\/deutschland\/nach-friedensrede-vor-uno-heftige-kritik-an-pink-floyd-gruender-roger-waters\/#primaryimage\"},\"image\":{\"@id\":\"https:\/\/now-news.de\/de\/deutschland\/nach-friedensrede-vor-uno-heftige-kritik-an-pink-floyd-gruender-roger-waters\/#primaryimage\"},\"thumbnailUrl\":\"https:\/\/now-news.de\/de\/wp-content\/uploads\/sites\/3\/2023\/02\/Nach-Friedensrede-vor-UNO-Heftige-Kritik-an-Pink-Floyd-Gruender-Roger-Waters.jpg\",\"datePublished\":\"2023-02-09T12:00:13+00:00\",\"dateModified\":\"2023-02-09T12:00:13+00:00\",\"breadcrumb\":{\"@id\":\"https:\/\/now-news.de\/de\/deutschland\/nach-friedensrede-vor-uno-heftige-kritik-an-pink-floyd-gruender-roger-waters\/#breadcrumb\"},\"inLanguage\":\"de\",\"potentialAction\":[{\"@type\":\"ReadAction\",\"target\":[\"https:\/\/now-news.de\/de\/deutschland\/nach-friedensrede-vor-uno-heftige-kritik-an-pink-floyd-gruender-roger-waters\/\"]}]},{\"@type\":\"ImageObject\",\"inLanguage\":\"de\",\"@id\":\"https:\/\/now-news.de\/de\/deutschland\/nach-friedensrede-vor-uno-heftige-kritik-an-pink-floyd-gruender-roger-waters\/#primaryimage\",\"url\":\"https:\/\/now-news.de\/de\/wp-content\/uploads\/sites\/3\/2023\/02\/Nach-Friedensrede-vor-UNO-Heftige-Kritik-an-Pink-Floyd-Gruender-Roger-Waters.jpg\",\"contentUrl\":\"https:\/\/now-news.de\/de\/wp-content\/uploads\/sites\/3\/2023\/02\/Nach-Friedensrede-vor-UNO-Heftige-Kritik-an-Pink-Floyd-Gruender-Roger-Waters.jpg\",\"width\":460,\"height\":259,\"caption\":\"Nach Friedensrede vor UNO: Heftige Kritik an Pink-Floyd-Gr\u00fcnder Roger Waters\"},{\"@type\":\"BreadcrumbList\",\"@id\":\"https:\/\/now-news.de\/de\/deutschland\/nach-friedensrede-vor-uno-heftige-kritik-an-pink-floyd-gruender-roger-waters\/#breadcrumb\",\"itemListElement\":[{\"@type\":\"ListItem\",\"position\":1,\"name\":\"Home\",\"item\":\"https:\/\/now-news.de\/de\/\"},{\"@type\":\"ListItem\",\"position\":2,\"name\":\"Nach Friedensrede vor UNO: Heftige Kritik an Pink-Floyd-Gr\u00fcnder Roger Waters\"}]},{\"@type\":\"WebSite\",\"@id\":\"https:\/\/now-news.de\/de\/#website\",\"url\":\"https:\/\/now-news.de\/de\/\",\"name\":\"just-now.NEWS Deutschland\",\"description\":\"Das Portal f\u00fcr unzensierte Nachrichten aus der Welt\",\"publisher\":{\"@id\":\"https:\/\/now-news.de\/de\/#organization\"},\"potentialAction\":[{\"@type\":\"SearchAction\",\"target\":{\"@type\":\"EntryPoint\",\"urlTemplate\":\"https:\/\/now-news.de\/de\/?s={search_term_string}\"},\"query-input\":\"required name=search_term_string\"}],\"inLanguage\":\"de\"},{\"@type\":\"Organization\",\"@id\":\"https:\/\/now-news.de\/de\/#organization\",\"name\":\"Just Now News\",\"url\":\"https:\/\/now-news.de\/de\/\",\"logo\":{\"@type\":\"ImageObject\",\"inLanguage\":\"de\",\"@id\":\"https:\/\/now-news.de\/de\/#\/schema\/logo\/image\/\",\"url\":\"http:\/\/just-now.news\/de\/wp-content\/uploads\/sites\/3\/2022\/04\/logo500x500.jpg\",\"contentUrl\":\"http:\/\/just-now.news\/de\/wp-content\/uploads\/sites\/3\/2022\/04\/logo500x500.jpg\",\"width\":500,\"height\":500,\"caption\":\"Just Now News\"},\"image\":{\"@id\":\"https:\/\/now-news.de\/de\/#\/schema\/logo\/image\/\"},\"sameAs\":[\"https:\/\/www.facebook.com\/wirmachenauf\",\"https:\/\/x.com\/WirMachenAuf_de\"]},{\"@type\":\"Person\",\"@id\":\"https:\/\/now-news.de\/de\/#\/schema\/person\/fb534a4e865501d8b3285208df34a9b5\",\"name\":\"rtnews\",\"image\":{\"@type\":\"ImageObject\",\"inLanguage\":\"de\",\"@id\":\"https:\/\/now-news.de\/de\/#\/schema\/person\/image\/\",\"url\":\"https:\/\/secure.gravatar.com\/avatar\/82aafea7d8127119dd649515f56e2117?s=96&d=mm&r=g\",\"contentUrl\":\"https:\/\/secure.gravatar.com\/avatar\/82aafea7d8127119dd649515f56e2117?s=96&d=mm&r=g\",\"caption\":\"rtnews\"},\"url\":\"https:\/\/now-news.de\/de\/author\/rnews\/\"}]}<\/script>\n<!-- \/ Yoast SEO Premium plugin. -->","yoast_head_json":{"title":"Nach Friedensrede vor UNO: Heftige Kritik an Pink-Floyd-Gr\u00fcnder Roger Waters - just-now.NEWS Deutschland","robots":{"index":"index","follow":"follow","max-snippet":"max-snippet:-1","max-image-preview":"max-image-preview:large","max-video-preview":"max-video-preview:-1"},"canonical":"https:\/\/now-news.de\/de\/deutschland\/nach-friedensrede-vor-uno-heftige-kritik-an-pink-floyd-gruender-roger-waters\/","og_locale":"de_DE","og_type":"article","og_title":"Nach Friedensrede vor UNO: Heftige Kritik an Pink-Floyd-Gr\u00fcnder Roger Waters","og_description":"Auf russische Initiative nahm Pink-Floyd-Gr\u00fcndungsmitglied Roger Waters vor dem UN-Sicherheitsrat zum Ukraine-Konflikt Stellung. Er verurteilt Russland ebenso wie die westlichen B\u00fcndnispartner. Russlands Einmarsch sei provoziert worden. Waters erntet daf\u00fcr Kritik und Boykottforderungen. Auf Einladung Russlands sprach der Mitbegr\u00fcnder der britischen Rockband Pink Floyd, Roger Waters, vor dem UN-Sicherheitsrat.\u00a0 In seiner emotionalen Rede verurteilte Waters den [&hellip;]","og_url":"https:\/\/now-news.de\/de\/deutschland\/nach-friedensrede-vor-uno-heftige-kritik-an-pink-floyd-gruender-roger-waters\/","og_site_name":"just-now.NEWS Deutschland","article_publisher":"https:\/\/www.facebook.com\/wirmachenauf","article_published_time":"2023-02-09T12:00:13+00:00","og_image":[{"width":460,"height":259,"url":"https:\/\/now-news.de\/de\/wp-content\/uploads\/sites\/3\/2023\/02\/Nach-Friedensrede-vor-UNO-Heftige-Kritik-an-Pink-Floyd-Gruender-Roger-Waters.jpg","type":"image\/jpeg"}],"author":"rtnews","twitter_card":"summary_large_image","twitter_creator":"@WirMachenAuf_de","twitter_site":"@WirMachenAuf_de","twitter_misc":{"Verfasst von":"rtnews","Gesch\u00e4tzte Lesezeit":"2\u00a0Minuten"},"schema":{"@context":"https:\/\/schema.org","@graph":[{"@type":"Article","@id":"https:\/\/now-news.de\/de\/deutschland\/nach-friedensrede-vor-uno-heftige-kritik-an-pink-floyd-gruender-roger-waters\/#article","isPartOf":{"@id":"https:\/\/now-news.de\/de\/deutschland\/nach-friedensrede-vor-uno-heftige-kritik-an-pink-floyd-gruender-roger-waters\/"},"author":{"name":"rtnews","@id":"https:\/\/now-news.de\/de\/#\/schema\/person\/fb534a4e865501d8b3285208df34a9b5"},"headline":"Nach Friedensrede vor UNO: Heftige Kritik an Pink-Floyd-Gr\u00fcnder Roger Waters","datePublished":"2023-02-09T12:00:13+00:00","dateModified":"2023-02-09T12:00:13+00:00","mainEntityOfPage":{"@id":"https:\/\/now-news.de\/de\/deutschland\/nach-friedensrede-vor-uno-heftige-kritik-an-pink-floyd-gruender-roger-waters\/"},"wordCount":475,"commentCount":0,"publisher":{"@id":"https:\/\/now-news.de\/de\/#organization"},"image":{"@id":"https:\/\/now-news.de\/de\/deutschland\/nach-friedensrede-vor-uno-heftige-kritik-an-pink-floyd-gruender-roger-waters\/#primaryimage"},"thumbnailUrl":"https:\/\/now-news.de\/de\/wp-content\/uploads\/sites\/3\/2023\/02\/Nach-Friedensrede-vor-UNO-Heftige-Kritik-an-Pink-Floyd-Gruender-Roger-Waters.jpg","keywords":["Friedensrede","heftige","Kritik","nach","PinkFloydGr\u00fcnder","ROGER","Uno","vor","Waters"],"articleSection":["Deutschland","Russland"],"inLanguage":"de","potentialAction":[{"@type":"CommentAction","name":"Comment","target":["https:\/\/now-news.de\/de\/deutschland\/nach-friedensrede-vor-uno-heftige-kritik-an-pink-floyd-gruender-roger-waters\/#respond"]}]},{"@type":"WebPage","@id":"https:\/\/now-news.de\/de\/deutschland\/nach-friedensrede-vor-uno-heftige-kritik-an-pink-floyd-gruender-roger-waters\/","url":"https:\/\/now-news.de\/de\/deutschland\/nach-friedensrede-vor-uno-heftige-kritik-an-pink-floyd-gruender-roger-waters\/","name":"Nach Friedensrede vor UNO: Heftige Kritik an Pink-Floyd-Gr\u00fcnder Roger Waters - just-now.NEWS Deutschland","isPartOf":{"@id":"https:\/\/now-news.de\/de\/#website"},"primaryImageOfPage":{"@id":"https:\/\/now-news.de\/de\/deutschland\/nach-friedensrede-vor-uno-heftige-kritik-an-pink-floyd-gruender-roger-waters\/#primaryimage"},"image":{"@id":"https:\/\/now-news.de\/de\/deutschland\/nach-friedensrede-vor-uno-heftige-kritik-an-pink-floyd-gruender-roger-waters\/#primaryimage"},"thumbnailUrl":"https:\/\/now-news.de\/de\/wp-content\/uploads\/sites\/3\/2023\/02\/Nach-Friedensrede-vor-UNO-Heftige-Kritik-an-Pink-Floyd-Gruender-Roger-Waters.jpg","datePublished":"2023-02-09T12:00:13+00:00","dateModified":"2023-02-09T12:00:13+00:00","breadcrumb":{"@id":"https:\/\/now-news.de\/de\/deutschland\/nach-friedensrede-vor-uno-heftige-kritik-an-pink-floyd-gruender-roger-waters\/#breadcrumb"},"inLanguage":"de","potentialAction":[{"@type":"ReadAction","target":["https:\/\/now-news.de\/de\/deutschland\/nach-friedensrede-vor-uno-heftige-kritik-an-pink-floyd-gruender-roger-waters\/"]}]},{"@type":"ImageObject","inLanguage":"de","@id":"https:\/\/now-news.de\/de\/deutschland\/nach-friedensrede-vor-uno-heftige-kritik-an-pink-floyd-gruender-roger-waters\/#primaryimage","url":"https:\/\/now-news.de\/de\/wp-content\/uploads\/sites\/3\/2023\/02\/Nach-Friedensrede-vor-UNO-Heftige-Kritik-an-Pink-Floyd-Gruender-Roger-Waters.jpg","contentUrl":"https:\/\/now-news.de\/de\/wp-content\/uploads\/sites\/3\/2023\/02\/Nach-Friedensrede-vor-UNO-Heftige-Kritik-an-Pink-Floyd-Gruender-Roger-Waters.jpg","width":460,"height":259,"caption":"Nach Friedensrede vor UNO: Heftige Kritik an Pink-Floyd-Gr\u00fcnder Roger Waters"},{"@type":"BreadcrumbList","@id":"https:\/\/now-news.de\/de\/deutschland\/nach-friedensrede-vor-uno-heftige-kritik-an-pink-floyd-gruender-roger-waters\/#breadcrumb","itemListElement":[{"@type":"ListItem","position":1,"name":"Home","item":"https:\/\/now-news.de\/de\/"},{"@type":"ListItem","position":2,"name":"Nach Friedensrede vor UNO: Heftige Kritik an Pink-Floyd-Gr\u00fcnder Roger Waters"}]},{"@type":"WebSite","@id":"https:\/\/now-news.de\/de\/#website","url":"https:\/\/now-news.de\/de\/","name":"just-now.NEWS Deutschland","description":"Das Portal f\u00fcr unzensierte Nachrichten aus der Welt","publisher":{"@id":"https:\/\/now-news.de\/de\/#organization"},"potentialAction":[{"@type":"SearchAction","target":{"@type":"EntryPoint","urlTemplate":"https:\/\/now-news.de\/de\/?s={search_term_string}"},"query-input":"required name=search_term_string"}],"inLanguage":"de"},{"@type":"Organization","@id":"https:\/\/now-news.de\/de\/#organization","name":"Just Now News","url":"https:\/\/now-news.de\/de\/","logo":{"@type":"ImageObject","inLanguage":"de","@id":"https:\/\/now-news.de\/de\/#\/schema\/logo\/image\/","url":"http:\/\/just-now.news\/de\/wp-content\/uploads\/sites\/3\/2022\/04\/logo500x500.jpg","contentUrl":"http:\/\/just-now.news\/de\/wp-content\/uploads\/sites\/3\/2022\/04\/logo500x500.jpg","width":500,"height":500,"caption":"Just Now News"},"image":{"@id":"https:\/\/now-news.de\/de\/#\/schema\/logo\/image\/"},"sameAs":["https:\/\/www.facebook.com\/wirmachenauf","https:\/\/x.com\/WirMachenAuf_de"]},{"@type":"Person","@id":"https:\/\/now-news.de\/de\/#\/schema\/person\/fb534a4e865501d8b3285208df34a9b5","name":"rtnews","image":{"@type":"ImageObject","inLanguage":"de","@id":"https:\/\/now-news.de\/de\/#\/schema\/person\/image\/","url":"https:\/\/secure.gravatar.com\/avatar\/82aafea7d8127119dd649515f56e2117?s=96&d=mm&r=g","contentUrl":"https:\/\/secure.gravatar.com\/avatar\/82aafea7d8127119dd649515f56e2117?s=96&d=mm&r=g","caption":"rtnews"},"url":"https:\/\/now-news.de\/de\/author\/rnews\/"}]}},"_links":{"self":[{"href":"https:\/\/now-news.de\/de\/wp-json\/wp\/v2\/posts\/29928"}],"collection":[{"href":"https:\/\/now-news.de\/de\/wp-json\/wp\/v2\/posts"}],"about":[{"href":"https:\/\/now-news.de\/de\/wp-json\/wp\/v2\/types\/post"}],"author":[{"embeddable":true,"href":"https:\/\/now-news.de\/de\/wp-json\/wp\/v2\/users\/3"}],"replies":[{"embeddable":true,"href":"https:\/\/now-news.de\/de\/wp-json\/wp\/v2\/comments?post=29928"}],"version-history":[{"count":0,"href":"https:\/\/now-news.de\/de\/wp-json\/wp\/v2\/posts\/29928\/revisions"}],"wp:featuredmedia":[{"embeddable":true,"href":"https:\/\/now-news.de\/de\/wp-json\/wp\/v2\/media\/29929"}],"wp:attachment":[{"href":"https:\/\/now-news.de\/de\/wp-json\/wp\/v2\/media?parent=29928"}],"wp:term":[{"taxonomy":"category","embeddable":true,"href":"https:\/\/now-news.de\/de\/wp-json\/wp\/v2\/categories?post=29928"},{"taxonomy":"post_tag","embeddable":true,"href":"https:\/\/now-news.de\/de\/wp-json\/wp\/v2\/tags?post=29928"}],"curies":[{"name":"wp","href":"https:\/\/api.w.org\/{rel}","templated":true}]}}