{"id":29918,"date":"2023-02-09T11:32:22","date_gmt":"2023-02-09T09:32:22","guid":{"rendered":"https:\/\/just-now.news\/de\/deutschland\/der-dritte-tage-nach-schweren-erdbeben-in-tuerkei-und-syrien-16-000-tote-und-63-000-verletzte\/"},"modified":"2023-02-09T11:32:22","modified_gmt":"2023-02-09T09:32:22","slug":"der-dritte-tage-nach-schweren-erdbeben-in-tuerkei-und-syrien-16-000-tote-und-63-000-verletzte","status":"publish","type":"post","link":"https:\/\/now-news.de\/de\/deutschland\/der-dritte-tage-nach-schweren-erdbeben-in-tuerkei-und-syrien-16-000-tote-und-63-000-verletzte\/","title":{"rendered":"Der dritte Tage nach schweren Erdbeben in T\u00fcrkei und Syrien: 16.000 Tote und 63.000 Verletzte"},"content":{"rendered":"<p><img decoding=\"async\" src=\"http:\/\/just-now.news\/de\/wp-content\/uploads\/sites\/3\/2023\/02\/63e4b67c48fbef77d22614da.jpg\" \/><\/p>\n<div class=\"Text-root Text-type_1 \">\n                Nach den schweren Erdbeben am Montag werden im t\u00fcrkischen und syrischen Krisengebiet noch immer \u00dcberlebende aus den Tr\u00fcmmern geborgen. Doch auch die Zahl der Toten und Verletzten steigt weiter an.\n            <\/div>\n<p><\/p>\n<div class=\"Text-root Text-type_5 ArticleView-text ViewText-root \">\n<p>Laut der t\u00fcrkischen Katastrophenschutzbeh\u00f6rde AFAD ist die Zahl der Todesopfer in der T\u00fcrkei infolge der schweren Erdbeben am Montag auf 12.873 angestiegen. Rund 63.000 Personen wurden verletzt. In Syrien\u00a0erh\u00f6hte sich die Anzahl der registrierten Toten zuletzt auf 3.162.\u00a0\u00dcber 100.000 Helfer sollen laut der t\u00fcrkischen Regierung im Einsatz sein.\u00a0<\/p>\n<p>Am Mittwoch wurden aus den Tr\u00fcmmern der eingest\u00fcrzten H\u00e4user immer noch Menschen befreit. So konnten laut dem t\u00fcrkischen Sender <em>TRT<\/em>\u00a0gestern in der Provinz Hatay ein Kleinkind und wenige Stunden sp\u00e4ter auch dessen Vater von Rettungskr\u00e4ften lebend geborgen\u00a0werden.\u00a0Nach 72 Stunden f\u00e4llt die \u00dcberlebenschance der Versch\u00fctteten stark ab.<\/p>\n<p>Im Krisengebiet kommt weiterhin Hilfe aus dem Ausland an. Am Donnerstag sollen laut <em>dpa<\/em> Flugzeuge der Bundeswehr mit Hilfsg\u00fctern vom Milit\u00e4rflughafen Wunstorf bei Hannover aus starten. Die rund 50 Tonnen an Hilfsg\u00fctern, die das THW aus dem Gro\u00dfraum Ulm nach Niedersachsen gebracht hat, umfassen 2.000 Feldbetten, Schlafs\u00e4cke, Decken, Zelte, Heizger\u00e4te und Isomatten.<\/p>\n<p><strong>Mehr zum Thema <\/strong>\u2013\u00a0<a rel=\"nofollow noopener\" target=\"_blank\" href=\"https:\/\/de.rt.com\/der-nahe-osten\/162304-syrien-us-sanktionen-bremsen-erdbebenhilfe\/\">Syrien: US-Sanktionen bremsen Erdbebenhilfe f\u00fcr Betroffene und Hinterbliebene<\/a><\/p>\n<div class=\"EmbedBlock-root EmbedBlock-externalVideo EmbedBlock-odysee\">\n<div class=\"VkEmbed\"><iframe class=\"lazyload\" data-src=\"https:\/\/odysee.com\/%24\/embed\/%40RTDE%3Ae%2FGro%C3%9Fe_Spendenbereitschaft_f%C3%BCr_Katastrophengebiete%3Ac\" frameborder=\"0\" width=\"853\" height=\"480\" allowfullscreen><\/iframe><\/div>\n<\/div>\n<\/div>\n<p><br \/>\n<br \/><a href=\"https:\/\/de.rt.com\/international\/162416-dritte-tage-nach-schweren-erdbeben\/\">Source link <\/a><\/p>\n","protected":false},"excerpt":{"rendered":"<p>Nach den schweren Erdbeben am Montag werden im t\u00fcrkischen und syrischen Krisengebiet noch immer \u00dcberlebende aus den Tr\u00fcmmern geborgen. Doch auch die Zahl der Toten und Verletzten steigt weiter an. Laut der t\u00fcrkischen Katastrophenschutzbeh\u00f6rde AFAD ist die Zahl der Todesopfer in der T\u00fcrkei infolge der schweren Erdbeben am Montag auf 12.873 angestiegen. Rund 63.000 Personen [&hellip;]<\/p>\n","protected":false},"author":3,"featured_media":29919,"comment_status":"open","ping_status":"open","sticky":false,"template":"","format":"standard","meta":{"_yoast_indexnow_last_ping":["1675935439"],"wp_automatic_camp":["217"],"7f71e01df648e037939a8657001e7e5f":["Der dritte Tage nach schweren Erdbeben in T\u00fcrkei und Syrien: 16.000 Tote und 63.000 Verletzte"],"original_link":["https:\/\/de.rt.com\/international\/162416-dritte-tage-nach-schweren-erdbeben\/"],"_thumbnail_id":["29919"],"_wptgpro_p2tg_sent2tg":["a:1:{i:23737;s:19:\"2023-02-09 11:38:30\";}"],"jnews_social_counter_last_update":["1777268758"]},"categories":[19,23],"tags":[82,15742,25402,979,1188,783,3654,3233,1897,140,1813],"yoast_head":"<!-- This site is optimized with the Yoast SEO Premium plugin v22.7 (Yoast SEO v22.7) - https:\/\/yoast.com\/wordpress\/plugins\/seo\/ -->\n<title>Der dritte Tage nach schweren Erdbeben in T\u00fcrkei und Syrien: 16.000 Tote und 63.000 Verletzte - just-now.NEWS Deutschland<\/title>\n<meta name=\"robots\" content=\"index, follow, max-snippet:-1, max-image-preview:large, max-video-preview:-1\" \/>\n<link rel=\"canonical\" href=\"https:\/\/now-news.de\/de\/deutschland\/der-dritte-tage-nach-schweren-erdbeben-in-tuerkei-und-syrien-16-000-tote-und-63-000-verletzte\/\" \/>\n<meta property=\"og:locale\" content=\"de_DE\" \/>\n<meta property=\"og:type\" content=\"article\" \/>\n<meta property=\"og:title\" content=\"Der dritte Tage nach schweren Erdbeben in T\u00fcrkei und Syrien: 16.000 Tote und 63.000 Verletzte\" \/>\n<meta property=\"og:description\" content=\"Nach den schweren Erdbeben am Montag werden im t\u00fcrkischen und syrischen Krisengebiet noch immer \u00dcberlebende aus den Tr\u00fcmmern geborgen. Doch auch die Zahl der Toten und Verletzten steigt weiter an. Laut der t\u00fcrkischen Katastrophenschutzbeh\u00f6rde AFAD ist die Zahl der Todesopfer in der T\u00fcrkei infolge der schweren Erdbeben am Montag auf 12.873 angestiegen. Rund 63.000 Personen [&hellip;]\" \/>\n<meta property=\"og:url\" content=\"https:\/\/now-news.de\/de\/deutschland\/der-dritte-tage-nach-schweren-erdbeben-in-tuerkei-und-syrien-16-000-tote-und-63-000-verletzte\/\" \/>\n<meta property=\"og:site_name\" content=\"just-now.NEWS Deutschland\" \/>\n<meta property=\"article:publisher\" content=\"https:\/\/www.facebook.com\/wirmachenauf\" \/>\n<meta property=\"article:published_time\" content=\"2023-02-09T09:32:22+00:00\" \/>\n<meta property=\"og:image\" content=\"https:\/\/now-news.de\/de\/wp-content\/uploads\/sites\/3\/2023\/02\/Der-dritte-Tage-nach-schweren-Erdbeben-in-Tuerkei-und-Syrien.jpg\" \/>\n\t<meta property=\"og:image:width\" content=\"460\" \/>\n\t<meta property=\"og:image:height\" content=\"259\" \/>\n\t<meta property=\"og:image:type\" content=\"image\/jpeg\" \/>\n<meta name=\"author\" content=\"rtnews\" \/>\n<meta name=\"twitter:card\" content=\"summary_large_image\" \/>\n<meta name=\"twitter:creator\" content=\"@WirMachenAuf_de\" \/>\n<meta name=\"twitter:site\" content=\"@WirMachenAuf_de\" \/>\n<meta name=\"twitter:label1\" content=\"Verfasst von\" \/>\n\t<meta name=\"twitter:data1\" content=\"rtnews\" \/>\n\t<meta name=\"twitter:label2\" content=\"Gesch\u00e4tzte Lesezeit\" \/>\n\t<meta name=\"twitter:data2\" content=\"1\u00a0Minute\" \/>\n<script type=\"application\/ld+json\" class=\"yoast-schema-graph\">{\"@context\":\"https:\/\/schema.org\",\"@graph\":[{\"@type\":\"Article\",\"@id\":\"https:\/\/now-news.de\/de\/deutschland\/der-dritte-tage-nach-schweren-erdbeben-in-tuerkei-und-syrien-16-000-tote-und-63-000-verletzte\/#article\",\"isPartOf\":{\"@id\":\"https:\/\/now-news.de\/de\/deutschland\/der-dritte-tage-nach-schweren-erdbeben-in-tuerkei-und-syrien-16-000-tote-und-63-000-verletzte\/\"},\"author\":{\"name\":\"rtnews\",\"@id\":\"https:\/\/now-news.de\/de\/#\/schema\/person\/fb534a4e865501d8b3285208df34a9b5\"},\"headline\":\"Der dritte Tage nach schweren Erdbeben in T\u00fcrkei und Syrien: 16.000 Tote und 63.000 Verletzte\",\"datePublished\":\"2023-02-09T09:32:22+00:00\",\"dateModified\":\"2023-02-09T09:32:22+00:00\",\"mainEntityOfPage\":{\"@id\":\"https:\/\/now-news.de\/de\/deutschland\/der-dritte-tage-nach-schweren-erdbeben-in-tuerkei-und-syrien-16-000-tote-und-63-000-verletzte\/\"},\"wordCount\":224,\"commentCount\":0,\"publisher\":{\"@id\":\"https:\/\/now-news.de\/de\/#organization\"},\"image\":{\"@id\":\"https:\/\/now-news.de\/de\/deutschland\/der-dritte-tage-nach-schweren-erdbeben-in-tuerkei-und-syrien-16-000-tote-und-63-000-verletzte\/#primaryimage\"},\"thumbnailUrl\":\"https:\/\/now-news.de\/de\/wp-content\/uploads\/sites\/3\/2023\/02\/Der-dritte-Tage-nach-schweren-Erdbeben-in-Tuerkei-und-Syrien.jpg\",\"keywords\":[\"der\",\"Dritte\",\"Erdbeben\",\"nach\",\"schweren\",\"Syrien\",\"Tage\",\"Tote\",\"T\u00fcrkei\",\"und\",\"Verletzte\"],\"articleSection\":[\"Deutschland\",\"Russland\"],\"inLanguage\":\"de\",\"potentialAction\":[{\"@type\":\"CommentAction\",\"name\":\"Comment\",\"target\":[\"https:\/\/now-news.de\/de\/deutschland\/der-dritte-tage-nach-schweren-erdbeben-in-tuerkei-und-syrien-16-000-tote-und-63-000-verletzte\/#respond\"]}]},{\"@type\":\"WebPage\",\"@id\":\"https:\/\/now-news.de\/de\/deutschland\/der-dritte-tage-nach-schweren-erdbeben-in-tuerkei-und-syrien-16-000-tote-und-63-000-verletzte\/\",\"url\":\"https:\/\/now-news.de\/de\/deutschland\/der-dritte-tage-nach-schweren-erdbeben-in-tuerkei-und-syrien-16-000-tote-und-63-000-verletzte\/\",\"name\":\"Der dritte Tage nach schweren Erdbeben in T\u00fcrkei und Syrien: 16.000 Tote und 63.000 Verletzte - just-now.NEWS Deutschland\",\"isPartOf\":{\"@id\":\"https:\/\/now-news.de\/de\/#website\"},\"primaryImageOfPage\":{\"@id\":\"https:\/\/now-news.de\/de\/deutschland\/der-dritte-tage-nach-schweren-erdbeben-in-tuerkei-und-syrien-16-000-tote-und-63-000-verletzte\/#primaryimage\"},\"image\":{\"@id\":\"https:\/\/now-news.de\/de\/deutschland\/der-dritte-tage-nach-schweren-erdbeben-in-tuerkei-und-syrien-16-000-tote-und-63-000-verletzte\/#primaryimage\"},\"thumbnailUrl\":\"https:\/\/now-news.de\/de\/wp-content\/uploads\/sites\/3\/2023\/02\/Der-dritte-Tage-nach-schweren-Erdbeben-in-Tuerkei-und-Syrien.jpg\",\"datePublished\":\"2023-02-09T09:32:22+00:00\",\"dateModified\":\"2023-02-09T09:32:22+00:00\",\"breadcrumb\":{\"@id\":\"https:\/\/now-news.de\/de\/deutschland\/der-dritte-tage-nach-schweren-erdbeben-in-tuerkei-und-syrien-16-000-tote-und-63-000-verletzte\/#breadcrumb\"},\"inLanguage\":\"de\",\"potentialAction\":[{\"@type\":\"ReadAction\",\"target\":[\"https:\/\/now-news.de\/de\/deutschland\/der-dritte-tage-nach-schweren-erdbeben-in-tuerkei-und-syrien-16-000-tote-und-63-000-verletzte\/\"]}]},{\"@type\":\"ImageObject\",\"inLanguage\":\"de\",\"@id\":\"https:\/\/now-news.de\/de\/deutschland\/der-dritte-tage-nach-schweren-erdbeben-in-tuerkei-und-syrien-16-000-tote-und-63-000-verletzte\/#primaryimage\",\"url\":\"https:\/\/now-news.de\/de\/wp-content\/uploads\/sites\/3\/2023\/02\/Der-dritte-Tage-nach-schweren-Erdbeben-in-Tuerkei-und-Syrien.jpg\",\"contentUrl\":\"https:\/\/now-news.de\/de\/wp-content\/uploads\/sites\/3\/2023\/02\/Der-dritte-Tage-nach-schweren-Erdbeben-in-Tuerkei-und-Syrien.jpg\",\"width\":460,\"height\":259,\"caption\":\"Der dritte Tage nach schweren Erdbeben in T\u00fcrkei und Syrien: 16.000 Tote und 63.000 Verletzte\"},{\"@type\":\"BreadcrumbList\",\"@id\":\"https:\/\/now-news.de\/de\/deutschland\/der-dritte-tage-nach-schweren-erdbeben-in-tuerkei-und-syrien-16-000-tote-und-63-000-verletzte\/#breadcrumb\",\"itemListElement\":[{\"@type\":\"ListItem\",\"position\":1,\"name\":\"Home\",\"item\":\"https:\/\/now-news.de\/de\/\"},{\"@type\":\"ListItem\",\"position\":2,\"name\":\"Der dritte Tage nach schweren Erdbeben in T\u00fcrkei und Syrien: 16.000 Tote und 63.000 Verletzte\"}]},{\"@type\":\"WebSite\",\"@id\":\"https:\/\/now-news.de\/de\/#website\",\"url\":\"https:\/\/now-news.de\/de\/\",\"name\":\"just-now.NEWS Deutschland\",\"description\":\"Das Portal f\u00fcr unzensierte Nachrichten aus der Welt\",\"publisher\":{\"@id\":\"https:\/\/now-news.de\/de\/#organization\"},\"potentialAction\":[{\"@type\":\"SearchAction\",\"target\":{\"@type\":\"EntryPoint\",\"urlTemplate\":\"https:\/\/now-news.de\/de\/?s={search_term_string}\"},\"query-input\":\"required name=search_term_string\"}],\"inLanguage\":\"de\"},{\"@type\":\"Organization\",\"@id\":\"https:\/\/now-news.de\/de\/#organization\",\"name\":\"Just Now News\",\"url\":\"https:\/\/now-news.de\/de\/\",\"logo\":{\"@type\":\"ImageObject\",\"inLanguage\":\"de\",\"@id\":\"https:\/\/now-news.de\/de\/#\/schema\/logo\/image\/\",\"url\":\"http:\/\/just-now.news\/de\/wp-content\/uploads\/sites\/3\/2022\/04\/logo500x500.jpg\",\"contentUrl\":\"http:\/\/just-now.news\/de\/wp-content\/uploads\/sites\/3\/2022\/04\/logo500x500.jpg\",\"width\":500,\"height\":500,\"caption\":\"Just Now News\"},\"image\":{\"@id\":\"https:\/\/now-news.de\/de\/#\/schema\/logo\/image\/\"},\"sameAs\":[\"https:\/\/www.facebook.com\/wirmachenauf\",\"https:\/\/x.com\/WirMachenAuf_de\"]},{\"@type\":\"Person\",\"@id\":\"https:\/\/now-news.de\/de\/#\/schema\/person\/fb534a4e865501d8b3285208df34a9b5\",\"name\":\"rtnews\",\"image\":{\"@type\":\"ImageObject\",\"inLanguage\":\"de\",\"@id\":\"https:\/\/now-news.de\/de\/#\/schema\/person\/image\/\",\"url\":\"https:\/\/secure.gravatar.com\/avatar\/82aafea7d8127119dd649515f56e2117?s=96&d=mm&r=g\",\"contentUrl\":\"https:\/\/secure.gravatar.com\/avatar\/82aafea7d8127119dd649515f56e2117?s=96&d=mm&r=g\",\"caption\":\"rtnews\"},\"url\":\"https:\/\/now-news.de\/de\/author\/rnews\/\"}]}<\/script>\n<!-- \/ Yoast SEO Premium plugin. -->","yoast_head_json":{"title":"Der dritte Tage nach schweren Erdbeben in T\u00fcrkei und Syrien: 16.000 Tote und 63.000 Verletzte - just-now.NEWS Deutschland","robots":{"index":"index","follow":"follow","max-snippet":"max-snippet:-1","max-image-preview":"max-image-preview:large","max-video-preview":"max-video-preview:-1"},"canonical":"https:\/\/now-news.de\/de\/deutschland\/der-dritte-tage-nach-schweren-erdbeben-in-tuerkei-und-syrien-16-000-tote-und-63-000-verletzte\/","og_locale":"de_DE","og_type":"article","og_title":"Der dritte Tage nach schweren Erdbeben in T\u00fcrkei und Syrien: 16.000 Tote und 63.000 Verletzte","og_description":"Nach den schweren Erdbeben am Montag werden im t\u00fcrkischen und syrischen Krisengebiet noch immer \u00dcberlebende aus den Tr\u00fcmmern geborgen. Doch auch die Zahl der Toten und Verletzten steigt weiter an. Laut der t\u00fcrkischen Katastrophenschutzbeh\u00f6rde AFAD ist die Zahl der Todesopfer in der T\u00fcrkei infolge der schweren Erdbeben am Montag auf 12.873 angestiegen. Rund 63.000 Personen [&hellip;]","og_url":"https:\/\/now-news.de\/de\/deutschland\/der-dritte-tage-nach-schweren-erdbeben-in-tuerkei-und-syrien-16-000-tote-und-63-000-verletzte\/","og_site_name":"just-now.NEWS Deutschland","article_publisher":"https:\/\/www.facebook.com\/wirmachenauf","article_published_time":"2023-02-09T09:32:22+00:00","og_image":[{"width":460,"height":259,"url":"https:\/\/now-news.de\/de\/wp-content\/uploads\/sites\/3\/2023\/02\/Der-dritte-Tage-nach-schweren-Erdbeben-in-Tuerkei-und-Syrien.jpg","type":"image\/jpeg"}],"author":"rtnews","twitter_card":"summary_large_image","twitter_creator":"@WirMachenAuf_de","twitter_site":"@WirMachenAuf_de","twitter_misc":{"Verfasst von":"rtnews","Gesch\u00e4tzte Lesezeit":"1\u00a0Minute"},"schema":{"@context":"https:\/\/schema.org","@graph":[{"@type":"Article","@id":"https:\/\/now-news.de\/de\/deutschland\/der-dritte-tage-nach-schweren-erdbeben-in-tuerkei-und-syrien-16-000-tote-und-63-000-verletzte\/#article","isPartOf":{"@id":"https:\/\/now-news.de\/de\/deutschland\/der-dritte-tage-nach-schweren-erdbeben-in-tuerkei-und-syrien-16-000-tote-und-63-000-verletzte\/"},"author":{"name":"rtnews","@id":"https:\/\/now-news.de\/de\/#\/schema\/person\/fb534a4e865501d8b3285208df34a9b5"},"headline":"Der dritte Tage nach schweren Erdbeben in T\u00fcrkei und Syrien: 16.000 Tote und 63.000 Verletzte","datePublished":"2023-02-09T09:32:22+00:00","dateModified":"2023-02-09T09:32:22+00:00","mainEntityOfPage":{"@id":"https:\/\/now-news.de\/de\/deutschland\/der-dritte-tage-nach-schweren-erdbeben-in-tuerkei-und-syrien-16-000-tote-und-63-000-verletzte\/"},"wordCount":224,"commentCount":0,"publisher":{"@id":"https:\/\/now-news.de\/de\/#organization"},"image":{"@id":"https:\/\/now-news.de\/de\/deutschland\/der-dritte-tage-nach-schweren-erdbeben-in-tuerkei-und-syrien-16-000-tote-und-63-000-verletzte\/#primaryimage"},"thumbnailUrl":"https:\/\/now-news.de\/de\/wp-content\/uploads\/sites\/3\/2023\/02\/Der-dritte-Tage-nach-schweren-Erdbeben-in-Tuerkei-und-Syrien.jpg","keywords":["der","Dritte","Erdbeben","nach","schweren","Syrien","Tage","Tote","T\u00fcrkei","und","Verletzte"],"articleSection":["Deutschland","Russland"],"inLanguage":"de","potentialAction":[{"@type":"CommentAction","name":"Comment","target":["https:\/\/now-news.de\/de\/deutschland\/der-dritte-tage-nach-schweren-erdbeben-in-tuerkei-und-syrien-16-000-tote-und-63-000-verletzte\/#respond"]}]},{"@type":"WebPage","@id":"https:\/\/now-news.de\/de\/deutschland\/der-dritte-tage-nach-schweren-erdbeben-in-tuerkei-und-syrien-16-000-tote-und-63-000-verletzte\/","url":"https:\/\/now-news.de\/de\/deutschland\/der-dritte-tage-nach-schweren-erdbeben-in-tuerkei-und-syrien-16-000-tote-und-63-000-verletzte\/","name":"Der dritte Tage nach schweren Erdbeben in T\u00fcrkei und Syrien: 16.000 Tote und 63.000 Verletzte - just-now.NEWS Deutschland","isPartOf":{"@id":"https:\/\/now-news.de\/de\/#website"},"primaryImageOfPage":{"@id":"https:\/\/now-news.de\/de\/deutschland\/der-dritte-tage-nach-schweren-erdbeben-in-tuerkei-und-syrien-16-000-tote-und-63-000-verletzte\/#primaryimage"},"image":{"@id":"https:\/\/now-news.de\/de\/deutschland\/der-dritte-tage-nach-schweren-erdbeben-in-tuerkei-und-syrien-16-000-tote-und-63-000-verletzte\/#primaryimage"},"thumbnailUrl":"https:\/\/now-news.de\/de\/wp-content\/uploads\/sites\/3\/2023\/02\/Der-dritte-Tage-nach-schweren-Erdbeben-in-Tuerkei-und-Syrien.jpg","datePublished":"2023-02-09T09:32:22+00:00","dateModified":"2023-02-09T09:32:22+00:00","breadcrumb":{"@id":"https:\/\/now-news.de\/de\/deutschland\/der-dritte-tage-nach-schweren-erdbeben-in-tuerkei-und-syrien-16-000-tote-und-63-000-verletzte\/#breadcrumb"},"inLanguage":"de","potentialAction":[{"@type":"ReadAction","target":["https:\/\/now-news.de\/de\/deutschland\/der-dritte-tage-nach-schweren-erdbeben-in-tuerkei-und-syrien-16-000-tote-und-63-000-verletzte\/"]}]},{"@type":"ImageObject","inLanguage":"de","@id":"https:\/\/now-news.de\/de\/deutschland\/der-dritte-tage-nach-schweren-erdbeben-in-tuerkei-und-syrien-16-000-tote-und-63-000-verletzte\/#primaryimage","url":"https:\/\/now-news.de\/de\/wp-content\/uploads\/sites\/3\/2023\/02\/Der-dritte-Tage-nach-schweren-Erdbeben-in-Tuerkei-und-Syrien.jpg","contentUrl":"https:\/\/now-news.de\/de\/wp-content\/uploads\/sites\/3\/2023\/02\/Der-dritte-Tage-nach-schweren-Erdbeben-in-Tuerkei-und-Syrien.jpg","width":460,"height":259,"caption":"Der dritte Tage nach schweren Erdbeben in T\u00fcrkei und Syrien: 16.000 Tote und 63.000 Verletzte"},{"@type":"BreadcrumbList","@id":"https:\/\/now-news.de\/de\/deutschland\/der-dritte-tage-nach-schweren-erdbeben-in-tuerkei-und-syrien-16-000-tote-und-63-000-verletzte\/#breadcrumb","itemListElement":[{"@type":"ListItem","position":1,"name":"Home","item":"https:\/\/now-news.de\/de\/"},{"@type":"ListItem","position":2,"name":"Der dritte Tage nach schweren Erdbeben in T\u00fcrkei und Syrien: 16.000 Tote und 63.000 Verletzte"}]},{"@type":"WebSite","@id":"https:\/\/now-news.de\/de\/#website","url":"https:\/\/now-news.de\/de\/","name":"just-now.NEWS Deutschland","description":"Das Portal f\u00fcr unzensierte Nachrichten aus der Welt","publisher":{"@id":"https:\/\/now-news.de\/de\/#organization"},"potentialAction":[{"@type":"SearchAction","target":{"@type":"EntryPoint","urlTemplate":"https:\/\/now-news.de\/de\/?s={search_term_string}"},"query-input":"required name=search_term_string"}],"inLanguage":"de"},{"@type":"Organization","@id":"https:\/\/now-news.de\/de\/#organization","name":"Just Now News","url":"https:\/\/now-news.de\/de\/","logo":{"@type":"ImageObject","inLanguage":"de","@id":"https:\/\/now-news.de\/de\/#\/schema\/logo\/image\/","url":"http:\/\/just-now.news\/de\/wp-content\/uploads\/sites\/3\/2022\/04\/logo500x500.jpg","contentUrl":"http:\/\/just-now.news\/de\/wp-content\/uploads\/sites\/3\/2022\/04\/logo500x500.jpg","width":500,"height":500,"caption":"Just Now News"},"image":{"@id":"https:\/\/now-news.de\/de\/#\/schema\/logo\/image\/"},"sameAs":["https:\/\/www.facebook.com\/wirmachenauf","https:\/\/x.com\/WirMachenAuf_de"]},{"@type":"Person","@id":"https:\/\/now-news.de\/de\/#\/schema\/person\/fb534a4e865501d8b3285208df34a9b5","name":"rtnews","image":{"@type":"ImageObject","inLanguage":"de","@id":"https:\/\/now-news.de\/de\/#\/schema\/person\/image\/","url":"https:\/\/secure.gravatar.com\/avatar\/82aafea7d8127119dd649515f56e2117?s=96&d=mm&r=g","contentUrl":"https:\/\/secure.gravatar.com\/avatar\/82aafea7d8127119dd649515f56e2117?s=96&d=mm&r=g","caption":"rtnews"},"url":"https:\/\/now-news.de\/de\/author\/rnews\/"}]}},"_links":{"self":[{"href":"https:\/\/now-news.de\/de\/wp-json\/wp\/v2\/posts\/29918"}],"collection":[{"href":"https:\/\/now-news.de\/de\/wp-json\/wp\/v2\/posts"}],"about":[{"href":"https:\/\/now-news.de\/de\/wp-json\/wp\/v2\/types\/post"}],"author":[{"embeddable":true,"href":"https:\/\/now-news.de\/de\/wp-json\/wp\/v2\/users\/3"}],"replies":[{"embeddable":true,"href":"https:\/\/now-news.de\/de\/wp-json\/wp\/v2\/comments?post=29918"}],"version-history":[{"count":0,"href":"https:\/\/now-news.de\/de\/wp-json\/wp\/v2\/posts\/29918\/revisions"}],"wp:featuredmedia":[{"embeddable":true,"href":"https:\/\/now-news.de\/de\/wp-json\/wp\/v2\/media\/29919"}],"wp:attachment":[{"href":"https:\/\/now-news.de\/de\/wp-json\/wp\/v2\/media?parent=29918"}],"wp:term":[{"taxonomy":"category","embeddable":true,"href":"https:\/\/now-news.de\/de\/wp-json\/wp\/v2\/categories?post=29918"},{"taxonomy":"post_tag","embeddable":true,"href":"https:\/\/now-news.de\/de\/wp-json\/wp\/v2\/tags?post=29918"}],"curies":[{"name":"wp","href":"https:\/\/api.w.org\/{rel}","templated":true}]}}