{"id":29848,"date":"2023-02-08T16:05:18","date_gmt":"2023-02-08T14:05:18","guid":{"rendered":"https:\/\/just-now.news\/de\/deutschland\/ciao-kaufkraft-realloehne-sind-2022-das-dritte-jahr-in-folge-gesunken\/"},"modified":"2023-02-08T16:05:18","modified_gmt":"2023-02-08T14:05:18","slug":"ciao-kaufkraft-realloehne-sind-2022-das-dritte-jahr-in-folge-gesunken","status":"publish","type":"post","link":"https:\/\/now-news.de\/de\/deutschland\/ciao-kaufkraft-realloehne-sind-2022-das-dritte-jahr-in-folge-gesunken\/","title":{"rendered":"Ciao Kaufkraft: Reall\u00f6hne sind 2022 das dritte Jahr in Folge gesunken"},"content":{"rendered":"<p><img decoding=\"async\" src=\"http:\/\/just-now.news\/de\/wp-content\/uploads\/sites\/3\/2023\/02\/63e3a02f48fbef5ad51f023e.jpg\" \/><\/p>\n<div class=\"Text-root Text-type_1 \">\n                Im vergangenen Jahr sind die Reall\u00f6hne in Deutschland so stark gesunken wie nie zuvor seit Beginn der statistischen Zeitreihe im Jahr 2008. Die vergleichsweise hohe Inflation bei wenig Entlastung trifft auch die Kaufkraft der Arbeitnehmer.\n            <\/div>\n<p><\/p>\n<div class=\"Text-root Text-type_5 ArticleView-text ViewText-root \">\n<p>Die Einkommen der Arbeitnehmer in Deutschland k\u00f6nnen mit der Inflation immer weniger mithalten\u00a0\u2012 und mittlerweile dr\u00fcckt diese Entwicklung deutlich die Kaufkraft. Die Reall\u00f6hne sind 2022 das dritte Jahr in Folge gesunken. Dies geht aus vorl\u00e4ufigen Daten des Statistischen Bundesamtes Destatis hervor, die am Dienstag ver\u00f6ffentlicht wurden.<\/p>\n<p>Ein R\u00fcckgang der Reall\u00f6hne bedeutet, dass die Lohnerh\u00f6hungen nicht mit der steigenden Inflation mithalten k\u00f6nnen und somit die Kaufkraft sinkt.\u00a0Nach vorl\u00e4ufigen Berechnungen nennt das Bundesamt f\u00fcr die Reall\u00f6hne einen R\u00fcckgang von durchschnittlich 4,1 Prozent im Vergleich zum Vorjahr. Das ist der mit Abstand h\u00f6chste Kaufkraft-Verlust seit Beginn der statistischen Reihe im Jahr 2008. Hohe Teuerungsraten schm\u00e4lern die Kaufkraft von Verbrauchern.<\/p>\n<p>&#8220;Die hohe Inflation hat zu den gr\u00f6\u00dften Reallohnverlusten f\u00fcr Arbeitnehmer seit Beginn der Zeitreihe im Jahr 2008 gef\u00fchrt&#8221;, schreibt Destatis und weist darauf hin, dass die Verbraucherpreise im vergangenen Jahr um 7,9 Prozent gestiegen sind.<\/p>\n<p>Gleichzeitig stiegen die nominalen Verdienste in Deutschland im Jahr 2022 im Durchschnitt nur um 3,4 Prozent. Diese Zahl ber\u00fccksichtigt die Bruttomonatsverdienste der Arbeitnehmer einschlie\u00dflich der Sonderzahlungen, erkl\u00e4rte Destatis.<\/p>\n<p>Schon zum Jahresende 2022 hat die Teuerung deutlich auf den privaten Konsum gedr\u00fcckt. &#8220;Die Konsumenten sind nicht immun gegen eine Erosion ihrer Kaufkraft durch die rekordhohe Inflation&#8221;, erl\u00e4utert Commerzbank-Chefvolkswirt J\u00f6rg Kr\u00e4mer.<\/p>\n<p>Die deutschen Reall\u00f6hne sind in der Corona-Krise bereits seit zwei Jahren r\u00fcckl\u00e4ufig, nachdem es in den 2010er Jahren eher Zuw\u00e4chse gab. Im Jahr 2020 hatte zun\u00e4chst der fl\u00e4chendeckende Einsatz von Kurzarbeit zu einer negativen Lohnentwicklung gef\u00fchrt. In den vergangenen zwei Jahren war dann der Anstieg der Verbraucherpreise der wichtigste Grund f\u00fcr den Schwund bei den Reall\u00f6hnen. Die Ver\u00e4nderung des Reallohns wird berechnet, indem man vom durchschnittlichen Zuwachs des nominalen Bruttolohns den Anstieg der Verbraucherpreise abzieht.<\/p>\n<p>F\u00fcr die Tarifbesch\u00e4ftigten hat die gewerkschaftliche Hans-B\u00f6ckler-Stiftung sogar einen Reallohnverlust von 4,8 Prozent berechnet, weil 2022 nur f\u00fcr wenige Besch\u00e4ftigte neue Tarifabschl\u00fcsse wirksam wurden. Dabei war aber ein deutlicher Trend zu h\u00f6heren Abschl\u00fcssen erkennbar, sagt Thorsten Schulten, Leiter des zust\u00e4ndigen WSI-Tarifarchivs. Die Steigerung der Tarifl\u00f6hne um durchschnittlich 4,1 Prozent bei den Neuabschl\u00fcssen reichte aber nicht zum Ausgleich der Teuerung. &#8220;Die Inflation ist stets eine Verteilungsfrage. Bislang ist sie stark auf Kosten der Besch\u00e4ftigten bezahlt worden&#8221;, sagt der gewerkschaftliche Experte.<\/p>\n<p>Im laufenden Jahr werde es h\u00f6here Abschl\u00fcsse geben, ist sich Schulten angesichts zweistelliger Tarifforderungen etwa bei der Post, im \u00f6ffentlichen Dienst oder aktuell bei der Bahn sicher. &#8220;Es muss eine h\u00f6here Lohndynamik geben.&#8221;<\/p>\n<p>Am unteren Ende der Lohnskala gab es 2022 keine Reallohnverluste, da der gesetzliche Mindeststundenlohn von 9,82 Euro zu Jahresbeginn auf 12,00 Euro stieg, also mehr als 20 Prozent. Im laufenden Jahr wird zwar \u00fcber eine erneute Erh\u00f6hung nachgedacht, die aber erst zum Jahresbeginn 2024 ansteht.<\/p>\n<p>Die Inflation als zu \u00fcbertreffende Marke ist derzeit r\u00fcckl\u00e4ufig, zudem greifen die verschiedenen staatlichen Hilfsprogramme wie die Energie-Preisbremsen und direkte Zusch\u00fcsse. In vielen Tarifabschl\u00fcssen wird die staatliche Vorgabe genutzt, 3.000 Euro Steigerung steuer- und abgabenfrei zu halten.<\/p>\n<p>Ende Januar verk\u00fcndete Bundeswirtschaftsminister Robert Habeck (Gr\u00fcne), es sei gelungen, eine schlimme Wirtschaftskrise abzuwenden. Allerdings werde das Bruttoinlandsprodukt (BIP) in diesem Jahr um 0,2 Prozent wachsen. Im Winter ist dennoch eine sogenannte technische Rezession m\u00f6glich, die dann vorhanden ist, wenn die Wirtschaft zwei Vierteljahre in Folge schrumpft.<\/p>\n<p>F\u00fcr das laufende Jahr 2023 erwartet die Bundesregierung eine Preissteigerung von noch 6,0 Prozent auf der Verbraucherebene. Die Reallohnverluste k\u00f6nnten zur\u00fcckgehen, sofern die Gewerkschaften h\u00f6here Abschl\u00fcsse durchsetzen.<\/p>\n<p><strong>Mehr zum Thema<\/strong>\u00a0\u2013\u00a0<a rel=\"nofollow noopener\" target=\"_blank\" href=\"https:\/\/fromrussiawithlove.rtde.world\/inland\/157216-historischer-reallohnverlust-unternehmen-erzielen-gewinne\/\">Reallohnverlust: Unternehmen erzielen Gewinne auf Kosten der Inflation trotz Lohnentwertung<\/a>\u00a0<\/p>\n<p>(dpa\/ rt de)<\/p>\n<\/div>\n<p><br \/>\n<br \/><a href=\"https:\/\/de.rt.com\/inland\/162319-ciao-kaufkraft-realloehne-sind-2022\/\">Source link <\/a><\/p>\n","protected":false},"excerpt":{"rendered":"<p>Im vergangenen Jahr sind die Reall\u00f6hne in Deutschland so stark gesunken wie nie zuvor seit Beginn der statistischen Zeitreihe im Jahr 2008. Die vergleichsweise hohe Inflation bei wenig Entlastung trifft auch die Kaufkraft der Arbeitnehmer. Die Einkommen der Arbeitnehmer in Deutschland k\u00f6nnen mit der Inflation immer weniger mithalten\u00a0\u2012 und mittlerweile dr\u00fcckt diese Entwicklung deutlich die [&hellip;]<\/p>\n","protected":false},"author":3,"featured_media":29849,"comment_status":"open","ping_status":"open","sticky":false,"template":"","format":"standard","meta":{"_yoast_indexnow_last_ping":["1675865830"],"wp_automatic_camp":["217"],"8920ab0365dfbbf923c9b840f52a9f96":["Ciao Kaufkraft: Reall\u00f6hne sind 2022 das dritte Jahr in Folge gesunken"],"original_link":["https:\/\/de.rt.com\/inland\/162319-ciao-kaufkraft-realloehne-sind-2022\/"],"_thumbnail_id":["29849"],"_wptgpro_p2tg_sent2tg":["a:1:{i:23737;s:19:\"2023-02-08 16:18:24\";}"],"jnews_social_counter_last_update":["1777220078"]},"categories":[19,23],"tags":[40435,427,15742,4959,1441,1615,8449,31910,1046],"yoast_head":"<!-- This site is optimized with the Yoast SEO Premium plugin v22.7 (Yoast SEO v22.7) - https:\/\/yoast.com\/wordpress\/plugins\/seo\/ -->\n<title>Ciao Kaufkraft: Reall\u00f6hne sind 2022 das dritte Jahr in Folge gesunken - just-now.NEWS Deutschland<\/title>\n<meta name=\"robots\" content=\"index, follow, max-snippet:-1, max-image-preview:large, max-video-preview:-1\" \/>\n<link rel=\"canonical\" href=\"https:\/\/now-news.de\/de\/deutschland\/ciao-kaufkraft-realloehne-sind-2022-das-dritte-jahr-in-folge-gesunken\/\" \/>\n<meta property=\"og:locale\" content=\"de_DE\" \/>\n<meta property=\"og:type\" content=\"article\" \/>\n<meta property=\"og:title\" content=\"Ciao Kaufkraft: Reall\u00f6hne sind 2022 das dritte Jahr in Folge gesunken\" \/>\n<meta property=\"og:description\" content=\"Im vergangenen Jahr sind die Reall\u00f6hne in Deutschland so stark gesunken wie nie zuvor seit Beginn der statistischen Zeitreihe im Jahr 2008. Die vergleichsweise hohe Inflation bei wenig Entlastung trifft auch die Kaufkraft der Arbeitnehmer. Die Einkommen der Arbeitnehmer in Deutschland k\u00f6nnen mit der Inflation immer weniger mithalten\u00a0\u2012 und mittlerweile dr\u00fcckt diese Entwicklung deutlich die [&hellip;]\" \/>\n<meta property=\"og:url\" content=\"https:\/\/now-news.de\/de\/deutschland\/ciao-kaufkraft-realloehne-sind-2022-das-dritte-jahr-in-folge-gesunken\/\" \/>\n<meta property=\"og:site_name\" content=\"just-now.NEWS Deutschland\" \/>\n<meta property=\"article:publisher\" content=\"https:\/\/www.facebook.com\/wirmachenauf\" \/>\n<meta property=\"article:published_time\" content=\"2023-02-08T14:05:18+00:00\" \/>\n<meta property=\"og:image\" content=\"https:\/\/now-news.de\/de\/wp-content\/uploads\/sites\/3\/2023\/02\/Ciao-Kaufkraft-Realloehne-sind-2022-das-dritte-Jahr-in-Folge.jpg\" \/>\n\t<meta property=\"og:image:width\" content=\"460\" \/>\n\t<meta property=\"og:image:height\" content=\"259\" \/>\n\t<meta property=\"og:image:type\" content=\"image\/jpeg\" \/>\n<meta name=\"author\" content=\"rtnews\" \/>\n<meta name=\"twitter:card\" content=\"summary_large_image\" \/>\n<meta name=\"twitter:creator\" content=\"@WirMachenAuf_de\" \/>\n<meta name=\"twitter:site\" content=\"@WirMachenAuf_de\" \/>\n<meta name=\"twitter:label1\" content=\"Verfasst von\" \/>\n\t<meta name=\"twitter:data1\" content=\"rtnews\" \/>\n\t<meta name=\"twitter:label2\" content=\"Gesch\u00e4tzte Lesezeit\" \/>\n\t<meta name=\"twitter:data2\" content=\"3\u00a0Minuten\" \/>\n<script type=\"application\/ld+json\" class=\"yoast-schema-graph\">{\"@context\":\"https:\/\/schema.org\",\"@graph\":[{\"@type\":\"Article\",\"@id\":\"https:\/\/now-news.de\/de\/deutschland\/ciao-kaufkraft-realloehne-sind-2022-das-dritte-jahr-in-folge-gesunken\/#article\",\"isPartOf\":{\"@id\":\"https:\/\/now-news.de\/de\/deutschland\/ciao-kaufkraft-realloehne-sind-2022-das-dritte-jahr-in-folge-gesunken\/\"},\"author\":{\"name\":\"rtnews\",\"@id\":\"https:\/\/now-news.de\/de\/#\/schema\/person\/fb534a4e865501d8b3285208df34a9b5\"},\"headline\":\"Ciao Kaufkraft: Reall\u00f6hne sind 2022 das dritte Jahr in Folge gesunken\",\"datePublished\":\"2023-02-08T14:05:18+00:00\",\"dateModified\":\"2023-02-08T14:05:18+00:00\",\"mainEntityOfPage\":{\"@id\":\"https:\/\/now-news.de\/de\/deutschland\/ciao-kaufkraft-realloehne-sind-2022-das-dritte-jahr-in-folge-gesunken\/\"},\"wordCount\":651,\"commentCount\":0,\"publisher\":{\"@id\":\"https:\/\/now-news.de\/de\/#organization\"},\"image\":{\"@id\":\"https:\/\/now-news.de\/de\/deutschland\/ciao-kaufkraft-realloehne-sind-2022-das-dritte-jahr-in-folge-gesunken\/#primaryimage\"},\"thumbnailUrl\":\"https:\/\/now-news.de\/de\/wp-content\/uploads\/sites\/3\/2023\/02\/Ciao-Kaufkraft-Realloehne-sind-2022-das-dritte-Jahr-in-Folge.jpg\",\"keywords\":[\"Ciao\",\"das\",\"Dritte\",\"Folge\",\"gesunken\",\"Jahr\",\"Kaufkraft\",\"Reall\u00f6hne\",\"sind\"],\"articleSection\":[\"Deutschland\",\"Russland\"],\"inLanguage\":\"de\",\"potentialAction\":[{\"@type\":\"CommentAction\",\"name\":\"Comment\",\"target\":[\"https:\/\/now-news.de\/de\/deutschland\/ciao-kaufkraft-realloehne-sind-2022-das-dritte-jahr-in-folge-gesunken\/#respond\"]}]},{\"@type\":\"WebPage\",\"@id\":\"https:\/\/now-news.de\/de\/deutschland\/ciao-kaufkraft-realloehne-sind-2022-das-dritte-jahr-in-folge-gesunken\/\",\"url\":\"https:\/\/now-news.de\/de\/deutschland\/ciao-kaufkraft-realloehne-sind-2022-das-dritte-jahr-in-folge-gesunken\/\",\"name\":\"Ciao Kaufkraft: Reall\u00f6hne sind 2022 das dritte Jahr in Folge gesunken - just-now.NEWS Deutschland\",\"isPartOf\":{\"@id\":\"https:\/\/now-news.de\/de\/#website\"},\"primaryImageOfPage\":{\"@id\":\"https:\/\/now-news.de\/de\/deutschland\/ciao-kaufkraft-realloehne-sind-2022-das-dritte-jahr-in-folge-gesunken\/#primaryimage\"},\"image\":{\"@id\":\"https:\/\/now-news.de\/de\/deutschland\/ciao-kaufkraft-realloehne-sind-2022-das-dritte-jahr-in-folge-gesunken\/#primaryimage\"},\"thumbnailUrl\":\"https:\/\/now-news.de\/de\/wp-content\/uploads\/sites\/3\/2023\/02\/Ciao-Kaufkraft-Realloehne-sind-2022-das-dritte-Jahr-in-Folge.jpg\",\"datePublished\":\"2023-02-08T14:05:18+00:00\",\"dateModified\":\"2023-02-08T14:05:18+00:00\",\"breadcrumb\":{\"@id\":\"https:\/\/now-news.de\/de\/deutschland\/ciao-kaufkraft-realloehne-sind-2022-das-dritte-jahr-in-folge-gesunken\/#breadcrumb\"},\"inLanguage\":\"de\",\"potentialAction\":[{\"@type\":\"ReadAction\",\"target\":[\"https:\/\/now-news.de\/de\/deutschland\/ciao-kaufkraft-realloehne-sind-2022-das-dritte-jahr-in-folge-gesunken\/\"]}]},{\"@type\":\"ImageObject\",\"inLanguage\":\"de\",\"@id\":\"https:\/\/now-news.de\/de\/deutschland\/ciao-kaufkraft-realloehne-sind-2022-das-dritte-jahr-in-folge-gesunken\/#primaryimage\",\"url\":\"https:\/\/now-news.de\/de\/wp-content\/uploads\/sites\/3\/2023\/02\/Ciao-Kaufkraft-Realloehne-sind-2022-das-dritte-Jahr-in-Folge.jpg\",\"contentUrl\":\"https:\/\/now-news.de\/de\/wp-content\/uploads\/sites\/3\/2023\/02\/Ciao-Kaufkraft-Realloehne-sind-2022-das-dritte-Jahr-in-Folge.jpg\",\"width\":460,\"height\":259,\"caption\":\"Ciao Kaufkraft: Reall\u00f6hne sind 2022 das dritte Jahr in Folge gesunken\"},{\"@type\":\"BreadcrumbList\",\"@id\":\"https:\/\/now-news.de\/de\/deutschland\/ciao-kaufkraft-realloehne-sind-2022-das-dritte-jahr-in-folge-gesunken\/#breadcrumb\",\"itemListElement\":[{\"@type\":\"ListItem\",\"position\":1,\"name\":\"Home\",\"item\":\"https:\/\/now-news.de\/de\/\"},{\"@type\":\"ListItem\",\"position\":2,\"name\":\"Ciao Kaufkraft: Reall\u00f6hne sind 2022 das dritte Jahr in Folge gesunken\"}]},{\"@type\":\"WebSite\",\"@id\":\"https:\/\/now-news.de\/de\/#website\",\"url\":\"https:\/\/now-news.de\/de\/\",\"name\":\"just-now.NEWS Deutschland\",\"description\":\"Das Portal f\u00fcr unzensierte Nachrichten aus der Welt\",\"publisher\":{\"@id\":\"https:\/\/now-news.de\/de\/#organization\"},\"potentialAction\":[{\"@type\":\"SearchAction\",\"target\":{\"@type\":\"EntryPoint\",\"urlTemplate\":\"https:\/\/now-news.de\/de\/?s={search_term_string}\"},\"query-input\":\"required name=search_term_string\"}],\"inLanguage\":\"de\"},{\"@type\":\"Organization\",\"@id\":\"https:\/\/now-news.de\/de\/#organization\",\"name\":\"Just Now News\",\"url\":\"https:\/\/now-news.de\/de\/\",\"logo\":{\"@type\":\"ImageObject\",\"inLanguage\":\"de\",\"@id\":\"https:\/\/now-news.de\/de\/#\/schema\/logo\/image\/\",\"url\":\"http:\/\/just-now.news\/de\/wp-content\/uploads\/sites\/3\/2022\/04\/logo500x500.jpg\",\"contentUrl\":\"http:\/\/just-now.news\/de\/wp-content\/uploads\/sites\/3\/2022\/04\/logo500x500.jpg\",\"width\":500,\"height\":500,\"caption\":\"Just Now News\"},\"image\":{\"@id\":\"https:\/\/now-news.de\/de\/#\/schema\/logo\/image\/\"},\"sameAs\":[\"https:\/\/www.facebook.com\/wirmachenauf\",\"https:\/\/x.com\/WirMachenAuf_de\"]},{\"@type\":\"Person\",\"@id\":\"https:\/\/now-news.de\/de\/#\/schema\/person\/fb534a4e865501d8b3285208df34a9b5\",\"name\":\"rtnews\",\"image\":{\"@type\":\"ImageObject\",\"inLanguage\":\"de\",\"@id\":\"https:\/\/now-news.de\/de\/#\/schema\/person\/image\/\",\"url\":\"https:\/\/secure.gravatar.com\/avatar\/82aafea7d8127119dd649515f56e2117?s=96&d=mm&r=g\",\"contentUrl\":\"https:\/\/secure.gravatar.com\/avatar\/82aafea7d8127119dd649515f56e2117?s=96&d=mm&r=g\",\"caption\":\"rtnews\"},\"url\":\"https:\/\/now-news.de\/de\/author\/rnews\/\"}]}<\/script>\n<!-- \/ Yoast SEO Premium plugin. -->","yoast_head_json":{"title":"Ciao Kaufkraft: Reall\u00f6hne sind 2022 das dritte Jahr in Folge gesunken - just-now.NEWS Deutschland","robots":{"index":"index","follow":"follow","max-snippet":"max-snippet:-1","max-image-preview":"max-image-preview:large","max-video-preview":"max-video-preview:-1"},"canonical":"https:\/\/now-news.de\/de\/deutschland\/ciao-kaufkraft-realloehne-sind-2022-das-dritte-jahr-in-folge-gesunken\/","og_locale":"de_DE","og_type":"article","og_title":"Ciao Kaufkraft: Reall\u00f6hne sind 2022 das dritte Jahr in Folge gesunken","og_description":"Im vergangenen Jahr sind die Reall\u00f6hne in Deutschland so stark gesunken wie nie zuvor seit Beginn der statistischen Zeitreihe im Jahr 2008. Die vergleichsweise hohe Inflation bei wenig Entlastung trifft auch die Kaufkraft der Arbeitnehmer. Die Einkommen der Arbeitnehmer in Deutschland k\u00f6nnen mit der Inflation immer weniger mithalten\u00a0\u2012 und mittlerweile dr\u00fcckt diese Entwicklung deutlich die [&hellip;]","og_url":"https:\/\/now-news.de\/de\/deutschland\/ciao-kaufkraft-realloehne-sind-2022-das-dritte-jahr-in-folge-gesunken\/","og_site_name":"just-now.NEWS Deutschland","article_publisher":"https:\/\/www.facebook.com\/wirmachenauf","article_published_time":"2023-02-08T14:05:18+00:00","og_image":[{"width":460,"height":259,"url":"https:\/\/now-news.de\/de\/wp-content\/uploads\/sites\/3\/2023\/02\/Ciao-Kaufkraft-Realloehne-sind-2022-das-dritte-Jahr-in-Folge.jpg","type":"image\/jpeg"}],"author":"rtnews","twitter_card":"summary_large_image","twitter_creator":"@WirMachenAuf_de","twitter_site":"@WirMachenAuf_de","twitter_misc":{"Verfasst von":"rtnews","Gesch\u00e4tzte Lesezeit":"3\u00a0Minuten"},"schema":{"@context":"https:\/\/schema.org","@graph":[{"@type":"Article","@id":"https:\/\/now-news.de\/de\/deutschland\/ciao-kaufkraft-realloehne-sind-2022-das-dritte-jahr-in-folge-gesunken\/#article","isPartOf":{"@id":"https:\/\/now-news.de\/de\/deutschland\/ciao-kaufkraft-realloehne-sind-2022-das-dritte-jahr-in-folge-gesunken\/"},"author":{"name":"rtnews","@id":"https:\/\/now-news.de\/de\/#\/schema\/person\/fb534a4e865501d8b3285208df34a9b5"},"headline":"Ciao Kaufkraft: Reall\u00f6hne sind 2022 das dritte Jahr in Folge gesunken","datePublished":"2023-02-08T14:05:18+00:00","dateModified":"2023-02-08T14:05:18+00:00","mainEntityOfPage":{"@id":"https:\/\/now-news.de\/de\/deutschland\/ciao-kaufkraft-realloehne-sind-2022-das-dritte-jahr-in-folge-gesunken\/"},"wordCount":651,"commentCount":0,"publisher":{"@id":"https:\/\/now-news.de\/de\/#organization"},"image":{"@id":"https:\/\/now-news.de\/de\/deutschland\/ciao-kaufkraft-realloehne-sind-2022-das-dritte-jahr-in-folge-gesunken\/#primaryimage"},"thumbnailUrl":"https:\/\/now-news.de\/de\/wp-content\/uploads\/sites\/3\/2023\/02\/Ciao-Kaufkraft-Realloehne-sind-2022-das-dritte-Jahr-in-Folge.jpg","keywords":["Ciao","das","Dritte","Folge","gesunken","Jahr","Kaufkraft","Reall\u00f6hne","sind"],"articleSection":["Deutschland","Russland"],"inLanguage":"de","potentialAction":[{"@type":"CommentAction","name":"Comment","target":["https:\/\/now-news.de\/de\/deutschland\/ciao-kaufkraft-realloehne-sind-2022-das-dritte-jahr-in-folge-gesunken\/#respond"]}]},{"@type":"WebPage","@id":"https:\/\/now-news.de\/de\/deutschland\/ciao-kaufkraft-realloehne-sind-2022-das-dritte-jahr-in-folge-gesunken\/","url":"https:\/\/now-news.de\/de\/deutschland\/ciao-kaufkraft-realloehne-sind-2022-das-dritte-jahr-in-folge-gesunken\/","name":"Ciao Kaufkraft: Reall\u00f6hne sind 2022 das dritte Jahr in Folge gesunken - just-now.NEWS Deutschland","isPartOf":{"@id":"https:\/\/now-news.de\/de\/#website"},"primaryImageOfPage":{"@id":"https:\/\/now-news.de\/de\/deutschland\/ciao-kaufkraft-realloehne-sind-2022-das-dritte-jahr-in-folge-gesunken\/#primaryimage"},"image":{"@id":"https:\/\/now-news.de\/de\/deutschland\/ciao-kaufkraft-realloehne-sind-2022-das-dritte-jahr-in-folge-gesunken\/#primaryimage"},"thumbnailUrl":"https:\/\/now-news.de\/de\/wp-content\/uploads\/sites\/3\/2023\/02\/Ciao-Kaufkraft-Realloehne-sind-2022-das-dritte-Jahr-in-Folge.jpg","datePublished":"2023-02-08T14:05:18+00:00","dateModified":"2023-02-08T14:05:18+00:00","breadcrumb":{"@id":"https:\/\/now-news.de\/de\/deutschland\/ciao-kaufkraft-realloehne-sind-2022-das-dritte-jahr-in-folge-gesunken\/#breadcrumb"},"inLanguage":"de","potentialAction":[{"@type":"ReadAction","target":["https:\/\/now-news.de\/de\/deutschland\/ciao-kaufkraft-realloehne-sind-2022-das-dritte-jahr-in-folge-gesunken\/"]}]},{"@type":"ImageObject","inLanguage":"de","@id":"https:\/\/now-news.de\/de\/deutschland\/ciao-kaufkraft-realloehne-sind-2022-das-dritte-jahr-in-folge-gesunken\/#primaryimage","url":"https:\/\/now-news.de\/de\/wp-content\/uploads\/sites\/3\/2023\/02\/Ciao-Kaufkraft-Realloehne-sind-2022-das-dritte-Jahr-in-Folge.jpg","contentUrl":"https:\/\/now-news.de\/de\/wp-content\/uploads\/sites\/3\/2023\/02\/Ciao-Kaufkraft-Realloehne-sind-2022-das-dritte-Jahr-in-Folge.jpg","width":460,"height":259,"caption":"Ciao Kaufkraft: Reall\u00f6hne sind 2022 das dritte Jahr in Folge gesunken"},{"@type":"BreadcrumbList","@id":"https:\/\/now-news.de\/de\/deutschland\/ciao-kaufkraft-realloehne-sind-2022-das-dritte-jahr-in-folge-gesunken\/#breadcrumb","itemListElement":[{"@type":"ListItem","position":1,"name":"Home","item":"https:\/\/now-news.de\/de\/"},{"@type":"ListItem","position":2,"name":"Ciao Kaufkraft: Reall\u00f6hne sind 2022 das dritte Jahr in Folge gesunken"}]},{"@type":"WebSite","@id":"https:\/\/now-news.de\/de\/#website","url":"https:\/\/now-news.de\/de\/","name":"just-now.NEWS Deutschland","description":"Das Portal f\u00fcr unzensierte Nachrichten aus der Welt","publisher":{"@id":"https:\/\/now-news.de\/de\/#organization"},"potentialAction":[{"@type":"SearchAction","target":{"@type":"EntryPoint","urlTemplate":"https:\/\/now-news.de\/de\/?s={search_term_string}"},"query-input":"required name=search_term_string"}],"inLanguage":"de"},{"@type":"Organization","@id":"https:\/\/now-news.de\/de\/#organization","name":"Just Now News","url":"https:\/\/now-news.de\/de\/","logo":{"@type":"ImageObject","inLanguage":"de","@id":"https:\/\/now-news.de\/de\/#\/schema\/logo\/image\/","url":"http:\/\/just-now.news\/de\/wp-content\/uploads\/sites\/3\/2022\/04\/logo500x500.jpg","contentUrl":"http:\/\/just-now.news\/de\/wp-content\/uploads\/sites\/3\/2022\/04\/logo500x500.jpg","width":500,"height":500,"caption":"Just Now News"},"image":{"@id":"https:\/\/now-news.de\/de\/#\/schema\/logo\/image\/"},"sameAs":["https:\/\/www.facebook.com\/wirmachenauf","https:\/\/x.com\/WirMachenAuf_de"]},{"@type":"Person","@id":"https:\/\/now-news.de\/de\/#\/schema\/person\/fb534a4e865501d8b3285208df34a9b5","name":"rtnews","image":{"@type":"ImageObject","inLanguage":"de","@id":"https:\/\/now-news.de\/de\/#\/schema\/person\/image\/","url":"https:\/\/secure.gravatar.com\/avatar\/82aafea7d8127119dd649515f56e2117?s=96&d=mm&r=g","contentUrl":"https:\/\/secure.gravatar.com\/avatar\/82aafea7d8127119dd649515f56e2117?s=96&d=mm&r=g","caption":"rtnews"},"url":"https:\/\/now-news.de\/de\/author\/rnews\/"}]}},"_links":{"self":[{"href":"https:\/\/now-news.de\/de\/wp-json\/wp\/v2\/posts\/29848"}],"collection":[{"href":"https:\/\/now-news.de\/de\/wp-json\/wp\/v2\/posts"}],"about":[{"href":"https:\/\/now-news.de\/de\/wp-json\/wp\/v2\/types\/post"}],"author":[{"embeddable":true,"href":"https:\/\/now-news.de\/de\/wp-json\/wp\/v2\/users\/3"}],"replies":[{"embeddable":true,"href":"https:\/\/now-news.de\/de\/wp-json\/wp\/v2\/comments?post=29848"}],"version-history":[{"count":0,"href":"https:\/\/now-news.de\/de\/wp-json\/wp\/v2\/posts\/29848\/revisions"}],"wp:featuredmedia":[{"embeddable":true,"href":"https:\/\/now-news.de\/de\/wp-json\/wp\/v2\/media\/29849"}],"wp:attachment":[{"href":"https:\/\/now-news.de\/de\/wp-json\/wp\/v2\/media?parent=29848"}],"wp:term":[{"taxonomy":"category","embeddable":true,"href":"https:\/\/now-news.de\/de\/wp-json\/wp\/v2\/categories?post=29848"},{"taxonomy":"post_tag","embeddable":true,"href":"https:\/\/now-news.de\/de\/wp-json\/wp\/v2\/tags?post=29848"}],"curies":[{"name":"wp","href":"https:\/\/api.w.org\/{rel}","templated":true}]}}