{"id":29838,"date":"2023-02-08T14:38:51","date_gmt":"2023-02-08T12:38:51","guid":{"rendered":"http:\/\/just-now.news\/de\/deutschland\/die-befreiung-von-artjomowsk-wendepunkt-im-kampf-um-den-donbass\/"},"modified":"2023-02-08T14:38:51","modified_gmt":"2023-02-08T12:38:51","slug":"die-befreiung-von-artjomowsk-wendepunkt-im-kampf-um-den-donbass","status":"publish","type":"post","link":"https:\/\/now-news.de\/de\/deutschland\/die-befreiung-von-artjomowsk-wendepunkt-im-kampf-um-den-donbass\/","title":{"rendered":"Die Befreiung von Artjomowsk \u2013 Wendepunkt im Kampf um den Donbass"},"content":{"rendered":"<p><img decoding=\"async\" src=\"http:\/\/just-now.news\/de\/wp-content\/uploads\/sites\/3\/2023\/02\/63e3786648fbef1d8b3230d2.jpg\" \/><\/p>\n<div class=\"Text-root Text-type_1 \">\n                Das ukrainische Kommando steht vor der Wahl: schwere Verluste bei der Verteidigung von Artjomowsk (Bachmut) zu erleiden oder die Stadt den vorr\u00fcckenden russischen Einheiten zu \u00fcberlassen. Warum die Einnahme von Artjomowsk der Schl\u00fcssel zum Wendepunkt f\u00fcr die Kampfhandlungen im Donbass werden k\u00f6nnte.\n            <\/div>\n<p><\/p>\n<div class=\"Text-root Text-type_5 ArticleView-text ViewText-root \">\n<p><em>Von Jewgeni Krutikow<\/em><\/p>\n<p>Die Streitkr\u00e4fte der Russischen F\u00f6deration (RF) setzten in den vergangenen 24 Stunden ihre erfolgreiche Offensive in der Region um Soledar und Artjomowsk (Bachmut) fort. Im Norden von Soledar wurden die kleinen D\u00f6rfer Sakko, Vanzetti und Nikolajewka eingenommen.<\/p>\n<p>Diese scheinbar kleine Entwicklung hat dazu gef\u00fchrt, dass die AFU selbst das Dorf Belogorowka am Rande von Serebrjanskoje Lesnitschestwo verlassen haben. Diese Richtung ist eine v\u00f6llig andere: Die ukrainische Gruppierung ist dort mehrere Dutzend Kilometer in Form einer Staffelung in Richtung Kremennaja-Lissitschansk vorger\u00fcckt.<\/p>\n<p>Mehrere Monate lang sammelte Kiew dort Kr\u00e4fte, mit dem Ziel, eine Offensive nach Lissitschansk-Sewerodonezk tief in die LNR hinein zu organisieren. Dieser Plan ist nun durchkreuzt worden. Die ukrainischen Streitkr\u00e4fte m\u00fcssten ihre Stellungen dringend verlassen, sollten die russischen Einheiten weiter in Richtung Sewersk vorr\u00fccken. Das zum Thema, wie wichtig &#8220;lokale&#8221; Operationen in D\u00f6rfern seien, von denen man zuvor nichts geh\u00f6rt hat.<\/p>\n<p><strong>K\u00e4mpfe in der Umgebung von\u00a0Artjomowsk<\/strong><\/p>\n<p>Um Artjomowsk herum ist die Situation noch komplizierter. Die K\u00e4mpfe innerhalb der Stadtgrenzen finden im Nordosten und S\u00fcdosten der Stadt statt. Vorr\u00fcckende Sto\u00dftrupps haben einen Teil der Wohnblocks in der Watutin-Stra\u00dfe besetzt und dringen in die benachbarten Stra\u00dfen vor, die \u00fcberwiegend mit Einfamilienh\u00e4usern bebaut sind. Das Gewerbegebiet der Champagner- und Fleischfabriken ist weitgehend passiert.<\/p>\n<p>Allerdings finden die wichtigsten Geschehnisse nicht in Artjomowsk selbst, sondern in der Umgebung statt.<\/p>\n<p>S\u00fcdwestlich der Stadt haben russische Sto\u00dftrupps eine Reihe hoher H\u00fcgel besetzt, haben den dahinter liegenden Waldg\u00fcrtel passiert und sind in Richtung des Dorfes Iwanowskoje (Krasnoje) vorgedrungen, das an der Fernstra\u00dfe Artjomowsk-Konstantinowka liegt. Bis zur Hauptstra\u00dfe sind es zwei Kilometer Luftlinie, sie steht unter Beschuss, und die Versorgung der AFU-Garnison in der Stadt ist \u00fcber sie nicht mehr m\u00f6glich.<\/p>\n<p>Hinter Iwanowskoje (Krasnoje) ist bereits Tschassow Jar die Hauptposition zur Versorgung von Artjomowsk und die zuk\u00fcnftige Verteidigungsposition der AFU nach der Aufgabe der Stadt. Tschassow Jar liegt auf einem H\u00fcgel hinter dem Kanal. In den letzten zwei oder drei Tagen wurde dort eine taktische Gruppe &#8220;Karpaten&#8221; zur eigenst\u00e4ndigen Verteidigung dieser Stellung eingerichtet. Aber auch Iwanowskoje ist stark befestigt (an sich ist das Dorf eher klein) und wird derzeit fest von der AFU gehalten.<\/p>\n<p><strong>Von Amerikanern ausgebildete Spezialeinheit eingetroffen<\/strong><\/p>\n<p>Vor kurzem ist dort das 214. Separate Bataillon &#8220;Opfor&#8221; der AFU eingetroffen. Diese Abk\u00fcrzung stammt aus dem Englischen (von opposing force). Zu Friedenszeiten werden sie dazu geschaffen, bei \u00dcbungen die Rolle eines potenziellen Gegners zu spielen. Unter den gegenw\u00e4rtigen ukrainischen Bedingungen ist die 214. Bataillon eine von den Amerikanern ausgebildete Spezialeinheit, die allerdings nach russischen Methoden ausgebildet wurde. Vorher war sie in der N\u00e4he von Donezk stationiert, zog sich aber unter Verlusten zur\u00fcck und wurde nach ihrer Neuformation nach Iwanowskoje (Krasnoje) verlegt. Am gleichen Ort werden voraussichtlich Einheiten der Territorialverteidigung aus Charkow erwartet.<\/p>\n<p>Im nord\u00f6stlichen Teil von Artjomowsk wird seit vierzehn Tagen um zwei Vororte gek\u00e4mpft: Krasnaja Gora und Paraskowjewka. Ein Teil von Krasnaja Gora ist bereits eingenommen, und die Aussichten in dieser Richtung sind insgesamt gut. Die AFU verlegt regelm\u00e4\u00dfig Verst\u00e4rkungen dorthin und f\u00fchrt regelm\u00e4\u00dfig R\u00fccktransporte von Einheiten mit schweren Verlusten durch. Diese Richtung wird als kritisch f\u00fcr die Verteidigung von Artjomowsk gesehen, weil die Einnahme von Krasnaja Gora und Paraskowjewka die Kontrolle \u00fcber die letzte Stra\u00dfe, die von der Stadt nach Tschassow Jar f\u00fchrt, erm\u00f6glichen wird.<\/p>\n<p>Momentan ist die operative Einkreisung von Artjomowsk definitiv nicht gegeben. Es gibt genau diese Stra\u00dfe nach Tschassow Jar, die zur Versorgung der ukrainischen Garnison und zur Verst\u00e4rkung dient. Doch die Mobilit\u00e4t ist auch in die andere Richtung gegeben: Die AFU k\u00f6nnte den Versuch unternehmen, einen Teil der umzingelten Garnison \u00fcber diese Stra\u00dfe zu evakuieren.<\/p>\n<p><strong>Evakuierung oder Spiel auf Zeit?<\/strong><\/p>\n<p>Solange diese M\u00f6glichkeit einer Evakuierung nach Tschassow Jar besteht, solange werden Gespr\u00e4che \u00fcber die Alternative gef\u00fchrt: Entweder die Verteidigung von Artjomowsk bis zum letzten Soldaten, um die Zeit bis zum Erhalt von gepanzerten Fahrzeugen hinauszuz\u00f6gern oder umgekehrt die Evakuierung der Garnison, mit dem mythischen Ziel, &#8220;die Armee f\u00fcr eine Gegenoffensive im Fr\u00fchjahr zu retten&#8221;. Es gibt jedoch keine Anzeichen f\u00fcr einen systematischen R\u00fcckzug aus der Stadt. Wenn in ein paar Tagen die russischen Sto\u00dftrupps Paraskowjewka besetzen und sich entlang der Eisenbahnlinie nach S\u00fcden zum Bahnhof Stupka bewegen, verlieren alle diese \u00dcberlegungen (R\u00fcckzug oder nicht) ihren Sinn. Ein R\u00fcckzug der Garnison wird nicht mehr m\u00f6glich sein.<\/p>\n<p>Momentan \u00fcbersteigt die Dichte der AFU-Verteidigung in Artjomowsk alle vern\u00fcnftigen Grenzen. Sch\u00e4tzungsweise sind es drei Z\u00fcge pro Kilometer Verteidigungslinie im dichten Stadtgebiet. Dabei ist dies ein sehr vielf\u00e4ltiges Publikum. Im Verlauf einer Minderung der Verteidigungskr\u00e4fte werden diese zersplittern und folglich zerfallen.<\/p>\n<p>Der Verlust von Artjomowsk in jeder Form (R\u00fcckzug oder Sturm) bedeutet f\u00fcr die AFU den Kollaps der Frontlinie. Und zwar nicht nur auf dieser Verteidigungslinie (sie ist bereits zersplittert), sondern im Grunde im gesamten AFU-System der Nordfront.<\/p>\n<p>Wie dargelegt, hat bereits eine kleine Vorsto\u00dfbewegung in Richtung Sewersk den R\u00fcckzug der AFU aus dem Vorposten Lyssjanka eingeleitet. Und dort ist sozusagen ein &#8220;Flaschenhals&#8221;: Der Abzug der dort seit Langem zusammengezogenen AFU-Einheiten ist nur \u00fcber Sewersk m\u00f6glich. Ohne Sewersk ergibt sich eine Einkesselung mit darauffolgender Wiedererlangung von Krasny Liman und m\u00f6glicherweise sogar Isjum.<\/p>\n<p>F\u00fcr zus\u00e4tzliche Aufregung sorgt die Information, dass der Feind angesichts des Tempos des Vormarsches der russischen Streitkr\u00e4fte keine Zeit hat, den ben\u00f6tigten Verteidigungsbereich um die Agglomeration Slawjansk-Kramatorsk-Konstantinowka zu bilden. Das ist zwar \u00fcberraschend, doch eine Tatsache: Derzeit finden dort verst\u00e4rkte Bauarbeiten statt, und Kramatorsk, wo seit Jahren Stabsquartiere und Nachschubdepots der Armee untergebracht sind, ist nun von Osten her offen.<\/p>\n<p><strong>Artjomowsk k\u00f6nnte f\u00fcr den Donbass zum Wendepunkt werden<\/strong><\/p>\n<p>Was bedeutet es nun f\u00fcr die AFU, &#8220;die Armee f\u00fcr eine Offensive zu schonen&#8221;?<\/p>\n<p>Soll man ein Selbstmordkommando in Artjomowsk als Nachhut an den Hauptstra\u00dfen zur\u00fccklassen und die gesamte 30.000 Mann starke Garnison in einem Kapellenzug \u00fcber die einzige von Gesch\u00fctzen kontrollierte Stra\u00dfe hinausf\u00fchren? Und dann ein \u00e4hnlicher R\u00fcckzug durch Sewersk von Lissitschansk aus? Zeitgleich geht Ugledar verloren, und die Streitkr\u00e4fte der RF beginnen mit dem Vormarsch in Richtung Norden nach Kurachowo und weiter nach Krasnoarmeysk (Pokrowsk). Die AFU verf\u00fcgt \u00fcber keine operativen Reserven mehr, es gibt nur noch neu formierte Nummernbrigaden, die in der Westukraine aus der letzten Mobilisierungswelle gebildet wurden, d. h. aus M\u00e4nnern im Alter von 45 bis 60 Jahren, die auf der Stra\u00dfe gefangen wurden.<\/p>\n<p>Kurzfristig hat die AFU folgende Aussichten: Artjomowsk wird eingekesselt, die AFU-Front bricht zusammen, und es gibt einfach niemanden und nirgendwo mehr zu evakuieren. Die \u00fcberst\u00fcrzte Errichtung neuer Verteidigungslinien in Tschassow Jar und Kramatorsk ist ein Beweis daf\u00fcr. Das, was die Streitkr\u00e4fte der Russischen F\u00f6deration als relativ lokal begrenzte Operation begonnen haben, entwickelt sich schlie\u00dflich zu einer Gelegenheit, einen echten Wendepunkt f\u00fcr Kampfhandlungen im Donbass zu schaffen. Kiew und Pentagon vers\u00e4umten es, dies rechtzeitig zu erkennen, und haben jetzt nur noch einen extrem engen Entscheidungsspielraum: von schlecht bis schlimmer. Von der \u00fcberst\u00fcrzten Evakuierung bis zur Niederlage.<em><\/em><\/p>\n<p><em>Zuerst erschienen bei Wsgljad. \u00dcbersetzt aus dem <\/em><a rel=\"nofollow noopener\" target=\"_blank\" href=\"https:\/\/vz.ru\/society\/2023\/2\/3\/1197810.html\"><em>Russischen<\/em><\/a><em>.<\/p>\n<p><\/em><strong>Mehr zum Thema <\/strong>\u2013\u00a0<a rel=\"nofollow noopener\" target=\"_blank\" href=\"https:\/\/de.rt.com\/europa\/162228-damit-war-ende-ukraine-besiegelt\/\">&#8220;Damit war das Ende der Ukraine besiegelt&#8221; \u2013 Vor zwei Jahren verbot Selenskij drei Oppositionssender<\/a><\/p>\n<div class=\"EmbedBlock-root EmbedBlock-externalVideo EmbedBlock-odysee\">\n<div class=\"VkEmbed\"><iframe class=\"lazyload\" data-src=\"https:\/\/odysee.com\/%24\/embed\/%40RTDE%3Ae%2FDie-H%C3%B6lle-von-Artjomowsk-Schwere-russische-M%C3%B6rser-und-immense-ukrainische-Verluste%3A5\" frameborder=\"0\" width=\"853\" height=\"480\" allowfullscreen><\/iframe><\/div>\n<\/div>\n<\/div>\n<p><br \/>\n<br \/><a href=\"https:\/\/de.rt.com\/europa\/162268-befreiung-von-artemowsk-wendepunkt-im\/\">Source link <\/a><\/p>\n","protected":false},"excerpt":{"rendered":"<p>Das ukrainische Kommando steht vor der Wahl: schwere Verluste bei der Verteidigung von Artjomowsk (Bachmut) zu erleiden oder die Stadt den vorr\u00fcckenden russischen Einheiten zu \u00fcberlassen. Warum die Einnahme von Artjomowsk der Schl\u00fcssel zum Wendepunkt f\u00fcr die Kampfhandlungen im Donbass werden k\u00f6nnte. Von Jewgeni Krutikow Die Streitkr\u00e4fte der Russischen F\u00f6deration (RF) setzten in den vergangenen [&hellip;]<\/p>\n","protected":false},"author":3,"featured_media":29839,"comment_status":"open","ping_status":"open","sticky":false,"template":"","format":"standard","meta":{"_yoast_indexnow_last_ping":["1675859949"],"wp_automatic_camp":["217"],"eb2817af3182351bbb8731e4a600a818":["Die Befreiung von Artjomowsk \u2013 Wendepunkt im Kampf um den Donbass"],"original_link":["https:\/\/de.rt.com\/europa\/162268-befreiung-von-artemowsk-wendepunkt-im\/"],"_thumbnail_id":["29839"],"_wptgpro_p2tg_sent2tg":["a:1:{i:23737;s:19:\"2023-02-08 14:40:27\";}"],"jnews_social_counter_last_update":["1777367008"]},"categories":[19,23],"tags":[30949,5542,48,45,818,5522,50,19024],"yoast_head":"<!-- This site is optimized with the Yoast SEO Premium plugin v22.7 (Yoast SEO v22.7) - https:\/\/yoast.com\/wordpress\/plugins\/seo\/ -->\n<title>Die Befreiung von Artjomowsk \u2013 Wendepunkt im Kampf um den Donbass - just-now.NEWS Deutschland<\/title>\n<meta name=\"robots\" content=\"index, follow, max-snippet:-1, max-image-preview:large, max-video-preview:-1\" \/>\n<link rel=\"canonical\" href=\"https:\/\/now-news.de\/de\/deutschland\/die-befreiung-von-artjomowsk-wendepunkt-im-kampf-um-den-donbass\/\" \/>\n<meta property=\"og:locale\" content=\"de_DE\" \/>\n<meta property=\"og:type\" content=\"article\" \/>\n<meta property=\"og:title\" content=\"Die Befreiung von Artjomowsk \u2013 Wendepunkt im Kampf um den Donbass\" \/>\n<meta property=\"og:description\" content=\"Das ukrainische Kommando steht vor der Wahl: schwere Verluste bei der Verteidigung von Artjomowsk (Bachmut) zu erleiden oder die Stadt den vorr\u00fcckenden russischen Einheiten zu \u00fcberlassen. Warum die Einnahme von Artjomowsk der Schl\u00fcssel zum Wendepunkt f\u00fcr die Kampfhandlungen im Donbass werden k\u00f6nnte. Von Jewgeni Krutikow Die Streitkr\u00e4fte der Russischen F\u00f6deration (RF) setzten in den vergangenen [&hellip;]\" \/>\n<meta property=\"og:url\" content=\"https:\/\/now-news.de\/de\/deutschland\/die-befreiung-von-artjomowsk-wendepunkt-im-kampf-um-den-donbass\/\" \/>\n<meta property=\"og:site_name\" content=\"just-now.NEWS Deutschland\" \/>\n<meta property=\"article:publisher\" content=\"https:\/\/www.facebook.com\/wirmachenauf\" \/>\n<meta property=\"article:published_time\" content=\"2023-02-08T12:38:51+00:00\" \/>\n<meta property=\"og:image\" content=\"https:\/\/now-news.de\/de\/wp-content\/uploads\/sites\/3\/2023\/02\/Die-Befreiung-von-Artjomowsk-\u2013-Wendepunkt-im-Kampf-um-den.jpg\" \/>\n\t<meta property=\"og:image:width\" content=\"460\" \/>\n\t<meta property=\"og:image:height\" content=\"259\" \/>\n\t<meta property=\"og:image:type\" content=\"image\/jpeg\" \/>\n<meta name=\"author\" content=\"rtnews\" \/>\n<meta name=\"twitter:card\" content=\"summary_large_image\" \/>\n<meta name=\"twitter:creator\" content=\"@WirMachenAuf_de\" \/>\n<meta name=\"twitter:site\" content=\"@WirMachenAuf_de\" \/>\n<meta name=\"twitter:label1\" content=\"Verfasst von\" \/>\n\t<meta name=\"twitter:data1\" content=\"rtnews\" \/>\n\t<meta name=\"twitter:label2\" content=\"Gesch\u00e4tzte Lesezeit\" \/>\n\t<meta name=\"twitter:data2\" content=\"6\u00a0Minuten\" \/>\n<script type=\"application\/ld+json\" class=\"yoast-schema-graph\">{\"@context\":\"https:\/\/schema.org\",\"@graph\":[{\"@type\":\"Article\",\"@id\":\"https:\/\/now-news.de\/de\/deutschland\/die-befreiung-von-artjomowsk-wendepunkt-im-kampf-um-den-donbass\/#article\",\"isPartOf\":{\"@id\":\"https:\/\/now-news.de\/de\/deutschland\/die-befreiung-von-artjomowsk-wendepunkt-im-kampf-um-den-donbass\/\"},\"author\":{\"name\":\"rtnews\",\"@id\":\"https:\/\/now-news.de\/de\/#\/schema\/person\/fb534a4e865501d8b3285208df34a9b5\"},\"headline\":\"Die Befreiung von Artjomowsk \u2013 Wendepunkt im Kampf um den Donbass\",\"datePublished\":\"2023-02-08T12:38:51+00:00\",\"dateModified\":\"2023-02-08T12:38:51+00:00\",\"mainEntityOfPage\":{\"@id\":\"https:\/\/now-news.de\/de\/deutschland\/die-befreiung-von-artjomowsk-wendepunkt-im-kampf-um-den-donbass\/\"},\"wordCount\":1289,\"commentCount\":0,\"publisher\":{\"@id\":\"https:\/\/now-news.de\/de\/#organization\"},\"image\":{\"@id\":\"https:\/\/now-news.de\/de\/deutschland\/die-befreiung-von-artjomowsk-wendepunkt-im-kampf-um-den-donbass\/#primaryimage\"},\"thumbnailUrl\":\"https:\/\/now-news.de\/de\/wp-content\/uploads\/sites\/3\/2023\/02\/Die-Befreiung-von-Artjomowsk-\u2013-Wendepunkt-im-Kampf-um-den.jpg\",\"keywords\":[\"Artjomowsk\",\"Befreiung\",\"den\",\"die\",\"Donbass\",\"Kampf\",\"von\",\"Wendepunkt\"],\"articleSection\":[\"Deutschland\",\"Russland\"],\"inLanguage\":\"de\",\"potentialAction\":[{\"@type\":\"CommentAction\",\"name\":\"Comment\",\"target\":[\"https:\/\/now-news.de\/de\/deutschland\/die-befreiung-von-artjomowsk-wendepunkt-im-kampf-um-den-donbass\/#respond\"]}]},{\"@type\":\"WebPage\",\"@id\":\"https:\/\/now-news.de\/de\/deutschland\/die-befreiung-von-artjomowsk-wendepunkt-im-kampf-um-den-donbass\/\",\"url\":\"https:\/\/now-news.de\/de\/deutschland\/die-befreiung-von-artjomowsk-wendepunkt-im-kampf-um-den-donbass\/\",\"name\":\"Die Befreiung von Artjomowsk \u2013 Wendepunkt im Kampf um den Donbass - just-now.NEWS Deutschland\",\"isPartOf\":{\"@id\":\"https:\/\/now-news.de\/de\/#website\"},\"primaryImageOfPage\":{\"@id\":\"https:\/\/now-news.de\/de\/deutschland\/die-befreiung-von-artjomowsk-wendepunkt-im-kampf-um-den-donbass\/#primaryimage\"},\"image\":{\"@id\":\"https:\/\/now-news.de\/de\/deutschland\/die-befreiung-von-artjomowsk-wendepunkt-im-kampf-um-den-donbass\/#primaryimage\"},\"thumbnailUrl\":\"https:\/\/now-news.de\/de\/wp-content\/uploads\/sites\/3\/2023\/02\/Die-Befreiung-von-Artjomowsk-\u2013-Wendepunkt-im-Kampf-um-den.jpg\",\"datePublished\":\"2023-02-08T12:38:51+00:00\",\"dateModified\":\"2023-02-08T12:38:51+00:00\",\"breadcrumb\":{\"@id\":\"https:\/\/now-news.de\/de\/deutschland\/die-befreiung-von-artjomowsk-wendepunkt-im-kampf-um-den-donbass\/#breadcrumb\"},\"inLanguage\":\"de\",\"potentialAction\":[{\"@type\":\"ReadAction\",\"target\":[\"https:\/\/now-news.de\/de\/deutschland\/die-befreiung-von-artjomowsk-wendepunkt-im-kampf-um-den-donbass\/\"]}]},{\"@type\":\"ImageObject\",\"inLanguage\":\"de\",\"@id\":\"https:\/\/now-news.de\/de\/deutschland\/die-befreiung-von-artjomowsk-wendepunkt-im-kampf-um-den-donbass\/#primaryimage\",\"url\":\"https:\/\/now-news.de\/de\/wp-content\/uploads\/sites\/3\/2023\/02\/Die-Befreiung-von-Artjomowsk-\u2013-Wendepunkt-im-Kampf-um-den.jpg\",\"contentUrl\":\"https:\/\/now-news.de\/de\/wp-content\/uploads\/sites\/3\/2023\/02\/Die-Befreiung-von-Artjomowsk-\u2013-Wendepunkt-im-Kampf-um-den.jpg\",\"width\":460,\"height\":259,\"caption\":\"Die Befreiung von Artjomowsk \u2013 Wendepunkt im Kampf um den Donbass\"},{\"@type\":\"BreadcrumbList\",\"@id\":\"https:\/\/now-news.de\/de\/deutschland\/die-befreiung-von-artjomowsk-wendepunkt-im-kampf-um-den-donbass\/#breadcrumb\",\"itemListElement\":[{\"@type\":\"ListItem\",\"position\":1,\"name\":\"Home\",\"item\":\"https:\/\/now-news.de\/de\/\"},{\"@type\":\"ListItem\",\"position\":2,\"name\":\"Die Befreiung von Artjomowsk \u2013 Wendepunkt im Kampf um den Donbass\"}]},{\"@type\":\"WebSite\",\"@id\":\"https:\/\/now-news.de\/de\/#website\",\"url\":\"https:\/\/now-news.de\/de\/\",\"name\":\"just-now.NEWS Deutschland\",\"description\":\"Das Portal f\u00fcr unzensierte Nachrichten aus der Welt\",\"publisher\":{\"@id\":\"https:\/\/now-news.de\/de\/#organization\"},\"potentialAction\":[{\"@type\":\"SearchAction\",\"target\":{\"@type\":\"EntryPoint\",\"urlTemplate\":\"https:\/\/now-news.de\/de\/?s={search_term_string}\"},\"query-input\":\"required name=search_term_string\"}],\"inLanguage\":\"de\"},{\"@type\":\"Organization\",\"@id\":\"https:\/\/now-news.de\/de\/#organization\",\"name\":\"Just Now News\",\"url\":\"https:\/\/now-news.de\/de\/\",\"logo\":{\"@type\":\"ImageObject\",\"inLanguage\":\"de\",\"@id\":\"https:\/\/now-news.de\/de\/#\/schema\/logo\/image\/\",\"url\":\"http:\/\/just-now.news\/de\/wp-content\/uploads\/sites\/3\/2022\/04\/logo500x500.jpg\",\"contentUrl\":\"http:\/\/just-now.news\/de\/wp-content\/uploads\/sites\/3\/2022\/04\/logo500x500.jpg\",\"width\":500,\"height\":500,\"caption\":\"Just Now News\"},\"image\":{\"@id\":\"https:\/\/now-news.de\/de\/#\/schema\/logo\/image\/\"},\"sameAs\":[\"https:\/\/www.facebook.com\/wirmachenauf\",\"https:\/\/x.com\/WirMachenAuf_de\"]},{\"@type\":\"Person\",\"@id\":\"https:\/\/now-news.de\/de\/#\/schema\/person\/fb534a4e865501d8b3285208df34a9b5\",\"name\":\"rtnews\",\"image\":{\"@type\":\"ImageObject\",\"inLanguage\":\"de\",\"@id\":\"https:\/\/now-news.de\/de\/#\/schema\/person\/image\/\",\"url\":\"https:\/\/secure.gravatar.com\/avatar\/82aafea7d8127119dd649515f56e2117?s=96&d=mm&r=g\",\"contentUrl\":\"https:\/\/secure.gravatar.com\/avatar\/82aafea7d8127119dd649515f56e2117?s=96&d=mm&r=g\",\"caption\":\"rtnews\"},\"url\":\"https:\/\/now-news.de\/de\/author\/rnews\/\"}]}<\/script>\n<!-- \/ Yoast SEO Premium plugin. -->","yoast_head_json":{"title":"Die Befreiung von Artjomowsk \u2013 Wendepunkt im Kampf um den Donbass - just-now.NEWS Deutschland","robots":{"index":"index","follow":"follow","max-snippet":"max-snippet:-1","max-image-preview":"max-image-preview:large","max-video-preview":"max-video-preview:-1"},"canonical":"https:\/\/now-news.de\/de\/deutschland\/die-befreiung-von-artjomowsk-wendepunkt-im-kampf-um-den-donbass\/","og_locale":"de_DE","og_type":"article","og_title":"Die Befreiung von Artjomowsk \u2013 Wendepunkt im Kampf um den Donbass","og_description":"Das ukrainische Kommando steht vor der Wahl: schwere Verluste bei der Verteidigung von Artjomowsk (Bachmut) zu erleiden oder die Stadt den vorr\u00fcckenden russischen Einheiten zu \u00fcberlassen. Warum die Einnahme von Artjomowsk der Schl\u00fcssel zum Wendepunkt f\u00fcr die Kampfhandlungen im Donbass werden k\u00f6nnte. Von Jewgeni Krutikow Die Streitkr\u00e4fte der Russischen F\u00f6deration (RF) setzten in den vergangenen [&hellip;]","og_url":"https:\/\/now-news.de\/de\/deutschland\/die-befreiung-von-artjomowsk-wendepunkt-im-kampf-um-den-donbass\/","og_site_name":"just-now.NEWS Deutschland","article_publisher":"https:\/\/www.facebook.com\/wirmachenauf","article_published_time":"2023-02-08T12:38:51+00:00","og_image":[{"width":460,"height":259,"url":"https:\/\/now-news.de\/de\/wp-content\/uploads\/sites\/3\/2023\/02\/Die-Befreiung-von-Artjomowsk-\u2013-Wendepunkt-im-Kampf-um-den.jpg","type":"image\/jpeg"}],"author":"rtnews","twitter_card":"summary_large_image","twitter_creator":"@WirMachenAuf_de","twitter_site":"@WirMachenAuf_de","twitter_misc":{"Verfasst von":"rtnews","Gesch\u00e4tzte Lesezeit":"6\u00a0Minuten"},"schema":{"@context":"https:\/\/schema.org","@graph":[{"@type":"Article","@id":"https:\/\/now-news.de\/de\/deutschland\/die-befreiung-von-artjomowsk-wendepunkt-im-kampf-um-den-donbass\/#article","isPartOf":{"@id":"https:\/\/now-news.de\/de\/deutschland\/die-befreiung-von-artjomowsk-wendepunkt-im-kampf-um-den-donbass\/"},"author":{"name":"rtnews","@id":"https:\/\/now-news.de\/de\/#\/schema\/person\/fb534a4e865501d8b3285208df34a9b5"},"headline":"Die Befreiung von Artjomowsk \u2013 Wendepunkt im Kampf um den Donbass","datePublished":"2023-02-08T12:38:51+00:00","dateModified":"2023-02-08T12:38:51+00:00","mainEntityOfPage":{"@id":"https:\/\/now-news.de\/de\/deutschland\/die-befreiung-von-artjomowsk-wendepunkt-im-kampf-um-den-donbass\/"},"wordCount":1289,"commentCount":0,"publisher":{"@id":"https:\/\/now-news.de\/de\/#organization"},"image":{"@id":"https:\/\/now-news.de\/de\/deutschland\/die-befreiung-von-artjomowsk-wendepunkt-im-kampf-um-den-donbass\/#primaryimage"},"thumbnailUrl":"https:\/\/now-news.de\/de\/wp-content\/uploads\/sites\/3\/2023\/02\/Die-Befreiung-von-Artjomowsk-\u2013-Wendepunkt-im-Kampf-um-den.jpg","keywords":["Artjomowsk","Befreiung","den","die","Donbass","Kampf","von","Wendepunkt"],"articleSection":["Deutschland","Russland"],"inLanguage":"de","potentialAction":[{"@type":"CommentAction","name":"Comment","target":["https:\/\/now-news.de\/de\/deutschland\/die-befreiung-von-artjomowsk-wendepunkt-im-kampf-um-den-donbass\/#respond"]}]},{"@type":"WebPage","@id":"https:\/\/now-news.de\/de\/deutschland\/die-befreiung-von-artjomowsk-wendepunkt-im-kampf-um-den-donbass\/","url":"https:\/\/now-news.de\/de\/deutschland\/die-befreiung-von-artjomowsk-wendepunkt-im-kampf-um-den-donbass\/","name":"Die Befreiung von Artjomowsk \u2013 Wendepunkt im Kampf um den Donbass - just-now.NEWS Deutschland","isPartOf":{"@id":"https:\/\/now-news.de\/de\/#website"},"primaryImageOfPage":{"@id":"https:\/\/now-news.de\/de\/deutschland\/die-befreiung-von-artjomowsk-wendepunkt-im-kampf-um-den-donbass\/#primaryimage"},"image":{"@id":"https:\/\/now-news.de\/de\/deutschland\/die-befreiung-von-artjomowsk-wendepunkt-im-kampf-um-den-donbass\/#primaryimage"},"thumbnailUrl":"https:\/\/now-news.de\/de\/wp-content\/uploads\/sites\/3\/2023\/02\/Die-Befreiung-von-Artjomowsk-\u2013-Wendepunkt-im-Kampf-um-den.jpg","datePublished":"2023-02-08T12:38:51+00:00","dateModified":"2023-02-08T12:38:51+00:00","breadcrumb":{"@id":"https:\/\/now-news.de\/de\/deutschland\/die-befreiung-von-artjomowsk-wendepunkt-im-kampf-um-den-donbass\/#breadcrumb"},"inLanguage":"de","potentialAction":[{"@type":"ReadAction","target":["https:\/\/now-news.de\/de\/deutschland\/die-befreiung-von-artjomowsk-wendepunkt-im-kampf-um-den-donbass\/"]}]},{"@type":"ImageObject","inLanguage":"de","@id":"https:\/\/now-news.de\/de\/deutschland\/die-befreiung-von-artjomowsk-wendepunkt-im-kampf-um-den-donbass\/#primaryimage","url":"https:\/\/now-news.de\/de\/wp-content\/uploads\/sites\/3\/2023\/02\/Die-Befreiung-von-Artjomowsk-\u2013-Wendepunkt-im-Kampf-um-den.jpg","contentUrl":"https:\/\/now-news.de\/de\/wp-content\/uploads\/sites\/3\/2023\/02\/Die-Befreiung-von-Artjomowsk-\u2013-Wendepunkt-im-Kampf-um-den.jpg","width":460,"height":259,"caption":"Die Befreiung von Artjomowsk \u2013 Wendepunkt im Kampf um den Donbass"},{"@type":"BreadcrumbList","@id":"https:\/\/now-news.de\/de\/deutschland\/die-befreiung-von-artjomowsk-wendepunkt-im-kampf-um-den-donbass\/#breadcrumb","itemListElement":[{"@type":"ListItem","position":1,"name":"Home","item":"https:\/\/now-news.de\/de\/"},{"@type":"ListItem","position":2,"name":"Die Befreiung von Artjomowsk \u2013 Wendepunkt im Kampf um den Donbass"}]},{"@type":"WebSite","@id":"https:\/\/now-news.de\/de\/#website","url":"https:\/\/now-news.de\/de\/","name":"just-now.NEWS Deutschland","description":"Das Portal f\u00fcr unzensierte Nachrichten aus der Welt","publisher":{"@id":"https:\/\/now-news.de\/de\/#organization"},"potentialAction":[{"@type":"SearchAction","target":{"@type":"EntryPoint","urlTemplate":"https:\/\/now-news.de\/de\/?s={search_term_string}"},"query-input":"required name=search_term_string"}],"inLanguage":"de"},{"@type":"Organization","@id":"https:\/\/now-news.de\/de\/#organization","name":"Just Now News","url":"https:\/\/now-news.de\/de\/","logo":{"@type":"ImageObject","inLanguage":"de","@id":"https:\/\/now-news.de\/de\/#\/schema\/logo\/image\/","url":"http:\/\/just-now.news\/de\/wp-content\/uploads\/sites\/3\/2022\/04\/logo500x500.jpg","contentUrl":"http:\/\/just-now.news\/de\/wp-content\/uploads\/sites\/3\/2022\/04\/logo500x500.jpg","width":500,"height":500,"caption":"Just Now News"},"image":{"@id":"https:\/\/now-news.de\/de\/#\/schema\/logo\/image\/"},"sameAs":["https:\/\/www.facebook.com\/wirmachenauf","https:\/\/x.com\/WirMachenAuf_de"]},{"@type":"Person","@id":"https:\/\/now-news.de\/de\/#\/schema\/person\/fb534a4e865501d8b3285208df34a9b5","name":"rtnews","image":{"@type":"ImageObject","inLanguage":"de","@id":"https:\/\/now-news.de\/de\/#\/schema\/person\/image\/","url":"https:\/\/secure.gravatar.com\/avatar\/82aafea7d8127119dd649515f56e2117?s=96&d=mm&r=g","contentUrl":"https:\/\/secure.gravatar.com\/avatar\/82aafea7d8127119dd649515f56e2117?s=96&d=mm&r=g","caption":"rtnews"},"url":"https:\/\/now-news.de\/de\/author\/rnews\/"}]}},"_links":{"self":[{"href":"https:\/\/now-news.de\/de\/wp-json\/wp\/v2\/posts\/29838"}],"collection":[{"href":"https:\/\/now-news.de\/de\/wp-json\/wp\/v2\/posts"}],"about":[{"href":"https:\/\/now-news.de\/de\/wp-json\/wp\/v2\/types\/post"}],"author":[{"embeddable":true,"href":"https:\/\/now-news.de\/de\/wp-json\/wp\/v2\/users\/3"}],"replies":[{"embeddable":true,"href":"https:\/\/now-news.de\/de\/wp-json\/wp\/v2\/comments?post=29838"}],"version-history":[{"count":0,"href":"https:\/\/now-news.de\/de\/wp-json\/wp\/v2\/posts\/29838\/revisions"}],"wp:featuredmedia":[{"embeddable":true,"href":"https:\/\/now-news.de\/de\/wp-json\/wp\/v2\/media\/29839"}],"wp:attachment":[{"href":"https:\/\/now-news.de\/de\/wp-json\/wp\/v2\/media?parent=29838"}],"wp:term":[{"taxonomy":"category","embeddable":true,"href":"https:\/\/now-news.de\/de\/wp-json\/wp\/v2\/categories?post=29838"},{"taxonomy":"post_tag","embeddable":true,"href":"https:\/\/now-news.de\/de\/wp-json\/wp\/v2\/tags?post=29838"}],"curies":[{"name":"wp","href":"https:\/\/api.w.org\/{rel}","templated":true}]}}