{"id":29824,"date":"2023-02-08T11:49:45","date_gmt":"2023-02-08T09:49:45","guid":{"rendered":"http:\/\/just-now.news\/de\/deutschland\/wozu-werden-in-der-ukraine-acht-neue-sturmbrigaden-gebildet\/"},"modified":"2023-02-08T11:49:45","modified_gmt":"2023-02-08T09:49:45","slug":"wozu-werden-in-der-ukraine-acht-neue-sturmbrigaden-gebildet","status":"publish","type":"post","link":"https:\/\/now-news.de\/de\/deutschland\/wozu-werden-in-der-ukraine-acht-neue-sturmbrigaden-gebildet\/","title":{"rendered":"Wozu werden in der Ukraine acht neue Sturmbrigaden gebildet?"},"content":{"rendered":"<p><img decoding=\"async\" src=\"http:\/\/just-now.news\/de\/wp-content\/uploads\/sites\/3\/2023\/02\/63e2bda848fbef1e112e5112.jpg\" \/><\/p>\n<div class=\"Text-root Text-type_1 \">\n                Das Innenministerium der Ukraine bildet acht Sturmbrigaden f\u00fcr die Einnahme &#8220;der Krim und des Donbass&#8221;. Jede von ihnen erhielt einen anderen Namen und verf\u00fcgt \u00fcber eigene Spezifika. Welche Rolle wird diesen Verb\u00e4nden in der Praxis zukommen? Kann der Feind mit ihrer Hilfe tats\u00e4chlich den Donbass und die Krim angreifen?\n            <\/div>\n<p><\/p>\n<div class=\"Text-root Text-type_5 ArticleView-text ViewText-root \">\n<p><em>Von Aljona Sadoroschnaja<\/em><\/p>\n<p>Am Vortag hatte der stellvertretende ukrainische Innenminister Igor Klimenko mitgeteilt, dass die Beh\u00f6rde mit der Bildung von Sturmbrigaden aus Angeh\u00f6rigen des Milit\u00e4rs, der Polizei und des Grenzschutzes begonnen habe, um &#8220;die Krim und den Donbass einzunehmen&#8221;. Zu diesem Zweck wird das Programm &#8220;Angriffsgarde&#8221; aufgelegt.<\/p>\n<p>Er verdeutlichte, dass die Basis dieser Einheiten aus Ordnungskr\u00e4ften mit &#8220;betr\u00e4chtlicher Kampferfahrung&#8221; bestehen werde. Zur Formation kommen auch Freiwillige hinzu. Die Gruppen werden im r\u00fcckw\u00e4rtigen Armeegebiet keine Eins\u00e4tze haben, sondern ausschlie\u00dflich eine &#8220;hochwertige Ausbildung und Teilnahme an Operationen der vordersten Front&#8221;.<\/p>\n<p>Die neue Struktur wird sechs aktive Einheiten aufnehmen \u2013 Uragan, Rote Kalina, Kara-Dag, Rubesch, Spartan und Asow (eine in Russland verbotene terroristische Organisation) \u2013 sowie zwei neue f\u00fcr den staatlichen Grenzdienst \u2013 &#8220;Stahlgrenze&#8221; und die Angriffsbrigade Furor. Dabei sehen Experten zwei wichtige Nuancen: die Namen der Brigaden und die Geschichte ihrer Entstehung.<\/p>\n<p>Asow: In der Ukraine gibt es h\u00e4ufiger Organisationen mit diesem Namen, die sowohl dem Innenministerium als auch den Streitkr\u00e4ften (AFU) unterstehen. Das Ringen um diese Marke versch\u00e4rfte sich, nachdem ein Gro\u00dfteil der Asow-K\u00e4mpfer in Mariupol get\u00f6tet oder gefangen genommen worden war. Voraussichtlich wird die Rekrutierung nun gerade in demjenigen Asow erfolgen, der zuvor dem Innenministerium unterstellt war.<\/p>\n<p>Spartan: Hierbei handelt es sich um die 3. Operative Bolbotschan-Brigade (Einheit 3017), die in Charkow stationiert ist und zur \u00f6stlichen operativ-territorialen Division der Nationalgarde geh\u00f6rt. Bemerkenswerterweise tr\u00e4gt die Brigade selbst den Nachnamen eines Offiziers der Kaiserlich Russischen Armee, der sp\u00e4ter zum Ukrainer wurde und den Versuch unternahm, die Schwarzmeerflotte an sich zu rei\u00dfen, aber aufgrund interner Streitigkeiten von Vertretern der Ukrainischen Volksrepublik erschossen wurde.<\/p>\n<p>Rubesch: In diesem Fall handelt es sich um die 4. operative Brigade (Einheit 3018) aus der Region Kiew. Die Angeh\u00f6rigen dieser Formation sind bekannt f\u00fcr ihren Einsatz in den K\u00e4mpfen bei Gostomel zu Beginn der milit\u00e4rischen Spezialoperation sowie in den K\u00e4mpfen bei Sewerodonezk, Lissitschansk und Artjomowsk, wo das Personal der Brigade merklich &#8220;zerm\u00fcrbt&#8221; wurde.<\/p>\n<p>Rote Kalina: Die 14. Spezialbrigade (Einheit 3027), die ebenfalls aus der Umgebung von Kiew stammt, aber kaum Bezug zu den Einwohnern der Hauptstadt hat. Diese Sondereinheit wurde nach dem Staatsstreich in Kiew im Jahr 2014 reformiert und entwickelte sich zu einem Zufluchtsort f\u00fcr Nationalisten, die im Rahmen der sogenannten Antiterroroperation (ATO) im Donbass an &#8220;S\u00e4uberungen&#8221; beteiligt waren.<\/p>\n<p>Besonderer Aufmerksamkeit bedarf der Name der Brigade &#8220;Tscherwona Kalina&#8221;. Darin ist ein direkter Verweis auf das popul\u00e4re nationalistische Lied &#8220;Oj, u lusi tscherwona kalina&#8221; enthalten. W\u00e4hrend des Ersten Weltkriegs wurde sie zum Marsch der ukrainischen Saporoschje-Sch\u00fctzen (ukrainische Soldaten) innerhalb der \u00f6sterreichisch-ungarischen Armee und sp\u00e4ter zur De-facto-Milit\u00e4rhymne der in Russland verbotenen Organisation OUN-UPA.<\/p>\n<p>Kara-Dag: Formell ist die Brigade nach dem Berg Karadag auf der Krim benannt, tats\u00e4chlich aber geht es um eine Formation auf der Grundlage des 15. eigenst\u00e4ndigen Regiments der Nationalgarde (Einheit 3035), das in Slowjansk stationiert ist. Einigen Angaben zufolge erlitten die K\u00e4mpfer dieses Regiments bei den Kampfhandlungen in der Region Charkow und auch unmittelbar im Donbass erhebliche Verluste.<\/p>\n<p>Furor: Ein Mischmasch auf Basis der Sturmbrigade der Nationalen Polizei der Ukraine, die vor weniger als einem Monat \u2013 am 13. Januar 2023 \u2013 gegr\u00fcndet wurde. Sie umfasst auch K\u00e4mpfer des Safari-Regiments (bekannt f\u00fcr die &#8220;S\u00e4uberungsaktion&#8221; in Butscha), des Tsunami-Regiments und des Bataillons Lugansk-1.<\/p>\n<p>Uragan: In Wirklichkeit handelt es sich um die 1. Pr\u00e4sidialbrigade mit operativer Funktion, die nach Petro Doroschenko benannt ist (Hetman des rechten Ufers der Ukraine, der es 1669 geschafft hatte, Untertan von Sultan Mehmed IV. zu werden, und den Titel &#8220;Sancak-beyi&#8221; erhalten hatte). Auch diese Brigade hat bei den Kampfhandlungen in der N\u00e4he von Kiew, in Lissitschansk, Sewerodonezk und Artjomowsk schwere Verluste erlitten und muss deshalb mit neuem Personal versorgt werden.<\/p>\n<p>Stahlgrenze: Eine Formation &#8220;neuen Typs&#8221; auf der Grundlage des 15. mobilen Grenzschutzkommandos des ukrainischen staatlichen Grenzschutzdienstes, gegr\u00fcndet durch einen Kabinettsbeschluss Ende Januar. Die Brigade soll an zwei Standorten stationiert werden.<\/p>\n<p>Der erste Ort liegt in der Region Tscherkassy, d. h. im Herzen der Zentralukraine, im &#8220;Gebiet von Schewtschenko&#8221;. Der zweite Ort ist die Region Chmelnizki, die Stadt Schepetowka, &#8220;an der die Wellen des Atlantiks zerschellen&#8221;, wie Ostap Bender im Roman &#8220;Das goldene Kalb&#8221; scherzte.<\/p>\n<p>Auf diese Weise werden fast alle &#8220;neuen Brigaden&#8221; in Wirklichkeit strukturelle Einheiten bereits bestehender Formationen sein, wie die offizielle Website der ukrainischen Nationalgarde und das Programm &#8220;Angriffsgarde&#8221; zeigen. Die Bildung dieser Einheiten steht auch im Zusammenhang mit den Pl\u00e4nen des ukrainischen Innenministeriums, mindestens 32.000 Mann (4.000 K\u00e4mpfer pro Brigade) zu rekrutieren und damit die ausgeschiedenen, verwundeten und toten K\u00e4mpfer an der Front zu ersetzen.<\/p>\n<p>&#8220;Die Verk\u00fcndung zur Bildung neuer Brigaden ist ein Zugest\u00e4ndnis enormer Verluste und eine Bekundung des totalen Mangels von Kampfkr\u00e4ften an der Front. Ich w\u00fcrde das folgenderma\u00dfen interpretieren: Wenn die Wehrverwaltung (Rekrutierung) nicht in der Lage ist, die Anforderungen der Mobilisierung von Normalb\u00fcrgern zu erf\u00fcllen, dann wird die Nationalgarde in die Kampfhandlungen eingreifen m\u00fcssen, ob sie will oder nicht&#8221;, so der ehemalige Botschafter der Volksrepublik Lugansk Rodion Miroschnik gegen\u00fcber der Zeitung Wsgljad.<\/p>\n<p>&#8220;Ich m\u00f6chte darauf hinweisen: Das Innenministerium der Ukraine ist ein Monster, das dank der Bem\u00fchungen von Arsen Awakow die Nationalgarde, die normale Polizei, den Grenzschutz und sogar das Ministerium f\u00fcr Notf\u00e4lle unter seine Kontrolle gebracht hat. Nun sollen in dieser repressiven Maschinerie &#8216;Freiwillige&#8217; f\u00fcr die angeblich neuen acht Brigaden rekrutiert werden. Dabei sind die Behauptungen dar\u00fcber, dass diese Einheiten zur &#8216;Eroberung des Donbass und der Krim&#8217; dienen, nichts andres als eine Karotte an einer langen Stange vor einem dummen Esel, der zur Schlachtbank gef\u00fchrt wird&#8221;, fuhr er fort.<\/p>\n<p>&#8220;Mit martialischen Losungen versuchen sie, die Menschen in einen Korridor zu locken, aus dem es keinen Ausweg gibt. Tatsache ist, dass die Ukraine bereit ist, auf die Gew\u00e4hrleistung der inneren Ordnung im Lande zu verzichten, um die Reihen an der Front aufzuf\u00fcllen. Das wird auch vom Wunsch Selenskijs best\u00e4tigt, drei Korps der AFU zu bilden, was etwa 220.000 Mann entspricht. In dieser Angelegenheit ist er zu allem bereit&#8221;, meint der Gespr\u00e4chspartner.<\/p>\n<p>Der Senator der Krim, Sergei Tsekow, hat das Ph\u00e4nomen etwas anders eingesch\u00e4tzt: Wenn das Projekt vom amtierenden Innenminister Klimenko vorgeschlagen wurde, der diesen Posten nach dem Tod von Denis Monastirski bei einem Flugzeugabsturz in Browary bei Kiew erhalten hatte, &#8220;dann sollte man genau davon ausgehen&#8221;.<\/p>\n<p>&#8220;Nat\u00fcrlich muss er eine lautstarke \u00c4u\u00dferung machen, um die Aufmerksamkeit der Ukrainer auf sich zu ziehen, gleichzeitig aber auch einige Aufgaben innerhalb des Innenministeriums erledigen. So spricht er davon, dass sie die Krim und den Donbass einnehmen werden&#8221;, meint Tsekow.<\/p>\n<p>&#8220;Klimenko m\u00f6chte offenbar dauerhaft Minister werden. Doch jedem vern\u00fcnftigen Politiker ist klar, dass die Ukraine nicht in der Lage sein wird, die Krim und den Donbass zu erobern. Dazu haben sich die russischen Beh\u00f6rden wiederholt ge\u00e4u\u00dfert, und auch der Westen hat sich dazu ge\u00e4u\u00dfert. Dar\u00fcber hinaus werden die Bewohner des Donbass und der Krim selbst dies nicht zulassen&#8221;, so der Gespr\u00e4chspartner.<\/p>\n<p><em>Zuerst erschienen bei Wsgljad. \u00dcbersetzt aus dem <\/em><a rel=\"nofollow noopener\" target=\"_blank\" href=\"https:\/\/vz.ru\/world\/2023\/2\/3\/1197839.html\"><em>Russischen<\/em><\/a><em>.<\/em><\/p>\n<p><strong>Mehr zum Thema &#8211;<\/strong>\u00a0<a rel=\"nofollow noopener\" target=\"_blank\" href=\"https:\/\/pressefreiheit.rtde.life\/kurzclips\/video\/162242-hoelle-von-artjomowsk\/\">Die H\u00f6lle von Artjomowsk: Schwere russische M\u00f6rser und immense ukrainische<\/a>\u00a0<em><a rel=\"nofollow noopener\" target=\"_blank\" href=\"https:\/\/pressefreiheit.rtde.life\/kurzclips\/video\/162242-hoelle-von-artjomowsk\/\">Verluste<\/a><\/em><\/p>\n<div class=\"EmbedBlock-root EmbedBlock-externalVideo EmbedBlock-odysee\">\n<div class=\"VkEmbed\"><iframe class=\"lazyload\" data-src=\"https:\/\/odysee.com\/%24\/embed\/%40RTDE%3Ae%2FDie-H%C3%B6lle-von-Artjomowsk-Schwere-russische-M%C3%B6rser-und-immense-ukrainische-Verluste%3A5\" frameborder=\"0\" width=\"853\" height=\"480\" allowfullscreen><\/iframe><\/div>\n<\/div>\n<\/div>\n<p><br \/>\n<br \/><a href=\"https:\/\/de.rt.com\/international\/162235-wozu-werden-in-der-ukraine-acht-neue-sturmbrigaden-gebildet\/\">Source link <\/a><\/p>\n","protected":false},"excerpt":{"rendered":"<p>Das Innenministerium der Ukraine bildet acht Sturmbrigaden f\u00fcr die Einnahme &#8220;der Krim und des Donbass&#8221;. Jede von ihnen erhielt einen anderen Namen und verf\u00fcgt \u00fcber eigene Spezifika. Welche Rolle wird diesen Verb\u00e4nden in der Praxis zukommen? Kann der Feind mit ihrer Hilfe tats\u00e4chlich den Donbass und die Krim angreifen? Von Aljona Sadoroschnaja Am Vortag hatte [&hellip;]<\/p>\n","protected":false},"author":3,"featured_media":29825,"comment_status":"open","ping_status":"open","sticky":false,"template":"","format":"standard","meta":{"_yoast_indexnow_last_ping":["1675850343"],"wp_automatic_camp":["217"],"81bb97e849f716e647e9f34486023ad9":["Wozu werden in der Ukraine acht neue Sturmbrigaden gebildet?"],"original_link":["https:\/\/de.rt.com\/international\/162235-wozu-werden-in-der-ukraine-acht-neue-sturmbrigaden-gebildet\/"],"_thumbnail_id":["29825"],"_wptgpro_p2tg_sent2tg":["a:1:{i:23737;s:19:\"2023-02-08 12:00:18\";}"],"jnews_social_counter_last_update":["1777366555"]},"categories":[19,23],"tags":[20347,82,40419,1227,40418,127,1040,32685],"yoast_head":"<!-- This site is optimized with the Yoast SEO Premium plugin v22.7 (Yoast SEO v22.7) - https:\/\/yoast.com\/wordpress\/plugins\/seo\/ -->\n<title>Wozu werden in der Ukraine acht neue Sturmbrigaden gebildet? - just-now.NEWS Deutschland<\/title>\n<meta name=\"robots\" content=\"index, follow, max-snippet:-1, max-image-preview:large, max-video-preview:-1\" \/>\n<link rel=\"canonical\" href=\"https:\/\/now-news.de\/de\/deutschland\/wozu-werden-in-der-ukraine-acht-neue-sturmbrigaden-gebildet\/\" \/>\n<meta property=\"og:locale\" content=\"de_DE\" \/>\n<meta property=\"og:type\" content=\"article\" \/>\n<meta property=\"og:title\" content=\"Wozu werden in der Ukraine acht neue Sturmbrigaden gebildet?\" \/>\n<meta property=\"og:description\" content=\"Das Innenministerium der Ukraine bildet acht Sturmbrigaden f\u00fcr die Einnahme &#8220;der Krim und des Donbass&#8221;. Jede von ihnen erhielt einen anderen Namen und verf\u00fcgt \u00fcber eigene Spezifika. Welche Rolle wird diesen Verb\u00e4nden in der Praxis zukommen? Kann der Feind mit ihrer Hilfe tats\u00e4chlich den Donbass und die Krim angreifen? Von Aljona Sadoroschnaja Am Vortag hatte [&hellip;]\" \/>\n<meta property=\"og:url\" content=\"https:\/\/now-news.de\/de\/deutschland\/wozu-werden-in-der-ukraine-acht-neue-sturmbrigaden-gebildet\/\" \/>\n<meta property=\"og:site_name\" content=\"just-now.NEWS Deutschland\" \/>\n<meta property=\"article:publisher\" content=\"https:\/\/www.facebook.com\/wirmachenauf\" \/>\n<meta property=\"article:published_time\" content=\"2023-02-08T09:49:45+00:00\" \/>\n<meta property=\"og:image\" content=\"https:\/\/now-news.de\/de\/wp-content\/uploads\/sites\/3\/2023\/02\/Wozu-werden-in-der-Ukraine-acht-neue-Sturmbrigaden-gebildet.jpg\" \/>\n\t<meta property=\"og:image:width\" content=\"460\" \/>\n\t<meta property=\"og:image:height\" content=\"259\" \/>\n\t<meta property=\"og:image:type\" content=\"image\/jpeg\" \/>\n<meta name=\"author\" content=\"rtnews\" \/>\n<meta name=\"twitter:card\" content=\"summary_large_image\" \/>\n<meta name=\"twitter:creator\" content=\"@WirMachenAuf_de\" \/>\n<meta name=\"twitter:site\" content=\"@WirMachenAuf_de\" \/>\n<meta name=\"twitter:label1\" content=\"Verfasst von\" \/>\n\t<meta name=\"twitter:data1\" content=\"rtnews\" \/>\n\t<meta name=\"twitter:label2\" content=\"Gesch\u00e4tzte Lesezeit\" \/>\n\t<meta name=\"twitter:data2\" content=\"6\u00a0Minuten\" \/>\n<script type=\"application\/ld+json\" class=\"yoast-schema-graph\">{\"@context\":\"https:\/\/schema.org\",\"@graph\":[{\"@type\":\"Article\",\"@id\":\"https:\/\/now-news.de\/de\/deutschland\/wozu-werden-in-der-ukraine-acht-neue-sturmbrigaden-gebildet\/#article\",\"isPartOf\":{\"@id\":\"https:\/\/now-news.de\/de\/deutschland\/wozu-werden-in-der-ukraine-acht-neue-sturmbrigaden-gebildet\/\"},\"author\":{\"name\":\"rtnews\",\"@id\":\"https:\/\/now-news.de\/de\/#\/schema\/person\/fb534a4e865501d8b3285208df34a9b5\"},\"headline\":\"Wozu werden in der Ukraine acht neue Sturmbrigaden gebildet?\",\"datePublished\":\"2023-02-08T09:49:45+00:00\",\"dateModified\":\"2023-02-08T09:49:45+00:00\",\"mainEntityOfPage\":{\"@id\":\"https:\/\/now-news.de\/de\/deutschland\/wozu-werden-in-der-ukraine-acht-neue-sturmbrigaden-gebildet\/\"},\"wordCount\":1258,\"commentCount\":0,\"publisher\":{\"@id\":\"https:\/\/now-news.de\/de\/#organization\"},\"image\":{\"@id\":\"https:\/\/now-news.de\/de\/deutschland\/wozu-werden-in-der-ukraine-acht-neue-sturmbrigaden-gebildet\/#primaryimage\"},\"thumbnailUrl\":\"https:\/\/now-news.de\/de\/wp-content\/uploads\/sites\/3\/2023\/02\/Wozu-werden-in-der-Ukraine-acht-neue-Sturmbrigaden-gebildet.jpg\",\"keywords\":[\"acht\",\"der\",\"gebildet\",\"NEUE\",\"Sturmbrigaden\",\"ukraine\",\"Werden\",\"Wozu\"],\"articleSection\":[\"Deutschland\",\"Russland\"],\"inLanguage\":\"de\",\"potentialAction\":[{\"@type\":\"CommentAction\",\"name\":\"Comment\",\"target\":[\"https:\/\/now-news.de\/de\/deutschland\/wozu-werden-in-der-ukraine-acht-neue-sturmbrigaden-gebildet\/#respond\"]}]},{\"@type\":\"WebPage\",\"@id\":\"https:\/\/now-news.de\/de\/deutschland\/wozu-werden-in-der-ukraine-acht-neue-sturmbrigaden-gebildet\/\",\"url\":\"https:\/\/now-news.de\/de\/deutschland\/wozu-werden-in-der-ukraine-acht-neue-sturmbrigaden-gebildet\/\",\"name\":\"Wozu werden in der Ukraine acht neue Sturmbrigaden gebildet? - just-now.NEWS Deutschland\",\"isPartOf\":{\"@id\":\"https:\/\/now-news.de\/de\/#website\"},\"primaryImageOfPage\":{\"@id\":\"https:\/\/now-news.de\/de\/deutschland\/wozu-werden-in-der-ukraine-acht-neue-sturmbrigaden-gebildet\/#primaryimage\"},\"image\":{\"@id\":\"https:\/\/now-news.de\/de\/deutschland\/wozu-werden-in-der-ukraine-acht-neue-sturmbrigaden-gebildet\/#primaryimage\"},\"thumbnailUrl\":\"https:\/\/now-news.de\/de\/wp-content\/uploads\/sites\/3\/2023\/02\/Wozu-werden-in-der-Ukraine-acht-neue-Sturmbrigaden-gebildet.jpg\",\"datePublished\":\"2023-02-08T09:49:45+00:00\",\"dateModified\":\"2023-02-08T09:49:45+00:00\",\"breadcrumb\":{\"@id\":\"https:\/\/now-news.de\/de\/deutschland\/wozu-werden-in-der-ukraine-acht-neue-sturmbrigaden-gebildet\/#breadcrumb\"},\"inLanguage\":\"de\",\"potentialAction\":[{\"@type\":\"ReadAction\",\"target\":[\"https:\/\/now-news.de\/de\/deutschland\/wozu-werden-in-der-ukraine-acht-neue-sturmbrigaden-gebildet\/\"]}]},{\"@type\":\"ImageObject\",\"inLanguage\":\"de\",\"@id\":\"https:\/\/now-news.de\/de\/deutschland\/wozu-werden-in-der-ukraine-acht-neue-sturmbrigaden-gebildet\/#primaryimage\",\"url\":\"https:\/\/now-news.de\/de\/wp-content\/uploads\/sites\/3\/2023\/02\/Wozu-werden-in-der-Ukraine-acht-neue-Sturmbrigaden-gebildet.jpg\",\"contentUrl\":\"https:\/\/now-news.de\/de\/wp-content\/uploads\/sites\/3\/2023\/02\/Wozu-werden-in-der-Ukraine-acht-neue-Sturmbrigaden-gebildet.jpg\",\"width\":460,\"height\":259,\"caption\":\"Wozu werden in der Ukraine acht neue Sturmbrigaden gebildet?\"},{\"@type\":\"BreadcrumbList\",\"@id\":\"https:\/\/now-news.de\/de\/deutschland\/wozu-werden-in-der-ukraine-acht-neue-sturmbrigaden-gebildet\/#breadcrumb\",\"itemListElement\":[{\"@type\":\"ListItem\",\"position\":1,\"name\":\"Home\",\"item\":\"https:\/\/now-news.de\/de\/\"},{\"@type\":\"ListItem\",\"position\":2,\"name\":\"Wozu werden in der Ukraine acht neue Sturmbrigaden gebildet?\"}]},{\"@type\":\"WebSite\",\"@id\":\"https:\/\/now-news.de\/de\/#website\",\"url\":\"https:\/\/now-news.de\/de\/\",\"name\":\"just-now.NEWS Deutschland\",\"description\":\"Das Portal f\u00fcr unzensierte Nachrichten aus der Welt\",\"publisher\":{\"@id\":\"https:\/\/now-news.de\/de\/#organization\"},\"potentialAction\":[{\"@type\":\"SearchAction\",\"target\":{\"@type\":\"EntryPoint\",\"urlTemplate\":\"https:\/\/now-news.de\/de\/?s={search_term_string}\"},\"query-input\":\"required name=search_term_string\"}],\"inLanguage\":\"de\"},{\"@type\":\"Organization\",\"@id\":\"https:\/\/now-news.de\/de\/#organization\",\"name\":\"Just Now News\",\"url\":\"https:\/\/now-news.de\/de\/\",\"logo\":{\"@type\":\"ImageObject\",\"inLanguage\":\"de\",\"@id\":\"https:\/\/now-news.de\/de\/#\/schema\/logo\/image\/\",\"url\":\"http:\/\/just-now.news\/de\/wp-content\/uploads\/sites\/3\/2022\/04\/logo500x500.jpg\",\"contentUrl\":\"http:\/\/just-now.news\/de\/wp-content\/uploads\/sites\/3\/2022\/04\/logo500x500.jpg\",\"width\":500,\"height\":500,\"caption\":\"Just Now News\"},\"image\":{\"@id\":\"https:\/\/now-news.de\/de\/#\/schema\/logo\/image\/\"},\"sameAs\":[\"https:\/\/www.facebook.com\/wirmachenauf\",\"https:\/\/x.com\/WirMachenAuf_de\"]},{\"@type\":\"Person\",\"@id\":\"https:\/\/now-news.de\/de\/#\/schema\/person\/fb534a4e865501d8b3285208df34a9b5\",\"name\":\"rtnews\",\"image\":{\"@type\":\"ImageObject\",\"inLanguage\":\"de\",\"@id\":\"https:\/\/now-news.de\/de\/#\/schema\/person\/image\/\",\"url\":\"https:\/\/secure.gravatar.com\/avatar\/82aafea7d8127119dd649515f56e2117?s=96&d=mm&r=g\",\"contentUrl\":\"https:\/\/secure.gravatar.com\/avatar\/82aafea7d8127119dd649515f56e2117?s=96&d=mm&r=g\",\"caption\":\"rtnews\"},\"url\":\"https:\/\/now-news.de\/de\/author\/rnews\/\"}]}<\/script>\n<!-- \/ Yoast SEO Premium plugin. -->","yoast_head_json":{"title":"Wozu werden in der Ukraine acht neue Sturmbrigaden gebildet? - just-now.NEWS Deutschland","robots":{"index":"index","follow":"follow","max-snippet":"max-snippet:-1","max-image-preview":"max-image-preview:large","max-video-preview":"max-video-preview:-1"},"canonical":"https:\/\/now-news.de\/de\/deutschland\/wozu-werden-in-der-ukraine-acht-neue-sturmbrigaden-gebildet\/","og_locale":"de_DE","og_type":"article","og_title":"Wozu werden in der Ukraine acht neue Sturmbrigaden gebildet?","og_description":"Das Innenministerium der Ukraine bildet acht Sturmbrigaden f\u00fcr die Einnahme &#8220;der Krim und des Donbass&#8221;. Jede von ihnen erhielt einen anderen Namen und verf\u00fcgt \u00fcber eigene Spezifika. Welche Rolle wird diesen Verb\u00e4nden in der Praxis zukommen? Kann der Feind mit ihrer Hilfe tats\u00e4chlich den Donbass und die Krim angreifen? Von Aljona Sadoroschnaja Am Vortag hatte [&hellip;]","og_url":"https:\/\/now-news.de\/de\/deutschland\/wozu-werden-in-der-ukraine-acht-neue-sturmbrigaden-gebildet\/","og_site_name":"just-now.NEWS Deutschland","article_publisher":"https:\/\/www.facebook.com\/wirmachenauf","article_published_time":"2023-02-08T09:49:45+00:00","og_image":[{"width":460,"height":259,"url":"https:\/\/now-news.de\/de\/wp-content\/uploads\/sites\/3\/2023\/02\/Wozu-werden-in-der-Ukraine-acht-neue-Sturmbrigaden-gebildet.jpg","type":"image\/jpeg"}],"author":"rtnews","twitter_card":"summary_large_image","twitter_creator":"@WirMachenAuf_de","twitter_site":"@WirMachenAuf_de","twitter_misc":{"Verfasst von":"rtnews","Gesch\u00e4tzte Lesezeit":"6\u00a0Minuten"},"schema":{"@context":"https:\/\/schema.org","@graph":[{"@type":"Article","@id":"https:\/\/now-news.de\/de\/deutschland\/wozu-werden-in-der-ukraine-acht-neue-sturmbrigaden-gebildet\/#article","isPartOf":{"@id":"https:\/\/now-news.de\/de\/deutschland\/wozu-werden-in-der-ukraine-acht-neue-sturmbrigaden-gebildet\/"},"author":{"name":"rtnews","@id":"https:\/\/now-news.de\/de\/#\/schema\/person\/fb534a4e865501d8b3285208df34a9b5"},"headline":"Wozu werden in der Ukraine acht neue Sturmbrigaden gebildet?","datePublished":"2023-02-08T09:49:45+00:00","dateModified":"2023-02-08T09:49:45+00:00","mainEntityOfPage":{"@id":"https:\/\/now-news.de\/de\/deutschland\/wozu-werden-in-der-ukraine-acht-neue-sturmbrigaden-gebildet\/"},"wordCount":1258,"commentCount":0,"publisher":{"@id":"https:\/\/now-news.de\/de\/#organization"},"image":{"@id":"https:\/\/now-news.de\/de\/deutschland\/wozu-werden-in-der-ukraine-acht-neue-sturmbrigaden-gebildet\/#primaryimage"},"thumbnailUrl":"https:\/\/now-news.de\/de\/wp-content\/uploads\/sites\/3\/2023\/02\/Wozu-werden-in-der-Ukraine-acht-neue-Sturmbrigaden-gebildet.jpg","keywords":["acht","der","gebildet","NEUE","Sturmbrigaden","ukraine","Werden","Wozu"],"articleSection":["Deutschland","Russland"],"inLanguage":"de","potentialAction":[{"@type":"CommentAction","name":"Comment","target":["https:\/\/now-news.de\/de\/deutschland\/wozu-werden-in-der-ukraine-acht-neue-sturmbrigaden-gebildet\/#respond"]}]},{"@type":"WebPage","@id":"https:\/\/now-news.de\/de\/deutschland\/wozu-werden-in-der-ukraine-acht-neue-sturmbrigaden-gebildet\/","url":"https:\/\/now-news.de\/de\/deutschland\/wozu-werden-in-der-ukraine-acht-neue-sturmbrigaden-gebildet\/","name":"Wozu werden in der Ukraine acht neue Sturmbrigaden gebildet? - just-now.NEWS Deutschland","isPartOf":{"@id":"https:\/\/now-news.de\/de\/#website"},"primaryImageOfPage":{"@id":"https:\/\/now-news.de\/de\/deutschland\/wozu-werden-in-der-ukraine-acht-neue-sturmbrigaden-gebildet\/#primaryimage"},"image":{"@id":"https:\/\/now-news.de\/de\/deutschland\/wozu-werden-in-der-ukraine-acht-neue-sturmbrigaden-gebildet\/#primaryimage"},"thumbnailUrl":"https:\/\/now-news.de\/de\/wp-content\/uploads\/sites\/3\/2023\/02\/Wozu-werden-in-der-Ukraine-acht-neue-Sturmbrigaden-gebildet.jpg","datePublished":"2023-02-08T09:49:45+00:00","dateModified":"2023-02-08T09:49:45+00:00","breadcrumb":{"@id":"https:\/\/now-news.de\/de\/deutschland\/wozu-werden-in-der-ukraine-acht-neue-sturmbrigaden-gebildet\/#breadcrumb"},"inLanguage":"de","potentialAction":[{"@type":"ReadAction","target":["https:\/\/now-news.de\/de\/deutschland\/wozu-werden-in-der-ukraine-acht-neue-sturmbrigaden-gebildet\/"]}]},{"@type":"ImageObject","inLanguage":"de","@id":"https:\/\/now-news.de\/de\/deutschland\/wozu-werden-in-der-ukraine-acht-neue-sturmbrigaden-gebildet\/#primaryimage","url":"https:\/\/now-news.de\/de\/wp-content\/uploads\/sites\/3\/2023\/02\/Wozu-werden-in-der-Ukraine-acht-neue-Sturmbrigaden-gebildet.jpg","contentUrl":"https:\/\/now-news.de\/de\/wp-content\/uploads\/sites\/3\/2023\/02\/Wozu-werden-in-der-Ukraine-acht-neue-Sturmbrigaden-gebildet.jpg","width":460,"height":259,"caption":"Wozu werden in der Ukraine acht neue Sturmbrigaden gebildet?"},{"@type":"BreadcrumbList","@id":"https:\/\/now-news.de\/de\/deutschland\/wozu-werden-in-der-ukraine-acht-neue-sturmbrigaden-gebildet\/#breadcrumb","itemListElement":[{"@type":"ListItem","position":1,"name":"Home","item":"https:\/\/now-news.de\/de\/"},{"@type":"ListItem","position":2,"name":"Wozu werden in der Ukraine acht neue Sturmbrigaden gebildet?"}]},{"@type":"WebSite","@id":"https:\/\/now-news.de\/de\/#website","url":"https:\/\/now-news.de\/de\/","name":"just-now.NEWS Deutschland","description":"Das Portal f\u00fcr unzensierte Nachrichten aus der Welt","publisher":{"@id":"https:\/\/now-news.de\/de\/#organization"},"potentialAction":[{"@type":"SearchAction","target":{"@type":"EntryPoint","urlTemplate":"https:\/\/now-news.de\/de\/?s={search_term_string}"},"query-input":"required name=search_term_string"}],"inLanguage":"de"},{"@type":"Organization","@id":"https:\/\/now-news.de\/de\/#organization","name":"Just Now News","url":"https:\/\/now-news.de\/de\/","logo":{"@type":"ImageObject","inLanguage":"de","@id":"https:\/\/now-news.de\/de\/#\/schema\/logo\/image\/","url":"http:\/\/just-now.news\/de\/wp-content\/uploads\/sites\/3\/2022\/04\/logo500x500.jpg","contentUrl":"http:\/\/just-now.news\/de\/wp-content\/uploads\/sites\/3\/2022\/04\/logo500x500.jpg","width":500,"height":500,"caption":"Just Now News"},"image":{"@id":"https:\/\/now-news.de\/de\/#\/schema\/logo\/image\/"},"sameAs":["https:\/\/www.facebook.com\/wirmachenauf","https:\/\/x.com\/WirMachenAuf_de"]},{"@type":"Person","@id":"https:\/\/now-news.de\/de\/#\/schema\/person\/fb534a4e865501d8b3285208df34a9b5","name":"rtnews","image":{"@type":"ImageObject","inLanguage":"de","@id":"https:\/\/now-news.de\/de\/#\/schema\/person\/image\/","url":"https:\/\/secure.gravatar.com\/avatar\/82aafea7d8127119dd649515f56e2117?s=96&d=mm&r=g","contentUrl":"https:\/\/secure.gravatar.com\/avatar\/82aafea7d8127119dd649515f56e2117?s=96&d=mm&r=g","caption":"rtnews"},"url":"https:\/\/now-news.de\/de\/author\/rnews\/"}]}},"_links":{"self":[{"href":"https:\/\/now-news.de\/de\/wp-json\/wp\/v2\/posts\/29824"}],"collection":[{"href":"https:\/\/now-news.de\/de\/wp-json\/wp\/v2\/posts"}],"about":[{"href":"https:\/\/now-news.de\/de\/wp-json\/wp\/v2\/types\/post"}],"author":[{"embeddable":true,"href":"https:\/\/now-news.de\/de\/wp-json\/wp\/v2\/users\/3"}],"replies":[{"embeddable":true,"href":"https:\/\/now-news.de\/de\/wp-json\/wp\/v2\/comments?post=29824"}],"version-history":[{"count":0,"href":"https:\/\/now-news.de\/de\/wp-json\/wp\/v2\/posts\/29824\/revisions"}],"wp:featuredmedia":[{"embeddable":true,"href":"https:\/\/now-news.de\/de\/wp-json\/wp\/v2\/media\/29825"}],"wp:attachment":[{"href":"https:\/\/now-news.de\/de\/wp-json\/wp\/v2\/media?parent=29824"}],"wp:term":[{"taxonomy":"category","embeddable":true,"href":"https:\/\/now-news.de\/de\/wp-json\/wp\/v2\/categories?post=29824"},{"taxonomy":"post_tag","embeddable":true,"href":"https:\/\/now-news.de\/de\/wp-json\/wp\/v2\/tags?post=29824"}],"curies":[{"name":"wp","href":"https:\/\/api.w.org\/{rel}","templated":true}]}}