{"id":29809,"date":"2023-02-08T07:30:00","date_gmt":"2023-02-08T05:30:00","guid":{"rendered":"https:\/\/just-now.news\/de\/deutschland\/eskalationsphobie-deutscher-professor-haelt-furcht-vor-krieg-fuer-krank\/"},"modified":"2023-02-08T07:30:00","modified_gmt":"2023-02-08T05:30:00","slug":"eskalationsphobie-deutscher-professor-haelt-furcht-vor-krieg-fuer-krank","status":"publish","type":"post","link":"https:\/\/now-news.de\/de\/deutschland\/eskalationsphobie-deutscher-professor-haelt-furcht-vor-krieg-fuer-krank\/","title":{"rendered":"&quot;Eskalationsphobie&quot; \u2013 Deutscher Professor h\u00e4lt Furcht vor Krieg f\u00fcr krank"},"content":{"rendered":"<p><img decoding=\"async\" src=\"http:\/\/just-now.news\/de\/wp-content\/uploads\/sites\/3\/2023\/02\/63e26264b480cc165f25ede9.png\" \/><\/p>\n<div class=\"Text-root Text-type_1 \">\n                Der Direktor des Kieler Instituts f\u00fcr Sicherheitspolitik h\u00e4lt Kriegsangst f\u00fcr einen psychischen Defekt. Wichtig sei, der Ukraine alles zu geben, was sie ben\u00f6tige, um Russland zu vertreiben. Die Gefahr einer Eskalation zum Atomkrieg besteht nach Krause nicht.\n            <\/div>\n<p><\/p>\n<div class=\"Text-root Text-type_5 ArticleView-text ViewText-root \">\n<p>In einem <a rel=\"nofollow noopener\" target=\"_blank\" href=\"https:\/\/zeitung.faz.net\/faz\/politik\/2023-02-07\/eskalationsphobie-eine-deutsche-krankheit\/858207.html?popup=user.lf-ns\">Beitrag<\/a>\u00a0(Bezahlschranke)\u00a0der <em>Frankfurter Allgemeinen Zeitung<\/em> verunglimpfte Joachim Krause, Direktor des Instituts f\u00fcr Sicherheitspolitik an der Universit\u00e4t Kiel, die Furcht vor weiterer Eskalation im Ukraine-Konflikt als psychischen Defekt und damit als Krankheit.\u00a0<\/p>\n<p>Die &#8220;Eskalationsphobie&#8221; sei eine &#8220;Deutsche Krankheit&#8221;, meinte Krause und spricht sich f\u00fcr die Lieferung von Kampfjets aus. Ohne Luftunterst\u00fctzung sei die Ukraine nicht zu einer beweglichen Kriegsf\u00fchrung in der Lage und k\u00f6nnte russische Truppen nicht vertreiben.\u00a0<\/p>\n<p>In einem <a rel=\"nofollow noopener\" target=\"_blank\" href=\"https:\/\/www.youtube.com\/watch?v=JD8LMNfzreg&amp;t=170s\">Videobeitrag <\/a>mit der <em>Welt<\/em> pr\u00e4zisierte Krause seine Position noch weiter. Krause geht davon aus, dass es dem kollektiven Westen in seiner Ukraine-Strategie um den Sieg der Ukraine ginge. Auf dieser Grundlage fordert er die bedingungslose Lieferung von Waffen an die Ukraine, ohne R\u00fccksicht auf parteipolitische Interessen und deutsche Befindlichkeiten. Dass die Strategie des Westens die Bindung Russlands durch einen m\u00f6glichst langen Krieg unter Inkaufnahme der Zerst\u00f6rung der Ukraine sein k\u00f6nne, bedenkt Krause allem Anschein nach nicht.\u00a0\u00a0<\/p>\n<blockquote>\n<p><em>&#8220;Man muss in einem solchen Krieg bereit sein zu eskalieren, sonst bekommt man den Krieg nicht zu Ende. Die Eskalationsphobie hilft uns nicht weiter \u2026 sonst werden die Ukrainer die Russen niemals los.&#8221;<\/em><\/p>\n<\/blockquote>\n<p>Entscheidend sei, was in der Ukraine gebraucht werde. Die Gefahr der Ausweitung des Konflikts zu einem dritten Weltkrieg bestehe nicht. Russland w\u00fcrde keine Atomwaffen einsetzen, ist sich Krause sicher. Dies h\u00e4tte auch die Zerst\u00f6rung Russlands zur Folge, glaubt Krause.<\/p>\n<p>Gefragt nach Baerbocks &#8220;Kriegserkl\u00e4rung&#8221; gibt Krause zu, dass es ungeschickt gewesen sei, aber von solchen Aussagen gehe keine Gefahr f\u00fcr Deutschland aus \u2013 letztlich sei es Russland, das sich erkl\u00e4ren m\u00fcsse. Auch f\u00fcr Krause hat der Ukraine-Konflikt keine Vorgeschichte, an der Deutschland eine Mitverantwortung tr\u00e4gt.\u00a0<\/p>\n<p><strong>Mehr zum Thema\u00a0\u2013 <\/strong><a rel=\"nofollow noopener\" target=\"_blank\" href=\"https:\/\/fromrussiawithlove.rtde.live\/meinung\/162141-sie-versprachen-frieden-und-bringen\/\">Sie versprachen Frieden und bringen Krieg: Die Gr\u00fcnen und der Verrat am W\u00e4hler<\/a><\/p>\n<\/div>\n<p><br \/>\n<br \/><a href=\"https:\/\/de.rt.com\/inland\/162215-eskalationsphobie-deutscher-professor-verunglimpft-furcht\/\">Source link <\/a><\/p>\n","protected":false},"excerpt":{"rendered":"<p>Der Direktor des Kieler Instituts f\u00fcr Sicherheitspolitik h\u00e4lt Kriegsangst f\u00fcr einen psychischen Defekt. Wichtig sei, der Ukraine alles zu geben, was sie ben\u00f6tige, um Russland zu vertreiben. Die Gefahr einer Eskalation zum Atomkrieg besteht nach Krause nicht. In einem Beitrag\u00a0(Bezahlschranke)\u00a0der Frankfurter Allgemeinen Zeitung verunglimpfte Joachim Krause, Direktor des Instituts f\u00fcr Sicherheitspolitik an der Universit\u00e4t Kiel, [&hellip;]<\/p>\n","protected":false},"author":3,"featured_media":29810,"comment_status":"open","ping_status":"open","sticky":false,"template":"","format":"standard","meta":{"_yoast_indexnow_last_ping":["1675834861"],"wp_automatic_camp":["217"],"be4f729e8dd558969d256c9361a21ac4":["&quot;Eskalationsphobie&quot; \u2013 Deutscher Professor h\u00e4lt Furcht vor Krieg f\u00fcr krank"],"original_link":["https:\/\/de.rt.com\/inland\/162215-eskalationsphobie-deutscher-professor-verunglimpft-furcht\/"],"_thumbnail_id":["29810"],"_wptgpro_p2tg_sent2tg":["a:1:{i:23737;s:19:\"2023-02-08 07:42:20\";}"],"jnews_social_counter_last_update":["1777272556"]},"categories":[19,23],"tags":[8305,221,40415,2191,18926,130,3516,40414,320],"yoast_head":"<!-- This site is optimized with the Yoast SEO Premium plugin v22.7 (Yoast SEO v22.7) - https:\/\/yoast.com\/wordpress\/plugins\/seo\/ -->\n<title>&quot;Eskalationsphobie&quot; \u2013 Deutscher Professor h\u00e4lt Furcht vor Krieg f\u00fcr krank - just-now.NEWS Deutschland<\/title>\n<meta name=\"robots\" content=\"index, follow, max-snippet:-1, max-image-preview:large, max-video-preview:-1\" \/>\n<link rel=\"canonical\" href=\"https:\/\/now-news.de\/de\/deutschland\/eskalationsphobie-deutscher-professor-haelt-furcht-vor-krieg-fuer-krank\/\" \/>\n<meta property=\"og:locale\" content=\"de_DE\" \/>\n<meta property=\"og:type\" content=\"article\" \/>\n<meta property=\"og:title\" content=\"&quot;Eskalationsphobie&quot; \u2013 Deutscher Professor h\u00e4lt Furcht vor Krieg f\u00fcr krank\" \/>\n<meta property=\"og:description\" content=\"Der Direktor des Kieler Instituts f\u00fcr Sicherheitspolitik h\u00e4lt Kriegsangst f\u00fcr einen psychischen Defekt. Wichtig sei, der Ukraine alles zu geben, was sie ben\u00f6tige, um Russland zu vertreiben. Die Gefahr einer Eskalation zum Atomkrieg besteht nach Krause nicht. In einem Beitrag\u00a0(Bezahlschranke)\u00a0der Frankfurter Allgemeinen Zeitung verunglimpfte Joachim Krause, Direktor des Instituts f\u00fcr Sicherheitspolitik an der Universit\u00e4t Kiel, [&hellip;]\" \/>\n<meta property=\"og:url\" content=\"https:\/\/now-news.de\/de\/deutschland\/eskalationsphobie-deutscher-professor-haelt-furcht-vor-krieg-fuer-krank\/\" \/>\n<meta property=\"og:site_name\" content=\"just-now.NEWS Deutschland\" \/>\n<meta property=\"article:publisher\" content=\"https:\/\/www.facebook.com\/wirmachenauf\" \/>\n<meta property=\"article:published_time\" content=\"2023-02-08T05:30:00+00:00\" \/>\n<meta property=\"og:image\" content=\"https:\/\/now-news.de\/de\/wp-content\/uploads\/sites\/3\/2023\/02\/quotEskalationsphobiequot-\u2013-Deutscher-Professor-haelt-Furcht-vor-Krieg-fuer-krank.png\" \/>\n\t<meta property=\"og:image:width\" content=\"460\" \/>\n\t<meta property=\"og:image:height\" content=\"259\" \/>\n\t<meta property=\"og:image:type\" content=\"image\/png\" \/>\n<meta name=\"author\" content=\"rtnews\" \/>\n<meta name=\"twitter:card\" content=\"summary_large_image\" \/>\n<meta name=\"twitter:creator\" content=\"@WirMachenAuf_de\" \/>\n<meta name=\"twitter:site\" content=\"@WirMachenAuf_de\" \/>\n<meta name=\"twitter:label1\" content=\"Verfasst von\" \/>\n\t<meta name=\"twitter:data1\" content=\"rtnews\" \/>\n\t<meta name=\"twitter:label2\" content=\"Gesch\u00e4tzte Lesezeit\" \/>\n\t<meta name=\"twitter:data2\" content=\"2\u00a0Minuten\" \/>\n<script type=\"application\/ld+json\" class=\"yoast-schema-graph\">{\"@context\":\"https:\/\/schema.org\",\"@graph\":[{\"@type\":\"Article\",\"@id\":\"https:\/\/now-news.de\/de\/deutschland\/eskalationsphobie-deutscher-professor-haelt-furcht-vor-krieg-fuer-krank\/#article\",\"isPartOf\":{\"@id\":\"https:\/\/now-news.de\/de\/deutschland\/eskalationsphobie-deutscher-professor-haelt-furcht-vor-krieg-fuer-krank\/\"},\"author\":{\"name\":\"rtnews\",\"@id\":\"https:\/\/now-news.de\/de\/#\/schema\/person\/fb534a4e865501d8b3285208df34a9b5\"},\"headline\":\"&quot;Eskalationsphobie&quot; \u2013 Deutscher Professor h\u00e4lt Furcht vor Krieg f\u00fcr krank\",\"datePublished\":\"2023-02-08T05:30:00+00:00\",\"dateModified\":\"2023-02-08T05:30:00+00:00\",\"mainEntityOfPage\":{\"@id\":\"https:\/\/now-news.de\/de\/deutschland\/eskalationsphobie-deutscher-professor-haelt-furcht-vor-krieg-fuer-krank\/\"},\"wordCount\":358,\"commentCount\":0,\"publisher\":{\"@id\":\"https:\/\/now-news.de\/de\/#organization\"},\"image\":{\"@id\":\"https:\/\/now-news.de\/de\/deutschland\/eskalationsphobie-deutscher-professor-haelt-furcht-vor-krieg-fuer-krank\/#primaryimage\"},\"thumbnailUrl\":\"https:\/\/now-news.de\/de\/wp-content\/uploads\/sites\/3\/2023\/02\/quotEskalationsphobiequot-\u2013-Deutscher-Professor-haelt-Furcht-vor-Krieg-fuer-krank.png\",\"keywords\":[\"deutscher\",\"f\u00fcr\",\"Furcht\",\"h\u00e4lt\",\"KRANK\",\"krieg\",\"Professor\",\"quotEskalationsphobiequot\",\"vor\"],\"articleSection\":[\"Deutschland\",\"Russland\"],\"inLanguage\":\"de\",\"potentialAction\":[{\"@type\":\"CommentAction\",\"name\":\"Comment\",\"target\":[\"https:\/\/now-news.de\/de\/deutschland\/eskalationsphobie-deutscher-professor-haelt-furcht-vor-krieg-fuer-krank\/#respond\"]}]},{\"@type\":\"WebPage\",\"@id\":\"https:\/\/now-news.de\/de\/deutschland\/eskalationsphobie-deutscher-professor-haelt-furcht-vor-krieg-fuer-krank\/\",\"url\":\"https:\/\/now-news.de\/de\/deutschland\/eskalationsphobie-deutscher-professor-haelt-furcht-vor-krieg-fuer-krank\/\",\"name\":\"&quot;Eskalationsphobie&quot; \u2013 Deutscher Professor h\u00e4lt Furcht vor Krieg f\u00fcr krank - just-now.NEWS Deutschland\",\"isPartOf\":{\"@id\":\"https:\/\/now-news.de\/de\/#website\"},\"primaryImageOfPage\":{\"@id\":\"https:\/\/now-news.de\/de\/deutschland\/eskalationsphobie-deutscher-professor-haelt-furcht-vor-krieg-fuer-krank\/#primaryimage\"},\"image\":{\"@id\":\"https:\/\/now-news.de\/de\/deutschland\/eskalationsphobie-deutscher-professor-haelt-furcht-vor-krieg-fuer-krank\/#primaryimage\"},\"thumbnailUrl\":\"https:\/\/now-news.de\/de\/wp-content\/uploads\/sites\/3\/2023\/02\/quotEskalationsphobiequot-\u2013-Deutscher-Professor-haelt-Furcht-vor-Krieg-fuer-krank.png\",\"datePublished\":\"2023-02-08T05:30:00+00:00\",\"dateModified\":\"2023-02-08T05:30:00+00:00\",\"breadcrumb\":{\"@id\":\"https:\/\/now-news.de\/de\/deutschland\/eskalationsphobie-deutscher-professor-haelt-furcht-vor-krieg-fuer-krank\/#breadcrumb\"},\"inLanguage\":\"de\",\"potentialAction\":[{\"@type\":\"ReadAction\",\"target\":[\"https:\/\/now-news.de\/de\/deutschland\/eskalationsphobie-deutscher-professor-haelt-furcht-vor-krieg-fuer-krank\/\"]}]},{\"@type\":\"ImageObject\",\"inLanguage\":\"de\",\"@id\":\"https:\/\/now-news.de\/de\/deutschland\/eskalationsphobie-deutscher-professor-haelt-furcht-vor-krieg-fuer-krank\/#primaryimage\",\"url\":\"https:\/\/now-news.de\/de\/wp-content\/uploads\/sites\/3\/2023\/02\/quotEskalationsphobiequot-\u2013-Deutscher-Professor-haelt-Furcht-vor-Krieg-fuer-krank.png\",\"contentUrl\":\"https:\/\/now-news.de\/de\/wp-content\/uploads\/sites\/3\/2023\/02\/quotEskalationsphobiequot-\u2013-Deutscher-Professor-haelt-Furcht-vor-Krieg-fuer-krank.png\",\"width\":460,\"height\":259,\"caption\":\"&quot;Eskalationsphobie&quot; \u2013 Deutscher Professor h\u00e4lt Furcht vor Krieg f\u00fcr krank\"},{\"@type\":\"BreadcrumbList\",\"@id\":\"https:\/\/now-news.de\/de\/deutschland\/eskalationsphobie-deutscher-professor-haelt-furcht-vor-krieg-fuer-krank\/#breadcrumb\",\"itemListElement\":[{\"@type\":\"ListItem\",\"position\":1,\"name\":\"Home\",\"item\":\"https:\/\/now-news.de\/de\/\"},{\"@type\":\"ListItem\",\"position\":2,\"name\":\"&quot;Eskalationsphobie&quot; \u2013 Deutscher Professor h\u00e4lt Furcht vor Krieg f\u00fcr krank\"}]},{\"@type\":\"WebSite\",\"@id\":\"https:\/\/now-news.de\/de\/#website\",\"url\":\"https:\/\/now-news.de\/de\/\",\"name\":\"just-now.NEWS Deutschland\",\"description\":\"Das Portal f\u00fcr unzensierte Nachrichten aus der Welt\",\"publisher\":{\"@id\":\"https:\/\/now-news.de\/de\/#organization\"},\"potentialAction\":[{\"@type\":\"SearchAction\",\"target\":{\"@type\":\"EntryPoint\",\"urlTemplate\":\"https:\/\/now-news.de\/de\/?s={search_term_string}\"},\"query-input\":\"required name=search_term_string\"}],\"inLanguage\":\"de\"},{\"@type\":\"Organization\",\"@id\":\"https:\/\/now-news.de\/de\/#organization\",\"name\":\"Just Now News\",\"url\":\"https:\/\/now-news.de\/de\/\",\"logo\":{\"@type\":\"ImageObject\",\"inLanguage\":\"de\",\"@id\":\"https:\/\/now-news.de\/de\/#\/schema\/logo\/image\/\",\"url\":\"http:\/\/just-now.news\/de\/wp-content\/uploads\/sites\/3\/2022\/04\/logo500x500.jpg\",\"contentUrl\":\"http:\/\/just-now.news\/de\/wp-content\/uploads\/sites\/3\/2022\/04\/logo500x500.jpg\",\"width\":500,\"height\":500,\"caption\":\"Just Now News\"},\"image\":{\"@id\":\"https:\/\/now-news.de\/de\/#\/schema\/logo\/image\/\"},\"sameAs\":[\"https:\/\/www.facebook.com\/wirmachenauf\",\"https:\/\/x.com\/WirMachenAuf_de\"]},{\"@type\":\"Person\",\"@id\":\"https:\/\/now-news.de\/de\/#\/schema\/person\/fb534a4e865501d8b3285208df34a9b5\",\"name\":\"rtnews\",\"image\":{\"@type\":\"ImageObject\",\"inLanguage\":\"de\",\"@id\":\"https:\/\/now-news.de\/de\/#\/schema\/person\/image\/\",\"url\":\"https:\/\/secure.gravatar.com\/avatar\/82aafea7d8127119dd649515f56e2117?s=96&d=mm&r=g\",\"contentUrl\":\"https:\/\/secure.gravatar.com\/avatar\/82aafea7d8127119dd649515f56e2117?s=96&d=mm&r=g\",\"caption\":\"rtnews\"},\"url\":\"https:\/\/now-news.de\/de\/author\/rnews\/\"}]}<\/script>\n<!-- \/ Yoast SEO Premium plugin. -->","yoast_head_json":{"title":"&quot;Eskalationsphobie&quot; \u2013 Deutscher Professor h\u00e4lt Furcht vor Krieg f\u00fcr krank - just-now.NEWS Deutschland","robots":{"index":"index","follow":"follow","max-snippet":"max-snippet:-1","max-image-preview":"max-image-preview:large","max-video-preview":"max-video-preview:-1"},"canonical":"https:\/\/now-news.de\/de\/deutschland\/eskalationsphobie-deutscher-professor-haelt-furcht-vor-krieg-fuer-krank\/","og_locale":"de_DE","og_type":"article","og_title":"&quot;Eskalationsphobie&quot; \u2013 Deutscher Professor h\u00e4lt Furcht vor Krieg f\u00fcr krank","og_description":"Der Direktor des Kieler Instituts f\u00fcr Sicherheitspolitik h\u00e4lt Kriegsangst f\u00fcr einen psychischen Defekt. Wichtig sei, der Ukraine alles zu geben, was sie ben\u00f6tige, um Russland zu vertreiben. Die Gefahr einer Eskalation zum Atomkrieg besteht nach Krause nicht. In einem Beitrag\u00a0(Bezahlschranke)\u00a0der Frankfurter Allgemeinen Zeitung verunglimpfte Joachim Krause, Direktor des Instituts f\u00fcr Sicherheitspolitik an der Universit\u00e4t Kiel, [&hellip;]","og_url":"https:\/\/now-news.de\/de\/deutschland\/eskalationsphobie-deutscher-professor-haelt-furcht-vor-krieg-fuer-krank\/","og_site_name":"just-now.NEWS Deutschland","article_publisher":"https:\/\/www.facebook.com\/wirmachenauf","article_published_time":"2023-02-08T05:30:00+00:00","og_image":[{"width":460,"height":259,"url":"https:\/\/now-news.de\/de\/wp-content\/uploads\/sites\/3\/2023\/02\/quotEskalationsphobiequot-\u2013-Deutscher-Professor-haelt-Furcht-vor-Krieg-fuer-krank.png","type":"image\/png"}],"author":"rtnews","twitter_card":"summary_large_image","twitter_creator":"@WirMachenAuf_de","twitter_site":"@WirMachenAuf_de","twitter_misc":{"Verfasst von":"rtnews","Gesch\u00e4tzte Lesezeit":"2\u00a0Minuten"},"schema":{"@context":"https:\/\/schema.org","@graph":[{"@type":"Article","@id":"https:\/\/now-news.de\/de\/deutschland\/eskalationsphobie-deutscher-professor-haelt-furcht-vor-krieg-fuer-krank\/#article","isPartOf":{"@id":"https:\/\/now-news.de\/de\/deutschland\/eskalationsphobie-deutscher-professor-haelt-furcht-vor-krieg-fuer-krank\/"},"author":{"name":"rtnews","@id":"https:\/\/now-news.de\/de\/#\/schema\/person\/fb534a4e865501d8b3285208df34a9b5"},"headline":"&quot;Eskalationsphobie&quot; \u2013 Deutscher Professor h\u00e4lt Furcht vor Krieg f\u00fcr krank","datePublished":"2023-02-08T05:30:00+00:00","dateModified":"2023-02-08T05:30:00+00:00","mainEntityOfPage":{"@id":"https:\/\/now-news.de\/de\/deutschland\/eskalationsphobie-deutscher-professor-haelt-furcht-vor-krieg-fuer-krank\/"},"wordCount":358,"commentCount":0,"publisher":{"@id":"https:\/\/now-news.de\/de\/#organization"},"image":{"@id":"https:\/\/now-news.de\/de\/deutschland\/eskalationsphobie-deutscher-professor-haelt-furcht-vor-krieg-fuer-krank\/#primaryimage"},"thumbnailUrl":"https:\/\/now-news.de\/de\/wp-content\/uploads\/sites\/3\/2023\/02\/quotEskalationsphobiequot-\u2013-Deutscher-Professor-haelt-Furcht-vor-Krieg-fuer-krank.png","keywords":["deutscher","f\u00fcr","Furcht","h\u00e4lt","KRANK","krieg","Professor","quotEskalationsphobiequot","vor"],"articleSection":["Deutschland","Russland"],"inLanguage":"de","potentialAction":[{"@type":"CommentAction","name":"Comment","target":["https:\/\/now-news.de\/de\/deutschland\/eskalationsphobie-deutscher-professor-haelt-furcht-vor-krieg-fuer-krank\/#respond"]}]},{"@type":"WebPage","@id":"https:\/\/now-news.de\/de\/deutschland\/eskalationsphobie-deutscher-professor-haelt-furcht-vor-krieg-fuer-krank\/","url":"https:\/\/now-news.de\/de\/deutschland\/eskalationsphobie-deutscher-professor-haelt-furcht-vor-krieg-fuer-krank\/","name":"&quot;Eskalationsphobie&quot; \u2013 Deutscher Professor h\u00e4lt Furcht vor Krieg f\u00fcr krank - just-now.NEWS Deutschland","isPartOf":{"@id":"https:\/\/now-news.de\/de\/#website"},"primaryImageOfPage":{"@id":"https:\/\/now-news.de\/de\/deutschland\/eskalationsphobie-deutscher-professor-haelt-furcht-vor-krieg-fuer-krank\/#primaryimage"},"image":{"@id":"https:\/\/now-news.de\/de\/deutschland\/eskalationsphobie-deutscher-professor-haelt-furcht-vor-krieg-fuer-krank\/#primaryimage"},"thumbnailUrl":"https:\/\/now-news.de\/de\/wp-content\/uploads\/sites\/3\/2023\/02\/quotEskalationsphobiequot-\u2013-Deutscher-Professor-haelt-Furcht-vor-Krieg-fuer-krank.png","datePublished":"2023-02-08T05:30:00+00:00","dateModified":"2023-02-08T05:30:00+00:00","breadcrumb":{"@id":"https:\/\/now-news.de\/de\/deutschland\/eskalationsphobie-deutscher-professor-haelt-furcht-vor-krieg-fuer-krank\/#breadcrumb"},"inLanguage":"de","potentialAction":[{"@type":"ReadAction","target":["https:\/\/now-news.de\/de\/deutschland\/eskalationsphobie-deutscher-professor-haelt-furcht-vor-krieg-fuer-krank\/"]}]},{"@type":"ImageObject","inLanguage":"de","@id":"https:\/\/now-news.de\/de\/deutschland\/eskalationsphobie-deutscher-professor-haelt-furcht-vor-krieg-fuer-krank\/#primaryimage","url":"https:\/\/now-news.de\/de\/wp-content\/uploads\/sites\/3\/2023\/02\/quotEskalationsphobiequot-\u2013-Deutscher-Professor-haelt-Furcht-vor-Krieg-fuer-krank.png","contentUrl":"https:\/\/now-news.de\/de\/wp-content\/uploads\/sites\/3\/2023\/02\/quotEskalationsphobiequot-\u2013-Deutscher-Professor-haelt-Furcht-vor-Krieg-fuer-krank.png","width":460,"height":259,"caption":"&quot;Eskalationsphobie&quot; \u2013 Deutscher Professor h\u00e4lt Furcht vor Krieg f\u00fcr krank"},{"@type":"BreadcrumbList","@id":"https:\/\/now-news.de\/de\/deutschland\/eskalationsphobie-deutscher-professor-haelt-furcht-vor-krieg-fuer-krank\/#breadcrumb","itemListElement":[{"@type":"ListItem","position":1,"name":"Home","item":"https:\/\/now-news.de\/de\/"},{"@type":"ListItem","position":2,"name":"&quot;Eskalationsphobie&quot; \u2013 Deutscher Professor h\u00e4lt Furcht vor Krieg f\u00fcr krank"}]},{"@type":"WebSite","@id":"https:\/\/now-news.de\/de\/#website","url":"https:\/\/now-news.de\/de\/","name":"just-now.NEWS Deutschland","description":"Das Portal f\u00fcr unzensierte Nachrichten aus der Welt","publisher":{"@id":"https:\/\/now-news.de\/de\/#organization"},"potentialAction":[{"@type":"SearchAction","target":{"@type":"EntryPoint","urlTemplate":"https:\/\/now-news.de\/de\/?s={search_term_string}"},"query-input":"required name=search_term_string"}],"inLanguage":"de"},{"@type":"Organization","@id":"https:\/\/now-news.de\/de\/#organization","name":"Just Now News","url":"https:\/\/now-news.de\/de\/","logo":{"@type":"ImageObject","inLanguage":"de","@id":"https:\/\/now-news.de\/de\/#\/schema\/logo\/image\/","url":"http:\/\/just-now.news\/de\/wp-content\/uploads\/sites\/3\/2022\/04\/logo500x500.jpg","contentUrl":"http:\/\/just-now.news\/de\/wp-content\/uploads\/sites\/3\/2022\/04\/logo500x500.jpg","width":500,"height":500,"caption":"Just Now News"},"image":{"@id":"https:\/\/now-news.de\/de\/#\/schema\/logo\/image\/"},"sameAs":["https:\/\/www.facebook.com\/wirmachenauf","https:\/\/x.com\/WirMachenAuf_de"]},{"@type":"Person","@id":"https:\/\/now-news.de\/de\/#\/schema\/person\/fb534a4e865501d8b3285208df34a9b5","name":"rtnews","image":{"@type":"ImageObject","inLanguage":"de","@id":"https:\/\/now-news.de\/de\/#\/schema\/person\/image\/","url":"https:\/\/secure.gravatar.com\/avatar\/82aafea7d8127119dd649515f56e2117?s=96&d=mm&r=g","contentUrl":"https:\/\/secure.gravatar.com\/avatar\/82aafea7d8127119dd649515f56e2117?s=96&d=mm&r=g","caption":"rtnews"},"url":"https:\/\/now-news.de\/de\/author\/rnews\/"}]}},"_links":{"self":[{"href":"https:\/\/now-news.de\/de\/wp-json\/wp\/v2\/posts\/29809"}],"collection":[{"href":"https:\/\/now-news.de\/de\/wp-json\/wp\/v2\/posts"}],"about":[{"href":"https:\/\/now-news.de\/de\/wp-json\/wp\/v2\/types\/post"}],"author":[{"embeddable":true,"href":"https:\/\/now-news.de\/de\/wp-json\/wp\/v2\/users\/3"}],"replies":[{"embeddable":true,"href":"https:\/\/now-news.de\/de\/wp-json\/wp\/v2\/comments?post=29809"}],"version-history":[{"count":0,"href":"https:\/\/now-news.de\/de\/wp-json\/wp\/v2\/posts\/29809\/revisions"}],"wp:featuredmedia":[{"embeddable":true,"href":"https:\/\/now-news.de\/de\/wp-json\/wp\/v2\/media\/29810"}],"wp:attachment":[{"href":"https:\/\/now-news.de\/de\/wp-json\/wp\/v2\/media?parent=29809"}],"wp:term":[{"taxonomy":"category","embeddable":true,"href":"https:\/\/now-news.de\/de\/wp-json\/wp\/v2\/categories?post=29809"},{"taxonomy":"post_tag","embeddable":true,"href":"https:\/\/now-news.de\/de\/wp-json\/wp\/v2\/tags?post=29809"}],"curies":[{"name":"wp","href":"https:\/\/api.w.org\/{rel}","templated":true}]}}