{"id":29792,"date":"2023-02-07T22:32:31","date_gmt":"2023-02-07T20:32:31","guid":{"rendered":"https:\/\/just-now.news\/de\/deutschland\/plastikmuell-verschmutzt-arktis-nachwirkungen-des-corona-maskenballs\/"},"modified":"2023-02-07T22:32:31","modified_gmt":"2023-02-07T20:32:31","slug":"plastikmuell-verschmutzt-arktis-nachwirkungen-des-corona-maskenballs","status":"publish","type":"post","link":"https:\/\/now-news.de\/de\/deutschland\/plastikmuell-verschmutzt-arktis-nachwirkungen-des-corona-maskenballs\/","title":{"rendered":"Plastikm\u00fcll verschmutzt Arktis: Nachwirkungen des Corona-Maskenballs?"},"content":{"rendered":"<p><img decoding=\"async\" src=\"http:\/\/just-now.news\/de\/wp-content\/uploads\/sites\/3\/2023\/02\/63e28699b480cc16c4768834.jpg\" \/><\/p>\n<div class=\"Text-root Text-type_1 \">\n                Ein Gro\u00dfteil des Plastikm\u00fclls der westlichen Welt landet fr\u00fcher oder sp\u00e4ter in der Arktis. Besonders in den letzten Jahren hat sich die M\u00fcllmenge vor Ort exorbitant vergr\u00f6\u00dfert. Neben der &#8220;Corona-Krise&#8221; wird jetzt in einer Studie ein schlechtes Abfallmanagement der Industrienationen ins Feld gef\u00fchrt.\n            <\/div>\n<p><\/p>\n<div class=\"Text-root Text-type_5 ArticleView-text ViewText-root \">\n<p>Die Arktis wird immer st\u00e4rker mit Plastikm\u00fcll aus den Industriestaaten verschmutzt. Ganz vorne mit dabei ist laut einem <a rel=\"nofollow noopener\" target=\"_blank\" href=\"https:\/\/www.faz.net\/aktuell\/gesellschaft\/plastik-muell-in-der-arktis-kommt-auch-aus-deutschland-18658845.html\">Bericht<\/a> der <em>FAZ<\/em>\u00a0Deutschland.<\/p>\n<p>Besonders die Inselgruppe Spitzbergen, die zu Norwegen geh\u00f6rt, mutiere laut Meeresbiologin Melanie Bergmann vom\u00a0Alfred-Wegener-Institut\u00a0(AWI) in Bremerhaven zu einer &#8220;Art Endlager von Plastikm\u00fcll f\u00fcr fast die ganze Welt&#8221;. Nun\u00a0fand die Wissenschaftlerin zusammen mit ihrer Kollegin Anna Natalie Meyer heraus, dass\u00a0dabei ein Drittel des eindeutig identifizierbaren Plastiks seinen Ursprung in Europa hat \u2013 ein \u00adgro\u00dfer Teil davon stammt aus Deutschland.<\/p>\n<p>Die dazugeh\u00f6rige Studie, welche im\u00a0Fachmagazin <em>Frontiers<\/em> ver\u00ad\u00f6ffentlicht wurde, zeige auf, dass selbst reiche und um\u00adweltbewusste Industrienationen, die sich ein besseres Abfallmanagement \u00adleisten k\u00f6nnten, signifikant zur Verschmutzung ferner \u00d6kosysteme wie der Arktis bei\u00adtr\u00fcgen.<\/p>\n<p>Der hohe Norden wird immer mehr zu einer M\u00fcllkippe: So sind 75 Prozent des M\u00fclls im Meer Plastik.\u00a0Pro Jahr kommen etwa 4,8 bis 12,7 Millionen Tonnen hinzu \u2013 eine Lastwagenladung pro Minute. \u00dcber die Jahre fiel der Forscherin auf, dass immer mehr Plastik in der Arktis zu sehen war, was sie auch anhand von aufgestellten Kameras eruieren konnte. Das Ergebnis stimmt traurig: In nur 15 Jahren versiebenfachte sich die M\u00fcllmenge.<\/p>\n<div class=\"EmbedBlock-root EmbedBlock-twitter\">\n<div class=\"TwitterEmbed\">\n<blockquote class=\"twitter-tweet lazyload\" data-twitter=\"twitter-tweet\">\n<p lang=\"de\" dir=\"ltr\">Etwa ein Drittel des M\u00fclls in der Arktis stammt aus Europa, ein gro\u00dfer Teil aus der Bundesrepublik. <a rel=\"nofollow noopener\" target=\"_blank\" href=\"https:\/\/t.co\/dFUswuTHXF\">https:\/\/t.co\/dFUswuTHXF<\/a><\/p>\n<p>\u2014 Berliner Zeitung (@berlinerzeitung) <a rel=\"nofollow noopener\" target=\"_blank\" href=\"https:\/\/twitter.com\/berlinerzeitung\/status\/1622973984198258688?ref_src=twsrc%5Etfw\">February 7, 2023<\/a><\/p><\/blockquote>\n<\/div>\n<\/div>\n<p>Vieles stamme aus den Anrainerstaaten, doch von 206 Teilen, die aus zwei gro\u00dfen S\u00e4cken der Jahre 2017 und 2021 mit insgesamt 14.707 Teilen stammten, waren 30 Prozent aus Europa, und davon acht Prozent aus Deutschland. Doch selbst Plastik aus Brasilien, China und den Vereinigten Staaten war an der K\u00fcste Spitzbergens angeschwemmt oder angetragen worden.<\/p>\n<p>Die &#8220;Corona-Krise&#8221; seit 2020 d\u00fcrfte enorm zu dieser Entwicklung beigetragen haben: Denn FFP2- und OP-Masken\u00a0sind aus besonders langlebigem Plastik hergestellt und k\u00f6nnten sich in der Umwelt sogar Jahrzehnte oder Jahrhunderte halten, wie ein Beitrag des <em>ZDF<\/em>\u00a0<a rel=\"nofollow noopener\" target=\"_blank\" href=\"https:\/\/www.zdf.de\/nachrichten\/panorama\/masken-plastikmuell-umweltschutz-100.html\">berichtete<\/a>.\u00a0Steve Fletcher, Professor f\u00fcr Meerespolitik und Direktor des Forschungsbereichs Nachhaltigkeit und Umwelt an der britischen Universit\u00e4t Portsmouth warnte diesbez\u00fcglich vor einer weltweiten Umweltkatastrophe.\u00a0Gesichtsmasken best\u00fcnden zum gr\u00f6\u00dften Teil aus erd\u00f6lbasierten Polymeren. Gelangten diese ins Wasser und letztendlich in die Ozeane gef\u00e4hrdeten sie die marine Flora und Fauna.<\/p>\n<p>Forscher der s\u00fcdd\u00e4nischen Universit\u00e4t in Odense berechneten, dass\u00a0auf dem H\u00f6hepunkt der Corona-Krise 2021\/22 jeden Monat 129 Milliarden Atemschutzmasken weggeworfen worden sind. Pro Minute waren das sage und schreibe drei Millionen Masken.\u00a0<\/p>\n<p><strong>Mehr zum Thema<\/strong> &#8211; <a rel=\"nofollow noopener\" target=\"_blank\" href=\"https:\/\/test.rtde.tech\/inland\/144827-dramatische-ausmasse-erreicht-deutsche-umwelthilfe\/\">&#8220;Dramatische Ausma\u00dfe erreicht&#8221; \u2013 Deutsche Umwelthilfe k\u00e4mpft gegen Verm\u00fcllung durch Einweg-Artikel<\/a><\/p>\n<\/div>\n<p><script async src=\"https:\/\/platform.twitter.com\/widgets.js\" charset=\"utf-8\"><\/script><br \/>\n<br \/><br \/>\n<br \/><a href=\"https:\/\/de.rt.com\/inland\/162204-plastikmuell-verschmutzt-arktis-nachwirkungen-corona\/\">Source link <\/a><\/p>\n","protected":false},"excerpt":{"rendered":"<p>Ein Gro\u00dfteil des Plastikm\u00fclls der westlichen Welt landet fr\u00fcher oder sp\u00e4ter in der Arktis. Besonders in den letzten Jahren hat sich die M\u00fcllmenge vor Ort exorbitant vergr\u00f6\u00dfert. Neben der &#8220;Corona-Krise&#8221; wird jetzt in einer Studie ein schlechtes Abfallmanagement der Industrienationen ins Feld gef\u00fchrt. Die Arktis wird immer st\u00e4rker mit Plastikm\u00fcll aus den Industriestaaten verschmutzt. Ganz [&hellip;]<\/p>\n","protected":false},"author":3,"featured_media":29793,"comment_status":"open","ping_status":"open","sticky":false,"template":"","format":"standard","meta":{"_yoast_indexnow_last_ping":["1675804798"],"wp_automatic_camp":["217"],"6b2ac6a0ebb625bab38726bead34d0f0":["Plastikm\u00fcll verschmutzt Arktis: Nachwirkungen des Corona-Maskenballs?"],"original_link":["https:\/\/de.rt.com\/inland\/162204-plastikmuell-verschmutzt-arktis-nachwirkungen-corona\/"],"_thumbnail_id":["29793"],"_wptgpro_p2tg_sent2tg":["a:1:{i:23737;s:19:\"2023-02-07 23:21:02\";}"],"jnews_social_counter_last_update":["1777181722"]},"categories":[19,23],"tags":[21643,40406,583,40405,40403,40404],"yoast_head":"<!-- This site is optimized with the Yoast SEO Premium plugin v22.7 (Yoast SEO v22.7) - https:\/\/yoast.com\/wordpress\/plugins\/seo\/ -->\n<title>Plastikm\u00fcll verschmutzt Arktis: Nachwirkungen des Corona-Maskenballs? - just-now.NEWS Deutschland<\/title>\n<meta name=\"robots\" content=\"index, follow, max-snippet:-1, max-image-preview:large, max-video-preview:-1\" \/>\n<link rel=\"canonical\" href=\"https:\/\/now-news.de\/de\/deutschland\/plastikmuell-verschmutzt-arktis-nachwirkungen-des-corona-maskenballs\/\" \/>\n<meta property=\"og:locale\" content=\"de_DE\" \/>\n<meta property=\"og:type\" content=\"article\" \/>\n<meta property=\"og:title\" content=\"Plastikm\u00fcll verschmutzt Arktis: Nachwirkungen des Corona-Maskenballs?\" \/>\n<meta property=\"og:description\" content=\"Ein Gro\u00dfteil des Plastikm\u00fclls der westlichen Welt landet fr\u00fcher oder sp\u00e4ter in der Arktis. Besonders in den letzten Jahren hat sich die M\u00fcllmenge vor Ort exorbitant vergr\u00f6\u00dfert. Neben der &#8220;Corona-Krise&#8221; wird jetzt in einer Studie ein schlechtes Abfallmanagement der Industrienationen ins Feld gef\u00fchrt. Die Arktis wird immer st\u00e4rker mit Plastikm\u00fcll aus den Industriestaaten verschmutzt. Ganz [&hellip;]\" \/>\n<meta property=\"og:url\" content=\"https:\/\/now-news.de\/de\/deutschland\/plastikmuell-verschmutzt-arktis-nachwirkungen-des-corona-maskenballs\/\" \/>\n<meta property=\"og:site_name\" content=\"just-now.NEWS Deutschland\" \/>\n<meta property=\"article:publisher\" content=\"https:\/\/www.facebook.com\/wirmachenauf\" \/>\n<meta property=\"article:published_time\" content=\"2023-02-07T20:32:31+00:00\" \/>\n<meta property=\"og:image\" content=\"https:\/\/now-news.de\/de\/wp-content\/uploads\/sites\/3\/2023\/02\/Plastikmuell-verschmutzt-Arktis-Nachwirkungen-des-Corona-Maskenballs.jpg\" \/>\n\t<meta property=\"og:image:width\" content=\"460\" \/>\n\t<meta property=\"og:image:height\" content=\"259\" \/>\n\t<meta property=\"og:image:type\" content=\"image\/jpeg\" \/>\n<meta name=\"author\" content=\"rtnews\" \/>\n<meta name=\"twitter:card\" content=\"summary_large_image\" \/>\n<meta name=\"twitter:creator\" content=\"@WirMachenAuf_de\" \/>\n<meta name=\"twitter:site\" content=\"@WirMachenAuf_de\" \/>\n<meta name=\"twitter:label1\" content=\"Verfasst von\" \/>\n\t<meta name=\"twitter:data1\" content=\"rtnews\" \/>\n\t<meta name=\"twitter:label2\" content=\"Gesch\u00e4tzte Lesezeit\" \/>\n\t<meta name=\"twitter:data2\" content=\"2\u00a0Minuten\" \/>\n<script type=\"application\/ld+json\" class=\"yoast-schema-graph\">{\"@context\":\"https:\/\/schema.org\",\"@graph\":[{\"@type\":\"Article\",\"@id\":\"https:\/\/now-news.de\/de\/deutschland\/plastikmuell-verschmutzt-arktis-nachwirkungen-des-corona-maskenballs\/#article\",\"isPartOf\":{\"@id\":\"https:\/\/now-news.de\/de\/deutschland\/plastikmuell-verschmutzt-arktis-nachwirkungen-des-corona-maskenballs\/\"},\"author\":{\"name\":\"rtnews\",\"@id\":\"https:\/\/now-news.de\/de\/#\/schema\/person\/fb534a4e865501d8b3285208df34a9b5\"},\"headline\":\"Plastikm\u00fcll verschmutzt Arktis: Nachwirkungen des Corona-Maskenballs?\",\"datePublished\":\"2023-02-07T20:32:31+00:00\",\"dateModified\":\"2023-02-07T20:32:31+00:00\",\"mainEntityOfPage\":{\"@id\":\"https:\/\/now-news.de\/de\/deutschland\/plastikmuell-verschmutzt-arktis-nachwirkungen-des-corona-maskenballs\/\"},\"wordCount\":481,\"commentCount\":0,\"publisher\":{\"@id\":\"https:\/\/now-news.de\/de\/#organization\"},\"image\":{\"@id\":\"https:\/\/now-news.de\/de\/deutschland\/plastikmuell-verschmutzt-arktis-nachwirkungen-des-corona-maskenballs\/#primaryimage\"},\"thumbnailUrl\":\"https:\/\/now-news.de\/de\/wp-content\/uploads\/sites\/3\/2023\/02\/Plastikmuell-verschmutzt-Arktis-Nachwirkungen-des-Corona-Maskenballs.jpg\",\"keywords\":[\"Arktis\",\"CoronaMaskenballs\",\"des\",\"Nachwirkungen\",\"Plastikm\u00fcll\",\"verschmutzt\"],\"articleSection\":[\"Deutschland\",\"Russland\"],\"inLanguage\":\"de\",\"potentialAction\":[{\"@type\":\"CommentAction\",\"name\":\"Comment\",\"target\":[\"https:\/\/now-news.de\/de\/deutschland\/plastikmuell-verschmutzt-arktis-nachwirkungen-des-corona-maskenballs\/#respond\"]}]},{\"@type\":\"WebPage\",\"@id\":\"https:\/\/now-news.de\/de\/deutschland\/plastikmuell-verschmutzt-arktis-nachwirkungen-des-corona-maskenballs\/\",\"url\":\"https:\/\/now-news.de\/de\/deutschland\/plastikmuell-verschmutzt-arktis-nachwirkungen-des-corona-maskenballs\/\",\"name\":\"Plastikm\u00fcll verschmutzt Arktis: Nachwirkungen des Corona-Maskenballs? - just-now.NEWS Deutschland\",\"isPartOf\":{\"@id\":\"https:\/\/now-news.de\/de\/#website\"},\"primaryImageOfPage\":{\"@id\":\"https:\/\/now-news.de\/de\/deutschland\/plastikmuell-verschmutzt-arktis-nachwirkungen-des-corona-maskenballs\/#primaryimage\"},\"image\":{\"@id\":\"https:\/\/now-news.de\/de\/deutschland\/plastikmuell-verschmutzt-arktis-nachwirkungen-des-corona-maskenballs\/#primaryimage\"},\"thumbnailUrl\":\"https:\/\/now-news.de\/de\/wp-content\/uploads\/sites\/3\/2023\/02\/Plastikmuell-verschmutzt-Arktis-Nachwirkungen-des-Corona-Maskenballs.jpg\",\"datePublished\":\"2023-02-07T20:32:31+00:00\",\"dateModified\":\"2023-02-07T20:32:31+00:00\",\"breadcrumb\":{\"@id\":\"https:\/\/now-news.de\/de\/deutschland\/plastikmuell-verschmutzt-arktis-nachwirkungen-des-corona-maskenballs\/#breadcrumb\"},\"inLanguage\":\"de\",\"potentialAction\":[{\"@type\":\"ReadAction\",\"target\":[\"https:\/\/now-news.de\/de\/deutschland\/plastikmuell-verschmutzt-arktis-nachwirkungen-des-corona-maskenballs\/\"]}]},{\"@type\":\"ImageObject\",\"inLanguage\":\"de\",\"@id\":\"https:\/\/now-news.de\/de\/deutschland\/plastikmuell-verschmutzt-arktis-nachwirkungen-des-corona-maskenballs\/#primaryimage\",\"url\":\"https:\/\/now-news.de\/de\/wp-content\/uploads\/sites\/3\/2023\/02\/Plastikmuell-verschmutzt-Arktis-Nachwirkungen-des-Corona-Maskenballs.jpg\",\"contentUrl\":\"https:\/\/now-news.de\/de\/wp-content\/uploads\/sites\/3\/2023\/02\/Plastikmuell-verschmutzt-Arktis-Nachwirkungen-des-Corona-Maskenballs.jpg\",\"width\":460,\"height\":259,\"caption\":\"Plastikm\u00fcll verschmutzt Arktis: Nachwirkungen des Corona-Maskenballs?\"},{\"@type\":\"BreadcrumbList\",\"@id\":\"https:\/\/now-news.de\/de\/deutschland\/plastikmuell-verschmutzt-arktis-nachwirkungen-des-corona-maskenballs\/#breadcrumb\",\"itemListElement\":[{\"@type\":\"ListItem\",\"position\":1,\"name\":\"Home\",\"item\":\"https:\/\/now-news.de\/de\/\"},{\"@type\":\"ListItem\",\"position\":2,\"name\":\"Plastikm\u00fcll verschmutzt Arktis: Nachwirkungen des Corona-Maskenballs?\"}]},{\"@type\":\"WebSite\",\"@id\":\"https:\/\/now-news.de\/de\/#website\",\"url\":\"https:\/\/now-news.de\/de\/\",\"name\":\"just-now.NEWS Deutschland\",\"description\":\"Das Portal f\u00fcr unzensierte Nachrichten aus der Welt\",\"publisher\":{\"@id\":\"https:\/\/now-news.de\/de\/#organization\"},\"potentialAction\":[{\"@type\":\"SearchAction\",\"target\":{\"@type\":\"EntryPoint\",\"urlTemplate\":\"https:\/\/now-news.de\/de\/?s={search_term_string}\"},\"query-input\":\"required name=search_term_string\"}],\"inLanguage\":\"de\"},{\"@type\":\"Organization\",\"@id\":\"https:\/\/now-news.de\/de\/#organization\",\"name\":\"Just Now News\",\"url\":\"https:\/\/now-news.de\/de\/\",\"logo\":{\"@type\":\"ImageObject\",\"inLanguage\":\"de\",\"@id\":\"https:\/\/now-news.de\/de\/#\/schema\/logo\/image\/\",\"url\":\"http:\/\/just-now.news\/de\/wp-content\/uploads\/sites\/3\/2022\/04\/logo500x500.jpg\",\"contentUrl\":\"http:\/\/just-now.news\/de\/wp-content\/uploads\/sites\/3\/2022\/04\/logo500x500.jpg\",\"width\":500,\"height\":500,\"caption\":\"Just Now News\"},\"image\":{\"@id\":\"https:\/\/now-news.de\/de\/#\/schema\/logo\/image\/\"},\"sameAs\":[\"https:\/\/www.facebook.com\/wirmachenauf\",\"https:\/\/x.com\/WirMachenAuf_de\"]},{\"@type\":\"Person\",\"@id\":\"https:\/\/now-news.de\/de\/#\/schema\/person\/fb534a4e865501d8b3285208df34a9b5\",\"name\":\"rtnews\",\"image\":{\"@type\":\"ImageObject\",\"inLanguage\":\"de\",\"@id\":\"https:\/\/now-news.de\/de\/#\/schema\/person\/image\/\",\"url\":\"https:\/\/secure.gravatar.com\/avatar\/82aafea7d8127119dd649515f56e2117?s=96&d=mm&r=g\",\"contentUrl\":\"https:\/\/secure.gravatar.com\/avatar\/82aafea7d8127119dd649515f56e2117?s=96&d=mm&r=g\",\"caption\":\"rtnews\"},\"url\":\"https:\/\/now-news.de\/de\/author\/rnews\/\"}]}<\/script>\n<!-- \/ Yoast SEO Premium plugin. -->","yoast_head_json":{"title":"Plastikm\u00fcll verschmutzt Arktis: Nachwirkungen des Corona-Maskenballs? - just-now.NEWS Deutschland","robots":{"index":"index","follow":"follow","max-snippet":"max-snippet:-1","max-image-preview":"max-image-preview:large","max-video-preview":"max-video-preview:-1"},"canonical":"https:\/\/now-news.de\/de\/deutschland\/plastikmuell-verschmutzt-arktis-nachwirkungen-des-corona-maskenballs\/","og_locale":"de_DE","og_type":"article","og_title":"Plastikm\u00fcll verschmutzt Arktis: Nachwirkungen des Corona-Maskenballs?","og_description":"Ein Gro\u00dfteil des Plastikm\u00fclls der westlichen Welt landet fr\u00fcher oder sp\u00e4ter in der Arktis. Besonders in den letzten Jahren hat sich die M\u00fcllmenge vor Ort exorbitant vergr\u00f6\u00dfert. Neben der &#8220;Corona-Krise&#8221; wird jetzt in einer Studie ein schlechtes Abfallmanagement der Industrienationen ins Feld gef\u00fchrt. Die Arktis wird immer st\u00e4rker mit Plastikm\u00fcll aus den Industriestaaten verschmutzt. Ganz [&hellip;]","og_url":"https:\/\/now-news.de\/de\/deutschland\/plastikmuell-verschmutzt-arktis-nachwirkungen-des-corona-maskenballs\/","og_site_name":"just-now.NEWS Deutschland","article_publisher":"https:\/\/www.facebook.com\/wirmachenauf","article_published_time":"2023-02-07T20:32:31+00:00","og_image":[{"width":460,"height":259,"url":"https:\/\/now-news.de\/de\/wp-content\/uploads\/sites\/3\/2023\/02\/Plastikmuell-verschmutzt-Arktis-Nachwirkungen-des-Corona-Maskenballs.jpg","type":"image\/jpeg"}],"author":"rtnews","twitter_card":"summary_large_image","twitter_creator":"@WirMachenAuf_de","twitter_site":"@WirMachenAuf_de","twitter_misc":{"Verfasst von":"rtnews","Gesch\u00e4tzte Lesezeit":"2\u00a0Minuten"},"schema":{"@context":"https:\/\/schema.org","@graph":[{"@type":"Article","@id":"https:\/\/now-news.de\/de\/deutschland\/plastikmuell-verschmutzt-arktis-nachwirkungen-des-corona-maskenballs\/#article","isPartOf":{"@id":"https:\/\/now-news.de\/de\/deutschland\/plastikmuell-verschmutzt-arktis-nachwirkungen-des-corona-maskenballs\/"},"author":{"name":"rtnews","@id":"https:\/\/now-news.de\/de\/#\/schema\/person\/fb534a4e865501d8b3285208df34a9b5"},"headline":"Plastikm\u00fcll verschmutzt Arktis: Nachwirkungen des Corona-Maskenballs?","datePublished":"2023-02-07T20:32:31+00:00","dateModified":"2023-02-07T20:32:31+00:00","mainEntityOfPage":{"@id":"https:\/\/now-news.de\/de\/deutschland\/plastikmuell-verschmutzt-arktis-nachwirkungen-des-corona-maskenballs\/"},"wordCount":481,"commentCount":0,"publisher":{"@id":"https:\/\/now-news.de\/de\/#organization"},"image":{"@id":"https:\/\/now-news.de\/de\/deutschland\/plastikmuell-verschmutzt-arktis-nachwirkungen-des-corona-maskenballs\/#primaryimage"},"thumbnailUrl":"https:\/\/now-news.de\/de\/wp-content\/uploads\/sites\/3\/2023\/02\/Plastikmuell-verschmutzt-Arktis-Nachwirkungen-des-Corona-Maskenballs.jpg","keywords":["Arktis","CoronaMaskenballs","des","Nachwirkungen","Plastikm\u00fcll","verschmutzt"],"articleSection":["Deutschland","Russland"],"inLanguage":"de","potentialAction":[{"@type":"CommentAction","name":"Comment","target":["https:\/\/now-news.de\/de\/deutschland\/plastikmuell-verschmutzt-arktis-nachwirkungen-des-corona-maskenballs\/#respond"]}]},{"@type":"WebPage","@id":"https:\/\/now-news.de\/de\/deutschland\/plastikmuell-verschmutzt-arktis-nachwirkungen-des-corona-maskenballs\/","url":"https:\/\/now-news.de\/de\/deutschland\/plastikmuell-verschmutzt-arktis-nachwirkungen-des-corona-maskenballs\/","name":"Plastikm\u00fcll verschmutzt Arktis: Nachwirkungen des Corona-Maskenballs? - just-now.NEWS Deutschland","isPartOf":{"@id":"https:\/\/now-news.de\/de\/#website"},"primaryImageOfPage":{"@id":"https:\/\/now-news.de\/de\/deutschland\/plastikmuell-verschmutzt-arktis-nachwirkungen-des-corona-maskenballs\/#primaryimage"},"image":{"@id":"https:\/\/now-news.de\/de\/deutschland\/plastikmuell-verschmutzt-arktis-nachwirkungen-des-corona-maskenballs\/#primaryimage"},"thumbnailUrl":"https:\/\/now-news.de\/de\/wp-content\/uploads\/sites\/3\/2023\/02\/Plastikmuell-verschmutzt-Arktis-Nachwirkungen-des-Corona-Maskenballs.jpg","datePublished":"2023-02-07T20:32:31+00:00","dateModified":"2023-02-07T20:32:31+00:00","breadcrumb":{"@id":"https:\/\/now-news.de\/de\/deutschland\/plastikmuell-verschmutzt-arktis-nachwirkungen-des-corona-maskenballs\/#breadcrumb"},"inLanguage":"de","potentialAction":[{"@type":"ReadAction","target":["https:\/\/now-news.de\/de\/deutschland\/plastikmuell-verschmutzt-arktis-nachwirkungen-des-corona-maskenballs\/"]}]},{"@type":"ImageObject","inLanguage":"de","@id":"https:\/\/now-news.de\/de\/deutschland\/plastikmuell-verschmutzt-arktis-nachwirkungen-des-corona-maskenballs\/#primaryimage","url":"https:\/\/now-news.de\/de\/wp-content\/uploads\/sites\/3\/2023\/02\/Plastikmuell-verschmutzt-Arktis-Nachwirkungen-des-Corona-Maskenballs.jpg","contentUrl":"https:\/\/now-news.de\/de\/wp-content\/uploads\/sites\/3\/2023\/02\/Plastikmuell-verschmutzt-Arktis-Nachwirkungen-des-Corona-Maskenballs.jpg","width":460,"height":259,"caption":"Plastikm\u00fcll verschmutzt Arktis: Nachwirkungen des Corona-Maskenballs?"},{"@type":"BreadcrumbList","@id":"https:\/\/now-news.de\/de\/deutschland\/plastikmuell-verschmutzt-arktis-nachwirkungen-des-corona-maskenballs\/#breadcrumb","itemListElement":[{"@type":"ListItem","position":1,"name":"Home","item":"https:\/\/now-news.de\/de\/"},{"@type":"ListItem","position":2,"name":"Plastikm\u00fcll verschmutzt Arktis: Nachwirkungen des Corona-Maskenballs?"}]},{"@type":"WebSite","@id":"https:\/\/now-news.de\/de\/#website","url":"https:\/\/now-news.de\/de\/","name":"just-now.NEWS Deutschland","description":"Das Portal f\u00fcr unzensierte Nachrichten aus der Welt","publisher":{"@id":"https:\/\/now-news.de\/de\/#organization"},"potentialAction":[{"@type":"SearchAction","target":{"@type":"EntryPoint","urlTemplate":"https:\/\/now-news.de\/de\/?s={search_term_string}"},"query-input":"required name=search_term_string"}],"inLanguage":"de"},{"@type":"Organization","@id":"https:\/\/now-news.de\/de\/#organization","name":"Just Now News","url":"https:\/\/now-news.de\/de\/","logo":{"@type":"ImageObject","inLanguage":"de","@id":"https:\/\/now-news.de\/de\/#\/schema\/logo\/image\/","url":"http:\/\/just-now.news\/de\/wp-content\/uploads\/sites\/3\/2022\/04\/logo500x500.jpg","contentUrl":"http:\/\/just-now.news\/de\/wp-content\/uploads\/sites\/3\/2022\/04\/logo500x500.jpg","width":500,"height":500,"caption":"Just Now News"},"image":{"@id":"https:\/\/now-news.de\/de\/#\/schema\/logo\/image\/"},"sameAs":["https:\/\/www.facebook.com\/wirmachenauf","https:\/\/x.com\/WirMachenAuf_de"]},{"@type":"Person","@id":"https:\/\/now-news.de\/de\/#\/schema\/person\/fb534a4e865501d8b3285208df34a9b5","name":"rtnews","image":{"@type":"ImageObject","inLanguage":"de","@id":"https:\/\/now-news.de\/de\/#\/schema\/person\/image\/","url":"https:\/\/secure.gravatar.com\/avatar\/82aafea7d8127119dd649515f56e2117?s=96&d=mm&r=g","contentUrl":"https:\/\/secure.gravatar.com\/avatar\/82aafea7d8127119dd649515f56e2117?s=96&d=mm&r=g","caption":"rtnews"},"url":"https:\/\/now-news.de\/de\/author\/rnews\/"}]}},"_links":{"self":[{"href":"https:\/\/now-news.de\/de\/wp-json\/wp\/v2\/posts\/29792"}],"collection":[{"href":"https:\/\/now-news.de\/de\/wp-json\/wp\/v2\/posts"}],"about":[{"href":"https:\/\/now-news.de\/de\/wp-json\/wp\/v2\/types\/post"}],"author":[{"embeddable":true,"href":"https:\/\/now-news.de\/de\/wp-json\/wp\/v2\/users\/3"}],"replies":[{"embeddable":true,"href":"https:\/\/now-news.de\/de\/wp-json\/wp\/v2\/comments?post=29792"}],"version-history":[{"count":0,"href":"https:\/\/now-news.de\/de\/wp-json\/wp\/v2\/posts\/29792\/revisions"}],"wp:featuredmedia":[{"embeddable":true,"href":"https:\/\/now-news.de\/de\/wp-json\/wp\/v2\/media\/29793"}],"wp:attachment":[{"href":"https:\/\/now-news.de\/de\/wp-json\/wp\/v2\/media?parent=29792"}],"wp:term":[{"taxonomy":"category","embeddable":true,"href":"https:\/\/now-news.de\/de\/wp-json\/wp\/v2\/categories?post=29792"},{"taxonomy":"post_tag","embeddable":true,"href":"https:\/\/now-news.de\/de\/wp-json\/wp\/v2\/tags?post=29792"}],"curies":[{"name":"wp","href":"https:\/\/api.w.org\/{rel}","templated":true}]}}