{"id":29772,"date":"2023-02-07T20:42:53","date_gmt":"2023-02-07T18:42:53","guid":{"rendered":"https:\/\/just-now.news\/de\/deutschland\/sie-verhalten-sich-wie-goebbels-borell-verbot-russischer-medien-dient-der-meinungsfreiheit\/"},"modified":"2023-02-07T20:42:53","modified_gmt":"2023-02-07T18:42:53","slug":"sie-verhalten-sich-wie-goebbels-borell-verbot-russischer-medien-dient-der-meinungsfreiheit","status":"publish","type":"post","link":"https:\/\/now-news.de\/de\/deutschland\/sie-verhalten-sich-wie-goebbels-borell-verbot-russischer-medien-dient-der-meinungsfreiheit\/","title":{"rendered":"&quot;Sie verhalten sich wie Goebbels&quot; \u2013 Borell: Verbot russischer Medien dient der Meinungsfreiheit"},"content":{"rendered":"<p><img decoding=\"async\" src=\"http:\/\/just-now.news\/de\/wp-content\/uploads\/sites\/3\/2023\/02\/63e28d4d48fbef1e112e50dc.jpg\" \/><\/p>\n<div class=\"Text-root Text-type_1 \">\n                Am Dienstag behauptete der EU-Au\u00dfenbeauftragte, Josep Borell, der  Kreuzzug der EU gegen russische Medien ziele nicht darauf ab, die freie Meinungs\u00e4u\u00dferung einzuschr\u00e4nken, sondern diene vielmehr dem Schutz der Meinungsfreiheit. Seine \u00c4u\u00dferungen l\u00f6sten Kritik aus Moskau aus.\n            <\/div>\n<p><\/p>\n<div class=\"Text-root Text-type_5 ArticleView-text ViewText-root \">\n<p>Josep Borrell, Au\u00dfenbeauftragter der EU, fiel in der Vergangenheit immer wieder durch <a rel=\"nofollow noopener\" target=\"_blank\" href=\"https:\/\/pressefreiheit.rtde.life\/europa\/151544-borrell-zur-weltlage-europa-ist\/\">fragw\u00fcrdige<\/a>\u00a0<a rel=\"nofollow noopener\" target=\"_blank\" href=\"https:\/\/test.rtde.life\/kurzclips\/video\/156514-eu-aussenbeauftragter-borrell-muessen-neue\/\">\u00c4u\u00dferungen<\/a> auf. Auch seine am Dienstag get\u00e4tigten Aussagen sorgten f\u00fcr Kritik. Der Kreuzzug der EU gegen russische Medien ziele nicht darauf ab, die freie Meinungs\u00e4u\u00dferung einzuschr\u00e4nken, sondern verfolge vielmehr das gegenteilige Ziel, behauptete Borrell.<\/p>\n<p>Seine \u00c4u\u00dferungen l\u00f6sten Kritik aus Moskau aus. Die Sprecherin des Au\u00dfenministeriums, Maria Sacharowa, erkl\u00e4rte, Russland betrachte das Vorgehen gegen die russischen Medien als Zeichen einer Diktatur. Auf einer Konferenz, die der Reaktion der EU auf ausl\u00e4ndische Desinformation gewidmet war, sagte Borrell, dass die Sanktionen gegen russische Medien diese effektiv von der Arbeit innerhalb der EU ausschlie\u00dfen.<\/p>\n<blockquote>\n<p><em>&#8220;Damit greifen wir nicht die Freiheit der Meinungs\u00e4u\u00dferung an, sondern wir sch\u00fctzen nur die Freiheit der Meinungs\u00e4u\u00dferung&#8221;, behauptete er.<\/em><\/p>\n<\/blockquote>\n<p>Borrell wies\u00a0zudem darauf hin, dass die EU versuche, jene Medienorganisationen zu unterst\u00fctzen, die von Russland als &#8220;ausl\u00e4ndische Agenten&#8221; eingestuft worden seien. Eine Bezeichnung, die bedeute, dass eine Einrichtung entweder vom Ausland finanziert werde oder unter &#8220;ausl\u00e4ndischem Einfluss&#8221; stehe.<\/p>\n<p>&#8220;Was ich sage, ist nicht nur Rhetorik. Ich kann nicht ins Detail gehen, aber glauben Sie mir, wir versuchen, sie in der Praxis zu unterst\u00fctzen&#8221;, sagte er und f\u00fcgte hinzu, dass er nicht sagen werde, wie\u00a0\u2013 um ihnen &#8220;keinen schlechten Gefallen&#8221; zu tun.<\/p>\n<p>In einem Versuch, die Zensurpolitik der EU zu verteidigen, behauptete Borrell, dass Russland im Ukraine-Konflikt &#8220;Manipulation und Einmischung als entscheidendes Instrument&#8221; einsetze. Vor diesem Hintergrund erkl\u00e4rte der Diplomat, dass die EU eine Plattform namens Informationsaustausch- und Analysezentrum einrichten werde, um gegen Unwahrheiten vorzugehen.<\/p>\n<p><em>&#8220;Wir m\u00fcssen verstehen, wie diese Desinformationskampagnen organisiert sind &#8230; um die Akteure der Manipulation zu identifizieren&#8221;, erkl\u00e4rte Borrell.<\/em><\/p>\n<p>Auf Borrells \u00c4u\u00dferungen\u00a0entgegnete Sacharowa, dass Moskau in der Vergangenheit das harte Vorgehen gegen die Medien als &#8220;eine Manifestation der liberalen Diktatur&#8221; betrachtet habe. Doch die Art und Weise, wie der Diplomat diese Politik in seiner j\u00fcngsten Rede beschrieben habe, lasse sie &#8220;in neuen Farben und mit einem Hauch von T\u00e4uschung erstrahlen&#8221;, f\u00fcgte sie hinzu.<\/p>\n<p>In den letzten Jahren hat die EU eine Kampagne gegen russische Medien entfesselt, die sich erst recht versch\u00e4rfte, als Moskau im Februar 2022 seine Milit\u00e4roperation in der Ukraine startete. Im M\u00e4rz setzte die EU die Sendet\u00e4tigkeit von <em>Sputnik<\/em> und <em>RT<\/em> aus, und die Zahl der auf der schwarzen Liste stehenden Sender wuchs in den folgenden Monaten, als die EU neue Sanktionen gegen Russland einf\u00fchrte.<\/p>\n<p><strong>Mehr zum Thema &#8211;<\/strong>\u00a0<a rel=\"nofollow noopener\" target=\"_blank\" href=\"https:\/\/test.rtde.life\/live\/video\/162158-live-josep-borrell-zu-antworten\/\">LIVE: Josep Borrell zu Antworten der EU auf Bedrohung durch &#8220;ausl\u00e4ndische Informationsmanipulation&#8221;<\/a><\/p>\n<div class=\"EmbedBlock-root EmbedBlock-externalVideo EmbedBlock-odysee\">\n<div class=\"VkEmbed\"><iframe class=\"lazyload\" data-src=\"https:\/\/odysee.com\/%24\/embed\/%40RTDE%3Ae%2FSie-verhalten-sich-wie-Goebbels%E2%80%93Borrell-vergleicht-russische-Medien-mit-Goebbels-Propaganda%3A0\" frameborder=\"0\" width=\"853\" height=\"480\" allowfullscreen><\/iframe><\/div>\n<\/div>\n<\/div>\n<p><br \/>\n<br \/><a href=\"https:\/\/de.rt.com\/europa\/162233-borrell-verbot-russischer-medien-diene\/\">Source link <\/a><\/p>\n","protected":false},"excerpt":{"rendered":"<p>Am Dienstag behauptete der EU-Au\u00dfenbeauftragte, Josep Borell, der Kreuzzug der EU gegen russische Medien ziele nicht darauf ab, die freie Meinungs\u00e4u\u00dferung einzuschr\u00e4nken, sondern diene vielmehr dem Schutz der Meinungsfreiheit. Seine \u00c4u\u00dferungen l\u00f6sten Kritik aus Moskau aus. Josep Borrell, Au\u00dfenbeauftragter der EU, fiel in der Vergangenheit immer wieder durch fragw\u00fcrdige\u00a0\u00c4u\u00dferungen auf. Auch seine am Dienstag get\u00e4tigten [&hellip;]<\/p>\n","protected":false},"author":3,"featured_media":29773,"comment_status":"open","ping_status":"open","sticky":false,"template":"","format":"standard","meta":{"_yoast_indexnow_last_ping":["1675796106"],"wp_automatic_camp":["217"],"92afb53f782bbc7306cc421f0de2fc9c":["&quot;Sie verhalten sich wie Goebbels&quot; \u2013 Borell: Verbot russischer Medien dient der Meinungsfreiheit"],"original_link":["https:\/\/de.rt.com\/europa\/162233-borrell-verbot-russischer-medien-diene\/"],"_thumbnail_id":["29773"],"_wptgpro_p2tg_sent2tg":["a:1:{i:23737;s:19:\"2023-02-07 20:56:08\";}"],"jnews_social_counter_last_update":["1777830335"]},"categories":[19,23],"tags":[40393,82,31511,40392,580,7120,19971,793,434,3817,3926,579],"yoast_head":"<!-- This site is optimized with the Yoast SEO Premium plugin v22.7 (Yoast SEO v22.7) - https:\/\/yoast.com\/wordpress\/plugins\/seo\/ -->\n<title>&quot;Sie verhalten sich wie Goebbels&quot; \u2013 Borell: Verbot russischer Medien dient der Meinungsfreiheit - just-now.NEWS Deutschland<\/title>\n<meta name=\"robots\" content=\"index, follow, max-snippet:-1, max-image-preview:large, max-video-preview:-1\" \/>\n<link rel=\"canonical\" href=\"https:\/\/now-news.de\/de\/deutschland\/sie-verhalten-sich-wie-goebbels-borell-verbot-russischer-medien-dient-der-meinungsfreiheit\/\" \/>\n<meta property=\"og:locale\" content=\"de_DE\" \/>\n<meta property=\"og:type\" content=\"article\" \/>\n<meta property=\"og:title\" content=\"&quot;Sie verhalten sich wie Goebbels&quot; \u2013 Borell: Verbot russischer Medien dient der Meinungsfreiheit\" \/>\n<meta property=\"og:description\" content=\"Am Dienstag behauptete der EU-Au\u00dfenbeauftragte, Josep Borell, der Kreuzzug der EU gegen russische Medien ziele nicht darauf ab, die freie Meinungs\u00e4u\u00dferung einzuschr\u00e4nken, sondern diene vielmehr dem Schutz der Meinungsfreiheit. Seine \u00c4u\u00dferungen l\u00f6sten Kritik aus Moskau aus. Josep Borrell, Au\u00dfenbeauftragter der EU, fiel in der Vergangenheit immer wieder durch fragw\u00fcrdige\u00a0\u00c4u\u00dferungen auf. Auch seine am Dienstag get\u00e4tigten [&hellip;]\" \/>\n<meta property=\"og:url\" content=\"https:\/\/now-news.de\/de\/deutschland\/sie-verhalten-sich-wie-goebbels-borell-verbot-russischer-medien-dient-der-meinungsfreiheit\/\" \/>\n<meta property=\"og:site_name\" content=\"just-now.NEWS Deutschland\" \/>\n<meta property=\"article:publisher\" content=\"https:\/\/www.facebook.com\/wirmachenauf\" \/>\n<meta property=\"article:published_time\" content=\"2023-02-07T18:42:53+00:00\" \/>\n<meta property=\"og:image\" content=\"https:\/\/now-news.de\/de\/wp-content\/uploads\/sites\/3\/2023\/02\/quotSie-verhalten-sich-wie-Goebbelsquot-\u2013-Borell-Verbot-russischer-Medien.jpg\" \/>\n\t<meta property=\"og:image:width\" content=\"460\" \/>\n\t<meta property=\"og:image:height\" content=\"259\" \/>\n\t<meta property=\"og:image:type\" content=\"image\/jpeg\" \/>\n<meta name=\"author\" content=\"rtnews\" \/>\n<meta name=\"twitter:card\" content=\"summary_large_image\" \/>\n<meta name=\"twitter:creator\" content=\"@WirMachenAuf_de\" \/>\n<meta name=\"twitter:site\" content=\"@WirMachenAuf_de\" \/>\n<meta name=\"twitter:label1\" content=\"Verfasst von\" \/>\n\t<meta name=\"twitter:data1\" content=\"rtnews\" \/>\n\t<meta name=\"twitter:label2\" content=\"Gesch\u00e4tzte Lesezeit\" \/>\n\t<meta name=\"twitter:data2\" content=\"2\u00a0Minuten\" \/>\n<script type=\"application\/ld+json\" class=\"yoast-schema-graph\">{\"@context\":\"https:\/\/schema.org\",\"@graph\":[{\"@type\":\"Article\",\"@id\":\"https:\/\/now-news.de\/de\/deutschland\/sie-verhalten-sich-wie-goebbels-borell-verbot-russischer-medien-dient-der-meinungsfreiheit\/#article\",\"isPartOf\":{\"@id\":\"https:\/\/now-news.de\/de\/deutschland\/sie-verhalten-sich-wie-goebbels-borell-verbot-russischer-medien-dient-der-meinungsfreiheit\/\"},\"author\":{\"name\":\"rtnews\",\"@id\":\"https:\/\/now-news.de\/de\/#\/schema\/person\/fb534a4e865501d8b3285208df34a9b5\"},\"headline\":\"&quot;Sie verhalten sich wie Goebbels&quot; \u2013 Borell: Verbot russischer Medien dient der Meinungsfreiheit\",\"datePublished\":\"2023-02-07T18:42:53+00:00\",\"dateModified\":\"2023-02-07T18:42:53+00:00\",\"mainEntityOfPage\":{\"@id\":\"https:\/\/now-news.de\/de\/deutschland\/sie-verhalten-sich-wie-goebbels-borell-verbot-russischer-medien-dient-der-meinungsfreiheit\/\"},\"wordCount\":494,\"commentCount\":0,\"publisher\":{\"@id\":\"https:\/\/now-news.de\/de\/#organization\"},\"image\":{\"@id\":\"https:\/\/now-news.de\/de\/deutschland\/sie-verhalten-sich-wie-goebbels-borell-verbot-russischer-medien-dient-der-meinungsfreiheit\/#primaryimage\"},\"thumbnailUrl\":\"https:\/\/now-news.de\/de\/wp-content\/uploads\/sites\/3\/2023\/02\/quotSie-verhalten-sich-wie-Goebbelsquot-\u2013-Borell-Verbot-russischer-Medien.jpg\",\"keywords\":[\"Borell\",\"der\",\"dient\",\"Goebbelsquot\",\"Medien\",\"Meinungsfreiheit\",\"quotSie\",\"Russischer\",\"sich\",\"Verbot\",\"Verhalten\",\"Wie\"],\"articleSection\":[\"Deutschland\",\"Russland\"],\"inLanguage\":\"de\",\"potentialAction\":[{\"@type\":\"CommentAction\",\"name\":\"Comment\",\"target\":[\"https:\/\/now-news.de\/de\/deutschland\/sie-verhalten-sich-wie-goebbels-borell-verbot-russischer-medien-dient-der-meinungsfreiheit\/#respond\"]}]},{\"@type\":\"WebPage\",\"@id\":\"https:\/\/now-news.de\/de\/deutschland\/sie-verhalten-sich-wie-goebbels-borell-verbot-russischer-medien-dient-der-meinungsfreiheit\/\",\"url\":\"https:\/\/now-news.de\/de\/deutschland\/sie-verhalten-sich-wie-goebbels-borell-verbot-russischer-medien-dient-der-meinungsfreiheit\/\",\"name\":\"&quot;Sie verhalten sich wie Goebbels&quot; \u2013 Borell: Verbot russischer Medien dient der Meinungsfreiheit - just-now.NEWS Deutschland\",\"isPartOf\":{\"@id\":\"https:\/\/now-news.de\/de\/#website\"},\"primaryImageOfPage\":{\"@id\":\"https:\/\/now-news.de\/de\/deutschland\/sie-verhalten-sich-wie-goebbels-borell-verbot-russischer-medien-dient-der-meinungsfreiheit\/#primaryimage\"},\"image\":{\"@id\":\"https:\/\/now-news.de\/de\/deutschland\/sie-verhalten-sich-wie-goebbels-borell-verbot-russischer-medien-dient-der-meinungsfreiheit\/#primaryimage\"},\"thumbnailUrl\":\"https:\/\/now-news.de\/de\/wp-content\/uploads\/sites\/3\/2023\/02\/quotSie-verhalten-sich-wie-Goebbelsquot-\u2013-Borell-Verbot-russischer-Medien.jpg\",\"datePublished\":\"2023-02-07T18:42:53+00:00\",\"dateModified\":\"2023-02-07T18:42:53+00:00\",\"breadcrumb\":{\"@id\":\"https:\/\/now-news.de\/de\/deutschland\/sie-verhalten-sich-wie-goebbels-borell-verbot-russischer-medien-dient-der-meinungsfreiheit\/#breadcrumb\"},\"inLanguage\":\"de\",\"potentialAction\":[{\"@type\":\"ReadAction\",\"target\":[\"https:\/\/now-news.de\/de\/deutschland\/sie-verhalten-sich-wie-goebbels-borell-verbot-russischer-medien-dient-der-meinungsfreiheit\/\"]}]},{\"@type\":\"ImageObject\",\"inLanguage\":\"de\",\"@id\":\"https:\/\/now-news.de\/de\/deutschland\/sie-verhalten-sich-wie-goebbels-borell-verbot-russischer-medien-dient-der-meinungsfreiheit\/#primaryimage\",\"url\":\"https:\/\/now-news.de\/de\/wp-content\/uploads\/sites\/3\/2023\/02\/quotSie-verhalten-sich-wie-Goebbelsquot-\u2013-Borell-Verbot-russischer-Medien.jpg\",\"contentUrl\":\"https:\/\/now-news.de\/de\/wp-content\/uploads\/sites\/3\/2023\/02\/quotSie-verhalten-sich-wie-Goebbelsquot-\u2013-Borell-Verbot-russischer-Medien.jpg\",\"width\":460,\"height\":259,\"caption\":\"&quot;Sie verhalten sich wie Goebbels&quot; \u2013 Borell: Verbot russischer Medien dient der Meinungsfreiheit\"},{\"@type\":\"BreadcrumbList\",\"@id\":\"https:\/\/now-news.de\/de\/deutschland\/sie-verhalten-sich-wie-goebbels-borell-verbot-russischer-medien-dient-der-meinungsfreiheit\/#breadcrumb\",\"itemListElement\":[{\"@type\":\"ListItem\",\"position\":1,\"name\":\"Home\",\"item\":\"https:\/\/now-news.de\/de\/\"},{\"@type\":\"ListItem\",\"position\":2,\"name\":\"&quot;Sie verhalten sich wie Goebbels&quot; \u2013 Borell: Verbot russischer Medien dient der Meinungsfreiheit\"}]},{\"@type\":\"WebSite\",\"@id\":\"https:\/\/now-news.de\/de\/#website\",\"url\":\"https:\/\/now-news.de\/de\/\",\"name\":\"just-now.NEWS Deutschland\",\"description\":\"Das Portal f\u00fcr unzensierte Nachrichten aus der Welt\",\"publisher\":{\"@id\":\"https:\/\/now-news.de\/de\/#organization\"},\"potentialAction\":[{\"@type\":\"SearchAction\",\"target\":{\"@type\":\"EntryPoint\",\"urlTemplate\":\"https:\/\/now-news.de\/de\/?s={search_term_string}\"},\"query-input\":\"required name=search_term_string\"}],\"inLanguage\":\"de\"},{\"@type\":\"Organization\",\"@id\":\"https:\/\/now-news.de\/de\/#organization\",\"name\":\"Just Now News\",\"url\":\"https:\/\/now-news.de\/de\/\",\"logo\":{\"@type\":\"ImageObject\",\"inLanguage\":\"de\",\"@id\":\"https:\/\/now-news.de\/de\/#\/schema\/logo\/image\/\",\"url\":\"http:\/\/just-now.news\/de\/wp-content\/uploads\/sites\/3\/2022\/04\/logo500x500.jpg\",\"contentUrl\":\"http:\/\/just-now.news\/de\/wp-content\/uploads\/sites\/3\/2022\/04\/logo500x500.jpg\",\"width\":500,\"height\":500,\"caption\":\"Just Now News\"},\"image\":{\"@id\":\"https:\/\/now-news.de\/de\/#\/schema\/logo\/image\/\"},\"sameAs\":[\"https:\/\/www.facebook.com\/wirmachenauf\",\"https:\/\/x.com\/WirMachenAuf_de\"]},{\"@type\":\"Person\",\"@id\":\"https:\/\/now-news.de\/de\/#\/schema\/person\/fb534a4e865501d8b3285208df34a9b5\",\"name\":\"rtnews\",\"image\":{\"@type\":\"ImageObject\",\"inLanguage\":\"de\",\"@id\":\"https:\/\/now-news.de\/de\/#\/schema\/person\/image\/\",\"url\":\"https:\/\/secure.gravatar.com\/avatar\/82aafea7d8127119dd649515f56e2117?s=96&d=mm&r=g\",\"contentUrl\":\"https:\/\/secure.gravatar.com\/avatar\/82aafea7d8127119dd649515f56e2117?s=96&d=mm&r=g\",\"caption\":\"rtnews\"},\"url\":\"https:\/\/now-news.de\/de\/author\/rnews\/\"}]}<\/script>\n<!-- \/ Yoast SEO Premium plugin. -->","yoast_head_json":{"title":"&quot;Sie verhalten sich wie Goebbels&quot; \u2013 Borell: Verbot russischer Medien dient der Meinungsfreiheit - just-now.NEWS Deutschland","robots":{"index":"index","follow":"follow","max-snippet":"max-snippet:-1","max-image-preview":"max-image-preview:large","max-video-preview":"max-video-preview:-1"},"canonical":"https:\/\/now-news.de\/de\/deutschland\/sie-verhalten-sich-wie-goebbels-borell-verbot-russischer-medien-dient-der-meinungsfreiheit\/","og_locale":"de_DE","og_type":"article","og_title":"&quot;Sie verhalten sich wie Goebbels&quot; \u2013 Borell: Verbot russischer Medien dient der Meinungsfreiheit","og_description":"Am Dienstag behauptete der EU-Au\u00dfenbeauftragte, Josep Borell, der Kreuzzug der EU gegen russische Medien ziele nicht darauf ab, die freie Meinungs\u00e4u\u00dferung einzuschr\u00e4nken, sondern diene vielmehr dem Schutz der Meinungsfreiheit. Seine \u00c4u\u00dferungen l\u00f6sten Kritik aus Moskau aus. Josep Borrell, Au\u00dfenbeauftragter der EU, fiel in der Vergangenheit immer wieder durch fragw\u00fcrdige\u00a0\u00c4u\u00dferungen auf. Auch seine am Dienstag get\u00e4tigten [&hellip;]","og_url":"https:\/\/now-news.de\/de\/deutschland\/sie-verhalten-sich-wie-goebbels-borell-verbot-russischer-medien-dient-der-meinungsfreiheit\/","og_site_name":"just-now.NEWS Deutschland","article_publisher":"https:\/\/www.facebook.com\/wirmachenauf","article_published_time":"2023-02-07T18:42:53+00:00","og_image":[{"width":460,"height":259,"url":"https:\/\/now-news.de\/de\/wp-content\/uploads\/sites\/3\/2023\/02\/quotSie-verhalten-sich-wie-Goebbelsquot-\u2013-Borell-Verbot-russischer-Medien.jpg","type":"image\/jpeg"}],"author":"rtnews","twitter_card":"summary_large_image","twitter_creator":"@WirMachenAuf_de","twitter_site":"@WirMachenAuf_de","twitter_misc":{"Verfasst von":"rtnews","Gesch\u00e4tzte Lesezeit":"2\u00a0Minuten"},"schema":{"@context":"https:\/\/schema.org","@graph":[{"@type":"Article","@id":"https:\/\/now-news.de\/de\/deutschland\/sie-verhalten-sich-wie-goebbels-borell-verbot-russischer-medien-dient-der-meinungsfreiheit\/#article","isPartOf":{"@id":"https:\/\/now-news.de\/de\/deutschland\/sie-verhalten-sich-wie-goebbels-borell-verbot-russischer-medien-dient-der-meinungsfreiheit\/"},"author":{"name":"rtnews","@id":"https:\/\/now-news.de\/de\/#\/schema\/person\/fb534a4e865501d8b3285208df34a9b5"},"headline":"&quot;Sie verhalten sich wie Goebbels&quot; \u2013 Borell: Verbot russischer Medien dient der Meinungsfreiheit","datePublished":"2023-02-07T18:42:53+00:00","dateModified":"2023-02-07T18:42:53+00:00","mainEntityOfPage":{"@id":"https:\/\/now-news.de\/de\/deutschland\/sie-verhalten-sich-wie-goebbels-borell-verbot-russischer-medien-dient-der-meinungsfreiheit\/"},"wordCount":494,"commentCount":0,"publisher":{"@id":"https:\/\/now-news.de\/de\/#organization"},"image":{"@id":"https:\/\/now-news.de\/de\/deutschland\/sie-verhalten-sich-wie-goebbels-borell-verbot-russischer-medien-dient-der-meinungsfreiheit\/#primaryimage"},"thumbnailUrl":"https:\/\/now-news.de\/de\/wp-content\/uploads\/sites\/3\/2023\/02\/quotSie-verhalten-sich-wie-Goebbelsquot-\u2013-Borell-Verbot-russischer-Medien.jpg","keywords":["Borell","der","dient","Goebbelsquot","Medien","Meinungsfreiheit","quotSie","Russischer","sich","Verbot","Verhalten","Wie"],"articleSection":["Deutschland","Russland"],"inLanguage":"de","potentialAction":[{"@type":"CommentAction","name":"Comment","target":["https:\/\/now-news.de\/de\/deutschland\/sie-verhalten-sich-wie-goebbels-borell-verbot-russischer-medien-dient-der-meinungsfreiheit\/#respond"]}]},{"@type":"WebPage","@id":"https:\/\/now-news.de\/de\/deutschland\/sie-verhalten-sich-wie-goebbels-borell-verbot-russischer-medien-dient-der-meinungsfreiheit\/","url":"https:\/\/now-news.de\/de\/deutschland\/sie-verhalten-sich-wie-goebbels-borell-verbot-russischer-medien-dient-der-meinungsfreiheit\/","name":"&quot;Sie verhalten sich wie Goebbels&quot; \u2013 Borell: Verbot russischer Medien dient der Meinungsfreiheit - just-now.NEWS Deutschland","isPartOf":{"@id":"https:\/\/now-news.de\/de\/#website"},"primaryImageOfPage":{"@id":"https:\/\/now-news.de\/de\/deutschland\/sie-verhalten-sich-wie-goebbels-borell-verbot-russischer-medien-dient-der-meinungsfreiheit\/#primaryimage"},"image":{"@id":"https:\/\/now-news.de\/de\/deutschland\/sie-verhalten-sich-wie-goebbels-borell-verbot-russischer-medien-dient-der-meinungsfreiheit\/#primaryimage"},"thumbnailUrl":"https:\/\/now-news.de\/de\/wp-content\/uploads\/sites\/3\/2023\/02\/quotSie-verhalten-sich-wie-Goebbelsquot-\u2013-Borell-Verbot-russischer-Medien.jpg","datePublished":"2023-02-07T18:42:53+00:00","dateModified":"2023-02-07T18:42:53+00:00","breadcrumb":{"@id":"https:\/\/now-news.de\/de\/deutschland\/sie-verhalten-sich-wie-goebbels-borell-verbot-russischer-medien-dient-der-meinungsfreiheit\/#breadcrumb"},"inLanguage":"de","potentialAction":[{"@type":"ReadAction","target":["https:\/\/now-news.de\/de\/deutschland\/sie-verhalten-sich-wie-goebbels-borell-verbot-russischer-medien-dient-der-meinungsfreiheit\/"]}]},{"@type":"ImageObject","inLanguage":"de","@id":"https:\/\/now-news.de\/de\/deutschland\/sie-verhalten-sich-wie-goebbels-borell-verbot-russischer-medien-dient-der-meinungsfreiheit\/#primaryimage","url":"https:\/\/now-news.de\/de\/wp-content\/uploads\/sites\/3\/2023\/02\/quotSie-verhalten-sich-wie-Goebbelsquot-\u2013-Borell-Verbot-russischer-Medien.jpg","contentUrl":"https:\/\/now-news.de\/de\/wp-content\/uploads\/sites\/3\/2023\/02\/quotSie-verhalten-sich-wie-Goebbelsquot-\u2013-Borell-Verbot-russischer-Medien.jpg","width":460,"height":259,"caption":"&quot;Sie verhalten sich wie Goebbels&quot; \u2013 Borell: Verbot russischer Medien dient der Meinungsfreiheit"},{"@type":"BreadcrumbList","@id":"https:\/\/now-news.de\/de\/deutschland\/sie-verhalten-sich-wie-goebbels-borell-verbot-russischer-medien-dient-der-meinungsfreiheit\/#breadcrumb","itemListElement":[{"@type":"ListItem","position":1,"name":"Home","item":"https:\/\/now-news.de\/de\/"},{"@type":"ListItem","position":2,"name":"&quot;Sie verhalten sich wie Goebbels&quot; \u2013 Borell: Verbot russischer Medien dient der Meinungsfreiheit"}]},{"@type":"WebSite","@id":"https:\/\/now-news.de\/de\/#website","url":"https:\/\/now-news.de\/de\/","name":"just-now.NEWS Deutschland","description":"Das Portal f\u00fcr unzensierte Nachrichten aus der Welt","publisher":{"@id":"https:\/\/now-news.de\/de\/#organization"},"potentialAction":[{"@type":"SearchAction","target":{"@type":"EntryPoint","urlTemplate":"https:\/\/now-news.de\/de\/?s={search_term_string}"},"query-input":"required name=search_term_string"}],"inLanguage":"de"},{"@type":"Organization","@id":"https:\/\/now-news.de\/de\/#organization","name":"Just Now News","url":"https:\/\/now-news.de\/de\/","logo":{"@type":"ImageObject","inLanguage":"de","@id":"https:\/\/now-news.de\/de\/#\/schema\/logo\/image\/","url":"http:\/\/just-now.news\/de\/wp-content\/uploads\/sites\/3\/2022\/04\/logo500x500.jpg","contentUrl":"http:\/\/just-now.news\/de\/wp-content\/uploads\/sites\/3\/2022\/04\/logo500x500.jpg","width":500,"height":500,"caption":"Just Now News"},"image":{"@id":"https:\/\/now-news.de\/de\/#\/schema\/logo\/image\/"},"sameAs":["https:\/\/www.facebook.com\/wirmachenauf","https:\/\/x.com\/WirMachenAuf_de"]},{"@type":"Person","@id":"https:\/\/now-news.de\/de\/#\/schema\/person\/fb534a4e865501d8b3285208df34a9b5","name":"rtnews","image":{"@type":"ImageObject","inLanguage":"de","@id":"https:\/\/now-news.de\/de\/#\/schema\/person\/image\/","url":"https:\/\/secure.gravatar.com\/avatar\/82aafea7d8127119dd649515f56e2117?s=96&d=mm&r=g","contentUrl":"https:\/\/secure.gravatar.com\/avatar\/82aafea7d8127119dd649515f56e2117?s=96&d=mm&r=g","caption":"rtnews"},"url":"https:\/\/now-news.de\/de\/author\/rnews\/"}]}},"_links":{"self":[{"href":"https:\/\/now-news.de\/de\/wp-json\/wp\/v2\/posts\/29772"}],"collection":[{"href":"https:\/\/now-news.de\/de\/wp-json\/wp\/v2\/posts"}],"about":[{"href":"https:\/\/now-news.de\/de\/wp-json\/wp\/v2\/types\/post"}],"author":[{"embeddable":true,"href":"https:\/\/now-news.de\/de\/wp-json\/wp\/v2\/users\/3"}],"replies":[{"embeddable":true,"href":"https:\/\/now-news.de\/de\/wp-json\/wp\/v2\/comments?post=29772"}],"version-history":[{"count":0,"href":"https:\/\/now-news.de\/de\/wp-json\/wp\/v2\/posts\/29772\/revisions"}],"wp:featuredmedia":[{"embeddable":true,"href":"https:\/\/now-news.de\/de\/wp-json\/wp\/v2\/media\/29773"}],"wp:attachment":[{"href":"https:\/\/now-news.de\/de\/wp-json\/wp\/v2\/media?parent=29772"}],"wp:term":[{"taxonomy":"category","embeddable":true,"href":"https:\/\/now-news.de\/de\/wp-json\/wp\/v2\/categories?post=29772"},{"taxonomy":"post_tag","embeddable":true,"href":"https:\/\/now-news.de\/de\/wp-json\/wp\/v2\/tags?post=29772"}],"curies":[{"name":"wp","href":"https:\/\/api.w.org\/{rel}","templated":true}]}}