{"id":29744,"date":"2023-02-07T17:35:27","date_gmt":"2023-02-07T15:35:27","guid":{"rendered":"http:\/\/just-now.news\/de\/deutschland\/heuchlerin-von-der-leyen-erntet-shitstorm-fuer-beileids-tweet-ueber-tuerkei-und-syrien\/"},"modified":"2023-02-07T17:35:27","modified_gmt":"2023-02-07T15:35:27","slug":"heuchlerin-von-der-leyen-erntet-shitstorm-fuer-beileids-tweet-ueber-tuerkei-und-syrien","status":"publish","type":"post","link":"https:\/\/now-news.de\/de\/deutschland\/heuchlerin-von-der-leyen-erntet-shitstorm-fuer-beileids-tweet-ueber-tuerkei-und-syrien\/","title":{"rendered":"&quot;Heuchlerin&quot; \u2013 Von der Leyen erntet Shitstorm f\u00fcr Beileids-Tweet \u00fcber T\u00fcrkei und Syrien"},"content":{"rendered":"<p><img decoding=\"async\" src=\"http:\/\/just-now.news\/de\/wp-content\/uploads\/sites\/3\/2023\/02\/63e248fd48fbef6a8c130a4f.jpg\" \/><\/p>\n<div class=\"Text-root Text-type_1 \">\n                Ein Tweet von Ursula von der Leyen, der den Angeh\u00f6rigen der Opfer des Erdbebens in Syrien und der T\u00fcrkei sowohl die Solidarit\u00e4t als auch die Unterst\u00fctzung der EU zusichern sollte, ging nach hinten los. Angesichts des Sanktionsregimes der EU gegen\u00fcber Syrien halten die User die EU-Kommissionspr\u00e4sidentin f\u00fcr unglaubw\u00fcrdig.\n            <\/div>\n<p><\/p>\n<div class=\"Text-root Text-type_5 ArticleView-text ViewText-root \">\n<p>In einem Tweet beteuerte EU-Kommissionspr\u00e4sidentin Ursula von der Leyen ihre tiefe Solidarit\u00e4t mit den Menschen in der T\u00fcrkei und in Syrien angesichts des Erdbebens, das eine hohe Zahl an Opfern gefordert hatte. Von der Leyen behauptete, dass die EU mit den Betroffenen trauern w\u00fcrde und versicherte, dass Hilfe aus Europa bereits unterwegs sei. Man sei bereit, auf jedem erdenklichen Weg zu helfen.\u00a0<\/p>\n<p>Angesichts der faktischen Politik der EU sowohl gegen\u00fcber der T\u00fcrkei, vor allem aber gegen\u00fcber Syrien, erntete die Vorsitzende der EU Kritik, zynische Kommentare, Spott und Hohn.\u00a0<\/p>\n<p>Zur Erinnerung: Nachdem die westliche Allianz den milit\u00e4rischen Konflikt in Syrien verloren und das Ziel eines Regimechange nicht erreicht hatte, erlie\u00df die EU Sanktionen gegen Syrien. Die Sanktionen sollen einen umfassenden Mangel in Syrien ausl\u00f6sen, sodass \u00fcber Hungerrevolten das Ziel eines Machtwechsels doch noch erreicht werden kann. So hat die EU trotz des Dr\u00e4ngens der UN, w\u00e4hrend der Covid-Pandemie die Sanktionen zu lockern, an den Zwangsma\u00dfnahmen festgehalten.\u00a0<\/p>\n<p>Zahlreiche User erinnerten sich an diese Tatsache und beschuldigten von der Leyen der Heuchelei.\u00a0<\/p>\n<div class=\"EmbedBlock-root EmbedBlock-twitter\">\n<div class=\"TwitterEmbed\">\n<blockquote class=\"twitter-tweet lazyload\" data-twitter=\"twitter-tweet\">\n<p lang=\"en\" dir=\"ltr\">Hypocrite&#8230;you deny Syria aid, citing sanctions.Nothing new here, your hypocrisy knows no bounds.<\/p>\n<p>\u2014 Hassan Mohmmad (@hassan1994) <a rel=\"nofollow noopener\" target=\"_blank\" href=\"https:\/\/twitter.com\/hassan1994\/status\/1622856919869186050?ref_src=twsrc%5Etfw\">February 7, 2023<\/a><\/p><\/blockquote>\n<\/div>\n<\/div>\n<p>Ein weiterer User meinte, dass von der Leyen angesichts des faktischen Handelns der EU lediglich Krokodilstr\u00e4nen vergie\u00dfen w\u00fcrde.<\/p>\n<div class=\"EmbedBlock-root EmbedBlock-twitter\">\n<div class=\"TwitterEmbed\">\n<blockquote class=\"twitter-tweet lazyload\" data-twitter=\"twitter-tweet\">\n<p lang=\"en\" dir=\"ltr\">If you are not going to immediately lift the sanctions on Syria, shut up and spare us your crocodile tears Ursula<\/p>\n<p>\u2014 \u0635\u064e\u0628\u0652\u0631 \u0623\u064a\u0651\u0648\u0628\u0652\ud83c\udf35 (@Job_D1) <a rel=\"nofollow noopener\" target=\"_blank\" href=\"https:\/\/twitter.com\/Job_D1\/status\/1622823753490087936?ref_src=twsrc%5Etfw\">February 7, 2023<\/a><\/p><\/blockquote>\n<\/div>\n<\/div>\n<p>Der politische Kommentator und Gr\u00fcnder von <em>Syriana Analysis,<\/em> Kevork Almassian, verweist darauf, dass die Sanktionen gegen Syrien v\u00f6lkerrechtswidrig seien.<\/p>\n<div class=\"EmbedBlock-root EmbedBlock-twitter\">\n<div class=\"TwitterEmbed\">\n<blockquote class=\"twitter-tweet lazyload\" data-twitter=\"twitter-tweet\">\n<p lang=\"en\" dir=\"ltr\">We don&#8217;t need your thoughts and prayers. We need you to lift the illegal unilateral sanctions on Syria!<\/p>\n<p>\u2014 Kevork Almassian\ud83c\uddf8\ud83c\uddfe\ud83c\udde6\ud83c\uddf2 (@KevorkAlmassian) <a rel=\"nofollow noopener\" target=\"_blank\" href=\"https:\/\/twitter.com\/KevorkAlmassian\/status\/1622581816518492160?ref_src=twsrc%5Etfw\">February 6, 2023<\/a><\/p><\/blockquote>\n<\/div>\n<\/div>\n<p>F\u00fcr die EU h\u00e4tten syrische Leben keine Bedeutung, ist sich eine Nutzerin sicher.<\/p>\n<div class=\"EmbedBlock-root EmbedBlock-twitter\">\n<div class=\"TwitterEmbed\">\n<blockquote class=\"twitter-tweet lazyload\" data-twitter=\"twitter-tweet\">\n<p lang=\"en\" dir=\"ltr\">Will you support Syria as well? To lift the sanctions on Syria? We know Syrian lives does not matter for EU<\/p>\n<p>\u2014 eva thomassen (@evathomass) <a rel=\"nofollow noopener\" target=\"_blank\" href=\"https:\/\/twitter.com\/evathomass\/status\/1622582335798448128?ref_src=twsrc%5Etfw\">February 6, 2023<\/a><\/p><\/blockquote>\n<\/div>\n<\/div>\n<p>Der Nutzer Posverdad zeichnete von der Leyen f\u00fcr ihre schauspielerische Leistung sogar mit einem Oscar aus.<\/p>\n<div class=\"EmbedBlock-root EmbedBlock-twitter\">\n<div class=\"TwitterEmbed\">\n<blockquote class=\"twitter-tweet lazyload\" data-twitter=\"twitter-tweet\">\n<p lang=\"qme\" dir=\"ltr\"><a rel=\"nofollow noopener\" target=\"_blank\" href=\"https:\/\/t.co\/BEOfZl9Chc\">pic.twitter.com\/BEOfZl9Chc<\/a><\/p>\n<p>\u2014 Posverdad (@feligresias) <a rel=\"nofollow noopener\" target=\"_blank\" href=\"https:\/\/twitter.com\/feligresias\/status\/1622551988738064385?ref_src=twsrc%5Etfw\">February 6, 2023<\/a><\/p><\/blockquote>\n<\/div>\n<\/div>\n<p>Die Kommissionspr\u00e4sidentin stolpert \u00fcber die Kluft, die zwischen ihrer Mitleidsbekundung und dem tats\u00e4chlichen politischen Handeln der EU klafft. Die EU verh\u00e4ngte repressive Ma\u00dfnahmen, die direkt die Zivilbev\u00f6lkerung trafen. Die Legitimation dazu hat sie sich selbst gegeben \u2013 an internationalem Recht vorbei. Vor diesem Hintergrund ist es verst\u00e4ndlich, dass das Bekenntnis zur Solidarit\u00e4t, insbesondere mit Syrien, f\u00fcr die Nutzer von Twitter wenig glaubhaft wirkt.\u00a0<\/p>\n<p><strong>Mehr zum Thema\u00a0\u2013 <\/strong><a rel=\"nofollow noopener\" target=\"_blank\" href=\"https:\/\/fromrussiawithlove.rtde.live\/asien\/162159-nach-erdbeben-in-tuerkei-und\/\">Nach Erdbeben in T\u00fcrkei und Syrien: Internationale Hilfe ist unterwegs<\/a><\/p>\n<\/p>\n<\/div>\n<p><script async src=\"https:\/\/platform.twitter.com\/widgets.js\" charset=\"utf-8\"><\/script><br \/>\n<br \/><br \/>\n<br \/><a href=\"https:\/\/de.rt.com\/europa\/162197-heuchlerin-kommissionspraesidentin-erntet-shitstorm-fuer\/\">Source link <\/a><\/p>\n","protected":false},"excerpt":{"rendered":"<p>Ein Tweet von Ursula von der Leyen, der den Angeh\u00f6rigen der Opfer des Erdbebens in Syrien und der T\u00fcrkei sowohl die Solidarit\u00e4t als auch die Unterst\u00fctzung der EU zusichern sollte, ging nach hinten los. Angesichts des Sanktionsregimes der EU gegen\u00fcber Syrien halten die User die EU-Kommissionspr\u00e4sidentin f\u00fcr unglaubw\u00fcrdig. In einem Tweet beteuerte EU-Kommissionspr\u00e4sidentin Ursula von [&hellip;]<\/p>\n","protected":false},"author":3,"featured_media":29745,"comment_status":"open","ping_status":"open","sticky":false,"template":"","format":"standard","meta":{"_yoast_indexnow_last_ping":["1675784575"],"wp_automatic_camp":["217"],"074f8fce998eaf576e33e561b4199fad":["&quot;Heuchlerin&quot; \u2013 Von der Leyen erntet Shitstorm f\u00fcr Beileids-Tweet \u00fcber T\u00fcrkei und Syrien"],"original_link":["https:\/\/de.rt.com\/europa\/162197-heuchlerin-kommissionspraesidentin-erntet-shitstorm-fuer\/"],"_thumbnail_id":["29745"],"_wptgpro_p2tg_sent2tg":["a:1:{i:23737;s:19:\"2023-02-07 17:44:02\";}"],"jnews_social_counter_last_update":["1777572968"]},"categories":[19,23],"tags":[40377,82,10765,221,368,40376,10766,783,1897,139,140,50],"yoast_head":"<!-- This site is optimized with the Yoast SEO Premium plugin v22.7 (Yoast SEO v22.7) - https:\/\/yoast.com\/wordpress\/plugins\/seo\/ -->\n<title>&quot;Heuchlerin&quot; \u2013 Von der Leyen erntet Shitstorm f\u00fcr Beileids-Tweet \u00fcber T\u00fcrkei und Syrien - just-now.NEWS Deutschland<\/title>\n<meta name=\"robots\" content=\"index, follow, max-snippet:-1, max-image-preview:large, max-video-preview:-1\" \/>\n<link rel=\"canonical\" href=\"https:\/\/now-news.de\/de\/deutschland\/heuchlerin-von-der-leyen-erntet-shitstorm-fuer-beileids-tweet-ueber-tuerkei-und-syrien\/\" \/>\n<meta property=\"og:locale\" content=\"de_DE\" \/>\n<meta property=\"og:type\" content=\"article\" \/>\n<meta property=\"og:title\" content=\"&quot;Heuchlerin&quot; \u2013 Von der Leyen erntet Shitstorm f\u00fcr Beileids-Tweet \u00fcber T\u00fcrkei und Syrien\" \/>\n<meta property=\"og:description\" content=\"Ein Tweet von Ursula von der Leyen, der den Angeh\u00f6rigen der Opfer des Erdbebens in Syrien und der T\u00fcrkei sowohl die Solidarit\u00e4t als auch die Unterst\u00fctzung der EU zusichern sollte, ging nach hinten los. Angesichts des Sanktionsregimes der EU gegen\u00fcber Syrien halten die User die EU-Kommissionspr\u00e4sidentin f\u00fcr unglaubw\u00fcrdig. In einem Tweet beteuerte EU-Kommissionspr\u00e4sidentin Ursula von [&hellip;]\" \/>\n<meta property=\"og:url\" content=\"https:\/\/now-news.de\/de\/deutschland\/heuchlerin-von-der-leyen-erntet-shitstorm-fuer-beileids-tweet-ueber-tuerkei-und-syrien\/\" \/>\n<meta property=\"og:site_name\" content=\"just-now.NEWS Deutschland\" \/>\n<meta property=\"article:publisher\" content=\"https:\/\/www.facebook.com\/wirmachenauf\" \/>\n<meta property=\"article:published_time\" content=\"2023-02-07T15:35:27+00:00\" \/>\n<meta property=\"og:image\" content=\"https:\/\/now-news.de\/de\/wp-content\/uploads\/sites\/3\/2023\/02\/quotHeuchlerinquot-\u2013-Von-der-Leyen-erntet-Shitstorm-fuer-Beileids-Tweet-ueber.jpg\" \/>\n\t<meta property=\"og:image:width\" content=\"460\" \/>\n\t<meta property=\"og:image:height\" content=\"259\" \/>\n\t<meta property=\"og:image:type\" content=\"image\/jpeg\" \/>\n<meta name=\"author\" content=\"rtnews\" \/>\n<meta name=\"twitter:card\" content=\"summary_large_image\" \/>\n<meta name=\"twitter:creator\" content=\"@WirMachenAuf_de\" \/>\n<meta name=\"twitter:site\" content=\"@WirMachenAuf_de\" \/>\n<meta name=\"twitter:label1\" content=\"Verfasst von\" \/>\n\t<meta name=\"twitter:data1\" content=\"rtnews\" \/>\n\t<meta name=\"twitter:label2\" content=\"Gesch\u00e4tzte Lesezeit\" \/>\n\t<meta name=\"twitter:data2\" content=\"2\u00a0Minuten\" \/>\n<script type=\"application\/ld+json\" class=\"yoast-schema-graph\">{\"@context\":\"https:\/\/schema.org\",\"@graph\":[{\"@type\":\"Article\",\"@id\":\"https:\/\/now-news.de\/de\/deutschland\/heuchlerin-von-der-leyen-erntet-shitstorm-fuer-beileids-tweet-ueber-tuerkei-und-syrien\/#article\",\"isPartOf\":{\"@id\":\"https:\/\/now-news.de\/de\/deutschland\/heuchlerin-von-der-leyen-erntet-shitstorm-fuer-beileids-tweet-ueber-tuerkei-und-syrien\/\"},\"author\":{\"name\":\"rtnews\",\"@id\":\"https:\/\/now-news.de\/de\/#\/schema\/person\/fb534a4e865501d8b3285208df34a9b5\"},\"headline\":\"&quot;Heuchlerin&quot; \u2013 Von der Leyen erntet Shitstorm f\u00fcr Beileids-Tweet \u00fcber T\u00fcrkei und Syrien\",\"datePublished\":\"2023-02-07T15:35:27+00:00\",\"dateModified\":\"2023-02-07T15:35:27+00:00\",\"mainEntityOfPage\":{\"@id\":\"https:\/\/now-news.de\/de\/deutschland\/heuchlerin-von-der-leyen-erntet-shitstorm-fuer-beileids-tweet-ueber-tuerkei-und-syrien\/\"},\"wordCount\":513,\"commentCount\":0,\"publisher\":{\"@id\":\"https:\/\/now-news.de\/de\/#organization\"},\"image\":{\"@id\":\"https:\/\/now-news.de\/de\/deutschland\/heuchlerin-von-der-leyen-erntet-shitstorm-fuer-beileids-tweet-ueber-tuerkei-und-syrien\/#primaryimage\"},\"thumbnailUrl\":\"https:\/\/now-news.de\/de\/wp-content\/uploads\/sites\/3\/2023\/02\/quotHeuchlerinquot-\u2013-Von-der-Leyen-erntet-Shitstorm-fuer-Beileids-Tweet-ueber.jpg\",\"keywords\":[\"BeileidsTweet\",\"der\",\"erntet\",\"f\u00fcr\",\"Leyen\",\"quotHeuchlerinquot\",\"Shitstorm\",\"Syrien\",\"T\u00fcrkei\",\"\u00fcber\",\"und\",\"von\"],\"articleSection\":[\"Deutschland\",\"Russland\"],\"inLanguage\":\"de\",\"potentialAction\":[{\"@type\":\"CommentAction\",\"name\":\"Comment\",\"target\":[\"https:\/\/now-news.de\/de\/deutschland\/heuchlerin-von-der-leyen-erntet-shitstorm-fuer-beileids-tweet-ueber-tuerkei-und-syrien\/#respond\"]}]},{\"@type\":\"WebPage\",\"@id\":\"https:\/\/now-news.de\/de\/deutschland\/heuchlerin-von-der-leyen-erntet-shitstorm-fuer-beileids-tweet-ueber-tuerkei-und-syrien\/\",\"url\":\"https:\/\/now-news.de\/de\/deutschland\/heuchlerin-von-der-leyen-erntet-shitstorm-fuer-beileids-tweet-ueber-tuerkei-und-syrien\/\",\"name\":\"&quot;Heuchlerin&quot; \u2013 Von der Leyen erntet Shitstorm f\u00fcr Beileids-Tweet \u00fcber T\u00fcrkei und Syrien - just-now.NEWS Deutschland\",\"isPartOf\":{\"@id\":\"https:\/\/now-news.de\/de\/#website\"},\"primaryImageOfPage\":{\"@id\":\"https:\/\/now-news.de\/de\/deutschland\/heuchlerin-von-der-leyen-erntet-shitstorm-fuer-beileids-tweet-ueber-tuerkei-und-syrien\/#primaryimage\"},\"image\":{\"@id\":\"https:\/\/now-news.de\/de\/deutschland\/heuchlerin-von-der-leyen-erntet-shitstorm-fuer-beileids-tweet-ueber-tuerkei-und-syrien\/#primaryimage\"},\"thumbnailUrl\":\"https:\/\/now-news.de\/de\/wp-content\/uploads\/sites\/3\/2023\/02\/quotHeuchlerinquot-\u2013-Von-der-Leyen-erntet-Shitstorm-fuer-Beileids-Tweet-ueber.jpg\",\"datePublished\":\"2023-02-07T15:35:27+00:00\",\"dateModified\":\"2023-02-07T15:35:27+00:00\",\"breadcrumb\":{\"@id\":\"https:\/\/now-news.de\/de\/deutschland\/heuchlerin-von-der-leyen-erntet-shitstorm-fuer-beileids-tweet-ueber-tuerkei-und-syrien\/#breadcrumb\"},\"inLanguage\":\"de\",\"potentialAction\":[{\"@type\":\"ReadAction\",\"target\":[\"https:\/\/now-news.de\/de\/deutschland\/heuchlerin-von-der-leyen-erntet-shitstorm-fuer-beileids-tweet-ueber-tuerkei-und-syrien\/\"]}]},{\"@type\":\"ImageObject\",\"inLanguage\":\"de\",\"@id\":\"https:\/\/now-news.de\/de\/deutschland\/heuchlerin-von-der-leyen-erntet-shitstorm-fuer-beileids-tweet-ueber-tuerkei-und-syrien\/#primaryimage\",\"url\":\"https:\/\/now-news.de\/de\/wp-content\/uploads\/sites\/3\/2023\/02\/quotHeuchlerinquot-\u2013-Von-der-Leyen-erntet-Shitstorm-fuer-Beileids-Tweet-ueber.jpg\",\"contentUrl\":\"https:\/\/now-news.de\/de\/wp-content\/uploads\/sites\/3\/2023\/02\/quotHeuchlerinquot-\u2013-Von-der-Leyen-erntet-Shitstorm-fuer-Beileids-Tweet-ueber.jpg\",\"width\":460,\"height\":259,\"caption\":\"&quot;Heuchlerin&quot; \u2013 Von der Leyen erntet Shitstorm f\u00fcr Beileids-Tweet \u00fcber T\u00fcrkei und Syrien\"},{\"@type\":\"BreadcrumbList\",\"@id\":\"https:\/\/now-news.de\/de\/deutschland\/heuchlerin-von-der-leyen-erntet-shitstorm-fuer-beileids-tweet-ueber-tuerkei-und-syrien\/#breadcrumb\",\"itemListElement\":[{\"@type\":\"ListItem\",\"position\":1,\"name\":\"Home\",\"item\":\"https:\/\/now-news.de\/de\/\"},{\"@type\":\"ListItem\",\"position\":2,\"name\":\"&quot;Heuchlerin&quot; \u2013 Von der Leyen erntet Shitstorm f\u00fcr Beileids-Tweet \u00fcber T\u00fcrkei und Syrien\"}]},{\"@type\":\"WebSite\",\"@id\":\"https:\/\/now-news.de\/de\/#website\",\"url\":\"https:\/\/now-news.de\/de\/\",\"name\":\"just-now.NEWS Deutschland\",\"description\":\"Das Portal f\u00fcr unzensierte Nachrichten aus der Welt\",\"publisher\":{\"@id\":\"https:\/\/now-news.de\/de\/#organization\"},\"potentialAction\":[{\"@type\":\"SearchAction\",\"target\":{\"@type\":\"EntryPoint\",\"urlTemplate\":\"https:\/\/now-news.de\/de\/?s={search_term_string}\"},\"query-input\":\"required name=search_term_string\"}],\"inLanguage\":\"de\"},{\"@type\":\"Organization\",\"@id\":\"https:\/\/now-news.de\/de\/#organization\",\"name\":\"Just Now News\",\"url\":\"https:\/\/now-news.de\/de\/\",\"logo\":{\"@type\":\"ImageObject\",\"inLanguage\":\"de\",\"@id\":\"https:\/\/now-news.de\/de\/#\/schema\/logo\/image\/\",\"url\":\"http:\/\/just-now.news\/de\/wp-content\/uploads\/sites\/3\/2022\/04\/logo500x500.jpg\",\"contentUrl\":\"http:\/\/just-now.news\/de\/wp-content\/uploads\/sites\/3\/2022\/04\/logo500x500.jpg\",\"width\":500,\"height\":500,\"caption\":\"Just Now News\"},\"image\":{\"@id\":\"https:\/\/now-news.de\/de\/#\/schema\/logo\/image\/\"},\"sameAs\":[\"https:\/\/www.facebook.com\/wirmachenauf\",\"https:\/\/x.com\/WirMachenAuf_de\"]},{\"@type\":\"Person\",\"@id\":\"https:\/\/now-news.de\/de\/#\/schema\/person\/fb534a4e865501d8b3285208df34a9b5\",\"name\":\"rtnews\",\"image\":{\"@type\":\"ImageObject\",\"inLanguage\":\"de\",\"@id\":\"https:\/\/now-news.de\/de\/#\/schema\/person\/image\/\",\"url\":\"https:\/\/secure.gravatar.com\/avatar\/82aafea7d8127119dd649515f56e2117?s=96&d=mm&r=g\",\"contentUrl\":\"https:\/\/secure.gravatar.com\/avatar\/82aafea7d8127119dd649515f56e2117?s=96&d=mm&r=g\",\"caption\":\"rtnews\"},\"url\":\"https:\/\/now-news.de\/de\/author\/rnews\/\"}]}<\/script>\n<!-- \/ Yoast SEO Premium plugin. -->","yoast_head_json":{"title":"&quot;Heuchlerin&quot; \u2013 Von der Leyen erntet Shitstorm f\u00fcr Beileids-Tweet \u00fcber T\u00fcrkei und Syrien - just-now.NEWS Deutschland","robots":{"index":"index","follow":"follow","max-snippet":"max-snippet:-1","max-image-preview":"max-image-preview:large","max-video-preview":"max-video-preview:-1"},"canonical":"https:\/\/now-news.de\/de\/deutschland\/heuchlerin-von-der-leyen-erntet-shitstorm-fuer-beileids-tweet-ueber-tuerkei-und-syrien\/","og_locale":"de_DE","og_type":"article","og_title":"&quot;Heuchlerin&quot; \u2013 Von der Leyen erntet Shitstorm f\u00fcr Beileids-Tweet \u00fcber T\u00fcrkei und Syrien","og_description":"Ein Tweet von Ursula von der Leyen, der den Angeh\u00f6rigen der Opfer des Erdbebens in Syrien und der T\u00fcrkei sowohl die Solidarit\u00e4t als auch die Unterst\u00fctzung der EU zusichern sollte, ging nach hinten los. Angesichts des Sanktionsregimes der EU gegen\u00fcber Syrien halten die User die EU-Kommissionspr\u00e4sidentin f\u00fcr unglaubw\u00fcrdig. In einem Tweet beteuerte EU-Kommissionspr\u00e4sidentin Ursula von [&hellip;]","og_url":"https:\/\/now-news.de\/de\/deutschland\/heuchlerin-von-der-leyen-erntet-shitstorm-fuer-beileids-tweet-ueber-tuerkei-und-syrien\/","og_site_name":"just-now.NEWS Deutschland","article_publisher":"https:\/\/www.facebook.com\/wirmachenauf","article_published_time":"2023-02-07T15:35:27+00:00","og_image":[{"width":460,"height":259,"url":"https:\/\/now-news.de\/de\/wp-content\/uploads\/sites\/3\/2023\/02\/quotHeuchlerinquot-\u2013-Von-der-Leyen-erntet-Shitstorm-fuer-Beileids-Tweet-ueber.jpg","type":"image\/jpeg"}],"author":"rtnews","twitter_card":"summary_large_image","twitter_creator":"@WirMachenAuf_de","twitter_site":"@WirMachenAuf_de","twitter_misc":{"Verfasst von":"rtnews","Gesch\u00e4tzte Lesezeit":"2\u00a0Minuten"},"schema":{"@context":"https:\/\/schema.org","@graph":[{"@type":"Article","@id":"https:\/\/now-news.de\/de\/deutschland\/heuchlerin-von-der-leyen-erntet-shitstorm-fuer-beileids-tweet-ueber-tuerkei-und-syrien\/#article","isPartOf":{"@id":"https:\/\/now-news.de\/de\/deutschland\/heuchlerin-von-der-leyen-erntet-shitstorm-fuer-beileids-tweet-ueber-tuerkei-und-syrien\/"},"author":{"name":"rtnews","@id":"https:\/\/now-news.de\/de\/#\/schema\/person\/fb534a4e865501d8b3285208df34a9b5"},"headline":"&quot;Heuchlerin&quot; \u2013 Von der Leyen erntet Shitstorm f\u00fcr Beileids-Tweet \u00fcber T\u00fcrkei und Syrien","datePublished":"2023-02-07T15:35:27+00:00","dateModified":"2023-02-07T15:35:27+00:00","mainEntityOfPage":{"@id":"https:\/\/now-news.de\/de\/deutschland\/heuchlerin-von-der-leyen-erntet-shitstorm-fuer-beileids-tweet-ueber-tuerkei-und-syrien\/"},"wordCount":513,"commentCount":0,"publisher":{"@id":"https:\/\/now-news.de\/de\/#organization"},"image":{"@id":"https:\/\/now-news.de\/de\/deutschland\/heuchlerin-von-der-leyen-erntet-shitstorm-fuer-beileids-tweet-ueber-tuerkei-und-syrien\/#primaryimage"},"thumbnailUrl":"https:\/\/now-news.de\/de\/wp-content\/uploads\/sites\/3\/2023\/02\/quotHeuchlerinquot-\u2013-Von-der-Leyen-erntet-Shitstorm-fuer-Beileids-Tweet-ueber.jpg","keywords":["BeileidsTweet","der","erntet","f\u00fcr","Leyen","quotHeuchlerinquot","Shitstorm","Syrien","T\u00fcrkei","\u00fcber","und","von"],"articleSection":["Deutschland","Russland"],"inLanguage":"de","potentialAction":[{"@type":"CommentAction","name":"Comment","target":["https:\/\/now-news.de\/de\/deutschland\/heuchlerin-von-der-leyen-erntet-shitstorm-fuer-beileids-tweet-ueber-tuerkei-und-syrien\/#respond"]}]},{"@type":"WebPage","@id":"https:\/\/now-news.de\/de\/deutschland\/heuchlerin-von-der-leyen-erntet-shitstorm-fuer-beileids-tweet-ueber-tuerkei-und-syrien\/","url":"https:\/\/now-news.de\/de\/deutschland\/heuchlerin-von-der-leyen-erntet-shitstorm-fuer-beileids-tweet-ueber-tuerkei-und-syrien\/","name":"&quot;Heuchlerin&quot; \u2013 Von der Leyen erntet Shitstorm f\u00fcr Beileids-Tweet \u00fcber T\u00fcrkei und Syrien - just-now.NEWS Deutschland","isPartOf":{"@id":"https:\/\/now-news.de\/de\/#website"},"primaryImageOfPage":{"@id":"https:\/\/now-news.de\/de\/deutschland\/heuchlerin-von-der-leyen-erntet-shitstorm-fuer-beileids-tweet-ueber-tuerkei-und-syrien\/#primaryimage"},"image":{"@id":"https:\/\/now-news.de\/de\/deutschland\/heuchlerin-von-der-leyen-erntet-shitstorm-fuer-beileids-tweet-ueber-tuerkei-und-syrien\/#primaryimage"},"thumbnailUrl":"https:\/\/now-news.de\/de\/wp-content\/uploads\/sites\/3\/2023\/02\/quotHeuchlerinquot-\u2013-Von-der-Leyen-erntet-Shitstorm-fuer-Beileids-Tweet-ueber.jpg","datePublished":"2023-02-07T15:35:27+00:00","dateModified":"2023-02-07T15:35:27+00:00","breadcrumb":{"@id":"https:\/\/now-news.de\/de\/deutschland\/heuchlerin-von-der-leyen-erntet-shitstorm-fuer-beileids-tweet-ueber-tuerkei-und-syrien\/#breadcrumb"},"inLanguage":"de","potentialAction":[{"@type":"ReadAction","target":["https:\/\/now-news.de\/de\/deutschland\/heuchlerin-von-der-leyen-erntet-shitstorm-fuer-beileids-tweet-ueber-tuerkei-und-syrien\/"]}]},{"@type":"ImageObject","inLanguage":"de","@id":"https:\/\/now-news.de\/de\/deutschland\/heuchlerin-von-der-leyen-erntet-shitstorm-fuer-beileids-tweet-ueber-tuerkei-und-syrien\/#primaryimage","url":"https:\/\/now-news.de\/de\/wp-content\/uploads\/sites\/3\/2023\/02\/quotHeuchlerinquot-\u2013-Von-der-Leyen-erntet-Shitstorm-fuer-Beileids-Tweet-ueber.jpg","contentUrl":"https:\/\/now-news.de\/de\/wp-content\/uploads\/sites\/3\/2023\/02\/quotHeuchlerinquot-\u2013-Von-der-Leyen-erntet-Shitstorm-fuer-Beileids-Tweet-ueber.jpg","width":460,"height":259,"caption":"&quot;Heuchlerin&quot; \u2013 Von der Leyen erntet Shitstorm f\u00fcr Beileids-Tweet \u00fcber T\u00fcrkei und Syrien"},{"@type":"BreadcrumbList","@id":"https:\/\/now-news.de\/de\/deutschland\/heuchlerin-von-der-leyen-erntet-shitstorm-fuer-beileids-tweet-ueber-tuerkei-und-syrien\/#breadcrumb","itemListElement":[{"@type":"ListItem","position":1,"name":"Home","item":"https:\/\/now-news.de\/de\/"},{"@type":"ListItem","position":2,"name":"&quot;Heuchlerin&quot; \u2013 Von der Leyen erntet Shitstorm f\u00fcr Beileids-Tweet \u00fcber T\u00fcrkei und Syrien"}]},{"@type":"WebSite","@id":"https:\/\/now-news.de\/de\/#website","url":"https:\/\/now-news.de\/de\/","name":"just-now.NEWS Deutschland","description":"Das Portal f\u00fcr unzensierte Nachrichten aus der Welt","publisher":{"@id":"https:\/\/now-news.de\/de\/#organization"},"potentialAction":[{"@type":"SearchAction","target":{"@type":"EntryPoint","urlTemplate":"https:\/\/now-news.de\/de\/?s={search_term_string}"},"query-input":"required name=search_term_string"}],"inLanguage":"de"},{"@type":"Organization","@id":"https:\/\/now-news.de\/de\/#organization","name":"Just Now News","url":"https:\/\/now-news.de\/de\/","logo":{"@type":"ImageObject","inLanguage":"de","@id":"https:\/\/now-news.de\/de\/#\/schema\/logo\/image\/","url":"http:\/\/just-now.news\/de\/wp-content\/uploads\/sites\/3\/2022\/04\/logo500x500.jpg","contentUrl":"http:\/\/just-now.news\/de\/wp-content\/uploads\/sites\/3\/2022\/04\/logo500x500.jpg","width":500,"height":500,"caption":"Just Now News"},"image":{"@id":"https:\/\/now-news.de\/de\/#\/schema\/logo\/image\/"},"sameAs":["https:\/\/www.facebook.com\/wirmachenauf","https:\/\/x.com\/WirMachenAuf_de"]},{"@type":"Person","@id":"https:\/\/now-news.de\/de\/#\/schema\/person\/fb534a4e865501d8b3285208df34a9b5","name":"rtnews","image":{"@type":"ImageObject","inLanguage":"de","@id":"https:\/\/now-news.de\/de\/#\/schema\/person\/image\/","url":"https:\/\/secure.gravatar.com\/avatar\/82aafea7d8127119dd649515f56e2117?s=96&d=mm&r=g","contentUrl":"https:\/\/secure.gravatar.com\/avatar\/82aafea7d8127119dd649515f56e2117?s=96&d=mm&r=g","caption":"rtnews"},"url":"https:\/\/now-news.de\/de\/author\/rnews\/"}]}},"_links":{"self":[{"href":"https:\/\/now-news.de\/de\/wp-json\/wp\/v2\/posts\/29744"}],"collection":[{"href":"https:\/\/now-news.de\/de\/wp-json\/wp\/v2\/posts"}],"about":[{"href":"https:\/\/now-news.de\/de\/wp-json\/wp\/v2\/types\/post"}],"author":[{"embeddable":true,"href":"https:\/\/now-news.de\/de\/wp-json\/wp\/v2\/users\/3"}],"replies":[{"embeddable":true,"href":"https:\/\/now-news.de\/de\/wp-json\/wp\/v2\/comments?post=29744"}],"version-history":[{"count":0,"href":"https:\/\/now-news.de\/de\/wp-json\/wp\/v2\/posts\/29744\/revisions"}],"wp:featuredmedia":[{"embeddable":true,"href":"https:\/\/now-news.de\/de\/wp-json\/wp\/v2\/media\/29745"}],"wp:attachment":[{"href":"https:\/\/now-news.de\/de\/wp-json\/wp\/v2\/media?parent=29744"}],"wp:term":[{"taxonomy":"category","embeddable":true,"href":"https:\/\/now-news.de\/de\/wp-json\/wp\/v2\/categories?post=29744"},{"taxonomy":"post_tag","embeddable":true,"href":"https:\/\/now-news.de\/de\/wp-json\/wp\/v2\/tags?post=29744"}],"curies":[{"name":"wp","href":"https:\/\/api.w.org\/{rel}","templated":true}]}}