{"id":29729,"date":"2023-02-07T15:52:37","date_gmt":"2023-02-07T13:52:37","guid":{"rendered":"https:\/\/just-now.news\/de\/deutschland\/sie-versprachen-frieden-und-bringen-krieg-die-gruenen-und-der-verrat-am-waehler\/"},"modified":"2023-02-07T15:52:37","modified_gmt":"2023-02-07T13:52:37","slug":"sie-versprachen-frieden-und-bringen-krieg-die-gruenen-und-der-verrat-am-waehler","status":"publish","type":"post","link":"https:\/\/now-news.de\/de\/deutschland\/sie-versprachen-frieden-und-bringen-krieg-die-gruenen-und-der-verrat-am-waehler\/","title":{"rendered":"Sie versprachen Frieden und bringen Krieg: Die Gr\u00fcnen und der Verrat am W\u00e4hler"},"content":{"rendered":"<p><img decoding=\"async\" src=\"http:\/\/just-now.news\/de\/wp-content\/uploads\/sites\/3\/2023\/02\/63e1edd848fbef5b164100f9.jpg\" \/><\/p>\n<div class=\"Text-root Text-type_1 \">\n                Wer hat uns verraten? Die Gr\u00fcnen. Es reimt sich zwar nicht wie der Klassiker \u00fcber die Sozialdemokraten, aber es spiegelt die traurige und \u00fcberaus gef\u00e4hrliche Realit\u00e4t der gr\u00fcnen Politik wider. Deutschland im Herbst war gestern.\n            <\/div>\n<p><\/p>\n<div class=\"Text-root Text-type_5 ArticleView-text ViewText-root \">\n<p><em>Von Peter Schmitt<\/em><\/p>\n<p>Der Verrat, den die Partei B\u00fcndnis 90\/Die Gr\u00fcnen an ihren W\u00e4hlern der ersten Stunde begangen hat, ist in der deutschen Nachkriegsgeschichte beispiellos. Auf die zahlreichen Facetten einzugehen, w\u00fcrde den Rahmen dieses Beitrages sprengen. Eine Zusammenfassung reicht vollkommen aus: Die Gr\u00fcnen haben eines der wichtigsten Ideale, mit dem sie bei ihrer Gr\u00fcndung angetreten sind, wie einen alten Handschuh abgelegt und somit einen ihre W\u00e4hlerschaft schamlos hintergangen.<\/p>\n<p><strong>Brot und Spiele<\/strong><\/p>\n<p>Viele Akteure in der Gr\u00fcndungsphase der Gr\u00fcnen waren Teil der Friedensbewegung. Nicht zuletzt durch die treue W\u00e4hlerschaft aus dem friedensbewegten Lager konnte sich die Partei ab den 1980er Jahren erfolgreich in der Parteienlandschaft positionieren.<\/p>\n<p>Den Spruch &#8220;Frieden schaffen ohne Waffen&#8221; h\u00f6rte man in den 1980er und fr\u00fchen 1990er Jahren in jeder politischen Diskussion. Er stammte zwar nicht von den Gr\u00fcnen, aber Gr\u00fcne waren es, die diesen Spruch verinnerlicht hatten und nach au\u00dfen trugen.<\/p>\n<p>Bereits im Vorfeld der Bauarbeiten der Startbahn West am Frankfurter Flughafen waren Friedensbewegte und die gr\u00fcne Partei bei den Protesten in den 1980er Jahren ganz vorn mit dabei. &#8220;Keine dritte Startbahn f\u00fcr den dritten Weltkrieg&#8221; war damals eine der Losungen. Die Proteste waren nicht immer friedlich, und ihnen wurde mit entsprechender Staatsgewalt begegnet. Aber die Proteste waren auch ein gesellschaftliches und kulturelles Ereignis. Auf Neudeutsch w\u00fcrde man sagen, es waren Events, teilweise mit Festivalcharakter, bei denen Gleichgesinnte zusammenkamen.<\/p>\n<p>Linken, Hippies, Umweltsch\u00fctzern und Feministinnen, ja sogar Punks und Anarchisten war die gr\u00fcne Partei sympathisch. Es war f\u00fcr fast jeden was dabei. Die Gr\u00fcnen wurden zu einer Art neuen Kultur, verk\u00f6rperten einen Lebensstil, signalisierten Revolte und Aufbruch, standen f\u00fcr Freiheit. Und f\u00fcr Frieden.<\/p>\n<p><strong>Zuckerbrot und Peitsche<\/strong><\/p>\n<p>Dann betrat der gr\u00fcne Taxifahrer Joseph Fischer in der Rolle des Au\u00dfenministers die politische B\u00fchne. Von &#8220;Frieden schaffen ohne Waffen&#8221; war \u00fcber Nacht nicht mehr die Rede. Der Spruch hallte noch in den Ohren der Menschen, da hatten die Gr\u00fcnen gemeinsam mit ihren sozialdemokratischen Mitstreitern unter Gerhard Schr\u00f6der das Grundgesetz bereits ge\u00e4ndert und Deutschland weltweit wieder kriegsf\u00e4hig gemacht. Die Peitsche eines neuen, wenn auch anfangs kaum sp\u00fcrbaren Militarismus knallte in den Fluren der Berliner Machtzentrale. Sp\u00e4testens jetzt waren die gr\u00fcnen Masken gefallen.<\/p>\n<p>Wie war es aber m\u00f6glich, dass sich die Partei trotz des groben Verrates an jener W\u00e4hlerbasis, die ihr eine Regierungsbeteiligung erm\u00f6glicht hatte, unbeschadet halten und ihre Popularit\u00e4t weiter ausbauen konnte? Die L\u00f6sung ist einfach: W\u00e4hrend die Partei einen nicht unerheblichen Teil ihrer W\u00e4hlerschaft verprellte, verteilte sie unter neuen Zielgruppen die Aussicht auf Erf\u00fcllung individueller W\u00fcnsche. Populismus und Opportunismus feierten Hochzeit in Gr\u00fcn. Als Beispiel sei erw\u00e4hnt, dass eine m\u00f6gliche Legalisierung weicher Drogen unter Federf\u00fchrung der Gr\u00fcnen kolportiert wurde, was bei nicht wenigen gut ankam. Die Legalisierung von Drogen baumelt heute noch wie eine Karotte vor der Nase eines Zugtieres.<\/p>\n<p>Diese Herangehensweise legt den Modus Operandi der gr\u00fcnen Parteistrategen offen &#8230;\u00a0\u00a0<\/p>\n<p><strong>Teile und herrsche<\/strong><\/p>\n<p>Den gr\u00f6\u00dften populistischen Leckerbissen, den die Gr\u00fcnen je unters Volk gejubelt haben, und gleichzeitig der wahrscheinlich erfolgreichste strategische Fischzug der Partei war die Erschaffung der Frau als ein unterdr\u00fccktes Wesen. Das politische Vehikel hierbei ist der Feminismus, jenes Instrument,\u00a0das die Illusion geschlechterspezifischer Ungleichheiten erzeugt.<\/p>\n<p>Der gr\u00fcnen Partei war es als Erste und Einzige gelungen, den traditionellen gesellschaftlichen Schulterschluss zwischen M\u00e4nnern und Frauen aufzubrechen. Frauen wurden mithilfe feministischer Kampfbegriffe und -strategien im Denken sozusagen um 180 Grad gedreht und in den Geschlechterkampf gegen ihre V\u00e4ter, Br\u00fcder und S\u00f6hne geschickt. M\u00e4nner und Frauen blickten nicht mehr gemeinsam in die gleiche Richtung, sondern standen sich pl\u00f6tzlich diametral gegen\u00fcber, waren mit vorher unbekannten Begriffen von geschlechterspezifischen Ungleichheiten und Ungerechtigkeiten konfrontiert und arbeiten sich seitdem gegenseitig daran ab.<\/p>\n<p>Die Etablierung des Feminismus auf der politischen B\u00fchne und die daraus resultierende Teilung der Gesellschaft gehen im Ursprung auf das Konto der Gr\u00fcnen. Die Identifizierung und Schaffen neuer W\u00e4hlerschichten h\u00f6rte beim Feminismus aber nicht auf. Mit inklusiven, homophilen, genderphilen Kampfbegriffen haben sich die Gr\u00fcnen die Gunst weiterer Zielgruppen gesichert. Der letzte Zug, auf den die Gr\u00fcnen aufgesprungen sind, ist der Klima-Alarmismus.<\/p>\n<p>In all diesen Themenbereichen ist der gr\u00fcne Modus Operandi am Werk: Teile und herrsche. Alle hier genannten Themenbereiche, denen sich die Gr\u00fcnen verschrieben haben, basieren auf Trennung, auf Pro und Contra, auf Gut und B\u00f6se. Die Gr\u00fcnen und ihre Anh\u00e4nger sind nat\u00fcrlich die Guten.<\/p>\n<p>Auf diese Teilung folgte das Herrschen. Die Gr\u00fcnen k\u00f6nnen sich dank ihrer Strategie auf einer breiten W\u00e4hlerbasis abst\u00fctzen, w\u00e4hrend sie ihre eigentlichen Ziele verfolgen. Eines der gr\u00fcnen Ziele ist sehr offensichtlich der Militarismus und eine Beteiligung an den Kriegen in der Welt. Eine erste Kostprobe gaben die Gr\u00fcnen in der \u00c4ra Schr\u00f6der\/Fischer. Seitdem geh\u00f6ren &#8220;unterst\u00fctzende&#8221; Kriegseins\u00e4tze zum Alltag.<\/p>\n<p>Um an diesem Punkt anzulangen, bedarf es einer geh\u00f6rigen Portion politischer und gesellschaftlicher Macht. Die Gr\u00fcnen h\u00e4tten diese Macht jederzeit nutzen k\u00f6nnen, um sich f\u00fcr Frieden und Freiheit einzusetzen. Sie haben aber konsequent und zielstrebig das Gegenteil getan. M\u00f6glich ist dies nur, weil es den Gr\u00fcnen gelungen ist, sich mit populistischen Mitteln eine im wahrsten Sinne des Wortes &#8220;diverse&#8221; W\u00e4hlerbasis zu schaffen, der es offensichtlich egal ist, dass sich Deutschland an Kriegen beteiligt, solange die eigene Komfortzone bedient und die eigenen Interessen vertreten werden.<\/p>\n<p><strong>Kn\u00fcppel aus dem Sack<\/strong><\/p>\n<p>Erinnern wir uns an die gewaltt\u00e4tigen Proteste an der Startbahn West. Polizisten wurden von bewaffneten Chaoten unter anderem mit Molotow-Cocktails und Schusswaffen angegriffen. Die Gr\u00fcnen, damals noch in der Opposition, emp\u00f6rten sich angesichts des brutalen Vorgehens der Staatsgewalt.<\/p>\n<p>Und heute? Unter gr\u00fcner Regierungsbeteiligung ist ein monstr\u00f6ser Polizeiapparat herangereift, der friedliche, unbewaffnete Menschen mit einer im Land nie gekannten Brutalit\u00e4t behandelt. Die Bilder von Demonstrationen der vergangenen Jahre sind erschreckend. Behelmte und schwer bewaffnete Polizisten in schwarzer Ganzk\u00f6rper-Montur, die friedliche Proteste unter Einsatz von Gewalt aufl\u00f6sen. Blutverschmierte Gesichter unbewaffneter friedlicher B\u00fcrger, die es gewagt haben, gegen die Willk\u00fcr der Regenten zu protestieren. Tr\u00e4nen, Ohnmacht, Verzweiflung angesichts dieses unerbittlichen Apparates. Gr\u00fcne Realit\u00e4t.<\/p>\n<p>Seit rund einem Jahr sind wir mit dem Ukraine-Krieg konfrontiert. Er scheint den Gr\u00fcnen sehr gelegen gekommen zu sein, denn nun haben sie die Gelegenheit, ihre feministische Au\u00dfenpolitik umzusetzen, indem sie sich mit Waffenlieferungen an diesem Konflikt beteiligen. Ein lokaler Konflikt, der weder die Gr\u00fcnen speziell noch die Deutschen allgemein etwas angeht. Die Gr\u00fcnen scheint das wenig zu jucken, und sie ziehen die Deutschen in einen Krieg, den das deutsche Volk nicht will.<\/p>\n<p>H\u00e4tte man einen friedensbewegten Menschen in den 1970er oder 1980er Jahren gefragt, was man tun k\u00f6nnte, um zu verhindern, dass Deutschland jemals wieder einen Krieg im Ausland f\u00fchrt, so w\u00e4re die Antwort wahrscheinlich gewesen, dass man gr\u00fcn w\u00e4hlen sollte. H\u00e4tte man einem friedensbewegten Menschen in den 1970er oder 1980er Jahren gesagt, dass die Gr\u00fcnen nur wenige Jahrzehnte sp\u00e4ter deutsche Panzer auf das Territorium der Ukraine schicken, um gegen Russland zu k\u00e4mpfen, so w\u00e4re man ausgelacht oder als Spinner bezeichnet worden.<\/p>\n<h4>Frieden schaffen ohne Waffen<\/h4>\n<p>Es ist allerh\u00f6chste Eisenbahn, dass sich die Deutschen der gr\u00fcnen Kriegstreiberpartei entgegenstellen und jegliche Unterst\u00fctzung entziehen. Zum gro\u00dfen Ungl\u00fcck der Deutschen sitzen die gr\u00fcnen Regenten nun in Berlin, wo sie sich mit Vertretern der anderen Parteien f\u00fcr mindestens zweieinhalb weitere Jahre festgesetzt haben.<\/p>\n<p>Jene W\u00e4hlerschaft, die \u00fcber die vergangenen Jahrzehnte hinweg mit feministischen, inklusiven, integrativen, homophilen, genderphilen und sonstigen Heilsversprechen geblendet und bei der Stange gehalten wurde, muss verstehen, dass sie von den gr\u00fcnen Parteistrategen \u00fcber den militaristischen Kern der Gr\u00fcnen hinwegget\u00e4uscht und f\u00fcr die aktuelle Kriegspolitik instrumentalisiert und vereinnahmt wurde.<\/p>\n<p>Falls Sie die kriegstreiberische Politik der Gr\u00fcnen ablehnen, teilen Sie dies den Vertretern der Partei auf allen Ihnen m\u00f6glichen Wegen mit. Lassen Sie die gr\u00fcnen Kriegstreiber wissen, wie Sie sich angesichts des Verrates f\u00fchlen, der an Ihnen ver\u00fcbt wurde, und wie Sie sich in der Zukunft gegen\u00fcber den Parteien und deren Vertretern verhalten werden. Seien Sie hierbei bitte stets freundlich und gewaltfrei.<\/p>\n<p>Vergessen wir es nie: Die Geschichte der Gr\u00fcnen ist eine Geschichte von Lug und Betrug, von Opportunismus, T\u00e4uschung und Verrat.<\/p>\n<p><strong>Mehr zum Thema<\/strong>\u00a0&#8211; <a rel=\"nofollow noopener\" target=\"_blank\" href=\"https:\/\/freeassange.rtde.live\/kurzclips\/video\/161475-schuld-wird-nicht-verjaehren-sacharowa\/\">&#8220;Die Schuld wird nicht verj\u00e4hren&#8221; \u2013 Sacharowa kommentiert Baerbocks Kriegserkl\u00e4rung<\/a><\/p>\n<\/p>\n<\/div>\n<p><br \/>\n<br \/><a href=\"https:\/\/de.rt.com\/meinung\/162141-sie-versprachen-frieden-und-bringen\/\">Source link <\/a><\/p>\n","protected":false},"excerpt":{"rendered":"<p>Wer hat uns verraten? Die Gr\u00fcnen. Es reimt sich zwar nicht wie der Klassiker \u00fcber die Sozialdemokraten, aber es spiegelt die traurige und \u00fcberaus gef\u00e4hrliche Realit\u00e4t der gr\u00fcnen Politik wider. Deutschland im Herbst war gestern. Von Peter Schmitt Der Verrat, den die Partei B\u00fcndnis 90\/Die Gr\u00fcnen an ihren W\u00e4hlern der ersten Stunde begangen hat, ist [&hellip;]<\/p>\n","protected":false},"author":3,"featured_media":29730,"comment_status":"open","ping_status":"open","sticky":false,"template":"","format":"standard","meta":{"_yoast_indexnow_last_ping":["1675778882"],"wp_automatic_camp":["217"],"4c39869ff78557d35ab1a6c2fca16e9f":["Sie versprachen Frieden und bringen Krieg: Die Gr\u00fcnen und der Verrat am W\u00e4hler"],"original_link":["https:\/\/de.rt.com\/meinung\/162141-sie-versprachen-frieden-und-bringen\/"],"_thumbnail_id":["29730"],"jnews_social_counter_last_update":["1777203290"],"_wptgpro_p2tg_sent2tg":["a:1:{i:23737;s:19:\"2023-02-07 16:09:04\";}"]},"categories":[19,23],"tags":[16610,82,45,614,594,130,527,140,11360,40366,13169],"yoast_head":"<!-- This site is optimized with the Yoast SEO Premium plugin v22.7 (Yoast SEO v22.7) - https:\/\/yoast.com\/wordpress\/plugins\/seo\/ -->\n<title>Sie versprachen Frieden und bringen Krieg: Die Gr\u00fcnen und der Verrat am W\u00e4hler - just-now.NEWS Deutschland<\/title>\n<meta name=\"robots\" content=\"index, follow, max-snippet:-1, max-image-preview:large, max-video-preview:-1\" \/>\n<link rel=\"canonical\" href=\"https:\/\/now-news.de\/de\/deutschland\/sie-versprachen-frieden-und-bringen-krieg-die-gruenen-und-der-verrat-am-waehler\/\" \/>\n<meta property=\"og:locale\" content=\"de_DE\" \/>\n<meta property=\"og:type\" content=\"article\" \/>\n<meta property=\"og:title\" content=\"Sie versprachen Frieden und bringen Krieg: Die Gr\u00fcnen und der Verrat am W\u00e4hler\" \/>\n<meta property=\"og:description\" content=\"Wer hat uns verraten? Die Gr\u00fcnen. Es reimt sich zwar nicht wie der Klassiker \u00fcber die Sozialdemokraten, aber es spiegelt die traurige und \u00fcberaus gef\u00e4hrliche Realit\u00e4t der gr\u00fcnen Politik wider. Deutschland im Herbst war gestern. Von Peter Schmitt Der Verrat, den die Partei B\u00fcndnis 90\/Die Gr\u00fcnen an ihren W\u00e4hlern der ersten Stunde begangen hat, ist [&hellip;]\" \/>\n<meta property=\"og:url\" content=\"https:\/\/now-news.de\/de\/deutschland\/sie-versprachen-frieden-und-bringen-krieg-die-gruenen-und-der-verrat-am-waehler\/\" \/>\n<meta property=\"og:site_name\" content=\"just-now.NEWS Deutschland\" \/>\n<meta property=\"article:publisher\" content=\"https:\/\/www.facebook.com\/wirmachenauf\" \/>\n<meta property=\"article:published_time\" content=\"2023-02-07T13:52:37+00:00\" \/>\n<meta property=\"og:image\" content=\"https:\/\/now-news.de\/de\/wp-content\/uploads\/sites\/3\/2023\/02\/Sie-versprachen-Frieden-und-bringen-Krieg-Die-Gruenen-und-der.jpg\" \/>\n\t<meta property=\"og:image:width\" content=\"460\" \/>\n\t<meta property=\"og:image:height\" content=\"259\" \/>\n\t<meta property=\"og:image:type\" content=\"image\/jpeg\" \/>\n<meta name=\"author\" content=\"rtnews\" \/>\n<meta name=\"twitter:card\" content=\"summary_large_image\" \/>\n<meta name=\"twitter:creator\" content=\"@WirMachenAuf_de\" \/>\n<meta name=\"twitter:site\" content=\"@WirMachenAuf_de\" \/>\n<meta name=\"twitter:label1\" content=\"Verfasst von\" \/>\n\t<meta name=\"twitter:data1\" content=\"rtnews\" \/>\n\t<meta name=\"twitter:label2\" content=\"Gesch\u00e4tzte Lesezeit\" \/>\n\t<meta name=\"twitter:data2\" content=\"7\u00a0Minuten\" \/>\n<script type=\"application\/ld+json\" class=\"yoast-schema-graph\">{\"@context\":\"https:\/\/schema.org\",\"@graph\":[{\"@type\":\"Article\",\"@id\":\"https:\/\/now-news.de\/de\/deutschland\/sie-versprachen-frieden-und-bringen-krieg-die-gruenen-und-der-verrat-am-waehler\/#article\",\"isPartOf\":{\"@id\":\"https:\/\/now-news.de\/de\/deutschland\/sie-versprachen-frieden-und-bringen-krieg-die-gruenen-und-der-verrat-am-waehler\/\"},\"author\":{\"name\":\"rtnews\",\"@id\":\"https:\/\/now-news.de\/de\/#\/schema\/person\/fb534a4e865501d8b3285208df34a9b5\"},\"headline\":\"Sie versprachen Frieden und bringen Krieg: Die Gr\u00fcnen und der Verrat am W\u00e4hler\",\"datePublished\":\"2023-02-07T13:52:37+00:00\",\"dateModified\":\"2023-02-07T13:52:37+00:00\",\"mainEntityOfPage\":{\"@id\":\"https:\/\/now-news.de\/de\/deutschland\/sie-versprachen-frieden-und-bringen-krieg-die-gruenen-und-der-verrat-am-waehler\/\"},\"wordCount\":1490,\"commentCount\":0,\"publisher\":{\"@id\":\"https:\/\/now-news.de\/de\/#organization\"},\"image\":{\"@id\":\"https:\/\/now-news.de\/de\/deutschland\/sie-versprachen-frieden-und-bringen-krieg-die-gruenen-und-der-verrat-am-waehler\/#primaryimage\"},\"thumbnailUrl\":\"https:\/\/now-news.de\/de\/wp-content\/uploads\/sites\/3\/2023\/02\/Sie-versprachen-Frieden-und-bringen-Krieg-Die-Gruenen-und-der.jpg\",\"keywords\":[\"bringen\",\"der\",\"die\",\"Frieden\",\"GR\u00dcNEN\",\"krieg\",\"Sie\",\"und\",\"verr\u00e4t\",\"versprachen\",\"W\u00e4hler\"],\"articleSection\":[\"Deutschland\",\"Russland\"],\"inLanguage\":\"de\",\"potentialAction\":[{\"@type\":\"CommentAction\",\"name\":\"Comment\",\"target\":[\"https:\/\/now-news.de\/de\/deutschland\/sie-versprachen-frieden-und-bringen-krieg-die-gruenen-und-der-verrat-am-waehler\/#respond\"]}]},{\"@type\":\"WebPage\",\"@id\":\"https:\/\/now-news.de\/de\/deutschland\/sie-versprachen-frieden-und-bringen-krieg-die-gruenen-und-der-verrat-am-waehler\/\",\"url\":\"https:\/\/now-news.de\/de\/deutschland\/sie-versprachen-frieden-und-bringen-krieg-die-gruenen-und-der-verrat-am-waehler\/\",\"name\":\"Sie versprachen Frieden und bringen Krieg: Die Gr\u00fcnen und der Verrat am W\u00e4hler - just-now.NEWS Deutschland\",\"isPartOf\":{\"@id\":\"https:\/\/now-news.de\/de\/#website\"},\"primaryImageOfPage\":{\"@id\":\"https:\/\/now-news.de\/de\/deutschland\/sie-versprachen-frieden-und-bringen-krieg-die-gruenen-und-der-verrat-am-waehler\/#primaryimage\"},\"image\":{\"@id\":\"https:\/\/now-news.de\/de\/deutschland\/sie-versprachen-frieden-und-bringen-krieg-die-gruenen-und-der-verrat-am-waehler\/#primaryimage\"},\"thumbnailUrl\":\"https:\/\/now-news.de\/de\/wp-content\/uploads\/sites\/3\/2023\/02\/Sie-versprachen-Frieden-und-bringen-Krieg-Die-Gruenen-und-der.jpg\",\"datePublished\":\"2023-02-07T13:52:37+00:00\",\"dateModified\":\"2023-02-07T13:52:37+00:00\",\"breadcrumb\":{\"@id\":\"https:\/\/now-news.de\/de\/deutschland\/sie-versprachen-frieden-und-bringen-krieg-die-gruenen-und-der-verrat-am-waehler\/#breadcrumb\"},\"inLanguage\":\"de\",\"potentialAction\":[{\"@type\":\"ReadAction\",\"target\":[\"https:\/\/now-news.de\/de\/deutschland\/sie-versprachen-frieden-und-bringen-krieg-die-gruenen-und-der-verrat-am-waehler\/\"]}]},{\"@type\":\"ImageObject\",\"inLanguage\":\"de\",\"@id\":\"https:\/\/now-news.de\/de\/deutschland\/sie-versprachen-frieden-und-bringen-krieg-die-gruenen-und-der-verrat-am-waehler\/#primaryimage\",\"url\":\"https:\/\/now-news.de\/de\/wp-content\/uploads\/sites\/3\/2023\/02\/Sie-versprachen-Frieden-und-bringen-Krieg-Die-Gruenen-und-der.jpg\",\"contentUrl\":\"https:\/\/now-news.de\/de\/wp-content\/uploads\/sites\/3\/2023\/02\/Sie-versprachen-Frieden-und-bringen-Krieg-Die-Gruenen-und-der.jpg\",\"width\":460,\"height\":259,\"caption\":\"Sie versprachen Frieden und bringen Krieg: Die Gr\u00fcnen und der Verrat am W\u00e4hler\"},{\"@type\":\"BreadcrumbList\",\"@id\":\"https:\/\/now-news.de\/de\/deutschland\/sie-versprachen-frieden-und-bringen-krieg-die-gruenen-und-der-verrat-am-waehler\/#breadcrumb\",\"itemListElement\":[{\"@type\":\"ListItem\",\"position\":1,\"name\":\"Home\",\"item\":\"https:\/\/now-news.de\/de\/\"},{\"@type\":\"ListItem\",\"position\":2,\"name\":\"Sie versprachen Frieden und bringen Krieg: Die Gr\u00fcnen und der Verrat am W\u00e4hler\"}]},{\"@type\":\"WebSite\",\"@id\":\"https:\/\/now-news.de\/de\/#website\",\"url\":\"https:\/\/now-news.de\/de\/\",\"name\":\"just-now.NEWS Deutschland\",\"description\":\"Das Portal f\u00fcr unzensierte Nachrichten aus der Welt\",\"publisher\":{\"@id\":\"https:\/\/now-news.de\/de\/#organization\"},\"potentialAction\":[{\"@type\":\"SearchAction\",\"target\":{\"@type\":\"EntryPoint\",\"urlTemplate\":\"https:\/\/now-news.de\/de\/?s={search_term_string}\"},\"query-input\":\"required name=search_term_string\"}],\"inLanguage\":\"de\"},{\"@type\":\"Organization\",\"@id\":\"https:\/\/now-news.de\/de\/#organization\",\"name\":\"Just Now News\",\"url\":\"https:\/\/now-news.de\/de\/\",\"logo\":{\"@type\":\"ImageObject\",\"inLanguage\":\"de\",\"@id\":\"https:\/\/now-news.de\/de\/#\/schema\/logo\/image\/\",\"url\":\"http:\/\/just-now.news\/de\/wp-content\/uploads\/sites\/3\/2022\/04\/logo500x500.jpg\",\"contentUrl\":\"http:\/\/just-now.news\/de\/wp-content\/uploads\/sites\/3\/2022\/04\/logo500x500.jpg\",\"width\":500,\"height\":500,\"caption\":\"Just Now News\"},\"image\":{\"@id\":\"https:\/\/now-news.de\/de\/#\/schema\/logo\/image\/\"},\"sameAs\":[\"https:\/\/www.facebook.com\/wirmachenauf\",\"https:\/\/x.com\/WirMachenAuf_de\"]},{\"@type\":\"Person\",\"@id\":\"https:\/\/now-news.de\/de\/#\/schema\/person\/fb534a4e865501d8b3285208df34a9b5\",\"name\":\"rtnews\",\"image\":{\"@type\":\"ImageObject\",\"inLanguage\":\"de\",\"@id\":\"https:\/\/now-news.de\/de\/#\/schema\/person\/image\/\",\"url\":\"https:\/\/secure.gravatar.com\/avatar\/82aafea7d8127119dd649515f56e2117?s=96&d=mm&r=g\",\"contentUrl\":\"https:\/\/secure.gravatar.com\/avatar\/82aafea7d8127119dd649515f56e2117?s=96&d=mm&r=g\",\"caption\":\"rtnews\"},\"url\":\"https:\/\/now-news.de\/de\/author\/rnews\/\"}]}<\/script>\n<!-- \/ Yoast SEO Premium plugin. -->","yoast_head_json":{"title":"Sie versprachen Frieden und bringen Krieg: Die Gr\u00fcnen und der Verrat am W\u00e4hler - just-now.NEWS Deutschland","robots":{"index":"index","follow":"follow","max-snippet":"max-snippet:-1","max-image-preview":"max-image-preview:large","max-video-preview":"max-video-preview:-1"},"canonical":"https:\/\/now-news.de\/de\/deutschland\/sie-versprachen-frieden-und-bringen-krieg-die-gruenen-und-der-verrat-am-waehler\/","og_locale":"de_DE","og_type":"article","og_title":"Sie versprachen Frieden und bringen Krieg: Die Gr\u00fcnen und der Verrat am W\u00e4hler","og_description":"Wer hat uns verraten? Die Gr\u00fcnen. Es reimt sich zwar nicht wie der Klassiker \u00fcber die Sozialdemokraten, aber es spiegelt die traurige und \u00fcberaus gef\u00e4hrliche Realit\u00e4t der gr\u00fcnen Politik wider. Deutschland im Herbst war gestern. Von Peter Schmitt Der Verrat, den die Partei B\u00fcndnis 90\/Die Gr\u00fcnen an ihren W\u00e4hlern der ersten Stunde begangen hat, ist [&hellip;]","og_url":"https:\/\/now-news.de\/de\/deutschland\/sie-versprachen-frieden-und-bringen-krieg-die-gruenen-und-der-verrat-am-waehler\/","og_site_name":"just-now.NEWS Deutschland","article_publisher":"https:\/\/www.facebook.com\/wirmachenauf","article_published_time":"2023-02-07T13:52:37+00:00","og_image":[{"width":460,"height":259,"url":"https:\/\/now-news.de\/de\/wp-content\/uploads\/sites\/3\/2023\/02\/Sie-versprachen-Frieden-und-bringen-Krieg-Die-Gruenen-und-der.jpg","type":"image\/jpeg"}],"author":"rtnews","twitter_card":"summary_large_image","twitter_creator":"@WirMachenAuf_de","twitter_site":"@WirMachenAuf_de","twitter_misc":{"Verfasst von":"rtnews","Gesch\u00e4tzte Lesezeit":"7\u00a0Minuten"},"schema":{"@context":"https:\/\/schema.org","@graph":[{"@type":"Article","@id":"https:\/\/now-news.de\/de\/deutschland\/sie-versprachen-frieden-und-bringen-krieg-die-gruenen-und-der-verrat-am-waehler\/#article","isPartOf":{"@id":"https:\/\/now-news.de\/de\/deutschland\/sie-versprachen-frieden-und-bringen-krieg-die-gruenen-und-der-verrat-am-waehler\/"},"author":{"name":"rtnews","@id":"https:\/\/now-news.de\/de\/#\/schema\/person\/fb534a4e865501d8b3285208df34a9b5"},"headline":"Sie versprachen Frieden und bringen Krieg: Die Gr\u00fcnen und der Verrat am W\u00e4hler","datePublished":"2023-02-07T13:52:37+00:00","dateModified":"2023-02-07T13:52:37+00:00","mainEntityOfPage":{"@id":"https:\/\/now-news.de\/de\/deutschland\/sie-versprachen-frieden-und-bringen-krieg-die-gruenen-und-der-verrat-am-waehler\/"},"wordCount":1490,"commentCount":0,"publisher":{"@id":"https:\/\/now-news.de\/de\/#organization"},"image":{"@id":"https:\/\/now-news.de\/de\/deutschland\/sie-versprachen-frieden-und-bringen-krieg-die-gruenen-und-der-verrat-am-waehler\/#primaryimage"},"thumbnailUrl":"https:\/\/now-news.de\/de\/wp-content\/uploads\/sites\/3\/2023\/02\/Sie-versprachen-Frieden-und-bringen-Krieg-Die-Gruenen-und-der.jpg","keywords":["bringen","der","die","Frieden","GR\u00dcNEN","krieg","Sie","und","verr\u00e4t","versprachen","W\u00e4hler"],"articleSection":["Deutschland","Russland"],"inLanguage":"de","potentialAction":[{"@type":"CommentAction","name":"Comment","target":["https:\/\/now-news.de\/de\/deutschland\/sie-versprachen-frieden-und-bringen-krieg-die-gruenen-und-der-verrat-am-waehler\/#respond"]}]},{"@type":"WebPage","@id":"https:\/\/now-news.de\/de\/deutschland\/sie-versprachen-frieden-und-bringen-krieg-die-gruenen-und-der-verrat-am-waehler\/","url":"https:\/\/now-news.de\/de\/deutschland\/sie-versprachen-frieden-und-bringen-krieg-die-gruenen-und-der-verrat-am-waehler\/","name":"Sie versprachen Frieden und bringen Krieg: Die Gr\u00fcnen und der Verrat am W\u00e4hler - just-now.NEWS Deutschland","isPartOf":{"@id":"https:\/\/now-news.de\/de\/#website"},"primaryImageOfPage":{"@id":"https:\/\/now-news.de\/de\/deutschland\/sie-versprachen-frieden-und-bringen-krieg-die-gruenen-und-der-verrat-am-waehler\/#primaryimage"},"image":{"@id":"https:\/\/now-news.de\/de\/deutschland\/sie-versprachen-frieden-und-bringen-krieg-die-gruenen-und-der-verrat-am-waehler\/#primaryimage"},"thumbnailUrl":"https:\/\/now-news.de\/de\/wp-content\/uploads\/sites\/3\/2023\/02\/Sie-versprachen-Frieden-und-bringen-Krieg-Die-Gruenen-und-der.jpg","datePublished":"2023-02-07T13:52:37+00:00","dateModified":"2023-02-07T13:52:37+00:00","breadcrumb":{"@id":"https:\/\/now-news.de\/de\/deutschland\/sie-versprachen-frieden-und-bringen-krieg-die-gruenen-und-der-verrat-am-waehler\/#breadcrumb"},"inLanguage":"de","potentialAction":[{"@type":"ReadAction","target":["https:\/\/now-news.de\/de\/deutschland\/sie-versprachen-frieden-und-bringen-krieg-die-gruenen-und-der-verrat-am-waehler\/"]}]},{"@type":"ImageObject","inLanguage":"de","@id":"https:\/\/now-news.de\/de\/deutschland\/sie-versprachen-frieden-und-bringen-krieg-die-gruenen-und-der-verrat-am-waehler\/#primaryimage","url":"https:\/\/now-news.de\/de\/wp-content\/uploads\/sites\/3\/2023\/02\/Sie-versprachen-Frieden-und-bringen-Krieg-Die-Gruenen-und-der.jpg","contentUrl":"https:\/\/now-news.de\/de\/wp-content\/uploads\/sites\/3\/2023\/02\/Sie-versprachen-Frieden-und-bringen-Krieg-Die-Gruenen-und-der.jpg","width":460,"height":259,"caption":"Sie versprachen Frieden und bringen Krieg: Die Gr\u00fcnen und der Verrat am W\u00e4hler"},{"@type":"BreadcrumbList","@id":"https:\/\/now-news.de\/de\/deutschland\/sie-versprachen-frieden-und-bringen-krieg-die-gruenen-und-der-verrat-am-waehler\/#breadcrumb","itemListElement":[{"@type":"ListItem","position":1,"name":"Home","item":"https:\/\/now-news.de\/de\/"},{"@type":"ListItem","position":2,"name":"Sie versprachen Frieden und bringen Krieg: Die Gr\u00fcnen und der Verrat am W\u00e4hler"}]},{"@type":"WebSite","@id":"https:\/\/now-news.de\/de\/#website","url":"https:\/\/now-news.de\/de\/","name":"just-now.NEWS Deutschland","description":"Das Portal f\u00fcr unzensierte Nachrichten aus der Welt","publisher":{"@id":"https:\/\/now-news.de\/de\/#organization"},"potentialAction":[{"@type":"SearchAction","target":{"@type":"EntryPoint","urlTemplate":"https:\/\/now-news.de\/de\/?s={search_term_string}"},"query-input":"required name=search_term_string"}],"inLanguage":"de"},{"@type":"Organization","@id":"https:\/\/now-news.de\/de\/#organization","name":"Just Now News","url":"https:\/\/now-news.de\/de\/","logo":{"@type":"ImageObject","inLanguage":"de","@id":"https:\/\/now-news.de\/de\/#\/schema\/logo\/image\/","url":"http:\/\/just-now.news\/de\/wp-content\/uploads\/sites\/3\/2022\/04\/logo500x500.jpg","contentUrl":"http:\/\/just-now.news\/de\/wp-content\/uploads\/sites\/3\/2022\/04\/logo500x500.jpg","width":500,"height":500,"caption":"Just Now News"},"image":{"@id":"https:\/\/now-news.de\/de\/#\/schema\/logo\/image\/"},"sameAs":["https:\/\/www.facebook.com\/wirmachenauf","https:\/\/x.com\/WirMachenAuf_de"]},{"@type":"Person","@id":"https:\/\/now-news.de\/de\/#\/schema\/person\/fb534a4e865501d8b3285208df34a9b5","name":"rtnews","image":{"@type":"ImageObject","inLanguage":"de","@id":"https:\/\/now-news.de\/de\/#\/schema\/person\/image\/","url":"https:\/\/secure.gravatar.com\/avatar\/82aafea7d8127119dd649515f56e2117?s=96&d=mm&r=g","contentUrl":"https:\/\/secure.gravatar.com\/avatar\/82aafea7d8127119dd649515f56e2117?s=96&d=mm&r=g","caption":"rtnews"},"url":"https:\/\/now-news.de\/de\/author\/rnews\/"}]}},"_links":{"self":[{"href":"https:\/\/now-news.de\/de\/wp-json\/wp\/v2\/posts\/29729"}],"collection":[{"href":"https:\/\/now-news.de\/de\/wp-json\/wp\/v2\/posts"}],"about":[{"href":"https:\/\/now-news.de\/de\/wp-json\/wp\/v2\/types\/post"}],"author":[{"embeddable":true,"href":"https:\/\/now-news.de\/de\/wp-json\/wp\/v2\/users\/3"}],"replies":[{"embeddable":true,"href":"https:\/\/now-news.de\/de\/wp-json\/wp\/v2\/comments?post=29729"}],"version-history":[{"count":0,"href":"https:\/\/now-news.de\/de\/wp-json\/wp\/v2\/posts\/29729\/revisions"}],"wp:featuredmedia":[{"embeddable":true,"href":"https:\/\/now-news.de\/de\/wp-json\/wp\/v2\/media\/29730"}],"wp:attachment":[{"href":"https:\/\/now-news.de\/de\/wp-json\/wp\/v2\/media?parent=29729"}],"wp:term":[{"taxonomy":"category","embeddable":true,"href":"https:\/\/now-news.de\/de\/wp-json\/wp\/v2\/categories?post=29729"},{"taxonomy":"post_tag","embeddable":true,"href":"https:\/\/now-news.de\/de\/wp-json\/wp\/v2\/tags?post=29729"}],"curies":[{"name":"wp","href":"https:\/\/api.w.org\/{rel}","templated":true}]}}