{"id":29725,"date":"2023-02-07T15:27:40","date_gmt":"2023-02-07T13:27:40","guid":{"rendered":"https:\/\/just-now.news\/de\/deutschland\/eskalation-im-westjordanland-cia-chef-warnt-vor-einer-dritten-intifada-der-palaestinenser\/"},"modified":"2023-02-07T15:27:40","modified_gmt":"2023-02-07T13:27:40","slug":"eskalation-im-westjordanland-cia-chef-warnt-vor-einer-dritten-intifada-der-palaestinenser","status":"publish","type":"post","link":"https:\/\/now-news.de\/de\/deutschland\/eskalation-im-westjordanland-cia-chef-warnt-vor-einer-dritten-intifada-der-palaestinenser\/","title":{"rendered":"Eskalation im Westjordanland: CIA-Chef warnt vor einer Dritten Intifada der Pal\u00e4stinenser"},"content":{"rendered":"<p><img decoding=\"async\" src=\"http:\/\/just-now.news\/de\/wp-content\/uploads\/sites\/3\/2023\/02\/63e2256bb480cc60e03db5eb.jpg\" \/><\/p>\n<div class=\"Text-root Text-type_1 \">\n                Angesichts der j\u00fcngsten aufgeputschten Atmosph\u00e4re im israelisch besetzten Westjordanland warnt CIA-Chef William Burns vor einer neuen Gewaltspirale. Burns \u00e4u\u00dferte sich wenige Tage nach seiner R\u00fcckkehr aus der Region, wo er mit hochrangigen israelischen und pal\u00e4stinensischen Politikern zusammengetroffen war.\n            <\/div>\n<p><\/p>\n<div class=\"Text-root Text-type_5 ArticleView-text ViewText-root \">\n<p>Der Direktor des US-Geheimdienstes CIA William Burns \u00e4u\u00dferte seine Besorgnis dar\u00fcber, dass die derzeitigen Spannungen zwischen Israel und den Pal\u00e4stinensern\u00a0der\u00a0Gewaltspirale der zweiten Intifada \u00e4hneln.\u00a0&#8220;Ich war vor 20 Jahren w\u00e4hrend der zweiten Intifada ein hochrangiger US-Diplomat, und ich bin besorgt \u2013 ebenso wie meine Kollegen in den Geheimdiensten \u2013, dass vieles von dem, was wir heute sehen, eine sehr ungl\u00fcckliche \u00c4hnlichkeit mit einigen der Umst\u00e4nde hat, die wir seinerzeit auch gesehen haben&#8221;, erkl\u00e4rte Burns am Donnerstag in einem Live-Interview an der Georgetown School of Foreign Service in Washington.<\/p>\n<p>Burns \u00e4u\u00dferte sich wenige Tage nach seiner R\u00fcckkehr aus der Region, wo er mit hochrangigen israelischen und pal\u00e4stinensischen Politikern zusammengetroffen war, da die Regierung Biden ihre Bem\u00fchungen um eine Beruhigung der Spannungen zwischen den beiden Seiten intensiviert hatte.<\/p>\n<p>Burns betonte jedoch, dass er die R\u00fcckreise nicht mit einem Gef\u00fchl des Optimismus beendete. &#8220;Die Gespr\u00e4che, die ich mit israelischen und pal\u00e4stinensischen Anf\u00fchrern gef\u00fchrt habe, haben mich ziemlich beunruhigt aufgrubd Aussichten auf noch gr\u00f6\u00dfere Zerbrechlichkeit und noch mehr Gewalt zwischen Israelis und Pal\u00e4stinensern.&#8221;<\/p>\n<p>Die zweite Intifada, bei der die Pal\u00e4stinenser auf Anschl\u00e4ge in Israel gesetzt hatten, hatte von 2000 bis 2005 gedauert. Zu Beginn der zweiten Intifada\u00a0hatte die israelische Armee\u00a0eine umfangreiche Kampagne\u00a0gezielter Attentate\u00a0gegen Pal\u00e4stinenser durchgef\u00fchrt.\u00a0Der neue israelische\u00a0Minister f\u00fcr Nationale\u00a0Sicherheit Itamar Ben-Gvir hatte k\u00fcrzlich die Wiederaufnahme gezielter T\u00f6tungen von Pal\u00e4stinensern gefordert.<\/p>\n<p>In den vergangenen Wochen wurde Israel von einer neuen Anschlagserie ersch\u00fcttert, nachdem\u00a0neun Pal\u00e4stinenser bei einer t\u00f6dlichen Razzia der israelischen Armee in Dschenin get\u00f6tet und mindestens 20 verletzt worden waren. Augenzeugen im Fl\u00fcchtlingslager von Dschenin hatten die Situation als &#8220;Massaker&#8221; bezeichnet.\u00a0In gro\u00dfen St\u00e4dten des Westjordanlands ist am Montag ein Generalstreik ausgerufen worden, nachdem bei einer neuen israelischen Milit\u00e4roperation in Jericho mehrere Personen get\u00f6tet worden waren.\u00a0<\/p>\n<p><strong>Mehr zum Thema<\/strong> &#8211; <a rel=\"nofollow noopener\" target=\"_blank\" href=\"https:\/\/rtde.site\/der-nahe-osten\/161994-proteste-in-israel-halten-an\/\">Proteste in Israel halten an: Oppositionsf\u00fchrer warnt vor &#8220;Regimewechsel&#8221; durch Netanjahu-Regierung<\/a><\/p>\n<\/p>\n<\/div>\n<p><br \/>\n<br \/><a href=\"https:\/\/de.rt.com\/der-nahe-osten\/162172-eskalation-im-westjordanland-cia-chef\/\">Source link <\/a><\/p>\n","protected":false},"excerpt":{"rendered":"<p>Angesichts der j\u00fcngsten aufgeputschten Atmosph\u00e4re im israelisch besetzten Westjordanland warnt CIA-Chef William Burns vor einer neuen Gewaltspirale. Burns \u00e4u\u00dferte sich wenige Tage nach seiner R\u00fcckkehr aus der Region, wo er mit hochrangigen israelischen und pal\u00e4stinensischen Politikern zusammengetroffen war. Der Direktor des US-Geheimdienstes CIA William Burns \u00e4u\u00dferte seine Besorgnis dar\u00fcber, dass die derzeitigen Spannungen zwischen Israel [&hellip;]<\/p>\n","protected":false},"author":3,"featured_media":29726,"comment_status":"open","ping_status":"open","sticky":false,"template":"","format":"standard","meta":{"_yoast_indexnow_last_ping":["1675776896"],"wp_automatic_camp":["217"],"2fe3e63f99f6f4a3b2c4362a968b5bbb":["Eskalation im Westjordanland: CIA-Chef warnt vor einer Dritten Intifada der Pal\u00e4stinenser"],"original_link":["https:\/\/de.rt.com\/der-nahe-osten\/162172-eskalation-im-westjordanland-cia-chef\/"],"_thumbnail_id":["29726"],"_wptgpro_p2tg_sent2tg":["a:1:{i:23737;s:19:\"2023-02-07 15:36:12\";}"],"jnews_social_counter_last_update":["1777305463"]},"categories":[19,23],"tags":[18768,82,1726,212,582,38654,7583,320,912,15698],"yoast_head":"<!-- This site is optimized with the Yoast SEO Premium plugin v22.7 (Yoast SEO v22.7) - https:\/\/yoast.com\/wordpress\/plugins\/seo\/ -->\n<title>Eskalation im Westjordanland: CIA-Chef warnt vor einer Dritten Intifada der Pal\u00e4stinenser - just-now.NEWS Deutschland<\/title>\n<meta name=\"robots\" content=\"index, follow, max-snippet:-1, max-image-preview:large, max-video-preview:-1\" \/>\n<link rel=\"canonical\" href=\"https:\/\/now-news.de\/de\/deutschland\/eskalation-im-westjordanland-cia-chef-warnt-vor-einer-dritten-intifada-der-palaestinenser\/\" \/>\n<meta property=\"og:locale\" content=\"de_DE\" \/>\n<meta property=\"og:type\" content=\"article\" \/>\n<meta property=\"og:title\" content=\"Eskalation im Westjordanland: CIA-Chef warnt vor einer Dritten Intifada der Pal\u00e4stinenser\" \/>\n<meta property=\"og:description\" content=\"Angesichts der j\u00fcngsten aufgeputschten Atmosph\u00e4re im israelisch besetzten Westjordanland warnt CIA-Chef William Burns vor einer neuen Gewaltspirale. Burns \u00e4u\u00dferte sich wenige Tage nach seiner R\u00fcckkehr aus der Region, wo er mit hochrangigen israelischen und pal\u00e4stinensischen Politikern zusammengetroffen war. Der Direktor des US-Geheimdienstes CIA William Burns \u00e4u\u00dferte seine Besorgnis dar\u00fcber, dass die derzeitigen Spannungen zwischen Israel [&hellip;]\" \/>\n<meta property=\"og:url\" content=\"https:\/\/now-news.de\/de\/deutschland\/eskalation-im-westjordanland-cia-chef-warnt-vor-einer-dritten-intifada-der-palaestinenser\/\" \/>\n<meta property=\"og:site_name\" content=\"just-now.NEWS Deutschland\" \/>\n<meta property=\"article:publisher\" content=\"https:\/\/www.facebook.com\/wirmachenauf\" \/>\n<meta property=\"article:published_time\" content=\"2023-02-07T13:27:40+00:00\" \/>\n<meta property=\"og:image\" content=\"https:\/\/now-news.de\/de\/wp-content\/uploads\/sites\/3\/2023\/02\/Eskalation-im-Westjordanland-CIA-Chef-warnt-vor-einer-Dritten-Intifada-der.jpg\" \/>\n\t<meta property=\"og:image:width\" content=\"460\" \/>\n\t<meta property=\"og:image:height\" content=\"259\" \/>\n\t<meta property=\"og:image:type\" content=\"image\/jpeg\" \/>\n<meta name=\"author\" content=\"rtnews\" \/>\n<meta name=\"twitter:card\" content=\"summary_large_image\" \/>\n<meta name=\"twitter:creator\" content=\"@WirMachenAuf_de\" \/>\n<meta name=\"twitter:site\" content=\"@WirMachenAuf_de\" \/>\n<meta name=\"twitter:label1\" content=\"Verfasst von\" \/>\n\t<meta name=\"twitter:data1\" content=\"rtnews\" \/>\n\t<meta name=\"twitter:label2\" content=\"Gesch\u00e4tzte Lesezeit\" \/>\n\t<meta name=\"twitter:data2\" content=\"2\u00a0Minuten\" \/>\n<script type=\"application\/ld+json\" class=\"yoast-schema-graph\">{\"@context\":\"https:\/\/schema.org\",\"@graph\":[{\"@type\":\"Article\",\"@id\":\"https:\/\/now-news.de\/de\/deutschland\/eskalation-im-westjordanland-cia-chef-warnt-vor-einer-dritten-intifada-der-palaestinenser\/#article\",\"isPartOf\":{\"@id\":\"https:\/\/now-news.de\/de\/deutschland\/eskalation-im-westjordanland-cia-chef-warnt-vor-einer-dritten-intifada-der-palaestinenser\/\"},\"author\":{\"name\":\"rtnews\",\"@id\":\"https:\/\/now-news.de\/de\/#\/schema\/person\/fb534a4e865501d8b3285208df34a9b5\"},\"headline\":\"Eskalation im Westjordanland: CIA-Chef warnt vor einer Dritten Intifada der Pal\u00e4stinenser\",\"datePublished\":\"2023-02-07T13:27:40+00:00\",\"dateModified\":\"2023-02-07T13:27:40+00:00\",\"mainEntityOfPage\":{\"@id\":\"https:\/\/now-news.de\/de\/deutschland\/eskalation-im-westjordanland-cia-chef-warnt-vor-einer-dritten-intifada-der-palaestinenser\/\"},\"wordCount\":395,\"commentCount\":0,\"publisher\":{\"@id\":\"https:\/\/now-news.de\/de\/#organization\"},\"image\":{\"@id\":\"https:\/\/now-news.de\/de\/deutschland\/eskalation-im-westjordanland-cia-chef-warnt-vor-einer-dritten-intifada-der-palaestinenser\/#primaryimage\"},\"thumbnailUrl\":\"https:\/\/now-news.de\/de\/wp-content\/uploads\/sites\/3\/2023\/02\/Eskalation-im-Westjordanland-CIA-Chef-warnt-vor-einer-Dritten-Intifada-der.jpg\",\"keywords\":[\"CIAChef\",\"der\",\"dritten\",\"einer\",\"Eskalation\",\"Intifada\",\"Pal\u00e4stinenser\",\"vor\",\"warnt\",\"Westjordanland\"],\"articleSection\":[\"Deutschland\",\"Russland\"],\"inLanguage\":\"de\",\"potentialAction\":[{\"@type\":\"CommentAction\",\"name\":\"Comment\",\"target\":[\"https:\/\/now-news.de\/de\/deutschland\/eskalation-im-westjordanland-cia-chef-warnt-vor-einer-dritten-intifada-der-palaestinenser\/#respond\"]}]},{\"@type\":\"WebPage\",\"@id\":\"https:\/\/now-news.de\/de\/deutschland\/eskalation-im-westjordanland-cia-chef-warnt-vor-einer-dritten-intifada-der-palaestinenser\/\",\"url\":\"https:\/\/now-news.de\/de\/deutschland\/eskalation-im-westjordanland-cia-chef-warnt-vor-einer-dritten-intifada-der-palaestinenser\/\",\"name\":\"Eskalation im Westjordanland: CIA-Chef warnt vor einer Dritten Intifada der Pal\u00e4stinenser - just-now.NEWS Deutschland\",\"isPartOf\":{\"@id\":\"https:\/\/now-news.de\/de\/#website\"},\"primaryImageOfPage\":{\"@id\":\"https:\/\/now-news.de\/de\/deutschland\/eskalation-im-westjordanland-cia-chef-warnt-vor-einer-dritten-intifada-der-palaestinenser\/#primaryimage\"},\"image\":{\"@id\":\"https:\/\/now-news.de\/de\/deutschland\/eskalation-im-westjordanland-cia-chef-warnt-vor-einer-dritten-intifada-der-palaestinenser\/#primaryimage\"},\"thumbnailUrl\":\"https:\/\/now-news.de\/de\/wp-content\/uploads\/sites\/3\/2023\/02\/Eskalation-im-Westjordanland-CIA-Chef-warnt-vor-einer-Dritten-Intifada-der.jpg\",\"datePublished\":\"2023-02-07T13:27:40+00:00\",\"dateModified\":\"2023-02-07T13:27:40+00:00\",\"breadcrumb\":{\"@id\":\"https:\/\/now-news.de\/de\/deutschland\/eskalation-im-westjordanland-cia-chef-warnt-vor-einer-dritten-intifada-der-palaestinenser\/#breadcrumb\"},\"inLanguage\":\"de\",\"potentialAction\":[{\"@type\":\"ReadAction\",\"target\":[\"https:\/\/now-news.de\/de\/deutschland\/eskalation-im-westjordanland-cia-chef-warnt-vor-einer-dritten-intifada-der-palaestinenser\/\"]}]},{\"@type\":\"ImageObject\",\"inLanguage\":\"de\",\"@id\":\"https:\/\/now-news.de\/de\/deutschland\/eskalation-im-westjordanland-cia-chef-warnt-vor-einer-dritten-intifada-der-palaestinenser\/#primaryimage\",\"url\":\"https:\/\/now-news.de\/de\/wp-content\/uploads\/sites\/3\/2023\/02\/Eskalation-im-Westjordanland-CIA-Chef-warnt-vor-einer-Dritten-Intifada-der.jpg\",\"contentUrl\":\"https:\/\/now-news.de\/de\/wp-content\/uploads\/sites\/3\/2023\/02\/Eskalation-im-Westjordanland-CIA-Chef-warnt-vor-einer-Dritten-Intifada-der.jpg\",\"width\":460,\"height\":259,\"caption\":\"Eskalation im Westjordanland: CIA-Chef warnt vor einer Dritten Intifada der Pal\u00e4stinenser\"},{\"@type\":\"BreadcrumbList\",\"@id\":\"https:\/\/now-news.de\/de\/deutschland\/eskalation-im-westjordanland-cia-chef-warnt-vor-einer-dritten-intifada-der-palaestinenser\/#breadcrumb\",\"itemListElement\":[{\"@type\":\"ListItem\",\"position\":1,\"name\":\"Home\",\"item\":\"https:\/\/now-news.de\/de\/\"},{\"@type\":\"ListItem\",\"position\":2,\"name\":\"Eskalation im Westjordanland: CIA-Chef warnt vor einer Dritten Intifada der Pal\u00e4stinenser\"}]},{\"@type\":\"WebSite\",\"@id\":\"https:\/\/now-news.de\/de\/#website\",\"url\":\"https:\/\/now-news.de\/de\/\",\"name\":\"just-now.NEWS Deutschland\",\"description\":\"Das Portal f\u00fcr unzensierte Nachrichten aus der Welt\",\"publisher\":{\"@id\":\"https:\/\/now-news.de\/de\/#organization\"},\"potentialAction\":[{\"@type\":\"SearchAction\",\"target\":{\"@type\":\"EntryPoint\",\"urlTemplate\":\"https:\/\/now-news.de\/de\/?s={search_term_string}\"},\"query-input\":\"required name=search_term_string\"}],\"inLanguage\":\"de\"},{\"@type\":\"Organization\",\"@id\":\"https:\/\/now-news.de\/de\/#organization\",\"name\":\"Just Now News\",\"url\":\"https:\/\/now-news.de\/de\/\",\"logo\":{\"@type\":\"ImageObject\",\"inLanguage\":\"de\",\"@id\":\"https:\/\/now-news.de\/de\/#\/schema\/logo\/image\/\",\"url\":\"http:\/\/just-now.news\/de\/wp-content\/uploads\/sites\/3\/2022\/04\/logo500x500.jpg\",\"contentUrl\":\"http:\/\/just-now.news\/de\/wp-content\/uploads\/sites\/3\/2022\/04\/logo500x500.jpg\",\"width\":500,\"height\":500,\"caption\":\"Just Now News\"},\"image\":{\"@id\":\"https:\/\/now-news.de\/de\/#\/schema\/logo\/image\/\"},\"sameAs\":[\"https:\/\/www.facebook.com\/wirmachenauf\",\"https:\/\/x.com\/WirMachenAuf_de\"]},{\"@type\":\"Person\",\"@id\":\"https:\/\/now-news.de\/de\/#\/schema\/person\/fb534a4e865501d8b3285208df34a9b5\",\"name\":\"rtnews\",\"image\":{\"@type\":\"ImageObject\",\"inLanguage\":\"de\",\"@id\":\"https:\/\/now-news.de\/de\/#\/schema\/person\/image\/\",\"url\":\"https:\/\/secure.gravatar.com\/avatar\/82aafea7d8127119dd649515f56e2117?s=96&d=mm&r=g\",\"contentUrl\":\"https:\/\/secure.gravatar.com\/avatar\/82aafea7d8127119dd649515f56e2117?s=96&d=mm&r=g\",\"caption\":\"rtnews\"},\"url\":\"https:\/\/now-news.de\/de\/author\/rnews\/\"}]}<\/script>\n<!-- \/ Yoast SEO Premium plugin. -->","yoast_head_json":{"title":"Eskalation im Westjordanland: CIA-Chef warnt vor einer Dritten Intifada der Pal\u00e4stinenser - just-now.NEWS Deutschland","robots":{"index":"index","follow":"follow","max-snippet":"max-snippet:-1","max-image-preview":"max-image-preview:large","max-video-preview":"max-video-preview:-1"},"canonical":"https:\/\/now-news.de\/de\/deutschland\/eskalation-im-westjordanland-cia-chef-warnt-vor-einer-dritten-intifada-der-palaestinenser\/","og_locale":"de_DE","og_type":"article","og_title":"Eskalation im Westjordanland: CIA-Chef warnt vor einer Dritten Intifada der Pal\u00e4stinenser","og_description":"Angesichts der j\u00fcngsten aufgeputschten Atmosph\u00e4re im israelisch besetzten Westjordanland warnt CIA-Chef William Burns vor einer neuen Gewaltspirale. Burns \u00e4u\u00dferte sich wenige Tage nach seiner R\u00fcckkehr aus der Region, wo er mit hochrangigen israelischen und pal\u00e4stinensischen Politikern zusammengetroffen war. Der Direktor des US-Geheimdienstes CIA William Burns \u00e4u\u00dferte seine Besorgnis dar\u00fcber, dass die derzeitigen Spannungen zwischen Israel [&hellip;]","og_url":"https:\/\/now-news.de\/de\/deutschland\/eskalation-im-westjordanland-cia-chef-warnt-vor-einer-dritten-intifada-der-palaestinenser\/","og_site_name":"just-now.NEWS Deutschland","article_publisher":"https:\/\/www.facebook.com\/wirmachenauf","article_published_time":"2023-02-07T13:27:40+00:00","og_image":[{"width":460,"height":259,"url":"https:\/\/now-news.de\/de\/wp-content\/uploads\/sites\/3\/2023\/02\/Eskalation-im-Westjordanland-CIA-Chef-warnt-vor-einer-Dritten-Intifada-der.jpg","type":"image\/jpeg"}],"author":"rtnews","twitter_card":"summary_large_image","twitter_creator":"@WirMachenAuf_de","twitter_site":"@WirMachenAuf_de","twitter_misc":{"Verfasst von":"rtnews","Gesch\u00e4tzte Lesezeit":"2\u00a0Minuten"},"schema":{"@context":"https:\/\/schema.org","@graph":[{"@type":"Article","@id":"https:\/\/now-news.de\/de\/deutschland\/eskalation-im-westjordanland-cia-chef-warnt-vor-einer-dritten-intifada-der-palaestinenser\/#article","isPartOf":{"@id":"https:\/\/now-news.de\/de\/deutschland\/eskalation-im-westjordanland-cia-chef-warnt-vor-einer-dritten-intifada-der-palaestinenser\/"},"author":{"name":"rtnews","@id":"https:\/\/now-news.de\/de\/#\/schema\/person\/fb534a4e865501d8b3285208df34a9b5"},"headline":"Eskalation im Westjordanland: CIA-Chef warnt vor einer Dritten Intifada der Pal\u00e4stinenser","datePublished":"2023-02-07T13:27:40+00:00","dateModified":"2023-02-07T13:27:40+00:00","mainEntityOfPage":{"@id":"https:\/\/now-news.de\/de\/deutschland\/eskalation-im-westjordanland-cia-chef-warnt-vor-einer-dritten-intifada-der-palaestinenser\/"},"wordCount":395,"commentCount":0,"publisher":{"@id":"https:\/\/now-news.de\/de\/#organization"},"image":{"@id":"https:\/\/now-news.de\/de\/deutschland\/eskalation-im-westjordanland-cia-chef-warnt-vor-einer-dritten-intifada-der-palaestinenser\/#primaryimage"},"thumbnailUrl":"https:\/\/now-news.de\/de\/wp-content\/uploads\/sites\/3\/2023\/02\/Eskalation-im-Westjordanland-CIA-Chef-warnt-vor-einer-Dritten-Intifada-der.jpg","keywords":["CIAChef","der","dritten","einer","Eskalation","Intifada","Pal\u00e4stinenser","vor","warnt","Westjordanland"],"articleSection":["Deutschland","Russland"],"inLanguage":"de","potentialAction":[{"@type":"CommentAction","name":"Comment","target":["https:\/\/now-news.de\/de\/deutschland\/eskalation-im-westjordanland-cia-chef-warnt-vor-einer-dritten-intifada-der-palaestinenser\/#respond"]}]},{"@type":"WebPage","@id":"https:\/\/now-news.de\/de\/deutschland\/eskalation-im-westjordanland-cia-chef-warnt-vor-einer-dritten-intifada-der-palaestinenser\/","url":"https:\/\/now-news.de\/de\/deutschland\/eskalation-im-westjordanland-cia-chef-warnt-vor-einer-dritten-intifada-der-palaestinenser\/","name":"Eskalation im Westjordanland: CIA-Chef warnt vor einer Dritten Intifada der Pal\u00e4stinenser - just-now.NEWS Deutschland","isPartOf":{"@id":"https:\/\/now-news.de\/de\/#website"},"primaryImageOfPage":{"@id":"https:\/\/now-news.de\/de\/deutschland\/eskalation-im-westjordanland-cia-chef-warnt-vor-einer-dritten-intifada-der-palaestinenser\/#primaryimage"},"image":{"@id":"https:\/\/now-news.de\/de\/deutschland\/eskalation-im-westjordanland-cia-chef-warnt-vor-einer-dritten-intifada-der-palaestinenser\/#primaryimage"},"thumbnailUrl":"https:\/\/now-news.de\/de\/wp-content\/uploads\/sites\/3\/2023\/02\/Eskalation-im-Westjordanland-CIA-Chef-warnt-vor-einer-Dritten-Intifada-der.jpg","datePublished":"2023-02-07T13:27:40+00:00","dateModified":"2023-02-07T13:27:40+00:00","breadcrumb":{"@id":"https:\/\/now-news.de\/de\/deutschland\/eskalation-im-westjordanland-cia-chef-warnt-vor-einer-dritten-intifada-der-palaestinenser\/#breadcrumb"},"inLanguage":"de","potentialAction":[{"@type":"ReadAction","target":["https:\/\/now-news.de\/de\/deutschland\/eskalation-im-westjordanland-cia-chef-warnt-vor-einer-dritten-intifada-der-palaestinenser\/"]}]},{"@type":"ImageObject","inLanguage":"de","@id":"https:\/\/now-news.de\/de\/deutschland\/eskalation-im-westjordanland-cia-chef-warnt-vor-einer-dritten-intifada-der-palaestinenser\/#primaryimage","url":"https:\/\/now-news.de\/de\/wp-content\/uploads\/sites\/3\/2023\/02\/Eskalation-im-Westjordanland-CIA-Chef-warnt-vor-einer-Dritten-Intifada-der.jpg","contentUrl":"https:\/\/now-news.de\/de\/wp-content\/uploads\/sites\/3\/2023\/02\/Eskalation-im-Westjordanland-CIA-Chef-warnt-vor-einer-Dritten-Intifada-der.jpg","width":460,"height":259,"caption":"Eskalation im Westjordanland: CIA-Chef warnt vor einer Dritten Intifada der Pal\u00e4stinenser"},{"@type":"BreadcrumbList","@id":"https:\/\/now-news.de\/de\/deutschland\/eskalation-im-westjordanland-cia-chef-warnt-vor-einer-dritten-intifada-der-palaestinenser\/#breadcrumb","itemListElement":[{"@type":"ListItem","position":1,"name":"Home","item":"https:\/\/now-news.de\/de\/"},{"@type":"ListItem","position":2,"name":"Eskalation im Westjordanland: CIA-Chef warnt vor einer Dritten Intifada der Pal\u00e4stinenser"}]},{"@type":"WebSite","@id":"https:\/\/now-news.de\/de\/#website","url":"https:\/\/now-news.de\/de\/","name":"just-now.NEWS Deutschland","description":"Das Portal f\u00fcr unzensierte Nachrichten aus der Welt","publisher":{"@id":"https:\/\/now-news.de\/de\/#organization"},"potentialAction":[{"@type":"SearchAction","target":{"@type":"EntryPoint","urlTemplate":"https:\/\/now-news.de\/de\/?s={search_term_string}"},"query-input":"required name=search_term_string"}],"inLanguage":"de"},{"@type":"Organization","@id":"https:\/\/now-news.de\/de\/#organization","name":"Just Now News","url":"https:\/\/now-news.de\/de\/","logo":{"@type":"ImageObject","inLanguage":"de","@id":"https:\/\/now-news.de\/de\/#\/schema\/logo\/image\/","url":"http:\/\/just-now.news\/de\/wp-content\/uploads\/sites\/3\/2022\/04\/logo500x500.jpg","contentUrl":"http:\/\/just-now.news\/de\/wp-content\/uploads\/sites\/3\/2022\/04\/logo500x500.jpg","width":500,"height":500,"caption":"Just Now News"},"image":{"@id":"https:\/\/now-news.de\/de\/#\/schema\/logo\/image\/"},"sameAs":["https:\/\/www.facebook.com\/wirmachenauf","https:\/\/x.com\/WirMachenAuf_de"]},{"@type":"Person","@id":"https:\/\/now-news.de\/de\/#\/schema\/person\/fb534a4e865501d8b3285208df34a9b5","name":"rtnews","image":{"@type":"ImageObject","inLanguage":"de","@id":"https:\/\/now-news.de\/de\/#\/schema\/person\/image\/","url":"https:\/\/secure.gravatar.com\/avatar\/82aafea7d8127119dd649515f56e2117?s=96&d=mm&r=g","contentUrl":"https:\/\/secure.gravatar.com\/avatar\/82aafea7d8127119dd649515f56e2117?s=96&d=mm&r=g","caption":"rtnews"},"url":"https:\/\/now-news.de\/de\/author\/rnews\/"}]}},"_links":{"self":[{"href":"https:\/\/now-news.de\/de\/wp-json\/wp\/v2\/posts\/29725"}],"collection":[{"href":"https:\/\/now-news.de\/de\/wp-json\/wp\/v2\/posts"}],"about":[{"href":"https:\/\/now-news.de\/de\/wp-json\/wp\/v2\/types\/post"}],"author":[{"embeddable":true,"href":"https:\/\/now-news.de\/de\/wp-json\/wp\/v2\/users\/3"}],"replies":[{"embeddable":true,"href":"https:\/\/now-news.de\/de\/wp-json\/wp\/v2\/comments?post=29725"}],"version-history":[{"count":0,"href":"https:\/\/now-news.de\/de\/wp-json\/wp\/v2\/posts\/29725\/revisions"}],"wp:featuredmedia":[{"embeddable":true,"href":"https:\/\/now-news.de\/de\/wp-json\/wp\/v2\/media\/29726"}],"wp:attachment":[{"href":"https:\/\/now-news.de\/de\/wp-json\/wp\/v2\/media?parent=29725"}],"wp:term":[{"taxonomy":"category","embeddable":true,"href":"https:\/\/now-news.de\/de\/wp-json\/wp\/v2\/categories?post=29725"},{"taxonomy":"post_tag","embeddable":true,"href":"https:\/\/now-news.de\/de\/wp-json\/wp\/v2\/tags?post=29725"}],"curies":[{"name":"wp","href":"https:\/\/api.w.org\/{rel}","templated":true}]}}