{"id":29719,"date":"2023-02-07T12:54:51","date_gmt":"2023-02-07T10:54:51","guid":{"rendered":"https:\/\/just-now.news\/de\/deutschland\/chemnitz-gruene-stadtraetin-will-auftritt-des-kabarettisten-uwe-steimle-verhindern\/"},"modified":"2023-02-07T12:54:51","modified_gmt":"2023-02-07T10:54:51","slug":"chemnitz-gruene-stadtraetin-will-auftritt-des-kabarettisten-uwe-steimle-verhindern","status":"publish","type":"post","link":"https:\/\/now-news.de\/de\/deutschland\/chemnitz-gruene-stadtraetin-will-auftritt-des-kabarettisten-uwe-steimle-verhindern\/","title":{"rendered":"Chemnitz: Gr\u00fcne Stadtr\u00e4tin will Auftritt des Kabarettisten Uwe Steimle verhindern"},"content":{"rendered":"<p><img decoding=\"async\" src=\"http:\/\/just-now.news\/de\/wp-content\/uploads\/sites\/3\/2023\/02\/63e207dcb480cc21ad729ebb.jpg\" \/><\/p>\n<div class=\"Text-root Text-type_1 \">\n                Der Kabarettist Uwe Steimle plant f\u00fcr den 15. Februar einen Auftritt in Chemnitz. Eine gr\u00fcne Lokalpolitikerin empfiehlt dem veranstaltenden Kraftwerk e.V. eine Absage. Steimle falle regelm\u00e4\u00dfig mit antisemitischen \u00c4u\u00dferungen auf. Pikant: Einladende ist die Ehefrau des Chemnitzer Juden Uwe Dziuballa, Inhaber des Restaurants &#8220;Shalom&#8221;.\n            <\/div>\n<p><\/p>\n<div class=\"Text-root Text-type_5 ArticleView-text ViewText-root \">\n<p>F\u00fcr den 15. Februar steht nach bisheriger <a rel=\"nofollow noopener\" target=\"_blank\" href=\"https:\/\/www.kraftwerk-chemnitz.de\/event\/in-chemnitz-entdeckt\/\">Planung<\/a> weiterhin im Veranstaltungskalender des Kraftwerk e.V. Chemnitz die Vortragsreihe: &#8220;&#8216;Steimle aktuell&#8217; live und unzensiert&#8221;. Das Regionalportal <em>Tag24<\/em>\u00a0<a rel=\"nofollow noopener\" target=\"_blank\" href=\"https:\/\/www.tag24.de\/chemnitz\/politik-wirtschaft\/grosse-debatte-um-kabarettist-uwe-steimle-in-chemnitz-gruene-wollen-auftritt-verhindern-2740974\">informierte<\/a> am 6. Februar dar\u00fcber, dass der beabsichtigte Auftritt des Kabarettisten Uwe Steimle der Stadtr\u00e4tin Christin Furtenbacher (B\u00fcndnis 90\/Die Gr\u00fcnen) &#8220;nicht koscher&#8221; sei. Sie m\u00f6chte den Abend verhindern. Zu den Beweggr\u00fcnden der Politikerin hei\u00dft es:<\/p>\n<blockquote>\n<p><em>&#8220;Der Auftritt wird gef\u00f6rdert mit Jugendmitteln der Stadt. Steimle f\u00e4llt seit Jahren mit antisemitischen, rassistischen und extrem rechten Aussagen sowie antidemokratischen \u00c4u\u00dferungen und Verschw\u00f6rungsmythen auf. So wird er von vielen wahrgenommen. Ich empfehle eine Pr\u00fcfung der Absage.&#8221;<\/em><\/p>\n<\/blockquote>\n<p>Ortsunkundige werden hinsichtlich der eingeforderten &#8220;Pr\u00fcfung&#8221; \u00fcberrascht sein, dass die verantwortliche Projektleiterin des Kraftwerk e.V. Chemnitz,\u00a0Ute Dziuballa, Ehefrau des Chemnitzer Juden Uwe Dziuballa ist. Dieser betreibt das j\u00fcdische <a rel=\"nofollow noopener\" target=\"_blank\" href=\"https:\/\/www.schalom-chemnitz.de\/schalom_restaurant.htm\">Restaurant<\/a> &#8220;Shalom&#8221; in Chemnitz. <em>Tag24<\/em>\u00a0prognostiziert, dass die Forderung der gr\u00fcnen Lokalpolitik &#8220;das politische Eigentor des Jahres in\u00a0Chemnitz&#8221; werden k\u00f6nnte. Der attackierte Steimle wird mit den Worten zitiert:<\/p>\n<blockquote>\n<p><em>&#8220;Das ist nur noch l\u00e4cherlich. Ich wurde von der befreundeten Familie Dziuballa eingeladen. Mit Antisemitismus und Rassismus habe ich nichts zu tun. Im Gegenteil \u2013 wer mich kennt, wei\u00df das (&#8230;) Wohin soll das f\u00fchren?&#8221;<\/em><\/p>\n<\/blockquote>\n<p>Projektleiterin Ute Dziubulla best\u00e4tigte gegen\u00fcber\u00a0<em>Tag24<\/em>:<\/p>\n<blockquote>\n<p><em>&#8220;Wir verstehen die Debatte nicht. Uwe Steimle ist auf keinen Fall Antisemit. Er war mit dem Chemnitzer Auschwitz-\u00dcberlebenden Justin Sonder befreundet und reiste mit meinem Mann nach Israel. Wir w\u00fcrden gerne wissen, worauf sich die Vorw\u00fcrfe konkret beziehen.&#8221; Die Projektleiterin will nicht einknicken: &#8220;Wir stehen daf\u00fcr, dass Uwe Steimle im Kraftwerk auftritt.&#8221;\u00a0<\/em><\/p>\n<\/blockquote>\n<p>&#8220;Kraftwerk e.V. Chemnitz&#8221;-Projektkollege Uwe Kl\u00f6tzer findet es laut dem Artikel &#8220;schade, dass Personen bestimmte Diskussionen nicht zulassen. Kunst kann und muss polarisieren, man muss sie aber auch akzeptieren, statt sie abzuw\u00fcrgen.&#8221; 2019 kritisierte und attackierte der damalige <em>Tagesspiegel<\/em>-Autor Matthias Meisner Steimle f\u00fcr seine T-Shirt-Aufschrift &#8220;Kraft durch Freunde&#8221; und unterstellte ihm einen &#8220;beabsichtigten&#8221; und &#8220;offenkundigen\u00a0Bezug zur NS-Organisation &#8216;Kraft durch Freude'&#8221;. Diese Kampagne f\u00fchrte zu einem Ende der langj\u00e4hrigen <a rel=\"nofollow noopener\" target=\"_blank\" href=\"https:\/\/pressefreiheit.rtde.tech\/inland\/95434-mdr-trennt-sich-von-kabarettist\/\">Zusammenarbeit<\/a> zwischen Uwe Steimle und dem <em>MDR.<\/em><\/p>\n<p>Weder Matthias Meisner, der im damaligen <a rel=\"nofollow noopener\" target=\"_blank\" href=\"https:\/\/www.tagesspiegel.de\/gesellschaft\/medien\/der-kabarettist-uwe-steimle-und-seine-rechte-mission-5021455.html\">Artikel<\/a> vorwurfsvoll fragte: &#8220;missgl\u00fcckte Satire \u2013 oder rechtsradikale Agitation?&#8221;, noch dem\u00a0<em>Tagesspiegel oder<\/em>\u00a0der\u00a0<em>MDR<\/em>-Redaktion war zu diesem Zeitpunkt anscheinend bekannt, dass\u00a0dieser bewusste und erkennbar abgewandelte\u00a0<a rel=\"nofollow noopener\" target=\"_blank\" href=\"https:\/\/www.discogs.com\/de\/Werner-Finck-Kraft-Durch-Freunde\/release\/4367710\">Slogan<\/a>\u00a0von dem Kabarettisten und Steimle-Vorbild Werner Finck stammt, der wiederum selbst w\u00e4hrend der Nazizeit im KZ gesessen hatte.<\/p>\n<p><strong>Mehr zum Thema <\/strong>&#8211;<strong>\u00a0<\/strong><a rel=\"nofollow noopener\" target=\"_blank\" href=\"https:\/\/pressefreiheit.rtde.tech\/meinung\/161776-journalist-liebe-zensor\/\">\u00a0Journalistenverband: Alternative Medien? Nicht verbieten, nur die Finanzen entziehen<\/a><\/p>\n<\/div>\n<p><br \/>\n<br \/><a href=\"https:\/\/de.rt.com\/inland\/162153-gruene-lokalpolitik-in-chemnitz-fordert\/\">Source link <\/a><\/p>\n","protected":false},"excerpt":{"rendered":"<p>Der Kabarettist Uwe Steimle plant f\u00fcr den 15. Februar einen Auftritt in Chemnitz. Eine gr\u00fcne Lokalpolitikerin empfiehlt dem veranstaltenden Kraftwerk e.V. eine Absage. Steimle falle regelm\u00e4\u00dfig mit antisemitischen \u00c4u\u00dferungen auf. Pikant: Einladende ist die Ehefrau des Chemnitzer Juden Uwe Dziuballa, Inhaber des Restaurants &#8220;Shalom&#8221;. F\u00fcr den 15. Februar steht nach bisheriger Planung weiterhin im Veranstaltungskalender [&hellip;]<\/p>\n","protected":false},"author":3,"featured_media":29720,"comment_status":"open","ping_status":"open","sticky":false,"template":"","format":"standard","meta":{"_yoast_indexnow_last_ping":["1675774015"],"wp_automatic_camp":["217"],"cff026b9c1c5d5d4e95a378df643296c":["Chemnitz: Gr\u00fcne Stadtr\u00e4tin will Auftritt des Kabarettisten Uwe Steimle verhindern"],"original_link":["https:\/\/de.rt.com\/inland\/162153-gruene-lokalpolitik-in-chemnitz-fordert\/"],"_thumbnail_id":["29720"],"_wptgpro_p2tg_sent2tg":["a:1:{i:23737;s:19:\"2023-02-07 14:48:08\";}"],"jnews_social_counter_last_update":["1777113947"]},"categories":[19,23],"tags":[26804,7935,583,1434,40359,40358,24069,24068,1045],"yoast_head":"<!-- This site is optimized with the Yoast SEO Premium plugin v22.7 (Yoast SEO v22.7) - https:\/\/yoast.com\/wordpress\/plugins\/seo\/ -->\n<title>Chemnitz: Gr\u00fcne Stadtr\u00e4tin will Auftritt des Kabarettisten Uwe Steimle verhindern - just-now.NEWS Deutschland<\/title>\n<meta name=\"robots\" content=\"index, follow, max-snippet:-1, max-image-preview:large, max-video-preview:-1\" \/>\n<link rel=\"canonical\" href=\"https:\/\/now-news.de\/de\/deutschland\/chemnitz-gruene-stadtraetin-will-auftritt-des-kabarettisten-uwe-steimle-verhindern\/\" \/>\n<meta property=\"og:locale\" content=\"de_DE\" \/>\n<meta property=\"og:type\" content=\"article\" \/>\n<meta property=\"og:title\" content=\"Chemnitz: Gr\u00fcne Stadtr\u00e4tin will Auftritt des Kabarettisten Uwe Steimle verhindern\" \/>\n<meta property=\"og:description\" content=\"Der Kabarettist Uwe Steimle plant f\u00fcr den 15. Februar einen Auftritt in Chemnitz. Eine gr\u00fcne Lokalpolitikerin empfiehlt dem veranstaltenden Kraftwerk e.V. eine Absage. Steimle falle regelm\u00e4\u00dfig mit antisemitischen \u00c4u\u00dferungen auf. Pikant: Einladende ist die Ehefrau des Chemnitzer Juden Uwe Dziuballa, Inhaber des Restaurants &#8220;Shalom&#8221;. F\u00fcr den 15. Februar steht nach bisheriger Planung weiterhin im Veranstaltungskalender [&hellip;]\" \/>\n<meta property=\"og:url\" content=\"https:\/\/now-news.de\/de\/deutschland\/chemnitz-gruene-stadtraetin-will-auftritt-des-kabarettisten-uwe-steimle-verhindern\/\" \/>\n<meta property=\"og:site_name\" content=\"just-now.NEWS Deutschland\" \/>\n<meta property=\"article:publisher\" content=\"https:\/\/www.facebook.com\/wirmachenauf\" \/>\n<meta property=\"article:published_time\" content=\"2023-02-07T10:54:51+00:00\" \/>\n<meta property=\"og:image\" content=\"https:\/\/now-news.de\/de\/wp-content\/uploads\/sites\/3\/2023\/02\/Chemnitz-Gruene-Stadtraetin-will-Auftritt-des-Kabarettisten-Uwe-Steimle-verhindern.jpg\" \/>\n\t<meta property=\"og:image:width\" content=\"460\" \/>\n\t<meta property=\"og:image:height\" content=\"259\" \/>\n\t<meta property=\"og:image:type\" content=\"image\/jpeg\" \/>\n<meta name=\"author\" content=\"rtnews\" \/>\n<meta name=\"twitter:card\" content=\"summary_large_image\" \/>\n<meta name=\"twitter:creator\" content=\"@WirMachenAuf_de\" \/>\n<meta name=\"twitter:site\" content=\"@WirMachenAuf_de\" \/>\n<meta name=\"twitter:label1\" content=\"Verfasst von\" \/>\n\t<meta name=\"twitter:data1\" content=\"rtnews\" \/>\n\t<meta name=\"twitter:label2\" content=\"Gesch\u00e4tzte Lesezeit\" \/>\n\t<meta name=\"twitter:data2\" content=\"2\u00a0Minuten\" \/>\n<script type=\"application\/ld+json\" class=\"yoast-schema-graph\">{\"@context\":\"https:\/\/schema.org\",\"@graph\":[{\"@type\":\"Article\",\"@id\":\"https:\/\/now-news.de\/de\/deutschland\/chemnitz-gruene-stadtraetin-will-auftritt-des-kabarettisten-uwe-steimle-verhindern\/#article\",\"isPartOf\":{\"@id\":\"https:\/\/now-news.de\/de\/deutschland\/chemnitz-gruene-stadtraetin-will-auftritt-des-kabarettisten-uwe-steimle-verhindern\/\"},\"author\":{\"name\":\"rtnews\",\"@id\":\"https:\/\/now-news.de\/de\/#\/schema\/person\/fb534a4e865501d8b3285208df34a9b5\"},\"headline\":\"Chemnitz: Gr\u00fcne Stadtr\u00e4tin will Auftritt des Kabarettisten Uwe Steimle verhindern\",\"datePublished\":\"2023-02-07T10:54:51+00:00\",\"dateModified\":\"2023-02-07T10:54:51+00:00\",\"mainEntityOfPage\":{\"@id\":\"https:\/\/now-news.de\/de\/deutschland\/chemnitz-gruene-stadtraetin-will-auftritt-des-kabarettisten-uwe-steimle-verhindern\/\"},\"wordCount\":481,\"commentCount\":0,\"publisher\":{\"@id\":\"https:\/\/now-news.de\/de\/#organization\"},\"image\":{\"@id\":\"https:\/\/now-news.de\/de\/deutschland\/chemnitz-gruene-stadtraetin-will-auftritt-des-kabarettisten-uwe-steimle-verhindern\/#primaryimage\"},\"thumbnailUrl\":\"https:\/\/now-news.de\/de\/wp-content\/uploads\/sites\/3\/2023\/02\/Chemnitz-Gruene-Stadtraetin-will-Auftritt-des-Kabarettisten-Uwe-Steimle-verhindern.jpg\",\"keywords\":[\"Auftritt\",\"Chemnitz\",\"des\",\"Gr\u00fcne\",\"Kabarettisten\",\"Stadtr\u00e4tin\",\"Steimle\",\"Uwe\",\"verhindern\"],\"articleSection\":[\"Deutschland\",\"Russland\"],\"inLanguage\":\"de\",\"potentialAction\":[{\"@type\":\"CommentAction\",\"name\":\"Comment\",\"target\":[\"https:\/\/now-news.de\/de\/deutschland\/chemnitz-gruene-stadtraetin-will-auftritt-des-kabarettisten-uwe-steimle-verhindern\/#respond\"]}]},{\"@type\":\"WebPage\",\"@id\":\"https:\/\/now-news.de\/de\/deutschland\/chemnitz-gruene-stadtraetin-will-auftritt-des-kabarettisten-uwe-steimle-verhindern\/\",\"url\":\"https:\/\/now-news.de\/de\/deutschland\/chemnitz-gruene-stadtraetin-will-auftritt-des-kabarettisten-uwe-steimle-verhindern\/\",\"name\":\"Chemnitz: Gr\u00fcne Stadtr\u00e4tin will Auftritt des Kabarettisten Uwe Steimle verhindern - just-now.NEWS Deutschland\",\"isPartOf\":{\"@id\":\"https:\/\/now-news.de\/de\/#website\"},\"primaryImageOfPage\":{\"@id\":\"https:\/\/now-news.de\/de\/deutschland\/chemnitz-gruene-stadtraetin-will-auftritt-des-kabarettisten-uwe-steimle-verhindern\/#primaryimage\"},\"image\":{\"@id\":\"https:\/\/now-news.de\/de\/deutschland\/chemnitz-gruene-stadtraetin-will-auftritt-des-kabarettisten-uwe-steimle-verhindern\/#primaryimage\"},\"thumbnailUrl\":\"https:\/\/now-news.de\/de\/wp-content\/uploads\/sites\/3\/2023\/02\/Chemnitz-Gruene-Stadtraetin-will-Auftritt-des-Kabarettisten-Uwe-Steimle-verhindern.jpg\",\"datePublished\":\"2023-02-07T10:54:51+00:00\",\"dateModified\":\"2023-02-07T10:54:51+00:00\",\"breadcrumb\":{\"@id\":\"https:\/\/now-news.de\/de\/deutschland\/chemnitz-gruene-stadtraetin-will-auftritt-des-kabarettisten-uwe-steimle-verhindern\/#breadcrumb\"},\"inLanguage\":\"de\",\"potentialAction\":[{\"@type\":\"ReadAction\",\"target\":[\"https:\/\/now-news.de\/de\/deutschland\/chemnitz-gruene-stadtraetin-will-auftritt-des-kabarettisten-uwe-steimle-verhindern\/\"]}]},{\"@type\":\"ImageObject\",\"inLanguage\":\"de\",\"@id\":\"https:\/\/now-news.de\/de\/deutschland\/chemnitz-gruene-stadtraetin-will-auftritt-des-kabarettisten-uwe-steimle-verhindern\/#primaryimage\",\"url\":\"https:\/\/now-news.de\/de\/wp-content\/uploads\/sites\/3\/2023\/02\/Chemnitz-Gruene-Stadtraetin-will-Auftritt-des-Kabarettisten-Uwe-Steimle-verhindern.jpg\",\"contentUrl\":\"https:\/\/now-news.de\/de\/wp-content\/uploads\/sites\/3\/2023\/02\/Chemnitz-Gruene-Stadtraetin-will-Auftritt-des-Kabarettisten-Uwe-Steimle-verhindern.jpg\",\"width\":460,\"height\":259,\"caption\":\"Chemnitz: Gr\u00fcne Stadtr\u00e4tin will Auftritt des Kabarettisten Uwe Steimle verhindern\"},{\"@type\":\"BreadcrumbList\",\"@id\":\"https:\/\/now-news.de\/de\/deutschland\/chemnitz-gruene-stadtraetin-will-auftritt-des-kabarettisten-uwe-steimle-verhindern\/#breadcrumb\",\"itemListElement\":[{\"@type\":\"ListItem\",\"position\":1,\"name\":\"Home\",\"item\":\"https:\/\/now-news.de\/de\/\"},{\"@type\":\"ListItem\",\"position\":2,\"name\":\"Chemnitz: Gr\u00fcne Stadtr\u00e4tin will Auftritt des Kabarettisten Uwe Steimle verhindern\"}]},{\"@type\":\"WebSite\",\"@id\":\"https:\/\/now-news.de\/de\/#website\",\"url\":\"https:\/\/now-news.de\/de\/\",\"name\":\"just-now.NEWS Deutschland\",\"description\":\"Das Portal f\u00fcr unzensierte Nachrichten aus der Welt\",\"publisher\":{\"@id\":\"https:\/\/now-news.de\/de\/#organization\"},\"potentialAction\":[{\"@type\":\"SearchAction\",\"target\":{\"@type\":\"EntryPoint\",\"urlTemplate\":\"https:\/\/now-news.de\/de\/?s={search_term_string}\"},\"query-input\":\"required name=search_term_string\"}],\"inLanguage\":\"de\"},{\"@type\":\"Organization\",\"@id\":\"https:\/\/now-news.de\/de\/#organization\",\"name\":\"Just Now News\",\"url\":\"https:\/\/now-news.de\/de\/\",\"logo\":{\"@type\":\"ImageObject\",\"inLanguage\":\"de\",\"@id\":\"https:\/\/now-news.de\/de\/#\/schema\/logo\/image\/\",\"url\":\"http:\/\/just-now.news\/de\/wp-content\/uploads\/sites\/3\/2022\/04\/logo500x500.jpg\",\"contentUrl\":\"http:\/\/just-now.news\/de\/wp-content\/uploads\/sites\/3\/2022\/04\/logo500x500.jpg\",\"width\":500,\"height\":500,\"caption\":\"Just Now News\"},\"image\":{\"@id\":\"https:\/\/now-news.de\/de\/#\/schema\/logo\/image\/\"},\"sameAs\":[\"https:\/\/www.facebook.com\/wirmachenauf\",\"https:\/\/x.com\/WirMachenAuf_de\"]},{\"@type\":\"Person\",\"@id\":\"https:\/\/now-news.de\/de\/#\/schema\/person\/fb534a4e865501d8b3285208df34a9b5\",\"name\":\"rtnews\",\"image\":{\"@type\":\"ImageObject\",\"inLanguage\":\"de\",\"@id\":\"https:\/\/now-news.de\/de\/#\/schema\/person\/image\/\",\"url\":\"https:\/\/secure.gravatar.com\/avatar\/82aafea7d8127119dd649515f56e2117?s=96&d=mm&r=g\",\"contentUrl\":\"https:\/\/secure.gravatar.com\/avatar\/82aafea7d8127119dd649515f56e2117?s=96&d=mm&r=g\",\"caption\":\"rtnews\"},\"url\":\"https:\/\/now-news.de\/de\/author\/rnews\/\"}]}<\/script>\n<!-- \/ Yoast SEO Premium plugin. -->","yoast_head_json":{"title":"Chemnitz: Gr\u00fcne Stadtr\u00e4tin will Auftritt des Kabarettisten Uwe Steimle verhindern - just-now.NEWS Deutschland","robots":{"index":"index","follow":"follow","max-snippet":"max-snippet:-1","max-image-preview":"max-image-preview:large","max-video-preview":"max-video-preview:-1"},"canonical":"https:\/\/now-news.de\/de\/deutschland\/chemnitz-gruene-stadtraetin-will-auftritt-des-kabarettisten-uwe-steimle-verhindern\/","og_locale":"de_DE","og_type":"article","og_title":"Chemnitz: Gr\u00fcne Stadtr\u00e4tin will Auftritt des Kabarettisten Uwe Steimle verhindern","og_description":"Der Kabarettist Uwe Steimle plant f\u00fcr den 15. Februar einen Auftritt in Chemnitz. Eine gr\u00fcne Lokalpolitikerin empfiehlt dem veranstaltenden Kraftwerk e.V. eine Absage. Steimle falle regelm\u00e4\u00dfig mit antisemitischen \u00c4u\u00dferungen auf. Pikant: Einladende ist die Ehefrau des Chemnitzer Juden Uwe Dziuballa, Inhaber des Restaurants &#8220;Shalom&#8221;. F\u00fcr den 15. Februar steht nach bisheriger Planung weiterhin im Veranstaltungskalender [&hellip;]","og_url":"https:\/\/now-news.de\/de\/deutschland\/chemnitz-gruene-stadtraetin-will-auftritt-des-kabarettisten-uwe-steimle-verhindern\/","og_site_name":"just-now.NEWS Deutschland","article_publisher":"https:\/\/www.facebook.com\/wirmachenauf","article_published_time":"2023-02-07T10:54:51+00:00","og_image":[{"width":460,"height":259,"url":"https:\/\/now-news.de\/de\/wp-content\/uploads\/sites\/3\/2023\/02\/Chemnitz-Gruene-Stadtraetin-will-Auftritt-des-Kabarettisten-Uwe-Steimle-verhindern.jpg","type":"image\/jpeg"}],"author":"rtnews","twitter_card":"summary_large_image","twitter_creator":"@WirMachenAuf_de","twitter_site":"@WirMachenAuf_de","twitter_misc":{"Verfasst von":"rtnews","Gesch\u00e4tzte Lesezeit":"2\u00a0Minuten"},"schema":{"@context":"https:\/\/schema.org","@graph":[{"@type":"Article","@id":"https:\/\/now-news.de\/de\/deutschland\/chemnitz-gruene-stadtraetin-will-auftritt-des-kabarettisten-uwe-steimle-verhindern\/#article","isPartOf":{"@id":"https:\/\/now-news.de\/de\/deutschland\/chemnitz-gruene-stadtraetin-will-auftritt-des-kabarettisten-uwe-steimle-verhindern\/"},"author":{"name":"rtnews","@id":"https:\/\/now-news.de\/de\/#\/schema\/person\/fb534a4e865501d8b3285208df34a9b5"},"headline":"Chemnitz: Gr\u00fcne Stadtr\u00e4tin will Auftritt des Kabarettisten Uwe Steimle verhindern","datePublished":"2023-02-07T10:54:51+00:00","dateModified":"2023-02-07T10:54:51+00:00","mainEntityOfPage":{"@id":"https:\/\/now-news.de\/de\/deutschland\/chemnitz-gruene-stadtraetin-will-auftritt-des-kabarettisten-uwe-steimle-verhindern\/"},"wordCount":481,"commentCount":0,"publisher":{"@id":"https:\/\/now-news.de\/de\/#organization"},"image":{"@id":"https:\/\/now-news.de\/de\/deutschland\/chemnitz-gruene-stadtraetin-will-auftritt-des-kabarettisten-uwe-steimle-verhindern\/#primaryimage"},"thumbnailUrl":"https:\/\/now-news.de\/de\/wp-content\/uploads\/sites\/3\/2023\/02\/Chemnitz-Gruene-Stadtraetin-will-Auftritt-des-Kabarettisten-Uwe-Steimle-verhindern.jpg","keywords":["Auftritt","Chemnitz","des","Gr\u00fcne","Kabarettisten","Stadtr\u00e4tin","Steimle","Uwe","verhindern"],"articleSection":["Deutschland","Russland"],"inLanguage":"de","potentialAction":[{"@type":"CommentAction","name":"Comment","target":["https:\/\/now-news.de\/de\/deutschland\/chemnitz-gruene-stadtraetin-will-auftritt-des-kabarettisten-uwe-steimle-verhindern\/#respond"]}]},{"@type":"WebPage","@id":"https:\/\/now-news.de\/de\/deutschland\/chemnitz-gruene-stadtraetin-will-auftritt-des-kabarettisten-uwe-steimle-verhindern\/","url":"https:\/\/now-news.de\/de\/deutschland\/chemnitz-gruene-stadtraetin-will-auftritt-des-kabarettisten-uwe-steimle-verhindern\/","name":"Chemnitz: Gr\u00fcne Stadtr\u00e4tin will Auftritt des Kabarettisten Uwe Steimle verhindern - just-now.NEWS Deutschland","isPartOf":{"@id":"https:\/\/now-news.de\/de\/#website"},"primaryImageOfPage":{"@id":"https:\/\/now-news.de\/de\/deutschland\/chemnitz-gruene-stadtraetin-will-auftritt-des-kabarettisten-uwe-steimle-verhindern\/#primaryimage"},"image":{"@id":"https:\/\/now-news.de\/de\/deutschland\/chemnitz-gruene-stadtraetin-will-auftritt-des-kabarettisten-uwe-steimle-verhindern\/#primaryimage"},"thumbnailUrl":"https:\/\/now-news.de\/de\/wp-content\/uploads\/sites\/3\/2023\/02\/Chemnitz-Gruene-Stadtraetin-will-Auftritt-des-Kabarettisten-Uwe-Steimle-verhindern.jpg","datePublished":"2023-02-07T10:54:51+00:00","dateModified":"2023-02-07T10:54:51+00:00","breadcrumb":{"@id":"https:\/\/now-news.de\/de\/deutschland\/chemnitz-gruene-stadtraetin-will-auftritt-des-kabarettisten-uwe-steimle-verhindern\/#breadcrumb"},"inLanguage":"de","potentialAction":[{"@type":"ReadAction","target":["https:\/\/now-news.de\/de\/deutschland\/chemnitz-gruene-stadtraetin-will-auftritt-des-kabarettisten-uwe-steimle-verhindern\/"]}]},{"@type":"ImageObject","inLanguage":"de","@id":"https:\/\/now-news.de\/de\/deutschland\/chemnitz-gruene-stadtraetin-will-auftritt-des-kabarettisten-uwe-steimle-verhindern\/#primaryimage","url":"https:\/\/now-news.de\/de\/wp-content\/uploads\/sites\/3\/2023\/02\/Chemnitz-Gruene-Stadtraetin-will-Auftritt-des-Kabarettisten-Uwe-Steimle-verhindern.jpg","contentUrl":"https:\/\/now-news.de\/de\/wp-content\/uploads\/sites\/3\/2023\/02\/Chemnitz-Gruene-Stadtraetin-will-Auftritt-des-Kabarettisten-Uwe-Steimle-verhindern.jpg","width":460,"height":259,"caption":"Chemnitz: Gr\u00fcne Stadtr\u00e4tin will Auftritt des Kabarettisten Uwe Steimle verhindern"},{"@type":"BreadcrumbList","@id":"https:\/\/now-news.de\/de\/deutschland\/chemnitz-gruene-stadtraetin-will-auftritt-des-kabarettisten-uwe-steimle-verhindern\/#breadcrumb","itemListElement":[{"@type":"ListItem","position":1,"name":"Home","item":"https:\/\/now-news.de\/de\/"},{"@type":"ListItem","position":2,"name":"Chemnitz: Gr\u00fcne Stadtr\u00e4tin will Auftritt des Kabarettisten Uwe Steimle verhindern"}]},{"@type":"WebSite","@id":"https:\/\/now-news.de\/de\/#website","url":"https:\/\/now-news.de\/de\/","name":"just-now.NEWS Deutschland","description":"Das Portal f\u00fcr unzensierte Nachrichten aus der Welt","publisher":{"@id":"https:\/\/now-news.de\/de\/#organization"},"potentialAction":[{"@type":"SearchAction","target":{"@type":"EntryPoint","urlTemplate":"https:\/\/now-news.de\/de\/?s={search_term_string}"},"query-input":"required name=search_term_string"}],"inLanguage":"de"},{"@type":"Organization","@id":"https:\/\/now-news.de\/de\/#organization","name":"Just Now News","url":"https:\/\/now-news.de\/de\/","logo":{"@type":"ImageObject","inLanguage":"de","@id":"https:\/\/now-news.de\/de\/#\/schema\/logo\/image\/","url":"http:\/\/just-now.news\/de\/wp-content\/uploads\/sites\/3\/2022\/04\/logo500x500.jpg","contentUrl":"http:\/\/just-now.news\/de\/wp-content\/uploads\/sites\/3\/2022\/04\/logo500x500.jpg","width":500,"height":500,"caption":"Just Now News"},"image":{"@id":"https:\/\/now-news.de\/de\/#\/schema\/logo\/image\/"},"sameAs":["https:\/\/www.facebook.com\/wirmachenauf","https:\/\/x.com\/WirMachenAuf_de"]},{"@type":"Person","@id":"https:\/\/now-news.de\/de\/#\/schema\/person\/fb534a4e865501d8b3285208df34a9b5","name":"rtnews","image":{"@type":"ImageObject","inLanguage":"de","@id":"https:\/\/now-news.de\/de\/#\/schema\/person\/image\/","url":"https:\/\/secure.gravatar.com\/avatar\/82aafea7d8127119dd649515f56e2117?s=96&d=mm&r=g","contentUrl":"https:\/\/secure.gravatar.com\/avatar\/82aafea7d8127119dd649515f56e2117?s=96&d=mm&r=g","caption":"rtnews"},"url":"https:\/\/now-news.de\/de\/author\/rnews\/"}]}},"_links":{"self":[{"href":"https:\/\/now-news.de\/de\/wp-json\/wp\/v2\/posts\/29719"}],"collection":[{"href":"https:\/\/now-news.de\/de\/wp-json\/wp\/v2\/posts"}],"about":[{"href":"https:\/\/now-news.de\/de\/wp-json\/wp\/v2\/types\/post"}],"author":[{"embeddable":true,"href":"https:\/\/now-news.de\/de\/wp-json\/wp\/v2\/users\/3"}],"replies":[{"embeddable":true,"href":"https:\/\/now-news.de\/de\/wp-json\/wp\/v2\/comments?post=29719"}],"version-history":[{"count":0,"href":"https:\/\/now-news.de\/de\/wp-json\/wp\/v2\/posts\/29719\/revisions"}],"wp:featuredmedia":[{"embeddable":true,"href":"https:\/\/now-news.de\/de\/wp-json\/wp\/v2\/media\/29720"}],"wp:attachment":[{"href":"https:\/\/now-news.de\/de\/wp-json\/wp\/v2\/media?parent=29719"}],"wp:term":[{"taxonomy":"category","embeddable":true,"href":"https:\/\/now-news.de\/de\/wp-json\/wp\/v2\/categories?post=29719"},{"taxonomy":"post_tag","embeddable":true,"href":"https:\/\/now-news.de\/de\/wp-json\/wp\/v2\/tags?post=29719"}],"curies":[{"name":"wp","href":"https:\/\/api.w.org\/{rel}","templated":true}]}}