{"id":29710,"date":"2023-02-07T13:28:11","date_gmt":"2023-02-07T11:28:11","guid":{"rendered":"https:\/\/just-now.news\/de\/deutschland\/dvr-ukrainische-truppen-erschiessen-polnische-soeldner-in-ugledar\/"},"modified":"2023-02-07T13:28:11","modified_gmt":"2023-02-07T11:28:11","slug":"dvr-ukrainische-truppen-erschiessen-polnische-soeldner-in-ugledar","status":"publish","type":"post","link":"https:\/\/now-news.de\/de\/deutschland\/dvr-ukrainische-truppen-erschiessen-polnische-soeldner-in-ugledar\/","title":{"rendered":"DVR: Ukrainische Truppen erschie\u00dfen polnische S\u00f6ldner in Ugledar"},"content":{"rendered":"<p><img decoding=\"async\" src=\"http:\/\/just-now.news\/de\/wp-content\/uploads\/sites\/3\/2023\/02\/63e22c78b480cc61242c23e8.jpg\" \/><\/p>\n<div class=\"Text-root Text-type_1 \">\n                Jan Gagin, Berater des amtierenden Chefs der Donezker Volksrepublik, berichtet \u00fcber zunehmende Konfrontationen zwischen ukrainischen und polnischen Einheiten. In Ugledar soll es sogar m\u00f6glicherweise zu Erschie\u00dfungen polnischer S\u00f6ldner durch ukrainische Soldaten gekommen sein.\n            <\/div>\n<p><\/p>\n<div class=\"Text-root Text-type_5 ArticleView-text ViewText-root \">\n<p>Ukrainische Truppen sollen in Ugledar eine Gruppe polnischer S\u00f6ldner erschossen haben. Dies berichtet Jan Gagin, ein Milit\u00e4rexperte und Berater des amtierenden Chefs der Donezker Volksrepublik (DVR). Die Nachrichtenagentur <em>TASS<\/em>\u00a0<a rel=\"nofollow noopener\" target=\"_blank\" href=\"https:\/\/tass.ru\/politika\/16979395\">zitiert<\/a> ihn w\u00f6rtlich:<\/p>\n<blockquote>\n<p><em>&#8220;Nach unseren Angaben haben ukrainische Einheiten in der Nacht von Sonntag auf Montag in Ugledar eine Gruppe ausl\u00e4ndischer Soldaten, vermutlich Polen, erschossen. Die Konfrontationen zwischen ukrainischen und polnischen Einheiten haben in den vergangenen Wochen zugenommen. Dies geht aus nachrichtendienstlichen Daten hervor, einschlie\u00dflich abgefangener Funkspr\u00fcche.&#8221;<\/em><\/p>\n<\/blockquote>\n<p>Gagin f\u00fcgte hinzu, dass mehrere Kriegsgefangene, die in den vergangenen Tagen nahe Ugledar festgehalten wurden, ebenfalls von schweren Konflikten zwischen polnischen S\u00f6ldnern und ukrainischen Soldaten berichteten.<\/p>\n<p>Im Januar wurde berichtet, dass die Ordnungskr\u00e4fte der Donezker Volksrepublik Funkgespr\u00e4che zwischen ukrainischen Soldaten und polnischen S\u00f6ldnern in Richtung Gorlowka abgefangen hatten.<\/p>\n<p>Bereits im November 2022 wies Andrei Marotschko, Oberstleutnant der Lugansker Volksmiliz a.D., darauf hin, dass die Meinungsverschiedenheiten zwischen dem ukrainischen Milit\u00e4r und polnischen S\u00f6ldnern zunehmen, was manchmal in K\u00e4mpfen und sogar Schie\u00dfereien eskaliert.<\/p>\n<p><strong>Mehr zum Thema<\/strong> &#8211; <a rel=\"nofollow noopener\" target=\"_blank\" href=\"https:\/\/test.rtde.tech\/europa\/161995-wagner-chef-prigoschin-heftige-kaempfe\/\">Wagner-Chef Prigoschin: Heftige K\u00e4mpfe um jedes Haus und jede Stra\u00dfe in Artjomowsk<\/a><\/p>\n<\/div>\n<p><br \/>\n<br \/><a href=\"https:\/\/de.rt.com\/international\/162180-dvr-ukrainische-truppen-erschiessen-polnische\/\">Source link <\/a><\/p>\n","protected":false},"excerpt":{"rendered":"<p>Jan Gagin, Berater des amtierenden Chefs der Donezker Volksrepublik, berichtet \u00fcber zunehmende Konfrontationen zwischen ukrainischen und polnischen Einheiten. In Ugledar soll es sogar m\u00f6glicherweise zu Erschie\u00dfungen polnischer S\u00f6ldner durch ukrainische Soldaten gekommen sein. Ukrainische Truppen sollen in Ugledar eine Gruppe polnischer S\u00f6ldner erschossen haben. Dies berichtet Jan Gagin, ein Milit\u00e4rexperte und Berater des amtierenden Chefs [&hellip;]<\/p>\n","protected":false},"author":3,"featured_media":29711,"comment_status":"open","ping_status":"open","sticky":false,"template":"","format":"standard","meta":{"_yoast_indexnow_last_ping":["1675770113"],"wp_automatic_camp":["217"],"6ec5227ce026ba330c63582f749d25b0":["DVR: Ukrainische Truppen erschie\u00dfen polnische S\u00f6ldner in Ugledar"],"original_link":["https:\/\/de.rt.com\/international\/162180-dvr-ukrainische-truppen-erschiessen-polnische\/"],"_thumbnail_id":["29711"],"jnews_social_counter_last_update":["1777261545"],"_wptgpro_p2tg_sent2tg":["a:1:{i:23737;s:19:\"2023-02-07 13:42:54\";}"]},"categories":[19,23],"tags":[23802,4984,32076,1086,3574,35742,905],"yoast_head":"<!-- This site is optimized with the Yoast SEO Premium plugin v22.7 (Yoast SEO v22.7) - https:\/\/yoast.com\/wordpress\/plugins\/seo\/ -->\n<title>DVR: Ukrainische Truppen erschie\u00dfen polnische S\u00f6ldner in Ugledar - just-now.NEWS Deutschland<\/title>\n<meta name=\"robots\" content=\"index, follow, max-snippet:-1, max-image-preview:large, max-video-preview:-1\" \/>\n<link rel=\"canonical\" href=\"https:\/\/now-news.de\/de\/deutschland\/dvr-ukrainische-truppen-erschiessen-polnische-soeldner-in-ugledar\/\" \/>\n<meta property=\"og:locale\" content=\"de_DE\" \/>\n<meta property=\"og:type\" content=\"article\" \/>\n<meta property=\"og:title\" content=\"DVR: Ukrainische Truppen erschie\u00dfen polnische S\u00f6ldner in Ugledar\" \/>\n<meta property=\"og:description\" content=\"Jan Gagin, Berater des amtierenden Chefs der Donezker Volksrepublik, berichtet \u00fcber zunehmende Konfrontationen zwischen ukrainischen und polnischen Einheiten. In Ugledar soll es sogar m\u00f6glicherweise zu Erschie\u00dfungen polnischer S\u00f6ldner durch ukrainische Soldaten gekommen sein. Ukrainische Truppen sollen in Ugledar eine Gruppe polnischer S\u00f6ldner erschossen haben. Dies berichtet Jan Gagin, ein Milit\u00e4rexperte und Berater des amtierenden Chefs [&hellip;]\" \/>\n<meta property=\"og:url\" content=\"https:\/\/now-news.de\/de\/deutschland\/dvr-ukrainische-truppen-erschiessen-polnische-soeldner-in-ugledar\/\" \/>\n<meta property=\"og:site_name\" content=\"just-now.NEWS Deutschland\" \/>\n<meta property=\"article:publisher\" content=\"https:\/\/www.facebook.com\/wirmachenauf\" \/>\n<meta property=\"article:published_time\" content=\"2023-02-07T11:28:11+00:00\" \/>\n<meta property=\"og:image\" content=\"https:\/\/now-news.de\/de\/wp-content\/uploads\/sites\/3\/2023\/02\/DVR-Ukrainische-Truppen-erschiessen-polnische-Soeldner-in-Ugledar.jpg\" \/>\n\t<meta property=\"og:image:width\" content=\"460\" \/>\n\t<meta property=\"og:image:height\" content=\"259\" \/>\n\t<meta property=\"og:image:type\" content=\"image\/jpeg\" \/>\n<meta name=\"author\" content=\"rtnews\" \/>\n<meta name=\"twitter:card\" content=\"summary_large_image\" \/>\n<meta name=\"twitter:creator\" content=\"@WirMachenAuf_de\" \/>\n<meta name=\"twitter:site\" content=\"@WirMachenAuf_de\" \/>\n<meta name=\"twitter:label1\" content=\"Verfasst von\" \/>\n\t<meta name=\"twitter:data1\" content=\"rtnews\" \/>\n\t<meta name=\"twitter:label2\" content=\"Gesch\u00e4tzte Lesezeit\" \/>\n\t<meta name=\"twitter:data2\" content=\"1\u00a0Minute\" \/>\n<script type=\"application\/ld+json\" class=\"yoast-schema-graph\">{\"@context\":\"https:\/\/schema.org\",\"@graph\":[{\"@type\":\"Article\",\"@id\":\"https:\/\/now-news.de\/de\/deutschland\/dvr-ukrainische-truppen-erschiessen-polnische-soeldner-in-ugledar\/#article\",\"isPartOf\":{\"@id\":\"https:\/\/now-news.de\/de\/deutschland\/dvr-ukrainische-truppen-erschiessen-polnische-soeldner-in-ugledar\/\"},\"author\":{\"name\":\"rtnews\",\"@id\":\"https:\/\/now-news.de\/de\/#\/schema\/person\/fb534a4e865501d8b3285208df34a9b5\"},\"headline\":\"DVR: Ukrainische Truppen erschie\u00dfen polnische S\u00f6ldner in Ugledar\",\"datePublished\":\"2023-02-07T11:28:11+00:00\",\"dateModified\":\"2023-02-07T11:28:11+00:00\",\"mainEntityOfPage\":{\"@id\":\"https:\/\/now-news.de\/de\/deutschland\/dvr-ukrainische-truppen-erschiessen-polnische-soeldner-in-ugledar\/\"},\"wordCount\":239,\"commentCount\":0,\"publisher\":{\"@id\":\"https:\/\/now-news.de\/de\/#organization\"},\"image\":{\"@id\":\"https:\/\/now-news.de\/de\/deutschland\/dvr-ukrainische-truppen-erschiessen-polnische-soeldner-in-ugledar\/#primaryimage\"},\"thumbnailUrl\":\"https:\/\/now-news.de\/de\/wp-content\/uploads\/sites\/3\/2023\/02\/DVR-Ukrainische-Truppen-erschiessen-polnische-Soeldner-in-Ugledar.jpg\",\"keywords\":[\"DVR\",\"erschie\u00dfen\",\"Polnische\",\"S\u00f6ldner\",\"Truppen\",\"Ugledar\",\"Ukrainische\"],\"articleSection\":[\"Deutschland\",\"Russland\"],\"inLanguage\":\"de\",\"potentialAction\":[{\"@type\":\"CommentAction\",\"name\":\"Comment\",\"target\":[\"https:\/\/now-news.de\/de\/deutschland\/dvr-ukrainische-truppen-erschiessen-polnische-soeldner-in-ugledar\/#respond\"]}]},{\"@type\":\"WebPage\",\"@id\":\"https:\/\/now-news.de\/de\/deutschland\/dvr-ukrainische-truppen-erschiessen-polnische-soeldner-in-ugledar\/\",\"url\":\"https:\/\/now-news.de\/de\/deutschland\/dvr-ukrainische-truppen-erschiessen-polnische-soeldner-in-ugledar\/\",\"name\":\"DVR: Ukrainische Truppen erschie\u00dfen polnische S\u00f6ldner in Ugledar - just-now.NEWS Deutschland\",\"isPartOf\":{\"@id\":\"https:\/\/now-news.de\/de\/#website\"},\"primaryImageOfPage\":{\"@id\":\"https:\/\/now-news.de\/de\/deutschland\/dvr-ukrainische-truppen-erschiessen-polnische-soeldner-in-ugledar\/#primaryimage\"},\"image\":{\"@id\":\"https:\/\/now-news.de\/de\/deutschland\/dvr-ukrainische-truppen-erschiessen-polnische-soeldner-in-ugledar\/#primaryimage\"},\"thumbnailUrl\":\"https:\/\/now-news.de\/de\/wp-content\/uploads\/sites\/3\/2023\/02\/DVR-Ukrainische-Truppen-erschiessen-polnische-Soeldner-in-Ugledar.jpg\",\"datePublished\":\"2023-02-07T11:28:11+00:00\",\"dateModified\":\"2023-02-07T11:28:11+00:00\",\"breadcrumb\":{\"@id\":\"https:\/\/now-news.de\/de\/deutschland\/dvr-ukrainische-truppen-erschiessen-polnische-soeldner-in-ugledar\/#breadcrumb\"},\"inLanguage\":\"de\",\"potentialAction\":[{\"@type\":\"ReadAction\",\"target\":[\"https:\/\/now-news.de\/de\/deutschland\/dvr-ukrainische-truppen-erschiessen-polnische-soeldner-in-ugledar\/\"]}]},{\"@type\":\"ImageObject\",\"inLanguage\":\"de\",\"@id\":\"https:\/\/now-news.de\/de\/deutschland\/dvr-ukrainische-truppen-erschiessen-polnische-soeldner-in-ugledar\/#primaryimage\",\"url\":\"https:\/\/now-news.de\/de\/wp-content\/uploads\/sites\/3\/2023\/02\/DVR-Ukrainische-Truppen-erschiessen-polnische-Soeldner-in-Ugledar.jpg\",\"contentUrl\":\"https:\/\/now-news.de\/de\/wp-content\/uploads\/sites\/3\/2023\/02\/DVR-Ukrainische-Truppen-erschiessen-polnische-Soeldner-in-Ugledar.jpg\",\"width\":460,\"height\":259,\"caption\":\"DVR: Ukrainische Truppen erschie\u00dfen polnische S\u00f6ldner in Ugledar\"},{\"@type\":\"BreadcrumbList\",\"@id\":\"https:\/\/now-news.de\/de\/deutschland\/dvr-ukrainische-truppen-erschiessen-polnische-soeldner-in-ugledar\/#breadcrumb\",\"itemListElement\":[{\"@type\":\"ListItem\",\"position\":1,\"name\":\"Home\",\"item\":\"https:\/\/now-news.de\/de\/\"},{\"@type\":\"ListItem\",\"position\":2,\"name\":\"DVR: Ukrainische Truppen erschie\u00dfen polnische S\u00f6ldner in Ugledar\"}]},{\"@type\":\"WebSite\",\"@id\":\"https:\/\/now-news.de\/de\/#website\",\"url\":\"https:\/\/now-news.de\/de\/\",\"name\":\"just-now.NEWS Deutschland\",\"description\":\"Das Portal f\u00fcr unzensierte Nachrichten aus der Welt\",\"publisher\":{\"@id\":\"https:\/\/now-news.de\/de\/#organization\"},\"potentialAction\":[{\"@type\":\"SearchAction\",\"target\":{\"@type\":\"EntryPoint\",\"urlTemplate\":\"https:\/\/now-news.de\/de\/?s={search_term_string}\"},\"query-input\":\"required name=search_term_string\"}],\"inLanguage\":\"de\"},{\"@type\":\"Organization\",\"@id\":\"https:\/\/now-news.de\/de\/#organization\",\"name\":\"Just Now News\",\"url\":\"https:\/\/now-news.de\/de\/\",\"logo\":{\"@type\":\"ImageObject\",\"inLanguage\":\"de\",\"@id\":\"https:\/\/now-news.de\/de\/#\/schema\/logo\/image\/\",\"url\":\"http:\/\/just-now.news\/de\/wp-content\/uploads\/sites\/3\/2022\/04\/logo500x500.jpg\",\"contentUrl\":\"http:\/\/just-now.news\/de\/wp-content\/uploads\/sites\/3\/2022\/04\/logo500x500.jpg\",\"width\":500,\"height\":500,\"caption\":\"Just Now News\"},\"image\":{\"@id\":\"https:\/\/now-news.de\/de\/#\/schema\/logo\/image\/\"},\"sameAs\":[\"https:\/\/www.facebook.com\/wirmachenauf\",\"https:\/\/x.com\/WirMachenAuf_de\"]},{\"@type\":\"Person\",\"@id\":\"https:\/\/now-news.de\/de\/#\/schema\/person\/fb534a4e865501d8b3285208df34a9b5\",\"name\":\"rtnews\",\"image\":{\"@type\":\"ImageObject\",\"inLanguage\":\"de\",\"@id\":\"https:\/\/now-news.de\/de\/#\/schema\/person\/image\/\",\"url\":\"https:\/\/secure.gravatar.com\/avatar\/82aafea7d8127119dd649515f56e2117?s=96&d=mm&r=g\",\"contentUrl\":\"https:\/\/secure.gravatar.com\/avatar\/82aafea7d8127119dd649515f56e2117?s=96&d=mm&r=g\",\"caption\":\"rtnews\"},\"url\":\"https:\/\/now-news.de\/de\/author\/rnews\/\"}]}<\/script>\n<!-- \/ Yoast SEO Premium plugin. -->","yoast_head_json":{"title":"DVR: Ukrainische Truppen erschie\u00dfen polnische S\u00f6ldner in Ugledar - just-now.NEWS Deutschland","robots":{"index":"index","follow":"follow","max-snippet":"max-snippet:-1","max-image-preview":"max-image-preview:large","max-video-preview":"max-video-preview:-1"},"canonical":"https:\/\/now-news.de\/de\/deutschland\/dvr-ukrainische-truppen-erschiessen-polnische-soeldner-in-ugledar\/","og_locale":"de_DE","og_type":"article","og_title":"DVR: Ukrainische Truppen erschie\u00dfen polnische S\u00f6ldner in Ugledar","og_description":"Jan Gagin, Berater des amtierenden Chefs der Donezker Volksrepublik, berichtet \u00fcber zunehmende Konfrontationen zwischen ukrainischen und polnischen Einheiten. In Ugledar soll es sogar m\u00f6glicherweise zu Erschie\u00dfungen polnischer S\u00f6ldner durch ukrainische Soldaten gekommen sein. Ukrainische Truppen sollen in Ugledar eine Gruppe polnischer S\u00f6ldner erschossen haben. Dies berichtet Jan Gagin, ein Milit\u00e4rexperte und Berater des amtierenden Chefs [&hellip;]","og_url":"https:\/\/now-news.de\/de\/deutschland\/dvr-ukrainische-truppen-erschiessen-polnische-soeldner-in-ugledar\/","og_site_name":"just-now.NEWS Deutschland","article_publisher":"https:\/\/www.facebook.com\/wirmachenauf","article_published_time":"2023-02-07T11:28:11+00:00","og_image":[{"width":460,"height":259,"url":"https:\/\/now-news.de\/de\/wp-content\/uploads\/sites\/3\/2023\/02\/DVR-Ukrainische-Truppen-erschiessen-polnische-Soeldner-in-Ugledar.jpg","type":"image\/jpeg"}],"author":"rtnews","twitter_card":"summary_large_image","twitter_creator":"@WirMachenAuf_de","twitter_site":"@WirMachenAuf_de","twitter_misc":{"Verfasst von":"rtnews","Gesch\u00e4tzte Lesezeit":"1\u00a0Minute"},"schema":{"@context":"https:\/\/schema.org","@graph":[{"@type":"Article","@id":"https:\/\/now-news.de\/de\/deutschland\/dvr-ukrainische-truppen-erschiessen-polnische-soeldner-in-ugledar\/#article","isPartOf":{"@id":"https:\/\/now-news.de\/de\/deutschland\/dvr-ukrainische-truppen-erschiessen-polnische-soeldner-in-ugledar\/"},"author":{"name":"rtnews","@id":"https:\/\/now-news.de\/de\/#\/schema\/person\/fb534a4e865501d8b3285208df34a9b5"},"headline":"DVR: Ukrainische Truppen erschie\u00dfen polnische S\u00f6ldner in Ugledar","datePublished":"2023-02-07T11:28:11+00:00","dateModified":"2023-02-07T11:28:11+00:00","mainEntityOfPage":{"@id":"https:\/\/now-news.de\/de\/deutschland\/dvr-ukrainische-truppen-erschiessen-polnische-soeldner-in-ugledar\/"},"wordCount":239,"commentCount":0,"publisher":{"@id":"https:\/\/now-news.de\/de\/#organization"},"image":{"@id":"https:\/\/now-news.de\/de\/deutschland\/dvr-ukrainische-truppen-erschiessen-polnische-soeldner-in-ugledar\/#primaryimage"},"thumbnailUrl":"https:\/\/now-news.de\/de\/wp-content\/uploads\/sites\/3\/2023\/02\/DVR-Ukrainische-Truppen-erschiessen-polnische-Soeldner-in-Ugledar.jpg","keywords":["DVR","erschie\u00dfen","Polnische","S\u00f6ldner","Truppen","Ugledar","Ukrainische"],"articleSection":["Deutschland","Russland"],"inLanguage":"de","potentialAction":[{"@type":"CommentAction","name":"Comment","target":["https:\/\/now-news.de\/de\/deutschland\/dvr-ukrainische-truppen-erschiessen-polnische-soeldner-in-ugledar\/#respond"]}]},{"@type":"WebPage","@id":"https:\/\/now-news.de\/de\/deutschland\/dvr-ukrainische-truppen-erschiessen-polnische-soeldner-in-ugledar\/","url":"https:\/\/now-news.de\/de\/deutschland\/dvr-ukrainische-truppen-erschiessen-polnische-soeldner-in-ugledar\/","name":"DVR: Ukrainische Truppen erschie\u00dfen polnische S\u00f6ldner in Ugledar - just-now.NEWS Deutschland","isPartOf":{"@id":"https:\/\/now-news.de\/de\/#website"},"primaryImageOfPage":{"@id":"https:\/\/now-news.de\/de\/deutschland\/dvr-ukrainische-truppen-erschiessen-polnische-soeldner-in-ugledar\/#primaryimage"},"image":{"@id":"https:\/\/now-news.de\/de\/deutschland\/dvr-ukrainische-truppen-erschiessen-polnische-soeldner-in-ugledar\/#primaryimage"},"thumbnailUrl":"https:\/\/now-news.de\/de\/wp-content\/uploads\/sites\/3\/2023\/02\/DVR-Ukrainische-Truppen-erschiessen-polnische-Soeldner-in-Ugledar.jpg","datePublished":"2023-02-07T11:28:11+00:00","dateModified":"2023-02-07T11:28:11+00:00","breadcrumb":{"@id":"https:\/\/now-news.de\/de\/deutschland\/dvr-ukrainische-truppen-erschiessen-polnische-soeldner-in-ugledar\/#breadcrumb"},"inLanguage":"de","potentialAction":[{"@type":"ReadAction","target":["https:\/\/now-news.de\/de\/deutschland\/dvr-ukrainische-truppen-erschiessen-polnische-soeldner-in-ugledar\/"]}]},{"@type":"ImageObject","inLanguage":"de","@id":"https:\/\/now-news.de\/de\/deutschland\/dvr-ukrainische-truppen-erschiessen-polnische-soeldner-in-ugledar\/#primaryimage","url":"https:\/\/now-news.de\/de\/wp-content\/uploads\/sites\/3\/2023\/02\/DVR-Ukrainische-Truppen-erschiessen-polnische-Soeldner-in-Ugledar.jpg","contentUrl":"https:\/\/now-news.de\/de\/wp-content\/uploads\/sites\/3\/2023\/02\/DVR-Ukrainische-Truppen-erschiessen-polnische-Soeldner-in-Ugledar.jpg","width":460,"height":259,"caption":"DVR: Ukrainische Truppen erschie\u00dfen polnische S\u00f6ldner in Ugledar"},{"@type":"BreadcrumbList","@id":"https:\/\/now-news.de\/de\/deutschland\/dvr-ukrainische-truppen-erschiessen-polnische-soeldner-in-ugledar\/#breadcrumb","itemListElement":[{"@type":"ListItem","position":1,"name":"Home","item":"https:\/\/now-news.de\/de\/"},{"@type":"ListItem","position":2,"name":"DVR: Ukrainische Truppen erschie\u00dfen polnische S\u00f6ldner in Ugledar"}]},{"@type":"WebSite","@id":"https:\/\/now-news.de\/de\/#website","url":"https:\/\/now-news.de\/de\/","name":"just-now.NEWS Deutschland","description":"Das Portal f\u00fcr unzensierte Nachrichten aus der Welt","publisher":{"@id":"https:\/\/now-news.de\/de\/#organization"},"potentialAction":[{"@type":"SearchAction","target":{"@type":"EntryPoint","urlTemplate":"https:\/\/now-news.de\/de\/?s={search_term_string}"},"query-input":"required name=search_term_string"}],"inLanguage":"de"},{"@type":"Organization","@id":"https:\/\/now-news.de\/de\/#organization","name":"Just Now News","url":"https:\/\/now-news.de\/de\/","logo":{"@type":"ImageObject","inLanguage":"de","@id":"https:\/\/now-news.de\/de\/#\/schema\/logo\/image\/","url":"http:\/\/just-now.news\/de\/wp-content\/uploads\/sites\/3\/2022\/04\/logo500x500.jpg","contentUrl":"http:\/\/just-now.news\/de\/wp-content\/uploads\/sites\/3\/2022\/04\/logo500x500.jpg","width":500,"height":500,"caption":"Just Now News"},"image":{"@id":"https:\/\/now-news.de\/de\/#\/schema\/logo\/image\/"},"sameAs":["https:\/\/www.facebook.com\/wirmachenauf","https:\/\/x.com\/WirMachenAuf_de"]},{"@type":"Person","@id":"https:\/\/now-news.de\/de\/#\/schema\/person\/fb534a4e865501d8b3285208df34a9b5","name":"rtnews","image":{"@type":"ImageObject","inLanguage":"de","@id":"https:\/\/now-news.de\/de\/#\/schema\/person\/image\/","url":"https:\/\/secure.gravatar.com\/avatar\/82aafea7d8127119dd649515f56e2117?s=96&d=mm&r=g","contentUrl":"https:\/\/secure.gravatar.com\/avatar\/82aafea7d8127119dd649515f56e2117?s=96&d=mm&r=g","caption":"rtnews"},"url":"https:\/\/now-news.de\/de\/author\/rnews\/"}]}},"_links":{"self":[{"href":"https:\/\/now-news.de\/de\/wp-json\/wp\/v2\/posts\/29710"}],"collection":[{"href":"https:\/\/now-news.de\/de\/wp-json\/wp\/v2\/posts"}],"about":[{"href":"https:\/\/now-news.de\/de\/wp-json\/wp\/v2\/types\/post"}],"author":[{"embeddable":true,"href":"https:\/\/now-news.de\/de\/wp-json\/wp\/v2\/users\/3"}],"replies":[{"embeddable":true,"href":"https:\/\/now-news.de\/de\/wp-json\/wp\/v2\/comments?post=29710"}],"version-history":[{"count":0,"href":"https:\/\/now-news.de\/de\/wp-json\/wp\/v2\/posts\/29710\/revisions"}],"wp:featuredmedia":[{"embeddable":true,"href":"https:\/\/now-news.de\/de\/wp-json\/wp\/v2\/media\/29711"}],"wp:attachment":[{"href":"https:\/\/now-news.de\/de\/wp-json\/wp\/v2\/media?parent=29710"}],"wp:term":[{"taxonomy":"category","embeddable":true,"href":"https:\/\/now-news.de\/de\/wp-json\/wp\/v2\/categories?post=29710"},{"taxonomy":"post_tag","embeddable":true,"href":"https:\/\/now-news.de\/de\/wp-json\/wp\/v2\/tags?post=29710"}],"curies":[{"name":"wp","href":"https:\/\/api.w.org\/{rel}","templated":true}]}}