{"id":29658,"date":"2023-02-06T23:49:06","date_gmt":"2023-02-06T21:49:06","guid":{"rendered":"https:\/\/just-now.news\/de\/deutschland\/auch-deutschland-von-weltweiter-cyberattacke-betroffen\/"},"modified":"2023-02-06T23:49:06","modified_gmt":"2023-02-06T21:49:06","slug":"auch-deutschland-von-weltweiter-cyberattacke-betroffen","status":"publish","type":"post","link":"https:\/\/now-news.de\/de\/deutschland\/auch-deutschland-von-weltweiter-cyberattacke-betroffen\/","title":{"rendered":"Auch Deutschland von weltweiter Cyberattacke betroffen"},"content":{"rendered":"<p><img decoding=\"async\" src=\"http:\/\/just-now.news\/de\/wp-content\/uploads\/sites\/3\/2023\/02\/63e12858b480cc7a0418deaf.jpg\" \/><\/p>\n<div class=\"Text-root Text-type_1 \">\n                Auch Deutschland wurde zum Ziel einer globalen Welle von Cyberangriffen. Laut dem Bundesamt f\u00fcr Sicherheit in der Informationstechnik k\u00f6nnten hunderte Firmen betroffen sein. Die Attacke mit einer Erpressungssoftware zielte auf eine Sicherheitsl\u00fccke, die eigentlich schon 2021 geschlossen wurde.\n            <\/div>\n<p><\/p>\n<div class=\"Text-root Text-type_5 ArticleView-text ViewText-root \">\n<p>Bei der gro\u00df angelegten globalen Cyberangriffswelle (<em>RT DE<\/em>\u00a0<a rel=\"nofollow noopener\" target=\"_blank\" href=\"https:\/\/test.rtde.tech\/europa\/162012-grossflaechiger-internetausfall-in-italien\/\">berichtete<\/a>) mit Erpressungssoftware sind auch Firmen und \u00f6ffentliche Einrichtungen in Deutschland gesch\u00e4digt worden. Das Bundesamt f\u00fcr Sicherheit in der Informationstechnik (BSI) teilte am Montag auf <em>dpa<\/em>-Anfrage mit:<\/p>\n<blockquote>\n<p><em>&#8220;Nach aktuellem Kenntnisstand scheint es in Deutschland eine mittlere dreistellige Zahl an Betroffenen zu geben.&#8221;<\/em><\/p>\n<\/blockquote>\n<p>Konkretere Aussagen zum Ausma\u00df der Sch\u00e4den seien derzeit noch nicht m\u00f6glich. Die italienische Cyber-Sicherheitsbeh\u00f6rde ACN hatte bereits am Sonntag vor der Angriffswelle gewarnt und dazu aufgefordert, dass Organisationen Ma\u00dfnahmen ergreifen sollten, um ihre Systeme zu sch\u00fctzen. Die Cyberattacken richten sich gegen Anwender einer speziellen Virtualisierungs-L\u00f6sung des Herstellers VMWare\u00a0\u2013 sogenannte ESXi-Server\u00a0\u2013 die einen physischen Server in mehrere virtuelle Maschinen aufteilt.<\/p>\n<p>Nach Angaben des BSI lag der regionale Schwerpunkt der Angriffe auf Frankreich, den USA, Deutschland und Kanada. Auch weitere L\u00e4nder seien betroffen. Im Rahmen\u00a0sogenannter Ransomware-Angriffe dringen die Angreifer in die Systeme ein, \u00fcbernehmen die Kontrolle und sperren die Opfer aus. Dabei werden in der Regel die Daten verschl\u00fcsselt und nur nach Zahlung eines L\u00f6segelds wieder zug\u00e4nglich gemacht.<\/p>\n<p>Die Sicherheitsl\u00fccke bei der VMWare-Software wurde nach Angaben des BSI bereits im Februar 2021 durch eine Aktualisierung des Programms geschlossen. Die Beh\u00f6rde habe zu dieser Zeit auch vor der Ausnutzung von Schwachstellen im entsprechenden Produkt gewarnt.<\/p>\n<p>R\u00fcdiger Trost, Head of Cyber Security Solutions der IT-Sicherheitsfirma WithSecure, sagte der <em>dpa<\/em>, weltweit seien etwa 84.000 Server mit der betroffenen Software installiert, in Deutschland etwa 7.000. Welche\u00a0dieser Server\u00a0noch verwundbar seien, lasse sich aber nicht sagen. Der Experte verwies ebenfalls darauf, dass die Sicherheitsl\u00fccke bereits vor geraumer Zeit entdeckt und geschlossen worden sei.<\/p>\n<blockquote>\n<p><em>&#8220;Wer jetzt noch Opfer wird, sollte seine Schutzma\u00dfnahmen \u00fcberpr\u00fcfen.&#8221;<\/em><\/p>\n<\/blockquote>\n<p>Eine Besonderheit sei, dass sich im aktuellen Fall der Angriff nicht gegen eine Windows-Software richte, sondern gegen eine L\u00f6sung, die auf dem Betriebssystem Linux l\u00e4uft.<\/p>\n<blockquote>\n<p><em>&#8220;Viele denken f\u00e4lschlicherweise, eine Linux-Ransomware gibt es nicht und verzichten auf entsprechende Schutzma\u00dfnahmen&#8221;, sagte Trost.<\/em><\/p>\n<\/blockquote>\n<p>(<em>rt<\/em>\/<em>dpa<\/em>)<\/p>\n<p><strong>Mehr zum Thema <\/strong>&#8211;<strong><\/strong><a rel=\"nofollow noopener\" target=\"_blank\" href=\"https:\/\/test.rtde.tech\/europa\/162012-grossflaechiger-internetausfall-in-italien\/\">Gro\u00dffl\u00e4chiger Internetausfall in Italien<\/a><\/p>\n<div class=\"EmbedBlock-root EmbedBlock-externalVideo EmbedBlock-odysee\">\n<div class=\"VkEmbed\"><iframe class=\"lazyload\" data-src=\"https:\/\/odysee.com\/%24\/embed\/%40RTDE%3Ae%2Fcybersicherheit-innenministerin-will-grundgesetz-aendern%3A6\" frameborder=\"0\" width=\"853\" height=\"480\" allowfullscreen><\/iframe><\/div>\n<\/div>\n<\/div>\n<p><br \/>\n<br \/><a href=\"https:\/\/de.rt.com\/international\/162118-auch-deutschland-von-weltweiter-cyberattacke\/\">Source link <\/a><\/p>\n","protected":false},"excerpt":{"rendered":"<p>Auch Deutschland wurde zum Ziel einer globalen Welle von Cyberangriffen. Laut dem Bundesamt f\u00fcr Sicherheit in der Informationstechnik k\u00f6nnten hunderte Firmen betroffen sein. Die Attacke mit einer Erpressungssoftware zielte auf eine Sicherheitsl\u00fccke, die eigentlich schon 2021 geschlossen wurde. Bei der gro\u00df angelegten globalen Cyberangriffswelle (RT DE\u00a0berichtete) mit Erpressungssoftware sind auch Firmen und \u00f6ffentliche Einrichtungen in [&hellip;]<\/p>\n","protected":false},"author":3,"featured_media":29659,"comment_status":"open","ping_status":"open","sticky":false,"template":"","format":"standard","meta":{"_yoast_indexnow_last_ping":["1675720867"],"wp_automatic_camp":["217"],"f9da982449f30f95c6873a79a182e4b3":["Auch Deutschland von weltweiter Cyberattacke betroffen"],"original_link":["https:\/\/de.rt.com\/international\/162118-auch-deutschland-von-weltweiter-cyberattacke\/"],"_thumbnail_id":["29659"],"_wptgpro_p2tg_sent2tg":["a:1:{i:23737;s:19:\"2023-02-07 00:02:09\";}"],"jnews_social_counter_last_update":["1777377582"]},"categories":[19,23],"tags":[1475,6137,40314,179,50,24275],"yoast_head":"<!-- This site is optimized with the Yoast SEO Premium plugin v22.7 (Yoast SEO v22.7) - https:\/\/yoast.com\/wordpress\/plugins\/seo\/ -->\n<title>Auch Deutschland von weltweiter Cyberattacke betroffen - just-now.NEWS Deutschland<\/title>\n<meta name=\"robots\" content=\"index, follow, max-snippet:-1, max-image-preview:large, max-video-preview:-1\" \/>\n<link rel=\"canonical\" href=\"https:\/\/now-news.de\/de\/deutschland\/auch-deutschland-von-weltweiter-cyberattacke-betroffen\/\" \/>\n<meta property=\"og:locale\" content=\"de_DE\" \/>\n<meta property=\"og:type\" content=\"article\" \/>\n<meta property=\"og:title\" content=\"Auch Deutschland von weltweiter Cyberattacke betroffen\" \/>\n<meta property=\"og:description\" content=\"Auch Deutschland wurde zum Ziel einer globalen Welle von Cyberangriffen. Laut dem Bundesamt f\u00fcr Sicherheit in der Informationstechnik k\u00f6nnten hunderte Firmen betroffen sein. Die Attacke mit einer Erpressungssoftware zielte auf eine Sicherheitsl\u00fccke, die eigentlich schon 2021 geschlossen wurde. Bei der gro\u00df angelegten globalen Cyberangriffswelle (RT DE\u00a0berichtete) mit Erpressungssoftware sind auch Firmen und \u00f6ffentliche Einrichtungen in [&hellip;]\" \/>\n<meta property=\"og:url\" content=\"https:\/\/now-news.de\/de\/deutschland\/auch-deutschland-von-weltweiter-cyberattacke-betroffen\/\" \/>\n<meta property=\"og:site_name\" content=\"just-now.NEWS Deutschland\" \/>\n<meta property=\"article:publisher\" content=\"https:\/\/www.facebook.com\/wirmachenauf\" \/>\n<meta property=\"article:published_time\" content=\"2023-02-06T21:49:06+00:00\" \/>\n<meta property=\"og:image\" content=\"https:\/\/now-news.de\/de\/wp-content\/uploads\/sites\/3\/2023\/02\/Auch-Deutschland-von-weltweiter-Cyberattacke-betroffen.jpg\" \/>\n\t<meta property=\"og:image:width\" content=\"460\" \/>\n\t<meta property=\"og:image:height\" content=\"259\" \/>\n\t<meta property=\"og:image:type\" content=\"image\/jpeg\" \/>\n<meta name=\"author\" content=\"rtnews\" \/>\n<meta name=\"twitter:card\" content=\"summary_large_image\" \/>\n<meta name=\"twitter:creator\" content=\"@WirMachenAuf_de\" \/>\n<meta name=\"twitter:site\" content=\"@WirMachenAuf_de\" \/>\n<meta name=\"twitter:label1\" content=\"Verfasst von\" \/>\n\t<meta name=\"twitter:data1\" content=\"rtnews\" \/>\n\t<meta name=\"twitter:label2\" content=\"Gesch\u00e4tzte Lesezeit\" \/>\n\t<meta name=\"twitter:data2\" content=\"2\u00a0Minuten\" \/>\n<script type=\"application\/ld+json\" class=\"yoast-schema-graph\">{\"@context\":\"https:\/\/schema.org\",\"@graph\":[{\"@type\":\"Article\",\"@id\":\"https:\/\/now-news.de\/de\/deutschland\/auch-deutschland-von-weltweiter-cyberattacke-betroffen\/#article\",\"isPartOf\":{\"@id\":\"https:\/\/now-news.de\/de\/deutschland\/auch-deutschland-von-weltweiter-cyberattacke-betroffen\/\"},\"author\":{\"name\":\"rtnews\",\"@id\":\"https:\/\/now-news.de\/de\/#\/schema\/person\/fb534a4e865501d8b3285208df34a9b5\"},\"headline\":\"Auch Deutschland von weltweiter Cyberattacke betroffen\",\"datePublished\":\"2023-02-06T21:49:06+00:00\",\"dateModified\":\"2023-02-06T21:49:06+00:00\",\"mainEntityOfPage\":{\"@id\":\"https:\/\/now-news.de\/de\/deutschland\/auch-deutschland-von-weltweiter-cyberattacke-betroffen\/\"},\"wordCount\":387,\"commentCount\":0,\"publisher\":{\"@id\":\"https:\/\/now-news.de\/de\/#organization\"},\"image\":{\"@id\":\"https:\/\/now-news.de\/de\/deutschland\/auch-deutschland-von-weltweiter-cyberattacke-betroffen\/#primaryimage\"},\"thumbnailUrl\":\"https:\/\/now-news.de\/de\/wp-content\/uploads\/sites\/3\/2023\/02\/Auch-Deutschland-von-weltweiter-Cyberattacke-betroffen.jpg\",\"keywords\":[\"auch\",\"betroffen\",\"Cyberattacke\",\"Deutschland\",\"von\",\"weltweiter\"],\"articleSection\":[\"Deutschland\",\"Russland\"],\"inLanguage\":\"de\",\"potentialAction\":[{\"@type\":\"CommentAction\",\"name\":\"Comment\",\"target\":[\"https:\/\/now-news.de\/de\/deutschland\/auch-deutschland-von-weltweiter-cyberattacke-betroffen\/#respond\"]}]},{\"@type\":\"WebPage\",\"@id\":\"https:\/\/now-news.de\/de\/deutschland\/auch-deutschland-von-weltweiter-cyberattacke-betroffen\/\",\"url\":\"https:\/\/now-news.de\/de\/deutschland\/auch-deutschland-von-weltweiter-cyberattacke-betroffen\/\",\"name\":\"Auch Deutschland von weltweiter Cyberattacke betroffen - just-now.NEWS Deutschland\",\"isPartOf\":{\"@id\":\"https:\/\/now-news.de\/de\/#website\"},\"primaryImageOfPage\":{\"@id\":\"https:\/\/now-news.de\/de\/deutschland\/auch-deutschland-von-weltweiter-cyberattacke-betroffen\/#primaryimage\"},\"image\":{\"@id\":\"https:\/\/now-news.de\/de\/deutschland\/auch-deutschland-von-weltweiter-cyberattacke-betroffen\/#primaryimage\"},\"thumbnailUrl\":\"https:\/\/now-news.de\/de\/wp-content\/uploads\/sites\/3\/2023\/02\/Auch-Deutschland-von-weltweiter-Cyberattacke-betroffen.jpg\",\"datePublished\":\"2023-02-06T21:49:06+00:00\",\"dateModified\":\"2023-02-06T21:49:06+00:00\",\"breadcrumb\":{\"@id\":\"https:\/\/now-news.de\/de\/deutschland\/auch-deutschland-von-weltweiter-cyberattacke-betroffen\/#breadcrumb\"},\"inLanguage\":\"de\",\"potentialAction\":[{\"@type\":\"ReadAction\",\"target\":[\"https:\/\/now-news.de\/de\/deutschland\/auch-deutschland-von-weltweiter-cyberattacke-betroffen\/\"]}]},{\"@type\":\"ImageObject\",\"inLanguage\":\"de\",\"@id\":\"https:\/\/now-news.de\/de\/deutschland\/auch-deutschland-von-weltweiter-cyberattacke-betroffen\/#primaryimage\",\"url\":\"https:\/\/now-news.de\/de\/wp-content\/uploads\/sites\/3\/2023\/02\/Auch-Deutschland-von-weltweiter-Cyberattacke-betroffen.jpg\",\"contentUrl\":\"https:\/\/now-news.de\/de\/wp-content\/uploads\/sites\/3\/2023\/02\/Auch-Deutschland-von-weltweiter-Cyberattacke-betroffen.jpg\",\"width\":460,\"height\":259,\"caption\":\"Auch Deutschland von weltweiter Cyberattacke betroffen\"},{\"@type\":\"BreadcrumbList\",\"@id\":\"https:\/\/now-news.de\/de\/deutschland\/auch-deutschland-von-weltweiter-cyberattacke-betroffen\/#breadcrumb\",\"itemListElement\":[{\"@type\":\"ListItem\",\"position\":1,\"name\":\"Home\",\"item\":\"https:\/\/now-news.de\/de\/\"},{\"@type\":\"ListItem\",\"position\":2,\"name\":\"Auch Deutschland von weltweiter Cyberattacke betroffen\"}]},{\"@type\":\"WebSite\",\"@id\":\"https:\/\/now-news.de\/de\/#website\",\"url\":\"https:\/\/now-news.de\/de\/\",\"name\":\"just-now.NEWS Deutschland\",\"description\":\"Das Portal f\u00fcr unzensierte Nachrichten aus der Welt\",\"publisher\":{\"@id\":\"https:\/\/now-news.de\/de\/#organization\"},\"potentialAction\":[{\"@type\":\"SearchAction\",\"target\":{\"@type\":\"EntryPoint\",\"urlTemplate\":\"https:\/\/now-news.de\/de\/?s={search_term_string}\"},\"query-input\":\"required name=search_term_string\"}],\"inLanguage\":\"de\"},{\"@type\":\"Organization\",\"@id\":\"https:\/\/now-news.de\/de\/#organization\",\"name\":\"Just Now News\",\"url\":\"https:\/\/now-news.de\/de\/\",\"logo\":{\"@type\":\"ImageObject\",\"inLanguage\":\"de\",\"@id\":\"https:\/\/now-news.de\/de\/#\/schema\/logo\/image\/\",\"url\":\"http:\/\/just-now.news\/de\/wp-content\/uploads\/sites\/3\/2022\/04\/logo500x500.jpg\",\"contentUrl\":\"http:\/\/just-now.news\/de\/wp-content\/uploads\/sites\/3\/2022\/04\/logo500x500.jpg\",\"width\":500,\"height\":500,\"caption\":\"Just Now News\"},\"image\":{\"@id\":\"https:\/\/now-news.de\/de\/#\/schema\/logo\/image\/\"},\"sameAs\":[\"https:\/\/www.facebook.com\/wirmachenauf\",\"https:\/\/x.com\/WirMachenAuf_de\"]},{\"@type\":\"Person\",\"@id\":\"https:\/\/now-news.de\/de\/#\/schema\/person\/fb534a4e865501d8b3285208df34a9b5\",\"name\":\"rtnews\",\"image\":{\"@type\":\"ImageObject\",\"inLanguage\":\"de\",\"@id\":\"https:\/\/now-news.de\/de\/#\/schema\/person\/image\/\",\"url\":\"https:\/\/secure.gravatar.com\/avatar\/82aafea7d8127119dd649515f56e2117?s=96&d=mm&r=g\",\"contentUrl\":\"https:\/\/secure.gravatar.com\/avatar\/82aafea7d8127119dd649515f56e2117?s=96&d=mm&r=g\",\"caption\":\"rtnews\"},\"url\":\"https:\/\/now-news.de\/de\/author\/rnews\/\"}]}<\/script>\n<!-- \/ Yoast SEO Premium plugin. -->","yoast_head_json":{"title":"Auch Deutschland von weltweiter Cyberattacke betroffen - just-now.NEWS Deutschland","robots":{"index":"index","follow":"follow","max-snippet":"max-snippet:-1","max-image-preview":"max-image-preview:large","max-video-preview":"max-video-preview:-1"},"canonical":"https:\/\/now-news.de\/de\/deutschland\/auch-deutschland-von-weltweiter-cyberattacke-betroffen\/","og_locale":"de_DE","og_type":"article","og_title":"Auch Deutschland von weltweiter Cyberattacke betroffen","og_description":"Auch Deutschland wurde zum Ziel einer globalen Welle von Cyberangriffen. Laut dem Bundesamt f\u00fcr Sicherheit in der Informationstechnik k\u00f6nnten hunderte Firmen betroffen sein. Die Attacke mit einer Erpressungssoftware zielte auf eine Sicherheitsl\u00fccke, die eigentlich schon 2021 geschlossen wurde. Bei der gro\u00df angelegten globalen Cyberangriffswelle (RT DE\u00a0berichtete) mit Erpressungssoftware sind auch Firmen und \u00f6ffentliche Einrichtungen in [&hellip;]","og_url":"https:\/\/now-news.de\/de\/deutschland\/auch-deutschland-von-weltweiter-cyberattacke-betroffen\/","og_site_name":"just-now.NEWS Deutschland","article_publisher":"https:\/\/www.facebook.com\/wirmachenauf","article_published_time":"2023-02-06T21:49:06+00:00","og_image":[{"width":460,"height":259,"url":"https:\/\/now-news.de\/de\/wp-content\/uploads\/sites\/3\/2023\/02\/Auch-Deutschland-von-weltweiter-Cyberattacke-betroffen.jpg","type":"image\/jpeg"}],"author":"rtnews","twitter_card":"summary_large_image","twitter_creator":"@WirMachenAuf_de","twitter_site":"@WirMachenAuf_de","twitter_misc":{"Verfasst von":"rtnews","Gesch\u00e4tzte Lesezeit":"2\u00a0Minuten"},"schema":{"@context":"https:\/\/schema.org","@graph":[{"@type":"Article","@id":"https:\/\/now-news.de\/de\/deutschland\/auch-deutschland-von-weltweiter-cyberattacke-betroffen\/#article","isPartOf":{"@id":"https:\/\/now-news.de\/de\/deutschland\/auch-deutschland-von-weltweiter-cyberattacke-betroffen\/"},"author":{"name":"rtnews","@id":"https:\/\/now-news.de\/de\/#\/schema\/person\/fb534a4e865501d8b3285208df34a9b5"},"headline":"Auch Deutschland von weltweiter Cyberattacke betroffen","datePublished":"2023-02-06T21:49:06+00:00","dateModified":"2023-02-06T21:49:06+00:00","mainEntityOfPage":{"@id":"https:\/\/now-news.de\/de\/deutschland\/auch-deutschland-von-weltweiter-cyberattacke-betroffen\/"},"wordCount":387,"commentCount":0,"publisher":{"@id":"https:\/\/now-news.de\/de\/#organization"},"image":{"@id":"https:\/\/now-news.de\/de\/deutschland\/auch-deutschland-von-weltweiter-cyberattacke-betroffen\/#primaryimage"},"thumbnailUrl":"https:\/\/now-news.de\/de\/wp-content\/uploads\/sites\/3\/2023\/02\/Auch-Deutschland-von-weltweiter-Cyberattacke-betroffen.jpg","keywords":["auch","betroffen","Cyberattacke","Deutschland","von","weltweiter"],"articleSection":["Deutschland","Russland"],"inLanguage":"de","potentialAction":[{"@type":"CommentAction","name":"Comment","target":["https:\/\/now-news.de\/de\/deutschland\/auch-deutschland-von-weltweiter-cyberattacke-betroffen\/#respond"]}]},{"@type":"WebPage","@id":"https:\/\/now-news.de\/de\/deutschland\/auch-deutschland-von-weltweiter-cyberattacke-betroffen\/","url":"https:\/\/now-news.de\/de\/deutschland\/auch-deutschland-von-weltweiter-cyberattacke-betroffen\/","name":"Auch Deutschland von weltweiter Cyberattacke betroffen - just-now.NEWS Deutschland","isPartOf":{"@id":"https:\/\/now-news.de\/de\/#website"},"primaryImageOfPage":{"@id":"https:\/\/now-news.de\/de\/deutschland\/auch-deutschland-von-weltweiter-cyberattacke-betroffen\/#primaryimage"},"image":{"@id":"https:\/\/now-news.de\/de\/deutschland\/auch-deutschland-von-weltweiter-cyberattacke-betroffen\/#primaryimage"},"thumbnailUrl":"https:\/\/now-news.de\/de\/wp-content\/uploads\/sites\/3\/2023\/02\/Auch-Deutschland-von-weltweiter-Cyberattacke-betroffen.jpg","datePublished":"2023-02-06T21:49:06+00:00","dateModified":"2023-02-06T21:49:06+00:00","breadcrumb":{"@id":"https:\/\/now-news.de\/de\/deutschland\/auch-deutschland-von-weltweiter-cyberattacke-betroffen\/#breadcrumb"},"inLanguage":"de","potentialAction":[{"@type":"ReadAction","target":["https:\/\/now-news.de\/de\/deutschland\/auch-deutschland-von-weltweiter-cyberattacke-betroffen\/"]}]},{"@type":"ImageObject","inLanguage":"de","@id":"https:\/\/now-news.de\/de\/deutschland\/auch-deutschland-von-weltweiter-cyberattacke-betroffen\/#primaryimage","url":"https:\/\/now-news.de\/de\/wp-content\/uploads\/sites\/3\/2023\/02\/Auch-Deutschland-von-weltweiter-Cyberattacke-betroffen.jpg","contentUrl":"https:\/\/now-news.de\/de\/wp-content\/uploads\/sites\/3\/2023\/02\/Auch-Deutschland-von-weltweiter-Cyberattacke-betroffen.jpg","width":460,"height":259,"caption":"Auch Deutschland von weltweiter Cyberattacke betroffen"},{"@type":"BreadcrumbList","@id":"https:\/\/now-news.de\/de\/deutschland\/auch-deutschland-von-weltweiter-cyberattacke-betroffen\/#breadcrumb","itemListElement":[{"@type":"ListItem","position":1,"name":"Home","item":"https:\/\/now-news.de\/de\/"},{"@type":"ListItem","position":2,"name":"Auch Deutschland von weltweiter Cyberattacke betroffen"}]},{"@type":"WebSite","@id":"https:\/\/now-news.de\/de\/#website","url":"https:\/\/now-news.de\/de\/","name":"just-now.NEWS Deutschland","description":"Das Portal f\u00fcr unzensierte Nachrichten aus der Welt","publisher":{"@id":"https:\/\/now-news.de\/de\/#organization"},"potentialAction":[{"@type":"SearchAction","target":{"@type":"EntryPoint","urlTemplate":"https:\/\/now-news.de\/de\/?s={search_term_string}"},"query-input":"required name=search_term_string"}],"inLanguage":"de"},{"@type":"Organization","@id":"https:\/\/now-news.de\/de\/#organization","name":"Just Now News","url":"https:\/\/now-news.de\/de\/","logo":{"@type":"ImageObject","inLanguage":"de","@id":"https:\/\/now-news.de\/de\/#\/schema\/logo\/image\/","url":"http:\/\/just-now.news\/de\/wp-content\/uploads\/sites\/3\/2022\/04\/logo500x500.jpg","contentUrl":"http:\/\/just-now.news\/de\/wp-content\/uploads\/sites\/3\/2022\/04\/logo500x500.jpg","width":500,"height":500,"caption":"Just Now News"},"image":{"@id":"https:\/\/now-news.de\/de\/#\/schema\/logo\/image\/"},"sameAs":["https:\/\/www.facebook.com\/wirmachenauf","https:\/\/x.com\/WirMachenAuf_de"]},{"@type":"Person","@id":"https:\/\/now-news.de\/de\/#\/schema\/person\/fb534a4e865501d8b3285208df34a9b5","name":"rtnews","image":{"@type":"ImageObject","inLanguage":"de","@id":"https:\/\/now-news.de\/de\/#\/schema\/person\/image\/","url":"https:\/\/secure.gravatar.com\/avatar\/82aafea7d8127119dd649515f56e2117?s=96&d=mm&r=g","contentUrl":"https:\/\/secure.gravatar.com\/avatar\/82aafea7d8127119dd649515f56e2117?s=96&d=mm&r=g","caption":"rtnews"},"url":"https:\/\/now-news.de\/de\/author\/rnews\/"}]}},"_links":{"self":[{"href":"https:\/\/now-news.de\/de\/wp-json\/wp\/v2\/posts\/29658"}],"collection":[{"href":"https:\/\/now-news.de\/de\/wp-json\/wp\/v2\/posts"}],"about":[{"href":"https:\/\/now-news.de\/de\/wp-json\/wp\/v2\/types\/post"}],"author":[{"embeddable":true,"href":"https:\/\/now-news.de\/de\/wp-json\/wp\/v2\/users\/3"}],"replies":[{"embeddable":true,"href":"https:\/\/now-news.de\/de\/wp-json\/wp\/v2\/comments?post=29658"}],"version-history":[{"count":0,"href":"https:\/\/now-news.de\/de\/wp-json\/wp\/v2\/posts\/29658\/revisions"}],"wp:featuredmedia":[{"embeddable":true,"href":"https:\/\/now-news.de\/de\/wp-json\/wp\/v2\/media\/29659"}],"wp:attachment":[{"href":"https:\/\/now-news.de\/de\/wp-json\/wp\/v2\/media?parent=29658"}],"wp:term":[{"taxonomy":"category","embeddable":true,"href":"https:\/\/now-news.de\/de\/wp-json\/wp\/v2\/categories?post=29658"},{"taxonomy":"post_tag","embeddable":true,"href":"https:\/\/now-news.de\/de\/wp-json\/wp\/v2\/tags?post=29658"}],"curies":[{"name":"wp","href":"https:\/\/api.w.org\/{rel}","templated":true}]}}