{"id":29624,"date":"2023-02-06T19:58:34","date_gmt":"2023-02-06T17:58:34","guid":{"rendered":"http:\/\/just-now.news\/de\/deutschland\/alternative-fuer-deutschland-feiert-10-jaehriges-jubilaeum\/"},"modified":"2023-02-06T19:58:34","modified_gmt":"2023-02-06T17:58:34","slug":"alternative-fuer-deutschland-feiert-10-jaehriges-jubilaeum","status":"publish","type":"post","link":"https:\/\/now-news.de\/de\/deutschland\/alternative-fuer-deutschland-feiert-10-jaehriges-jubilaeum\/","title":{"rendered":"Alternative f\u00fcr Deutschland feiert 10-j\u00e4hriges Jubil\u00e4um"},"content":{"rendered":"<p><img decoding=\"async\" src=\"http:\/\/just-now.news\/de\/wp-content\/uploads\/sites\/3\/2023\/02\/63e0cb7c48fbef52b85c4a76.jpg\" \/><\/p>\n<div class=\"Text-root Text-type_1 \">\n                In den ersten zehn Jahren ihres Bestehens hat die AfD bereits einen langen Weg zur\u00fcckgelegt, mit Blick auf Parlamentssitze und aktuelle Umfragewerte der Partei durchaus mit Erfolg. Die heutige Jubil\u00e4umsfeier im hessischen K\u00f6nigstein scheint man hingegen lieber im kleinen Kreis zu begehen.\n            <\/div>\n<p><\/p>\n<div class=\"Text-root Text-type_5 ArticleView-text ViewText-root \">\n<p>Genau heute vor zehn Jahren trafen sich im Gemeindesaal von Oberursel 18 M\u00e4nner, um eine neue Partei zu gr\u00fcnden: die Alternative f\u00fcr Deutschland. In\u00a0der\u00a0relativ kurzen Zeit ihre Bestehens legte die AfD schon einen langen Weg zur\u00fcck.\u00a0Mittlerweile hat die Partei rund 28.000 Mitglieder und ist\u00a0mit Ausnahme von Schleswig-Holstein in allen Landesparlamenten sowie im Bundestag vertreten.<\/p>\n<p>Die heutige Feier zum Jubil\u00e4um in K\u00f6nigstein im Taunus, einem Nachbarort von Oberursel, findet hingegen eher im kleinen Kreis statt. 300 Mitglieder sind in das st\u00e4dtische Haus der Begegnung f\u00fcr 18 Uhr geladen.<\/p>\n<p>Ein linkes B\u00fcndnis aus Verb\u00e4nden, Gewerkschaften und Parteien hat zur Demonstration gegen die Feier aufgerufen. Der B\u00fcrgermeister von K\u00f6nigstein wurde aufgefordert, der AfD die Erlaubnis f\u00fcr die Nutzung des Veranstaltungsorts zur\u00fcckzuziehen. Zuletzt kam es noch zu juristischem Streit um den bereits angemieteten Parkplatz vor dem Veranstaltungsgeb\u00e4ude, der nach einem Eilantrag zugunsten der AfD entschieden wurde. Sogar der Schulunterricht soll heute in K\u00f6nigstein\u00a0teilweise ausfallen.<\/p>\n<p><strong>K\u00fchnert: AfD muss &#8220;Paria&#8221; bleiben<\/strong><\/p>\n<p>Die deutschen Leitmedien haben das Jubil\u00e4um der AfD zum Anlass f\u00fcr einen Rundumschlag gegen die Partei genommen. Der SPD-Vorsitzende Kevin K\u00fchnert sagte, dass es f\u00fcr den demokratischen Grundkonsens entscheidend sei, dass die AfD auch k\u00fcnftig als &#8220;Paria unter unter den Parteien keinerlei unmittelbare politische Wirkung erzielen kann&#8221;.<\/p>\n<p>Nach zehn Jahren wollen die Gegner der AfD immer noch nicht verstehen, dass die Populisten viel ihrer St\u00e4rke aus der Schw\u00e4che des Establishments beziehen. Sogar ihrem Namen nach ist die AfD das\u00a0Produkt der Politik der Alternativlosigkeit, die w\u00e4hrend der Kanzlerschaft Angela Merkels in Deutschland etabliert wurde.\u00a0<\/p>\n<p>Erst durch Angela Merkels Kurs der &#8220;Mitte&#8221; wurde ihrerzeit rechts der CDU viel Platz frei, wo zuvor lange nur die Republikaner und die NPD vertreten waren. Dennoch wird vonseiten der CDU eine Zusammenarbeit mit der AfD seit 2018 per Parteitagsbeschluss ausgeschlossen. Von der CDU bis zur Linkspartei spricht man von der AfD als einer antidemokratischen oder sogar faschistischen, in jedem Fall aber verfassungsfeindlichen Partei.<\/p>\n<p><strong>Gegen die Politik der Altparteien<\/strong><\/p>\n<p>In der Tat wird die AfD durch den Verfassungsschutz seit 2022 als rechtsextremer Verdachtsfall eingesch\u00e4tzt, was die Beobachtung der Partei mit geheimen nachrichtendienstlichen Mitteln erlaubt. Auch damalige Gr\u00fcndungsmitglieder werfen der Partei vor, sich seit ihrer Gr\u00fcndung nach Rechtsau\u00dfen entwickelt zu haben.<\/p>\n<p>Dem zunehmenden Erfolg der AfD hat der st\u00e4ndige Gegenwind eher nicht geschadet, sondern vermutlich sogar genutzt. So kann sich die AfD glaubhaft als letzte oppositionelle Kraft in Deutschland positionieren, die die Politik der &#8220;Altparteien&#8221; grunds\u00e4tzlich in Frage stellt.<\/p>\n<p>Vor allem politische Themen, die andere Parteien nicht anfassen wollen, konnte die AfD f\u00fcr sich als Alleinstellungsmerkmale verbuchen, sei es die Bankenrettung im Zuge der Euro-Krise, die Migrationskrise, Pandemiepolitik oder zuletzt der Ukraine-Krieg.<\/p>\n<p><strong>Gekommen, um zu bleiben<\/strong><\/p>\n<p>Gegner der AfD verwechseln hier gerne Ursache und Wirkung. Denn die Probleme, die die AfD aufgreift, hat sie schlie\u00dflich nicht zu verantworten. Dass sie regelm\u00e4\u00dfig den Finger in die Wunde legt, wird ihr vom Establishment \u00fcbelgenommen, kann bei Teilen der W\u00e4hler aber \u00fcberzeugen.\u00a0Besonders in den neuen Bundesl\u00e4ndern konnte sich die AfD w\u00e4hrend den letzten zehn Jahren eine treue W\u00e4hlerschaft aufbauen.<\/p>\n<p>So liegt die AfD in Brandenburg, Mecklenburg-Vorpommern, Th\u00fcringen und Sachsen-Anhalt laut Umfragen bei mittlerweile \u00fcber 20 Prozent, in Sachsen wom\u00f6glich sogar bei \u00fcber 30 Prozent. In den alten Bundesl\u00e4ndern, in denen sie stets schw\u00e4cher war, konnte sie aufholen. Bundesweit liegt die AfD in Umfragen bei aktuell 15 Prozent.<\/p>\n<p><strong>Mehr zum Thema <\/strong>&#8211;\u00a0<a rel=\"nofollow noopener\" target=\"_blank\" href=\"https:\/\/de.rt.com\/kurzclips\/video\/161626-afd-fordert-untersuchungsausschuss\/\">&#8220;Nicht vergessen, was Politiker uns wegen COVID angetan haben&#8221; \u2013 AfD fordert Untersuchungsausschuss<\/a><\/p>\n<\/div>\n<p><br \/>\n<br \/><a href=\"https:\/\/de.rt.com\/inland\/162051-alternative-fuer-deutschland-feiert-10\/\">Source link <\/a><\/p>\n","protected":false},"excerpt":{"rendered":"<p>In den ersten zehn Jahren ihres Bestehens hat die AfD bereits einen langen Weg zur\u00fcckgelegt, mit Blick auf Parlamentssitze und aktuelle Umfragewerte der Partei durchaus mit Erfolg. Die heutige Jubil\u00e4umsfeier im hessischen K\u00f6nigstein scheint man hingegen lieber im kleinen Kreis zu begehen. Genau heute vor zehn Jahren trafen sich im Gemeindesaal von Oberursel 18 M\u00e4nner, [&hellip;]<\/p>\n","protected":false},"author":3,"featured_media":29625,"comment_status":"open","ping_status":"open","sticky":false,"template":"","format":"standard","meta":{"_yoast_indexnow_last_ping":["1675709277"],"wp_automatic_camp":["217"],"5a90c9320c599b075e30439175bfd3dc":["Alternative f\u00fcr Deutschland feiert 10-j\u00e4hriges Jubil\u00e4um"],"original_link":["https:\/\/de.rt.com\/inland\/162051-alternative-fuer-deutschland-feiert-10\/"],"_thumbnail_id":["29625"],"_wptgpro_p2tg_sent2tg":["a:1:{i:23737;s:19:\"2023-02-06 20:48:57\";}"],"jnews_social_counter_last_update":["1776861024"]},"categories":[19,23],"tags":[40296,22501,179,11639,221,18652],"yoast_head":"<!-- This site is optimized with the Yoast SEO Premium plugin v22.7 (Yoast SEO v22.7) - https:\/\/yoast.com\/wordpress\/plugins\/seo\/ -->\n<title>Alternative f\u00fcr Deutschland feiert 10-j\u00e4hriges Jubil\u00e4um - just-now.NEWS Deutschland<\/title>\n<meta name=\"robots\" content=\"index, follow, max-snippet:-1, max-image-preview:large, max-video-preview:-1\" \/>\n<link rel=\"canonical\" href=\"https:\/\/now-news.de\/de\/deutschland\/alternative-fuer-deutschland-feiert-10-jaehriges-jubilaeum\/\" \/>\n<meta property=\"og:locale\" content=\"de_DE\" \/>\n<meta property=\"og:type\" content=\"article\" \/>\n<meta property=\"og:title\" content=\"Alternative f\u00fcr Deutschland feiert 10-j\u00e4hriges Jubil\u00e4um\" \/>\n<meta property=\"og:description\" content=\"In den ersten zehn Jahren ihres Bestehens hat die AfD bereits einen langen Weg zur\u00fcckgelegt, mit Blick auf Parlamentssitze und aktuelle Umfragewerte der Partei durchaus mit Erfolg. Die heutige Jubil\u00e4umsfeier im hessischen K\u00f6nigstein scheint man hingegen lieber im kleinen Kreis zu begehen. Genau heute vor zehn Jahren trafen sich im Gemeindesaal von Oberursel 18 M\u00e4nner, [&hellip;]\" \/>\n<meta property=\"og:url\" content=\"https:\/\/now-news.de\/de\/deutschland\/alternative-fuer-deutschland-feiert-10-jaehriges-jubilaeum\/\" \/>\n<meta property=\"og:site_name\" content=\"just-now.NEWS Deutschland\" \/>\n<meta property=\"article:publisher\" content=\"https:\/\/www.facebook.com\/wirmachenauf\" \/>\n<meta property=\"article:published_time\" content=\"2023-02-06T17:58:34+00:00\" \/>\n<meta property=\"og:image\" content=\"https:\/\/now-news.de\/de\/wp-content\/uploads\/sites\/3\/2023\/02\/Alternative-fuer-Deutschland-feiert-10-jaehriges-Jubilaeum.jpg\" \/>\n\t<meta property=\"og:image:width\" content=\"460\" \/>\n\t<meta property=\"og:image:height\" content=\"259\" \/>\n\t<meta property=\"og:image:type\" content=\"image\/jpeg\" \/>\n<meta name=\"author\" content=\"rtnews\" \/>\n<meta name=\"twitter:card\" content=\"summary_large_image\" \/>\n<meta name=\"twitter:creator\" content=\"@WirMachenAuf_de\" \/>\n<meta name=\"twitter:site\" content=\"@WirMachenAuf_de\" \/>\n<meta name=\"twitter:label1\" content=\"Verfasst von\" \/>\n\t<meta name=\"twitter:data1\" content=\"rtnews\" \/>\n\t<meta name=\"twitter:label2\" content=\"Gesch\u00e4tzte Lesezeit\" \/>\n\t<meta name=\"twitter:data2\" content=\"3\u00a0Minuten\" \/>\n<script type=\"application\/ld+json\" class=\"yoast-schema-graph\">{\"@context\":\"https:\/\/schema.org\",\"@graph\":[{\"@type\":\"Article\",\"@id\":\"https:\/\/now-news.de\/de\/deutschland\/alternative-fuer-deutschland-feiert-10-jaehriges-jubilaeum\/#article\",\"isPartOf\":{\"@id\":\"https:\/\/now-news.de\/de\/deutschland\/alternative-fuer-deutschland-feiert-10-jaehriges-jubilaeum\/\"},\"author\":{\"name\":\"rtnews\",\"@id\":\"https:\/\/now-news.de\/de\/#\/schema\/person\/fb534a4e865501d8b3285208df34a9b5\"},\"headline\":\"Alternative f\u00fcr Deutschland feiert 10-j\u00e4hriges Jubil\u00e4um\",\"datePublished\":\"2023-02-06T17:58:34+00:00\",\"dateModified\":\"2023-02-06T17:58:34+00:00\",\"mainEntityOfPage\":{\"@id\":\"https:\/\/now-news.de\/de\/deutschland\/alternative-fuer-deutschland-feiert-10-jaehriges-jubilaeum\/\"},\"wordCount\":654,\"commentCount\":0,\"publisher\":{\"@id\":\"https:\/\/now-news.de\/de\/#organization\"},\"image\":{\"@id\":\"https:\/\/now-news.de\/de\/deutschland\/alternative-fuer-deutschland-feiert-10-jaehriges-jubilaeum\/#primaryimage\"},\"thumbnailUrl\":\"https:\/\/now-news.de\/de\/wp-content\/uploads\/sites\/3\/2023\/02\/Alternative-fuer-Deutschland-feiert-10-jaehriges-Jubilaeum.jpg\",\"keywords\":[\"10j\u00e4hriges\",\"Alternative\",\"Deutschland\",\"feiert\",\"f\u00fcr\",\"Jubil\u00e4um\"],\"articleSection\":[\"Deutschland\",\"Russland\"],\"inLanguage\":\"de\",\"potentialAction\":[{\"@type\":\"CommentAction\",\"name\":\"Comment\",\"target\":[\"https:\/\/now-news.de\/de\/deutschland\/alternative-fuer-deutschland-feiert-10-jaehriges-jubilaeum\/#respond\"]}]},{\"@type\":\"WebPage\",\"@id\":\"https:\/\/now-news.de\/de\/deutschland\/alternative-fuer-deutschland-feiert-10-jaehriges-jubilaeum\/\",\"url\":\"https:\/\/now-news.de\/de\/deutschland\/alternative-fuer-deutschland-feiert-10-jaehriges-jubilaeum\/\",\"name\":\"Alternative f\u00fcr Deutschland feiert 10-j\u00e4hriges Jubil\u00e4um - just-now.NEWS Deutschland\",\"isPartOf\":{\"@id\":\"https:\/\/now-news.de\/de\/#website\"},\"primaryImageOfPage\":{\"@id\":\"https:\/\/now-news.de\/de\/deutschland\/alternative-fuer-deutschland-feiert-10-jaehriges-jubilaeum\/#primaryimage\"},\"image\":{\"@id\":\"https:\/\/now-news.de\/de\/deutschland\/alternative-fuer-deutschland-feiert-10-jaehriges-jubilaeum\/#primaryimage\"},\"thumbnailUrl\":\"https:\/\/now-news.de\/de\/wp-content\/uploads\/sites\/3\/2023\/02\/Alternative-fuer-Deutschland-feiert-10-jaehriges-Jubilaeum.jpg\",\"datePublished\":\"2023-02-06T17:58:34+00:00\",\"dateModified\":\"2023-02-06T17:58:34+00:00\",\"breadcrumb\":{\"@id\":\"https:\/\/now-news.de\/de\/deutschland\/alternative-fuer-deutschland-feiert-10-jaehriges-jubilaeum\/#breadcrumb\"},\"inLanguage\":\"de\",\"potentialAction\":[{\"@type\":\"ReadAction\",\"target\":[\"https:\/\/now-news.de\/de\/deutschland\/alternative-fuer-deutschland-feiert-10-jaehriges-jubilaeum\/\"]}]},{\"@type\":\"ImageObject\",\"inLanguage\":\"de\",\"@id\":\"https:\/\/now-news.de\/de\/deutschland\/alternative-fuer-deutschland-feiert-10-jaehriges-jubilaeum\/#primaryimage\",\"url\":\"https:\/\/now-news.de\/de\/wp-content\/uploads\/sites\/3\/2023\/02\/Alternative-fuer-Deutschland-feiert-10-jaehriges-Jubilaeum.jpg\",\"contentUrl\":\"https:\/\/now-news.de\/de\/wp-content\/uploads\/sites\/3\/2023\/02\/Alternative-fuer-Deutschland-feiert-10-jaehriges-Jubilaeum.jpg\",\"width\":460,\"height\":259,\"caption\":\"Alternative f\u00fcr Deutschland feiert 10-j\u00e4hriges Jubil\u00e4um\"},{\"@type\":\"BreadcrumbList\",\"@id\":\"https:\/\/now-news.de\/de\/deutschland\/alternative-fuer-deutschland-feiert-10-jaehriges-jubilaeum\/#breadcrumb\",\"itemListElement\":[{\"@type\":\"ListItem\",\"position\":1,\"name\":\"Home\",\"item\":\"https:\/\/now-news.de\/de\/\"},{\"@type\":\"ListItem\",\"position\":2,\"name\":\"Alternative f\u00fcr Deutschland feiert 10-j\u00e4hriges Jubil\u00e4um\"}]},{\"@type\":\"WebSite\",\"@id\":\"https:\/\/now-news.de\/de\/#website\",\"url\":\"https:\/\/now-news.de\/de\/\",\"name\":\"just-now.NEWS Deutschland\",\"description\":\"Das Portal f\u00fcr unzensierte Nachrichten aus der Welt\",\"publisher\":{\"@id\":\"https:\/\/now-news.de\/de\/#organization\"},\"potentialAction\":[{\"@type\":\"SearchAction\",\"target\":{\"@type\":\"EntryPoint\",\"urlTemplate\":\"https:\/\/now-news.de\/de\/?s={search_term_string}\"},\"query-input\":\"required name=search_term_string\"}],\"inLanguage\":\"de\"},{\"@type\":\"Organization\",\"@id\":\"https:\/\/now-news.de\/de\/#organization\",\"name\":\"Just Now News\",\"url\":\"https:\/\/now-news.de\/de\/\",\"logo\":{\"@type\":\"ImageObject\",\"inLanguage\":\"de\",\"@id\":\"https:\/\/now-news.de\/de\/#\/schema\/logo\/image\/\",\"url\":\"http:\/\/just-now.news\/de\/wp-content\/uploads\/sites\/3\/2022\/04\/logo500x500.jpg\",\"contentUrl\":\"http:\/\/just-now.news\/de\/wp-content\/uploads\/sites\/3\/2022\/04\/logo500x500.jpg\",\"width\":500,\"height\":500,\"caption\":\"Just Now News\"},\"image\":{\"@id\":\"https:\/\/now-news.de\/de\/#\/schema\/logo\/image\/\"},\"sameAs\":[\"https:\/\/www.facebook.com\/wirmachenauf\",\"https:\/\/x.com\/WirMachenAuf_de\"]},{\"@type\":\"Person\",\"@id\":\"https:\/\/now-news.de\/de\/#\/schema\/person\/fb534a4e865501d8b3285208df34a9b5\",\"name\":\"rtnews\",\"image\":{\"@type\":\"ImageObject\",\"inLanguage\":\"de\",\"@id\":\"https:\/\/now-news.de\/de\/#\/schema\/person\/image\/\",\"url\":\"https:\/\/secure.gravatar.com\/avatar\/82aafea7d8127119dd649515f56e2117?s=96&d=mm&r=g\",\"contentUrl\":\"https:\/\/secure.gravatar.com\/avatar\/82aafea7d8127119dd649515f56e2117?s=96&d=mm&r=g\",\"caption\":\"rtnews\"},\"url\":\"https:\/\/now-news.de\/de\/author\/rnews\/\"}]}<\/script>\n<!-- \/ Yoast SEO Premium plugin. -->","yoast_head_json":{"title":"Alternative f\u00fcr Deutschland feiert 10-j\u00e4hriges Jubil\u00e4um - just-now.NEWS Deutschland","robots":{"index":"index","follow":"follow","max-snippet":"max-snippet:-1","max-image-preview":"max-image-preview:large","max-video-preview":"max-video-preview:-1"},"canonical":"https:\/\/now-news.de\/de\/deutschland\/alternative-fuer-deutschland-feiert-10-jaehriges-jubilaeum\/","og_locale":"de_DE","og_type":"article","og_title":"Alternative f\u00fcr Deutschland feiert 10-j\u00e4hriges Jubil\u00e4um","og_description":"In den ersten zehn Jahren ihres Bestehens hat die AfD bereits einen langen Weg zur\u00fcckgelegt, mit Blick auf Parlamentssitze und aktuelle Umfragewerte der Partei durchaus mit Erfolg. Die heutige Jubil\u00e4umsfeier im hessischen K\u00f6nigstein scheint man hingegen lieber im kleinen Kreis zu begehen. Genau heute vor zehn Jahren trafen sich im Gemeindesaal von Oberursel 18 M\u00e4nner, [&hellip;]","og_url":"https:\/\/now-news.de\/de\/deutschland\/alternative-fuer-deutschland-feiert-10-jaehriges-jubilaeum\/","og_site_name":"just-now.NEWS Deutschland","article_publisher":"https:\/\/www.facebook.com\/wirmachenauf","article_published_time":"2023-02-06T17:58:34+00:00","og_image":[{"width":460,"height":259,"url":"https:\/\/now-news.de\/de\/wp-content\/uploads\/sites\/3\/2023\/02\/Alternative-fuer-Deutschland-feiert-10-jaehriges-Jubilaeum.jpg","type":"image\/jpeg"}],"author":"rtnews","twitter_card":"summary_large_image","twitter_creator":"@WirMachenAuf_de","twitter_site":"@WirMachenAuf_de","twitter_misc":{"Verfasst von":"rtnews","Gesch\u00e4tzte Lesezeit":"3\u00a0Minuten"},"schema":{"@context":"https:\/\/schema.org","@graph":[{"@type":"Article","@id":"https:\/\/now-news.de\/de\/deutschland\/alternative-fuer-deutschland-feiert-10-jaehriges-jubilaeum\/#article","isPartOf":{"@id":"https:\/\/now-news.de\/de\/deutschland\/alternative-fuer-deutschland-feiert-10-jaehriges-jubilaeum\/"},"author":{"name":"rtnews","@id":"https:\/\/now-news.de\/de\/#\/schema\/person\/fb534a4e865501d8b3285208df34a9b5"},"headline":"Alternative f\u00fcr Deutschland feiert 10-j\u00e4hriges Jubil\u00e4um","datePublished":"2023-02-06T17:58:34+00:00","dateModified":"2023-02-06T17:58:34+00:00","mainEntityOfPage":{"@id":"https:\/\/now-news.de\/de\/deutschland\/alternative-fuer-deutschland-feiert-10-jaehriges-jubilaeum\/"},"wordCount":654,"commentCount":0,"publisher":{"@id":"https:\/\/now-news.de\/de\/#organization"},"image":{"@id":"https:\/\/now-news.de\/de\/deutschland\/alternative-fuer-deutschland-feiert-10-jaehriges-jubilaeum\/#primaryimage"},"thumbnailUrl":"https:\/\/now-news.de\/de\/wp-content\/uploads\/sites\/3\/2023\/02\/Alternative-fuer-Deutschland-feiert-10-jaehriges-Jubilaeum.jpg","keywords":["10j\u00e4hriges","Alternative","Deutschland","feiert","f\u00fcr","Jubil\u00e4um"],"articleSection":["Deutschland","Russland"],"inLanguage":"de","potentialAction":[{"@type":"CommentAction","name":"Comment","target":["https:\/\/now-news.de\/de\/deutschland\/alternative-fuer-deutschland-feiert-10-jaehriges-jubilaeum\/#respond"]}]},{"@type":"WebPage","@id":"https:\/\/now-news.de\/de\/deutschland\/alternative-fuer-deutschland-feiert-10-jaehriges-jubilaeum\/","url":"https:\/\/now-news.de\/de\/deutschland\/alternative-fuer-deutschland-feiert-10-jaehriges-jubilaeum\/","name":"Alternative f\u00fcr Deutschland feiert 10-j\u00e4hriges Jubil\u00e4um - just-now.NEWS Deutschland","isPartOf":{"@id":"https:\/\/now-news.de\/de\/#website"},"primaryImageOfPage":{"@id":"https:\/\/now-news.de\/de\/deutschland\/alternative-fuer-deutschland-feiert-10-jaehriges-jubilaeum\/#primaryimage"},"image":{"@id":"https:\/\/now-news.de\/de\/deutschland\/alternative-fuer-deutschland-feiert-10-jaehriges-jubilaeum\/#primaryimage"},"thumbnailUrl":"https:\/\/now-news.de\/de\/wp-content\/uploads\/sites\/3\/2023\/02\/Alternative-fuer-Deutschland-feiert-10-jaehriges-Jubilaeum.jpg","datePublished":"2023-02-06T17:58:34+00:00","dateModified":"2023-02-06T17:58:34+00:00","breadcrumb":{"@id":"https:\/\/now-news.de\/de\/deutschland\/alternative-fuer-deutschland-feiert-10-jaehriges-jubilaeum\/#breadcrumb"},"inLanguage":"de","potentialAction":[{"@type":"ReadAction","target":["https:\/\/now-news.de\/de\/deutschland\/alternative-fuer-deutschland-feiert-10-jaehriges-jubilaeum\/"]}]},{"@type":"ImageObject","inLanguage":"de","@id":"https:\/\/now-news.de\/de\/deutschland\/alternative-fuer-deutschland-feiert-10-jaehriges-jubilaeum\/#primaryimage","url":"https:\/\/now-news.de\/de\/wp-content\/uploads\/sites\/3\/2023\/02\/Alternative-fuer-Deutschland-feiert-10-jaehriges-Jubilaeum.jpg","contentUrl":"https:\/\/now-news.de\/de\/wp-content\/uploads\/sites\/3\/2023\/02\/Alternative-fuer-Deutschland-feiert-10-jaehriges-Jubilaeum.jpg","width":460,"height":259,"caption":"Alternative f\u00fcr Deutschland feiert 10-j\u00e4hriges Jubil\u00e4um"},{"@type":"BreadcrumbList","@id":"https:\/\/now-news.de\/de\/deutschland\/alternative-fuer-deutschland-feiert-10-jaehriges-jubilaeum\/#breadcrumb","itemListElement":[{"@type":"ListItem","position":1,"name":"Home","item":"https:\/\/now-news.de\/de\/"},{"@type":"ListItem","position":2,"name":"Alternative f\u00fcr Deutschland feiert 10-j\u00e4hriges Jubil\u00e4um"}]},{"@type":"WebSite","@id":"https:\/\/now-news.de\/de\/#website","url":"https:\/\/now-news.de\/de\/","name":"just-now.NEWS Deutschland","description":"Das Portal f\u00fcr unzensierte Nachrichten aus der Welt","publisher":{"@id":"https:\/\/now-news.de\/de\/#organization"},"potentialAction":[{"@type":"SearchAction","target":{"@type":"EntryPoint","urlTemplate":"https:\/\/now-news.de\/de\/?s={search_term_string}"},"query-input":"required name=search_term_string"}],"inLanguage":"de"},{"@type":"Organization","@id":"https:\/\/now-news.de\/de\/#organization","name":"Just Now News","url":"https:\/\/now-news.de\/de\/","logo":{"@type":"ImageObject","inLanguage":"de","@id":"https:\/\/now-news.de\/de\/#\/schema\/logo\/image\/","url":"http:\/\/just-now.news\/de\/wp-content\/uploads\/sites\/3\/2022\/04\/logo500x500.jpg","contentUrl":"http:\/\/just-now.news\/de\/wp-content\/uploads\/sites\/3\/2022\/04\/logo500x500.jpg","width":500,"height":500,"caption":"Just Now News"},"image":{"@id":"https:\/\/now-news.de\/de\/#\/schema\/logo\/image\/"},"sameAs":["https:\/\/www.facebook.com\/wirmachenauf","https:\/\/x.com\/WirMachenAuf_de"]},{"@type":"Person","@id":"https:\/\/now-news.de\/de\/#\/schema\/person\/fb534a4e865501d8b3285208df34a9b5","name":"rtnews","image":{"@type":"ImageObject","inLanguage":"de","@id":"https:\/\/now-news.de\/de\/#\/schema\/person\/image\/","url":"https:\/\/secure.gravatar.com\/avatar\/82aafea7d8127119dd649515f56e2117?s=96&d=mm&r=g","contentUrl":"https:\/\/secure.gravatar.com\/avatar\/82aafea7d8127119dd649515f56e2117?s=96&d=mm&r=g","caption":"rtnews"},"url":"https:\/\/now-news.de\/de\/author\/rnews\/"}]}},"_links":{"self":[{"href":"https:\/\/now-news.de\/de\/wp-json\/wp\/v2\/posts\/29624"}],"collection":[{"href":"https:\/\/now-news.de\/de\/wp-json\/wp\/v2\/posts"}],"about":[{"href":"https:\/\/now-news.de\/de\/wp-json\/wp\/v2\/types\/post"}],"author":[{"embeddable":true,"href":"https:\/\/now-news.de\/de\/wp-json\/wp\/v2\/users\/3"}],"replies":[{"embeddable":true,"href":"https:\/\/now-news.de\/de\/wp-json\/wp\/v2\/comments?post=29624"}],"version-history":[{"count":0,"href":"https:\/\/now-news.de\/de\/wp-json\/wp\/v2\/posts\/29624\/revisions"}],"wp:featuredmedia":[{"embeddable":true,"href":"https:\/\/now-news.de\/de\/wp-json\/wp\/v2\/media\/29625"}],"wp:attachment":[{"href":"https:\/\/now-news.de\/de\/wp-json\/wp\/v2\/media?parent=29624"}],"wp:term":[{"taxonomy":"category","embeddable":true,"href":"https:\/\/now-news.de\/de\/wp-json\/wp\/v2\/categories?post=29624"},{"taxonomy":"post_tag","embeddable":true,"href":"https:\/\/now-news.de\/de\/wp-json\/wp\/v2\/tags?post=29624"}],"curies":[{"name":"wp","href":"https:\/\/api.w.org\/{rel}","templated":true}]}}