{"id":29608,"date":"2023-02-06T18:26:53","date_gmt":"2023-02-06T16:26:53","guid":{"rendered":"http:\/\/just-now.news\/de\/china\/der-meteorologische-forschungsballon-der-kpch-ist-mit-dem-militaer-verbunden-analysten\/"},"modified":"2023-02-06T18:26:53","modified_gmt":"2023-02-06T16:26:53","slug":"der-meteorologische-forschungsballon-der-kpch-ist-mit-dem-militaer-verbunden-analysten","status":"publish","type":"post","link":"https:\/\/now-news.de\/de\/china\/der-meteorologische-forschungsballon-der-kpch-ist-mit-dem-militaer-verbunden-analysten\/","title":{"rendered":"Der \u201eMeteorologische Forschungsballon\u201c der KPCh ist mit dem Milit\u00e4r verbunden: Analysten"},"content":{"rendered":"<div>\n<p>Nachdem die Vereinigten Staaten am Samstag den chinesischen Spionageballon abgeschossen hatten, protestierte Peking und sagte, es sei \u201eder gewaltsame US-Angriff auf ein ziviles unbemanntes Luftschiff\u201c.  Chinesische Analysten waren sich jedoch einig, dass der Abschuss des Ballons notwendig war, um der Aggression des chinesischen Regimes entgegenzuwirken.<\/p>\n<p>Am 5. Februar gab Peking eine Erkl\u00e4rung ab, in der es hie\u00df, es handele sich um eine \u201eklare \u00dcberreaktion und einen schwerwiegenden Versto\u00df gegen die internationale Praxis\u201c der Vereinigten Staaten, und China werde \u201edie legitimen Rechte und Interessen des betroffenen Unternehmens sch\u00fctzen\u201c.<\/p>\n<p>Zuvor hatte Peking zugegeben, dass der Ballon aus China stammte, ziviler Natur war und der meteorologischen Forschung diente, hie\u00df es in einer Pressemitteilung des Au\u00dfenministeriums vom 3. Februar.<\/p>\n<p>Analysten sagten der chinesischsprachigen Ausgabe der Epoch Times, dass die Vereinigten Staaten offensichtlich nicht auf Pekings Behauptung eines Zivil- und Forschungsluftschiffs hereingefallen seien.<\/p>\n<h2>Zivil-milit\u00e4rische Integration<\/h2>\n<p>Der Schriftsteller Li Mianxuan erkl\u00e4rte, dass das Regime unter der Herrschaft der Kommunistischen Partei Chinas (KPCh) alle Ressourcen kontrolliere, weshalb die KPCh die Behauptung eines zivilen Unternehmens, das den Ballon besitze, benutzte, um seinen milit\u00e4rischen Zweck zu decken.<\/p>\n<p>Um seine Autokratie zu sichern, besitzt der Staat immer einen Teil der zivilen Anteile.  Er sagte: \u201eZivilorganisationen sind gem\u00e4\u00df dem Nationalen Sicherheitsgesetz verpflichtet, den besten Interessen der nationalen Sicherheit zu dienen.\u201c<\/p>\n<figure id=\"attachment_5035165\" style=\"width: 600px\" class=\"wp-caption alignnone\"> (Links) Der chinesische Ballon driftet zum Ozean, nachdem er am 4. Februar 2023 vor der K\u00fcste in Surfside Beach, South Carolina, abgeschossen wurde. (Rechts) Der Flugzeugtr\u00e4ger USS Carl Vinson nimmt an einer Gruppensegelung am Rand des Pazifiks teil \u00dcbung vor der K\u00fcste von Hawaii, am 26. Juli 2018. (Randall Hill\/Reuters; Petty Officer 1st Class Arthurgwain L. Marquez\/US Navy via AP)<\/figure>\n<p>Zum Beispiel sollten B\u00fcrger und Organisationen gem\u00e4\u00df dem Nationalen Sicherheitsgesetz der KPCh gem\u00e4\u00df Punkt 4 von Artikel 77 \u201eangemessene Bedingungen oder andere Arten von Unterst\u00fctzung f\u00fcr die nationale Sicherheitsarbeit\u201c bereitstellen.<\/p>\n<p>Bereits 1969 fusionierte die KPCh das Milit\u00e4rmeteorologische B\u00fcro des Generalstabs und das Zentrale Meteorologische B\u00fcro gem\u00e4\u00df einer gemeinsamen Mitteilung des Staatsrates und der Zentralen Milit\u00e4rkommission.<\/p>\n<p>Die Fusion sollte \u201eeine zentralisierte und einheitliche F\u00fchrung der meteorologischen Arbeit sowohl f\u00fcr Friedens- als auch f\u00fcr Kriegszeiten implementieren, um den nationalen Verteidigungsaufbau und den nationalen Wirtschaftsaufbau zu erleichtern\u201c, hei\u00dft es in der Bekanntmachung Nr. 50 (1969) vom 4. Dezember 1969.<\/p>\n<p>Im Jahr 2017 hat die KPCh eine Strategie der engen zivil-milit\u00e4rischen Integration (CMI) in der nationalen Verteidigungswissenschafts- und -technologieindustrie weiter reguliert.<\/p>\n<p>Der Zweck der Integration bestand darin, \u201emilit\u00e4rischen und zivilen Ressourcen zu erm\u00f6glichen, sich gegenseitig zu teilen und zu unterst\u00fctzen und effektiv zu kommerzialisieren\u201c, so die erkl\u00e4rte Stellungnahme des CMI.<\/p>\n<p>Wu Zuolai, ein in den USA ans\u00e4ssiger chinesischer Gelehrter, der das Massaker auf dem Platz des Himmlischen Friedens von 1989 \u00fcberlebte, sagte, der Eintritt des Ballons \u00fcber US-Luft sei ein symbolischer Schritt der KPCh gewesen.  Er sagte: \u201eWenn es toleriert wird, werden viele weitere folgen, Ballons, Drohnen, was auch immer\u201c, zusammen mit der am Ballon befestigten Ausr\u00fcstung.  Er stimmte der Reaktion der US-Regierung auf den Ballon zu.<\/p>\n<p>Zhang Xiaogang, einer der Organisatoren der Australian Value Alliance, ebenfalls Experte f\u00fcr Informatik, vermutet, dass der chinesische Ballon die Leistungsf\u00e4higkeit des US-Luftverteidigungssystems testete.<\/p>\n<p>Aber vor allem glaubt er, dass die Absicht der KPCh darin bestand, ihre Aggression zu demonstrieren.  Er sagte: \u201eEs ist eine \u00f6ffentliche Herausforderung f\u00fcr die Vereinigten Staaten, \u2026 besonders [since] Der Ballon k\u00f6nnte auch Informationen sammeln\u201c, wie etwa Funk- und Kommunikationsinformationen.<\/p>\n<p>Im Februar 2022 ver\u00f6ffentlichte das chinesische nationale Verteidigungsministerium einen Artikel \u00fcber den Milit\u00e4rballon.<\/p>\n<p>Der Artikel mit dem Titel \u201eMilitary Balloon: Floating in the Battlefield Cracks\u201c betonte die Eigenschaften des Milit\u00e4rballons als \u201eein kosteng\u00fcnstiges Unternehmen\u201c, das \u201ein der Lage ist, Lasten in die Luft zu bef\u00f6rdern\u201c, \u201edass f\u00fcr die Luft verwendet wurde Verteidigung und Bombardierung\u201c und \u201ewurde in den Ritzen des Schlachtfelds eingesetzt\u201c.<\/p>\n<p>Der Artikel zur Landesverteidigung kam zu dem Schluss: \u201eDer Milit\u00e4rballon wird noch lange in den Ritzen des Schlachtfelds eingesetzt.\u201c<\/p>\n<p><em>Haizhong Ning und Luo Ya haben zu diesem Bericht beigetragen.<\/em><\/p>\n<\/p><\/div>\n<p><br \/>\n<b> Text ist eine \u00dcbersetzung vom Epoch Times Artikel:<\/p>\n<p><a href=\"https:\/\/www.theepochtimes.com\/ccp-meteorological-research-balloon-is-affiliated-with-the-military-analysts_5036675.html\">Source link <\/a><\/p>\n","protected":false},"excerpt":{"rendered":"<p>Nachdem die Vereinigten Staaten am Samstag den chinesischen Spionageballon abgeschossen hatten, protestierte Peking und sagte, es sei \u201eder gewaltsame US-Angriff auf ein ziviles unbemanntes Luftschiff\u201c. Chinesische Analysten waren sich jedoch einig, dass der Abschuss des Ballons notwendig war, um der Aggression des chinesischen Regimes entgegenzuwirken. Am 5. Februar gab Peking eine Erkl\u00e4rung ab, in der [&hellip;]<\/p>\n","protected":false},"author":6,"featured_media":29609,"comment_status":"open","ping_status":"open","sticky":false,"template":"","format":"standard","meta":{"_yoast_indexnow_last_ping":["1675702077"],"wp_automatic_camp":["1164"],"8286abb47978d7f7d40c7bd6481093da":["Der \u201eMeteorologische Forschungsballon\u201c der KPCh ist mit dem Milit\u00e4r verbunden: Analysten\n"],"original_link":["https:\/\/www.theepochtimes.com\/ccp-meteorological-research-balloon-is-affiliated-with-the-military-analysts_5036675.html"],"_thumbnail_id":["29609"],"wp_automatic_remove_first_image":["yes"],"_wptgpro_p2tg_sent2tg":["a:0:{}"],"jnews_social_counter_last_update":["1777280823"]},"categories":[21],"tags":[4328,134,82,40284,414,18803,40283,4029,419,3787],"yoast_head":"<!-- This site is optimized with the Yoast SEO Premium plugin v22.7 (Yoast SEO v22.7) - https:\/\/yoast.com\/wordpress\/plugins\/seo\/ -->\n<title>Der \u201eMeteorologische Forschungsballon\u201c der KPCh ist mit dem Milit\u00e4r verbunden: Analysten - just-now.NEWS Deutschland<\/title>\n<meta name=\"robots\" content=\"index, follow, max-snippet:-1, max-image-preview:large, max-video-preview:-1\" \/>\n<link rel=\"canonical\" href=\"https:\/\/now-news.de\/de\/china\/der-meteorologische-forschungsballon-der-kpch-ist-mit-dem-militaer-verbunden-analysten\/\" \/>\n<meta property=\"og:locale\" content=\"de_DE\" \/>\n<meta property=\"og:type\" content=\"article\" \/>\n<meta property=\"og:title\" content=\"Der \u201eMeteorologische Forschungsballon\u201c der KPCh ist mit dem Milit\u00e4r verbunden: Analysten\" \/>\n<meta property=\"og:description\" content=\"Nachdem die Vereinigten Staaten am Samstag den chinesischen Spionageballon abgeschossen hatten, protestierte Peking und sagte, es sei \u201eder gewaltsame US-Angriff auf ein ziviles unbemanntes Luftschiff\u201c. Chinesische Analysten waren sich jedoch einig, dass der Abschuss des Ballons notwendig war, um der Aggression des chinesischen Regimes entgegenzuwirken. Am 5. Februar gab Peking eine Erkl\u00e4rung ab, in der [&hellip;]\" \/>\n<meta property=\"og:url\" content=\"https:\/\/now-news.de\/de\/china\/der-meteorologische-forschungsballon-der-kpch-ist-mit-dem-militaer-verbunden-analysten\/\" \/>\n<meta property=\"og:site_name\" content=\"just-now.NEWS Deutschland\" \/>\n<meta property=\"article:publisher\" content=\"https:\/\/www.facebook.com\/wirmachenauf\" \/>\n<meta property=\"article:published_time\" content=\"2023-02-06T16:26:53+00:00\" \/>\n<meta property=\"og:image\" content=\"https:\/\/now-news.de\/de\/wp-content\/uploads\/sites\/3\/2023\/02\/1675702077_Der-\u201eMeteorologische-Forschungsballon-der-KPCh-ist-mit-dem-Militaer-verbunden.jpg\" \/>\n\t<meta property=\"og:image:width\" content=\"1200\" \/>\n\t<meta property=\"og:image:height\" content=\"675\" \/>\n\t<meta property=\"og:image:type\" content=\"image\/jpeg\" \/>\n<meta name=\"author\" content=\"epoch\" \/>\n<meta name=\"twitter:card\" content=\"summary_large_image\" \/>\n<meta name=\"twitter:creator\" content=\"@WirMachenAuf_de\" \/>\n<meta name=\"twitter:site\" content=\"@WirMachenAuf_de\" \/>\n<meta name=\"twitter:label1\" content=\"Verfasst von\" \/>\n\t<meta name=\"twitter:data1\" content=\"epoch\" \/>\n\t<meta name=\"twitter:label2\" content=\"Gesch\u00e4tzte Lesezeit\" \/>\n\t<meta name=\"twitter:data2\" content=\"3\u00a0Minuten\" \/>\n<script type=\"application\/ld+json\" class=\"yoast-schema-graph\">{\"@context\":\"https:\/\/schema.org\",\"@graph\":[{\"@type\":\"Article\",\"@id\":\"https:\/\/now-news.de\/de\/china\/der-meteorologische-forschungsballon-der-kpch-ist-mit-dem-militaer-verbunden-analysten\/#article\",\"isPartOf\":{\"@id\":\"https:\/\/now-news.de\/de\/china\/der-meteorologische-forschungsballon-der-kpch-ist-mit-dem-militaer-verbunden-analysten\/\"},\"author\":{\"name\":\"epoch\",\"@id\":\"https:\/\/now-news.de\/de\/#\/schema\/person\/c6dfcd35a72a074487761b9d49aef52f\"},\"headline\":\"Der \u201eMeteorologische Forschungsballon\u201c der KPCh ist mit dem Milit\u00e4r verbunden: Analysten\",\"datePublished\":\"2023-02-06T16:26:53+00:00\",\"dateModified\":\"2023-02-06T16:26:53+00:00\",\"mainEntityOfPage\":{\"@id\":\"https:\/\/now-news.de\/de\/china\/der-meteorologische-forschungsballon-der-kpch-ist-mit-dem-militaer-verbunden-analysten\/\"},\"wordCount\":683,\"commentCount\":0,\"publisher\":{\"@id\":\"https:\/\/now-news.de\/de\/#organization\"},\"image\":{\"@id\":\"https:\/\/now-news.de\/de\/china\/der-meteorologische-forschungsballon-der-kpch-ist-mit-dem-militaer-verbunden-analysten\/#primaryimage\"},\"thumbnailUrl\":\"https:\/\/now-news.de\/de\/wp-content\/uploads\/sites\/3\/2023\/02\/1675702077_Der-\u201eMeteorologische-Forschungsballon-der-KPCh-ist-mit-dem-Militaer-verbunden.jpg\",\"keywords\":[\"Analysten\",\"DEM\",\"der\",\"Forschungsballon\",\"ist\",\"KPCh\",\"Meteorologische\",\"Milit\u00e4r\",\"mit\",\"verbunden\"],\"articleSection\":[\"China\"],\"inLanguage\":\"de\",\"potentialAction\":[{\"@type\":\"CommentAction\",\"name\":\"Comment\",\"target\":[\"https:\/\/now-news.de\/de\/china\/der-meteorologische-forschungsballon-der-kpch-ist-mit-dem-militaer-verbunden-analysten\/#respond\"]}]},{\"@type\":\"WebPage\",\"@id\":\"https:\/\/now-news.de\/de\/china\/der-meteorologische-forschungsballon-der-kpch-ist-mit-dem-militaer-verbunden-analysten\/\",\"url\":\"https:\/\/now-news.de\/de\/china\/der-meteorologische-forschungsballon-der-kpch-ist-mit-dem-militaer-verbunden-analysten\/\",\"name\":\"Der \u201eMeteorologische Forschungsballon\u201c der KPCh ist mit dem Milit\u00e4r verbunden: Analysten - just-now.NEWS Deutschland\",\"isPartOf\":{\"@id\":\"https:\/\/now-news.de\/de\/#website\"},\"primaryImageOfPage\":{\"@id\":\"https:\/\/now-news.de\/de\/china\/der-meteorologische-forschungsballon-der-kpch-ist-mit-dem-militaer-verbunden-analysten\/#primaryimage\"},\"image\":{\"@id\":\"https:\/\/now-news.de\/de\/china\/der-meteorologische-forschungsballon-der-kpch-ist-mit-dem-militaer-verbunden-analysten\/#primaryimage\"},\"thumbnailUrl\":\"https:\/\/now-news.de\/de\/wp-content\/uploads\/sites\/3\/2023\/02\/1675702077_Der-\u201eMeteorologische-Forschungsballon-der-KPCh-ist-mit-dem-Militaer-verbunden.jpg\",\"datePublished\":\"2023-02-06T16:26:53+00:00\",\"dateModified\":\"2023-02-06T16:26:53+00:00\",\"breadcrumb\":{\"@id\":\"https:\/\/now-news.de\/de\/china\/der-meteorologische-forschungsballon-der-kpch-ist-mit-dem-militaer-verbunden-analysten\/#breadcrumb\"},\"inLanguage\":\"de\",\"potentialAction\":[{\"@type\":\"ReadAction\",\"target\":[\"https:\/\/now-news.de\/de\/china\/der-meteorologische-forschungsballon-der-kpch-ist-mit-dem-militaer-verbunden-analysten\/\"]}]},{\"@type\":\"ImageObject\",\"inLanguage\":\"de\",\"@id\":\"https:\/\/now-news.de\/de\/china\/der-meteorologische-forschungsballon-der-kpch-ist-mit-dem-militaer-verbunden-analysten\/#primaryimage\",\"url\":\"https:\/\/now-news.de\/de\/wp-content\/uploads\/sites\/3\/2023\/02\/1675702077_Der-\u201eMeteorologische-Forschungsballon-der-KPCh-ist-mit-dem-Militaer-verbunden.jpg\",\"contentUrl\":\"https:\/\/now-news.de\/de\/wp-content\/uploads\/sites\/3\/2023\/02\/1675702077_Der-\u201eMeteorologische-Forschungsballon-der-KPCh-ist-mit-dem-Militaer-verbunden.jpg\",\"width\":1200,\"height\":675},{\"@type\":\"BreadcrumbList\",\"@id\":\"https:\/\/now-news.de\/de\/china\/der-meteorologische-forschungsballon-der-kpch-ist-mit-dem-militaer-verbunden-analysten\/#breadcrumb\",\"itemListElement\":[{\"@type\":\"ListItem\",\"position\":1,\"name\":\"Home\",\"item\":\"https:\/\/now-news.de\/de\/\"},{\"@type\":\"ListItem\",\"position\":2,\"name\":\"Der \u201eMeteorologische Forschungsballon\u201c der KPCh ist mit dem Milit\u00e4r verbunden: Analysten\"}]},{\"@type\":\"WebSite\",\"@id\":\"https:\/\/now-news.de\/de\/#website\",\"url\":\"https:\/\/now-news.de\/de\/\",\"name\":\"just-now.NEWS Deutschland\",\"description\":\"Das Portal f\u00fcr unzensierte Nachrichten aus der Welt\",\"publisher\":{\"@id\":\"https:\/\/now-news.de\/de\/#organization\"},\"potentialAction\":[{\"@type\":\"SearchAction\",\"target\":{\"@type\":\"EntryPoint\",\"urlTemplate\":\"https:\/\/now-news.de\/de\/?s={search_term_string}\"},\"query-input\":\"required name=search_term_string\"}],\"inLanguage\":\"de\"},{\"@type\":\"Organization\",\"@id\":\"https:\/\/now-news.de\/de\/#organization\",\"name\":\"Just Now News\",\"url\":\"https:\/\/now-news.de\/de\/\",\"logo\":{\"@type\":\"ImageObject\",\"inLanguage\":\"de\",\"@id\":\"https:\/\/now-news.de\/de\/#\/schema\/logo\/image\/\",\"url\":\"http:\/\/just-now.news\/de\/wp-content\/uploads\/sites\/3\/2022\/04\/logo500x500.jpg\",\"contentUrl\":\"http:\/\/just-now.news\/de\/wp-content\/uploads\/sites\/3\/2022\/04\/logo500x500.jpg\",\"width\":500,\"height\":500,\"caption\":\"Just Now News\"},\"image\":{\"@id\":\"https:\/\/now-news.de\/de\/#\/schema\/logo\/image\/\"},\"sameAs\":[\"https:\/\/www.facebook.com\/wirmachenauf\",\"https:\/\/x.com\/WirMachenAuf_de\"]},{\"@type\":\"Person\",\"@id\":\"https:\/\/now-news.de\/de\/#\/schema\/person\/c6dfcd35a72a074487761b9d49aef52f\",\"name\":\"epoch\",\"image\":{\"@type\":\"ImageObject\",\"inLanguage\":\"de\",\"@id\":\"https:\/\/now-news.de\/de\/#\/schema\/person\/image\/\",\"url\":\"https:\/\/secure.gravatar.com\/avatar\/56933836307948e61ef581cc4d100335?s=96&d=mm&r=g\",\"contentUrl\":\"https:\/\/secure.gravatar.com\/avatar\/56933836307948e61ef581cc4d100335?s=96&d=mm&r=g\",\"caption\":\"epoch\"},\"url\":\"https:\/\/now-news.de\/de\/author\/epoch\/\"}]}<\/script>\n<!-- \/ Yoast SEO Premium plugin. -->","yoast_head_json":{"title":"Der \u201eMeteorologische Forschungsballon\u201c der KPCh ist mit dem Milit\u00e4r verbunden: Analysten - just-now.NEWS Deutschland","robots":{"index":"index","follow":"follow","max-snippet":"max-snippet:-1","max-image-preview":"max-image-preview:large","max-video-preview":"max-video-preview:-1"},"canonical":"https:\/\/now-news.de\/de\/china\/der-meteorologische-forschungsballon-der-kpch-ist-mit-dem-militaer-verbunden-analysten\/","og_locale":"de_DE","og_type":"article","og_title":"Der \u201eMeteorologische Forschungsballon\u201c der KPCh ist mit dem Milit\u00e4r verbunden: Analysten","og_description":"Nachdem die Vereinigten Staaten am Samstag den chinesischen Spionageballon abgeschossen hatten, protestierte Peking und sagte, es sei \u201eder gewaltsame US-Angriff auf ein ziviles unbemanntes Luftschiff\u201c. Chinesische Analysten waren sich jedoch einig, dass der Abschuss des Ballons notwendig war, um der Aggression des chinesischen Regimes entgegenzuwirken. Am 5. Februar gab Peking eine Erkl\u00e4rung ab, in der [&hellip;]","og_url":"https:\/\/now-news.de\/de\/china\/der-meteorologische-forschungsballon-der-kpch-ist-mit-dem-militaer-verbunden-analysten\/","og_site_name":"just-now.NEWS Deutschland","article_publisher":"https:\/\/www.facebook.com\/wirmachenauf","article_published_time":"2023-02-06T16:26:53+00:00","og_image":[{"width":1200,"height":675,"url":"https:\/\/now-news.de\/de\/wp-content\/uploads\/sites\/3\/2023\/02\/1675702077_Der-\u201eMeteorologische-Forschungsballon-der-KPCh-ist-mit-dem-Militaer-verbunden.jpg","type":"image\/jpeg"}],"author":"epoch","twitter_card":"summary_large_image","twitter_creator":"@WirMachenAuf_de","twitter_site":"@WirMachenAuf_de","twitter_misc":{"Verfasst von":"epoch","Gesch\u00e4tzte Lesezeit":"3\u00a0Minuten"},"schema":{"@context":"https:\/\/schema.org","@graph":[{"@type":"Article","@id":"https:\/\/now-news.de\/de\/china\/der-meteorologische-forschungsballon-der-kpch-ist-mit-dem-militaer-verbunden-analysten\/#article","isPartOf":{"@id":"https:\/\/now-news.de\/de\/china\/der-meteorologische-forschungsballon-der-kpch-ist-mit-dem-militaer-verbunden-analysten\/"},"author":{"name":"epoch","@id":"https:\/\/now-news.de\/de\/#\/schema\/person\/c6dfcd35a72a074487761b9d49aef52f"},"headline":"Der \u201eMeteorologische Forschungsballon\u201c der KPCh ist mit dem Milit\u00e4r verbunden: Analysten","datePublished":"2023-02-06T16:26:53+00:00","dateModified":"2023-02-06T16:26:53+00:00","mainEntityOfPage":{"@id":"https:\/\/now-news.de\/de\/china\/der-meteorologische-forschungsballon-der-kpch-ist-mit-dem-militaer-verbunden-analysten\/"},"wordCount":683,"commentCount":0,"publisher":{"@id":"https:\/\/now-news.de\/de\/#organization"},"image":{"@id":"https:\/\/now-news.de\/de\/china\/der-meteorologische-forschungsballon-der-kpch-ist-mit-dem-militaer-verbunden-analysten\/#primaryimage"},"thumbnailUrl":"https:\/\/now-news.de\/de\/wp-content\/uploads\/sites\/3\/2023\/02\/1675702077_Der-\u201eMeteorologische-Forschungsballon-der-KPCh-ist-mit-dem-Militaer-verbunden.jpg","keywords":["Analysten","DEM","der","Forschungsballon","ist","KPCh","Meteorologische","Milit\u00e4r","mit","verbunden"],"articleSection":["China"],"inLanguage":"de","potentialAction":[{"@type":"CommentAction","name":"Comment","target":["https:\/\/now-news.de\/de\/china\/der-meteorologische-forschungsballon-der-kpch-ist-mit-dem-militaer-verbunden-analysten\/#respond"]}]},{"@type":"WebPage","@id":"https:\/\/now-news.de\/de\/china\/der-meteorologische-forschungsballon-der-kpch-ist-mit-dem-militaer-verbunden-analysten\/","url":"https:\/\/now-news.de\/de\/china\/der-meteorologische-forschungsballon-der-kpch-ist-mit-dem-militaer-verbunden-analysten\/","name":"Der \u201eMeteorologische Forschungsballon\u201c der KPCh ist mit dem Milit\u00e4r verbunden: Analysten - just-now.NEWS Deutschland","isPartOf":{"@id":"https:\/\/now-news.de\/de\/#website"},"primaryImageOfPage":{"@id":"https:\/\/now-news.de\/de\/china\/der-meteorologische-forschungsballon-der-kpch-ist-mit-dem-militaer-verbunden-analysten\/#primaryimage"},"image":{"@id":"https:\/\/now-news.de\/de\/china\/der-meteorologische-forschungsballon-der-kpch-ist-mit-dem-militaer-verbunden-analysten\/#primaryimage"},"thumbnailUrl":"https:\/\/now-news.de\/de\/wp-content\/uploads\/sites\/3\/2023\/02\/1675702077_Der-\u201eMeteorologische-Forschungsballon-der-KPCh-ist-mit-dem-Militaer-verbunden.jpg","datePublished":"2023-02-06T16:26:53+00:00","dateModified":"2023-02-06T16:26:53+00:00","breadcrumb":{"@id":"https:\/\/now-news.de\/de\/china\/der-meteorologische-forschungsballon-der-kpch-ist-mit-dem-militaer-verbunden-analysten\/#breadcrumb"},"inLanguage":"de","potentialAction":[{"@type":"ReadAction","target":["https:\/\/now-news.de\/de\/china\/der-meteorologische-forschungsballon-der-kpch-ist-mit-dem-militaer-verbunden-analysten\/"]}]},{"@type":"ImageObject","inLanguage":"de","@id":"https:\/\/now-news.de\/de\/china\/der-meteorologische-forschungsballon-der-kpch-ist-mit-dem-militaer-verbunden-analysten\/#primaryimage","url":"https:\/\/now-news.de\/de\/wp-content\/uploads\/sites\/3\/2023\/02\/1675702077_Der-\u201eMeteorologische-Forschungsballon-der-KPCh-ist-mit-dem-Militaer-verbunden.jpg","contentUrl":"https:\/\/now-news.de\/de\/wp-content\/uploads\/sites\/3\/2023\/02\/1675702077_Der-\u201eMeteorologische-Forschungsballon-der-KPCh-ist-mit-dem-Militaer-verbunden.jpg","width":1200,"height":675},{"@type":"BreadcrumbList","@id":"https:\/\/now-news.de\/de\/china\/der-meteorologische-forschungsballon-der-kpch-ist-mit-dem-militaer-verbunden-analysten\/#breadcrumb","itemListElement":[{"@type":"ListItem","position":1,"name":"Home","item":"https:\/\/now-news.de\/de\/"},{"@type":"ListItem","position":2,"name":"Der \u201eMeteorologische Forschungsballon\u201c der KPCh ist mit dem Milit\u00e4r verbunden: Analysten"}]},{"@type":"WebSite","@id":"https:\/\/now-news.de\/de\/#website","url":"https:\/\/now-news.de\/de\/","name":"just-now.NEWS Deutschland","description":"Das Portal f\u00fcr unzensierte Nachrichten aus der Welt","publisher":{"@id":"https:\/\/now-news.de\/de\/#organization"},"potentialAction":[{"@type":"SearchAction","target":{"@type":"EntryPoint","urlTemplate":"https:\/\/now-news.de\/de\/?s={search_term_string}"},"query-input":"required name=search_term_string"}],"inLanguage":"de"},{"@type":"Organization","@id":"https:\/\/now-news.de\/de\/#organization","name":"Just Now News","url":"https:\/\/now-news.de\/de\/","logo":{"@type":"ImageObject","inLanguage":"de","@id":"https:\/\/now-news.de\/de\/#\/schema\/logo\/image\/","url":"http:\/\/just-now.news\/de\/wp-content\/uploads\/sites\/3\/2022\/04\/logo500x500.jpg","contentUrl":"http:\/\/just-now.news\/de\/wp-content\/uploads\/sites\/3\/2022\/04\/logo500x500.jpg","width":500,"height":500,"caption":"Just Now News"},"image":{"@id":"https:\/\/now-news.de\/de\/#\/schema\/logo\/image\/"},"sameAs":["https:\/\/www.facebook.com\/wirmachenauf","https:\/\/x.com\/WirMachenAuf_de"]},{"@type":"Person","@id":"https:\/\/now-news.de\/de\/#\/schema\/person\/c6dfcd35a72a074487761b9d49aef52f","name":"epoch","image":{"@type":"ImageObject","inLanguage":"de","@id":"https:\/\/now-news.de\/de\/#\/schema\/person\/image\/","url":"https:\/\/secure.gravatar.com\/avatar\/56933836307948e61ef581cc4d100335?s=96&d=mm&r=g","contentUrl":"https:\/\/secure.gravatar.com\/avatar\/56933836307948e61ef581cc4d100335?s=96&d=mm&r=g","caption":"epoch"},"url":"https:\/\/now-news.de\/de\/author\/epoch\/"}]}},"_links":{"self":[{"href":"https:\/\/now-news.de\/de\/wp-json\/wp\/v2\/posts\/29608"}],"collection":[{"href":"https:\/\/now-news.de\/de\/wp-json\/wp\/v2\/posts"}],"about":[{"href":"https:\/\/now-news.de\/de\/wp-json\/wp\/v2\/types\/post"}],"author":[{"embeddable":true,"href":"https:\/\/now-news.de\/de\/wp-json\/wp\/v2\/users\/6"}],"replies":[{"embeddable":true,"href":"https:\/\/now-news.de\/de\/wp-json\/wp\/v2\/comments?post=29608"}],"version-history":[{"count":0,"href":"https:\/\/now-news.de\/de\/wp-json\/wp\/v2\/posts\/29608\/revisions"}],"wp:featuredmedia":[{"embeddable":true,"href":"https:\/\/now-news.de\/de\/wp-json\/wp\/v2\/media\/29609"}],"wp:attachment":[{"href":"https:\/\/now-news.de\/de\/wp-json\/wp\/v2\/media?parent=29608"}],"wp:term":[{"taxonomy":"category","embeddable":true,"href":"https:\/\/now-news.de\/de\/wp-json\/wp\/v2\/categories?post=29608"},{"taxonomy":"post_tag","embeddable":true,"href":"https:\/\/now-news.de\/de\/wp-json\/wp\/v2\/tags?post=29608"}],"curies":[{"name":"wp","href":"https:\/\/api.w.org\/{rel}","templated":true}]}}