{"id":29604,"date":"2023-02-06T18:11:49","date_gmt":"2023-02-06T16:11:49","guid":{"rendered":"https:\/\/just-now.news\/de\/deutschland\/wir-sind-im-krieg-mit-rt-nicht-miteinander\/"},"modified":"2023-02-06T18:11:49","modified_gmt":"2023-02-06T16:11:49","slug":"wir-sind-im-krieg-mit-rt-nicht-miteinander","status":"publish","type":"post","link":"https:\/\/now-news.de\/de\/deutschland\/wir-sind-im-krieg-mit-rt-nicht-miteinander\/","title":{"rendered":"&quot;Wir sind im Krieg mit RT, nicht miteinander&quot;"},"content":{"rendered":"<p><img decoding=\"async\" src=\"http:\/\/just-now.news\/de\/wp-content\/uploads\/sites\/3\/2023\/02\/63e1196048fbef2eeb696c79.jpg\" \/><\/p>\n<div class=\"Text-root Text-type_1 \">\n                Nein, das hat Annalena Baerbock nicht gesagt, zumindest nicht, dass ich w\u00fcsste. Aber faktisch f\u00fchlt es sich als Journalist so an. RT in Deutschland wurde so lange diffamiert und unter Druck gesetzt, dass nun das erzwungene Ende kam.\n            <\/div>\n<p><\/p>\n<div class=\"Text-root Text-type_5 ArticleView-text ViewText-root \">\n<p><em>Von Tom J. Wellbrock<\/em><\/p>\n<p>Was juckt es die Eiche, wenn sich eine Sau an ihr reibt? Nun, offenbar ist da etwas. Denn die &#8220;Sau&#8221; \u2013 um im Bild zu bleiben \u2013 ist RT, und gemeinsam mit den dort arbeitenden Journalisten wetzt sich der russische Sender st\u00e4ndig an der &#8220;Eiche&#8221;. Dass die sich so empfindlich zeigt, l\u00e4sst tief blicken, ist aber keine gute Nachricht. <strong><\/strong><\/p>\n<p>Ich erspare mir den Hinweis auf das Recht der freien Meinungs\u00e4u\u00dferung, die Pressefreiheit und das Versprechen, eine Zensur finde nicht statt. Wer immer noch der Meinung ist, diese so wichtigen Errungenschaften h\u00e4tten Bestand, muss sich l\u00e4ngst in eine ferne und surreale Parallelwelt verabschiedet haben. Hoffentlich ist es dort sch\u00f6n.<\/p>\n<p>Warum also ist die &#8220;Eiche&#8221; so empfindlich? Faktisch wird Deutschland von einer Medienlandschaft beherrscht, die nahezu unbesiegbar ist. Dieses System ist \u2013 das muss man neidlos anerkennen \u2013 perfekt organisiert und orchestriert. Die Kommunikation ist eine Mischung aus Flurfunk, Gedanken\u00fcbertragung und karrierebedingter Folgsamkeit, in der Summe f\u00fcr den B\u00fcrger nicht zu durchschauen und erst recht nicht zu widerlegen. Der immer wieder genannte Vorwurf der &#8220;Gleichschaltung&#8221; trifft meiner Meinung aber nicht zu, zumindest nicht so, wie man es sich vorstellen mag:<\/p>\n<p>Redakteur:<em> &#8220;Mein Artikel ist fertig, soll ich noch etwas ver\u00e4ndern?&#8221;<\/em><\/p>\n<p>Chefredakteur:<em> &#8220;Ja, wir haben gerade einen Anruf aus Berlin bekommen. Die sagen, du sollst den Mittelteil weglassen.&#8221;<\/em><\/p>\n<p>Eine solche Praxis w\u00e4re vielleicht sogar noch entschuldbar. Vom Staat gesteuerte Medien, die keinerlei Souver\u00e4nit\u00e4t haben und lediglich Befehlsempf\u00e4nger der Regierung sind. Doch es ist weit schlimmer.<\/p>\n<p><strong>Mainstream ohne Druck<\/strong><\/p>\n<p>Der Mainstream wird nicht unter Druck gesetzt, es ist \u00fcberhaupt nicht notwendig. Die Karrieren der gut bezahlten Journalisten in Deutschlands Redaktionsstuben laufen bestens, wenn sie einfach machen, was sie eben machen. Und das ist das Schreiben im Sinne der Regierenden. Sie tun das ohne Not. Anders die weniger gut bezahlten Journalisten in den Redaktionsstuben, die bei ihrem Chefredakteur nachfragen m\u00fcssen, ob sie dies so oder so schreiben d\u00fcrfen. Der Chefredakteur muss sich aber nicht den Segen aus Berlin holen, er hat seine Aufgabe, seine Hingabe, seine Berufung, so sehr verinnerlicht, dass Berlin ihm keine weitere Beachtung schenken muss.<\/p>\n<p>Und doch \u2026 das monstr\u00f6se Medienorchester ist nerv\u00f6s. Wegen dieser &#8220;alternativen Medien&#8221;, die ihre Blogs betreiben, Podcasts machen, Videos, Interviews, all diese Dinge. In der Regel haben diese Medien wenig Reichweite, sie fristen das Dasein einsamer K\u00e4mpfer, und bei nicht wenigen stimmt das Bild des Nerds, der Chips essend, rauchend und bei geschlossenem Fenster an seinem Platz sitzt, um die Wahrheit zu verk\u00fcnden. Oft genug gelingt den Alternativen das auch, nur dass es eben kaum jemand liest.<\/p>\n<p><strong>Nicht weit reichende Reichweite<\/strong><\/p>\n<p>Immer wieder tauchen aber Formate auf, die mehr Reichweite als ihre alternativen Verwandten erzielen. Wehe ihnen! Sie k\u00f6nnen unbehelligt tun, was immer sie wollen, schreiben, was immer sie denken, aber \u2013 das sollte doch wohl klar sein! \u2013 nur in einem gewissen Rahmen. Wird dieser gesprengt, gibt\u2019s Stress. Wir kennen das von unterschiedlichen Formaten, die zun\u00e4chst mit einem &#8220;Schatten&#8221; belegt werden (Shadow banning), und wenn das nichts n\u00fctzt, werden Inhalte gesperrt, f\u00fcr einen gewissen Zeitraum. Ist dann noch immer keine Einsicht erkennbar, verschwinden sie einfach. Nicht so wie damals in Chile, still und effizient, nein, hier werden sie laut und \u00f6ffentlichkeitswirksam so lange durch die Manege getrieben, bis sie die Segel streichen m\u00fcssen.<\/p>\n<p>Jetzt also RT. Ob man den Sender als alternatives Medium bezeichnen kann, sei dahingestellt. In jedem Fall aber deckt RT ein Meinungsspektrum ab, das der Mainstream nachweislich nicht aufgreift. Und eben das ist das Problem. Wir sind in einer Debatten-&#8220;Kultur&#8221; angekommen, die Inhalte filtert und selektiert, was sagbar ist und was nicht. Dabei geht es in letzter Konsequenz nicht einmal mehr darum, was das geschriebene oder gesprochene Wort von RT bewirken kann. Wie schon erw\u00e4hnt, ist unsere Medienlandschaft so orchestriert und organisiert, dass abweichende Meinungen und Berichte \u00fcber Fakten, die unerw\u00fcnscht sind, ohnehin faktisch keinen Einfluss haben.<\/p>\n<p>Das macht es nicht besser, im Gegenteil, denn offenkundig ist es so, dass Meinungen auch ohne weitere Auswirkungen auf das funktionierende System nicht mehr willkommen sind und besser ausradiert werden. Es ist also eine optimistische Einsch\u00e4tzung, dass der Mainstream so etwas wie Angst hat, besorgt ist, dass er seine Deutungshoheit verlieren k\u00f6nnte. Meiner Meinung nach gibt es die Sorge nicht oder nur schwach ausgepr\u00e4gt, das Ziel ist vielmehr, abweichende Erz\u00e4hlungen pr\u00e4ventiv auszublenden. Selbst wenn die Besch\u00e4ftigung mit den Inhalten von RT also nur einen \u00fcberschaubaren Einfluss hat, reicht das den Meinungs- und Medienw\u00e4chtern nicht aus. Deren Ziel ist die komplette Eliminierung von Berichten, die ihr Narrativ st\u00f6ren.<\/p>\n<p>Es juckt die Eiche also tats\u00e4chlich nicht, wenn sich die Sau an ihr reibt. Es ist ihr aber noch lieber, wenn weit und breit keine Sau zu sehen ist. Also wird jede Sau gejagt und verfolgt\u00a0\u2013 solange, bis sie sich andere Reviere sucht.<\/p>\n<p><em>Tom J. Wellbrock\u00a0ist Journalist, Sprecher, Texter, Podcaster, Moderator und Mitherausgeber des Blogs &#8220;<a rel=\"nofollow noopener\" target=\"_blank\" href=\"http:\/\/www.neulandrebellen.de\/\">neulandrebellen<\/a>&#8220;.<\/em><\/p>\n<p><strong>Mehr zum Thema<\/strong> &#8211; <a rel=\"nofollow noopener\" target=\"_blank\" href=\"https:\/\/freeassange.rtde.me\/meinung\/154107-desinformation-mainstream-blaest-zur-naechsten-runde\/\">&#8220;Warum stoppt niemand RT DE?&#8221; \u2013 Mainstream bl\u00e4st zur n\u00e4chsten Runde im Propagandakampf <\/a><\/p>\n<\/div>\n<p><br \/>\n<br \/><a href=\"https:\/\/de.rt.com\/meinung\/162075-wir-sind-im-krieg-mit\/\">Source link <\/a><\/p>\n","protected":false},"excerpt":{"rendered":"<p>Nein, das hat Annalena Baerbock nicht gesagt, zumindest nicht, dass ich w\u00fcsste. Aber faktisch f\u00fchlt es sich als Journalist so an. RT in Deutschland wurde so lange diffamiert und unter Druck gesetzt, dass nun das erzwungene Ende kam. Von Tom J. Wellbrock Was juckt es die Eiche, wenn sich eine Sau an ihr reibt? Nun, [&hellip;]<\/p>\n","protected":false},"author":3,"featured_media":29605,"comment_status":"open","ping_status":"open","sticky":false,"template":"","format":"standard","meta":{"_yoast_indexnow_last_ping":["1675700564"],"wp_automatic_camp":["217"],"feab5e382bb24c5663c084d9867e1eab":["&quot;Wir sind im Krieg mit RT, nicht miteinander&quot;"],"original_link":["https:\/\/de.rt.com\/meinung\/162075-wir-sind-im-krieg-mit\/"],"_thumbnail_id":["29605"],"_wptgpro_p2tg_sent2tg":["a:1:{i:23737;s:19:\"2023-02-06 18:23:48\";}"],"jnews_social_counter_last_update":["1777403272"]},"categories":[19,23],"tags":[130,419,40282,800,5451,1046],"yoast_head":"<!-- This site is optimized with the Yoast SEO Premium plugin v22.7 (Yoast SEO v22.7) - https:\/\/yoast.com\/wordpress\/plugins\/seo\/ -->\n<title>&quot;Wir sind im Krieg mit RT, nicht miteinander&quot; - just-now.NEWS Deutschland<\/title>\n<meta name=\"robots\" content=\"index, follow, max-snippet:-1, max-image-preview:large, max-video-preview:-1\" \/>\n<link rel=\"canonical\" href=\"https:\/\/now-news.de\/de\/deutschland\/wir-sind-im-krieg-mit-rt-nicht-miteinander\/\" \/>\n<meta property=\"og:locale\" content=\"de_DE\" \/>\n<meta property=\"og:type\" content=\"article\" \/>\n<meta property=\"og:title\" content=\"&quot;Wir sind im Krieg mit RT, nicht miteinander&quot;\" \/>\n<meta property=\"og:description\" content=\"Nein, das hat Annalena Baerbock nicht gesagt, zumindest nicht, dass ich w\u00fcsste. Aber faktisch f\u00fchlt es sich als Journalist so an. RT in Deutschland wurde so lange diffamiert und unter Druck gesetzt, dass nun das erzwungene Ende kam. Von Tom J. Wellbrock Was juckt es die Eiche, wenn sich eine Sau an ihr reibt? Nun, [&hellip;]\" \/>\n<meta property=\"og:url\" content=\"https:\/\/now-news.de\/de\/deutschland\/wir-sind-im-krieg-mit-rt-nicht-miteinander\/\" \/>\n<meta property=\"og:site_name\" content=\"just-now.NEWS Deutschland\" \/>\n<meta property=\"article:publisher\" content=\"https:\/\/www.facebook.com\/wirmachenauf\" \/>\n<meta property=\"article:published_time\" content=\"2023-02-06T16:11:49+00:00\" \/>\n<meta property=\"og:image\" content=\"https:\/\/now-news.de\/de\/wp-content\/uploads\/sites\/3\/2023\/02\/quotWir-sind-im-Krieg-mit-RT-nicht-miteinanderquot.jpg\" \/>\n\t<meta property=\"og:image:width\" content=\"460\" \/>\n\t<meta property=\"og:image:height\" content=\"259\" \/>\n\t<meta property=\"og:image:type\" content=\"image\/jpeg\" \/>\n<meta name=\"author\" content=\"rtnews\" \/>\n<meta name=\"twitter:card\" content=\"summary_large_image\" \/>\n<meta name=\"twitter:creator\" content=\"@WirMachenAuf_de\" \/>\n<meta name=\"twitter:site\" content=\"@WirMachenAuf_de\" \/>\n<meta name=\"twitter:label1\" content=\"Verfasst von\" \/>\n\t<meta name=\"twitter:data1\" content=\"rtnews\" \/>\n\t<meta name=\"twitter:label2\" content=\"Gesch\u00e4tzte Lesezeit\" \/>\n\t<meta name=\"twitter:data2\" content=\"4\u00a0Minuten\" \/>\n<script type=\"application\/ld+json\" class=\"yoast-schema-graph\">{\"@context\":\"https:\/\/schema.org\",\"@graph\":[{\"@type\":\"Article\",\"@id\":\"https:\/\/now-news.de\/de\/deutschland\/wir-sind-im-krieg-mit-rt-nicht-miteinander\/#article\",\"isPartOf\":{\"@id\":\"https:\/\/now-news.de\/de\/deutschland\/wir-sind-im-krieg-mit-rt-nicht-miteinander\/\"},\"author\":{\"name\":\"rtnews\",\"@id\":\"https:\/\/now-news.de\/de\/#\/schema\/person\/fb534a4e865501d8b3285208df34a9b5\"},\"headline\":\"&quot;Wir sind im Krieg mit RT, nicht miteinander&quot;\",\"datePublished\":\"2023-02-06T16:11:49+00:00\",\"dateModified\":\"2023-02-06T16:11:49+00:00\",\"mainEntityOfPage\":{\"@id\":\"https:\/\/now-news.de\/de\/deutschland\/wir-sind-im-krieg-mit-rt-nicht-miteinander\/\"},\"wordCount\":905,\"commentCount\":0,\"publisher\":{\"@id\":\"https:\/\/now-news.de\/de\/#organization\"},\"image\":{\"@id\":\"https:\/\/now-news.de\/de\/deutschland\/wir-sind-im-krieg-mit-rt-nicht-miteinander\/#primaryimage\"},\"thumbnailUrl\":\"https:\/\/now-news.de\/de\/wp-content\/uploads\/sites\/3\/2023\/02\/quotWir-sind-im-Krieg-mit-RT-nicht-miteinanderquot.jpg\",\"keywords\":[\"krieg\",\"mit\",\"miteinanderquot\",\"nicht\",\"quotWir\",\"sind\"],\"articleSection\":[\"Deutschland\",\"Russland\"],\"inLanguage\":\"de\",\"potentialAction\":[{\"@type\":\"CommentAction\",\"name\":\"Comment\",\"target\":[\"https:\/\/now-news.de\/de\/deutschland\/wir-sind-im-krieg-mit-rt-nicht-miteinander\/#respond\"]}]},{\"@type\":\"WebPage\",\"@id\":\"https:\/\/now-news.de\/de\/deutschland\/wir-sind-im-krieg-mit-rt-nicht-miteinander\/\",\"url\":\"https:\/\/now-news.de\/de\/deutschland\/wir-sind-im-krieg-mit-rt-nicht-miteinander\/\",\"name\":\"&quot;Wir sind im Krieg mit RT, nicht miteinander&quot; - just-now.NEWS Deutschland\",\"isPartOf\":{\"@id\":\"https:\/\/now-news.de\/de\/#website\"},\"primaryImageOfPage\":{\"@id\":\"https:\/\/now-news.de\/de\/deutschland\/wir-sind-im-krieg-mit-rt-nicht-miteinander\/#primaryimage\"},\"image\":{\"@id\":\"https:\/\/now-news.de\/de\/deutschland\/wir-sind-im-krieg-mit-rt-nicht-miteinander\/#primaryimage\"},\"thumbnailUrl\":\"https:\/\/now-news.de\/de\/wp-content\/uploads\/sites\/3\/2023\/02\/quotWir-sind-im-Krieg-mit-RT-nicht-miteinanderquot.jpg\",\"datePublished\":\"2023-02-06T16:11:49+00:00\",\"dateModified\":\"2023-02-06T16:11:49+00:00\",\"breadcrumb\":{\"@id\":\"https:\/\/now-news.de\/de\/deutschland\/wir-sind-im-krieg-mit-rt-nicht-miteinander\/#breadcrumb\"},\"inLanguage\":\"de\",\"potentialAction\":[{\"@type\":\"ReadAction\",\"target\":[\"https:\/\/now-news.de\/de\/deutschland\/wir-sind-im-krieg-mit-rt-nicht-miteinander\/\"]}]},{\"@type\":\"ImageObject\",\"inLanguage\":\"de\",\"@id\":\"https:\/\/now-news.de\/de\/deutschland\/wir-sind-im-krieg-mit-rt-nicht-miteinander\/#primaryimage\",\"url\":\"https:\/\/now-news.de\/de\/wp-content\/uploads\/sites\/3\/2023\/02\/quotWir-sind-im-Krieg-mit-RT-nicht-miteinanderquot.jpg\",\"contentUrl\":\"https:\/\/now-news.de\/de\/wp-content\/uploads\/sites\/3\/2023\/02\/quotWir-sind-im-Krieg-mit-RT-nicht-miteinanderquot.jpg\",\"width\":460,\"height\":259,\"caption\":\"&quot;Wir sind im Krieg mit RT, nicht miteinander&quot;\"},{\"@type\":\"BreadcrumbList\",\"@id\":\"https:\/\/now-news.de\/de\/deutschland\/wir-sind-im-krieg-mit-rt-nicht-miteinander\/#breadcrumb\",\"itemListElement\":[{\"@type\":\"ListItem\",\"position\":1,\"name\":\"Home\",\"item\":\"https:\/\/now-news.de\/de\/\"},{\"@type\":\"ListItem\",\"position\":2,\"name\":\"&quot;Wir sind im Krieg mit RT, nicht miteinander&quot;\"}]},{\"@type\":\"WebSite\",\"@id\":\"https:\/\/now-news.de\/de\/#website\",\"url\":\"https:\/\/now-news.de\/de\/\",\"name\":\"just-now.NEWS Deutschland\",\"description\":\"Das Portal f\u00fcr unzensierte Nachrichten aus der Welt\",\"publisher\":{\"@id\":\"https:\/\/now-news.de\/de\/#organization\"},\"potentialAction\":[{\"@type\":\"SearchAction\",\"target\":{\"@type\":\"EntryPoint\",\"urlTemplate\":\"https:\/\/now-news.de\/de\/?s={search_term_string}\"},\"query-input\":\"required name=search_term_string\"}],\"inLanguage\":\"de\"},{\"@type\":\"Organization\",\"@id\":\"https:\/\/now-news.de\/de\/#organization\",\"name\":\"Just Now News\",\"url\":\"https:\/\/now-news.de\/de\/\",\"logo\":{\"@type\":\"ImageObject\",\"inLanguage\":\"de\",\"@id\":\"https:\/\/now-news.de\/de\/#\/schema\/logo\/image\/\",\"url\":\"http:\/\/just-now.news\/de\/wp-content\/uploads\/sites\/3\/2022\/04\/logo500x500.jpg\",\"contentUrl\":\"http:\/\/just-now.news\/de\/wp-content\/uploads\/sites\/3\/2022\/04\/logo500x500.jpg\",\"width\":500,\"height\":500,\"caption\":\"Just Now News\"},\"image\":{\"@id\":\"https:\/\/now-news.de\/de\/#\/schema\/logo\/image\/\"},\"sameAs\":[\"https:\/\/www.facebook.com\/wirmachenauf\",\"https:\/\/x.com\/WirMachenAuf_de\"]},{\"@type\":\"Person\",\"@id\":\"https:\/\/now-news.de\/de\/#\/schema\/person\/fb534a4e865501d8b3285208df34a9b5\",\"name\":\"rtnews\",\"image\":{\"@type\":\"ImageObject\",\"inLanguage\":\"de\",\"@id\":\"https:\/\/now-news.de\/de\/#\/schema\/person\/image\/\",\"url\":\"https:\/\/secure.gravatar.com\/avatar\/82aafea7d8127119dd649515f56e2117?s=96&d=mm&r=g\",\"contentUrl\":\"https:\/\/secure.gravatar.com\/avatar\/82aafea7d8127119dd649515f56e2117?s=96&d=mm&r=g\",\"caption\":\"rtnews\"},\"url\":\"https:\/\/now-news.de\/de\/author\/rnews\/\"}]}<\/script>\n<!-- \/ Yoast SEO Premium plugin. -->","yoast_head_json":{"title":"&quot;Wir sind im Krieg mit RT, nicht miteinander&quot; - just-now.NEWS Deutschland","robots":{"index":"index","follow":"follow","max-snippet":"max-snippet:-1","max-image-preview":"max-image-preview:large","max-video-preview":"max-video-preview:-1"},"canonical":"https:\/\/now-news.de\/de\/deutschland\/wir-sind-im-krieg-mit-rt-nicht-miteinander\/","og_locale":"de_DE","og_type":"article","og_title":"&quot;Wir sind im Krieg mit RT, nicht miteinander&quot;","og_description":"Nein, das hat Annalena Baerbock nicht gesagt, zumindest nicht, dass ich w\u00fcsste. Aber faktisch f\u00fchlt es sich als Journalist so an. RT in Deutschland wurde so lange diffamiert und unter Druck gesetzt, dass nun das erzwungene Ende kam. Von Tom J. Wellbrock Was juckt es die Eiche, wenn sich eine Sau an ihr reibt? Nun, [&hellip;]","og_url":"https:\/\/now-news.de\/de\/deutschland\/wir-sind-im-krieg-mit-rt-nicht-miteinander\/","og_site_name":"just-now.NEWS Deutschland","article_publisher":"https:\/\/www.facebook.com\/wirmachenauf","article_published_time":"2023-02-06T16:11:49+00:00","og_image":[{"width":460,"height":259,"url":"https:\/\/now-news.de\/de\/wp-content\/uploads\/sites\/3\/2023\/02\/quotWir-sind-im-Krieg-mit-RT-nicht-miteinanderquot.jpg","type":"image\/jpeg"}],"author":"rtnews","twitter_card":"summary_large_image","twitter_creator":"@WirMachenAuf_de","twitter_site":"@WirMachenAuf_de","twitter_misc":{"Verfasst von":"rtnews","Gesch\u00e4tzte Lesezeit":"4\u00a0Minuten"},"schema":{"@context":"https:\/\/schema.org","@graph":[{"@type":"Article","@id":"https:\/\/now-news.de\/de\/deutschland\/wir-sind-im-krieg-mit-rt-nicht-miteinander\/#article","isPartOf":{"@id":"https:\/\/now-news.de\/de\/deutschland\/wir-sind-im-krieg-mit-rt-nicht-miteinander\/"},"author":{"name":"rtnews","@id":"https:\/\/now-news.de\/de\/#\/schema\/person\/fb534a4e865501d8b3285208df34a9b5"},"headline":"&quot;Wir sind im Krieg mit RT, nicht miteinander&quot;","datePublished":"2023-02-06T16:11:49+00:00","dateModified":"2023-02-06T16:11:49+00:00","mainEntityOfPage":{"@id":"https:\/\/now-news.de\/de\/deutschland\/wir-sind-im-krieg-mit-rt-nicht-miteinander\/"},"wordCount":905,"commentCount":0,"publisher":{"@id":"https:\/\/now-news.de\/de\/#organization"},"image":{"@id":"https:\/\/now-news.de\/de\/deutschland\/wir-sind-im-krieg-mit-rt-nicht-miteinander\/#primaryimage"},"thumbnailUrl":"https:\/\/now-news.de\/de\/wp-content\/uploads\/sites\/3\/2023\/02\/quotWir-sind-im-Krieg-mit-RT-nicht-miteinanderquot.jpg","keywords":["krieg","mit","miteinanderquot","nicht","quotWir","sind"],"articleSection":["Deutschland","Russland"],"inLanguage":"de","potentialAction":[{"@type":"CommentAction","name":"Comment","target":["https:\/\/now-news.de\/de\/deutschland\/wir-sind-im-krieg-mit-rt-nicht-miteinander\/#respond"]}]},{"@type":"WebPage","@id":"https:\/\/now-news.de\/de\/deutschland\/wir-sind-im-krieg-mit-rt-nicht-miteinander\/","url":"https:\/\/now-news.de\/de\/deutschland\/wir-sind-im-krieg-mit-rt-nicht-miteinander\/","name":"&quot;Wir sind im Krieg mit RT, nicht miteinander&quot; - just-now.NEWS Deutschland","isPartOf":{"@id":"https:\/\/now-news.de\/de\/#website"},"primaryImageOfPage":{"@id":"https:\/\/now-news.de\/de\/deutschland\/wir-sind-im-krieg-mit-rt-nicht-miteinander\/#primaryimage"},"image":{"@id":"https:\/\/now-news.de\/de\/deutschland\/wir-sind-im-krieg-mit-rt-nicht-miteinander\/#primaryimage"},"thumbnailUrl":"https:\/\/now-news.de\/de\/wp-content\/uploads\/sites\/3\/2023\/02\/quotWir-sind-im-Krieg-mit-RT-nicht-miteinanderquot.jpg","datePublished":"2023-02-06T16:11:49+00:00","dateModified":"2023-02-06T16:11:49+00:00","breadcrumb":{"@id":"https:\/\/now-news.de\/de\/deutschland\/wir-sind-im-krieg-mit-rt-nicht-miteinander\/#breadcrumb"},"inLanguage":"de","potentialAction":[{"@type":"ReadAction","target":["https:\/\/now-news.de\/de\/deutschland\/wir-sind-im-krieg-mit-rt-nicht-miteinander\/"]}]},{"@type":"ImageObject","inLanguage":"de","@id":"https:\/\/now-news.de\/de\/deutschland\/wir-sind-im-krieg-mit-rt-nicht-miteinander\/#primaryimage","url":"https:\/\/now-news.de\/de\/wp-content\/uploads\/sites\/3\/2023\/02\/quotWir-sind-im-Krieg-mit-RT-nicht-miteinanderquot.jpg","contentUrl":"https:\/\/now-news.de\/de\/wp-content\/uploads\/sites\/3\/2023\/02\/quotWir-sind-im-Krieg-mit-RT-nicht-miteinanderquot.jpg","width":460,"height":259,"caption":"&quot;Wir sind im Krieg mit RT, nicht miteinander&quot;"},{"@type":"BreadcrumbList","@id":"https:\/\/now-news.de\/de\/deutschland\/wir-sind-im-krieg-mit-rt-nicht-miteinander\/#breadcrumb","itemListElement":[{"@type":"ListItem","position":1,"name":"Home","item":"https:\/\/now-news.de\/de\/"},{"@type":"ListItem","position":2,"name":"&quot;Wir sind im Krieg mit RT, nicht miteinander&quot;"}]},{"@type":"WebSite","@id":"https:\/\/now-news.de\/de\/#website","url":"https:\/\/now-news.de\/de\/","name":"just-now.NEWS Deutschland","description":"Das Portal f\u00fcr unzensierte Nachrichten aus der Welt","publisher":{"@id":"https:\/\/now-news.de\/de\/#organization"},"potentialAction":[{"@type":"SearchAction","target":{"@type":"EntryPoint","urlTemplate":"https:\/\/now-news.de\/de\/?s={search_term_string}"},"query-input":"required name=search_term_string"}],"inLanguage":"de"},{"@type":"Organization","@id":"https:\/\/now-news.de\/de\/#organization","name":"Just Now News","url":"https:\/\/now-news.de\/de\/","logo":{"@type":"ImageObject","inLanguage":"de","@id":"https:\/\/now-news.de\/de\/#\/schema\/logo\/image\/","url":"http:\/\/just-now.news\/de\/wp-content\/uploads\/sites\/3\/2022\/04\/logo500x500.jpg","contentUrl":"http:\/\/just-now.news\/de\/wp-content\/uploads\/sites\/3\/2022\/04\/logo500x500.jpg","width":500,"height":500,"caption":"Just Now News"},"image":{"@id":"https:\/\/now-news.de\/de\/#\/schema\/logo\/image\/"},"sameAs":["https:\/\/www.facebook.com\/wirmachenauf","https:\/\/x.com\/WirMachenAuf_de"]},{"@type":"Person","@id":"https:\/\/now-news.de\/de\/#\/schema\/person\/fb534a4e865501d8b3285208df34a9b5","name":"rtnews","image":{"@type":"ImageObject","inLanguage":"de","@id":"https:\/\/now-news.de\/de\/#\/schema\/person\/image\/","url":"https:\/\/secure.gravatar.com\/avatar\/82aafea7d8127119dd649515f56e2117?s=96&d=mm&r=g","contentUrl":"https:\/\/secure.gravatar.com\/avatar\/82aafea7d8127119dd649515f56e2117?s=96&d=mm&r=g","caption":"rtnews"},"url":"https:\/\/now-news.de\/de\/author\/rnews\/"}]}},"_links":{"self":[{"href":"https:\/\/now-news.de\/de\/wp-json\/wp\/v2\/posts\/29604"}],"collection":[{"href":"https:\/\/now-news.de\/de\/wp-json\/wp\/v2\/posts"}],"about":[{"href":"https:\/\/now-news.de\/de\/wp-json\/wp\/v2\/types\/post"}],"author":[{"embeddable":true,"href":"https:\/\/now-news.de\/de\/wp-json\/wp\/v2\/users\/3"}],"replies":[{"embeddable":true,"href":"https:\/\/now-news.de\/de\/wp-json\/wp\/v2\/comments?post=29604"}],"version-history":[{"count":0,"href":"https:\/\/now-news.de\/de\/wp-json\/wp\/v2\/posts\/29604\/revisions"}],"wp:featuredmedia":[{"embeddable":true,"href":"https:\/\/now-news.de\/de\/wp-json\/wp\/v2\/media\/29605"}],"wp:attachment":[{"href":"https:\/\/now-news.de\/de\/wp-json\/wp\/v2\/media?parent=29604"}],"wp:term":[{"taxonomy":"category","embeddable":true,"href":"https:\/\/now-news.de\/de\/wp-json\/wp\/v2\/categories?post=29604"},{"taxonomy":"post_tag","embeddable":true,"href":"https:\/\/now-news.de\/de\/wp-json\/wp\/v2\/tags?post=29604"}],"curies":[{"name":"wp","href":"https:\/\/api.w.org\/{rel}","templated":true}]}}