{"id":29580,"date":"2023-02-06T12:13:45","date_gmt":"2023-02-06T10:13:45","guid":{"rendered":"https:\/\/just-now.news\/de\/deutschland\/russlands-vize-aussenminister-bestreitet-engagierten-dialog-mit-usa-ueber-die-ukraine\/"},"modified":"2023-02-06T12:13:45","modified_gmt":"2023-02-06T10:13:45","slug":"russlands-vize-aussenminister-bestreitet-engagierten-dialog-mit-usa-ueber-die-ukraine","status":"publish","type":"post","link":"https:\/\/now-news.de\/de\/deutschland\/russlands-vize-aussenminister-bestreitet-engagierten-dialog-mit-usa-ueber-die-ukraine\/","title":{"rendered":"Russlands Vize-Au\u00dfenminister bestreitet engagierten Dialog mit USA \u00fcber die Ukraine"},"content":{"rendered":"<p><img decoding=\"async\" src=\"http:\/\/just-now.news\/de\/wp-content\/uploads\/sites\/3\/2023\/02\/63e0c874b480cc496b7eb1c5.jpg\" \/><\/p>\n<div class=\"Text-root Text-type_1 \">\n                Sergei Rjabkow, Russlands Vize-Au\u00dfenminister, hat am Montag erkl\u00e4rt, Moskau und Washington organisierten derzeit keine Sondertreffen, bei denen die Lage rund um die Ukraine er\u00f6rtert werde.\n            <\/div>\n<p><\/p>\n<div class=\"Text-root Text-type_5 ArticleView-text ViewText-root \">\n<p>Der stellvertretende russische Au\u00dfenminister Sergei Rjabkow hat Medienberichte zur\u00fcckgewiesen, wonach CIA-Chef William Burns im Januar Moskau besucht habe, um die Lage rund um die Ukraine zu besprechen. Er gab gegen\u00fcber Journalisten an, nichts dar\u00fcber zu wissen, dass Burns der russischen Seite 20 Prozent des ukrainischen Territoriums angeboten habe. Es sei nicht ganz klar, woher diese Art von Falschmeldungen komme, die eine Welle von Spekulationen ausl\u00f6se, hie\u00df es weiter. Der russische Diplomat stellte klar:<\/p>\n<blockquote>\n<p><em>&#8220;Im Moment haben wir keinen Dialog in irgendeiner Form mit den US-Amerikanern zum Thema milit\u00e4rische Spezialoperation und die Ukraine.&#8221;<\/em><\/p>\n<\/blockquote>\n<p>Rjabkow zufolge kontaktierten die Vertreter der Au\u00dfenministerien beider Staaten jeweils in Moskau und in Washington. Gelegentlich gebe es Anrufe auf anderen Ebenen, zu Treffen oder speziellen Formaten f\u00fcr Beratungen mit Ukraine-Bezug komme es jedoch nicht. Auch Kremlsprecher Dmitri Peskow hatte zuvor die Medienberichte, wonach die US-Seite Russland 20 Prozent des ukrainischen Territoriums im Austausch f\u00fcr die Beendigung der Milit\u00e4roperation angeboten habe, als Falschmeldungen zur\u00fcckgewiesen. Das Wei\u00dfe Haus hat die Informationen ebenfalls dementiert.<\/p>\n<p>Wie die <em>Neue Z\u00fcrcher Zeitung<\/em> (<em>NZZ<\/em>) j\u00fcngst unter Berufung auf ranghohe deutsche Au\u00dfenpolitiker berichtete, hat CIA-Chef William Burns Mitte Januar im Auftrag von US-Pr\u00e4sident Joe Biden Kiew und Moskau einen Friedensplan unterbreitet. Demnach hat das Angebot an Kiew gelautet: Frieden gegen Land. Das Angebot an Moskau soll gelautet haben: Land gegen Frieden. Bei dem &#8220;Land&#8221; soll es sich um ungef\u00e4hr 20 Prozent des ukrainischen Territoriums gehandelt haben, was etwa der Gr\u00f6\u00dfe des Donbass entspricht. Beide Seiten h\u00e4tten den Vorschlag abgelehnt, hie\u00df es. Die Ukraine, weil sie nicht bereit sei, ihr Staatsgebiet teilen zu lassen, und Russland, weil es davon ausgehe, den Krieg auf lange Sicht ohnehin zu gewinnen.\u00a0Nachdem der Plan gescheitert sei, habe US-Pr\u00e4sident Joe Biden laut zweier Quellen der <em>NZZ<\/em> beschlossen, die Lieferung von Kampfpanzern vom Typ M1 Abrams in die Ukraine zu genehmigen.<\/p>\n<p><strong>Mehr zum Thema<\/strong> &#8211; <a rel=\"nofollow noopener\" target=\"_blank\" href=\"https:\/\/de.rt.com\/international\/161835-gab-es-us-vorschlag-frieden\/\">Gab es den US-Vorschlag &#8220;Frieden gegen Land&#8221;? Das Wei\u00dfe Haus dementiert<\/a><\/p>\n<div class=\"EmbedBlock-root EmbedBlock-externalVideo EmbedBlock-vk\">\n<div class=\"VkEmbed\"><iframe class=\"lazyload\" data-src=\"https:\/\/vk.com\/video_ext.php?oid=-134310637&amp;id=456263431&amp;hash=66a2cfd7b4ada773\" frameborder=\"0\" width=\"853\" height=\"480\" allowfullscreen><\/iframe><\/div>\n<\/div>\n<\/div>\n<p><br \/>\n<br \/><a href=\"https:\/\/de.rt.com\/russland\/162060-russlands-vize-aussenminister-bestreitet-engagierten\/\">Source link <\/a><\/p>\n","protected":false},"excerpt":{"rendered":"<p>Sergei Rjabkow, Russlands Vize-Au\u00dfenminister, hat am Montag erkl\u00e4rt, Moskau und Washington organisierten derzeit keine Sondertreffen, bei denen die Lage rund um die Ukraine er\u00f6rtert werde. Der stellvertretende russische Au\u00dfenminister Sergei Rjabkow hat Medienberichte zur\u00fcckgewiesen, wonach CIA-Chef William Burns im Januar Moskau besucht habe, um die Lage rund um die Ukraine zu besprechen. Er gab gegen\u00fcber [&hellip;]<\/p>\n","protected":false},"author":3,"featured_media":29581,"comment_status":"open","ping_status":"open","sticky":false,"template":"","format":"standard","meta":{"_yoast_indexnow_last_ping":["1675679159"],"wp_automatic_camp":["217"],"2a9af4ca1d854303cf016a7bfab9797b":["Russlands Vize-Au\u00dfenminister bestreitet engagierten Dialog mit USA \u00fcber die Ukraine"],"original_link":["https:\/\/de.rt.com\/russland\/162060-russlands-vize-aussenminister-bestreitet-engagierten\/"],"_thumbnail_id":["29581"],"_wptgpro_p2tg_sent2tg":["a:1:{i:23737;s:19:\"2023-02-06 12:26:56\";}"],"jnews_social_counter_last_update":["1777271331"]},"categories":[19,23],"tags":[18892,18494,45,40270,419,142,139,127,193,36085],"yoast_head":"<!-- This site is optimized with the Yoast SEO Premium plugin v22.7 (Yoast SEO v22.7) - https:\/\/yoast.com\/wordpress\/plugins\/seo\/ -->\n<title>Russlands Vize-Au\u00dfenminister bestreitet engagierten Dialog mit USA \u00fcber die Ukraine - just-now.NEWS Deutschland<\/title>\n<meta name=\"robots\" content=\"index, follow, max-snippet:-1, max-image-preview:large, max-video-preview:-1\" \/>\n<link rel=\"canonical\" href=\"https:\/\/now-news.de\/de\/deutschland\/russlands-vize-aussenminister-bestreitet-engagierten-dialog-mit-usa-ueber-die-ukraine\/\" \/>\n<meta property=\"og:locale\" content=\"de_DE\" \/>\n<meta property=\"og:type\" content=\"article\" \/>\n<meta property=\"og:title\" content=\"Russlands Vize-Au\u00dfenminister bestreitet engagierten Dialog mit USA \u00fcber die Ukraine\" \/>\n<meta property=\"og:description\" content=\"Sergei Rjabkow, Russlands Vize-Au\u00dfenminister, hat am Montag erkl\u00e4rt, Moskau und Washington organisierten derzeit keine Sondertreffen, bei denen die Lage rund um die Ukraine er\u00f6rtert werde. Der stellvertretende russische Au\u00dfenminister Sergei Rjabkow hat Medienberichte zur\u00fcckgewiesen, wonach CIA-Chef William Burns im Januar Moskau besucht habe, um die Lage rund um die Ukraine zu besprechen. Er gab gegen\u00fcber [&hellip;]\" \/>\n<meta property=\"og:url\" content=\"https:\/\/now-news.de\/de\/deutschland\/russlands-vize-aussenminister-bestreitet-engagierten-dialog-mit-usa-ueber-die-ukraine\/\" \/>\n<meta property=\"og:site_name\" content=\"just-now.NEWS Deutschland\" \/>\n<meta property=\"article:publisher\" content=\"https:\/\/www.facebook.com\/wirmachenauf\" \/>\n<meta property=\"article:published_time\" content=\"2023-02-06T10:13:45+00:00\" \/>\n<meta property=\"og:image\" content=\"https:\/\/now-news.de\/de\/wp-content\/uploads\/sites\/3\/2023\/02\/Russlands-Vize-Aussenminister-bestreitet-engagierten-Dialog-mit-USA-ueber-die-Ukraine.jpg\" \/>\n\t<meta property=\"og:image:width\" content=\"460\" \/>\n\t<meta property=\"og:image:height\" content=\"259\" \/>\n\t<meta property=\"og:image:type\" content=\"image\/jpeg\" \/>\n<meta name=\"author\" content=\"rtnews\" \/>\n<meta name=\"twitter:card\" content=\"summary_large_image\" \/>\n<meta name=\"twitter:creator\" content=\"@WirMachenAuf_de\" \/>\n<meta name=\"twitter:site\" content=\"@WirMachenAuf_de\" \/>\n<meta name=\"twitter:label1\" content=\"Verfasst von\" \/>\n\t<meta name=\"twitter:data1\" content=\"rtnews\" \/>\n\t<meta name=\"twitter:label2\" content=\"Gesch\u00e4tzte Lesezeit\" \/>\n\t<meta name=\"twitter:data2\" content=\"2\u00a0Minuten\" \/>\n<script type=\"application\/ld+json\" class=\"yoast-schema-graph\">{\"@context\":\"https:\/\/schema.org\",\"@graph\":[{\"@type\":\"Article\",\"@id\":\"https:\/\/now-news.de\/de\/deutschland\/russlands-vize-aussenminister-bestreitet-engagierten-dialog-mit-usa-ueber-die-ukraine\/#article\",\"isPartOf\":{\"@id\":\"https:\/\/now-news.de\/de\/deutschland\/russlands-vize-aussenminister-bestreitet-engagierten-dialog-mit-usa-ueber-die-ukraine\/\"},\"author\":{\"name\":\"rtnews\",\"@id\":\"https:\/\/now-news.de\/de\/#\/schema\/person\/fb534a4e865501d8b3285208df34a9b5\"},\"headline\":\"Russlands Vize-Au\u00dfenminister bestreitet engagierten Dialog mit USA \u00fcber die Ukraine\",\"datePublished\":\"2023-02-06T10:13:45+00:00\",\"dateModified\":\"2023-02-06T10:13:45+00:00\",\"mainEntityOfPage\":{\"@id\":\"https:\/\/now-news.de\/de\/deutschland\/russlands-vize-aussenminister-bestreitet-engagierten-dialog-mit-usa-ueber-die-ukraine\/\"},\"wordCount\":375,\"commentCount\":0,\"publisher\":{\"@id\":\"https:\/\/now-news.de\/de\/#organization\"},\"image\":{\"@id\":\"https:\/\/now-news.de\/de\/deutschland\/russlands-vize-aussenminister-bestreitet-engagierten-dialog-mit-usa-ueber-die-ukraine\/#primaryimage\"},\"thumbnailUrl\":\"https:\/\/now-news.de\/de\/wp-content\/uploads\/sites\/3\/2023\/02\/Russlands-Vize-Aussenminister-bestreitet-engagierten-Dialog-mit-USA-ueber-die-Ukraine.jpg\",\"keywords\":[\"bestreitet\",\"Dialog\",\"die\",\"engagierten\",\"mit\",\"Russlands\",\"\u00fcber\",\"ukraine\",\"USA\",\"Vizeau\u00dfenminister\"],\"articleSection\":[\"Deutschland\",\"Russland\"],\"inLanguage\":\"de\",\"potentialAction\":[{\"@type\":\"CommentAction\",\"name\":\"Comment\",\"target\":[\"https:\/\/now-news.de\/de\/deutschland\/russlands-vize-aussenminister-bestreitet-engagierten-dialog-mit-usa-ueber-die-ukraine\/#respond\"]}]},{\"@type\":\"WebPage\",\"@id\":\"https:\/\/now-news.de\/de\/deutschland\/russlands-vize-aussenminister-bestreitet-engagierten-dialog-mit-usa-ueber-die-ukraine\/\",\"url\":\"https:\/\/now-news.de\/de\/deutschland\/russlands-vize-aussenminister-bestreitet-engagierten-dialog-mit-usa-ueber-die-ukraine\/\",\"name\":\"Russlands Vize-Au\u00dfenminister bestreitet engagierten Dialog mit USA \u00fcber die Ukraine - just-now.NEWS Deutschland\",\"isPartOf\":{\"@id\":\"https:\/\/now-news.de\/de\/#website\"},\"primaryImageOfPage\":{\"@id\":\"https:\/\/now-news.de\/de\/deutschland\/russlands-vize-aussenminister-bestreitet-engagierten-dialog-mit-usa-ueber-die-ukraine\/#primaryimage\"},\"image\":{\"@id\":\"https:\/\/now-news.de\/de\/deutschland\/russlands-vize-aussenminister-bestreitet-engagierten-dialog-mit-usa-ueber-die-ukraine\/#primaryimage\"},\"thumbnailUrl\":\"https:\/\/now-news.de\/de\/wp-content\/uploads\/sites\/3\/2023\/02\/Russlands-Vize-Aussenminister-bestreitet-engagierten-Dialog-mit-USA-ueber-die-Ukraine.jpg\",\"datePublished\":\"2023-02-06T10:13:45+00:00\",\"dateModified\":\"2023-02-06T10:13:45+00:00\",\"breadcrumb\":{\"@id\":\"https:\/\/now-news.de\/de\/deutschland\/russlands-vize-aussenminister-bestreitet-engagierten-dialog-mit-usa-ueber-die-ukraine\/#breadcrumb\"},\"inLanguage\":\"de\",\"potentialAction\":[{\"@type\":\"ReadAction\",\"target\":[\"https:\/\/now-news.de\/de\/deutschland\/russlands-vize-aussenminister-bestreitet-engagierten-dialog-mit-usa-ueber-die-ukraine\/\"]}]},{\"@type\":\"ImageObject\",\"inLanguage\":\"de\",\"@id\":\"https:\/\/now-news.de\/de\/deutschland\/russlands-vize-aussenminister-bestreitet-engagierten-dialog-mit-usa-ueber-die-ukraine\/#primaryimage\",\"url\":\"https:\/\/now-news.de\/de\/wp-content\/uploads\/sites\/3\/2023\/02\/Russlands-Vize-Aussenminister-bestreitet-engagierten-Dialog-mit-USA-ueber-die-Ukraine.jpg\",\"contentUrl\":\"https:\/\/now-news.de\/de\/wp-content\/uploads\/sites\/3\/2023\/02\/Russlands-Vize-Aussenminister-bestreitet-engagierten-Dialog-mit-USA-ueber-die-Ukraine.jpg\",\"width\":460,\"height\":259,\"caption\":\"Russlands Vize-Au\u00dfenminister bestreitet engagierten Dialog mit USA \u00fcber die Ukraine\"},{\"@type\":\"BreadcrumbList\",\"@id\":\"https:\/\/now-news.de\/de\/deutschland\/russlands-vize-aussenminister-bestreitet-engagierten-dialog-mit-usa-ueber-die-ukraine\/#breadcrumb\",\"itemListElement\":[{\"@type\":\"ListItem\",\"position\":1,\"name\":\"Home\",\"item\":\"https:\/\/now-news.de\/de\/\"},{\"@type\":\"ListItem\",\"position\":2,\"name\":\"Russlands Vize-Au\u00dfenminister bestreitet engagierten Dialog mit USA \u00fcber die Ukraine\"}]},{\"@type\":\"WebSite\",\"@id\":\"https:\/\/now-news.de\/de\/#website\",\"url\":\"https:\/\/now-news.de\/de\/\",\"name\":\"just-now.NEWS Deutschland\",\"description\":\"Das Portal f\u00fcr unzensierte Nachrichten aus der Welt\",\"publisher\":{\"@id\":\"https:\/\/now-news.de\/de\/#organization\"},\"potentialAction\":[{\"@type\":\"SearchAction\",\"target\":{\"@type\":\"EntryPoint\",\"urlTemplate\":\"https:\/\/now-news.de\/de\/?s={search_term_string}\"},\"query-input\":\"required name=search_term_string\"}],\"inLanguage\":\"de\"},{\"@type\":\"Organization\",\"@id\":\"https:\/\/now-news.de\/de\/#organization\",\"name\":\"Just Now News\",\"url\":\"https:\/\/now-news.de\/de\/\",\"logo\":{\"@type\":\"ImageObject\",\"inLanguage\":\"de\",\"@id\":\"https:\/\/now-news.de\/de\/#\/schema\/logo\/image\/\",\"url\":\"http:\/\/just-now.news\/de\/wp-content\/uploads\/sites\/3\/2022\/04\/logo500x500.jpg\",\"contentUrl\":\"http:\/\/just-now.news\/de\/wp-content\/uploads\/sites\/3\/2022\/04\/logo500x500.jpg\",\"width\":500,\"height\":500,\"caption\":\"Just Now News\"},\"image\":{\"@id\":\"https:\/\/now-news.de\/de\/#\/schema\/logo\/image\/\"},\"sameAs\":[\"https:\/\/www.facebook.com\/wirmachenauf\",\"https:\/\/x.com\/WirMachenAuf_de\"]},{\"@type\":\"Person\",\"@id\":\"https:\/\/now-news.de\/de\/#\/schema\/person\/fb534a4e865501d8b3285208df34a9b5\",\"name\":\"rtnews\",\"image\":{\"@type\":\"ImageObject\",\"inLanguage\":\"de\",\"@id\":\"https:\/\/now-news.de\/de\/#\/schema\/person\/image\/\",\"url\":\"https:\/\/secure.gravatar.com\/avatar\/82aafea7d8127119dd649515f56e2117?s=96&d=mm&r=g\",\"contentUrl\":\"https:\/\/secure.gravatar.com\/avatar\/82aafea7d8127119dd649515f56e2117?s=96&d=mm&r=g\",\"caption\":\"rtnews\"},\"url\":\"https:\/\/now-news.de\/de\/author\/rnews\/\"}]}<\/script>\n<!-- \/ Yoast SEO Premium plugin. -->","yoast_head_json":{"title":"Russlands Vize-Au\u00dfenminister bestreitet engagierten Dialog mit USA \u00fcber die Ukraine - just-now.NEWS Deutschland","robots":{"index":"index","follow":"follow","max-snippet":"max-snippet:-1","max-image-preview":"max-image-preview:large","max-video-preview":"max-video-preview:-1"},"canonical":"https:\/\/now-news.de\/de\/deutschland\/russlands-vize-aussenminister-bestreitet-engagierten-dialog-mit-usa-ueber-die-ukraine\/","og_locale":"de_DE","og_type":"article","og_title":"Russlands Vize-Au\u00dfenminister bestreitet engagierten Dialog mit USA \u00fcber die Ukraine","og_description":"Sergei Rjabkow, Russlands Vize-Au\u00dfenminister, hat am Montag erkl\u00e4rt, Moskau und Washington organisierten derzeit keine Sondertreffen, bei denen die Lage rund um die Ukraine er\u00f6rtert werde. Der stellvertretende russische Au\u00dfenminister Sergei Rjabkow hat Medienberichte zur\u00fcckgewiesen, wonach CIA-Chef William Burns im Januar Moskau besucht habe, um die Lage rund um die Ukraine zu besprechen. Er gab gegen\u00fcber [&hellip;]","og_url":"https:\/\/now-news.de\/de\/deutschland\/russlands-vize-aussenminister-bestreitet-engagierten-dialog-mit-usa-ueber-die-ukraine\/","og_site_name":"just-now.NEWS Deutschland","article_publisher":"https:\/\/www.facebook.com\/wirmachenauf","article_published_time":"2023-02-06T10:13:45+00:00","og_image":[{"width":460,"height":259,"url":"https:\/\/now-news.de\/de\/wp-content\/uploads\/sites\/3\/2023\/02\/Russlands-Vize-Aussenminister-bestreitet-engagierten-Dialog-mit-USA-ueber-die-Ukraine.jpg","type":"image\/jpeg"}],"author":"rtnews","twitter_card":"summary_large_image","twitter_creator":"@WirMachenAuf_de","twitter_site":"@WirMachenAuf_de","twitter_misc":{"Verfasst von":"rtnews","Gesch\u00e4tzte Lesezeit":"2\u00a0Minuten"},"schema":{"@context":"https:\/\/schema.org","@graph":[{"@type":"Article","@id":"https:\/\/now-news.de\/de\/deutschland\/russlands-vize-aussenminister-bestreitet-engagierten-dialog-mit-usa-ueber-die-ukraine\/#article","isPartOf":{"@id":"https:\/\/now-news.de\/de\/deutschland\/russlands-vize-aussenminister-bestreitet-engagierten-dialog-mit-usa-ueber-die-ukraine\/"},"author":{"name":"rtnews","@id":"https:\/\/now-news.de\/de\/#\/schema\/person\/fb534a4e865501d8b3285208df34a9b5"},"headline":"Russlands Vize-Au\u00dfenminister bestreitet engagierten Dialog mit USA \u00fcber die Ukraine","datePublished":"2023-02-06T10:13:45+00:00","dateModified":"2023-02-06T10:13:45+00:00","mainEntityOfPage":{"@id":"https:\/\/now-news.de\/de\/deutschland\/russlands-vize-aussenminister-bestreitet-engagierten-dialog-mit-usa-ueber-die-ukraine\/"},"wordCount":375,"commentCount":0,"publisher":{"@id":"https:\/\/now-news.de\/de\/#organization"},"image":{"@id":"https:\/\/now-news.de\/de\/deutschland\/russlands-vize-aussenminister-bestreitet-engagierten-dialog-mit-usa-ueber-die-ukraine\/#primaryimage"},"thumbnailUrl":"https:\/\/now-news.de\/de\/wp-content\/uploads\/sites\/3\/2023\/02\/Russlands-Vize-Aussenminister-bestreitet-engagierten-Dialog-mit-USA-ueber-die-Ukraine.jpg","keywords":["bestreitet","Dialog","die","engagierten","mit","Russlands","\u00fcber","ukraine","USA","Vizeau\u00dfenminister"],"articleSection":["Deutschland","Russland"],"inLanguage":"de","potentialAction":[{"@type":"CommentAction","name":"Comment","target":["https:\/\/now-news.de\/de\/deutschland\/russlands-vize-aussenminister-bestreitet-engagierten-dialog-mit-usa-ueber-die-ukraine\/#respond"]}]},{"@type":"WebPage","@id":"https:\/\/now-news.de\/de\/deutschland\/russlands-vize-aussenminister-bestreitet-engagierten-dialog-mit-usa-ueber-die-ukraine\/","url":"https:\/\/now-news.de\/de\/deutschland\/russlands-vize-aussenminister-bestreitet-engagierten-dialog-mit-usa-ueber-die-ukraine\/","name":"Russlands Vize-Au\u00dfenminister bestreitet engagierten Dialog mit USA \u00fcber die Ukraine - just-now.NEWS Deutschland","isPartOf":{"@id":"https:\/\/now-news.de\/de\/#website"},"primaryImageOfPage":{"@id":"https:\/\/now-news.de\/de\/deutschland\/russlands-vize-aussenminister-bestreitet-engagierten-dialog-mit-usa-ueber-die-ukraine\/#primaryimage"},"image":{"@id":"https:\/\/now-news.de\/de\/deutschland\/russlands-vize-aussenminister-bestreitet-engagierten-dialog-mit-usa-ueber-die-ukraine\/#primaryimage"},"thumbnailUrl":"https:\/\/now-news.de\/de\/wp-content\/uploads\/sites\/3\/2023\/02\/Russlands-Vize-Aussenminister-bestreitet-engagierten-Dialog-mit-USA-ueber-die-Ukraine.jpg","datePublished":"2023-02-06T10:13:45+00:00","dateModified":"2023-02-06T10:13:45+00:00","breadcrumb":{"@id":"https:\/\/now-news.de\/de\/deutschland\/russlands-vize-aussenminister-bestreitet-engagierten-dialog-mit-usa-ueber-die-ukraine\/#breadcrumb"},"inLanguage":"de","potentialAction":[{"@type":"ReadAction","target":["https:\/\/now-news.de\/de\/deutschland\/russlands-vize-aussenminister-bestreitet-engagierten-dialog-mit-usa-ueber-die-ukraine\/"]}]},{"@type":"ImageObject","inLanguage":"de","@id":"https:\/\/now-news.de\/de\/deutschland\/russlands-vize-aussenminister-bestreitet-engagierten-dialog-mit-usa-ueber-die-ukraine\/#primaryimage","url":"https:\/\/now-news.de\/de\/wp-content\/uploads\/sites\/3\/2023\/02\/Russlands-Vize-Aussenminister-bestreitet-engagierten-Dialog-mit-USA-ueber-die-Ukraine.jpg","contentUrl":"https:\/\/now-news.de\/de\/wp-content\/uploads\/sites\/3\/2023\/02\/Russlands-Vize-Aussenminister-bestreitet-engagierten-Dialog-mit-USA-ueber-die-Ukraine.jpg","width":460,"height":259,"caption":"Russlands Vize-Au\u00dfenminister bestreitet engagierten Dialog mit USA \u00fcber die Ukraine"},{"@type":"BreadcrumbList","@id":"https:\/\/now-news.de\/de\/deutschland\/russlands-vize-aussenminister-bestreitet-engagierten-dialog-mit-usa-ueber-die-ukraine\/#breadcrumb","itemListElement":[{"@type":"ListItem","position":1,"name":"Home","item":"https:\/\/now-news.de\/de\/"},{"@type":"ListItem","position":2,"name":"Russlands Vize-Au\u00dfenminister bestreitet engagierten Dialog mit USA \u00fcber die Ukraine"}]},{"@type":"WebSite","@id":"https:\/\/now-news.de\/de\/#website","url":"https:\/\/now-news.de\/de\/","name":"just-now.NEWS Deutschland","description":"Das Portal f\u00fcr unzensierte Nachrichten aus der Welt","publisher":{"@id":"https:\/\/now-news.de\/de\/#organization"},"potentialAction":[{"@type":"SearchAction","target":{"@type":"EntryPoint","urlTemplate":"https:\/\/now-news.de\/de\/?s={search_term_string}"},"query-input":"required name=search_term_string"}],"inLanguage":"de"},{"@type":"Organization","@id":"https:\/\/now-news.de\/de\/#organization","name":"Just Now News","url":"https:\/\/now-news.de\/de\/","logo":{"@type":"ImageObject","inLanguage":"de","@id":"https:\/\/now-news.de\/de\/#\/schema\/logo\/image\/","url":"http:\/\/just-now.news\/de\/wp-content\/uploads\/sites\/3\/2022\/04\/logo500x500.jpg","contentUrl":"http:\/\/just-now.news\/de\/wp-content\/uploads\/sites\/3\/2022\/04\/logo500x500.jpg","width":500,"height":500,"caption":"Just Now News"},"image":{"@id":"https:\/\/now-news.de\/de\/#\/schema\/logo\/image\/"},"sameAs":["https:\/\/www.facebook.com\/wirmachenauf","https:\/\/x.com\/WirMachenAuf_de"]},{"@type":"Person","@id":"https:\/\/now-news.de\/de\/#\/schema\/person\/fb534a4e865501d8b3285208df34a9b5","name":"rtnews","image":{"@type":"ImageObject","inLanguage":"de","@id":"https:\/\/now-news.de\/de\/#\/schema\/person\/image\/","url":"https:\/\/secure.gravatar.com\/avatar\/82aafea7d8127119dd649515f56e2117?s=96&d=mm&r=g","contentUrl":"https:\/\/secure.gravatar.com\/avatar\/82aafea7d8127119dd649515f56e2117?s=96&d=mm&r=g","caption":"rtnews"},"url":"https:\/\/now-news.de\/de\/author\/rnews\/"}]}},"_links":{"self":[{"href":"https:\/\/now-news.de\/de\/wp-json\/wp\/v2\/posts\/29580"}],"collection":[{"href":"https:\/\/now-news.de\/de\/wp-json\/wp\/v2\/posts"}],"about":[{"href":"https:\/\/now-news.de\/de\/wp-json\/wp\/v2\/types\/post"}],"author":[{"embeddable":true,"href":"https:\/\/now-news.de\/de\/wp-json\/wp\/v2\/users\/3"}],"replies":[{"embeddable":true,"href":"https:\/\/now-news.de\/de\/wp-json\/wp\/v2\/comments?post=29580"}],"version-history":[{"count":0,"href":"https:\/\/now-news.de\/de\/wp-json\/wp\/v2\/posts\/29580\/revisions"}],"wp:featuredmedia":[{"embeddable":true,"href":"https:\/\/now-news.de\/de\/wp-json\/wp\/v2\/media\/29581"}],"wp:attachment":[{"href":"https:\/\/now-news.de\/de\/wp-json\/wp\/v2\/media?parent=29580"}],"wp:term":[{"taxonomy":"category","embeddable":true,"href":"https:\/\/now-news.de\/de\/wp-json\/wp\/v2\/categories?post=29580"},{"taxonomy":"post_tag","embeddable":true,"href":"https:\/\/now-news.de\/de\/wp-json\/wp\/v2\/tags?post=29580"}],"curies":[{"name":"wp","href":"https:\/\/api.w.org\/{rel}","templated":true}]}}