{"id":29578,"date":"2023-02-06T11:49:39","date_gmt":"2023-02-06T09:49:39","guid":{"rendered":"http:\/\/just-now.news\/de\/deutschland\/von-hygienevorschrift-zu-vermummungsgefahr-berliner-taxifahrer-erhalten-maskenverbot\/"},"modified":"2023-02-06T11:49:39","modified_gmt":"2023-02-06T09:49:39","slug":"von-hygienevorschrift-zu-vermummungsgefahr-berliner-taxifahrer-erhalten-maskenverbot","status":"publish","type":"post","link":"https:\/\/now-news.de\/de\/deutschland\/von-hygienevorschrift-zu-vermummungsgefahr-berliner-taxifahrer-erhalten-maskenverbot\/","title":{"rendered":"Von Hygienevorschrift zu Vermummungsgefahr: Berliner Taxifahrer erhalten Maskenverbot"},"content":{"rendered":"<p><img decoding=\"async\" src=\"http:\/\/just-now.news\/de\/wp-content\/uploads\/sites\/3\/2023\/02\/63e0adde48fbef3d0c20ac5a.jpg\" \/><\/p>\n<div class=\"Text-root Text-type_1 \">\n                Die Corona-Zeit war auch die gesellschaftliche Situation von Ausnahmeregelungen. Berliner Taxifahrer mit besorgtem Blick auf die aktuelle Corona-Lage m\u00fcssen sich seit Anfang Februar nun erneut verpflichtenden Vorgaben f\u00fcgen.\n            <\/div>\n<p><\/p>\n<div class=\"Text-root Text-type_5 ArticleView-text ViewText-root \">\n<p>Die Verpflichtung des Tragens von Hygiene- und FFP2-Masken im Rahmen verpflichtender Vorgaben zu Corona-Schutzma\u00dfnahmen galt auch f\u00fcr Berufst\u00e4tige im Feld der Fahrgastbef\u00f6rderung. So hie\u00df es bis zu Jahresbeginn seitens des <a rel=\"nofollow noopener\" target=\"_blank\" href=\"https:\/\/www.taxi-berlin.de\/news\/klarstellung-zur-vereinbarkeit-von-ffp2-masken-und-stvo-verhuellungsverbot\/\">Bundesverbands Taxi<\/a> an die Berliner Taxifahrer\u00a0gerichtet, dass &#8220;im Taxi der Mindestabstand von 1,5 m zwischen zwei Personen nicht eingehalten werden kann, weshalb Fahrg\u00e4ste nach allen geltenden Verordnungen der Bundesl\u00e4nder dazu verpflichtet sind, eine Mund-Nase-Bedeckung zu tragen&#8221;.<\/p>\n<p>Hayrettin Simsek, Vorsitzender der Innung des Berliner Taxigewerbes,<a rel=\"nofollow noopener\" target=\"_blank\" href=\"https:\/\/www.rbb24.de\/panorama\/beitrag\/2023\/02\/berlin-taxifahrer-duerfen-nicht-mehr-maske-tragen.html#:~:text=Taxifahrer%20in%20Berlin%20d%C3%BCrfen%20seit,Ende%20der%20sogenannten%20Basisschutzma%C3%9Fnahmen%2DVerordnung.\"> informierte<\/a> nun potenzielle Taxikunden \u00fcber den Lokalsender <em>rbb24<\/em> dar\u00fcber, dass die Fahrer\u00a0in Berlin seit dem 2. Februar\u00a0keine Masken mehr tragen d\u00fcrfen. &#8220;Somit ist das Tragen von Masken f\u00fcr Fahrzeugf\u00fchrende nicht mehr m\u00f6glich&#8221;, so Simsek. Des Weiteren lautet die Aussage des Beitrags:<\/p>\n<blockquote>\n<p><em>&#8220;Damit gelte das Vermummungsverbot f\u00fcr Autofahrerinnen und Autofahrer wieder voll.&#8221;<\/em><\/p>\n<\/blockquote>\n<p>Die R\u00fcckkehr, also Aussetzung der Sonderregelung, wird mit den urspr\u00fcnglichen Vorgaben der\u00a0Stra\u00dfenverkehrsordnung, Paragraf 23 Absatz 4, begr\u00fcndet:<\/p>\n<blockquote>\n<p><em>&#8220;Wer ein Kraftfahrzeug f\u00fchrt, darf sein Gesicht nicht so verh\u00fcllen oder verdecken, dass er nicht mehr erkennbar ist.&#8221;<\/em><\/p>\n<\/blockquote>\n<p>Der Bundesverband Taxi und Mietwagen e.\u00a0V., die Landesregierungen, wie auch die BG Verkehr <a rel=\"nofollow noopener\" target=\"_blank\" href=\"https:\/\/www.taxi-berlin.de\/news\/klarstellung-zur-vereinbarkeit-von-ffp2-masken-und-stvo-verhuellungsverbot\/\">empfahlen<\/a> im April 2021 &#8220;dringendst, dass auch das Fahrpersonal von Taxis und Mietwagen stets eine FFP2-Maske bei der Personenbef\u00f6rderung tr\u00e4gt&#8221;. Eine m\u00f6gliche Argumentation bez\u00fcglich\u00a0des Versto\u00dfes gegen das &#8220;Verh\u00fcllungsverbot&#8221; wurde abgelehnt mit dem Hinweis, dass der &#8220;Infektionsschutz hier als vorrangig zu betrachten&#8221; sei. Und weiter:<\/p>\n<blockquote>\n<p><em>&#8220;Denn die Ma\u00dfnahme gilt mit h\u00f6chster Priorit\u00e4t dem Gesundheits- und Infektionsschutz. Hierzu geh\u00f6rt neben der Einhaltung der Abstandsregel auch das Tragen von Schutzmasken.&#8221;<\/em><\/p>\n<\/blockquote>\n<p>Zu einer nun m\u00f6glichen Konfrontation zwischen Fahrzeugf\u00fchrer und Fahrgast, zum Thema differenter Wahrnehmungen in der Corona-Diskussion, hei\u00dft es im Beitrag des <em>rbb<\/em>:<\/p>\n<\/p>\n<blockquote>\n<p><em>&#8220;Fahrg\u00e4ste k\u00f6nnten aber auch weiterhin eine Maske im Fahrzeug tragen. Taxifahrerinnen und Taxifahrer k\u00f6nnten ihre Passagiere auch bitten, eine Maske zu tragen (\u2026). Ebenso k\u00f6nnen Fahrg\u00e4ste gebeten werden, hinten Platz zu nehmen, sie haben jedoch wie erw\u00e4hnt wieder das Recht und den Anspruch, auch auf dem Beifahrersitz bef\u00f6rdert zu werden, ob mit oder ohne Maske&#8221;.<\/em><\/p>\n<\/blockquote>\n<p>Die generelle Bef\u00f6rderung darf ab Februar jedoch &#8220;bei Weigerung&#8221; bez\u00fcglich der Maskenaufforderung seitens des Taxifahrers &#8220;nicht abgelehnt werden&#8221;, so Innungsvorsitzender Simsek gegen\u00fcber dem <em>rbb<\/em>. Zur Thematik des\u00a0Autofahrens mit Mundschutz und m\u00f6glichen Widerspr\u00fcchen zur geltenden\u00a0Stra\u00dfenverkehrsordnung (<a rel=\"nofollow noopener\" target=\"_blank\" href=\"https:\/\/www.bussgeldkatalog.org\/stvo\/\">StVO<\/a>) informierte das <em>Mobilit\u00e4tsmagazin<\/em> von bussgeldkatalog.de im April 2020:<\/p>\n<blockquote>\n<p><em>&#8220;Dennoch ist die\u00a0Rechtslage nicht ganz eindeutig. Einerseits stellt sich die Frage, ob der Innenraum eines Autos &#8216;\u00f6ffentlich&#8217; ist. Andererseits\u00a0widerspricht\u00a0das verkehrsrechtliche\u00a0Vermummungsverbot der\u00a0teilweise bereits angeordneten\u00a0Maskenpflicht.&#8221;<\/em><\/p>\n<\/blockquote>\n<p>Die ausgesprochene <a rel=\"nofollow noopener\" target=\"_blank\" href=\"https:\/\/www.bussgeldkatalog.org\/news\/corona-mundschutz-erlaubt-generelles-vermummungsverbot-besteht-nicht-2283709\/\">Empfehlung<\/a> f\u00fcr irritierte Taxifahrer lautet zu diesem Zeitpunkt, die Maske w\u00e4hrend der Fahrt abzunehmen, &#8220;da Ihr Mundschutz gegen das Vermummungsverbot versto\u00dfen k\u00f6nnte und das Infektionsrisiko im Auto sehr gering ist&#8221;.<\/p>\n<p><strong>Mehr zum Thema &#8211;<\/strong>\u00a0<a rel=\"nofollow noopener\" target=\"_blank\" href=\"https:\/\/pressefreiheit.rtde.tech\/inland\/161853-berliner-gruener-filz-ehemalige-wirtschaftssenatorin\/\">Berliner gr\u00fcner Filz: Ehemalige Wirtschaftssenatorin Ramona Pop ger\u00e4t in Fokus der rbb-Aff\u00e4re<\/a><\/p>\n<\/div>\n<p><br \/>\n<br \/><a href=\"https:\/\/de.rt.com\/inland\/162046-von-hygienevorschrift-zu-vermummungsgefahr-berliner\/\">Source link <\/a><\/p>\n","protected":false},"excerpt":{"rendered":"<p>Die Corona-Zeit war auch die gesellschaftliche Situation von Ausnahmeregelungen. Berliner Taxifahrer mit besorgtem Blick auf die aktuelle Corona-Lage m\u00fcssen sich seit Anfang Februar nun erneut verpflichtenden Vorgaben f\u00fcgen. Die Verpflichtung des Tragens von Hygiene- und FFP2-Masken im Rahmen verpflichtender Vorgaben zu Corona-Schutzma\u00dfnahmen galt auch f\u00fcr Berufst\u00e4tige im Feld der Fahrgastbef\u00f6rderung. So hie\u00df es bis zu [&hellip;]<\/p>\n","protected":false},"author":3,"featured_media":29579,"comment_status":"open","ping_status":"open","sticky":false,"template":"","format":"standard","meta":{"_yoast_indexnow_last_ping":["1675677239"],"wp_automatic_camp":["217"],"00e7c2fd13bfc9b484ddc99675ae7468":["Von Hygienevorschrift zu Vermummungsgefahr: Berliner Taxifahrer erhalten Maskenverbot"],"original_link":["https:\/\/de.rt.com\/inland\/162046-von-hygienevorschrift-zu-vermummungsgefahr-berliner\/"],"_thumbnail_id":["29579"],"_wptgpro_p2tg_sent2tg":["a:1:{i:23737;s:19:\"2023-02-06 11:55:11\";}"],"jnews_social_counter_last_update":["1776609611"]},"categories":[19,23],"tags":[9101,5243,40267,40269,25195,40268,50],"yoast_head":"<!-- This site is optimized with the Yoast SEO Premium plugin v22.7 (Yoast SEO v22.7) - https:\/\/yoast.com\/wordpress\/plugins\/seo\/ -->\n<title>Von Hygienevorschrift zu Vermummungsgefahr: Berliner Taxifahrer erhalten Maskenverbot - just-now.NEWS Deutschland<\/title>\n<meta name=\"robots\" content=\"index, follow, max-snippet:-1, max-image-preview:large, max-video-preview:-1\" \/>\n<link rel=\"canonical\" href=\"https:\/\/now-news.de\/de\/deutschland\/von-hygienevorschrift-zu-vermummungsgefahr-berliner-taxifahrer-erhalten-maskenverbot\/\" \/>\n<meta property=\"og:locale\" content=\"de_DE\" \/>\n<meta property=\"og:type\" content=\"article\" \/>\n<meta property=\"og:title\" content=\"Von Hygienevorschrift zu Vermummungsgefahr: Berliner Taxifahrer erhalten Maskenverbot\" \/>\n<meta property=\"og:description\" content=\"Die Corona-Zeit war auch die gesellschaftliche Situation von Ausnahmeregelungen. Berliner Taxifahrer mit besorgtem Blick auf die aktuelle Corona-Lage m\u00fcssen sich seit Anfang Februar nun erneut verpflichtenden Vorgaben f\u00fcgen. Die Verpflichtung des Tragens von Hygiene- und FFP2-Masken im Rahmen verpflichtender Vorgaben zu Corona-Schutzma\u00dfnahmen galt auch f\u00fcr Berufst\u00e4tige im Feld der Fahrgastbef\u00f6rderung. So hie\u00df es bis zu [&hellip;]\" \/>\n<meta property=\"og:url\" content=\"https:\/\/now-news.de\/de\/deutschland\/von-hygienevorschrift-zu-vermummungsgefahr-berliner-taxifahrer-erhalten-maskenverbot\/\" \/>\n<meta property=\"og:site_name\" content=\"just-now.NEWS Deutschland\" \/>\n<meta property=\"article:publisher\" content=\"https:\/\/www.facebook.com\/wirmachenauf\" \/>\n<meta property=\"article:published_time\" content=\"2023-02-06T09:49:39+00:00\" \/>\n<meta property=\"og:image\" content=\"https:\/\/now-news.de\/de\/wp-content\/uploads\/sites\/3\/2023\/02\/Von-Hygienevorschrift-zu-Vermummungsgefahr-Berliner-Taxifahrer-erhalten-Maskenverbot.jpg\" \/>\n\t<meta property=\"og:image:width\" content=\"460\" \/>\n\t<meta property=\"og:image:height\" content=\"259\" \/>\n\t<meta property=\"og:image:type\" content=\"image\/jpeg\" \/>\n<meta name=\"author\" content=\"rtnews\" \/>\n<meta name=\"twitter:card\" content=\"summary_large_image\" \/>\n<meta name=\"twitter:creator\" content=\"@WirMachenAuf_de\" \/>\n<meta name=\"twitter:site\" content=\"@WirMachenAuf_de\" \/>\n<meta name=\"twitter:label1\" content=\"Verfasst von\" \/>\n\t<meta name=\"twitter:data1\" content=\"rtnews\" \/>\n\t<meta name=\"twitter:label2\" content=\"Gesch\u00e4tzte Lesezeit\" \/>\n\t<meta name=\"twitter:data2\" content=\"3\u00a0Minuten\" \/>\n<script type=\"application\/ld+json\" class=\"yoast-schema-graph\">{\"@context\":\"https:\/\/schema.org\",\"@graph\":[{\"@type\":\"Article\",\"@id\":\"https:\/\/now-news.de\/de\/deutschland\/von-hygienevorschrift-zu-vermummungsgefahr-berliner-taxifahrer-erhalten-maskenverbot\/#article\",\"isPartOf\":{\"@id\":\"https:\/\/now-news.de\/de\/deutschland\/von-hygienevorschrift-zu-vermummungsgefahr-berliner-taxifahrer-erhalten-maskenverbot\/\"},\"author\":{\"name\":\"rtnews\",\"@id\":\"https:\/\/now-news.de\/de\/#\/schema\/person\/fb534a4e865501d8b3285208df34a9b5\"},\"headline\":\"Von Hygienevorschrift zu Vermummungsgefahr: Berliner Taxifahrer erhalten Maskenverbot\",\"datePublished\":\"2023-02-06T09:49:39+00:00\",\"dateModified\":\"2023-02-06T09:49:39+00:00\",\"mainEntityOfPage\":{\"@id\":\"https:\/\/now-news.de\/de\/deutschland\/von-hygienevorschrift-zu-vermummungsgefahr-berliner-taxifahrer-erhalten-maskenverbot\/\"},\"wordCount\":534,\"commentCount\":0,\"publisher\":{\"@id\":\"https:\/\/now-news.de\/de\/#organization\"},\"image\":{\"@id\":\"https:\/\/now-news.de\/de\/deutschland\/von-hygienevorschrift-zu-vermummungsgefahr-berliner-taxifahrer-erhalten-maskenverbot\/#primaryimage\"},\"thumbnailUrl\":\"https:\/\/now-news.de\/de\/wp-content\/uploads\/sites\/3\/2023\/02\/Von-Hygienevorschrift-zu-Vermummungsgefahr-Berliner-Taxifahrer-erhalten-Maskenverbot.jpg\",\"keywords\":[\"Berliner\",\"erhalten\",\"Hygienevorschrift\",\"Maskenverbot\",\"Taxifahrer\",\"Vermummungsgefahr\",\"von\"],\"articleSection\":[\"Deutschland\",\"Russland\"],\"inLanguage\":\"de\",\"potentialAction\":[{\"@type\":\"CommentAction\",\"name\":\"Comment\",\"target\":[\"https:\/\/now-news.de\/de\/deutschland\/von-hygienevorschrift-zu-vermummungsgefahr-berliner-taxifahrer-erhalten-maskenverbot\/#respond\"]}]},{\"@type\":\"WebPage\",\"@id\":\"https:\/\/now-news.de\/de\/deutschland\/von-hygienevorschrift-zu-vermummungsgefahr-berliner-taxifahrer-erhalten-maskenverbot\/\",\"url\":\"https:\/\/now-news.de\/de\/deutschland\/von-hygienevorschrift-zu-vermummungsgefahr-berliner-taxifahrer-erhalten-maskenverbot\/\",\"name\":\"Von Hygienevorschrift zu Vermummungsgefahr: Berliner Taxifahrer erhalten Maskenverbot - just-now.NEWS Deutschland\",\"isPartOf\":{\"@id\":\"https:\/\/now-news.de\/de\/#website\"},\"primaryImageOfPage\":{\"@id\":\"https:\/\/now-news.de\/de\/deutschland\/von-hygienevorschrift-zu-vermummungsgefahr-berliner-taxifahrer-erhalten-maskenverbot\/#primaryimage\"},\"image\":{\"@id\":\"https:\/\/now-news.de\/de\/deutschland\/von-hygienevorschrift-zu-vermummungsgefahr-berliner-taxifahrer-erhalten-maskenverbot\/#primaryimage\"},\"thumbnailUrl\":\"https:\/\/now-news.de\/de\/wp-content\/uploads\/sites\/3\/2023\/02\/Von-Hygienevorschrift-zu-Vermummungsgefahr-Berliner-Taxifahrer-erhalten-Maskenverbot.jpg\",\"datePublished\":\"2023-02-06T09:49:39+00:00\",\"dateModified\":\"2023-02-06T09:49:39+00:00\",\"breadcrumb\":{\"@id\":\"https:\/\/now-news.de\/de\/deutschland\/von-hygienevorschrift-zu-vermummungsgefahr-berliner-taxifahrer-erhalten-maskenverbot\/#breadcrumb\"},\"inLanguage\":\"de\",\"potentialAction\":[{\"@type\":\"ReadAction\",\"target\":[\"https:\/\/now-news.de\/de\/deutschland\/von-hygienevorschrift-zu-vermummungsgefahr-berliner-taxifahrer-erhalten-maskenverbot\/\"]}]},{\"@type\":\"ImageObject\",\"inLanguage\":\"de\",\"@id\":\"https:\/\/now-news.de\/de\/deutschland\/von-hygienevorschrift-zu-vermummungsgefahr-berliner-taxifahrer-erhalten-maskenverbot\/#primaryimage\",\"url\":\"https:\/\/now-news.de\/de\/wp-content\/uploads\/sites\/3\/2023\/02\/Von-Hygienevorschrift-zu-Vermummungsgefahr-Berliner-Taxifahrer-erhalten-Maskenverbot.jpg\",\"contentUrl\":\"https:\/\/now-news.de\/de\/wp-content\/uploads\/sites\/3\/2023\/02\/Von-Hygienevorschrift-zu-Vermummungsgefahr-Berliner-Taxifahrer-erhalten-Maskenverbot.jpg\",\"width\":460,\"height\":259,\"caption\":\"Von Hygienevorschrift zu Vermummungsgefahr: Berliner Taxifahrer erhalten Maskenverbot\"},{\"@type\":\"BreadcrumbList\",\"@id\":\"https:\/\/now-news.de\/de\/deutschland\/von-hygienevorschrift-zu-vermummungsgefahr-berliner-taxifahrer-erhalten-maskenverbot\/#breadcrumb\",\"itemListElement\":[{\"@type\":\"ListItem\",\"position\":1,\"name\":\"Home\",\"item\":\"https:\/\/now-news.de\/de\/\"},{\"@type\":\"ListItem\",\"position\":2,\"name\":\"Von Hygienevorschrift zu Vermummungsgefahr: Berliner Taxifahrer erhalten Maskenverbot\"}]},{\"@type\":\"WebSite\",\"@id\":\"https:\/\/now-news.de\/de\/#website\",\"url\":\"https:\/\/now-news.de\/de\/\",\"name\":\"just-now.NEWS Deutschland\",\"description\":\"Das Portal f\u00fcr unzensierte Nachrichten aus der Welt\",\"publisher\":{\"@id\":\"https:\/\/now-news.de\/de\/#organization\"},\"potentialAction\":[{\"@type\":\"SearchAction\",\"target\":{\"@type\":\"EntryPoint\",\"urlTemplate\":\"https:\/\/now-news.de\/de\/?s={search_term_string}\"},\"query-input\":\"required name=search_term_string\"}],\"inLanguage\":\"de\"},{\"@type\":\"Organization\",\"@id\":\"https:\/\/now-news.de\/de\/#organization\",\"name\":\"Just Now News\",\"url\":\"https:\/\/now-news.de\/de\/\",\"logo\":{\"@type\":\"ImageObject\",\"inLanguage\":\"de\",\"@id\":\"https:\/\/now-news.de\/de\/#\/schema\/logo\/image\/\",\"url\":\"http:\/\/just-now.news\/de\/wp-content\/uploads\/sites\/3\/2022\/04\/logo500x500.jpg\",\"contentUrl\":\"http:\/\/just-now.news\/de\/wp-content\/uploads\/sites\/3\/2022\/04\/logo500x500.jpg\",\"width\":500,\"height\":500,\"caption\":\"Just Now News\"},\"image\":{\"@id\":\"https:\/\/now-news.de\/de\/#\/schema\/logo\/image\/\"},\"sameAs\":[\"https:\/\/www.facebook.com\/wirmachenauf\",\"https:\/\/x.com\/WirMachenAuf_de\"]},{\"@type\":\"Person\",\"@id\":\"https:\/\/now-news.de\/de\/#\/schema\/person\/fb534a4e865501d8b3285208df34a9b5\",\"name\":\"rtnews\",\"image\":{\"@type\":\"ImageObject\",\"inLanguage\":\"de\",\"@id\":\"https:\/\/now-news.de\/de\/#\/schema\/person\/image\/\",\"url\":\"https:\/\/secure.gravatar.com\/avatar\/82aafea7d8127119dd649515f56e2117?s=96&d=mm&r=g\",\"contentUrl\":\"https:\/\/secure.gravatar.com\/avatar\/82aafea7d8127119dd649515f56e2117?s=96&d=mm&r=g\",\"caption\":\"rtnews\"},\"url\":\"https:\/\/now-news.de\/de\/author\/rnews\/\"}]}<\/script>\n<!-- \/ Yoast SEO Premium plugin. -->","yoast_head_json":{"title":"Von Hygienevorschrift zu Vermummungsgefahr: Berliner Taxifahrer erhalten Maskenverbot - just-now.NEWS Deutschland","robots":{"index":"index","follow":"follow","max-snippet":"max-snippet:-1","max-image-preview":"max-image-preview:large","max-video-preview":"max-video-preview:-1"},"canonical":"https:\/\/now-news.de\/de\/deutschland\/von-hygienevorschrift-zu-vermummungsgefahr-berliner-taxifahrer-erhalten-maskenverbot\/","og_locale":"de_DE","og_type":"article","og_title":"Von Hygienevorschrift zu Vermummungsgefahr: Berliner Taxifahrer erhalten Maskenverbot","og_description":"Die Corona-Zeit war auch die gesellschaftliche Situation von Ausnahmeregelungen. Berliner Taxifahrer mit besorgtem Blick auf die aktuelle Corona-Lage m\u00fcssen sich seit Anfang Februar nun erneut verpflichtenden Vorgaben f\u00fcgen. Die Verpflichtung des Tragens von Hygiene- und FFP2-Masken im Rahmen verpflichtender Vorgaben zu Corona-Schutzma\u00dfnahmen galt auch f\u00fcr Berufst\u00e4tige im Feld der Fahrgastbef\u00f6rderung. So hie\u00df es bis zu [&hellip;]","og_url":"https:\/\/now-news.de\/de\/deutschland\/von-hygienevorschrift-zu-vermummungsgefahr-berliner-taxifahrer-erhalten-maskenverbot\/","og_site_name":"just-now.NEWS Deutschland","article_publisher":"https:\/\/www.facebook.com\/wirmachenauf","article_published_time":"2023-02-06T09:49:39+00:00","og_image":[{"width":460,"height":259,"url":"https:\/\/now-news.de\/de\/wp-content\/uploads\/sites\/3\/2023\/02\/Von-Hygienevorschrift-zu-Vermummungsgefahr-Berliner-Taxifahrer-erhalten-Maskenverbot.jpg","type":"image\/jpeg"}],"author":"rtnews","twitter_card":"summary_large_image","twitter_creator":"@WirMachenAuf_de","twitter_site":"@WirMachenAuf_de","twitter_misc":{"Verfasst von":"rtnews","Gesch\u00e4tzte Lesezeit":"3\u00a0Minuten"},"schema":{"@context":"https:\/\/schema.org","@graph":[{"@type":"Article","@id":"https:\/\/now-news.de\/de\/deutschland\/von-hygienevorschrift-zu-vermummungsgefahr-berliner-taxifahrer-erhalten-maskenverbot\/#article","isPartOf":{"@id":"https:\/\/now-news.de\/de\/deutschland\/von-hygienevorschrift-zu-vermummungsgefahr-berliner-taxifahrer-erhalten-maskenverbot\/"},"author":{"name":"rtnews","@id":"https:\/\/now-news.de\/de\/#\/schema\/person\/fb534a4e865501d8b3285208df34a9b5"},"headline":"Von Hygienevorschrift zu Vermummungsgefahr: Berliner Taxifahrer erhalten Maskenverbot","datePublished":"2023-02-06T09:49:39+00:00","dateModified":"2023-02-06T09:49:39+00:00","mainEntityOfPage":{"@id":"https:\/\/now-news.de\/de\/deutschland\/von-hygienevorschrift-zu-vermummungsgefahr-berliner-taxifahrer-erhalten-maskenverbot\/"},"wordCount":534,"commentCount":0,"publisher":{"@id":"https:\/\/now-news.de\/de\/#organization"},"image":{"@id":"https:\/\/now-news.de\/de\/deutschland\/von-hygienevorschrift-zu-vermummungsgefahr-berliner-taxifahrer-erhalten-maskenverbot\/#primaryimage"},"thumbnailUrl":"https:\/\/now-news.de\/de\/wp-content\/uploads\/sites\/3\/2023\/02\/Von-Hygienevorschrift-zu-Vermummungsgefahr-Berliner-Taxifahrer-erhalten-Maskenverbot.jpg","keywords":["Berliner","erhalten","Hygienevorschrift","Maskenverbot","Taxifahrer","Vermummungsgefahr","von"],"articleSection":["Deutschland","Russland"],"inLanguage":"de","potentialAction":[{"@type":"CommentAction","name":"Comment","target":["https:\/\/now-news.de\/de\/deutschland\/von-hygienevorschrift-zu-vermummungsgefahr-berliner-taxifahrer-erhalten-maskenverbot\/#respond"]}]},{"@type":"WebPage","@id":"https:\/\/now-news.de\/de\/deutschland\/von-hygienevorschrift-zu-vermummungsgefahr-berliner-taxifahrer-erhalten-maskenverbot\/","url":"https:\/\/now-news.de\/de\/deutschland\/von-hygienevorschrift-zu-vermummungsgefahr-berliner-taxifahrer-erhalten-maskenverbot\/","name":"Von Hygienevorschrift zu Vermummungsgefahr: Berliner Taxifahrer erhalten Maskenverbot - just-now.NEWS Deutschland","isPartOf":{"@id":"https:\/\/now-news.de\/de\/#website"},"primaryImageOfPage":{"@id":"https:\/\/now-news.de\/de\/deutschland\/von-hygienevorschrift-zu-vermummungsgefahr-berliner-taxifahrer-erhalten-maskenverbot\/#primaryimage"},"image":{"@id":"https:\/\/now-news.de\/de\/deutschland\/von-hygienevorschrift-zu-vermummungsgefahr-berliner-taxifahrer-erhalten-maskenverbot\/#primaryimage"},"thumbnailUrl":"https:\/\/now-news.de\/de\/wp-content\/uploads\/sites\/3\/2023\/02\/Von-Hygienevorschrift-zu-Vermummungsgefahr-Berliner-Taxifahrer-erhalten-Maskenverbot.jpg","datePublished":"2023-02-06T09:49:39+00:00","dateModified":"2023-02-06T09:49:39+00:00","breadcrumb":{"@id":"https:\/\/now-news.de\/de\/deutschland\/von-hygienevorschrift-zu-vermummungsgefahr-berliner-taxifahrer-erhalten-maskenverbot\/#breadcrumb"},"inLanguage":"de","potentialAction":[{"@type":"ReadAction","target":["https:\/\/now-news.de\/de\/deutschland\/von-hygienevorschrift-zu-vermummungsgefahr-berliner-taxifahrer-erhalten-maskenverbot\/"]}]},{"@type":"ImageObject","inLanguage":"de","@id":"https:\/\/now-news.de\/de\/deutschland\/von-hygienevorschrift-zu-vermummungsgefahr-berliner-taxifahrer-erhalten-maskenverbot\/#primaryimage","url":"https:\/\/now-news.de\/de\/wp-content\/uploads\/sites\/3\/2023\/02\/Von-Hygienevorschrift-zu-Vermummungsgefahr-Berliner-Taxifahrer-erhalten-Maskenverbot.jpg","contentUrl":"https:\/\/now-news.de\/de\/wp-content\/uploads\/sites\/3\/2023\/02\/Von-Hygienevorschrift-zu-Vermummungsgefahr-Berliner-Taxifahrer-erhalten-Maskenverbot.jpg","width":460,"height":259,"caption":"Von Hygienevorschrift zu Vermummungsgefahr: Berliner Taxifahrer erhalten Maskenverbot"},{"@type":"BreadcrumbList","@id":"https:\/\/now-news.de\/de\/deutschland\/von-hygienevorschrift-zu-vermummungsgefahr-berliner-taxifahrer-erhalten-maskenverbot\/#breadcrumb","itemListElement":[{"@type":"ListItem","position":1,"name":"Home","item":"https:\/\/now-news.de\/de\/"},{"@type":"ListItem","position":2,"name":"Von Hygienevorschrift zu Vermummungsgefahr: Berliner Taxifahrer erhalten Maskenverbot"}]},{"@type":"WebSite","@id":"https:\/\/now-news.de\/de\/#website","url":"https:\/\/now-news.de\/de\/","name":"just-now.NEWS Deutschland","description":"Das Portal f\u00fcr unzensierte Nachrichten aus der Welt","publisher":{"@id":"https:\/\/now-news.de\/de\/#organization"},"potentialAction":[{"@type":"SearchAction","target":{"@type":"EntryPoint","urlTemplate":"https:\/\/now-news.de\/de\/?s={search_term_string}"},"query-input":"required name=search_term_string"}],"inLanguage":"de"},{"@type":"Organization","@id":"https:\/\/now-news.de\/de\/#organization","name":"Just Now News","url":"https:\/\/now-news.de\/de\/","logo":{"@type":"ImageObject","inLanguage":"de","@id":"https:\/\/now-news.de\/de\/#\/schema\/logo\/image\/","url":"http:\/\/just-now.news\/de\/wp-content\/uploads\/sites\/3\/2022\/04\/logo500x500.jpg","contentUrl":"http:\/\/just-now.news\/de\/wp-content\/uploads\/sites\/3\/2022\/04\/logo500x500.jpg","width":500,"height":500,"caption":"Just Now News"},"image":{"@id":"https:\/\/now-news.de\/de\/#\/schema\/logo\/image\/"},"sameAs":["https:\/\/www.facebook.com\/wirmachenauf","https:\/\/x.com\/WirMachenAuf_de"]},{"@type":"Person","@id":"https:\/\/now-news.de\/de\/#\/schema\/person\/fb534a4e865501d8b3285208df34a9b5","name":"rtnews","image":{"@type":"ImageObject","inLanguage":"de","@id":"https:\/\/now-news.de\/de\/#\/schema\/person\/image\/","url":"https:\/\/secure.gravatar.com\/avatar\/82aafea7d8127119dd649515f56e2117?s=96&d=mm&r=g","contentUrl":"https:\/\/secure.gravatar.com\/avatar\/82aafea7d8127119dd649515f56e2117?s=96&d=mm&r=g","caption":"rtnews"},"url":"https:\/\/now-news.de\/de\/author\/rnews\/"}]}},"_links":{"self":[{"href":"https:\/\/now-news.de\/de\/wp-json\/wp\/v2\/posts\/29578"}],"collection":[{"href":"https:\/\/now-news.de\/de\/wp-json\/wp\/v2\/posts"}],"about":[{"href":"https:\/\/now-news.de\/de\/wp-json\/wp\/v2\/types\/post"}],"author":[{"embeddable":true,"href":"https:\/\/now-news.de\/de\/wp-json\/wp\/v2\/users\/3"}],"replies":[{"embeddable":true,"href":"https:\/\/now-news.de\/de\/wp-json\/wp\/v2\/comments?post=29578"}],"version-history":[{"count":0,"href":"https:\/\/now-news.de\/de\/wp-json\/wp\/v2\/posts\/29578\/revisions"}],"wp:featuredmedia":[{"embeddable":true,"href":"https:\/\/now-news.de\/de\/wp-json\/wp\/v2\/media\/29579"}],"wp:attachment":[{"href":"https:\/\/now-news.de\/de\/wp-json\/wp\/v2\/media?parent=29578"}],"wp:term":[{"taxonomy":"category","embeddable":true,"href":"https:\/\/now-news.de\/de\/wp-json\/wp\/v2\/categories?post=29578"},{"taxonomy":"post_tag","embeddable":true,"href":"https:\/\/now-news.de\/de\/wp-json\/wp\/v2\/tags?post=29578"}],"curies":[{"name":"wp","href":"https:\/\/api.w.org\/{rel}","templated":true}]}}