{"id":29560,"date":"2023-02-05T23:17:40","date_gmt":"2023-02-05T21:17:40","guid":{"rendered":"http:\/\/just-now.news\/de\/deutschland\/die-ewige-stadt-und-ihre-menschen-rt-reportage-aus-stalingrad\/"},"modified":"2023-02-05T23:17:40","modified_gmt":"2023-02-05T21:17:40","slug":"die-ewige-stadt-und-ihre-menschen-rt-reportage-aus-stalingrad","status":"publish","type":"post","link":"https:\/\/now-news.de\/de\/deutschland\/die-ewige-stadt-und-ihre-menschen-rt-reportage-aus-stalingrad\/","title":{"rendered":"Die &quot;ewige Stadt&quot; und ihre Menschen \u2013 RT-Reportage aus Stalingrad"},"content":{"rendered":"<div class=\"Text-root Text-type_1 \">\n                Nirgendwo ist die Macht der Erinnerung so stark wie in Wolgograd. Heilig ist die Ehrung der Helden, welche die Stadt, damals Stalingrad, vor genau 80 Jahren von erbarmungslosen Eroberern befreit haben. Achtmal im Jahr zu patriotischen Feiertagen d\u00fcrfen sich die Wolgograder inzwischen als Stalingrader bezeichnen \u2013 nun ganz offiziell.\n            <\/div>\n<p><\/p>\n<div class=\"Text-root Text-type_5 ArticleView-text ViewText-root \">\n<p>Auf staatliche Verordnung wartet hier in Stalingrad niemand. Die Einwohner der Stadt verpflichten sich selbst, die Erz\u00e4hlungen \u00fcber das kurze Aufbl\u00fchen der Stadt vor dem Krieg, den mutigen Kampf bei der entscheidenden Jahrhundertschlacht, die Zerst\u00f6rung und die darauffolgende Wiedergeburt an die nachkommenden Generationen weiterzugeben.<\/p>\n<p>Sie nehmen ihre Kinder zu historischen Nachstellungen mit, f\u00fchren sie an Erinnerungsorte, erz\u00e4hlen \u00fcber die Kriegsteilnehmer aus der Familie. Alles, damit die Geschichte lebendig bleibt. Und ganz vorne bei diesem Prozess sind die Enthusiasten, die dem Bewahren des historischen Ged\u00e4chtnisses ihr ganzes Leben widmen.<\/p>\n<p><em>RT<\/em>-Korrespondent Wladislaw Sankin sprach mit diesen Menschen. Einer ist Anatoli Artamonow, der noch im Jahr 2006 den milit\u00e4rhistorischen Club &#8220;Infanterist&#8221; zusammen mit seinem j\u00fcngeren Bruder Anton gr\u00fcndete. Seitdem erwecken sie zahlreiche Artefakte des Krieges zum Leben und zeigen sie in ihrem eigenem Museum in Alt-Sarepta sowie bei historischen Nachstellungen dem breiten Publikum. Die wichtigsten Ereignisse der Stalingrader Schlacht und der Alltag des Krieges werden damit hautnah veranschaulicht.<\/p>\n<figure class=\"RTImage-root\">\n<div class=\"RTImage-image RTImage-original\"><picture class=\"Picture-root Picture-original\"><!--[if IE 9]><video style=\"display: none;\"><![endif]--><source media=\"(-webkit-min-device-pixel-ratio: 2) and (min-resolution: 120dpi)\" data-srcset=\" \nhttp:\/\/just-now.news\/de\/wp-content\/uploads\/sites\/3\/2023\/02\/63dff3afb480cc073c6e21ae.JPG 850w,\n                http:\/\/just-now.news\/de\/wp-content\/uploads\/sites\/3\/2023\/02\/63dff3afb480cc073c6e21ae.JPG 1960w,\n            \" ><source data-srcset=\" \nhttp:\/\/just-now.news\/de\/wp-content\/uploads\/sites\/3\/2023\/02\/63dff3afb480cc073c6e21ae.JPG 460w,\n              http:\/\/just-now.news\/de\/wp-content\/uploads\/sites\/3\/2023\/02\/63dff3afb480cc073c6e21ae.JPG 980w,\n            \" ><!--[if IE 9]><\/video><![endif]--><img decoding=\"async\" data- src=\"data:image\/png;base64,iVBORw0KGgoAAAANSUhEUgAAABAAAAAJCAQAAACRI2S5AAAAEElEQVR42mNkIAAYRxWAAQAG9gAKqv6+AwAAAABJRU5ErkJggg==\" class=\"Picture-root Picture-original lazyload\" data-src=\"http:\/\/just-now.news\/de\/wp-content\/uploads\/sites\/3\/2023\/02\/63dff3afb480cc073c6e21ae.JPG\" alt=\"\"><\/source><\/source><\/picture><!-- noscript pattern --><noscript><img decoding=\"async\" src=\"http:\/\/just-now.news\/de\/wp-content\/uploads\/sites\/3\/2023\/02\/63dff3afb480cc073c6e21ae.JPG\" alt=\"\"><\/noscript><\/div><figcaption class=\"RTImage-footer\"><span class=\"RTImage-caption\"><span class=\"RTImage-captionItem\">Eine Fahrt in einem sowjetischen Lastwagen aus den Zeiten des Stalingrader Krieges geh\u00f6rt zum Museumsprogramm. Anatoli Artamonow schl\u00fcpft daf\u00fcr in einen historischen Soldatenmantel.<\/span><\/span><span class=\"RTImage-source\"><span class=\"RTImage-captionItem\">RT<\/span><\/span><\/figcaption><\/figure>\n<p>Eine andere Pers\u00f6nlichkeit von diesem Schlag ist Deja Wrasowa, eine Tochter Stalingrads, die ihr ganzes Leben in der s\u00fcdlichen Siedlung Beketowka verbrachte und stolz darauf ist, dass ihr Stadtteil als einziger von den Deutschen nicht erobert wurde. Seit ihrem Eintritt in die Rente vor mehr als drei\u00dfig Jahren k\u00fcmmert sie sich um die Erforschung der Schlacht auf lokaler Ebene. Auf ihr Ersuchen sind schon etliche Denkm\u00e4ler errichtet worden. Sie wirbt daf\u00fcr, dass Beketowka\u00a0ein Freiluftmuseum werden soll, denn schlie\u00dflich ist\u00a0dies der Ort,\u00a0an dem der gefangengenommene Feldmarschall Paulus vom Oberkommandeur der 64. Armee, General Michail Schumilow, verh\u00f6rt wurde.<\/p>\n<p>Auch mit vielen anderen Einwohnern sprach der Korrespondent, besuchte das mobile Museum &#8220;Zug des Sieges&#8221; und die grandiose Nachstellung der Schlacht um den Flughafen von Stalingrad, die sich Ende Januar 1943 ereignete. Seine Eindr\u00fccke kann er in wenige Worte fassen: So viel Stolz auf die eigene Rolle der Stadt in der Weltgeschichte macht Wolgograd\/Stalingrad wahrlich zu einer &#8220;ewigen Stadt&#8221;.\u00a0<\/p>\n<p><strong>Mehr zum Thema<\/strong> &#8211; <a rel=\"nofollow noopener\" target=\"_blank\" href=\"https:\/\/pressefreiheit.rtde.live\/kurzclips\/video\/161918-deutsche-panzer-in-ukraine-blick\/\">Deutsche Panzer in der Ukraine: Der Blick aus Stalingrad<\/a><\/p>\n<div class=\"EmbedBlock-root EmbedBlock-externalVideo EmbedBlock-vk\">\n<div class=\"VkEmbed\"><iframe class=\"lazyload\" data-src=\"https:\/\/vk.com\/video_ext.php?oid=-134310637&amp;id=456263433&amp;hash=4a843642d4e9cb23\" frameborder=\"0\" width=\"853\" height=\"480\" allowfullscreen><\/iframe><\/div>\n<\/div>\n<\/div>\n<p><br \/>\n<br \/><a href=\"https:\/\/de.rt.com\/russland\/162024-ewige-stadt-und-ihre-menschen\/\">Source link <\/a><\/p>\n","protected":false},"excerpt":{"rendered":"<p>Nirgendwo ist die Macht der Erinnerung so stark wie in Wolgograd. Heilig ist die Ehrung der Helden, welche die Stadt, damals Stalingrad, vor genau 80 Jahren von erbarmungslosen Eroberern befreit haben. Achtmal im Jahr zu patriotischen Feiertagen d\u00fcrfen sich die Wolgograder inzwischen als Stalingrader bezeichnen \u2013 nun ganz offiziell. Auf staatliche Verordnung wartet hier in [&hellip;]<\/p>\n","protected":false},"author":3,"featured_media":29561,"comment_status":"open","ping_status":"open","sticky":false,"template":"","format":"standard","meta":{"_yoast_indexnow_last_ping":["1675632788"],"wp_automatic_camp":["217"],"1eb89e0f7c0e380c5e9755ab50c6e1b8":["Die &quot;ewige Stadt&quot; und ihre Menschen \u2013 RT-Reportage aus Stalingrad"],"original_link":["https:\/\/de.rt.com\/russland\/162024-ewige-stadt-und-ihre-menschen\/"],"_thumbnail_id":["29561"],"_wptgpro_p2tg_sent2tg":["a:1:{i:23737;s:19:\"2023-02-05 23:34:11\";}"],"jnews_social_counter_last_update":["1777174524"]},"categories":[19,23],"tags":[679,45,1908,1378,40259,40261,40260,39075,140],"yoast_head":"<!-- This site is optimized with the Yoast SEO Premium plugin v22.7 (Yoast SEO v22.7) - https:\/\/yoast.com\/wordpress\/plugins\/seo\/ -->\n<title>Die &quot;ewige Stadt&quot; und ihre Menschen \u2013 RT-Reportage aus Stalingrad - just-now.NEWS Deutschland<\/title>\n<meta name=\"robots\" content=\"index, follow, max-snippet:-1, max-image-preview:large, max-video-preview:-1\" \/>\n<link rel=\"canonical\" href=\"https:\/\/now-news.de\/de\/deutschland\/die-ewige-stadt-und-ihre-menschen-rt-reportage-aus-stalingrad\/\" \/>\n<meta property=\"og:locale\" content=\"de_DE\" \/>\n<meta property=\"og:type\" content=\"article\" \/>\n<meta property=\"og:title\" content=\"Die &quot;ewige Stadt&quot; und ihre Menschen \u2013 RT-Reportage aus Stalingrad\" \/>\n<meta property=\"og:description\" content=\"Nirgendwo ist die Macht der Erinnerung so stark wie in Wolgograd. Heilig ist die Ehrung der Helden, welche die Stadt, damals Stalingrad, vor genau 80 Jahren von erbarmungslosen Eroberern befreit haben. Achtmal im Jahr zu patriotischen Feiertagen d\u00fcrfen sich die Wolgograder inzwischen als Stalingrader bezeichnen \u2013 nun ganz offiziell. Auf staatliche Verordnung wartet hier in [&hellip;]\" \/>\n<meta property=\"og:url\" content=\"https:\/\/now-news.de\/de\/deutschland\/die-ewige-stadt-und-ihre-menschen-rt-reportage-aus-stalingrad\/\" \/>\n<meta property=\"og:site_name\" content=\"just-now.NEWS Deutschland\" \/>\n<meta property=\"article:publisher\" content=\"https:\/\/www.facebook.com\/wirmachenauf\" \/>\n<meta property=\"article:published_time\" content=\"2023-02-05T21:17:40+00:00\" \/>\n<meta property=\"og:image\" content=\"https:\/\/now-news.de\/de\/wp-content\/uploads\/sites\/3\/2023\/02\/Die-quotewige-Stadtquot-und-ihre-Menschen-\u2013-RT-Reportage-aus-Stalingrad.JPG\" \/>\n\t<meta property=\"og:image:width\" content=\"1620\" \/>\n\t<meta property=\"og:image:height\" content=\"1080\" \/>\n\t<meta property=\"og:image:type\" content=\"image\/jpeg\" \/>\n<meta name=\"author\" content=\"rtnews\" \/>\n<meta name=\"twitter:card\" content=\"summary_large_image\" \/>\n<meta name=\"twitter:creator\" content=\"@WirMachenAuf_de\" \/>\n<meta name=\"twitter:site\" content=\"@WirMachenAuf_de\" \/>\n<meta name=\"twitter:label1\" content=\"Verfasst von\" \/>\n\t<meta name=\"twitter:data1\" content=\"rtnews\" \/>\n\t<meta name=\"twitter:label2\" content=\"Gesch\u00e4tzte Lesezeit\" \/>\n\t<meta name=\"twitter:data2\" content=\"2\u00a0Minuten\" \/>\n<script type=\"application\/ld+json\" class=\"yoast-schema-graph\">{\"@context\":\"https:\/\/schema.org\",\"@graph\":[{\"@type\":\"Article\",\"@id\":\"https:\/\/now-news.de\/de\/deutschland\/die-ewige-stadt-und-ihre-menschen-rt-reportage-aus-stalingrad\/#article\",\"isPartOf\":{\"@id\":\"https:\/\/now-news.de\/de\/deutschland\/die-ewige-stadt-und-ihre-menschen-rt-reportage-aus-stalingrad\/\"},\"author\":{\"name\":\"rtnews\",\"@id\":\"https:\/\/now-news.de\/de\/#\/schema\/person\/fb534a4e865501d8b3285208df34a9b5\"},\"headline\":\"Die &quot;ewige Stadt&quot; und ihre Menschen \u2013 RT-Reportage aus Stalingrad\",\"datePublished\":\"2023-02-05T21:17:40+00:00\",\"dateModified\":\"2023-02-05T21:17:40+00:00\",\"mainEntityOfPage\":{\"@id\":\"https:\/\/now-news.de\/de\/deutschland\/die-ewige-stadt-und-ihre-menschen-rt-reportage-aus-stalingrad\/\"},\"wordCount\":431,\"commentCount\":0,\"publisher\":{\"@id\":\"https:\/\/now-news.de\/de\/#organization\"},\"image\":{\"@id\":\"https:\/\/now-news.de\/de\/deutschland\/die-ewige-stadt-und-ihre-menschen-rt-reportage-aus-stalingrad\/#primaryimage\"},\"thumbnailUrl\":\"https:\/\/now-news.de\/de\/wp-content\/uploads\/sites\/3\/2023\/02\/Die-quotewige-Stadtquot-und-ihre-Menschen-\u2013-RT-Reportage-aus-Stalingrad.JPG\",\"keywords\":[\"aus\",\"die\",\"ihre\",\"Menschen\",\"quotewige\",\"RTReportage\",\"Stadtquot\",\"Stalingrad\",\"und\"],\"articleSection\":[\"Deutschland\",\"Russland\"],\"inLanguage\":\"de\",\"potentialAction\":[{\"@type\":\"CommentAction\",\"name\":\"Comment\",\"target\":[\"https:\/\/now-news.de\/de\/deutschland\/die-ewige-stadt-und-ihre-menschen-rt-reportage-aus-stalingrad\/#respond\"]}]},{\"@type\":\"WebPage\",\"@id\":\"https:\/\/now-news.de\/de\/deutschland\/die-ewige-stadt-und-ihre-menschen-rt-reportage-aus-stalingrad\/\",\"url\":\"https:\/\/now-news.de\/de\/deutschland\/die-ewige-stadt-und-ihre-menschen-rt-reportage-aus-stalingrad\/\",\"name\":\"Die &quot;ewige Stadt&quot; und ihre Menschen \u2013 RT-Reportage aus Stalingrad - just-now.NEWS Deutschland\",\"isPartOf\":{\"@id\":\"https:\/\/now-news.de\/de\/#website\"},\"primaryImageOfPage\":{\"@id\":\"https:\/\/now-news.de\/de\/deutschland\/die-ewige-stadt-und-ihre-menschen-rt-reportage-aus-stalingrad\/#primaryimage\"},\"image\":{\"@id\":\"https:\/\/now-news.de\/de\/deutschland\/die-ewige-stadt-und-ihre-menschen-rt-reportage-aus-stalingrad\/#primaryimage\"},\"thumbnailUrl\":\"https:\/\/now-news.de\/de\/wp-content\/uploads\/sites\/3\/2023\/02\/Die-quotewige-Stadtquot-und-ihre-Menschen-\u2013-RT-Reportage-aus-Stalingrad.JPG\",\"datePublished\":\"2023-02-05T21:17:40+00:00\",\"dateModified\":\"2023-02-05T21:17:40+00:00\",\"breadcrumb\":{\"@id\":\"https:\/\/now-news.de\/de\/deutschland\/die-ewige-stadt-und-ihre-menschen-rt-reportage-aus-stalingrad\/#breadcrumb\"},\"inLanguage\":\"de\",\"potentialAction\":[{\"@type\":\"ReadAction\",\"target\":[\"https:\/\/now-news.de\/de\/deutschland\/die-ewige-stadt-und-ihre-menschen-rt-reportage-aus-stalingrad\/\"]}]},{\"@type\":\"ImageObject\",\"inLanguage\":\"de\",\"@id\":\"https:\/\/now-news.de\/de\/deutschland\/die-ewige-stadt-und-ihre-menschen-rt-reportage-aus-stalingrad\/#primaryimage\",\"url\":\"https:\/\/now-news.de\/de\/wp-content\/uploads\/sites\/3\/2023\/02\/Die-quotewige-Stadtquot-und-ihre-Menschen-\u2013-RT-Reportage-aus-Stalingrad.JPG\",\"contentUrl\":\"https:\/\/now-news.de\/de\/wp-content\/uploads\/sites\/3\/2023\/02\/Die-quotewige-Stadtquot-und-ihre-Menschen-\u2013-RT-Reportage-aus-Stalingrad.JPG\",\"width\":1620,\"height\":1080,\"caption\":\"Die &quot;ewige Stadt&quot; und ihre Menschen \u2013 RT-Reportage aus Stalingrad\"},{\"@type\":\"BreadcrumbList\",\"@id\":\"https:\/\/now-news.de\/de\/deutschland\/die-ewige-stadt-und-ihre-menschen-rt-reportage-aus-stalingrad\/#breadcrumb\",\"itemListElement\":[{\"@type\":\"ListItem\",\"position\":1,\"name\":\"Home\",\"item\":\"https:\/\/now-news.de\/de\/\"},{\"@type\":\"ListItem\",\"position\":2,\"name\":\"Die &quot;ewige Stadt&quot; und ihre Menschen \u2013 RT-Reportage aus Stalingrad\"}]},{\"@type\":\"WebSite\",\"@id\":\"https:\/\/now-news.de\/de\/#website\",\"url\":\"https:\/\/now-news.de\/de\/\",\"name\":\"just-now.NEWS Deutschland\",\"description\":\"Das Portal f\u00fcr unzensierte Nachrichten aus der Welt\",\"publisher\":{\"@id\":\"https:\/\/now-news.de\/de\/#organization\"},\"potentialAction\":[{\"@type\":\"SearchAction\",\"target\":{\"@type\":\"EntryPoint\",\"urlTemplate\":\"https:\/\/now-news.de\/de\/?s={search_term_string}\"},\"query-input\":\"required name=search_term_string\"}],\"inLanguage\":\"de\"},{\"@type\":\"Organization\",\"@id\":\"https:\/\/now-news.de\/de\/#organization\",\"name\":\"Just Now News\",\"url\":\"https:\/\/now-news.de\/de\/\",\"logo\":{\"@type\":\"ImageObject\",\"inLanguage\":\"de\",\"@id\":\"https:\/\/now-news.de\/de\/#\/schema\/logo\/image\/\",\"url\":\"http:\/\/just-now.news\/de\/wp-content\/uploads\/sites\/3\/2022\/04\/logo500x500.jpg\",\"contentUrl\":\"http:\/\/just-now.news\/de\/wp-content\/uploads\/sites\/3\/2022\/04\/logo500x500.jpg\",\"width\":500,\"height\":500,\"caption\":\"Just Now News\"},\"image\":{\"@id\":\"https:\/\/now-news.de\/de\/#\/schema\/logo\/image\/\"},\"sameAs\":[\"https:\/\/www.facebook.com\/wirmachenauf\",\"https:\/\/x.com\/WirMachenAuf_de\"]},{\"@type\":\"Person\",\"@id\":\"https:\/\/now-news.de\/de\/#\/schema\/person\/fb534a4e865501d8b3285208df34a9b5\",\"name\":\"rtnews\",\"image\":{\"@type\":\"ImageObject\",\"inLanguage\":\"de\",\"@id\":\"https:\/\/now-news.de\/de\/#\/schema\/person\/image\/\",\"url\":\"https:\/\/secure.gravatar.com\/avatar\/82aafea7d8127119dd649515f56e2117?s=96&d=mm&r=g\",\"contentUrl\":\"https:\/\/secure.gravatar.com\/avatar\/82aafea7d8127119dd649515f56e2117?s=96&d=mm&r=g\",\"caption\":\"rtnews\"},\"url\":\"https:\/\/now-news.de\/de\/author\/rnews\/\"}]}<\/script>\n<!-- \/ Yoast SEO Premium plugin. -->","yoast_head_json":{"title":"Die &quot;ewige Stadt&quot; und ihre Menschen \u2013 RT-Reportage aus Stalingrad - just-now.NEWS Deutschland","robots":{"index":"index","follow":"follow","max-snippet":"max-snippet:-1","max-image-preview":"max-image-preview:large","max-video-preview":"max-video-preview:-1"},"canonical":"https:\/\/now-news.de\/de\/deutschland\/die-ewige-stadt-und-ihre-menschen-rt-reportage-aus-stalingrad\/","og_locale":"de_DE","og_type":"article","og_title":"Die &quot;ewige Stadt&quot; und ihre Menschen \u2013 RT-Reportage aus Stalingrad","og_description":"Nirgendwo ist die Macht der Erinnerung so stark wie in Wolgograd. Heilig ist die Ehrung der Helden, welche die Stadt, damals Stalingrad, vor genau 80 Jahren von erbarmungslosen Eroberern befreit haben. Achtmal im Jahr zu patriotischen Feiertagen d\u00fcrfen sich die Wolgograder inzwischen als Stalingrader bezeichnen \u2013 nun ganz offiziell. Auf staatliche Verordnung wartet hier in [&hellip;]","og_url":"https:\/\/now-news.de\/de\/deutschland\/die-ewige-stadt-und-ihre-menschen-rt-reportage-aus-stalingrad\/","og_site_name":"just-now.NEWS Deutschland","article_publisher":"https:\/\/www.facebook.com\/wirmachenauf","article_published_time":"2023-02-05T21:17:40+00:00","og_image":[{"width":1620,"height":1080,"url":"https:\/\/now-news.de\/de\/wp-content\/uploads\/sites\/3\/2023\/02\/Die-quotewige-Stadtquot-und-ihre-Menschen-\u2013-RT-Reportage-aus-Stalingrad.JPG","type":"image\/jpeg"}],"author":"rtnews","twitter_card":"summary_large_image","twitter_creator":"@WirMachenAuf_de","twitter_site":"@WirMachenAuf_de","twitter_misc":{"Verfasst von":"rtnews","Gesch\u00e4tzte Lesezeit":"2\u00a0Minuten"},"schema":{"@context":"https:\/\/schema.org","@graph":[{"@type":"Article","@id":"https:\/\/now-news.de\/de\/deutschland\/die-ewige-stadt-und-ihre-menschen-rt-reportage-aus-stalingrad\/#article","isPartOf":{"@id":"https:\/\/now-news.de\/de\/deutschland\/die-ewige-stadt-und-ihre-menschen-rt-reportage-aus-stalingrad\/"},"author":{"name":"rtnews","@id":"https:\/\/now-news.de\/de\/#\/schema\/person\/fb534a4e865501d8b3285208df34a9b5"},"headline":"Die &quot;ewige Stadt&quot; und ihre Menschen \u2013 RT-Reportage aus Stalingrad","datePublished":"2023-02-05T21:17:40+00:00","dateModified":"2023-02-05T21:17:40+00:00","mainEntityOfPage":{"@id":"https:\/\/now-news.de\/de\/deutschland\/die-ewige-stadt-und-ihre-menschen-rt-reportage-aus-stalingrad\/"},"wordCount":431,"commentCount":0,"publisher":{"@id":"https:\/\/now-news.de\/de\/#organization"},"image":{"@id":"https:\/\/now-news.de\/de\/deutschland\/die-ewige-stadt-und-ihre-menschen-rt-reportage-aus-stalingrad\/#primaryimage"},"thumbnailUrl":"https:\/\/now-news.de\/de\/wp-content\/uploads\/sites\/3\/2023\/02\/Die-quotewige-Stadtquot-und-ihre-Menschen-\u2013-RT-Reportage-aus-Stalingrad.JPG","keywords":["aus","die","ihre","Menschen","quotewige","RTReportage","Stadtquot","Stalingrad","und"],"articleSection":["Deutschland","Russland"],"inLanguage":"de","potentialAction":[{"@type":"CommentAction","name":"Comment","target":["https:\/\/now-news.de\/de\/deutschland\/die-ewige-stadt-und-ihre-menschen-rt-reportage-aus-stalingrad\/#respond"]}]},{"@type":"WebPage","@id":"https:\/\/now-news.de\/de\/deutschland\/die-ewige-stadt-und-ihre-menschen-rt-reportage-aus-stalingrad\/","url":"https:\/\/now-news.de\/de\/deutschland\/die-ewige-stadt-und-ihre-menschen-rt-reportage-aus-stalingrad\/","name":"Die &quot;ewige Stadt&quot; und ihre Menschen \u2013 RT-Reportage aus Stalingrad - just-now.NEWS Deutschland","isPartOf":{"@id":"https:\/\/now-news.de\/de\/#website"},"primaryImageOfPage":{"@id":"https:\/\/now-news.de\/de\/deutschland\/die-ewige-stadt-und-ihre-menschen-rt-reportage-aus-stalingrad\/#primaryimage"},"image":{"@id":"https:\/\/now-news.de\/de\/deutschland\/die-ewige-stadt-und-ihre-menschen-rt-reportage-aus-stalingrad\/#primaryimage"},"thumbnailUrl":"https:\/\/now-news.de\/de\/wp-content\/uploads\/sites\/3\/2023\/02\/Die-quotewige-Stadtquot-und-ihre-Menschen-\u2013-RT-Reportage-aus-Stalingrad.JPG","datePublished":"2023-02-05T21:17:40+00:00","dateModified":"2023-02-05T21:17:40+00:00","breadcrumb":{"@id":"https:\/\/now-news.de\/de\/deutschland\/die-ewige-stadt-und-ihre-menschen-rt-reportage-aus-stalingrad\/#breadcrumb"},"inLanguage":"de","potentialAction":[{"@type":"ReadAction","target":["https:\/\/now-news.de\/de\/deutschland\/die-ewige-stadt-und-ihre-menschen-rt-reportage-aus-stalingrad\/"]}]},{"@type":"ImageObject","inLanguage":"de","@id":"https:\/\/now-news.de\/de\/deutschland\/die-ewige-stadt-und-ihre-menschen-rt-reportage-aus-stalingrad\/#primaryimage","url":"https:\/\/now-news.de\/de\/wp-content\/uploads\/sites\/3\/2023\/02\/Die-quotewige-Stadtquot-und-ihre-Menschen-\u2013-RT-Reportage-aus-Stalingrad.JPG","contentUrl":"https:\/\/now-news.de\/de\/wp-content\/uploads\/sites\/3\/2023\/02\/Die-quotewige-Stadtquot-und-ihre-Menschen-\u2013-RT-Reportage-aus-Stalingrad.JPG","width":1620,"height":1080,"caption":"Die &quot;ewige Stadt&quot; und ihre Menschen \u2013 RT-Reportage aus Stalingrad"},{"@type":"BreadcrumbList","@id":"https:\/\/now-news.de\/de\/deutschland\/die-ewige-stadt-und-ihre-menschen-rt-reportage-aus-stalingrad\/#breadcrumb","itemListElement":[{"@type":"ListItem","position":1,"name":"Home","item":"https:\/\/now-news.de\/de\/"},{"@type":"ListItem","position":2,"name":"Die &quot;ewige Stadt&quot; und ihre Menschen \u2013 RT-Reportage aus Stalingrad"}]},{"@type":"WebSite","@id":"https:\/\/now-news.de\/de\/#website","url":"https:\/\/now-news.de\/de\/","name":"just-now.NEWS Deutschland","description":"Das Portal f\u00fcr unzensierte Nachrichten aus der Welt","publisher":{"@id":"https:\/\/now-news.de\/de\/#organization"},"potentialAction":[{"@type":"SearchAction","target":{"@type":"EntryPoint","urlTemplate":"https:\/\/now-news.de\/de\/?s={search_term_string}"},"query-input":"required name=search_term_string"}],"inLanguage":"de"},{"@type":"Organization","@id":"https:\/\/now-news.de\/de\/#organization","name":"Just Now News","url":"https:\/\/now-news.de\/de\/","logo":{"@type":"ImageObject","inLanguage":"de","@id":"https:\/\/now-news.de\/de\/#\/schema\/logo\/image\/","url":"http:\/\/just-now.news\/de\/wp-content\/uploads\/sites\/3\/2022\/04\/logo500x500.jpg","contentUrl":"http:\/\/just-now.news\/de\/wp-content\/uploads\/sites\/3\/2022\/04\/logo500x500.jpg","width":500,"height":500,"caption":"Just Now News"},"image":{"@id":"https:\/\/now-news.de\/de\/#\/schema\/logo\/image\/"},"sameAs":["https:\/\/www.facebook.com\/wirmachenauf","https:\/\/x.com\/WirMachenAuf_de"]},{"@type":"Person","@id":"https:\/\/now-news.de\/de\/#\/schema\/person\/fb534a4e865501d8b3285208df34a9b5","name":"rtnews","image":{"@type":"ImageObject","inLanguage":"de","@id":"https:\/\/now-news.de\/de\/#\/schema\/person\/image\/","url":"https:\/\/secure.gravatar.com\/avatar\/82aafea7d8127119dd649515f56e2117?s=96&d=mm&r=g","contentUrl":"https:\/\/secure.gravatar.com\/avatar\/82aafea7d8127119dd649515f56e2117?s=96&d=mm&r=g","caption":"rtnews"},"url":"https:\/\/now-news.de\/de\/author\/rnews\/"}]}},"_links":{"self":[{"href":"https:\/\/now-news.de\/de\/wp-json\/wp\/v2\/posts\/29560"}],"collection":[{"href":"https:\/\/now-news.de\/de\/wp-json\/wp\/v2\/posts"}],"about":[{"href":"https:\/\/now-news.de\/de\/wp-json\/wp\/v2\/types\/post"}],"author":[{"embeddable":true,"href":"https:\/\/now-news.de\/de\/wp-json\/wp\/v2\/users\/3"}],"replies":[{"embeddable":true,"href":"https:\/\/now-news.de\/de\/wp-json\/wp\/v2\/comments?post=29560"}],"version-history":[{"count":0,"href":"https:\/\/now-news.de\/de\/wp-json\/wp\/v2\/posts\/29560\/revisions"}],"wp:featuredmedia":[{"embeddable":true,"href":"https:\/\/now-news.de\/de\/wp-json\/wp\/v2\/media\/29561"}],"wp:attachment":[{"href":"https:\/\/now-news.de\/de\/wp-json\/wp\/v2\/media?parent=29560"}],"wp:term":[{"taxonomy":"category","embeddable":true,"href":"https:\/\/now-news.de\/de\/wp-json\/wp\/v2\/categories?post=29560"},{"taxonomy":"post_tag","embeddable":true,"href":"https:\/\/now-news.de\/de\/wp-json\/wp\/v2\/tags?post=29560"}],"curies":[{"name":"wp","href":"https:\/\/api.w.org\/{rel}","templated":true}]}}