{"id":29551,"date":"2023-02-05T20:38:59","date_gmt":"2023-02-05T18:38:59","guid":{"rendered":"http:\/\/just-now.news\/de\/deutschland\/proteste-in-israel-halten-an-oppositionsfuehrer-warnt-vor-regimewechsel-durch-netanjahu-regierung\/"},"modified":"2023-02-05T20:38:59","modified_gmt":"2023-02-05T18:38:59","slug":"proteste-in-israel-halten-an-oppositionsfuehrer-warnt-vor-regimewechsel-durch-netanjahu-regierung","status":"publish","type":"post","link":"https:\/\/now-news.de\/de\/deutschland\/proteste-in-israel-halten-an-oppositionsfuehrer-warnt-vor-regimewechsel-durch-netanjahu-regierung\/","title":{"rendered":"Proteste in Israel halten an: Oppositionsf\u00fchrer warnt vor &quot;Regimewechsel&quot; durch Netanjahu-Regierung"},"content":{"rendered":"<p><img decoding=\"async\" src=\"http:\/\/just-now.news\/de\/wp-content\/uploads\/sites\/3\/2023\/02\/63df8e2548fbef3b612ff00e.jpg\" \/><\/p>\n<div class=\"Text-root Text-type_1 \">\n                In Tel Aviv sind am Samstag erneut tausende Menschen gegen die Regierung von Ministerpr\u00e4sident Benjamin Netanjahu und dessen Pl\u00e4ne zum Umbau der Justiz auf die Stra\u00dfe gegangen.\n            <\/div>\n<p><\/p>\n<div class=\"Text-root Text-type_5 ArticleView-text ViewText-root \">\n<p>In Israel sind den f\u00fcnften\u00a0Samstagabend\u00a0in Folge\u00a0Menschen auf die Stra\u00dfe gegangen, um gegen\u00a0den von der rechtsgerichteten Regierung von Ministerpr\u00e4sident Benjamin Netanjahu geplanten Umbau des Justizsystems zu protestieren. Berichten zufolge\u00a0versammelten sich rund 40.000 Demonstranten im Zentrum der K\u00fcstenstadt Tel Aviv. Viele schwenkten israelische Flaggen und skandierten &#8220;Freiheit, Gleichheit, Regierungsqualit\u00e4t&#8221;. Auch in Haifa gingen nach Medienberichten rund 10.000 Menschen auf die Stra\u00dfe.<\/p>\n<p>Nach den Pl\u00e4nen von Justizminister Jariv Levin soll eine Mehrheit im Parlament ein Gesetz auch dann verabschieden k\u00f6nnen, wenn es nach Ansicht des H\u00f6chsten Gerichts gegen das Grundgesetz des Landes verst\u00f6\u00dft. Levin will au\u00dferdem die Zusammensetzung des Gremiums zur Ernennung von Richtern \u00e4ndern.<\/p>\n<p>Im Vorfeld der j\u00fcngsten Massenproteste gegen die Pl\u00e4ne der Regierung f\u00fcr weitreichende \u00c4nderungen im Justizwesen erkl\u00e4rte Oppositionsf\u00fchrer Jair Lapid am Freitag, er werde nicht mit der Koalition verhandeln, da die Regierung keine Reform, sondern einen &#8220;Regimewechsel&#8221; anstrebe. Der Parteivorsitzende von Jesch Atid wiederholte seine Forderung an Staatspr\u00e4sident Jitzchak Herzog, eine unabh\u00e4ngige Kommission zu bilden, die einen Rahmen f\u00fcr die Justizreform vorschlagen soll, da dies ein vertrauensw\u00fcrdigeres Format sei.<\/p>\n<p>In einem Gespr\u00e4ch mit <em>Channel 12<\/em> sagte Lapid, wenn die derzeit vorgeschlagene \u00dcberarbeitung verabschiedet werde, &#8220;werden wir keine Demokratie mehr sein&#8221;. Er bezeichnete die Regierung von Ministerpr\u00e4sident Netanjahu als &#8220;eine Gruppe von Kriminellen, die hier Gesetze verabschieden, um sich selbst vor [juristischem] \u00c4rger zu retten&#8221;. Gegen Netanjahu selbst l\u00e4uft derzeit ein Prozess wegen mutma\u00dflicher Korruption. Die\u00a0Lage zwischen der Regierung und der Justiz\u00a0war zudem vor Kurzem eskaliert, nachdem der Oberste\u00a0Gerichtshof Netanjahu gezwungen hatte, den Innen- und Gesundheitsminister,\u00a0Arje Deri, wegen dessen Vorstrafen\u00a0zu entlassen.<\/p>\n<p><strong>Mehr zum Thema<\/strong> &#8211;\u00a0<a rel=\"nofollow noopener\" target=\"_blank\" href=\"https:\/\/de.rt.com\/der-nahe-osten\/160808-staatskrise-in-israel-und-hamas\/\">Staatskrise in Israel und Hamas-Strategie: Westjordanland bildet neuen Brennpunkt der Konflikte<\/a><\/p>\n<\/div>\n<p><br \/>\n<br \/><a href=\"https:\/\/de.rt.com\/der-nahe-osten\/161994-proteste-in-israel-halten-an\/\">Source link <\/a><\/p>\n","protected":false},"excerpt":{"rendered":"<p>In Tel Aviv sind am Samstag erneut tausende Menschen gegen die Regierung von Ministerpr\u00e4sident Benjamin Netanjahu und dessen Pl\u00e4ne zum Umbau der Justiz auf die Stra\u00dfe gegangen. In Israel sind den f\u00fcnften\u00a0Samstagabend\u00a0in Folge\u00a0Menschen auf die Stra\u00dfe gegangen, um gegen\u00a0den von der rechtsgerichteten Regierung von Ministerpr\u00e4sident Benjamin Netanjahu geplanten Umbau des Justizsystems zu protestieren. Berichten zufolge\u00a0versammelten [&hellip;]<\/p>\n","protected":false},"author":3,"featured_media":29552,"comment_status":"open","ping_status":"open","sticky":false,"template":"","format":"standard","meta":{"_yoast_indexnow_last_ping":["1675623234"],"wp_automatic_camp":["217"],"ddbe5d1aea5bd7d646e8374d0e1c05a5":["Proteste in Israel halten an: Oppositionsf\u00fchrer warnt vor &quot;Regimewechsel&quot; durch Netanjahu-Regierung"],"original_link":["https:\/\/de.rt.com\/der-nahe-osten\/161994-proteste-in-israel-halten-an\/"],"_thumbnail_id":["29552"],"_wptgpro_p2tg_sent2tg":["a:1:{i:23737;s:19:\"2023-02-05 20:54:54\";}"],"jnews_social_counter_last_update":["1777600387"]},"categories":[19,23],"tags":[1024,6247,432,37330,673,3824,40255,320,912],"yoast_head":"<!-- This site is optimized with the Yoast SEO Premium plugin v22.7 (Yoast SEO v22.7) - https:\/\/yoast.com\/wordpress\/plugins\/seo\/ -->\n<title>Proteste in Israel halten an: Oppositionsf\u00fchrer warnt vor &quot;Regimewechsel&quot; durch Netanjahu-Regierung - just-now.NEWS Deutschland<\/title>\n<meta name=\"robots\" content=\"index, follow, max-snippet:-1, max-image-preview:large, max-video-preview:-1\" \/>\n<link rel=\"canonical\" href=\"https:\/\/now-news.de\/de\/deutschland\/proteste-in-israel-halten-an-oppositionsfuehrer-warnt-vor-regimewechsel-durch-netanjahu-regierung\/\" \/>\n<meta property=\"og:locale\" content=\"de_DE\" \/>\n<meta property=\"og:type\" content=\"article\" \/>\n<meta property=\"og:title\" content=\"Proteste in Israel halten an: Oppositionsf\u00fchrer warnt vor &quot;Regimewechsel&quot; durch Netanjahu-Regierung\" \/>\n<meta property=\"og:description\" content=\"In Tel Aviv sind am Samstag erneut tausende Menschen gegen die Regierung von Ministerpr\u00e4sident Benjamin Netanjahu und dessen Pl\u00e4ne zum Umbau der Justiz auf die Stra\u00dfe gegangen. In Israel sind den f\u00fcnften\u00a0Samstagabend\u00a0in Folge\u00a0Menschen auf die Stra\u00dfe gegangen, um gegen\u00a0den von der rechtsgerichteten Regierung von Ministerpr\u00e4sident Benjamin Netanjahu geplanten Umbau des Justizsystems zu protestieren. Berichten zufolge\u00a0versammelten [&hellip;]\" \/>\n<meta property=\"og:url\" content=\"https:\/\/now-news.de\/de\/deutschland\/proteste-in-israel-halten-an-oppositionsfuehrer-warnt-vor-regimewechsel-durch-netanjahu-regierung\/\" \/>\n<meta property=\"og:site_name\" content=\"just-now.NEWS Deutschland\" \/>\n<meta property=\"article:publisher\" content=\"https:\/\/www.facebook.com\/wirmachenauf\" \/>\n<meta property=\"article:published_time\" content=\"2023-02-05T18:38:59+00:00\" \/>\n<meta property=\"og:image\" content=\"https:\/\/now-news.de\/de\/wp-content\/uploads\/sites\/3\/2023\/02\/Proteste-in-Israel-halten-an-Oppositionsfuehrer-warnt-vor-quotRegimewechselquot-durch.jpg\" \/>\n\t<meta property=\"og:image:width\" content=\"460\" \/>\n\t<meta property=\"og:image:height\" content=\"259\" \/>\n\t<meta property=\"og:image:type\" content=\"image\/jpeg\" \/>\n<meta name=\"author\" content=\"rtnews\" \/>\n<meta name=\"twitter:card\" content=\"summary_large_image\" \/>\n<meta name=\"twitter:creator\" content=\"@WirMachenAuf_de\" \/>\n<meta name=\"twitter:site\" content=\"@WirMachenAuf_de\" \/>\n<meta name=\"twitter:label1\" content=\"Verfasst von\" \/>\n\t<meta name=\"twitter:data1\" content=\"rtnews\" \/>\n\t<meta name=\"twitter:label2\" content=\"Gesch\u00e4tzte Lesezeit\" \/>\n\t<meta name=\"twitter:data2\" content=\"2\u00a0Minuten\" \/>\n<script type=\"application\/ld+json\" class=\"yoast-schema-graph\">{\"@context\":\"https:\/\/schema.org\",\"@graph\":[{\"@type\":\"Article\",\"@id\":\"https:\/\/now-news.de\/de\/deutschland\/proteste-in-israel-halten-an-oppositionsfuehrer-warnt-vor-regimewechsel-durch-netanjahu-regierung\/#article\",\"isPartOf\":{\"@id\":\"https:\/\/now-news.de\/de\/deutschland\/proteste-in-israel-halten-an-oppositionsfuehrer-warnt-vor-regimewechsel-durch-netanjahu-regierung\/\"},\"author\":{\"name\":\"rtnews\",\"@id\":\"https:\/\/now-news.de\/de\/#\/schema\/person\/fb534a4e865501d8b3285208df34a9b5\"},\"headline\":\"Proteste in Israel halten an: Oppositionsf\u00fchrer warnt vor &quot;Regimewechsel&quot; durch Netanjahu-Regierung\",\"datePublished\":\"2023-02-05T18:38:59+00:00\",\"dateModified\":\"2023-02-05T18:38:59+00:00\",\"mainEntityOfPage\":{\"@id\":\"https:\/\/now-news.de\/de\/deutschland\/proteste-in-israel-halten-an-oppositionsfuehrer-warnt-vor-regimewechsel-durch-netanjahu-regierung\/\"},\"wordCount\":344,\"commentCount\":0,\"publisher\":{\"@id\":\"https:\/\/now-news.de\/de\/#organization\"},\"image\":{\"@id\":\"https:\/\/now-news.de\/de\/deutschland\/proteste-in-israel-halten-an-oppositionsfuehrer-warnt-vor-regimewechsel-durch-netanjahu-regierung\/#primaryimage\"},\"thumbnailUrl\":\"https:\/\/now-news.de\/de\/wp-content\/uploads\/sites\/3\/2023\/02\/Proteste-in-Israel-halten-an-Oppositionsfuehrer-warnt-vor-quotRegimewechselquot-durch.jpg\",\"keywords\":[\"durch\",\"halten\",\"Israel\",\"NetanjahuRegierung\",\"Oppositionsf\u00fchrer\",\"Proteste\",\"quotRegimewechselquot\",\"vor\",\"warnt\"],\"articleSection\":[\"Deutschland\",\"Russland\"],\"inLanguage\":\"de\",\"potentialAction\":[{\"@type\":\"CommentAction\",\"name\":\"Comment\",\"target\":[\"https:\/\/now-news.de\/de\/deutschland\/proteste-in-israel-halten-an-oppositionsfuehrer-warnt-vor-regimewechsel-durch-netanjahu-regierung\/#respond\"]}]},{\"@type\":\"WebPage\",\"@id\":\"https:\/\/now-news.de\/de\/deutschland\/proteste-in-israel-halten-an-oppositionsfuehrer-warnt-vor-regimewechsel-durch-netanjahu-regierung\/\",\"url\":\"https:\/\/now-news.de\/de\/deutschland\/proteste-in-israel-halten-an-oppositionsfuehrer-warnt-vor-regimewechsel-durch-netanjahu-regierung\/\",\"name\":\"Proteste in Israel halten an: Oppositionsf\u00fchrer warnt vor &quot;Regimewechsel&quot; durch Netanjahu-Regierung - just-now.NEWS Deutschland\",\"isPartOf\":{\"@id\":\"https:\/\/now-news.de\/de\/#website\"},\"primaryImageOfPage\":{\"@id\":\"https:\/\/now-news.de\/de\/deutschland\/proteste-in-israel-halten-an-oppositionsfuehrer-warnt-vor-regimewechsel-durch-netanjahu-regierung\/#primaryimage\"},\"image\":{\"@id\":\"https:\/\/now-news.de\/de\/deutschland\/proteste-in-israel-halten-an-oppositionsfuehrer-warnt-vor-regimewechsel-durch-netanjahu-regierung\/#primaryimage\"},\"thumbnailUrl\":\"https:\/\/now-news.de\/de\/wp-content\/uploads\/sites\/3\/2023\/02\/Proteste-in-Israel-halten-an-Oppositionsfuehrer-warnt-vor-quotRegimewechselquot-durch.jpg\",\"datePublished\":\"2023-02-05T18:38:59+00:00\",\"dateModified\":\"2023-02-05T18:38:59+00:00\",\"breadcrumb\":{\"@id\":\"https:\/\/now-news.de\/de\/deutschland\/proteste-in-israel-halten-an-oppositionsfuehrer-warnt-vor-regimewechsel-durch-netanjahu-regierung\/#breadcrumb\"},\"inLanguage\":\"de\",\"potentialAction\":[{\"@type\":\"ReadAction\",\"target\":[\"https:\/\/now-news.de\/de\/deutschland\/proteste-in-israel-halten-an-oppositionsfuehrer-warnt-vor-regimewechsel-durch-netanjahu-regierung\/\"]}]},{\"@type\":\"ImageObject\",\"inLanguage\":\"de\",\"@id\":\"https:\/\/now-news.de\/de\/deutschland\/proteste-in-israel-halten-an-oppositionsfuehrer-warnt-vor-regimewechsel-durch-netanjahu-regierung\/#primaryimage\",\"url\":\"https:\/\/now-news.de\/de\/wp-content\/uploads\/sites\/3\/2023\/02\/Proteste-in-Israel-halten-an-Oppositionsfuehrer-warnt-vor-quotRegimewechselquot-durch.jpg\",\"contentUrl\":\"https:\/\/now-news.de\/de\/wp-content\/uploads\/sites\/3\/2023\/02\/Proteste-in-Israel-halten-an-Oppositionsfuehrer-warnt-vor-quotRegimewechselquot-durch.jpg\",\"width\":460,\"height\":259,\"caption\":\"Proteste in Israel halten an: Oppositionsf\u00fchrer warnt vor &quot;Regimewechsel&quot; durch Netanjahu-Regierung\"},{\"@type\":\"BreadcrumbList\",\"@id\":\"https:\/\/now-news.de\/de\/deutschland\/proteste-in-israel-halten-an-oppositionsfuehrer-warnt-vor-regimewechsel-durch-netanjahu-regierung\/#breadcrumb\",\"itemListElement\":[{\"@type\":\"ListItem\",\"position\":1,\"name\":\"Home\",\"item\":\"https:\/\/now-news.de\/de\/\"},{\"@type\":\"ListItem\",\"position\":2,\"name\":\"Proteste in Israel halten an: Oppositionsf\u00fchrer warnt vor &quot;Regimewechsel&quot; durch Netanjahu-Regierung\"}]},{\"@type\":\"WebSite\",\"@id\":\"https:\/\/now-news.de\/de\/#website\",\"url\":\"https:\/\/now-news.de\/de\/\",\"name\":\"just-now.NEWS Deutschland\",\"description\":\"Das Portal f\u00fcr unzensierte Nachrichten aus der Welt\",\"publisher\":{\"@id\":\"https:\/\/now-news.de\/de\/#organization\"},\"potentialAction\":[{\"@type\":\"SearchAction\",\"target\":{\"@type\":\"EntryPoint\",\"urlTemplate\":\"https:\/\/now-news.de\/de\/?s={search_term_string}\"},\"query-input\":\"required name=search_term_string\"}],\"inLanguage\":\"de\"},{\"@type\":\"Organization\",\"@id\":\"https:\/\/now-news.de\/de\/#organization\",\"name\":\"Just Now News\",\"url\":\"https:\/\/now-news.de\/de\/\",\"logo\":{\"@type\":\"ImageObject\",\"inLanguage\":\"de\",\"@id\":\"https:\/\/now-news.de\/de\/#\/schema\/logo\/image\/\",\"url\":\"http:\/\/just-now.news\/de\/wp-content\/uploads\/sites\/3\/2022\/04\/logo500x500.jpg\",\"contentUrl\":\"http:\/\/just-now.news\/de\/wp-content\/uploads\/sites\/3\/2022\/04\/logo500x500.jpg\",\"width\":500,\"height\":500,\"caption\":\"Just Now News\"},\"image\":{\"@id\":\"https:\/\/now-news.de\/de\/#\/schema\/logo\/image\/\"},\"sameAs\":[\"https:\/\/www.facebook.com\/wirmachenauf\",\"https:\/\/x.com\/WirMachenAuf_de\"]},{\"@type\":\"Person\",\"@id\":\"https:\/\/now-news.de\/de\/#\/schema\/person\/fb534a4e865501d8b3285208df34a9b5\",\"name\":\"rtnews\",\"image\":{\"@type\":\"ImageObject\",\"inLanguage\":\"de\",\"@id\":\"https:\/\/now-news.de\/de\/#\/schema\/person\/image\/\",\"url\":\"https:\/\/secure.gravatar.com\/avatar\/82aafea7d8127119dd649515f56e2117?s=96&d=mm&r=g\",\"contentUrl\":\"https:\/\/secure.gravatar.com\/avatar\/82aafea7d8127119dd649515f56e2117?s=96&d=mm&r=g\",\"caption\":\"rtnews\"},\"url\":\"https:\/\/now-news.de\/de\/author\/rnews\/\"}]}<\/script>\n<!-- \/ Yoast SEO Premium plugin. -->","yoast_head_json":{"title":"Proteste in Israel halten an: Oppositionsf\u00fchrer warnt vor &quot;Regimewechsel&quot; durch Netanjahu-Regierung - just-now.NEWS Deutschland","robots":{"index":"index","follow":"follow","max-snippet":"max-snippet:-1","max-image-preview":"max-image-preview:large","max-video-preview":"max-video-preview:-1"},"canonical":"https:\/\/now-news.de\/de\/deutschland\/proteste-in-israel-halten-an-oppositionsfuehrer-warnt-vor-regimewechsel-durch-netanjahu-regierung\/","og_locale":"de_DE","og_type":"article","og_title":"Proteste in Israel halten an: Oppositionsf\u00fchrer warnt vor &quot;Regimewechsel&quot; durch Netanjahu-Regierung","og_description":"In Tel Aviv sind am Samstag erneut tausende Menschen gegen die Regierung von Ministerpr\u00e4sident Benjamin Netanjahu und dessen Pl\u00e4ne zum Umbau der Justiz auf die Stra\u00dfe gegangen. In Israel sind den f\u00fcnften\u00a0Samstagabend\u00a0in Folge\u00a0Menschen auf die Stra\u00dfe gegangen, um gegen\u00a0den von der rechtsgerichteten Regierung von Ministerpr\u00e4sident Benjamin Netanjahu geplanten Umbau des Justizsystems zu protestieren. Berichten zufolge\u00a0versammelten [&hellip;]","og_url":"https:\/\/now-news.de\/de\/deutschland\/proteste-in-israel-halten-an-oppositionsfuehrer-warnt-vor-regimewechsel-durch-netanjahu-regierung\/","og_site_name":"just-now.NEWS Deutschland","article_publisher":"https:\/\/www.facebook.com\/wirmachenauf","article_published_time":"2023-02-05T18:38:59+00:00","og_image":[{"width":460,"height":259,"url":"https:\/\/now-news.de\/de\/wp-content\/uploads\/sites\/3\/2023\/02\/Proteste-in-Israel-halten-an-Oppositionsfuehrer-warnt-vor-quotRegimewechselquot-durch.jpg","type":"image\/jpeg"}],"author":"rtnews","twitter_card":"summary_large_image","twitter_creator":"@WirMachenAuf_de","twitter_site":"@WirMachenAuf_de","twitter_misc":{"Verfasst von":"rtnews","Gesch\u00e4tzte Lesezeit":"2\u00a0Minuten"},"schema":{"@context":"https:\/\/schema.org","@graph":[{"@type":"Article","@id":"https:\/\/now-news.de\/de\/deutschland\/proteste-in-israel-halten-an-oppositionsfuehrer-warnt-vor-regimewechsel-durch-netanjahu-regierung\/#article","isPartOf":{"@id":"https:\/\/now-news.de\/de\/deutschland\/proteste-in-israel-halten-an-oppositionsfuehrer-warnt-vor-regimewechsel-durch-netanjahu-regierung\/"},"author":{"name":"rtnews","@id":"https:\/\/now-news.de\/de\/#\/schema\/person\/fb534a4e865501d8b3285208df34a9b5"},"headline":"Proteste in Israel halten an: Oppositionsf\u00fchrer warnt vor &quot;Regimewechsel&quot; durch Netanjahu-Regierung","datePublished":"2023-02-05T18:38:59+00:00","dateModified":"2023-02-05T18:38:59+00:00","mainEntityOfPage":{"@id":"https:\/\/now-news.de\/de\/deutschland\/proteste-in-israel-halten-an-oppositionsfuehrer-warnt-vor-regimewechsel-durch-netanjahu-regierung\/"},"wordCount":344,"commentCount":0,"publisher":{"@id":"https:\/\/now-news.de\/de\/#organization"},"image":{"@id":"https:\/\/now-news.de\/de\/deutschland\/proteste-in-israel-halten-an-oppositionsfuehrer-warnt-vor-regimewechsel-durch-netanjahu-regierung\/#primaryimage"},"thumbnailUrl":"https:\/\/now-news.de\/de\/wp-content\/uploads\/sites\/3\/2023\/02\/Proteste-in-Israel-halten-an-Oppositionsfuehrer-warnt-vor-quotRegimewechselquot-durch.jpg","keywords":["durch","halten","Israel","NetanjahuRegierung","Oppositionsf\u00fchrer","Proteste","quotRegimewechselquot","vor","warnt"],"articleSection":["Deutschland","Russland"],"inLanguage":"de","potentialAction":[{"@type":"CommentAction","name":"Comment","target":["https:\/\/now-news.de\/de\/deutschland\/proteste-in-israel-halten-an-oppositionsfuehrer-warnt-vor-regimewechsel-durch-netanjahu-regierung\/#respond"]}]},{"@type":"WebPage","@id":"https:\/\/now-news.de\/de\/deutschland\/proteste-in-israel-halten-an-oppositionsfuehrer-warnt-vor-regimewechsel-durch-netanjahu-regierung\/","url":"https:\/\/now-news.de\/de\/deutschland\/proteste-in-israel-halten-an-oppositionsfuehrer-warnt-vor-regimewechsel-durch-netanjahu-regierung\/","name":"Proteste in Israel halten an: Oppositionsf\u00fchrer warnt vor &quot;Regimewechsel&quot; durch Netanjahu-Regierung - just-now.NEWS Deutschland","isPartOf":{"@id":"https:\/\/now-news.de\/de\/#website"},"primaryImageOfPage":{"@id":"https:\/\/now-news.de\/de\/deutschland\/proteste-in-israel-halten-an-oppositionsfuehrer-warnt-vor-regimewechsel-durch-netanjahu-regierung\/#primaryimage"},"image":{"@id":"https:\/\/now-news.de\/de\/deutschland\/proteste-in-israel-halten-an-oppositionsfuehrer-warnt-vor-regimewechsel-durch-netanjahu-regierung\/#primaryimage"},"thumbnailUrl":"https:\/\/now-news.de\/de\/wp-content\/uploads\/sites\/3\/2023\/02\/Proteste-in-Israel-halten-an-Oppositionsfuehrer-warnt-vor-quotRegimewechselquot-durch.jpg","datePublished":"2023-02-05T18:38:59+00:00","dateModified":"2023-02-05T18:38:59+00:00","breadcrumb":{"@id":"https:\/\/now-news.de\/de\/deutschland\/proteste-in-israel-halten-an-oppositionsfuehrer-warnt-vor-regimewechsel-durch-netanjahu-regierung\/#breadcrumb"},"inLanguage":"de","potentialAction":[{"@type":"ReadAction","target":["https:\/\/now-news.de\/de\/deutschland\/proteste-in-israel-halten-an-oppositionsfuehrer-warnt-vor-regimewechsel-durch-netanjahu-regierung\/"]}]},{"@type":"ImageObject","inLanguage":"de","@id":"https:\/\/now-news.de\/de\/deutschland\/proteste-in-israel-halten-an-oppositionsfuehrer-warnt-vor-regimewechsel-durch-netanjahu-regierung\/#primaryimage","url":"https:\/\/now-news.de\/de\/wp-content\/uploads\/sites\/3\/2023\/02\/Proteste-in-Israel-halten-an-Oppositionsfuehrer-warnt-vor-quotRegimewechselquot-durch.jpg","contentUrl":"https:\/\/now-news.de\/de\/wp-content\/uploads\/sites\/3\/2023\/02\/Proteste-in-Israel-halten-an-Oppositionsfuehrer-warnt-vor-quotRegimewechselquot-durch.jpg","width":460,"height":259,"caption":"Proteste in Israel halten an: Oppositionsf\u00fchrer warnt vor &quot;Regimewechsel&quot; durch Netanjahu-Regierung"},{"@type":"BreadcrumbList","@id":"https:\/\/now-news.de\/de\/deutschland\/proteste-in-israel-halten-an-oppositionsfuehrer-warnt-vor-regimewechsel-durch-netanjahu-regierung\/#breadcrumb","itemListElement":[{"@type":"ListItem","position":1,"name":"Home","item":"https:\/\/now-news.de\/de\/"},{"@type":"ListItem","position":2,"name":"Proteste in Israel halten an: Oppositionsf\u00fchrer warnt vor &quot;Regimewechsel&quot; durch Netanjahu-Regierung"}]},{"@type":"WebSite","@id":"https:\/\/now-news.de\/de\/#website","url":"https:\/\/now-news.de\/de\/","name":"just-now.NEWS Deutschland","description":"Das Portal f\u00fcr unzensierte Nachrichten aus der Welt","publisher":{"@id":"https:\/\/now-news.de\/de\/#organization"},"potentialAction":[{"@type":"SearchAction","target":{"@type":"EntryPoint","urlTemplate":"https:\/\/now-news.de\/de\/?s={search_term_string}"},"query-input":"required name=search_term_string"}],"inLanguage":"de"},{"@type":"Organization","@id":"https:\/\/now-news.de\/de\/#organization","name":"Just Now News","url":"https:\/\/now-news.de\/de\/","logo":{"@type":"ImageObject","inLanguage":"de","@id":"https:\/\/now-news.de\/de\/#\/schema\/logo\/image\/","url":"http:\/\/just-now.news\/de\/wp-content\/uploads\/sites\/3\/2022\/04\/logo500x500.jpg","contentUrl":"http:\/\/just-now.news\/de\/wp-content\/uploads\/sites\/3\/2022\/04\/logo500x500.jpg","width":500,"height":500,"caption":"Just Now News"},"image":{"@id":"https:\/\/now-news.de\/de\/#\/schema\/logo\/image\/"},"sameAs":["https:\/\/www.facebook.com\/wirmachenauf","https:\/\/x.com\/WirMachenAuf_de"]},{"@type":"Person","@id":"https:\/\/now-news.de\/de\/#\/schema\/person\/fb534a4e865501d8b3285208df34a9b5","name":"rtnews","image":{"@type":"ImageObject","inLanguage":"de","@id":"https:\/\/now-news.de\/de\/#\/schema\/person\/image\/","url":"https:\/\/secure.gravatar.com\/avatar\/82aafea7d8127119dd649515f56e2117?s=96&d=mm&r=g","contentUrl":"https:\/\/secure.gravatar.com\/avatar\/82aafea7d8127119dd649515f56e2117?s=96&d=mm&r=g","caption":"rtnews"},"url":"https:\/\/now-news.de\/de\/author\/rnews\/"}]}},"_links":{"self":[{"href":"https:\/\/now-news.de\/de\/wp-json\/wp\/v2\/posts\/29551"}],"collection":[{"href":"https:\/\/now-news.de\/de\/wp-json\/wp\/v2\/posts"}],"about":[{"href":"https:\/\/now-news.de\/de\/wp-json\/wp\/v2\/types\/post"}],"author":[{"embeddable":true,"href":"https:\/\/now-news.de\/de\/wp-json\/wp\/v2\/users\/3"}],"replies":[{"embeddable":true,"href":"https:\/\/now-news.de\/de\/wp-json\/wp\/v2\/comments?post=29551"}],"version-history":[{"count":0,"href":"https:\/\/now-news.de\/de\/wp-json\/wp\/v2\/posts\/29551\/revisions"}],"wp:featuredmedia":[{"embeddable":true,"href":"https:\/\/now-news.de\/de\/wp-json\/wp\/v2\/media\/29552"}],"wp:attachment":[{"href":"https:\/\/now-news.de\/de\/wp-json\/wp\/v2\/media?parent=29551"}],"wp:term":[{"taxonomy":"category","embeddable":true,"href":"https:\/\/now-news.de\/de\/wp-json\/wp\/v2\/categories?post=29551"},{"taxonomy":"post_tag","embeddable":true,"href":"https:\/\/now-news.de\/de\/wp-json\/wp\/v2\/tags?post=29551"}],"curies":[{"name":"wp","href":"https:\/\/api.w.org\/{rel}","templated":true}]}}